{"id":3881,"date":"2025-08-18T00:56:20","date_gmt":"2025-08-17T22:56:20","guid":{"rendered":"https:\/\/velipost.com\/?p=3881"},"modified":"2025-08-18T00:56:29","modified_gmt":"2025-08-17T22:56:29","slug":"les-dirigeants-europeens-se-rendront-a-washington-pour-soutenir-zelenskiy-face-aux-pressions-de-trump","status":"publish","type":"post","link":"https:\/\/velipost.com\/?p=3881","title":{"rendered":"Les dirigeants europ\u00e9ens se rendront \u00e0 Washington pour soutenir Zelenskiy face aux pressions de Trump"},"content":{"rendered":"\n<p>Les dirigeants europ\u00e9ens ont annonc\u00e9 dimanche qu\u2019ils se rendront \u00e0 Washington pour rencontrer le pr\u00e9sident ukrainien Volodymyr Zelenskiy et son homologue am\u00e9ricain Donald Trump. Cette initiative vise \u00e0 renforcer la position du chef d\u2019\u00c9tat ukrainien alors que la Maison-Blanche intensifie ses pressions en faveur d\u2019un r\u00e8glement rapide de la guerre en Europe de l\u2019Est, le conflit le plus meurtrier sur le continent depuis plus de huit d\u00e9cennies.<\/p>\n\n\n\n<p>Selon des sources diplomatiques, Donald Trump pousse Zelenskiy \u00e0 accepter un accord de paix, apr\u00e8s avoir rencontr\u00e9 en Alaska le pr\u00e9sident russe Vladimir Poutine. Le locataire de la Maison-Blanche, per\u00e7u comme davantage align\u00e9 sur Moscou, semble privil\u00e9gier un accord d\u00e9finitif plut\u00f4t qu\u2019un simple cessez-le-feu. La rencontre Trump-Zelenskiy est pr\u00e9vue lundi.<\/p>\n\n\n\n<p>\u00ab Si la paix n\u2019est pas possible et que la guerre continue, des milliers de vies seront encore perdues\u2026 Nous esp\u00e9rons \u00e9viter ce sc\u00e9nario \u00bb, a d\u00e9clar\u00e9 dimanche le secr\u00e9taire d\u2019\u00c9tat Marco Rubio sur CBS, dans l\u2019\u00e9mission&nbsp;<em>Face the Nation<\/em>.<\/p>\n\n\n\n<p>Dans un message publi\u00e9 sur les r\u00e9seaux sociaux, Trump a promis \u00ab de GRANDS PROGR\u00c8S SUR LA RUSSIE \u00bb, sans fournir de d\u00e9tails. Vendredi, il avait d\u00e9j\u00e0 affirm\u00e9 que l\u2019Ukraine devait accepter un compromis, soutenant que \u00ab la Russie est une tr\u00e8s grande puissance, et eux ne le sont pas \u00bb.<\/p>\n\n\n\n<p>D\u2019apr\u00e8s une source proche du dossier, \u00e0 l\u2019issue du sommet d\u2019Alaska, Trump a inform\u00e9 Zelenskiy que le Kremlin avait propos\u00e9 de geler la majorit\u00e9 des lignes de front en \u00e9change de la cession totale de Donetsk par l\u2019Ukraine. Le pr\u00e9sident ukrainien a cat\u00e9goriquement rejet\u00e9 cette offre.<\/p>\n\n    <div class=\"xs_social_share_widget xs_share_url after_content \t\tmain_content  wslu-style-3 wslu-share-box-shaped wslu-fill-brand-hover-colored wslu-share-m-5 wslu-none wslu-share-horizontal wslu-theme-font-no wslu-main_content\">\n\n\t\t\n        <ul>\n\t\t\t                    <li class=\"xs-share-li twitter                        wslu-no-extra-data\">\n                        <a href=\"javascript:void(0);\"\n                           id=\"xs_feed_twitter\"\n                           onclick=\"xs_social_sharer(this);\"\n                           data-pid=\"3881\"\n                           data-uri_hash=\"8bb9fbc05ce96b776ade3e4769b4d4ef\"\n                           data-key=\"twitter\"\n                           data-xs-href=\"https:\/\/twitter.com\/intent\/tweet?text=Les+dirigeants+europ%C3%A9ens+se+rendront+%C3%A0+Washington+pour+soutenir+Zelenskiy+face+aux+pressions+de+Trump+https%3A%2F%2Fvelipost.com%2Findex.php%3Frest_route%3D%252Fwp%252Fv2%252Fposts%252F3881&amp;original_referer=https%3A%2F%2Fvelipost.com%2Findex.php%3Frest_route%3D%252Fwp%252Fv2%252Fposts%252F3881&amp;related=xpeedstudio\">\n\n                            <div class=\"xs-social-icon\">\n                                <span class=\"met-social met-social-twitter\"><\/span>\n                            <\/div>\n\n\t\t\t\t\t\t\t\n                            <div class=\"wslu-hover-content\">\n                                <div class=\"xs-social-followers\">\n\t\t\t\t\t\t\t\t\t10                                <\/div>\n                                <div class=\"xs-social-follower-text\">\n\t\t\t\t\t\t\t\t\tShare                                <\/div>\n                                <div class=\"xs-social-follower-label\">\n\t\t\t\t\t\t\t\t\tTwitter                                <\/div>\n                            <\/div>\n                        <\/a>\n                    <\/li>\n\t\t\t\t\t                    <li class=\"xs-share-li telegram                        wslu-no-extra-data\">\n                        <a href=\"javascript:void(0);\"\n                           id=\"xs_feed_telegram\"\n                           onclick=\"xs_social_sharer(this);\"\n                           data-pid=\"3881\"\n                           data-uri_hash=\"8bb9fbc05ce96b776ade3e4769b4d4ef\"\n                           data-key=\"telegram\"\n                           data-xs-href=\"https:\/\/telegram.me\/share\/url?url=https%3A%2F%2Fvelipost.com%2Findex.php%3Frest_route%3D%252Fwp%252Fv2%252Fposts%252F3881&amp;text=Les+dirigeants+europ%C3%A9ens+se+rendront+%C3%A0+Washington+pour+soutenir+Zelenskiy+face+aux+pressions+de+Trump\">\n\n                            <div class=\"xs-social-icon\">\n                                <span class=\"met-social met-social-telegram\"><\/span>\n                            <\/div>\n\n\t\t\t\t\t\t\t\n                            <div class=\"wslu-hover-content\">\n                                <div class=\"xs-social-followers\">\n\t\t\t\t\t\t\t\t\t0                                <\/div>\n                                <div class=\"xs-social-follower-text\">\n\t\t\t\t\t\t\t\t\tShare                                <\/div>\n                                <div class=\"xs-social-follower-label\">\n\t\t\t\t\t\t\t\t\tTelegram                                <\/div>\n                            <\/div>\n                        <\/a>\n                    <\/li>\n\t\t\t\t\t                    <li class=\"xs-share-li email                        wslu-no-extra-data\">\n                        <a href=\"javascript:void(0);\"\n                           id=\"xs_feed_email\"\n                           onclick=\"xs_social_sharer(this);\"\n                           data-pid=\"3881\"\n                           data-uri_hash=\"8bb9fbc05ce96b776ade3e4769b4d4ef\"\n                           data-key=\"email\"\n                           data-xs-href=\"mailto:?body=Title%3A+Les+dirigeants+europ%C3%A9ens+se+rendront+%C3%A0+Washington+pour+soutenir+Zelenskiy+face+aux+pressions+de+Trump+%5Cn%5Cn+URL%3A+https%3A%2F%2Fvelipost.com%2Findex.php%3Frest_route%3D%252Fwp%252Fv2%252Fposts%252F3881&amp;subject=Les+dirigeants+europ%C3%A9ens+se+rendront+%C3%A0+Washington+pour+soutenir+Zelenskiy+face+aux+pressions+de+Trump\">\n\n                            <div class=\"xs-social-icon\">\n                                <span class=\"met-social met-social-email\"><\/span>\n                            <\/div>\n\n\t\t\t\t\t\t\t\n                            <div class=\"wslu-hover-content\">\n                                <div class=\"xs-social-followers\">\n\t\t\t\t\t\t\t\t\t0                                <\/div>\n                                <div class=\"xs-social-follower-text\">\n\t\t\t\t\t\t\t\t\tShare                                <\/div>\n                                <div class=\"xs-social-follower-label\">\n\t\t\t\t\t\t\t\t\tEmail                                <\/div>\n                            <\/div>\n                        <\/a>\n                    <\/li>\n\t\t\t\t\t        <\/ul>\n    <\/div> \n","protected":false},"excerpt":{"rendered":"<p>Les dirigeants europ\u00e9ens ont annonc\u00e9 dimanche qu\u2019ils se rendront \u00e0 Washington pour rencontrer le pr\u00e9sident ukrainien Volodymyr Zelenskiy et son homologue am\u00e9ricain Donald Trump.<\/p>\n","protected":false},"author":1,"featured_media":3882,"comment_status":"open","ping_status":"open","sticky":false,"template":"","format":"standard","meta":{"_uag_custom_page_level_css":"","footnotes":"","jetpack_publicize_message":"","jetpack_publicize_feature_enabled":true,"jetpack_social_post_already_shared":true,"jetpack_social_options":{"image_generator_settings":{"template":"highway","default_image_id":0,"font":"","enabled":false},"version":2}},"categories":[107],"tags":[],"class_list":["post-3881","post","type-post","status-publish","format-standard","has-post-thumbnail","hentry","category-international"],"yoast_head":"<!-- This site is optimized with the Yoast SEO plugin v25.3.1 - https:\/\/yoast.com\/wordpress\/plugins\/seo\/ -->\n<title>Les dirigeants europ\u00e9ens se rendront \u00e0 Washington pour soutenir Zelenskiy face aux pressions de Trump &#8211; VeliPost<\/title>\n<meta name=\"robots\" content=\"index, follow, max-snippet:-1, max-image-preview:large, max-video-preview:-1\" \/>\n<link rel=\"canonical\" href=\"https:\/\/velipost.com\/?p=3881\" \/>\n<meta property=\"og:locale\" content=\"fr_FR\" \/>\n<meta property=\"og:type\" content=\"article\" \/>\n<meta property=\"og:title\" content=\"Les dirigeants europ\u00e9ens se rendront \u00e0 Washington pour soutenir Zelenskiy face aux pressions de Trump &#8211; VeliPost\" \/>\n<meta property=\"og:description\" content=\"Les dirigeants europ\u00e9ens ont annonc\u00e9 dimanche qu\u2019ils se rendront \u00e0 Washington pour rencontrer le pr\u00e9sident ukrainien Volodymyr Zelenskiy et son homologue am\u00e9ricain Donald Trump.\" \/>\n<meta property=\"og:url\" content=\"https:\/\/velipost.com\/?p=3881\" \/>\n<meta property=\"og:site_name\" content=\"VeliPost\" \/>\n<meta property=\"article:publisher\" content=\"https:\/\/www.facebook.com\/veliposthaiti\" \/>\n<meta property=\"article:published_time\" content=\"2025-08-17T22:56:20+00:00\" \/>\n<meta property=\"article:modified_time\" content=\"2025-08-17T22:56:29+00:00\" \/>\n<meta property=\"og:image\" content=\"https:\/\/velipost.com\/wp-content\/uploads\/2025\/08\/Europe-face-trump.jpg\" \/>\n\t<meta property=\"og:image:width\" content=\"1170\" \/>\n\t<meta property=\"og:image:height\" content=\"603\" \/>\n\t<meta property=\"og:image:type\" content=\"image\/jpeg\" \/>\n<meta name=\"author\" content=\"VeliPost\" \/>\n<meta name=\"twitter:card\" content=\"summary_large_image\" \/>\n<meta name=\"twitter:creator\" content=\"@veliposthaiti\" \/>\n<meta name=\"twitter:site\" content=\"@veliposthaiti\" \/>\n<meta name=\"twitter:label1\" content=\"\u00c9crit par\" \/>\n\t<meta name=\"twitter:data1\" content=\"VeliPost\" \/>\n\t<meta name=\"twitter:label2\" content=\"Dur\u00e9e de lecture estim\u00e9e\" \/>\n\t<meta name=\"twitter:data2\" content=\"2 minutes\" \/>\n<script type=\"application\/ld+json\" class=\"yoast-schema-graph\">{\"@context\":\"https:\/\/schema.org\",\"@graph\":[{\"@type\":\"Article\",\"@id\":\"https:\/\/velipost.com\/?p=3881#article\",\"isPartOf\":{\"@id\":\"https:\/\/velipost.com\/?p=3881\"},\"author\":{\"name\":\"VeliPost\",\"@id\":\"https:\/\/velipost.com\/#\/schema\/person\/32ff49a53c9c1bb24302ee8ece058096\"},\"headline\":\"Les dirigeants europ\u00e9ens se rendront \u00e0 Washington pour soutenir Zelenskiy face aux pressions de Trump\",\"datePublished\":\"2025-08-17T22:56:20+00:00\",\"dateModified\":\"2025-08-17T22:56:29+00:00\",\"mainEntityOfPage\":{\"@id\":\"https:\/\/velipost.com\/?p=3881\"},\"wordCount\":297,\"commentCount\":0,\"publisher\":{\"@id\":\"https:\/\/velipost.com\/#organization\"},\"image\":{\"@id\":\"https:\/\/velipost.com\/?p=3881#primaryimage\"},\"thumbnailUrl\":\"https:\/\/velipost.com\/wp-content\/uploads\/2025\/08\/Europe-face-trump.jpg\",\"articleSection\":[\"International\"],\"inLanguage\":\"fr-FR\",\"potentialAction\":[{\"@type\":\"CommentAction\",\"name\":\"Comment\",\"target\":[\"https:\/\/velipost.com\/?p=3881#respond\"]}]},{\"@type\":\"WebPage\",\"@id\":\"https:\/\/velipost.com\/?p=3881\",\"url\":\"https:\/\/velipost.com\/?p=3881\",\"name\":\"Les dirigeants europ\u00e9ens se rendront \u00e0 Washington pour soutenir Zelenskiy face aux pressions de Trump &#8211; VeliPost\",\"isPartOf\":{\"@id\":\"https:\/\/velipost.com\/#website\"},\"primaryImageOfPage\":{\"@id\":\"https:\/\/velipost.com\/?p=3881#primaryimage\"},\"image\":{\"@id\":\"https:\/\/velipost.com\/?p=3881#primaryimage\"},\"thumbnailUrl\":\"https:\/\/velipost.com\/wp-content\/uploads\/2025\/08\/Europe-face-trump.jpg\",\"datePublished\":\"2025-08-17T22:56:20+00:00\",\"dateModified\":\"2025-08-17T22:56:29+00:00\",\"breadcrumb\":{\"@id\":\"https:\/\/velipost.com\/?p=3881#breadcrumb\"},\"inLanguage\":\"fr-FR\",\"potentialAction\":[{\"@type\":\"ReadAction\",\"target\":[\"https:\/\/velipost.com\/?p=3881\"]}]},{\"@type\":\"ImageObject\",\"inLanguage\":\"fr-FR\",\"@id\":\"https:\/\/velipost.com\/?p=3881#primaryimage\",\"url\":\"https:\/\/velipost.com\/wp-content\/uploads\/2025\/08\/Europe-face-trump.jpg\",\"contentUrl\":\"https:\/\/velipost.com\/wp-content\/uploads\/2025\/08\/Europe-face-trump.jpg\",\"width\":1170,\"height\":603},{\"@type\":\"BreadcrumbList\",\"@id\":\"https:\/\/velipost.com\/?p=3881#breadcrumb\",\"itemListElement\":[{\"@type\":\"ListItem\",\"position\":1,\"name\":\"Accueil\",\"item\":\"https:\/\/velipost.com\/\"},{\"@type\":\"ListItem\",\"position\":2,\"name\":\"Les dirigeants europ\u00e9ens se rendront \u00e0 Washington pour soutenir Zelenskiy face aux pressions de Trump\"}]},{\"@type\":\"WebSite\",\"@id\":\"https:\/\/velipost.com\/#website\",\"url\":\"https:\/\/velipost.com\/\",\"name\":\"VeliPost\",\"description\":\"L\u2019info en un clic\",\"publisher\":{\"@id\":\"https:\/\/velipost.com\/#organization\"},\"potentialAction\":[{\"@type\":\"SearchAction\",\"target\":{\"@type\":\"EntryPoint\",\"urlTemplate\":\"https:\/\/velipost.com\/?s={search_term_string}\"},\"query-input\":{\"@type\":\"PropertyValueSpecification\",\"valueRequired\":true,\"valueName\":\"search_term_string\"}}],\"inLanguage\":\"fr-FR\"},{\"@type\":\"Organization\",\"@id\":\"https:\/\/velipost.com\/#organization\",\"name\":\"VeliPost\",\"url\":\"https:\/\/velipost.com\/\",\"logo\":{\"@type\":\"ImageObject\",\"inLanguage\":\"fr-FR\",\"@id\":\"https:\/\/velipost.com\/#\/schema\/logo\/image\/\",\"url\":\"https:\/\/velipost.com\/wp-content\/uploads\/2024\/08\/cropped-VP-logo-piti.png\",\"contentUrl\":\"https:\/\/velipost.com\/wp-content\/uploads\/2024\/08\/cropped-VP-logo-piti.png\",\"width\":201,\"height\":69,\"caption\":\"VeliPost\"},\"image\":{\"@id\":\"https:\/\/velipost.com\/#\/schema\/logo\/image\/\"},\"sameAs\":[\"https:\/\/www.facebook.com\/veliposthaiti\",\"https:\/\/x.com\/veliposthaiti\",\"https:\/\/www.instagram.com\/veliposthaiti\"]},{\"@type\":\"Person\",\"@id\":\"https:\/\/velipost.com\/#\/schema\/person\/32ff49a53c9c1bb24302ee8ece058096\",\"name\":\"VeliPost\",\"image\":{\"@type\":\"ImageObject\",\"inLanguage\":\"fr-FR\",\"@id\":\"https:\/\/velipost.com\/#\/schema\/person\/image\/\",\"url\":\"https:\/\/secure.gravatar.com\/avatar\/57c226c264de62f794185a89596d4a37b85a5ad20aca30d9d5a478b27d8c8d9d?s=96&d=mm&r=g\",\"contentUrl\":\"https:\/\/secure.gravatar.com\/avatar\/57c226c264de62f794185a89596d4a37b85a5ad20aca30d9d5a478b27d8c8d9d?s=96&d=mm&r=g\",\"caption\":\"VeliPost\"},\"sameAs\":[\"https:\/\/velipost.com\"],\"url\":\"https:\/\/velipost.com\/?author=1\"}]}<\/script>\n<!-- \/ Yoast SEO plugin. -->","yoast_head_json":{"title":"Les dirigeants europ\u00e9ens se rendront \u00e0 Washington pour soutenir Zelenskiy face aux pressions de Trump &#8211; VeliPost","robots":{"index":"index","follow":"follow","max-snippet":"max-snippet:-1","max-image-preview":"max-image-preview:large","max-video-preview":"max-video-preview:-1"},"canonical":"https:\/\/velipost.com\/?p=3881","og_locale":"fr_FR","og_type":"article","og_title":"Les dirigeants europ\u00e9ens se rendront \u00e0 Washington pour soutenir Zelenskiy face aux pressions de Trump &#8211; VeliPost","og_description":"Les dirigeants europ\u00e9ens ont annonc\u00e9 dimanche qu\u2019ils se rendront \u00e0 Washington pour rencontrer le pr\u00e9sident ukrainien Volodymyr Zelenskiy et son homologue am\u00e9ricain Donald Trump.","og_url":"https:\/\/velipost.com\/?p=3881","og_site_name":"VeliPost","article_publisher":"https:\/\/www.facebook.com\/veliposthaiti","article_published_time":"2025-08-17T22:56:20+00:00","article_modified_time":"2025-08-17T22:56:29+00:00","og_image":[{"width":1170,"height":603,"url":"https:\/\/velipost.com\/wp-content\/uploads\/2025\/08\/Europe-face-trump.jpg","type":"image\/jpeg"}],"author":"VeliPost","twitter_card":"summary_large_image","twitter_creator":"@veliposthaiti","twitter_site":"@veliposthaiti","twitter_misc":{"\u00c9crit par":"VeliPost","Dur\u00e9e de lecture estim\u00e9e":"2 minutes"},"schema":{"@context":"https:\/\/schema.org","@graph":[{"@type":"Article","@id":"https:\/\/velipost.com\/?p=3881#article","isPartOf":{"@id":"https:\/\/velipost.com\/?p=3881"},"author":{"name":"VeliPost","@id":"https:\/\/velipost.com\/#\/schema\/person\/32ff49a53c9c1bb24302ee8ece058096"},"headline":"Les dirigeants europ\u00e9ens se rendront \u00e0 Washington pour soutenir Zelenskiy face aux pressions de Trump","datePublished":"2025-08-17T22:56:20+00:00","dateModified":"2025-08-17T22:56:29+00:00","mainEntityOfPage":{"@id":"https:\/\/velipost.com\/?p=3881"},"wordCount":297,"commentCount":0,"publisher":{"@id":"https:\/\/velipost.com\/#organization"},"image":{"@id":"https:\/\/velipost.com\/?p=3881#primaryimage"},"thumbnailUrl":"https:\/\/velipost.com\/wp-content\/uploads\/2025\/08\/Europe-face-trump.jpg","articleSection":["International"],"inLanguage":"fr-FR","potentialAction":[{"@type":"CommentAction","name":"Comment","target":["https:\/\/velipost.com\/?p=3881#respond"]}]},{"@type":"WebPage","@id":"https:\/\/velipost.com\/?p=3881","url":"https:\/\/velipost.com\/?p=3881","name":"Les dirigeants europ\u00e9ens se rendront \u00e0 Washington pour soutenir Zelenskiy face aux pressions de Trump &#8211; VeliPost","isPartOf":{"@id":"https:\/\/velipost.com\/#website"},"primaryImageOfPage":{"@id":"https:\/\/velipost.com\/?p=3881#primaryimage"},"image":{"@id":"https:\/\/velipost.com\/?p=3881#primaryimage"},"thumbnailUrl":"https:\/\/velipost.com\/wp-content\/uploads\/2025\/08\/Europe-face-trump.jpg","datePublished":"2025-08-17T22:56:20+00:00","dateModified":"2025-08-17T22:56:29+00:00","breadcrumb":{"@id":"https:\/\/velipost.com\/?p=3881#breadcrumb"},"inLanguage":"fr-FR","potentialAction":[{"@type":"ReadAction","target":["https:\/\/velipost.com\/?p=3881"]}]},{"@type":"ImageObject","inLanguage":"fr-FR","@id":"https:\/\/velipost.com\/?p=3881#primaryimage","url":"https:\/\/velipost.com\/wp-content\/uploads\/2025\/08\/Europe-face-trump.jpg","contentUrl":"https:\/\/velipost.com\/wp-content\/uploads\/2025\/08\/Europe-face-trump.jpg","width":1170,"height":603},{"@type":"BreadcrumbList","@id":"https:\/\/velipost.com\/?p=3881#breadcrumb","itemListElement":[{"@type":"ListItem","position":1,"name":"Accueil","item":"https:\/\/velipost.com\/"},{"@type":"ListItem","position":2,"name":"Les dirigeants europ\u00e9ens se rendront \u00e0 Washington pour soutenir Zelenskiy face aux pressions de Trump"}]},{"@type":"WebSite","@id":"https:\/\/velipost.com\/#website","url":"https:\/\/velipost.com\/","name":"VeliPost","description":"L\u2019info en un clic","publisher":{"@id":"https:\/\/velipost.com\/#organization"},"potentialAction":[{"@type":"SearchAction","target":{"@type":"EntryPoint","urlTemplate":"https:\/\/velipost.com\/?s={search_term_string}"},"query-input":{"@type":"PropertyValueSpecification","valueRequired":true,"valueName":"search_term_string"}}],"inLanguage":"fr-FR"},{"@type":"Organization","@id":"https:\/\/velipost.com\/#organization","name":"VeliPost","url":"https:\/\/velipost.com\/","logo":{"@type":"ImageObject","inLanguage":"fr-FR","@id":"https:\/\/velipost.com\/#\/schema\/logo\/image\/","url":"https:\/\/velipost.com\/wp-content\/uploads\/2024\/08\/cropped-VP-logo-piti.png","contentUrl":"https:\/\/velipost.com\/wp-content\/uploads\/2024\/08\/cropped-VP-logo-piti.png","width":201,"height":69,"caption":"VeliPost"},"image":{"@id":"https:\/\/velipost.com\/#\/schema\/logo\/image\/"},"sameAs":["https:\/\/www.facebook.com\/veliposthaiti","https:\/\/x.com\/veliposthaiti","https:\/\/www.instagram.com\/veliposthaiti"]},{"@type":"Person","@id":"https:\/\/velipost.com\/#\/schema\/person\/32ff49a53c9c1bb24302ee8ece058096","name":"VeliPost","image":{"@type":"ImageObject","inLanguage":"fr-FR","@id":"https:\/\/velipost.com\/#\/schema\/person\/image\/","url":"https:\/\/secure.gravatar.com\/avatar\/57c226c264de62f794185a89596d4a37b85a5ad20aca30d9d5a478b27d8c8d9d?s=96&d=mm&r=g","contentUrl":"https:\/\/secure.gravatar.com\/avatar\/57c226c264de62f794185a89596d4a37b85a5ad20aca30d9d5a478b27d8c8d9d?s=96&d=mm&r=g","caption":"VeliPost"},"sameAs":["https:\/\/velipost.com"],"url":"https:\/\/velipost.com\/?author=1"}]}},"views":1,"jetpack_publicize_connections":[],"uagb_featured_image_src":{"full":["https:\/\/velipost.com\/wp-content\/uploads\/2025\/08\/Europe-face-trump.jpg",1170,603,false],"thumbnail":["https:\/\/velipost.com\/wp-content\/uploads\/2025\/08\/Europe-face-trump-150x150.jpg",150,150,true],"medium":["https:\/\/velipost.com\/wp-content\/uploads\/2025\/08\/Europe-face-trump-300x155.jpg",300,155,true],"medium_large":["https:\/\/velipost.com\/wp-content\/uploads\/2025\/08\/Europe-face-trump-768x396.jpg",715,369,true],"large":["https:\/\/velipost.com\/wp-content\/uploads\/2025\/08\/Europe-face-trump-1024x528.jpg",715,369,true],"1536x1536":["https:\/\/velipost.com\/wp-content\/uploads\/2025\/08\/Europe-face-trump.jpg",1170,603,false],"2048x2048":["https:\/\/velipost.com\/wp-content\/uploads\/2025\/08\/Europe-face-trump.jpg",1170,603,false],"colornews-big-slider":["https:\/\/velipost.com\/wp-content\/uploads\/2025\/08\/Europe-face-trump-1070x470.jpg",1070,470,true],"colornews-big-slider-thumb":["https:\/\/velipost.com\/wp-content\/uploads\/2025\/08\/Europe-face-trump-184x109.jpg",184,109,true],"colornews-featured-post-medium":["https:\/\/velipost.com\/wp-content\/uploads\/2025\/08\/Europe-face-trump-345x265.jpg",345,265,true],"colornews-featured-post-small":["https:\/\/velipost.com\/wp-content\/uploads\/2025\/08\/Europe-face-trump-115x73.jpg",115,73,true],"colornews-random-posts":["https:\/\/velipost.com\/wp-content\/uploads\/2025\/08\/Europe-face-trump-215x215.jpg",215,215,true],"colornews-featured-image":["https:\/\/velipost.com\/wp-content\/uploads\/2025\/08\/Europe-face-trump-715x400.jpg",715,400,true],"mailpoet_newsletter_max":["https:\/\/velipost.com\/wp-content\/uploads\/2025\/08\/Europe-face-trump.jpg",1170,603,false]},"uagb_author_info":{"display_name":"VeliPost","author_link":"https:\/\/velipost.com\/?author=1"},"uagb_comment_info":0,"uagb_excerpt":"Les dirigeants europ\u00e9ens ont annonc\u00e9 dimanche qu\u2019ils se rendront \u00e0 Washington pour rencontrer le pr\u00e9sident ukrainien Volodymyr Zelenskiy et son homologue am\u00e9ricain Donald Trump.","_links":{"self":[{"href":"https:\/\/velipost.com\/index.php?rest_route=\/wp\/v2\/posts\/3881","targetHints":{"allow":["GET"]}}],"collection":[{"href":"https:\/\/velipost.com\/index.php?rest_route=\/wp\/v2\/posts"}],"about":[{"href":"https:\/\/velipost.com\/index.php?rest_route=\/wp\/v2\/types\/post"}],"author":[{"embeddable":true,"href":"https:\/\/velipost.com\/index.php?rest_route=\/wp\/v2\/users\/1"}],"replies":[{"embeddable":true,"href":"https:\/\/velipost.com\/index.php?rest_route=%2Fwp%2Fv2%2Fcomments&post=3881"}],"version-history":[{"count":1,"href":"https:\/\/velipost.com\/index.php?rest_route=\/wp\/v2\/posts\/3881\/revisions"}],"predecessor-version":[{"id":3883,"href":"https:\/\/velipost.com\/index.php?rest_route=\/wp\/v2\/posts\/3881\/revisions\/3883"}],"wp:featuredmedia":[{"embeddable":true,"href":"https:\/\/velipost.com\/index.php?rest_route=\/wp\/v2\/media\/3882"}],"wp:attachment":[{"href":"https:\/\/velipost.com\/index.php?rest_route=%2Fwp%2Fv2%2Fmedia&parent=3881"}],"wp:term":[{"taxonomy":"category","embeddable":true,"href":"https:\/\/velipost.com\/index.php?rest_route=%2Fwp%2Fv2%2Fcategories&post=3881"},{"taxonomy":"post_tag","embeddable":true,"href":"https:\/\/velipost.com\/index.php?rest_route=%2Fwp%2Fv2%2Ftags&post=3881"}],"curies":[{"name":"wp","href":"https:\/\/api.w.org\/{rel}","templated":true}]}}