{"id":3877,"date":"2025-08-17T19:33:46","date_gmt":"2025-08-17T17:33:46","guid":{"rendered":"https:\/\/velipost.com\/?p=3877"},"modified":"2025-08-17T19:33:49","modified_gmt":"2025-08-17T17:33:49","slug":"cap-haitien-des-citoyens-lancent-une-petition-pour-redresser-la-ville-face-a-la-crise-municipale","status":"publish","type":"post","link":"https:\/\/velipost.com\/?p=3877","title":{"rendered":"Cap-Ha\u00eftien : des citoyens lancent une p\u00e9tition pour redresser la ville face \u00e0 la crise municipale"},"content":{"rendered":"\n<p><strong>Cap Ha\u00eftien, 17 ao\u00fbt 2025<\/strong>\u00a0\u2013 Face \u00e0 une gestion municipale jug\u00e9e inefficace, un collectif de citoyens de la ville, sous le nom de\u00a0<strong>Kenbe Kap \u00d2w<\/strong>, a lanc\u00e9 une\u00a0<a href=\"https:\/\/chng.it\/T4ctTZSBJz\">p\u00e9tition en ligne<\/a> adress\u00e9e au\u00a0<strong>Conseil Pr\u00e9sidentiel de Transition<\/strong>. L\u2019objectif : demander le remplacement des autorit\u00e9s locales pour restaurer un leadership comp\u00e9tent et visionnaire dans la deuxi\u00e8me ville d\u2019Ha\u00efti.<\/p>\n\n\n\n<p>Dans leur p\u00e9tition, les signataires d\u00e9noncent plusieurs probl\u00e8mes persistants, notamment :<\/p>\n\n\n\n<ul class=\"wp-block-list\">\n<li><strong>Gestion des d\u00e9chets et hygi\u00e8ne<\/strong>\u00a0: accumulation de d\u00e9tritus dans les rues et canaux, campagnes de nettoyage insuffisantes.<\/li>\n\n\n\n<li><strong>Infrastructures et inondations<\/strong>\u00a0: absence de drainage, canaux bouch\u00e9s et quartiers r\u00e9guli\u00e8rement inond\u00e9s.<\/li>\n\n\n\n<li><strong>Urbanisation et logement pr\u00e9caire<\/strong>\u00a0: constructions anarchiques, familles expos\u00e9es \u00e0 des zones \u00e0 risque.<\/li>\n\n\n\n<li><strong>Mobilit\u00e9 et trafic<\/strong>\u00a0: manque de plan de circulation, embouteillages permanents caus\u00e9s par tap-tap, motos et v\u00e9hicules priv\u00e9s.<\/li>\n\n\n\n<li><strong>Environnement d\u00e9grad\u00e9<\/strong>\u00a0: d\u00e9forestation et pollution de l\u2019eau.<\/li>\n\n\n\n<li><strong>Mauvaise gouvernance<\/strong>\u00a0: fonds locaux non transform\u00e9s en services pour la population, inefficacit\u00e9 de la mairie.<\/li>\n<\/ul>\n\n\n\n<p>Le collectif&nbsp;<strong>Kenbe Kap \u00d2w<\/strong>&nbsp;insiste sur l\u2019importance de nommer une \u00e9quipe municipale repr\u00e9sentative, comp\u00e9tente et dot\u00e9e d\u2019une vision claire pour la ville. Ils proposent \u00e9galement d\u2019apporter leurs comp\u00e9tences techniques pour soutenir le nouveau leadership.<\/p>\n\n\n\n<blockquote class=\"wp-block-quote is-layout-flow wp-block-quote-is-layout-flow\">\n<p>\u00ab Cap Ha\u00eftien ne peut plus rester dans cet \u00e9tat. Les citoyens m\u00e9ritent une ville propre, s\u00fbre et organis\u00e9e \u00bb, <\/p>\n<\/blockquote>\n\n\n\n<p>affirme le collectif dans son texte officiel.<\/p>\n\n\n\n<p>Les initiateurs appellent la population \u00e0 se mobiliser et \u00e0 soutenir cette initiative en signant d\u00e8s maintenant sur\u00a0<a href=\"https:\/\/chng.it\/T4ctTZSBJz\">Change.org<\/a>.<\/p>\n\n\n\n<p>La p\u00e9tition, qui sera soumise prochainement au Conseil Pr\u00e9sidentiel de Transition, appelle \u00e0 une r\u00e9action rapide pour \u00e9viter que la situation ne se d\u00e9t\u00e9riore davantage.<\/p>\n\n    <div class=\"xs_social_share_widget xs_share_url after_content \t\tmain_content  wslu-style-3 wslu-share-box-shaped wslu-fill-brand-hover-colored wslu-share-m-5 wslu-none wslu-share-horizontal wslu-theme-font-no wslu-main_content\">\n\n\t\t\n        <ul>\n\t\t\t                    <li class=\"xs-share-li twitter                        wslu-no-extra-data\">\n                        <a href=\"javascript:void(0);\"\n                           id=\"xs_feed_twitter\"\n                           onclick=\"xs_social_sharer(this);\"\n                           data-pid=\"3877\"\n                           data-uri_hash=\"b4b2270c4ca2cd8bb6fb7f0911c127d0\"\n                           data-key=\"twitter\"\n                           data-xs-href=\"https:\/\/twitter.com\/intent\/tweet?text=Cap-Ha%C3%AFtien+%3A+des+citoyens+lancent+une+p%C3%A9tition+pour+redresser+la+ville+face+%C3%A0+la+crise+municipale+https%3A%2F%2Fvelipost.com%2Findex.php%3Frest_route%3D%252Fwp%252Fv2%252Fposts%252F3877&amp;original_referer=https%3A%2F%2Fvelipost.com%2Findex.php%3Frest_route%3D%252Fwp%252Fv2%252Fposts%252F3877&amp;related=xpeedstudio\">\n\n                            <div class=\"xs-social-icon\">\n                                <span class=\"met-social met-social-twitter\"><\/span>\n                            <\/div>\n\n\t\t\t\t\t\t\t\n                            <div class=\"wslu-hover-content\">\n                                <div class=\"xs-social-followers\">\n\t\t\t\t\t\t\t\t\t10                                <\/div>\n                                <div class=\"xs-social-follower-text\">\n\t\t\t\t\t\t\t\t\tShare                                <\/div>\n                                <div class=\"xs-social-follower-label\">\n\t\t\t\t\t\t\t\t\tTwitter                                <\/div>\n                            <\/div>\n                        <\/a>\n                    <\/li>\n\t\t\t\t\t                    <li class=\"xs-share-li telegram                        wslu-no-extra-data\">\n                        <a href=\"javascript:void(0);\"\n                           id=\"xs_feed_telegram\"\n                           onclick=\"xs_social_sharer(this);\"\n                           data-pid=\"3877\"\n                           data-uri_hash=\"b4b2270c4ca2cd8bb6fb7f0911c127d0\"\n                           data-key=\"telegram\"\n                           data-xs-href=\"https:\/\/telegram.me\/share\/url?url=https%3A%2F%2Fvelipost.com%2Findex.php%3Frest_route%3D%252Fwp%252Fv2%252Fposts%252F3877&amp;text=Cap-Ha%C3%AFtien+%3A+des+citoyens+lancent+une+p%C3%A9tition+pour+redresser+la+ville+face+%C3%A0+la+crise+municipale\">\n\n                            <div class=\"xs-social-icon\">\n                                <span class=\"met-social met-social-telegram\"><\/span>\n                            <\/div>\n\n\t\t\t\t\t\t\t\n                            <div class=\"wslu-hover-content\">\n                                <div class=\"xs-social-followers\">\n\t\t\t\t\t\t\t\t\t0                                <\/div>\n                                <div class=\"xs-social-follower-text\">\n\t\t\t\t\t\t\t\t\tShare                                <\/div>\n                                <div class=\"xs-social-follower-label\">\n\t\t\t\t\t\t\t\t\tTelegram                                <\/div>\n                            <\/div>\n                        <\/a>\n                    <\/li>\n\t\t\t\t\t                    <li class=\"xs-share-li email                        wslu-no-extra-data\">\n                        <a href=\"javascript:void(0);\"\n                           id=\"xs_feed_email\"\n                           onclick=\"xs_social_sharer(this);\"\n                           data-pid=\"3877\"\n                           data-uri_hash=\"b4b2270c4ca2cd8bb6fb7f0911c127d0\"\n                           data-key=\"email\"\n                           data-xs-href=\"mailto:?body=Title%3A+Cap-Ha%C3%AFtien+%3A+des+citoyens+lancent+une+p%C3%A9tition+pour+redresser+la+ville+face+%C3%A0+la+crise+municipale+%5Cn%5Cn+URL%3A+https%3A%2F%2Fvelipost.com%2Findex.php%3Frest_route%3D%252Fwp%252Fv2%252Fposts%252F3877&amp;subject=Cap-Ha%C3%AFtien+%3A+des+citoyens+lancent+une+p%C3%A9tition+pour+redresser+la+ville+face+%C3%A0+la+crise+municipale\">\n\n                            <div class=\"xs-social-icon\">\n                                <span class=\"met-social met-social-email\"><\/span>\n                            <\/div>\n\n\t\t\t\t\t\t\t\n                            <div class=\"wslu-hover-content\">\n                                <div class=\"xs-social-followers\">\n\t\t\t\t\t\t\t\t\t0                                <\/div>\n                                <div class=\"xs-social-follower-text\">\n\t\t\t\t\t\t\t\t\tShare                                <\/div>\n                                <div class=\"xs-social-follower-label\">\n\t\t\t\t\t\t\t\t\tEmail                                <\/div>\n                            <\/div>\n                        <\/a>\n                    <\/li>\n\t\t\t\t\t        <\/ul>\n    <\/div> \n","protected":false},"excerpt":{"rendered":"<p>Cap Ha\u00eftien, 17 ao\u00fbt 2025\u00a0\u2013 Face \u00e0 une gestion municipale jug\u00e9e inefficace, un collectif de citoyens de la ville, sous le nom de\u00a0Kenbe Kap<\/p>\n","protected":false},"author":1,"featured_media":3879,"comment_status":"open","ping_status":"open","sticky":false,"template":"","format":"standard","meta":{"_uag_custom_page_level_css":"","footnotes":"","jetpack_publicize_message":"","jetpack_publicize_feature_enabled":true,"jetpack_social_post_already_shared":true,"jetpack_social_options":{"image_generator_settings":{"template":"highway","default_image_id":0,"font":"","enabled":false},"version":2}},"categories":[3],"tags":[],"class_list":["post-3877","post","type-post","status-publish","format-standard","has-post-thumbnail","hentry","category-societe"],"yoast_head":"<!-- This site is optimized with the Yoast SEO plugin v25.3.1 - https:\/\/yoast.com\/wordpress\/plugins\/seo\/ -->\n<title>Cap-Ha\u00eftien : des citoyens lancent une p\u00e9tition pour redresser la ville face \u00e0 la crise municipale &#8211; VeliPost<\/title>\n<meta name=\"robots\" content=\"index, follow, max-snippet:-1, max-image-preview:large, max-video-preview:-1\" \/>\n<link rel=\"canonical\" href=\"https:\/\/velipost.com\/?p=3877\" \/>\n<meta property=\"og:locale\" content=\"fr_FR\" \/>\n<meta property=\"og:type\" content=\"article\" \/>\n<meta property=\"og:title\" content=\"Cap-Ha\u00eftien : des citoyens lancent une p\u00e9tition pour redresser la ville face \u00e0 la crise municipale &#8211; VeliPost\" \/>\n<meta property=\"og:description\" content=\"Cap Ha\u00eftien, 17 ao\u00fbt 2025\u00a0\u2013 Face \u00e0 une gestion municipale jug\u00e9e inefficace, un collectif de citoyens de la ville, sous le nom de\u00a0Kenbe Kap\" \/>\n<meta property=\"og:url\" content=\"https:\/\/velipost.com\/?p=3877\" \/>\n<meta property=\"og:site_name\" content=\"VeliPost\" \/>\n<meta property=\"article:publisher\" content=\"https:\/\/www.facebook.com\/veliposthaiti\" \/>\n<meta property=\"article:published_time\" content=\"2025-08-17T17:33:46+00:00\" \/>\n<meta property=\"article:modified_time\" content=\"2025-08-17T17:33:49+00:00\" \/>\n<meta property=\"og:image\" content=\"https:\/\/velipost.com\/wp-content\/uploads\/2025\/08\/Kenbe-Kapow-1.jpg\" \/>\n\t<meta property=\"og:image:width\" content=\"1170\" \/>\n\t<meta property=\"og:image:height\" content=\"603\" \/>\n\t<meta property=\"og:image:type\" content=\"image\/jpeg\" \/>\n<meta name=\"author\" content=\"VeliPost\" \/>\n<meta name=\"twitter:card\" content=\"summary_large_image\" \/>\n<meta name=\"twitter:creator\" content=\"@veliposthaiti\" \/>\n<meta name=\"twitter:site\" content=\"@veliposthaiti\" \/>\n<meta name=\"twitter:label1\" content=\"\u00c9crit par\" \/>\n\t<meta name=\"twitter:data1\" content=\"VeliPost\" \/>\n\t<meta name=\"twitter:label2\" content=\"Dur\u00e9e de lecture estim\u00e9e\" \/>\n\t<meta name=\"twitter:data2\" content=\"2 minutes\" \/>\n<script type=\"application\/ld+json\" class=\"yoast-schema-graph\">{\"@context\":\"https:\/\/schema.org\",\"@graph\":[{\"@type\":\"Article\",\"@id\":\"https:\/\/velipost.com\/?p=3877#article\",\"isPartOf\":{\"@id\":\"https:\/\/velipost.com\/?p=3877\"},\"author\":{\"name\":\"VeliPost\",\"@id\":\"https:\/\/velipost.com\/#\/schema\/person\/32ff49a53c9c1bb24302ee8ece058096\"},\"headline\":\"Cap-Ha\u00eftien : des citoyens lancent une p\u00e9tition pour redresser la ville face \u00e0 la crise municipale\",\"datePublished\":\"2025-08-17T17:33:46+00:00\",\"dateModified\":\"2025-08-17T17:33:49+00:00\",\"mainEntityOfPage\":{\"@id\":\"https:\/\/velipost.com\/?p=3877\"},\"wordCount\":311,\"commentCount\":2,\"publisher\":{\"@id\":\"https:\/\/velipost.com\/#organization\"},\"image\":{\"@id\":\"https:\/\/velipost.com\/?p=3877#primaryimage\"},\"thumbnailUrl\":\"https:\/\/velipost.com\/wp-content\/uploads\/2025\/08\/Kenbe-Kapow-1.jpg\",\"articleSection\":[\"Soci\u00e9t\u00e9\"],\"inLanguage\":\"fr-FR\",\"potentialAction\":[{\"@type\":\"CommentAction\",\"name\":\"Comment\",\"target\":[\"https:\/\/velipost.com\/?p=3877#respond\"]}]},{\"@type\":\"WebPage\",\"@id\":\"https:\/\/velipost.com\/?p=3877\",\"url\":\"https:\/\/velipost.com\/?p=3877\",\"name\":\"Cap-Ha\u00eftien : des citoyens lancent une p\u00e9tition pour redresser la ville face \u00e0 la crise municipale &#8211; VeliPost\",\"isPartOf\":{\"@id\":\"https:\/\/velipost.com\/#website\"},\"primaryImageOfPage\":{\"@id\":\"https:\/\/velipost.com\/?p=3877#primaryimage\"},\"image\":{\"@id\":\"https:\/\/velipost.com\/?p=3877#primaryimage\"},\"thumbnailUrl\":\"https:\/\/velipost.com\/wp-content\/uploads\/2025\/08\/Kenbe-Kapow-1.jpg\",\"datePublished\":\"2025-08-17T17:33:46+00:00\",\"dateModified\":\"2025-08-17T17:33:49+00:00\",\"breadcrumb\":{\"@id\":\"https:\/\/velipost.com\/?p=3877#breadcrumb\"},\"inLanguage\":\"fr-FR\",\"potentialAction\":[{\"@type\":\"ReadAction\",\"target\":[\"https:\/\/velipost.com\/?p=3877\"]}]},{\"@type\":\"ImageObject\",\"inLanguage\":\"fr-FR\",\"@id\":\"https:\/\/velipost.com\/?p=3877#primaryimage\",\"url\":\"https:\/\/velipost.com\/wp-content\/uploads\/2025\/08\/Kenbe-Kapow-1.jpg\",\"contentUrl\":\"https:\/\/velipost.com\/wp-content\/uploads\/2025\/08\/Kenbe-Kapow-1.jpg\",\"width\":1170,\"height\":603},{\"@type\":\"BreadcrumbList\",\"@id\":\"https:\/\/velipost.com\/?p=3877#breadcrumb\",\"itemListElement\":[{\"@type\":\"ListItem\",\"position\":1,\"name\":\"Accueil\",\"item\":\"https:\/\/velipost.com\/\"},{\"@type\":\"ListItem\",\"position\":2,\"name\":\"Cap-Ha\u00eftien : des citoyens lancent une p\u00e9tition pour redresser la ville face \u00e0 la crise municipale\"}]},{\"@type\":\"WebSite\",\"@id\":\"https:\/\/velipost.com\/#website\",\"url\":\"https:\/\/velipost.com\/\",\"name\":\"VeliPost\",\"description\":\"L\u2019info en un clic\",\"publisher\":{\"@id\":\"https:\/\/velipost.com\/#organization\"},\"potentialAction\":[{\"@type\":\"SearchAction\",\"target\":{\"@type\":\"EntryPoint\",\"urlTemplate\":\"https:\/\/velipost.com\/?s={search_term_string}\"},\"query-input\":{\"@type\":\"PropertyValueSpecification\",\"valueRequired\":true,\"valueName\":\"search_term_string\"}}],\"inLanguage\":\"fr-FR\"},{\"@type\":\"Organization\",\"@id\":\"https:\/\/velipost.com\/#organization\",\"name\":\"VeliPost\",\"url\":\"https:\/\/velipost.com\/\",\"logo\":{\"@type\":\"ImageObject\",\"inLanguage\":\"fr-FR\",\"@id\":\"https:\/\/velipost.com\/#\/schema\/logo\/image\/\",\"url\":\"https:\/\/velipost.com\/wp-content\/uploads\/2024\/08\/cropped-VP-logo-piti.png\",\"contentUrl\":\"https:\/\/velipost.com\/wp-content\/uploads\/2024\/08\/cropped-VP-logo-piti.png\",\"width\":201,\"height\":69,\"caption\":\"VeliPost\"},\"image\":{\"@id\":\"https:\/\/velipost.com\/#\/schema\/logo\/image\/\"},\"sameAs\":[\"https:\/\/www.facebook.com\/veliposthaiti\",\"https:\/\/x.com\/veliposthaiti\",\"https:\/\/www.instagram.com\/veliposthaiti\"]},{\"@type\":\"Person\",\"@id\":\"https:\/\/velipost.com\/#\/schema\/person\/32ff49a53c9c1bb24302ee8ece058096\",\"name\":\"VeliPost\",\"image\":{\"@type\":\"ImageObject\",\"inLanguage\":\"fr-FR\",\"@id\":\"https:\/\/velipost.com\/#\/schema\/person\/image\/\",\"url\":\"https:\/\/secure.gravatar.com\/avatar\/57c226c264de62f794185a89596d4a37b85a5ad20aca30d9d5a478b27d8c8d9d?s=96&d=mm&r=g\",\"contentUrl\":\"https:\/\/secure.gravatar.com\/avatar\/57c226c264de62f794185a89596d4a37b85a5ad20aca30d9d5a478b27d8c8d9d?s=96&d=mm&r=g\",\"caption\":\"VeliPost\"},\"sameAs\":[\"https:\/\/velipost.com\"],\"url\":\"https:\/\/velipost.com\/?author=1\"}]}<\/script>\n<!-- \/ Yoast SEO plugin. -->","yoast_head_json":{"title":"Cap-Ha\u00eftien : des citoyens lancent une p\u00e9tition pour redresser la ville face \u00e0 la crise municipale &#8211; VeliPost","robots":{"index":"index","follow":"follow","max-snippet":"max-snippet:-1","max-image-preview":"max-image-preview:large","max-video-preview":"max-video-preview:-1"},"canonical":"https:\/\/velipost.com\/?p=3877","og_locale":"fr_FR","og_type":"article","og_title":"Cap-Ha\u00eftien : des citoyens lancent une p\u00e9tition pour redresser la ville face \u00e0 la crise municipale &#8211; VeliPost","og_description":"Cap Ha\u00eftien, 17 ao\u00fbt 2025\u00a0\u2013 Face \u00e0 une gestion municipale jug\u00e9e inefficace, un collectif de citoyens de la ville, sous le nom de\u00a0Kenbe Kap","og_url":"https:\/\/velipost.com\/?p=3877","og_site_name":"VeliPost","article_publisher":"https:\/\/www.facebook.com\/veliposthaiti","article_published_time":"2025-08-17T17:33:46+00:00","article_modified_time":"2025-08-17T17:33:49+00:00","og_image":[{"width":1170,"height":603,"url":"https:\/\/velipost.com\/wp-content\/uploads\/2025\/08\/Kenbe-Kapow-1.jpg","type":"image\/jpeg"}],"author":"VeliPost","twitter_card":"summary_large_image","twitter_creator":"@veliposthaiti","twitter_site":"@veliposthaiti","twitter_misc":{"\u00c9crit par":"VeliPost","Dur\u00e9e de lecture estim\u00e9e":"2 minutes"},"schema":{"@context":"https:\/\/schema.org","@graph":[{"@type":"Article","@id":"https:\/\/velipost.com\/?p=3877#article","isPartOf":{"@id":"https:\/\/velipost.com\/?p=3877"},"author":{"name":"VeliPost","@id":"https:\/\/velipost.com\/#\/schema\/person\/32ff49a53c9c1bb24302ee8ece058096"},"headline":"Cap-Ha\u00eftien : des citoyens lancent une p\u00e9tition pour redresser la ville face \u00e0 la crise municipale","datePublished":"2025-08-17T17:33:46+00:00","dateModified":"2025-08-17T17:33:49+00:00","mainEntityOfPage":{"@id":"https:\/\/velipost.com\/?p=3877"},"wordCount":311,"commentCount":2,"publisher":{"@id":"https:\/\/velipost.com\/#organization"},"image":{"@id":"https:\/\/velipost.com\/?p=3877#primaryimage"},"thumbnailUrl":"https:\/\/velipost.com\/wp-content\/uploads\/2025\/08\/Kenbe-Kapow-1.jpg","articleSection":["Soci\u00e9t\u00e9"],"inLanguage":"fr-FR","potentialAction":[{"@type":"CommentAction","name":"Comment","target":["https:\/\/velipost.com\/?p=3877#respond"]}]},{"@type":"WebPage","@id":"https:\/\/velipost.com\/?p=3877","url":"https:\/\/velipost.com\/?p=3877","name":"Cap-Ha\u00eftien : des citoyens lancent une p\u00e9tition pour redresser la ville face \u00e0 la crise municipale &#8211; VeliPost","isPartOf":{"@id":"https:\/\/velipost.com\/#website"},"primaryImageOfPage":{"@id":"https:\/\/velipost.com\/?p=3877#primaryimage"},"image":{"@id":"https:\/\/velipost.com\/?p=3877#primaryimage"},"thumbnailUrl":"https:\/\/velipost.com\/wp-content\/uploads\/2025\/08\/Kenbe-Kapow-1.jpg","datePublished":"2025-08-17T17:33:46+00:00","dateModified":"2025-08-17T17:33:49+00:00","breadcrumb":{"@id":"https:\/\/velipost.com\/?p=3877#breadcrumb"},"inLanguage":"fr-FR","potentialAction":[{"@type":"ReadAction","target":["https:\/\/velipost.com\/?p=3877"]}]},{"@type":"ImageObject","inLanguage":"fr-FR","@id":"https:\/\/velipost.com\/?p=3877#primaryimage","url":"https:\/\/velipost.com\/wp-content\/uploads\/2025\/08\/Kenbe-Kapow-1.jpg","contentUrl":"https:\/\/velipost.com\/wp-content\/uploads\/2025\/08\/Kenbe-Kapow-1.jpg","width":1170,"height":603},{"@type":"BreadcrumbList","@id":"https:\/\/velipost.com\/?p=3877#breadcrumb","itemListElement":[{"@type":"ListItem","position":1,"name":"Accueil","item":"https:\/\/velipost.com\/"},{"@type":"ListItem","position":2,"name":"Cap-Ha\u00eftien : des citoyens lancent une p\u00e9tition pour redresser la ville face \u00e0 la crise municipale"}]},{"@type":"WebSite","@id":"https:\/\/velipost.com\/#website","url":"https:\/\/velipost.com\/","name":"VeliPost","description":"L\u2019info en un clic","publisher":{"@id":"https:\/\/velipost.com\/#organization"},"potentialAction":[{"@type":"SearchAction","target":{"@type":"EntryPoint","urlTemplate":"https:\/\/velipost.com\/?s={search_term_string}"},"query-input":{"@type":"PropertyValueSpecification","valueRequired":true,"valueName":"search_term_string"}}],"inLanguage":"fr-FR"},{"@type":"Organization","@id":"https:\/\/velipost.com\/#organization","name":"VeliPost","url":"https:\/\/velipost.com\/","logo":{"@type":"ImageObject","inLanguage":"fr-FR","@id":"https:\/\/velipost.com\/#\/schema\/logo\/image\/","url":"https:\/\/velipost.com\/wp-content\/uploads\/2024\/08\/cropped-VP-logo-piti.png","contentUrl":"https:\/\/velipost.com\/wp-content\/uploads\/2024\/08\/cropped-VP-logo-piti.png","width":201,"height":69,"caption":"VeliPost"},"image":{"@id":"https:\/\/velipost.com\/#\/schema\/logo\/image\/"},"sameAs":["https:\/\/www.facebook.com\/veliposthaiti","https:\/\/x.com\/veliposthaiti","https:\/\/www.instagram.com\/veliposthaiti"]},{"@type":"Person","@id":"https:\/\/velipost.com\/#\/schema\/person\/32ff49a53c9c1bb24302ee8ece058096","name":"VeliPost","image":{"@type":"ImageObject","inLanguage":"fr-FR","@id":"https:\/\/velipost.com\/#\/schema\/person\/image\/","url":"https:\/\/secure.gravatar.com\/avatar\/57c226c264de62f794185a89596d4a37b85a5ad20aca30d9d5a478b27d8c8d9d?s=96&d=mm&r=g","contentUrl":"https:\/\/secure.gravatar.com\/avatar\/57c226c264de62f794185a89596d4a37b85a5ad20aca30d9d5a478b27d8c8d9d?s=96&d=mm&r=g","caption":"VeliPost"},"sameAs":["https:\/\/velipost.com"],"url":"https:\/\/velipost.com\/?author=1"}]}},"views":1,"jetpack_publicize_connections":[],"uagb_featured_image_src":{"full":["https:\/\/velipost.com\/wp-content\/uploads\/2025\/08\/Kenbe-Kapow-1.jpg",1170,603,false],"thumbnail":["https:\/\/velipost.com\/wp-content\/uploads\/2025\/08\/Kenbe-Kapow-1-150x150.jpg",150,150,true],"medium":["https:\/\/velipost.com\/wp-content\/uploads\/2025\/08\/Kenbe-Kapow-1-300x155.jpg",300,155,true],"medium_large":["https:\/\/velipost.com\/wp-content\/uploads\/2025\/08\/Kenbe-Kapow-1-768x396.jpg",715,369,true],"large":["https:\/\/velipost.com\/wp-content\/uploads\/2025\/08\/Kenbe-Kapow-1-1024x528.jpg",715,369,true],"1536x1536":["https:\/\/velipost.com\/wp-content\/uploads\/2025\/08\/Kenbe-Kapow-1.jpg",1170,603,false],"2048x2048":["https:\/\/velipost.com\/wp-content\/uploads\/2025\/08\/Kenbe-Kapow-1.jpg",1170,603,false],"colornews-big-slider":["https:\/\/velipost.com\/wp-content\/uploads\/2025\/08\/Kenbe-Kapow-1-1070x470.jpg",1070,470,true],"colornews-big-slider-thumb":["https:\/\/velipost.com\/wp-content\/uploads\/2025\/08\/Kenbe-Kapow-1-184x109.jpg",184,109,true],"colornews-featured-post-medium":["https:\/\/velipost.com\/wp-content\/uploads\/2025\/08\/Kenbe-Kapow-1-345x265.jpg",345,265,true],"colornews-featured-post-small":["https:\/\/velipost.com\/wp-content\/uploads\/2025\/08\/Kenbe-Kapow-1-115x73.jpg",115,73,true],"colornews-random-posts":["https:\/\/velipost.com\/wp-content\/uploads\/2025\/08\/Kenbe-Kapow-1-215x215.jpg",215,215,true],"colornews-featured-image":["https:\/\/velipost.com\/wp-content\/uploads\/2025\/08\/Kenbe-Kapow-1-715x400.jpg",715,400,true],"mailpoet_newsletter_max":["https:\/\/velipost.com\/wp-content\/uploads\/2025\/08\/Kenbe-Kapow-1.jpg",1170,603,false]},"uagb_author_info":{"display_name":"VeliPost","author_link":"https:\/\/velipost.com\/?author=1"},"uagb_comment_info":2,"uagb_excerpt":"Cap Ha\u00eftien, 17 ao\u00fbt 2025\u00a0\u2013 Face \u00e0 une gestion municipale jug\u00e9e inefficace, un collectif de citoyens de la ville, sous le nom de\u00a0Kenbe Kap","_links":{"self":[{"href":"https:\/\/velipost.com\/index.php?rest_route=\/wp\/v2\/posts\/3877","targetHints":{"allow":["GET"]}}],"collection":[{"href":"https:\/\/velipost.com\/index.php?rest_route=\/wp\/v2\/posts"}],"about":[{"href":"https:\/\/velipost.com\/index.php?rest_route=\/wp\/v2\/types\/post"}],"author":[{"embeddable":true,"href":"https:\/\/velipost.com\/index.php?rest_route=\/wp\/v2\/users\/1"}],"replies":[{"embeddable":true,"href":"https:\/\/velipost.com\/index.php?rest_route=%2Fwp%2Fv2%2Fcomments&post=3877"}],"version-history":[{"count":1,"href":"https:\/\/velipost.com\/index.php?rest_route=\/wp\/v2\/posts\/3877\/revisions"}],"predecessor-version":[{"id":3880,"href":"https:\/\/velipost.com\/index.php?rest_route=\/wp\/v2\/posts\/3877\/revisions\/3880"}],"wp:featuredmedia":[{"embeddable":true,"href":"https:\/\/velipost.com\/index.php?rest_route=\/wp\/v2\/media\/3879"}],"wp:attachment":[{"href":"https:\/\/velipost.com\/index.php?rest_route=%2Fwp%2Fv2%2Fmedia&parent=3877"}],"wp:term":[{"taxonomy":"category","embeddable":true,"href":"https:\/\/velipost.com\/index.php?rest_route=%2Fwp%2Fv2%2Fcategories&post=3877"},{"taxonomy":"post_tag","embeddable":true,"href":"https:\/\/velipost.com\/index.php?rest_route=%2Fwp%2Fv2%2Ftags&post=3877"}],"curies":[{"name":"wp","href":"https:\/\/api.w.org\/{rel}","templated":true}]}}