{"id":3868,"date":"2025-08-17T02:46:10","date_gmt":"2025-08-17T00:46:10","guid":{"rendered":"https:\/\/velipost.com\/?p=3868"},"modified":"2025-08-17T02:46:16","modified_gmt":"2025-08-17T00:46:16","slug":"cap-haitien-le-15-aout-entre-ferveur-patronale-et-62-ans-de-tropicana-en-une-seule-fete","status":"publish","type":"post","link":"https:\/\/velipost.com\/?p=3868","title":{"rendered":"Cap-Ha\u00eftien : le 15 ao\u00fbt, entre ferveur patronale et 62 ans de Tropicana en une seule f\u00eate"},"content":{"rendered":"\n<p>Le Cap-Ha\u00eftien a c\u00e9l\u00e9br\u00e9, ce vendredi 15 ao\u00fbt 2025, un double \u00e9v\u00e9nement : la f\u00eate patronale de\u00a0Notre-Dame de l\u2019Assomption\u00a0et le\u00a062e anniversaire de l\u2019Orchestre Tropicana d\u2019Ha\u00efti. Processions religieuses, chants marials et odeurs d\u2019encens ont rythm\u00e9 la matin\u00e9e, avant que la ville ne se transforme en un vaste espace de r\u00e9jouissances.<\/p>\n\n\n\n<p>D\u00e8s la fin de la messe solennelle \u00e0 la cath\u00e9drale, les rues se sont anim\u00e9es : stands de nourriture, vendeurs de drapeaux bleu et blanc \u2014 couleurs du groupe \u2014 et haut-parleurs diffusant des classiques comme&nbsp;<em>Adrienne<\/em>&nbsp;ou&nbsp;<em>Fr\u00e8 kot papa<\/em>&nbsp;ont donn\u00e9 \u00e0 la cit\u00e9 christophienne un air de carnaval.<\/p>\n\n\n\n<p>Sur la place Notre-Dame, les\u00a0djokann\u00e8l\u00a0affluaient par centaines. Rose-Marie, 54 ans, venue de Fort-Libert\u00e9, confie :<\/p>\n\n\n\n<blockquote class=\"wp-block-quote is-layout-flow wp-block-quote-is-layout-flow\">\n<p>\u00ab Dans ma famille, Tropicana est une tradition. Aujourd\u2019hui, c\u2019est un honneur de vivre leur anniversaire le m\u00eame jour que la f\u00eate patronale. \u00bb<\/p>\n<\/blockquote>\n\n\n\n<p>Jean-Michel, 32 ans, casque bleu sur la t\u00eate, se souvient :<\/p>\n\n\n\n<blockquote class=\"wp-block-quote is-layout-flow wp-block-quote-is-layout-flow\">\n<p>\u00ab C\u2019est aux bals de Tropic, avec mon p\u00e8re, que j\u2019ai appris \u00e0 danser le compas direct. \u00bb<\/p>\n<\/blockquote>\n\n\n\n<p>\u00c0 la tomb\u00e9e de la nuit, les musiciens, \u00e9l\u00e9gants dans leurs costumes impeccables, ont enflamm\u00e9 la sc\u00e8ne. Les premi\u00e8res notes de&nbsp;<em>Lucie Lucie<\/em>&nbsp;ont suffi pour que la foule, d\u00e9j\u00e0 r\u00e9chauff\u00e9e par des heures de danse, se balance en ch\u0153ur. Entre deux morceaux, le maestro a salu\u00e9 \u00ab le Cap-Ha\u00eftien, berceau et c\u0153ur battant de Tropicana \u00bb, d\u00e9clenchant une ovation.<\/p>\n\n\n\n<div class=\"wp-block-uagb-image uagb-block-522891b4 wp-block-uagb-image--layout-default wp-block-uagb-image--effect-static wp-block-uagb-image--align-none\"><figure class=\"wp-block-uagb-image__figure\"><a class=\"\" href=\"https:\/\/velipost.com\/wp-content\/uploads\/2025\/08\/Cover-VP-3.jpg\" target=\"\" rel=\"noopener\"><img loading=\"lazy\" decoding=\"async\" srcset=\"https:\/\/velipost.com\/wp-content\/uploads\/2025\/08\/Cover-VP-3-1024x528.jpg ,https:\/\/velipost.com\/wp-content\/uploads\/2025\/08\/Cover-VP-3.jpg 780w, https:\/\/velipost.com\/wp-content\/uploads\/2025\/08\/Cover-VP-3.jpg 360w\" sizes=\"auto, (max-width: 480px) 150px\" src=\"https:\/\/velipost.com\/wp-content\/uploads\/2025\/08\/Cover-VP-3-1024x528.jpg\" alt=\"\" class=\"uag-image-3871\" width=\"1170\" height=\"603\" title=\"Cover VP\" loading=\"lazy\" role=\"img\"\/><\/a><\/figure><\/div>\n\n\n\n<p>Le groupe conserve une base de fans fid\u00e8le : les&nbsp;<strong>djokann\u00e8l<\/strong>, qui traversent les g\u00e9n\u00e9rations avec la m\u00eame passion. Ces amateurs inconditionnels suivent chacune de ses performances, transmettent ses classiques \u00e0 leurs enfants et participent activement \u00e0 la pr\u00e9servation de son h\u00e9ritage musical. Tropicana est ainsi bien plus qu\u2019un simple orchestre : un v\u00e9ritable&nbsp;<strong>symbole culturel du Nord et de la musique ha\u00eftienne en g\u00e9n\u00e9ral<\/strong>.<\/p>\n\n\n\n<p>Fond\u00e9 le 15 ao\u00fbt 1963, l\u2019Orchestre Tropicana est devenu un embl\u00e8me de discipline, de constance et de rayonnement culturel. Gr\u00e2ce \u00e0 un savant m\u00e9lange d\u2019anciens et de jeunes musiciens, il a travers\u00e9 les g\u00e9n\u00e9rations sans perdre son \u00e2me. En ce 15 ao\u00fbt, foi, tradition et compas direct se sont unis pour rappeler que, 62 ans apr\u00e8s, Tropicana demeure indissociable de l\u2019histoire musicale et identitaire du pays.<\/p>\n\n\n\n<div class=\"wp-block-uagb-image uagb-block-f93722f5 wp-block-uagb-image--layout-default wp-block-uagb-image--effect-static wp-block-uagb-image--align-none\"><figure class=\"wp-block-uagb-image__figure\"><a class=\"\" href=\"https:\/\/velipost.com\/wp-content\/uploads\/2025\/08\/Cover-VP@1x_1-1.jpg\" target=\"\" rel=\"noopener\"><img loading=\"lazy\" decoding=\"async\" srcset=\"https:\/\/velipost.com\/wp-content\/uploads\/2025\/08\/Cover-VP@1x_1-1-1024x528.jpg ,https:\/\/velipost.com\/wp-content\/uploads\/2025\/08\/Cover-VP@1x_1-1.jpg 780w, https:\/\/velipost.com\/wp-content\/uploads\/2025\/08\/Cover-VP@1x_1-1.jpg 360w\" sizes=\"auto, (max-width: 480px) 150px\" src=\"https:\/\/velipost.com\/wp-content\/uploads\/2025\/08\/Cover-VP@1x_1-1-1024x528.jpg\" alt=\"\" class=\"uag-image-3872\" width=\"1170\" height=\"603\" title=\"Cover VP@1x_1\" loading=\"lazy\" role=\"img\"\/><\/a><\/figure><\/div>\n\n\n\n<p>Au sommet de son art, Tropicana continue de briller avec gr\u00e2ce, honneur et m\u00e9rite. Institution musicale \u00e0 part enti\u00e8re, l\u2019orchestre offre depuis plus de six d\u00e9cennies un d\u00e9cor singulier \u00e0 la vie du peuple ha\u00eftien, m\u00ealant humour, joie et \u00e9motions. Chaque \u00e9tape de son parcours ajoute une nouvelle couleur, une nouvelle saveur \u00e0 l\u2019identit\u00e9 culturelle nationale.<\/p>\n\n\n\n<p>Assez m\u00fbr pour reconna\u00eetre ses erreurs et assez jeune pour r\u00eaver de son centenaire, Tropicana incarne une jeunesse de l\u2019esprit qui traverse les g\u00e9n\u00e9rations. Comme un feu d\u2019artifice, il illumine la cit\u00e9 christophienne et tout Ha\u00efti, rappelant que certaines traditions ne vieillissent jamais : elles se renouvellent, se r\u00e9inventent et se transmettent comme un h\u00e9ritage pr\u00e9cieux.<\/p>\n\n\n\n<div class=\"wp-block-uagb-image uagb-block-e5528a84 wp-block-uagb-image--layout-default wp-block-uagb-image--effect-static wp-block-uagb-image--align-none\"><figure class=\"wp-block-uagb-image__figure\"><a class=\"\" href=\"https:\/\/velipost.com\/wp-content\/uploads\/2025\/08\/Cover-VP-1.jpg\" target=\"\" rel=\"noopener\"><img loading=\"lazy\" decoding=\"async\" srcset=\"https:\/\/velipost.com\/wp-content\/uploads\/2025\/08\/Cover-VP-1-1024x528.jpg ,https:\/\/velipost.com\/wp-content\/uploads\/2025\/08\/Cover-VP-1.jpg 780w, https:\/\/velipost.com\/wp-content\/uploads\/2025\/08\/Cover-VP-1.jpg 360w\" sizes=\"auto, (max-width: 480px) 150px\" src=\"https:\/\/velipost.com\/wp-content\/uploads\/2025\/08\/Cover-VP-1-1024x528.jpg\" alt=\"\" class=\"uag-image-3870\" width=\"1024\" height=\"528\" title=\"Cover VP\" loading=\"lazy\" role=\"img\"\/><\/a><\/figure><\/div>\n\n    <div class=\"xs_social_share_widget xs_share_url after_content \t\tmain_content  wslu-style-3 wslu-share-box-shaped wslu-fill-brand-hover-colored wslu-share-m-5 wslu-none wslu-share-horizontal wslu-theme-font-no wslu-main_content\">\n\n\t\t\n        <ul>\n\t\t\t                    <li class=\"xs-share-li twitter                        wslu-no-extra-data\">\n                        <a href=\"javascript:void(0);\"\n                           id=\"xs_feed_twitter\"\n                           onclick=\"xs_social_sharer(this);\"\n                           data-pid=\"3868\"\n                           data-uri_hash=\"698b35acd8cceff4800e8195a15bdc99\"\n                           data-key=\"twitter\"\n                           data-xs-href=\"https:\/\/twitter.com\/intent\/tweet?text=Cap-Ha%C3%AFtien+%3A+le+15+ao%C3%BBt%2C+entre+ferveur+patronale+et+62+ans+de+Tropicana+en+une+seule+f%C3%AAte+https%3A%2F%2Fvelipost.com%2Findex.php%3Frest_route%3D%252Fwp%252Fv2%252Fposts%252F3868&amp;original_referer=https%3A%2F%2Fvelipost.com%2Findex.php%3Frest_route%3D%252Fwp%252Fv2%252Fposts%252F3868&amp;related=xpeedstudio\">\n\n                            <div class=\"xs-social-icon\">\n                                <span class=\"met-social met-social-twitter\"><\/span>\n                            <\/div>\n\n\t\t\t\t\t\t\t\n                            <div class=\"wslu-hover-content\">\n                                <div class=\"xs-social-followers\">\n\t\t\t\t\t\t\t\t\t10                                <\/div>\n                                <div class=\"xs-social-follower-text\">\n\t\t\t\t\t\t\t\t\tShare                                <\/div>\n                                <div class=\"xs-social-follower-label\">\n\t\t\t\t\t\t\t\t\tTwitter                                <\/div>\n                            <\/div>\n                        <\/a>\n                    <\/li>\n\t\t\t\t\t                    <li class=\"xs-share-li telegram                        wslu-no-extra-data\">\n                        <a href=\"javascript:void(0);\"\n                           id=\"xs_feed_telegram\"\n                           onclick=\"xs_social_sharer(this);\"\n                           data-pid=\"3868\"\n                           data-uri_hash=\"698b35acd8cceff4800e8195a15bdc99\"\n                           data-key=\"telegram\"\n                           data-xs-href=\"https:\/\/telegram.me\/share\/url?url=https%3A%2F%2Fvelipost.com%2Findex.php%3Frest_route%3D%252Fwp%252Fv2%252Fposts%252F3868&amp;text=Cap-Ha%C3%AFtien+%3A+le+15+ao%C3%BBt%2C+entre+ferveur+patronale+et+62+ans+de+Tropicana+en+une+seule+f%C3%AAte\">\n\n                            <div class=\"xs-social-icon\">\n                                <span class=\"met-social met-social-telegram\"><\/span>\n                            <\/div>\n\n\t\t\t\t\t\t\t\n                            <div class=\"wslu-hover-content\">\n                                <div class=\"xs-social-followers\">\n\t\t\t\t\t\t\t\t\t0                                <\/div>\n                                <div class=\"xs-social-follower-text\">\n\t\t\t\t\t\t\t\t\tShare                                <\/div>\n                                <div class=\"xs-social-follower-label\">\n\t\t\t\t\t\t\t\t\tTelegram                                <\/div>\n                            <\/div>\n                        <\/a>\n                    <\/li>\n\t\t\t\t\t                    <li class=\"xs-share-li email                        wslu-no-extra-data\">\n                        <a href=\"javascript:void(0);\"\n                           id=\"xs_feed_email\"\n                           onclick=\"xs_social_sharer(this);\"\n                           data-pid=\"3868\"\n                           data-uri_hash=\"698b35acd8cceff4800e8195a15bdc99\"\n                           data-key=\"email\"\n                           data-xs-href=\"mailto:?body=Title%3A+Cap-Ha%C3%AFtien+%3A+le+15+ao%C3%BBt%2C+entre+ferveur+patronale+et+62+ans+de+Tropicana+en+une+seule+f%C3%AAte+%5Cn%5Cn+URL%3A+https%3A%2F%2Fvelipost.com%2Findex.php%3Frest_route%3D%252Fwp%252Fv2%252Fposts%252F3868&amp;subject=Cap-Ha%C3%AFtien+%3A+le+15+ao%C3%BBt%2C+entre+ferveur+patronale+et+62+ans+de+Tropicana+en+une+seule+f%C3%AAte\">\n\n                            <div class=\"xs-social-icon\">\n                                <span class=\"met-social met-social-email\"><\/span>\n                            <\/div>\n\n\t\t\t\t\t\t\t\n                            <div class=\"wslu-hover-content\">\n                                <div class=\"xs-social-followers\">\n\t\t\t\t\t\t\t\t\t0                                <\/div>\n                                <div class=\"xs-social-follower-text\">\n\t\t\t\t\t\t\t\t\tShare                                <\/div>\n                                <div class=\"xs-social-follower-label\">\n\t\t\t\t\t\t\t\t\tEmail                                <\/div>\n                            <\/div>\n                        <\/a>\n                    <\/li>\n\t\t\t\t\t        <\/ul>\n    <\/div> \n","protected":false},"excerpt":{"rendered":"<p>Le Cap-Ha\u00eftien a c\u00e9l\u00e9br\u00e9, ce vendredi 15 ao\u00fbt 2025, un double \u00e9v\u00e9nement : la f\u00eate patronale de\u00a0Notre-Dame de l\u2019Assomption\u00a0et le\u00a062e anniversaire de l\u2019Orchestre Tropicana<\/p>\n","protected":false},"author":1,"featured_media":3869,"comment_status":"open","ping_status":"open","sticky":false,"template":"","format":"standard","meta":{"_uag_custom_page_level_css":"","footnotes":"","jetpack_publicize_message":"","jetpack_publicize_feature_enabled":true,"jetpack_social_post_already_shared":true,"jetpack_social_options":{"image_generator_settings":{"template":"highway","default_image_id":0,"font":"","enabled":false},"version":2}},"categories":[54,189],"tags":[],"class_list":["post-3868","post","type-post","status-publish","format-standard","has-post-thumbnail","hentry","category-culture","category-musique"],"yoast_head":"<!-- This site is optimized with the Yoast SEO plugin v25.3.1 - https:\/\/yoast.com\/wordpress\/plugins\/seo\/ -->\n<title>Cap-Ha\u00eftien : le 15 ao\u00fbt, entre ferveur patronale et 62 ans de Tropicana en une seule f\u00eate &#8211; VeliPost<\/title>\n<meta name=\"robots\" content=\"index, follow, max-snippet:-1, max-image-preview:large, max-video-preview:-1\" \/>\n<link rel=\"canonical\" href=\"https:\/\/velipost.com\/?p=3868\" \/>\n<meta property=\"og:locale\" content=\"fr_FR\" \/>\n<meta property=\"og:type\" content=\"article\" \/>\n<meta property=\"og:title\" content=\"Cap-Ha\u00eftien : le 15 ao\u00fbt, entre ferveur patronale et 62 ans de Tropicana en une seule f\u00eate &#8211; VeliPost\" \/>\n<meta property=\"og:description\" content=\"Le Cap-Ha\u00eftien a c\u00e9l\u00e9br\u00e9, ce vendredi 15 ao\u00fbt 2025, un double \u00e9v\u00e9nement : la f\u00eate patronale de\u00a0Notre-Dame de l\u2019Assomption\u00a0et le\u00a062e anniversaire de l\u2019Orchestre Tropicana\" \/>\n<meta property=\"og:url\" content=\"https:\/\/velipost.com\/?p=3868\" \/>\n<meta property=\"og:site_name\" content=\"VeliPost\" \/>\n<meta property=\"article:publisher\" content=\"https:\/\/www.facebook.com\/veliposthaiti\" \/>\n<meta property=\"article:published_time\" content=\"2025-08-17T00:46:10+00:00\" \/>\n<meta property=\"article:modified_time\" content=\"2025-08-17T00:46:16+00:00\" \/>\n<meta property=\"og:image\" content=\"https:\/\/velipost.com\/wp-content\/uploads\/2025\/08\/Cover-VP.jpg\" \/>\n\t<meta property=\"og:image:width\" content=\"1170\" \/>\n\t<meta property=\"og:image:height\" content=\"603\" \/>\n\t<meta property=\"og:image:type\" content=\"image\/jpeg\" \/>\n<meta name=\"author\" content=\"VeliPost\" \/>\n<meta name=\"twitter:card\" content=\"summary_large_image\" \/>\n<meta name=\"twitter:creator\" content=\"@veliposthaiti\" \/>\n<meta name=\"twitter:site\" content=\"@veliposthaiti\" \/>\n<meta name=\"twitter:label1\" content=\"\u00c9crit par\" \/>\n\t<meta name=\"twitter:data1\" content=\"VeliPost\" \/>\n\t<meta name=\"twitter:label2\" content=\"Dur\u00e9e de lecture estim\u00e9e\" \/>\n\t<meta name=\"twitter:data2\" content=\"3 minutes\" \/>\n<script type=\"application\/ld+json\" class=\"yoast-schema-graph\">{\"@context\":\"https:\/\/schema.org\",\"@graph\":[{\"@type\":\"Article\",\"@id\":\"https:\/\/velipost.com\/?p=3868#article\",\"isPartOf\":{\"@id\":\"https:\/\/velipost.com\/?p=3868\"},\"author\":{\"name\":\"VeliPost\",\"@id\":\"https:\/\/velipost.com\/#\/schema\/person\/32ff49a53c9c1bb24302ee8ece058096\"},\"headline\":\"Cap-Ha\u00eftien : le 15 ao\u00fbt, entre ferveur patronale et 62 ans de Tropicana en une seule f\u00eate\",\"datePublished\":\"2025-08-17T00:46:10+00:00\",\"dateModified\":\"2025-08-17T00:46:16+00:00\",\"mainEntityOfPage\":{\"@id\":\"https:\/\/velipost.com\/?p=3868\"},\"wordCount\":547,\"commentCount\":0,\"publisher\":{\"@id\":\"https:\/\/velipost.com\/#organization\"},\"image\":{\"@id\":\"https:\/\/velipost.com\/?p=3868#primaryimage\"},\"thumbnailUrl\":\"https:\/\/velipost.com\/wp-content\/uploads\/2025\/08\/Cover-VP.jpg\",\"articleSection\":[\"Culture\",\"Musique\"],\"inLanguage\":\"fr-FR\",\"potentialAction\":[{\"@type\":\"CommentAction\",\"name\":\"Comment\",\"target\":[\"https:\/\/velipost.com\/?p=3868#respond\"]}]},{\"@type\":\"WebPage\",\"@id\":\"https:\/\/velipost.com\/?p=3868\",\"url\":\"https:\/\/velipost.com\/?p=3868\",\"name\":\"Cap-Ha\u00eftien : le 15 ao\u00fbt, entre ferveur patronale et 62 ans de Tropicana en une seule f\u00eate &#8211; VeliPost\",\"isPartOf\":{\"@id\":\"https:\/\/velipost.com\/#website\"},\"primaryImageOfPage\":{\"@id\":\"https:\/\/velipost.com\/?p=3868#primaryimage\"},\"image\":{\"@id\":\"https:\/\/velipost.com\/?p=3868#primaryimage\"},\"thumbnailUrl\":\"https:\/\/velipost.com\/wp-content\/uploads\/2025\/08\/Cover-VP.jpg\",\"datePublished\":\"2025-08-17T00:46:10+00:00\",\"dateModified\":\"2025-08-17T00:46:16+00:00\",\"breadcrumb\":{\"@id\":\"https:\/\/velipost.com\/?p=3868#breadcrumb\"},\"inLanguage\":\"fr-FR\",\"potentialAction\":[{\"@type\":\"ReadAction\",\"target\":[\"https:\/\/velipost.com\/?p=3868\"]}]},{\"@type\":\"ImageObject\",\"inLanguage\":\"fr-FR\",\"@id\":\"https:\/\/velipost.com\/?p=3868#primaryimage\",\"url\":\"https:\/\/velipost.com\/wp-content\/uploads\/2025\/08\/Cover-VP.jpg\",\"contentUrl\":\"https:\/\/velipost.com\/wp-content\/uploads\/2025\/08\/Cover-VP.jpg\",\"width\":1170,\"height\":603},{\"@type\":\"BreadcrumbList\",\"@id\":\"https:\/\/velipost.com\/?p=3868#breadcrumb\",\"itemListElement\":[{\"@type\":\"ListItem\",\"position\":1,\"name\":\"Accueil\",\"item\":\"https:\/\/velipost.com\/\"},{\"@type\":\"ListItem\",\"position\":2,\"name\":\"Cap-Ha\u00eftien : le 15 ao\u00fbt, entre ferveur patronale et 62 ans de Tropicana en une seule f\u00eate\"}]},{\"@type\":\"WebSite\",\"@id\":\"https:\/\/velipost.com\/#website\",\"url\":\"https:\/\/velipost.com\/\",\"name\":\"VeliPost\",\"description\":\"L\u2019info en un clic\",\"publisher\":{\"@id\":\"https:\/\/velipost.com\/#organization\"},\"potentialAction\":[{\"@type\":\"SearchAction\",\"target\":{\"@type\":\"EntryPoint\",\"urlTemplate\":\"https:\/\/velipost.com\/?s={search_term_string}\"},\"query-input\":{\"@type\":\"PropertyValueSpecification\",\"valueRequired\":true,\"valueName\":\"search_term_string\"}}],\"inLanguage\":\"fr-FR\"},{\"@type\":\"Organization\",\"@id\":\"https:\/\/velipost.com\/#organization\",\"name\":\"VeliPost\",\"url\":\"https:\/\/velipost.com\/\",\"logo\":{\"@type\":\"ImageObject\",\"inLanguage\":\"fr-FR\",\"@id\":\"https:\/\/velipost.com\/#\/schema\/logo\/image\/\",\"url\":\"https:\/\/velipost.com\/wp-content\/uploads\/2024\/08\/cropped-VP-logo-piti.png\",\"contentUrl\":\"https:\/\/velipost.com\/wp-content\/uploads\/2024\/08\/cropped-VP-logo-piti.png\",\"width\":201,\"height\":69,\"caption\":\"VeliPost\"},\"image\":{\"@id\":\"https:\/\/velipost.com\/#\/schema\/logo\/image\/\"},\"sameAs\":[\"https:\/\/www.facebook.com\/veliposthaiti\",\"https:\/\/x.com\/veliposthaiti\",\"https:\/\/www.instagram.com\/veliposthaiti\"]},{\"@type\":\"Person\",\"@id\":\"https:\/\/velipost.com\/#\/schema\/person\/32ff49a53c9c1bb24302ee8ece058096\",\"name\":\"VeliPost\",\"image\":{\"@type\":\"ImageObject\",\"inLanguage\":\"fr-FR\",\"@id\":\"https:\/\/velipost.com\/#\/schema\/person\/image\/\",\"url\":\"https:\/\/secure.gravatar.com\/avatar\/57c226c264de62f794185a89596d4a37b85a5ad20aca30d9d5a478b27d8c8d9d?s=96&d=mm&r=g\",\"contentUrl\":\"https:\/\/secure.gravatar.com\/avatar\/57c226c264de62f794185a89596d4a37b85a5ad20aca30d9d5a478b27d8c8d9d?s=96&d=mm&r=g\",\"caption\":\"VeliPost\"},\"sameAs\":[\"https:\/\/velipost.com\"],\"url\":\"https:\/\/velipost.com\/?author=1\"}]}<\/script>\n<!-- \/ Yoast SEO plugin. -->","yoast_head_json":{"title":"Cap-Ha\u00eftien : le 15 ao\u00fbt, entre ferveur patronale et 62 ans de Tropicana en une seule f\u00eate &#8211; VeliPost","robots":{"index":"index","follow":"follow","max-snippet":"max-snippet:-1","max-image-preview":"max-image-preview:large","max-video-preview":"max-video-preview:-1"},"canonical":"https:\/\/velipost.com\/?p=3868","og_locale":"fr_FR","og_type":"article","og_title":"Cap-Ha\u00eftien : le 15 ao\u00fbt, entre ferveur patronale et 62 ans de Tropicana en une seule f\u00eate &#8211; VeliPost","og_description":"Le Cap-Ha\u00eftien a c\u00e9l\u00e9br\u00e9, ce vendredi 15 ao\u00fbt 2025, un double \u00e9v\u00e9nement : la f\u00eate patronale de\u00a0Notre-Dame de l\u2019Assomption\u00a0et le\u00a062e anniversaire de l\u2019Orchestre Tropicana","og_url":"https:\/\/velipost.com\/?p=3868","og_site_name":"VeliPost","article_publisher":"https:\/\/www.facebook.com\/veliposthaiti","article_published_time":"2025-08-17T00:46:10+00:00","article_modified_time":"2025-08-17T00:46:16+00:00","og_image":[{"width":1170,"height":603,"url":"https:\/\/velipost.com\/wp-content\/uploads\/2025\/08\/Cover-VP.jpg","type":"image\/jpeg"}],"author":"VeliPost","twitter_card":"summary_large_image","twitter_creator":"@veliposthaiti","twitter_site":"@veliposthaiti","twitter_misc":{"\u00c9crit par":"VeliPost","Dur\u00e9e de lecture estim\u00e9e":"3 minutes"},"schema":{"@context":"https:\/\/schema.org","@graph":[{"@type":"Article","@id":"https:\/\/velipost.com\/?p=3868#article","isPartOf":{"@id":"https:\/\/velipost.com\/?p=3868"},"author":{"name":"VeliPost","@id":"https:\/\/velipost.com\/#\/schema\/person\/32ff49a53c9c1bb24302ee8ece058096"},"headline":"Cap-Ha\u00eftien : le 15 ao\u00fbt, entre ferveur patronale et 62 ans de Tropicana en une seule f\u00eate","datePublished":"2025-08-17T00:46:10+00:00","dateModified":"2025-08-17T00:46:16+00:00","mainEntityOfPage":{"@id":"https:\/\/velipost.com\/?p=3868"},"wordCount":547,"commentCount":0,"publisher":{"@id":"https:\/\/velipost.com\/#organization"},"image":{"@id":"https:\/\/velipost.com\/?p=3868#primaryimage"},"thumbnailUrl":"https:\/\/velipost.com\/wp-content\/uploads\/2025\/08\/Cover-VP.jpg","articleSection":["Culture","Musique"],"inLanguage":"fr-FR","potentialAction":[{"@type":"CommentAction","name":"Comment","target":["https:\/\/velipost.com\/?p=3868#respond"]}]},{"@type":"WebPage","@id":"https:\/\/velipost.com\/?p=3868","url":"https:\/\/velipost.com\/?p=3868","name":"Cap-Ha\u00eftien : le 15 ao\u00fbt, entre ferveur patronale et 62 ans de Tropicana en une seule f\u00eate &#8211; VeliPost","isPartOf":{"@id":"https:\/\/velipost.com\/#website"},"primaryImageOfPage":{"@id":"https:\/\/velipost.com\/?p=3868#primaryimage"},"image":{"@id":"https:\/\/velipost.com\/?p=3868#primaryimage"},"thumbnailUrl":"https:\/\/velipost.com\/wp-content\/uploads\/2025\/08\/Cover-VP.jpg","datePublished":"2025-08-17T00:46:10+00:00","dateModified":"2025-08-17T00:46:16+00:00","breadcrumb":{"@id":"https:\/\/velipost.com\/?p=3868#breadcrumb"},"inLanguage":"fr-FR","potentialAction":[{"@type":"ReadAction","target":["https:\/\/velipost.com\/?p=3868"]}]},{"@type":"ImageObject","inLanguage":"fr-FR","@id":"https:\/\/velipost.com\/?p=3868#primaryimage","url":"https:\/\/velipost.com\/wp-content\/uploads\/2025\/08\/Cover-VP.jpg","contentUrl":"https:\/\/velipost.com\/wp-content\/uploads\/2025\/08\/Cover-VP.jpg","width":1170,"height":603},{"@type":"BreadcrumbList","@id":"https:\/\/velipost.com\/?p=3868#breadcrumb","itemListElement":[{"@type":"ListItem","position":1,"name":"Accueil","item":"https:\/\/velipost.com\/"},{"@type":"ListItem","position":2,"name":"Cap-Ha\u00eftien : le 15 ao\u00fbt, entre ferveur patronale et 62 ans de Tropicana en une seule f\u00eate"}]},{"@type":"WebSite","@id":"https:\/\/velipost.com\/#website","url":"https:\/\/velipost.com\/","name":"VeliPost","description":"L\u2019info en un clic","publisher":{"@id":"https:\/\/velipost.com\/#organization"},"potentialAction":[{"@type":"SearchAction","target":{"@type":"EntryPoint","urlTemplate":"https:\/\/velipost.com\/?s={search_term_string}"},"query-input":{"@type":"PropertyValueSpecification","valueRequired":true,"valueName":"search_term_string"}}],"inLanguage":"fr-FR"},{"@type":"Organization","@id":"https:\/\/velipost.com\/#organization","name":"VeliPost","url":"https:\/\/velipost.com\/","logo":{"@type":"ImageObject","inLanguage":"fr-FR","@id":"https:\/\/velipost.com\/#\/schema\/logo\/image\/","url":"https:\/\/velipost.com\/wp-content\/uploads\/2024\/08\/cropped-VP-logo-piti.png","contentUrl":"https:\/\/velipost.com\/wp-content\/uploads\/2024\/08\/cropped-VP-logo-piti.png","width":201,"height":69,"caption":"VeliPost"},"image":{"@id":"https:\/\/velipost.com\/#\/schema\/logo\/image\/"},"sameAs":["https:\/\/www.facebook.com\/veliposthaiti","https:\/\/x.com\/veliposthaiti","https:\/\/www.instagram.com\/veliposthaiti"]},{"@type":"Person","@id":"https:\/\/velipost.com\/#\/schema\/person\/32ff49a53c9c1bb24302ee8ece058096","name":"VeliPost","image":{"@type":"ImageObject","inLanguage":"fr-FR","@id":"https:\/\/velipost.com\/#\/schema\/person\/image\/","url":"https:\/\/secure.gravatar.com\/avatar\/57c226c264de62f794185a89596d4a37b85a5ad20aca30d9d5a478b27d8c8d9d?s=96&d=mm&r=g","contentUrl":"https:\/\/secure.gravatar.com\/avatar\/57c226c264de62f794185a89596d4a37b85a5ad20aca30d9d5a478b27d8c8d9d?s=96&d=mm&r=g","caption":"VeliPost"},"sameAs":["https:\/\/velipost.com"],"url":"https:\/\/velipost.com\/?author=1"}]}},"views":1,"jetpack_publicize_connections":[],"uagb_featured_image_src":{"full":["https:\/\/velipost.com\/wp-content\/uploads\/2025\/08\/Cover-VP.jpg",1170,603,false],"thumbnail":["https:\/\/velipost.com\/wp-content\/uploads\/2025\/08\/Cover-VP-150x150.jpg",150,150,true],"medium":["https:\/\/velipost.com\/wp-content\/uploads\/2025\/08\/Cover-VP-300x155.jpg",300,155,true],"medium_large":["https:\/\/velipost.com\/wp-content\/uploads\/2025\/08\/Cover-VP-768x396.jpg",715,369,true],"large":["https:\/\/velipost.com\/wp-content\/uploads\/2025\/08\/Cover-VP-1024x528.jpg",715,369,true],"1536x1536":["https:\/\/velipost.com\/wp-content\/uploads\/2025\/08\/Cover-VP.jpg",1170,603,false],"2048x2048":["https:\/\/velipost.com\/wp-content\/uploads\/2025\/08\/Cover-VP.jpg",1170,603,false],"colornews-big-slider":["https:\/\/velipost.com\/wp-content\/uploads\/2025\/08\/Cover-VP-1070x470.jpg",1070,470,true],"colornews-big-slider-thumb":["https:\/\/velipost.com\/wp-content\/uploads\/2025\/08\/Cover-VP-184x109.jpg",184,109,true],"colornews-featured-post-medium":["https:\/\/velipost.com\/wp-content\/uploads\/2025\/08\/Cover-VP-345x265.jpg",345,265,true],"colornews-featured-post-small":["https:\/\/velipost.com\/wp-content\/uploads\/2025\/08\/Cover-VP-115x73.jpg",115,73,true],"colornews-random-posts":["https:\/\/velipost.com\/wp-content\/uploads\/2025\/08\/Cover-VP-215x215.jpg",215,215,true],"colornews-featured-image":["https:\/\/velipost.com\/wp-content\/uploads\/2025\/08\/Cover-VP-715x400.jpg",715,400,true],"mailpoet_newsletter_max":["https:\/\/velipost.com\/wp-content\/uploads\/2025\/08\/Cover-VP.jpg",1170,603,false]},"uagb_author_info":{"display_name":"VeliPost","author_link":"https:\/\/velipost.com\/?author=1"},"uagb_comment_info":0,"uagb_excerpt":"Le Cap-Ha\u00eftien a c\u00e9l\u00e9br\u00e9, ce vendredi 15 ao\u00fbt 2025, un double \u00e9v\u00e9nement : la f\u00eate patronale de\u00a0Notre-Dame de l\u2019Assomption\u00a0et le\u00a062e anniversaire de l\u2019Orchestre Tropicana","_links":{"self":[{"href":"https:\/\/velipost.com\/index.php?rest_route=\/wp\/v2\/posts\/3868","targetHints":{"allow":["GET"]}}],"collection":[{"href":"https:\/\/velipost.com\/index.php?rest_route=\/wp\/v2\/posts"}],"about":[{"href":"https:\/\/velipost.com\/index.php?rest_route=\/wp\/v2\/types\/post"}],"author":[{"embeddable":true,"href":"https:\/\/velipost.com\/index.php?rest_route=\/wp\/v2\/users\/1"}],"replies":[{"embeddable":true,"href":"https:\/\/velipost.com\/index.php?rest_route=%2Fwp%2Fv2%2Fcomments&post=3868"}],"version-history":[{"count":1,"href":"https:\/\/velipost.com\/index.php?rest_route=\/wp\/v2\/posts\/3868\/revisions"}],"predecessor-version":[{"id":3873,"href":"https:\/\/velipost.com\/index.php?rest_route=\/wp\/v2\/posts\/3868\/revisions\/3873"}],"wp:featuredmedia":[{"embeddable":true,"href":"https:\/\/velipost.com\/index.php?rest_route=\/wp\/v2\/media\/3869"}],"wp:attachment":[{"href":"https:\/\/velipost.com\/index.php?rest_route=%2Fwp%2Fv2%2Fmedia&parent=3868"}],"wp:term":[{"taxonomy":"category","embeddable":true,"href":"https:\/\/velipost.com\/index.php?rest_route=%2Fwp%2Fv2%2Fcategories&post=3868"},{"taxonomy":"post_tag","embeddable":true,"href":"https:\/\/velipost.com\/index.php?rest_route=%2Fwp%2Fv2%2Ftags&post=3868"}],"curies":[{"name":"wp","href":"https:\/\/api.w.org\/{rel}","templated":true}]}}