{"id":3810,"date":"2025-08-13T15:54:29","date_gmt":"2025-08-13T13:54:29","guid":{"rendered":"https:\/\/velipost.com\/?p=3810"},"modified":"2025-08-13T15:54:31","modified_gmt":"2025-08-13T13:54:31","slug":"le-president-du-cpt-rencontre-une-delegation-kenyane-sur-la-situation-securitaire-du-pays","status":"publish","type":"post","link":"https:\/\/velipost.com\/?p=3810","title":{"rendered":"Le Pr\u00e9sident du CPT rencontre une d\u00e9l\u00e9gation k\u00e9nyane sur la situation s\u00e9curitaire du pays"},"content":{"rendered":"\n<p>Mardi 12 ao\u00fbt 2025, le Pr\u00e9sident du Conseil Pr\u00e9sidentiel de Transition (CPT), Laurent Saint-Cyr, accompagn\u00e9 du conseiller pr\u00e9sidentiel Leslie Voltaire, a re\u00e7u une d\u00e9l\u00e9gation officielle du Kenya conduite par M. Joseph Boinnet, Deputy National Security Advisor, informe la Pr\u00e9sidence dans un communiqu\u00e9.<\/p>\n\n\n\n<p>Selon le document, cette visite s\u2019inscrit dans le cadre du renforcement des liens de coop\u00e9ration entre Ha\u00efti et le Kenya, notamment \u00e0 travers la Mission multinationale de soutien \u00e0 la s\u00e9curit\u00e9 (MMSS).<\/p>\n\n\n\n<p>\u00ab Au nom du peuple et du Gouvernement d\u2019Ha\u00efti, le Pr\u00e9sident Saint-Cyr a exprim\u00e9 sa profonde gratitude pour l\u2019engagement et les sacrifices consentis par les forces k\u00e9nyanes d\u00e9ploy\u00e9es sur le territoire, saluant la m\u00e9moire de ceux tomb\u00e9s dans l\u2019accomplissement de leur mission \u00bb, indique le communiqu\u00e9.<\/p>\n\n\n\n<p>Le chef du CPT a \u00e9galement soulign\u00e9 l\u2019importance d\u2019une coordination renforc\u00e9e entre la Police nationale d\u2019Ha\u00efti (PNH), les Forces arm\u00e9es d\u2019Ha\u00efti (FAd\u2019H) et la MMSS, afin d\u2019accro\u00eetre l\u2019efficacit\u00e9 des op\u00e9rations sur le terrain et de favoriser la r\u00e9ussite des chantiers de la transition.<\/p>\n\n\n\n<p>Pour leur part, les repr\u00e9sentants k\u00e9nyans ont r\u00e9affirm\u00e9 l\u2019engagement ferme de leur pays \u00e0 \u0153uvrer, aux c\u00f4t\u00e9s d\u2019Ha\u00efti, pour la paix et la stabilit\u00e9. Ils ont aussi salu\u00e9 l\u2019hospitalit\u00e9 et la collaboration des autorit\u00e9s ha\u00eftiennes, soulignant que l\u2019ouverture prochaine du Consulat du Kenya constituera un jalon important dans le renforcement des relations bilat\u00e9rales.<\/p>\n\n\n\n<p>Les deux parties ont convenu de poursuivre le plaidoyer en faveur d\u2019un soutien accru en \u00e9quipements et ressources logistiques \u00e0 la MMSS, ainsi que les discussions sur l\u2019avenir de la mission, y compris les propositions actuellement soumises \u00e0 l\u2019ONU et \u00e0 l\u2019OEA.<\/p>\n\n    <div class=\"xs_social_share_widget xs_share_url after_content \t\tmain_content  wslu-style-3 wslu-share-box-shaped wslu-fill-brand-hover-colored wslu-share-m-5 wslu-none wslu-share-horizontal wslu-theme-font-no wslu-main_content\">\n\n\t\t\n        <ul>\n\t\t\t                    <li class=\"xs-share-li twitter                        wslu-no-extra-data\">\n                        <a href=\"javascript:void(0);\"\n                           id=\"xs_feed_twitter\"\n                           onclick=\"xs_social_sharer(this);\"\n                           data-pid=\"3810\"\n                           data-uri_hash=\"3a1f4d29f80c5e2fe89f5f1de7c87b3f\"\n                           data-key=\"twitter\"\n                           data-xs-href=\"https:\/\/twitter.com\/intent\/tweet?text=Le+Pr%C3%A9sident+du+CPT+rencontre+une+d%C3%A9l%C3%A9gation+k%C3%A9nyane+sur+la+situation+s%C3%A9curitaire+du+pays+https%3A%2F%2Fvelipost.com%2Findex.php%3Frest_route%3D%252Fwp%252Fv2%252Fposts%252F3810&amp;original_referer=https%3A%2F%2Fvelipost.com%2Findex.php%3Frest_route%3D%252Fwp%252Fv2%252Fposts%252F3810&amp;related=xpeedstudio\">\n\n                            <div class=\"xs-social-icon\">\n                                <span class=\"met-social met-social-twitter\"><\/span>\n                            <\/div>\n\n\t\t\t\t\t\t\t\n                            <div class=\"wslu-hover-content\">\n                                <div class=\"xs-social-followers\">\n\t\t\t\t\t\t\t\t\t10                                <\/div>\n                                <div class=\"xs-social-follower-text\">\n\t\t\t\t\t\t\t\t\tShare                                <\/div>\n                                <div class=\"xs-social-follower-label\">\n\t\t\t\t\t\t\t\t\tTwitter                                <\/div>\n                            <\/div>\n                        <\/a>\n                    <\/li>\n\t\t\t\t\t                    <li class=\"xs-share-li telegram                        wslu-no-extra-data\">\n                        <a href=\"javascript:void(0);\"\n                           id=\"xs_feed_telegram\"\n                           onclick=\"xs_social_sharer(this);\"\n                           data-pid=\"3810\"\n                           data-uri_hash=\"3a1f4d29f80c5e2fe89f5f1de7c87b3f\"\n                           data-key=\"telegram\"\n                           data-xs-href=\"https:\/\/telegram.me\/share\/url?url=https%3A%2F%2Fvelipost.com%2Findex.php%3Frest_route%3D%252Fwp%252Fv2%252Fposts%252F3810&amp;text=Le+Pr%C3%A9sident+du+CPT+rencontre+une+d%C3%A9l%C3%A9gation+k%C3%A9nyane+sur+la+situation+s%C3%A9curitaire+du+pays\">\n\n                            <div class=\"xs-social-icon\">\n                                <span class=\"met-social met-social-telegram\"><\/span>\n                            <\/div>\n\n\t\t\t\t\t\t\t\n                            <div class=\"wslu-hover-content\">\n                                <div class=\"xs-social-followers\">\n\t\t\t\t\t\t\t\t\t0                                <\/div>\n                                <div class=\"xs-social-follower-text\">\n\t\t\t\t\t\t\t\t\tShare                                <\/div>\n                                <div class=\"xs-social-follower-label\">\n\t\t\t\t\t\t\t\t\tTelegram                                <\/div>\n                            <\/div>\n                        <\/a>\n                    <\/li>\n\t\t\t\t\t                    <li class=\"xs-share-li email                        wslu-no-extra-data\">\n                        <a href=\"javascript:void(0);\"\n                           id=\"xs_feed_email\"\n                           onclick=\"xs_social_sharer(this);\"\n                           data-pid=\"3810\"\n                           data-uri_hash=\"3a1f4d29f80c5e2fe89f5f1de7c87b3f\"\n                           data-key=\"email\"\n                           data-xs-href=\"mailto:?body=Title%3A+Le+Pr%C3%A9sident+du+CPT+rencontre+une+d%C3%A9l%C3%A9gation+k%C3%A9nyane+sur+la+situation+s%C3%A9curitaire+du+pays+%5Cn%5Cn+URL%3A+https%3A%2F%2Fvelipost.com%2Findex.php%3Frest_route%3D%252Fwp%252Fv2%252Fposts%252F3810&amp;subject=Le+Pr%C3%A9sident+du+CPT+rencontre+une+d%C3%A9l%C3%A9gation+k%C3%A9nyane+sur+la+situation+s%C3%A9curitaire+du+pays\">\n\n                            <div class=\"xs-social-icon\">\n                                <span class=\"met-social met-social-email\"><\/span>\n                            <\/div>\n\n\t\t\t\t\t\t\t\n                            <div class=\"wslu-hover-content\">\n                                <div class=\"xs-social-followers\">\n\t\t\t\t\t\t\t\t\t0                                <\/div>\n                                <div class=\"xs-social-follower-text\">\n\t\t\t\t\t\t\t\t\tShare                                <\/div>\n                                <div class=\"xs-social-follower-label\">\n\t\t\t\t\t\t\t\t\tEmail                                <\/div>\n                            <\/div>\n                        <\/a>\n                    <\/li>\n\t\t\t\t\t        <\/ul>\n    <\/div> \n","protected":false},"excerpt":{"rendered":"<p>Mardi 12 ao\u00fbt 2025, le Pr\u00e9sident du Conseil Pr\u00e9sidentiel de Transition (CPT), Laurent Saint-Cyr, accompagn\u00e9 du conseiller pr\u00e9sidentiel Leslie Voltaire, a re\u00e7u une d\u00e9l\u00e9gation<\/p>\n","protected":false},"author":1,"featured_media":3811,"comment_status":"open","ping_status":"open","sticky":false,"template":"","format":"standard","meta":{"_uag_custom_page_level_css":"","footnotes":"","jetpack_publicize_message":"","jetpack_publicize_feature_enabled":true,"jetpack_social_post_already_shared":false,"jetpack_social_options":{"image_generator_settings":{"template":"highway","default_image_id":0,"font":"","enabled":false},"version":2}},"categories":[255],"tags":[],"class_list":["post-3810","post","type-post","status-publish","format-standard","has-post-thumbnail","hentry","category-securite"],"yoast_head":"<!-- This site is optimized with the Yoast SEO plugin v25.3.1 - https:\/\/yoast.com\/wordpress\/plugins\/seo\/ -->\n<title>Le Pr\u00e9sident du CPT rencontre une d\u00e9l\u00e9gation k\u00e9nyane sur la situation s\u00e9curitaire du pays &#8211; VeliPost<\/title>\n<meta name=\"robots\" content=\"index, follow, max-snippet:-1, max-image-preview:large, max-video-preview:-1\" \/>\n<link rel=\"canonical\" href=\"https:\/\/velipost.com\/?p=3810\" \/>\n<meta property=\"og:locale\" content=\"fr_FR\" \/>\n<meta property=\"og:type\" content=\"article\" \/>\n<meta property=\"og:title\" content=\"Le Pr\u00e9sident du CPT rencontre une d\u00e9l\u00e9gation k\u00e9nyane sur la situation s\u00e9curitaire du pays &#8211; VeliPost\" \/>\n<meta property=\"og:description\" content=\"Mardi 12 ao\u00fbt 2025, le Pr\u00e9sident du Conseil Pr\u00e9sidentiel de Transition (CPT), Laurent Saint-Cyr, accompagn\u00e9 du conseiller pr\u00e9sidentiel Leslie Voltaire, a re\u00e7u une d\u00e9l\u00e9gation\" \/>\n<meta property=\"og:url\" content=\"https:\/\/velipost.com\/?p=3810\" \/>\n<meta property=\"og:site_name\" content=\"VeliPost\" \/>\n<meta property=\"article:publisher\" content=\"https:\/\/www.facebook.com\/veliposthaiti\" \/>\n<meta property=\"article:published_time\" content=\"2025-08-13T13:54:29+00:00\" \/>\n<meta property=\"article:modified_time\" content=\"2025-08-13T13:54:31+00:00\" \/>\n<meta property=\"og:image\" content=\"https:\/\/velipost.com\/wp-content\/uploads\/2025\/08\/mmss-et-st-cyr.jpg\" \/>\n\t<meta property=\"og:image:width\" content=\"1170\" \/>\n\t<meta property=\"og:image:height\" content=\"603\" \/>\n\t<meta property=\"og:image:type\" content=\"image\/jpeg\" \/>\n<meta name=\"author\" content=\"VeliPost\" \/>\n<meta name=\"twitter:card\" content=\"summary_large_image\" \/>\n<meta name=\"twitter:creator\" content=\"@veliposthaiti\" \/>\n<meta name=\"twitter:site\" content=\"@veliposthaiti\" \/>\n<meta name=\"twitter:label1\" content=\"\u00c9crit par\" \/>\n\t<meta name=\"twitter:data1\" content=\"VeliPost\" \/>\n\t<meta name=\"twitter:label2\" content=\"Dur\u00e9e de lecture estim\u00e9e\" \/>\n\t<meta name=\"twitter:data2\" content=\"2 minutes\" \/>\n<script type=\"application\/ld+json\" class=\"yoast-schema-graph\">{\"@context\":\"https:\/\/schema.org\",\"@graph\":[{\"@type\":\"Article\",\"@id\":\"https:\/\/velipost.com\/?p=3810#article\",\"isPartOf\":{\"@id\":\"https:\/\/velipost.com\/?p=3810\"},\"author\":{\"name\":\"VeliPost\",\"@id\":\"https:\/\/velipost.com\/#\/schema\/person\/32ff49a53c9c1bb24302ee8ece058096\"},\"headline\":\"Le Pr\u00e9sident du CPT rencontre une d\u00e9l\u00e9gation k\u00e9nyane sur la situation s\u00e9curitaire du pays\",\"datePublished\":\"2025-08-13T13:54:29+00:00\",\"dateModified\":\"2025-08-13T13:54:31+00:00\",\"mainEntityOfPage\":{\"@id\":\"https:\/\/velipost.com\/?p=3810\"},\"wordCount\":320,\"commentCount\":0,\"publisher\":{\"@id\":\"https:\/\/velipost.com\/#organization\"},\"image\":{\"@id\":\"https:\/\/velipost.com\/?p=3810#primaryimage\"},\"thumbnailUrl\":\"https:\/\/velipost.com\/wp-content\/uploads\/2025\/08\/mmss-et-st-cyr.jpg\",\"articleSection\":[\"S\u00e9curit\u00e9\"],\"inLanguage\":\"fr-FR\",\"potentialAction\":[{\"@type\":\"CommentAction\",\"name\":\"Comment\",\"target\":[\"https:\/\/velipost.com\/?p=3810#respond\"]}]},{\"@type\":\"WebPage\",\"@id\":\"https:\/\/velipost.com\/?p=3810\",\"url\":\"https:\/\/velipost.com\/?p=3810\",\"name\":\"Le Pr\u00e9sident du CPT rencontre une d\u00e9l\u00e9gation k\u00e9nyane sur la situation s\u00e9curitaire du pays &#8211; VeliPost\",\"isPartOf\":{\"@id\":\"https:\/\/velipost.com\/#website\"},\"primaryImageOfPage\":{\"@id\":\"https:\/\/velipost.com\/?p=3810#primaryimage\"},\"image\":{\"@id\":\"https:\/\/velipost.com\/?p=3810#primaryimage\"},\"thumbnailUrl\":\"https:\/\/velipost.com\/wp-content\/uploads\/2025\/08\/mmss-et-st-cyr.jpg\",\"datePublished\":\"2025-08-13T13:54:29+00:00\",\"dateModified\":\"2025-08-13T13:54:31+00:00\",\"breadcrumb\":{\"@id\":\"https:\/\/velipost.com\/?p=3810#breadcrumb\"},\"inLanguage\":\"fr-FR\",\"potentialAction\":[{\"@type\":\"ReadAction\",\"target\":[\"https:\/\/velipost.com\/?p=3810\"]}]},{\"@type\":\"ImageObject\",\"inLanguage\":\"fr-FR\",\"@id\":\"https:\/\/velipost.com\/?p=3810#primaryimage\",\"url\":\"https:\/\/velipost.com\/wp-content\/uploads\/2025\/08\/mmss-et-st-cyr.jpg\",\"contentUrl\":\"https:\/\/velipost.com\/wp-content\/uploads\/2025\/08\/mmss-et-st-cyr.jpg\",\"width\":1170,\"height\":603},{\"@type\":\"BreadcrumbList\",\"@id\":\"https:\/\/velipost.com\/?p=3810#breadcrumb\",\"itemListElement\":[{\"@type\":\"ListItem\",\"position\":1,\"name\":\"Accueil\",\"item\":\"https:\/\/velipost.com\/\"},{\"@type\":\"ListItem\",\"position\":2,\"name\":\"Le Pr\u00e9sident du CPT rencontre une d\u00e9l\u00e9gation k\u00e9nyane sur la situation s\u00e9curitaire du pays\"}]},{\"@type\":\"WebSite\",\"@id\":\"https:\/\/velipost.com\/#website\",\"url\":\"https:\/\/velipost.com\/\",\"name\":\"VeliPost\",\"description\":\"L\u2019info en un clic\",\"publisher\":{\"@id\":\"https:\/\/velipost.com\/#organization\"},\"potentialAction\":[{\"@type\":\"SearchAction\",\"target\":{\"@type\":\"EntryPoint\",\"urlTemplate\":\"https:\/\/velipost.com\/?s={search_term_string}\"},\"query-input\":{\"@type\":\"PropertyValueSpecification\",\"valueRequired\":true,\"valueName\":\"search_term_string\"}}],\"inLanguage\":\"fr-FR\"},{\"@type\":\"Organization\",\"@id\":\"https:\/\/velipost.com\/#organization\",\"name\":\"VeliPost\",\"url\":\"https:\/\/velipost.com\/\",\"logo\":{\"@type\":\"ImageObject\",\"inLanguage\":\"fr-FR\",\"@id\":\"https:\/\/velipost.com\/#\/schema\/logo\/image\/\",\"url\":\"https:\/\/velipost.com\/wp-content\/uploads\/2024\/08\/cropped-VP-logo-piti.png\",\"contentUrl\":\"https:\/\/velipost.com\/wp-content\/uploads\/2024\/08\/cropped-VP-logo-piti.png\",\"width\":201,\"height\":69,\"caption\":\"VeliPost\"},\"image\":{\"@id\":\"https:\/\/velipost.com\/#\/schema\/logo\/image\/\"},\"sameAs\":[\"https:\/\/www.facebook.com\/veliposthaiti\",\"https:\/\/x.com\/veliposthaiti\",\"https:\/\/www.instagram.com\/veliposthaiti\"]},{\"@type\":\"Person\",\"@id\":\"https:\/\/velipost.com\/#\/schema\/person\/32ff49a53c9c1bb24302ee8ece058096\",\"name\":\"VeliPost\",\"image\":{\"@type\":\"ImageObject\",\"inLanguage\":\"fr-FR\",\"@id\":\"https:\/\/velipost.com\/#\/schema\/person\/image\/\",\"url\":\"https:\/\/secure.gravatar.com\/avatar\/57c226c264de62f794185a89596d4a37b85a5ad20aca30d9d5a478b27d8c8d9d?s=96&d=mm&r=g\",\"contentUrl\":\"https:\/\/secure.gravatar.com\/avatar\/57c226c264de62f794185a89596d4a37b85a5ad20aca30d9d5a478b27d8c8d9d?s=96&d=mm&r=g\",\"caption\":\"VeliPost\"},\"sameAs\":[\"https:\/\/velipost.com\"],\"url\":\"https:\/\/velipost.com\/?author=1\"}]}<\/script>\n<!-- \/ Yoast SEO plugin. -->","yoast_head_json":{"title":"Le Pr\u00e9sident du CPT rencontre une d\u00e9l\u00e9gation k\u00e9nyane sur la situation s\u00e9curitaire du pays &#8211; VeliPost","robots":{"index":"index","follow":"follow","max-snippet":"max-snippet:-1","max-image-preview":"max-image-preview:large","max-video-preview":"max-video-preview:-1"},"canonical":"https:\/\/velipost.com\/?p=3810","og_locale":"fr_FR","og_type":"article","og_title":"Le Pr\u00e9sident du CPT rencontre une d\u00e9l\u00e9gation k\u00e9nyane sur la situation s\u00e9curitaire du pays &#8211; VeliPost","og_description":"Mardi 12 ao\u00fbt 2025, le Pr\u00e9sident du Conseil Pr\u00e9sidentiel de Transition (CPT), Laurent Saint-Cyr, accompagn\u00e9 du conseiller pr\u00e9sidentiel Leslie Voltaire, a re\u00e7u une d\u00e9l\u00e9gation","og_url":"https:\/\/velipost.com\/?p=3810","og_site_name":"VeliPost","article_publisher":"https:\/\/www.facebook.com\/veliposthaiti","article_published_time":"2025-08-13T13:54:29+00:00","article_modified_time":"2025-08-13T13:54:31+00:00","og_image":[{"width":1170,"height":603,"url":"https:\/\/velipost.com\/wp-content\/uploads\/2025\/08\/mmss-et-st-cyr.jpg","type":"image\/jpeg"}],"author":"VeliPost","twitter_card":"summary_large_image","twitter_creator":"@veliposthaiti","twitter_site":"@veliposthaiti","twitter_misc":{"\u00c9crit par":"VeliPost","Dur\u00e9e de lecture estim\u00e9e":"2 minutes"},"schema":{"@context":"https:\/\/schema.org","@graph":[{"@type":"Article","@id":"https:\/\/velipost.com\/?p=3810#article","isPartOf":{"@id":"https:\/\/velipost.com\/?p=3810"},"author":{"name":"VeliPost","@id":"https:\/\/velipost.com\/#\/schema\/person\/32ff49a53c9c1bb24302ee8ece058096"},"headline":"Le Pr\u00e9sident du CPT rencontre une d\u00e9l\u00e9gation k\u00e9nyane sur la situation s\u00e9curitaire du pays","datePublished":"2025-08-13T13:54:29+00:00","dateModified":"2025-08-13T13:54:31+00:00","mainEntityOfPage":{"@id":"https:\/\/velipost.com\/?p=3810"},"wordCount":320,"commentCount":0,"publisher":{"@id":"https:\/\/velipost.com\/#organization"},"image":{"@id":"https:\/\/velipost.com\/?p=3810#primaryimage"},"thumbnailUrl":"https:\/\/velipost.com\/wp-content\/uploads\/2025\/08\/mmss-et-st-cyr.jpg","articleSection":["S\u00e9curit\u00e9"],"inLanguage":"fr-FR","potentialAction":[{"@type":"CommentAction","name":"Comment","target":["https:\/\/velipost.com\/?p=3810#respond"]}]},{"@type":"WebPage","@id":"https:\/\/velipost.com\/?p=3810","url":"https:\/\/velipost.com\/?p=3810","name":"Le Pr\u00e9sident du CPT rencontre une d\u00e9l\u00e9gation k\u00e9nyane sur la situation s\u00e9curitaire du pays &#8211; VeliPost","isPartOf":{"@id":"https:\/\/velipost.com\/#website"},"primaryImageOfPage":{"@id":"https:\/\/velipost.com\/?p=3810#primaryimage"},"image":{"@id":"https:\/\/velipost.com\/?p=3810#primaryimage"},"thumbnailUrl":"https:\/\/velipost.com\/wp-content\/uploads\/2025\/08\/mmss-et-st-cyr.jpg","datePublished":"2025-08-13T13:54:29+00:00","dateModified":"2025-08-13T13:54:31+00:00","breadcrumb":{"@id":"https:\/\/velipost.com\/?p=3810#breadcrumb"},"inLanguage":"fr-FR","potentialAction":[{"@type":"ReadAction","target":["https:\/\/velipost.com\/?p=3810"]}]},{"@type":"ImageObject","inLanguage":"fr-FR","@id":"https:\/\/velipost.com\/?p=3810#primaryimage","url":"https:\/\/velipost.com\/wp-content\/uploads\/2025\/08\/mmss-et-st-cyr.jpg","contentUrl":"https:\/\/velipost.com\/wp-content\/uploads\/2025\/08\/mmss-et-st-cyr.jpg","width":1170,"height":603},{"@type":"BreadcrumbList","@id":"https:\/\/velipost.com\/?p=3810#breadcrumb","itemListElement":[{"@type":"ListItem","position":1,"name":"Accueil","item":"https:\/\/velipost.com\/"},{"@type":"ListItem","position":2,"name":"Le Pr\u00e9sident du CPT rencontre une d\u00e9l\u00e9gation k\u00e9nyane sur la situation s\u00e9curitaire du pays"}]},{"@type":"WebSite","@id":"https:\/\/velipost.com\/#website","url":"https:\/\/velipost.com\/","name":"VeliPost","description":"L\u2019info en un clic","publisher":{"@id":"https:\/\/velipost.com\/#organization"},"potentialAction":[{"@type":"SearchAction","target":{"@type":"EntryPoint","urlTemplate":"https:\/\/velipost.com\/?s={search_term_string}"},"query-input":{"@type":"PropertyValueSpecification","valueRequired":true,"valueName":"search_term_string"}}],"inLanguage":"fr-FR"},{"@type":"Organization","@id":"https:\/\/velipost.com\/#organization","name":"VeliPost","url":"https:\/\/velipost.com\/","logo":{"@type":"ImageObject","inLanguage":"fr-FR","@id":"https:\/\/velipost.com\/#\/schema\/logo\/image\/","url":"https:\/\/velipost.com\/wp-content\/uploads\/2024\/08\/cropped-VP-logo-piti.png","contentUrl":"https:\/\/velipost.com\/wp-content\/uploads\/2024\/08\/cropped-VP-logo-piti.png","width":201,"height":69,"caption":"VeliPost"},"image":{"@id":"https:\/\/velipost.com\/#\/schema\/logo\/image\/"},"sameAs":["https:\/\/www.facebook.com\/veliposthaiti","https:\/\/x.com\/veliposthaiti","https:\/\/www.instagram.com\/veliposthaiti"]},{"@type":"Person","@id":"https:\/\/velipost.com\/#\/schema\/person\/32ff49a53c9c1bb24302ee8ece058096","name":"VeliPost","image":{"@type":"ImageObject","inLanguage":"fr-FR","@id":"https:\/\/velipost.com\/#\/schema\/person\/image\/","url":"https:\/\/secure.gravatar.com\/avatar\/57c226c264de62f794185a89596d4a37b85a5ad20aca30d9d5a478b27d8c8d9d?s=96&d=mm&r=g","contentUrl":"https:\/\/secure.gravatar.com\/avatar\/57c226c264de62f794185a89596d4a37b85a5ad20aca30d9d5a478b27d8c8d9d?s=96&d=mm&r=g","caption":"VeliPost"},"sameAs":["https:\/\/velipost.com"],"url":"https:\/\/velipost.com\/?author=1"}]}},"views":1,"jetpack_publicize_connections":[],"uagb_featured_image_src":{"full":["https:\/\/velipost.com\/wp-content\/uploads\/2025\/08\/mmss-et-st-cyr.jpg",1170,603,false],"thumbnail":["https:\/\/velipost.com\/wp-content\/uploads\/2025\/08\/mmss-et-st-cyr-150x150.jpg",150,150,true],"medium":["https:\/\/velipost.com\/wp-content\/uploads\/2025\/08\/mmss-et-st-cyr-300x155.jpg",300,155,true],"medium_large":["https:\/\/velipost.com\/wp-content\/uploads\/2025\/08\/mmss-et-st-cyr-768x396.jpg",715,369,true],"large":["https:\/\/velipost.com\/wp-content\/uploads\/2025\/08\/mmss-et-st-cyr-1024x528.jpg",715,369,true],"1536x1536":["https:\/\/velipost.com\/wp-content\/uploads\/2025\/08\/mmss-et-st-cyr.jpg",1170,603,false],"2048x2048":["https:\/\/velipost.com\/wp-content\/uploads\/2025\/08\/mmss-et-st-cyr.jpg",1170,603,false],"colornews-big-slider":["https:\/\/velipost.com\/wp-content\/uploads\/2025\/08\/mmss-et-st-cyr-1070x470.jpg",1070,470,true],"colornews-big-slider-thumb":["https:\/\/velipost.com\/wp-content\/uploads\/2025\/08\/mmss-et-st-cyr-184x109.jpg",184,109,true],"colornews-featured-post-medium":["https:\/\/velipost.com\/wp-content\/uploads\/2025\/08\/mmss-et-st-cyr-345x265.jpg",345,265,true],"colornews-featured-post-small":["https:\/\/velipost.com\/wp-content\/uploads\/2025\/08\/mmss-et-st-cyr-115x73.jpg",115,73,true],"colornews-random-posts":["https:\/\/velipost.com\/wp-content\/uploads\/2025\/08\/mmss-et-st-cyr-215x215.jpg",215,215,true],"colornews-featured-image":["https:\/\/velipost.com\/wp-content\/uploads\/2025\/08\/mmss-et-st-cyr-715x400.jpg",715,400,true],"mailpoet_newsletter_max":["https:\/\/velipost.com\/wp-content\/uploads\/2025\/08\/mmss-et-st-cyr.jpg",1170,603,false]},"uagb_author_info":{"display_name":"VeliPost","author_link":"https:\/\/velipost.com\/?author=1"},"uagb_comment_info":0,"uagb_excerpt":"Mardi 12 ao\u00fbt 2025, le Pr\u00e9sident du Conseil Pr\u00e9sidentiel de Transition (CPT), Laurent Saint-Cyr, accompagn\u00e9 du conseiller pr\u00e9sidentiel Leslie Voltaire, a re\u00e7u une d\u00e9l\u00e9gation","_links":{"self":[{"href":"https:\/\/velipost.com\/index.php?rest_route=\/wp\/v2\/posts\/3810","targetHints":{"allow":["GET"]}}],"collection":[{"href":"https:\/\/velipost.com\/index.php?rest_route=\/wp\/v2\/posts"}],"about":[{"href":"https:\/\/velipost.com\/index.php?rest_route=\/wp\/v2\/types\/post"}],"author":[{"embeddable":true,"href":"https:\/\/velipost.com\/index.php?rest_route=\/wp\/v2\/users\/1"}],"replies":[{"embeddable":true,"href":"https:\/\/velipost.com\/index.php?rest_route=%2Fwp%2Fv2%2Fcomments&post=3810"}],"version-history":[{"count":1,"href":"https:\/\/velipost.com\/index.php?rest_route=\/wp\/v2\/posts\/3810\/revisions"}],"predecessor-version":[{"id":3812,"href":"https:\/\/velipost.com\/index.php?rest_route=\/wp\/v2\/posts\/3810\/revisions\/3812"}],"wp:featuredmedia":[{"embeddable":true,"href":"https:\/\/velipost.com\/index.php?rest_route=\/wp\/v2\/media\/3811"}],"wp:attachment":[{"href":"https:\/\/velipost.com\/index.php?rest_route=%2Fwp%2Fv2%2Fmedia&parent=3810"}],"wp:term":[{"taxonomy":"category","embeddable":true,"href":"https:\/\/velipost.com\/index.php?rest_route=%2Fwp%2Fv2%2Fcategories&post=3810"},{"taxonomy":"post_tag","embeddable":true,"href":"https:\/\/velipost.com\/index.php?rest_route=%2Fwp%2Fv2%2Ftags&post=3810"}],"curies":[{"name":"wp","href":"https:\/\/api.w.org\/{rel}","templated":true}]}}