{"id":3783,"date":"2025-08-12T05:10:05","date_gmt":"2025-08-12T03:10:05","guid":{"rendered":"https:\/\/velipost.com\/?p=3783"},"modified":"2025-08-12T05:10:07","modified_gmt":"2025-08-12T03:10:07","slug":"securite-nationale-le-premier-ministre-fixe-un-nouveau-cap-avec-la-police-nationale-dhaiti","status":"publish","type":"post","link":"https:\/\/velipost.com\/?p=3783","title":{"rendered":"S\u00e9curit\u00e9 nationale : le Premier ministre fixe un nouveau cap avec la Police nationale d\u2019Ha\u00efti"},"content":{"rendered":"\n<p>Ce lundi, \u00e0 la Primature, le Premier ministre Alix Didier Fils-Aim\u00e9 a pr\u00e9sid\u00e9 la premi\u00e8re r\u00e9union du Conseil Sup\u00e9rieur de la Police Nationale d\u2019Ha\u00efti (CSPN) depuis l\u2019installation du nouveau Directeur g\u00e9n\u00e9ral par int\u00e9rim de la PNH, Andr\u00e9 Jonas Vladimir Paraison, nomm\u00e9 le 8 ao\u00fbt dernier.<\/p>\n\n\n\n<p>Cette rencontre marque le lancement d\u2019une nouvelle phase dans la gestion de la s\u00e9curit\u00e9 publique en Ha\u00efti. Face \u00e0 la gravit\u00e9 de la crise s\u00e9curitaire qui affecte le pays, le Chef du gouvernement a r\u00e9affirm\u00e9 son engagement total et sa volont\u00e9 ferme de mobiliser tous les moyens \u00e9tatiques disponibles pour restaurer l\u2019ordre, prot\u00e9ger les citoyens et combattre la criminalit\u00e9 \u00e0 sa source.<\/p>\n\n\n\n<p>Le Premier ministre a rappel\u00e9 que la s\u00e9curit\u00e9 est un pilier fondamental pour garantir la paix sociale, assurer la libre circulation des personnes et des biens, et surtout cr\u00e9er un climat favorable \u00e0 l\u2019organisation d\u2019\u00e9lections libres, inclusives et d\u00e9mocratiques.<\/p>\n\n\n\n<p>Le gouvernement affiche une d\u00e9termination unanime \u00e0 agir avec rigueur et coh\u00e9rence, jusqu\u2019\u00e0 ce que stabilit\u00e9 et confiance soient pleinement r\u00e9tablies sur l\u2019ensemble du territoire national.<\/p>\n\n\n\n<p>Cette r\u00e9union du CSPN illustre la priorit\u00e9 donn\u00e9e par l\u2019ex\u00e9cutif \u00e0 la lutte contre l\u2019ins\u00e9curit\u00e9, dans un contexte o\u00f9 la population attend des r\u00e9sultats concrets et rapides.<\/p>\n\n    <div class=\"xs_social_share_widget xs_share_url after_content \t\tmain_content  wslu-style-3 wslu-share-box-shaped wslu-fill-brand-hover-colored wslu-share-m-5 wslu-none wslu-share-horizontal wslu-theme-font-no wslu-main_content\">\n\n\t\t\n        <ul>\n\t\t\t                    <li class=\"xs-share-li twitter                        wslu-no-extra-data\">\n                        <a href=\"javascript:void(0);\"\n                           id=\"xs_feed_twitter\"\n                           onclick=\"xs_social_sharer(this);\"\n                           data-pid=\"3783\"\n                           data-uri_hash=\"be913ebfdaabb59eaf03a181ceaa30de\"\n                           data-key=\"twitter\"\n                           data-xs-href=\"https:\/\/twitter.com\/intent\/tweet?text=S%C3%A9curit%C3%A9+nationale+%3A+le+Premier+ministre+fixe+un+nouveau+cap+avec+la+Police+nationale+d%E2%80%99Ha%C3%AFti+https%3A%2F%2Fvelipost.com%2Findex.php%3Frest_route%3D%252Fwp%252Fv2%252Fposts%252F3783&amp;original_referer=https%3A%2F%2Fvelipost.com%2Findex.php%3Frest_route%3D%252Fwp%252Fv2%252Fposts%252F3783&amp;related=xpeedstudio\">\n\n                            <div class=\"xs-social-icon\">\n                                <span class=\"met-social met-social-twitter\"><\/span>\n                            <\/div>\n\n\t\t\t\t\t\t\t\n                            <div class=\"wslu-hover-content\">\n                                <div class=\"xs-social-followers\">\n\t\t\t\t\t\t\t\t\t10                                <\/div>\n                                <div class=\"xs-social-follower-text\">\n\t\t\t\t\t\t\t\t\tShare                                <\/div>\n                                <div class=\"xs-social-follower-label\">\n\t\t\t\t\t\t\t\t\tTwitter                                <\/div>\n                            <\/div>\n                        <\/a>\n                    <\/li>\n\t\t\t\t\t                    <li class=\"xs-share-li telegram                        wslu-no-extra-data\">\n                        <a href=\"javascript:void(0);\"\n                           id=\"xs_feed_telegram\"\n                           onclick=\"xs_social_sharer(this);\"\n                           data-pid=\"3783\"\n                           data-uri_hash=\"be913ebfdaabb59eaf03a181ceaa30de\"\n                           data-key=\"telegram\"\n                           data-xs-href=\"https:\/\/telegram.me\/share\/url?url=https%3A%2F%2Fvelipost.com%2Findex.php%3Frest_route%3D%252Fwp%252Fv2%252Fposts%252F3783&amp;text=S%C3%A9curit%C3%A9+nationale+%3A+le+Premier+ministre+fixe+un+nouveau+cap+avec+la+Police+nationale+d%E2%80%99Ha%C3%AFti\">\n\n                            <div class=\"xs-social-icon\">\n                                <span class=\"met-social met-social-telegram\"><\/span>\n                            <\/div>\n\n\t\t\t\t\t\t\t\n                            <div class=\"wslu-hover-content\">\n                                <div class=\"xs-social-followers\">\n\t\t\t\t\t\t\t\t\t0                                <\/div>\n                                <div class=\"xs-social-follower-text\">\n\t\t\t\t\t\t\t\t\tShare                                <\/div>\n                                <div class=\"xs-social-follower-label\">\n\t\t\t\t\t\t\t\t\tTelegram                                <\/div>\n                            <\/div>\n                        <\/a>\n                    <\/li>\n\t\t\t\t\t                    <li class=\"xs-share-li email                        wslu-no-extra-data\">\n                        <a href=\"javascript:void(0);\"\n                           id=\"xs_feed_email\"\n                           onclick=\"xs_social_sharer(this);\"\n                           data-pid=\"3783\"\n                           data-uri_hash=\"be913ebfdaabb59eaf03a181ceaa30de\"\n                           data-key=\"email\"\n                           data-xs-href=\"mailto:?body=Title%3A+S%C3%A9curit%C3%A9+nationale+%3A+le+Premier+ministre+fixe+un+nouveau+cap+avec+la+Police+nationale+d%E2%80%99Ha%C3%AFti+%5Cn%5Cn+URL%3A+https%3A%2F%2Fvelipost.com%2Findex.php%3Frest_route%3D%252Fwp%252Fv2%252Fposts%252F3783&amp;subject=S%C3%A9curit%C3%A9+nationale+%3A+le+Premier+ministre+fixe+un+nouveau+cap+avec+la+Police+nationale+d%E2%80%99Ha%C3%AFti\">\n\n                            <div class=\"xs-social-icon\">\n                                <span class=\"met-social met-social-email\"><\/span>\n                            <\/div>\n\n\t\t\t\t\t\t\t\n                            <div class=\"wslu-hover-content\">\n                                <div class=\"xs-social-followers\">\n\t\t\t\t\t\t\t\t\t0                                <\/div>\n                                <div class=\"xs-social-follower-text\">\n\t\t\t\t\t\t\t\t\tShare                                <\/div>\n                                <div class=\"xs-social-follower-label\">\n\t\t\t\t\t\t\t\t\tEmail                                <\/div>\n                            <\/div>\n                        <\/a>\n                    <\/li>\n\t\t\t\t\t        <\/ul>\n    <\/div> \n","protected":false},"excerpt":{"rendered":"<p>Ce lundi, \u00e0 la Primature, le Premier ministre Alix Didier Fils-Aim\u00e9 a pr\u00e9sid\u00e9 la premi\u00e8re r\u00e9union du Conseil Sup\u00e9rieur de la Police Nationale d\u2019Ha\u00efti<\/p>\n","protected":false},"author":1,"featured_media":3785,"comment_status":"open","ping_status":"open","sticky":false,"template":"","format":"standard","meta":{"_uag_custom_page_level_css":"","footnotes":"","jetpack_publicize_message":"","jetpack_publicize_feature_enabled":true,"jetpack_social_post_already_shared":false,"jetpack_social_options":{"image_generator_settings":{"template":"highway","default_image_id":0,"font":"","enabled":false},"version":2}},"categories":[255],"tags":[],"class_list":["post-3783","post","type-post","status-publish","format-standard","has-post-thumbnail","hentry","category-securite"],"yoast_head":"<!-- This site is optimized with the Yoast SEO plugin v25.3.1 - https:\/\/yoast.com\/wordpress\/plugins\/seo\/ -->\n<title>S\u00e9curit\u00e9 nationale : le Premier ministre fixe un nouveau cap avec la Police nationale d\u2019Ha\u00efti &#8211; VeliPost<\/title>\n<meta name=\"robots\" content=\"index, follow, max-snippet:-1, max-image-preview:large, max-video-preview:-1\" \/>\n<link rel=\"canonical\" href=\"https:\/\/velipost.com\/?p=3783\" \/>\n<meta property=\"og:locale\" content=\"fr_FR\" \/>\n<meta property=\"og:type\" content=\"article\" \/>\n<meta property=\"og:title\" content=\"S\u00e9curit\u00e9 nationale : le Premier ministre fixe un nouveau cap avec la Police nationale d\u2019Ha\u00efti &#8211; VeliPost\" \/>\n<meta property=\"og:description\" content=\"Ce lundi, \u00e0 la Primature, le Premier ministre Alix Didier Fils-Aim\u00e9 a pr\u00e9sid\u00e9 la premi\u00e8re r\u00e9union du Conseil Sup\u00e9rieur de la Police Nationale d\u2019Ha\u00efti\" \/>\n<meta property=\"og:url\" content=\"https:\/\/velipost.com\/?p=3783\" \/>\n<meta property=\"og:site_name\" content=\"VeliPost\" \/>\n<meta property=\"article:publisher\" content=\"https:\/\/www.facebook.com\/veliposthaiti\" \/>\n<meta property=\"article:published_time\" content=\"2025-08-12T03:10:05+00:00\" \/>\n<meta property=\"article:modified_time\" content=\"2025-08-12T03:10:07+00:00\" \/>\n<meta property=\"og:image\" content=\"https:\/\/velipost.com\/wp-content\/uploads\/2025\/08\/pm-pnh.jpg\" \/>\n\t<meta property=\"og:image:width\" content=\"1170\" \/>\n\t<meta property=\"og:image:height\" content=\"603\" \/>\n\t<meta property=\"og:image:type\" content=\"image\/jpeg\" \/>\n<meta name=\"author\" content=\"VeliPost\" \/>\n<meta name=\"twitter:card\" content=\"summary_large_image\" \/>\n<meta name=\"twitter:creator\" content=\"@veliposthaiti\" \/>\n<meta name=\"twitter:site\" content=\"@veliposthaiti\" \/>\n<meta name=\"twitter:label1\" content=\"\u00c9crit par\" \/>\n\t<meta name=\"twitter:data1\" content=\"VeliPost\" \/>\n\t<meta name=\"twitter:label2\" content=\"Dur\u00e9e de lecture estim\u00e9e\" \/>\n\t<meta name=\"twitter:data2\" content=\"2 minutes\" \/>\n<script type=\"application\/ld+json\" class=\"yoast-schema-graph\">{\"@context\":\"https:\/\/schema.org\",\"@graph\":[{\"@type\":\"Article\",\"@id\":\"https:\/\/velipost.com\/?p=3783#article\",\"isPartOf\":{\"@id\":\"https:\/\/velipost.com\/?p=3783\"},\"author\":{\"name\":\"VeliPost\",\"@id\":\"https:\/\/velipost.com\/#\/schema\/person\/32ff49a53c9c1bb24302ee8ece058096\"},\"headline\":\"S\u00e9curit\u00e9 nationale : le Premier ministre fixe un nouveau cap avec la Police nationale d\u2019Ha\u00efti\",\"datePublished\":\"2025-08-12T03:10:05+00:00\",\"dateModified\":\"2025-08-12T03:10:07+00:00\",\"mainEntityOfPage\":{\"@id\":\"https:\/\/velipost.com\/?p=3783\"},\"wordCount\":243,\"commentCount\":0,\"publisher\":{\"@id\":\"https:\/\/velipost.com\/#organization\"},\"image\":{\"@id\":\"https:\/\/velipost.com\/?p=3783#primaryimage\"},\"thumbnailUrl\":\"https:\/\/velipost.com\/wp-content\/uploads\/2025\/08\/pm-pnh.jpg\",\"articleSection\":[\"S\u00e9curit\u00e9\"],\"inLanguage\":\"fr-FR\",\"potentialAction\":[{\"@type\":\"CommentAction\",\"name\":\"Comment\",\"target\":[\"https:\/\/velipost.com\/?p=3783#respond\"]}]},{\"@type\":\"WebPage\",\"@id\":\"https:\/\/velipost.com\/?p=3783\",\"url\":\"https:\/\/velipost.com\/?p=3783\",\"name\":\"S\u00e9curit\u00e9 nationale : le Premier ministre fixe un nouveau cap avec la Police nationale d\u2019Ha\u00efti &#8211; VeliPost\",\"isPartOf\":{\"@id\":\"https:\/\/velipost.com\/#website\"},\"primaryImageOfPage\":{\"@id\":\"https:\/\/velipost.com\/?p=3783#primaryimage\"},\"image\":{\"@id\":\"https:\/\/velipost.com\/?p=3783#primaryimage\"},\"thumbnailUrl\":\"https:\/\/velipost.com\/wp-content\/uploads\/2025\/08\/pm-pnh.jpg\",\"datePublished\":\"2025-08-12T03:10:05+00:00\",\"dateModified\":\"2025-08-12T03:10:07+00:00\",\"breadcrumb\":{\"@id\":\"https:\/\/velipost.com\/?p=3783#breadcrumb\"},\"inLanguage\":\"fr-FR\",\"potentialAction\":[{\"@type\":\"ReadAction\",\"target\":[\"https:\/\/velipost.com\/?p=3783\"]}]},{\"@type\":\"ImageObject\",\"inLanguage\":\"fr-FR\",\"@id\":\"https:\/\/velipost.com\/?p=3783#primaryimage\",\"url\":\"https:\/\/velipost.com\/wp-content\/uploads\/2025\/08\/pm-pnh.jpg\",\"contentUrl\":\"https:\/\/velipost.com\/wp-content\/uploads\/2025\/08\/pm-pnh.jpg\",\"width\":1170,\"height\":603},{\"@type\":\"BreadcrumbList\",\"@id\":\"https:\/\/velipost.com\/?p=3783#breadcrumb\",\"itemListElement\":[{\"@type\":\"ListItem\",\"position\":1,\"name\":\"Accueil\",\"item\":\"https:\/\/velipost.com\/\"},{\"@type\":\"ListItem\",\"position\":2,\"name\":\"S\u00e9curit\u00e9 nationale : le Premier ministre fixe un nouveau cap avec la Police nationale d\u2019Ha\u00efti\"}]},{\"@type\":\"WebSite\",\"@id\":\"https:\/\/velipost.com\/#website\",\"url\":\"https:\/\/velipost.com\/\",\"name\":\"VeliPost\",\"description\":\"L\u2019info en un clic\",\"publisher\":{\"@id\":\"https:\/\/velipost.com\/#organization\"},\"potentialAction\":[{\"@type\":\"SearchAction\",\"target\":{\"@type\":\"EntryPoint\",\"urlTemplate\":\"https:\/\/velipost.com\/?s={search_term_string}\"},\"query-input\":{\"@type\":\"PropertyValueSpecification\",\"valueRequired\":true,\"valueName\":\"search_term_string\"}}],\"inLanguage\":\"fr-FR\"},{\"@type\":\"Organization\",\"@id\":\"https:\/\/velipost.com\/#organization\",\"name\":\"VeliPost\",\"url\":\"https:\/\/velipost.com\/\",\"logo\":{\"@type\":\"ImageObject\",\"inLanguage\":\"fr-FR\",\"@id\":\"https:\/\/velipost.com\/#\/schema\/logo\/image\/\",\"url\":\"https:\/\/velipost.com\/wp-content\/uploads\/2024\/08\/cropped-VP-logo-piti.png\",\"contentUrl\":\"https:\/\/velipost.com\/wp-content\/uploads\/2024\/08\/cropped-VP-logo-piti.png\",\"width\":201,\"height\":69,\"caption\":\"VeliPost\"},\"image\":{\"@id\":\"https:\/\/velipost.com\/#\/schema\/logo\/image\/\"},\"sameAs\":[\"https:\/\/www.facebook.com\/veliposthaiti\",\"https:\/\/x.com\/veliposthaiti\",\"https:\/\/www.instagram.com\/veliposthaiti\"]},{\"@type\":\"Person\",\"@id\":\"https:\/\/velipost.com\/#\/schema\/person\/32ff49a53c9c1bb24302ee8ece058096\",\"name\":\"VeliPost\",\"image\":{\"@type\":\"ImageObject\",\"inLanguage\":\"fr-FR\",\"@id\":\"https:\/\/velipost.com\/#\/schema\/person\/image\/\",\"url\":\"https:\/\/secure.gravatar.com\/avatar\/57c226c264de62f794185a89596d4a37b85a5ad20aca30d9d5a478b27d8c8d9d?s=96&d=mm&r=g\",\"contentUrl\":\"https:\/\/secure.gravatar.com\/avatar\/57c226c264de62f794185a89596d4a37b85a5ad20aca30d9d5a478b27d8c8d9d?s=96&d=mm&r=g\",\"caption\":\"VeliPost\"},\"sameAs\":[\"https:\/\/velipost.com\"],\"url\":\"https:\/\/velipost.com\/?author=1\"}]}<\/script>\n<!-- \/ Yoast SEO plugin. -->","yoast_head_json":{"title":"S\u00e9curit\u00e9 nationale : le Premier ministre fixe un nouveau cap avec la Police nationale d\u2019Ha\u00efti &#8211; VeliPost","robots":{"index":"index","follow":"follow","max-snippet":"max-snippet:-1","max-image-preview":"max-image-preview:large","max-video-preview":"max-video-preview:-1"},"canonical":"https:\/\/velipost.com\/?p=3783","og_locale":"fr_FR","og_type":"article","og_title":"S\u00e9curit\u00e9 nationale : le Premier ministre fixe un nouveau cap avec la Police nationale d\u2019Ha\u00efti &#8211; VeliPost","og_description":"Ce lundi, \u00e0 la Primature, le Premier ministre Alix Didier Fils-Aim\u00e9 a pr\u00e9sid\u00e9 la premi\u00e8re r\u00e9union du Conseil Sup\u00e9rieur de la Police Nationale d\u2019Ha\u00efti","og_url":"https:\/\/velipost.com\/?p=3783","og_site_name":"VeliPost","article_publisher":"https:\/\/www.facebook.com\/veliposthaiti","article_published_time":"2025-08-12T03:10:05+00:00","article_modified_time":"2025-08-12T03:10:07+00:00","og_image":[{"width":1170,"height":603,"url":"https:\/\/velipost.com\/wp-content\/uploads\/2025\/08\/pm-pnh.jpg","type":"image\/jpeg"}],"author":"VeliPost","twitter_card":"summary_large_image","twitter_creator":"@veliposthaiti","twitter_site":"@veliposthaiti","twitter_misc":{"\u00c9crit par":"VeliPost","Dur\u00e9e de lecture estim\u00e9e":"2 minutes"},"schema":{"@context":"https:\/\/schema.org","@graph":[{"@type":"Article","@id":"https:\/\/velipost.com\/?p=3783#article","isPartOf":{"@id":"https:\/\/velipost.com\/?p=3783"},"author":{"name":"VeliPost","@id":"https:\/\/velipost.com\/#\/schema\/person\/32ff49a53c9c1bb24302ee8ece058096"},"headline":"S\u00e9curit\u00e9 nationale : le Premier ministre fixe un nouveau cap avec la Police nationale d\u2019Ha\u00efti","datePublished":"2025-08-12T03:10:05+00:00","dateModified":"2025-08-12T03:10:07+00:00","mainEntityOfPage":{"@id":"https:\/\/velipost.com\/?p=3783"},"wordCount":243,"commentCount":0,"publisher":{"@id":"https:\/\/velipost.com\/#organization"},"image":{"@id":"https:\/\/velipost.com\/?p=3783#primaryimage"},"thumbnailUrl":"https:\/\/velipost.com\/wp-content\/uploads\/2025\/08\/pm-pnh.jpg","articleSection":["S\u00e9curit\u00e9"],"inLanguage":"fr-FR","potentialAction":[{"@type":"CommentAction","name":"Comment","target":["https:\/\/velipost.com\/?p=3783#respond"]}]},{"@type":"WebPage","@id":"https:\/\/velipost.com\/?p=3783","url":"https:\/\/velipost.com\/?p=3783","name":"S\u00e9curit\u00e9 nationale : le Premier ministre fixe un nouveau cap avec la Police nationale d\u2019Ha\u00efti &#8211; VeliPost","isPartOf":{"@id":"https:\/\/velipost.com\/#website"},"primaryImageOfPage":{"@id":"https:\/\/velipost.com\/?p=3783#primaryimage"},"image":{"@id":"https:\/\/velipost.com\/?p=3783#primaryimage"},"thumbnailUrl":"https:\/\/velipost.com\/wp-content\/uploads\/2025\/08\/pm-pnh.jpg","datePublished":"2025-08-12T03:10:05+00:00","dateModified":"2025-08-12T03:10:07+00:00","breadcrumb":{"@id":"https:\/\/velipost.com\/?p=3783#breadcrumb"},"inLanguage":"fr-FR","potentialAction":[{"@type":"ReadAction","target":["https:\/\/velipost.com\/?p=3783"]}]},{"@type":"ImageObject","inLanguage":"fr-FR","@id":"https:\/\/velipost.com\/?p=3783#primaryimage","url":"https:\/\/velipost.com\/wp-content\/uploads\/2025\/08\/pm-pnh.jpg","contentUrl":"https:\/\/velipost.com\/wp-content\/uploads\/2025\/08\/pm-pnh.jpg","width":1170,"height":603},{"@type":"BreadcrumbList","@id":"https:\/\/velipost.com\/?p=3783#breadcrumb","itemListElement":[{"@type":"ListItem","position":1,"name":"Accueil","item":"https:\/\/velipost.com\/"},{"@type":"ListItem","position":2,"name":"S\u00e9curit\u00e9 nationale : le Premier ministre fixe un nouveau cap avec la Police nationale d\u2019Ha\u00efti"}]},{"@type":"WebSite","@id":"https:\/\/velipost.com\/#website","url":"https:\/\/velipost.com\/","name":"VeliPost","description":"L\u2019info en un clic","publisher":{"@id":"https:\/\/velipost.com\/#organization"},"potentialAction":[{"@type":"SearchAction","target":{"@type":"EntryPoint","urlTemplate":"https:\/\/velipost.com\/?s={search_term_string}"},"query-input":{"@type":"PropertyValueSpecification","valueRequired":true,"valueName":"search_term_string"}}],"inLanguage":"fr-FR"},{"@type":"Organization","@id":"https:\/\/velipost.com\/#organization","name":"VeliPost","url":"https:\/\/velipost.com\/","logo":{"@type":"ImageObject","inLanguage":"fr-FR","@id":"https:\/\/velipost.com\/#\/schema\/logo\/image\/","url":"https:\/\/velipost.com\/wp-content\/uploads\/2024\/08\/cropped-VP-logo-piti.png","contentUrl":"https:\/\/velipost.com\/wp-content\/uploads\/2024\/08\/cropped-VP-logo-piti.png","width":201,"height":69,"caption":"VeliPost"},"image":{"@id":"https:\/\/velipost.com\/#\/schema\/logo\/image\/"},"sameAs":["https:\/\/www.facebook.com\/veliposthaiti","https:\/\/x.com\/veliposthaiti","https:\/\/www.instagram.com\/veliposthaiti"]},{"@type":"Person","@id":"https:\/\/velipost.com\/#\/schema\/person\/32ff49a53c9c1bb24302ee8ece058096","name":"VeliPost","image":{"@type":"ImageObject","inLanguage":"fr-FR","@id":"https:\/\/velipost.com\/#\/schema\/person\/image\/","url":"https:\/\/secure.gravatar.com\/avatar\/57c226c264de62f794185a89596d4a37b85a5ad20aca30d9d5a478b27d8c8d9d?s=96&d=mm&r=g","contentUrl":"https:\/\/secure.gravatar.com\/avatar\/57c226c264de62f794185a89596d4a37b85a5ad20aca30d9d5a478b27d8c8d9d?s=96&d=mm&r=g","caption":"VeliPost"},"sameAs":["https:\/\/velipost.com"],"url":"https:\/\/velipost.com\/?author=1"}]}},"views":1,"jetpack_publicize_connections":[],"uagb_featured_image_src":{"full":["https:\/\/velipost.com\/wp-content\/uploads\/2025\/08\/pm-pnh.jpg",1170,603,false],"thumbnail":["https:\/\/velipost.com\/wp-content\/uploads\/2025\/08\/pm-pnh-150x150.jpg",150,150,true],"medium":["https:\/\/velipost.com\/wp-content\/uploads\/2025\/08\/pm-pnh-300x155.jpg",300,155,true],"medium_large":["https:\/\/velipost.com\/wp-content\/uploads\/2025\/08\/pm-pnh-768x396.jpg",715,369,true],"large":["https:\/\/velipost.com\/wp-content\/uploads\/2025\/08\/pm-pnh-1024x528.jpg",715,369,true],"1536x1536":["https:\/\/velipost.com\/wp-content\/uploads\/2025\/08\/pm-pnh.jpg",1170,603,false],"2048x2048":["https:\/\/velipost.com\/wp-content\/uploads\/2025\/08\/pm-pnh.jpg",1170,603,false],"colornews-big-slider":["https:\/\/velipost.com\/wp-content\/uploads\/2025\/08\/pm-pnh-1070x470.jpg",1070,470,true],"colornews-big-slider-thumb":["https:\/\/velipost.com\/wp-content\/uploads\/2025\/08\/pm-pnh-184x109.jpg",184,109,true],"colornews-featured-post-medium":["https:\/\/velipost.com\/wp-content\/uploads\/2025\/08\/pm-pnh-345x265.jpg",345,265,true],"colornews-featured-post-small":["https:\/\/velipost.com\/wp-content\/uploads\/2025\/08\/pm-pnh-115x73.jpg",115,73,true],"colornews-random-posts":["https:\/\/velipost.com\/wp-content\/uploads\/2025\/08\/pm-pnh-215x215.jpg",215,215,true],"colornews-featured-image":["https:\/\/velipost.com\/wp-content\/uploads\/2025\/08\/pm-pnh-715x400.jpg",715,400,true],"mailpoet_newsletter_max":["https:\/\/velipost.com\/wp-content\/uploads\/2025\/08\/pm-pnh.jpg",1170,603,false]},"uagb_author_info":{"display_name":"VeliPost","author_link":"https:\/\/velipost.com\/?author=1"},"uagb_comment_info":0,"uagb_excerpt":"Ce lundi, \u00e0 la Primature, le Premier ministre Alix Didier Fils-Aim\u00e9 a pr\u00e9sid\u00e9 la premi\u00e8re r\u00e9union du Conseil Sup\u00e9rieur de la Police Nationale d\u2019Ha\u00efti","_links":{"self":[{"href":"https:\/\/velipost.com\/index.php?rest_route=\/wp\/v2\/posts\/3783","targetHints":{"allow":["GET"]}}],"collection":[{"href":"https:\/\/velipost.com\/index.php?rest_route=\/wp\/v2\/posts"}],"about":[{"href":"https:\/\/velipost.com\/index.php?rest_route=\/wp\/v2\/types\/post"}],"author":[{"embeddable":true,"href":"https:\/\/velipost.com\/index.php?rest_route=\/wp\/v2\/users\/1"}],"replies":[{"embeddable":true,"href":"https:\/\/velipost.com\/index.php?rest_route=%2Fwp%2Fv2%2Fcomments&post=3783"}],"version-history":[{"count":1,"href":"https:\/\/velipost.com\/index.php?rest_route=\/wp\/v2\/posts\/3783\/revisions"}],"predecessor-version":[{"id":3786,"href":"https:\/\/velipost.com\/index.php?rest_route=\/wp\/v2\/posts\/3783\/revisions\/3786"}],"wp:featuredmedia":[{"embeddable":true,"href":"https:\/\/velipost.com\/index.php?rest_route=\/wp\/v2\/media\/3785"}],"wp:attachment":[{"href":"https:\/\/velipost.com\/index.php?rest_route=%2Fwp%2Fv2%2Fmedia&parent=3783"}],"wp:term":[{"taxonomy":"category","embeddable":true,"href":"https:\/\/velipost.com\/index.php?rest_route=%2Fwp%2Fv2%2Fcategories&post=3783"},{"taxonomy":"post_tag","embeddable":true,"href":"https:\/\/velipost.com\/index.php?rest_route=%2Fwp%2Fv2%2Ftags&post=3783"}],"curies":[{"name":"wp","href":"https:\/\/api.w.org\/{rel}","templated":true}]}}