{"id":3766,"date":"2025-08-11T18:58:27","date_gmt":"2025-08-11T16:58:27","guid":{"rendered":"https:\/\/velipost.com\/?p=3766"},"modified":"2025-08-11T18:58:29","modified_gmt":"2025-08-11T16:58:29","slug":"un-journaliste-dal-jazeera-tue-dans-une-frappe-aerienne-israelienne-a-gaza-avec-quatre-collegues","status":"publish","type":"post","link":"https:\/\/velipost.com\/?p=3766","title":{"rendered":"Un journaliste d\u2019Al Jazeera tu\u00e9 dans une frappe a\u00e9rienne isra\u00e9lienne \u00e0 Gaza, avec quatre coll\u00e8gues"},"content":{"rendered":"\n<p>Un \u00e9minent journaliste d\u2019Al Jazeera, Anas Al Sharif, a \u00e9t\u00e9 tu\u00e9 dimanche dans une frappe a\u00e9rienne isra\u00e9lienne qui a \u00e9galement fait quatre autres victimes parmi ses coll\u00e8gues, provoquant une onde de choc parmi les m\u00e9dias et les d\u00e9fenseurs des droits de l\u2019homme.<\/p>\n\n\n\n<p>\u00c2g\u00e9 de 28 ans, Anas Al Sharif faisait partie des derni\u00e8res voix journalistiques \u00e0 Gaza \u00e0 transmettre la r\u00e9alit\u00e9 du conflit au monde, avant d\u2019\u00eatre mortellement touch\u00e9 pr\u00e8s de l\u2019h\u00f4pital Al Shifa, dans l\u2019est de la ville. Avec lui, sont morts les journalistes Mohammed Qreiqeh, Ibrahim Zaher, Mohammed Noufal ainsi qu\u2019un assistant. Un reporter ind\u00e9pendant local, Mohammad Al-Khaldi, a \u00e9galement p\u00e9ri dans cette attaque, ont confirm\u00e9 les m\u00e9decins de l\u2019h\u00f4pital.<\/p>\n\n\n\n<p>L\u2019arm\u00e9e isra\u00e9lienne a justifi\u00e9 la frappe en affirmant qu\u2019Anas Al Sharif dirigeait une cellule militante du Hamas impliqu\u00e9e dans des attaques \u00e0 la roquette contre Isra\u00ebl. Ces accusations ont \u00e9t\u00e9 fermement rejet\u00e9es par Al Jazeera, qui souligne que le journaliste avait lui-m\u00eame ni\u00e9 toute implication dans des activit\u00e9s militaires avant sa mort.<\/p>\n\n\n\n<p>Dans un communiqu\u00e9, Al Jazeera a qualifi\u00e9 Anas Al Sharif de \u00ab l\u2019un des journalistes les plus courageux de Gaza \u00bb et d\u00e9nonc\u00e9 une \u00ab tentative d\u00e9sesp\u00e9r\u00e9e de faire taire les voix en pr\u00e9vision de l\u2019occupation de Gaza \u00bb.<\/p>\n\n\n\n<p>Cette attaque meurtri\u00e8re a suscit\u00e9 une condamnation unanime. Le Premier ministre qatari, Cheikh Mohammed bin Abdulrahman Al-Thani, a d\u00e9nonc\u00e9 sur le r\u00e9seau social X \u00ab le ciblage d\u00e9lib\u00e9r\u00e9 des journalistes par Isra\u00ebl dans la bande de Gaza \u00bb, un crime \u00ab qui d\u00e9passe l\u2019imagination \u00bb.<\/p>\n\n\n\n<p>Les groupes de d\u00e9fense des droits de l\u2019homme ont \u00e9galement exprim\u00e9 leur vive inqui\u00e9tude face \u00e0 cette violation des protections accord\u00e9es aux journalistes dans les zones de conflit, appelant \u00e0 une enqu\u00eate internationale ind\u00e9pendante.<\/p>\n\n    <div class=\"xs_social_share_widget xs_share_url after_content \t\tmain_content  wslu-style-3 wslu-share-box-shaped wslu-fill-brand-hover-colored wslu-share-m-5 wslu-none wslu-share-horizontal wslu-theme-font-no wslu-main_content\">\n\n\t\t\n        <ul>\n\t\t\t                    <li class=\"xs-share-li twitter                        wslu-no-extra-data\">\n                        <a href=\"javascript:void(0);\"\n                           id=\"xs_feed_twitter\"\n                           onclick=\"xs_social_sharer(this);\"\n                           data-pid=\"3766\"\n                           data-uri_hash=\"9cb6a1b1630394751915c9894c9de3c0\"\n                           data-key=\"twitter\"\n                           data-xs-href=\"https:\/\/twitter.com\/intent\/tweet?text=Un+journaliste+d%E2%80%99Al+Jazeera+tu%C3%A9+dans+une+frappe+a%C3%A9rienne+isra%C3%A9lienne+%C3%A0+Gaza%2C+avec+quatre+coll%C3%A8gues+https%3A%2F%2Fvelipost.com%2Findex.php%3Frest_route%3D%252Fwp%252Fv2%252Fposts%252F3766&amp;original_referer=https%3A%2F%2Fvelipost.com%2Findex.php%3Frest_route%3D%252Fwp%252Fv2%252Fposts%252F3766&amp;related=xpeedstudio\">\n\n                            <div class=\"xs-social-icon\">\n                                <span class=\"met-social met-social-twitter\"><\/span>\n                            <\/div>\n\n\t\t\t\t\t\t\t\n                            <div class=\"wslu-hover-content\">\n                                <div class=\"xs-social-followers\">\n\t\t\t\t\t\t\t\t\t10                                <\/div>\n                                <div class=\"xs-social-follower-text\">\n\t\t\t\t\t\t\t\t\tShare                                <\/div>\n                                <div class=\"xs-social-follower-label\">\n\t\t\t\t\t\t\t\t\tTwitter                                <\/div>\n                            <\/div>\n                        <\/a>\n                    <\/li>\n\t\t\t\t\t                    <li class=\"xs-share-li telegram                        wslu-no-extra-data\">\n                        <a href=\"javascript:void(0);\"\n                           id=\"xs_feed_telegram\"\n                           onclick=\"xs_social_sharer(this);\"\n                           data-pid=\"3766\"\n                           data-uri_hash=\"9cb6a1b1630394751915c9894c9de3c0\"\n                           data-key=\"telegram\"\n                           data-xs-href=\"https:\/\/telegram.me\/share\/url?url=https%3A%2F%2Fvelipost.com%2Findex.php%3Frest_route%3D%252Fwp%252Fv2%252Fposts%252F3766&amp;text=Un+journaliste+d%E2%80%99Al+Jazeera+tu%C3%A9+dans+une+frappe+a%C3%A9rienne+isra%C3%A9lienne+%C3%A0+Gaza%2C+avec+quatre+coll%C3%A8gues\">\n\n                            <div class=\"xs-social-icon\">\n                                <span class=\"met-social met-social-telegram\"><\/span>\n                            <\/div>\n\n\t\t\t\t\t\t\t\n                            <div class=\"wslu-hover-content\">\n                                <div class=\"xs-social-followers\">\n\t\t\t\t\t\t\t\t\t0                                <\/div>\n                                <div class=\"xs-social-follower-text\">\n\t\t\t\t\t\t\t\t\tShare                                <\/div>\n                                <div class=\"xs-social-follower-label\">\n\t\t\t\t\t\t\t\t\tTelegram                                <\/div>\n                            <\/div>\n                        <\/a>\n                    <\/li>\n\t\t\t\t\t                    <li class=\"xs-share-li email                        wslu-no-extra-data\">\n                        <a href=\"javascript:void(0);\"\n                           id=\"xs_feed_email\"\n                           onclick=\"xs_social_sharer(this);\"\n                           data-pid=\"3766\"\n                           data-uri_hash=\"9cb6a1b1630394751915c9894c9de3c0\"\n                           data-key=\"email\"\n                           data-xs-href=\"mailto:?body=Title%3A+Un+journaliste+d%E2%80%99Al+Jazeera+tu%C3%A9+dans+une+frappe+a%C3%A9rienne+isra%C3%A9lienne+%C3%A0+Gaza%2C+avec+quatre+coll%C3%A8gues+%5Cn%5Cn+URL%3A+https%3A%2F%2Fvelipost.com%2Findex.php%3Frest_route%3D%252Fwp%252Fv2%252Fposts%252F3766&amp;subject=Un+journaliste+d%E2%80%99Al+Jazeera+tu%C3%A9+dans+une+frappe+a%C3%A9rienne+isra%C3%A9lienne+%C3%A0+Gaza%2C+avec+quatre+coll%C3%A8gues\">\n\n                            <div class=\"xs-social-icon\">\n                                <span class=\"met-social met-social-email\"><\/span>\n                            <\/div>\n\n\t\t\t\t\t\t\t\n                            <div class=\"wslu-hover-content\">\n                                <div class=\"xs-social-followers\">\n\t\t\t\t\t\t\t\t\t0                                <\/div>\n                                <div class=\"xs-social-follower-text\">\n\t\t\t\t\t\t\t\t\tShare                                <\/div>\n                                <div class=\"xs-social-follower-label\">\n\t\t\t\t\t\t\t\t\tEmail                                <\/div>\n                            <\/div>\n                        <\/a>\n                    <\/li>\n\t\t\t\t\t        <\/ul>\n    <\/div> \n","protected":false},"excerpt":{"rendered":"<p>Un \u00e9minent journaliste d\u2019Al Jazeera, Anas Al Sharif, a \u00e9t\u00e9 tu\u00e9 dimanche dans une frappe a\u00e9rienne isra\u00e9lienne qui a \u00e9galement fait quatre autres victimes<\/p>\n","protected":false},"author":1,"featured_media":3767,"comment_status":"open","ping_status":"open","sticky":false,"template":"","format":"standard","meta":{"_uag_custom_page_level_css":"","footnotes":"","jetpack_publicize_message":"","jetpack_publicize_feature_enabled":true,"jetpack_social_post_already_shared":false,"jetpack_social_options":{"image_generator_settings":{"template":"highway","default_image_id":0,"font":"","enabled":false},"version":2}},"categories":[107],"tags":[],"class_list":["post-3766","post","type-post","status-publish","format-standard","has-post-thumbnail","hentry","category-international"],"yoast_head":"<!-- This site is optimized with the Yoast SEO plugin v25.3.1 - https:\/\/yoast.com\/wordpress\/plugins\/seo\/ -->\n<title>Un journaliste d\u2019Al Jazeera tu\u00e9 dans une frappe a\u00e9rienne isra\u00e9lienne \u00e0 Gaza, avec quatre coll\u00e8gues &#8211; VeliPost<\/title>\n<meta name=\"robots\" content=\"index, follow, max-snippet:-1, max-image-preview:large, max-video-preview:-1\" \/>\n<link rel=\"canonical\" href=\"https:\/\/velipost.com\/?p=3766\" \/>\n<meta property=\"og:locale\" content=\"fr_FR\" \/>\n<meta property=\"og:type\" content=\"article\" \/>\n<meta property=\"og:title\" content=\"Un journaliste d\u2019Al Jazeera tu\u00e9 dans une frappe a\u00e9rienne isra\u00e9lienne \u00e0 Gaza, avec quatre coll\u00e8gues &#8211; VeliPost\" \/>\n<meta property=\"og:description\" content=\"Un \u00e9minent journaliste d\u2019Al Jazeera, Anas Al Sharif, a \u00e9t\u00e9 tu\u00e9 dimanche dans une frappe a\u00e9rienne isra\u00e9lienne qui a \u00e9galement fait quatre autres victimes\" \/>\n<meta property=\"og:url\" content=\"https:\/\/velipost.com\/?p=3766\" \/>\n<meta property=\"og:site_name\" content=\"VeliPost\" \/>\n<meta property=\"article:publisher\" content=\"https:\/\/www.facebook.com\/veliposthaiti\" \/>\n<meta property=\"article:published_time\" content=\"2025-08-11T16:58:27+00:00\" \/>\n<meta property=\"article:modified_time\" content=\"2025-08-11T16:58:29+00:00\" \/>\n<meta property=\"og:image\" content=\"https:\/\/velipost.com\/wp-content\/uploads\/2025\/08\/gaza.jpg\" \/>\n\t<meta property=\"og:image:width\" content=\"1170\" \/>\n\t<meta property=\"og:image:height\" content=\"603\" \/>\n\t<meta property=\"og:image:type\" content=\"image\/jpeg\" \/>\n<meta name=\"author\" content=\"VeliPost\" \/>\n<meta name=\"twitter:card\" content=\"summary_large_image\" \/>\n<meta name=\"twitter:creator\" content=\"@veliposthaiti\" \/>\n<meta name=\"twitter:site\" content=\"@veliposthaiti\" \/>\n<meta name=\"twitter:label1\" content=\"\u00c9crit par\" \/>\n\t<meta name=\"twitter:data1\" content=\"VeliPost\" \/>\n\t<meta name=\"twitter:label2\" content=\"Dur\u00e9e de lecture estim\u00e9e\" \/>\n\t<meta name=\"twitter:data2\" content=\"2 minutes\" \/>\n<script type=\"application\/ld+json\" class=\"yoast-schema-graph\">{\"@context\":\"https:\/\/schema.org\",\"@graph\":[{\"@type\":\"Article\",\"@id\":\"https:\/\/velipost.com\/?p=3766#article\",\"isPartOf\":{\"@id\":\"https:\/\/velipost.com\/?p=3766\"},\"author\":{\"name\":\"VeliPost\",\"@id\":\"https:\/\/velipost.com\/#\/schema\/person\/32ff49a53c9c1bb24302ee8ece058096\"},\"headline\":\"Un journaliste d\u2019Al Jazeera tu\u00e9 dans une frappe a\u00e9rienne isra\u00e9lienne \u00e0 Gaza, avec quatre coll\u00e8gues\",\"datePublished\":\"2025-08-11T16:58:27+00:00\",\"dateModified\":\"2025-08-11T16:58:29+00:00\",\"mainEntityOfPage\":{\"@id\":\"https:\/\/velipost.com\/?p=3766\"},\"wordCount\":336,\"commentCount\":0,\"publisher\":{\"@id\":\"https:\/\/velipost.com\/#organization\"},\"image\":{\"@id\":\"https:\/\/velipost.com\/?p=3766#primaryimage\"},\"thumbnailUrl\":\"https:\/\/velipost.com\/wp-content\/uploads\/2025\/08\/gaza.jpg\",\"articleSection\":[\"International\"],\"inLanguage\":\"fr-FR\",\"potentialAction\":[{\"@type\":\"CommentAction\",\"name\":\"Comment\",\"target\":[\"https:\/\/velipost.com\/?p=3766#respond\"]}]},{\"@type\":\"WebPage\",\"@id\":\"https:\/\/velipost.com\/?p=3766\",\"url\":\"https:\/\/velipost.com\/?p=3766\",\"name\":\"Un journaliste d\u2019Al Jazeera tu\u00e9 dans une frappe a\u00e9rienne isra\u00e9lienne \u00e0 Gaza, avec quatre coll\u00e8gues &#8211; VeliPost\",\"isPartOf\":{\"@id\":\"https:\/\/velipost.com\/#website\"},\"primaryImageOfPage\":{\"@id\":\"https:\/\/velipost.com\/?p=3766#primaryimage\"},\"image\":{\"@id\":\"https:\/\/velipost.com\/?p=3766#primaryimage\"},\"thumbnailUrl\":\"https:\/\/velipost.com\/wp-content\/uploads\/2025\/08\/gaza.jpg\",\"datePublished\":\"2025-08-11T16:58:27+00:00\",\"dateModified\":\"2025-08-11T16:58:29+00:00\",\"breadcrumb\":{\"@id\":\"https:\/\/velipost.com\/?p=3766#breadcrumb\"},\"inLanguage\":\"fr-FR\",\"potentialAction\":[{\"@type\":\"ReadAction\",\"target\":[\"https:\/\/velipost.com\/?p=3766\"]}]},{\"@type\":\"ImageObject\",\"inLanguage\":\"fr-FR\",\"@id\":\"https:\/\/velipost.com\/?p=3766#primaryimage\",\"url\":\"https:\/\/velipost.com\/wp-content\/uploads\/2025\/08\/gaza.jpg\",\"contentUrl\":\"https:\/\/velipost.com\/wp-content\/uploads\/2025\/08\/gaza.jpg\",\"width\":1170,\"height\":603},{\"@type\":\"BreadcrumbList\",\"@id\":\"https:\/\/velipost.com\/?p=3766#breadcrumb\",\"itemListElement\":[{\"@type\":\"ListItem\",\"position\":1,\"name\":\"Accueil\",\"item\":\"https:\/\/velipost.com\/\"},{\"@type\":\"ListItem\",\"position\":2,\"name\":\"Un journaliste d\u2019Al Jazeera tu\u00e9 dans une frappe a\u00e9rienne isra\u00e9lienne \u00e0 Gaza, avec quatre coll\u00e8gues\"}]},{\"@type\":\"WebSite\",\"@id\":\"https:\/\/velipost.com\/#website\",\"url\":\"https:\/\/velipost.com\/\",\"name\":\"VeliPost\",\"description\":\"L\u2019info en un clic\",\"publisher\":{\"@id\":\"https:\/\/velipost.com\/#organization\"},\"potentialAction\":[{\"@type\":\"SearchAction\",\"target\":{\"@type\":\"EntryPoint\",\"urlTemplate\":\"https:\/\/velipost.com\/?s={search_term_string}\"},\"query-input\":{\"@type\":\"PropertyValueSpecification\",\"valueRequired\":true,\"valueName\":\"search_term_string\"}}],\"inLanguage\":\"fr-FR\"},{\"@type\":\"Organization\",\"@id\":\"https:\/\/velipost.com\/#organization\",\"name\":\"VeliPost\",\"url\":\"https:\/\/velipost.com\/\",\"logo\":{\"@type\":\"ImageObject\",\"inLanguage\":\"fr-FR\",\"@id\":\"https:\/\/velipost.com\/#\/schema\/logo\/image\/\",\"url\":\"https:\/\/velipost.com\/wp-content\/uploads\/2024\/08\/cropped-VP-logo-piti.png\",\"contentUrl\":\"https:\/\/velipost.com\/wp-content\/uploads\/2024\/08\/cropped-VP-logo-piti.png\",\"width\":201,\"height\":69,\"caption\":\"VeliPost\"},\"image\":{\"@id\":\"https:\/\/velipost.com\/#\/schema\/logo\/image\/\"},\"sameAs\":[\"https:\/\/www.facebook.com\/veliposthaiti\",\"https:\/\/x.com\/veliposthaiti\",\"https:\/\/www.instagram.com\/veliposthaiti\"]},{\"@type\":\"Person\",\"@id\":\"https:\/\/velipost.com\/#\/schema\/person\/32ff49a53c9c1bb24302ee8ece058096\",\"name\":\"VeliPost\",\"image\":{\"@type\":\"ImageObject\",\"inLanguage\":\"fr-FR\",\"@id\":\"https:\/\/velipost.com\/#\/schema\/person\/image\/\",\"url\":\"https:\/\/secure.gravatar.com\/avatar\/57c226c264de62f794185a89596d4a37b85a5ad20aca30d9d5a478b27d8c8d9d?s=96&d=mm&r=g\",\"contentUrl\":\"https:\/\/secure.gravatar.com\/avatar\/57c226c264de62f794185a89596d4a37b85a5ad20aca30d9d5a478b27d8c8d9d?s=96&d=mm&r=g\",\"caption\":\"VeliPost\"},\"sameAs\":[\"https:\/\/velipost.com\"],\"url\":\"https:\/\/velipost.com\/?author=1\"}]}<\/script>\n<!-- \/ Yoast SEO plugin. -->","yoast_head_json":{"title":"Un journaliste d\u2019Al Jazeera tu\u00e9 dans une frappe a\u00e9rienne isra\u00e9lienne \u00e0 Gaza, avec quatre coll\u00e8gues &#8211; VeliPost","robots":{"index":"index","follow":"follow","max-snippet":"max-snippet:-1","max-image-preview":"max-image-preview:large","max-video-preview":"max-video-preview:-1"},"canonical":"https:\/\/velipost.com\/?p=3766","og_locale":"fr_FR","og_type":"article","og_title":"Un journaliste d\u2019Al Jazeera tu\u00e9 dans une frappe a\u00e9rienne isra\u00e9lienne \u00e0 Gaza, avec quatre coll\u00e8gues &#8211; VeliPost","og_description":"Un \u00e9minent journaliste d\u2019Al Jazeera, Anas Al Sharif, a \u00e9t\u00e9 tu\u00e9 dimanche dans une frappe a\u00e9rienne isra\u00e9lienne qui a \u00e9galement fait quatre autres victimes","og_url":"https:\/\/velipost.com\/?p=3766","og_site_name":"VeliPost","article_publisher":"https:\/\/www.facebook.com\/veliposthaiti","article_published_time":"2025-08-11T16:58:27+00:00","article_modified_time":"2025-08-11T16:58:29+00:00","og_image":[{"width":1170,"height":603,"url":"https:\/\/velipost.com\/wp-content\/uploads\/2025\/08\/gaza.jpg","type":"image\/jpeg"}],"author":"VeliPost","twitter_card":"summary_large_image","twitter_creator":"@veliposthaiti","twitter_site":"@veliposthaiti","twitter_misc":{"\u00c9crit par":"VeliPost","Dur\u00e9e de lecture estim\u00e9e":"2 minutes"},"schema":{"@context":"https:\/\/schema.org","@graph":[{"@type":"Article","@id":"https:\/\/velipost.com\/?p=3766#article","isPartOf":{"@id":"https:\/\/velipost.com\/?p=3766"},"author":{"name":"VeliPost","@id":"https:\/\/velipost.com\/#\/schema\/person\/32ff49a53c9c1bb24302ee8ece058096"},"headline":"Un journaliste d\u2019Al Jazeera tu\u00e9 dans une frappe a\u00e9rienne isra\u00e9lienne \u00e0 Gaza, avec quatre coll\u00e8gues","datePublished":"2025-08-11T16:58:27+00:00","dateModified":"2025-08-11T16:58:29+00:00","mainEntityOfPage":{"@id":"https:\/\/velipost.com\/?p=3766"},"wordCount":336,"commentCount":0,"publisher":{"@id":"https:\/\/velipost.com\/#organization"},"image":{"@id":"https:\/\/velipost.com\/?p=3766#primaryimage"},"thumbnailUrl":"https:\/\/velipost.com\/wp-content\/uploads\/2025\/08\/gaza.jpg","articleSection":["International"],"inLanguage":"fr-FR","potentialAction":[{"@type":"CommentAction","name":"Comment","target":["https:\/\/velipost.com\/?p=3766#respond"]}]},{"@type":"WebPage","@id":"https:\/\/velipost.com\/?p=3766","url":"https:\/\/velipost.com\/?p=3766","name":"Un journaliste d\u2019Al Jazeera tu\u00e9 dans une frappe a\u00e9rienne isra\u00e9lienne \u00e0 Gaza, avec quatre coll\u00e8gues &#8211; VeliPost","isPartOf":{"@id":"https:\/\/velipost.com\/#website"},"primaryImageOfPage":{"@id":"https:\/\/velipost.com\/?p=3766#primaryimage"},"image":{"@id":"https:\/\/velipost.com\/?p=3766#primaryimage"},"thumbnailUrl":"https:\/\/velipost.com\/wp-content\/uploads\/2025\/08\/gaza.jpg","datePublished":"2025-08-11T16:58:27+00:00","dateModified":"2025-08-11T16:58:29+00:00","breadcrumb":{"@id":"https:\/\/velipost.com\/?p=3766#breadcrumb"},"inLanguage":"fr-FR","potentialAction":[{"@type":"ReadAction","target":["https:\/\/velipost.com\/?p=3766"]}]},{"@type":"ImageObject","inLanguage":"fr-FR","@id":"https:\/\/velipost.com\/?p=3766#primaryimage","url":"https:\/\/velipost.com\/wp-content\/uploads\/2025\/08\/gaza.jpg","contentUrl":"https:\/\/velipost.com\/wp-content\/uploads\/2025\/08\/gaza.jpg","width":1170,"height":603},{"@type":"BreadcrumbList","@id":"https:\/\/velipost.com\/?p=3766#breadcrumb","itemListElement":[{"@type":"ListItem","position":1,"name":"Accueil","item":"https:\/\/velipost.com\/"},{"@type":"ListItem","position":2,"name":"Un journaliste d\u2019Al Jazeera tu\u00e9 dans une frappe a\u00e9rienne isra\u00e9lienne \u00e0 Gaza, avec quatre coll\u00e8gues"}]},{"@type":"WebSite","@id":"https:\/\/velipost.com\/#website","url":"https:\/\/velipost.com\/","name":"VeliPost","description":"L\u2019info en un clic","publisher":{"@id":"https:\/\/velipost.com\/#organization"},"potentialAction":[{"@type":"SearchAction","target":{"@type":"EntryPoint","urlTemplate":"https:\/\/velipost.com\/?s={search_term_string}"},"query-input":{"@type":"PropertyValueSpecification","valueRequired":true,"valueName":"search_term_string"}}],"inLanguage":"fr-FR"},{"@type":"Organization","@id":"https:\/\/velipost.com\/#organization","name":"VeliPost","url":"https:\/\/velipost.com\/","logo":{"@type":"ImageObject","inLanguage":"fr-FR","@id":"https:\/\/velipost.com\/#\/schema\/logo\/image\/","url":"https:\/\/velipost.com\/wp-content\/uploads\/2024\/08\/cropped-VP-logo-piti.png","contentUrl":"https:\/\/velipost.com\/wp-content\/uploads\/2024\/08\/cropped-VP-logo-piti.png","width":201,"height":69,"caption":"VeliPost"},"image":{"@id":"https:\/\/velipost.com\/#\/schema\/logo\/image\/"},"sameAs":["https:\/\/www.facebook.com\/veliposthaiti","https:\/\/x.com\/veliposthaiti","https:\/\/www.instagram.com\/veliposthaiti"]},{"@type":"Person","@id":"https:\/\/velipost.com\/#\/schema\/person\/32ff49a53c9c1bb24302ee8ece058096","name":"VeliPost","image":{"@type":"ImageObject","inLanguage":"fr-FR","@id":"https:\/\/velipost.com\/#\/schema\/person\/image\/","url":"https:\/\/secure.gravatar.com\/avatar\/57c226c264de62f794185a89596d4a37b85a5ad20aca30d9d5a478b27d8c8d9d?s=96&d=mm&r=g","contentUrl":"https:\/\/secure.gravatar.com\/avatar\/57c226c264de62f794185a89596d4a37b85a5ad20aca30d9d5a478b27d8c8d9d?s=96&d=mm&r=g","caption":"VeliPost"},"sameAs":["https:\/\/velipost.com"],"url":"https:\/\/velipost.com\/?author=1"}]}},"views":1,"jetpack_publicize_connections":[],"uagb_featured_image_src":{"full":["https:\/\/velipost.com\/wp-content\/uploads\/2025\/08\/gaza.jpg",1170,603,false],"thumbnail":["https:\/\/velipost.com\/wp-content\/uploads\/2025\/08\/gaza-150x150.jpg",150,150,true],"medium":["https:\/\/velipost.com\/wp-content\/uploads\/2025\/08\/gaza-300x155.jpg",300,155,true],"medium_large":["https:\/\/velipost.com\/wp-content\/uploads\/2025\/08\/gaza-768x396.jpg",715,369,true],"large":["https:\/\/velipost.com\/wp-content\/uploads\/2025\/08\/gaza-1024x528.jpg",715,369,true],"1536x1536":["https:\/\/velipost.com\/wp-content\/uploads\/2025\/08\/gaza.jpg",1170,603,false],"2048x2048":["https:\/\/velipost.com\/wp-content\/uploads\/2025\/08\/gaza.jpg",1170,603,false],"colornews-big-slider":["https:\/\/velipost.com\/wp-content\/uploads\/2025\/08\/gaza-1070x470.jpg",1070,470,true],"colornews-big-slider-thumb":["https:\/\/velipost.com\/wp-content\/uploads\/2025\/08\/gaza-184x109.jpg",184,109,true],"colornews-featured-post-medium":["https:\/\/velipost.com\/wp-content\/uploads\/2025\/08\/gaza-345x265.jpg",345,265,true],"colornews-featured-post-small":["https:\/\/velipost.com\/wp-content\/uploads\/2025\/08\/gaza-115x73.jpg",115,73,true],"colornews-random-posts":["https:\/\/velipost.com\/wp-content\/uploads\/2025\/08\/gaza-215x215.jpg",215,215,true],"colornews-featured-image":["https:\/\/velipost.com\/wp-content\/uploads\/2025\/08\/gaza-715x400.jpg",715,400,true],"mailpoet_newsletter_max":["https:\/\/velipost.com\/wp-content\/uploads\/2025\/08\/gaza.jpg",1170,603,false]},"uagb_author_info":{"display_name":"VeliPost","author_link":"https:\/\/velipost.com\/?author=1"},"uagb_comment_info":0,"uagb_excerpt":"Un \u00e9minent journaliste d\u2019Al Jazeera, Anas Al Sharif, a \u00e9t\u00e9 tu\u00e9 dimanche dans une frappe a\u00e9rienne isra\u00e9lienne qui a \u00e9galement fait quatre autres victimes","_links":{"self":[{"href":"https:\/\/velipost.com\/index.php?rest_route=\/wp\/v2\/posts\/3766","targetHints":{"allow":["GET"]}}],"collection":[{"href":"https:\/\/velipost.com\/index.php?rest_route=\/wp\/v2\/posts"}],"about":[{"href":"https:\/\/velipost.com\/index.php?rest_route=\/wp\/v2\/types\/post"}],"author":[{"embeddable":true,"href":"https:\/\/velipost.com\/index.php?rest_route=\/wp\/v2\/users\/1"}],"replies":[{"embeddable":true,"href":"https:\/\/velipost.com\/index.php?rest_route=%2Fwp%2Fv2%2Fcomments&post=3766"}],"version-history":[{"count":1,"href":"https:\/\/velipost.com\/index.php?rest_route=\/wp\/v2\/posts\/3766\/revisions"}],"predecessor-version":[{"id":3768,"href":"https:\/\/velipost.com\/index.php?rest_route=\/wp\/v2\/posts\/3766\/revisions\/3768"}],"wp:featuredmedia":[{"embeddable":true,"href":"https:\/\/velipost.com\/index.php?rest_route=\/wp\/v2\/media\/3767"}],"wp:attachment":[{"href":"https:\/\/velipost.com\/index.php?rest_route=%2Fwp%2Fv2%2Fmedia&parent=3766"}],"wp:term":[{"taxonomy":"category","embeddable":true,"href":"https:\/\/velipost.com\/index.php?rest_route=%2Fwp%2Fv2%2Fcategories&post=3766"},{"taxonomy":"post_tag","embeddable":true,"href":"https:\/\/velipost.com\/index.php?rest_route=%2Fwp%2Fv2%2Ftags&post=3766"}],"curies":[{"name":"wp","href":"https:\/\/api.w.org\/{rel}","templated":true}]}}