{"id":3755,"date":"2025-08-10T19:58:59","date_gmt":"2025-08-10T17:58:59","guid":{"rendered":"https:\/\/velipost.com\/?p=3755"},"modified":"2025-08-10T19:59:01","modified_gmt":"2025-08-10T17:59:01","slug":"le-pape-leon-xiv-appelle-a-la-liberation-immediate-des-otages-de-lorphelinat-sainte-helene-a-kenscoff","status":"publish","type":"post","link":"https:\/\/velipost.com\/?p=3755","title":{"rendered":"Le Pape L\u00e9on XIV appelle \u00e0 la lib\u00e9ration imm\u00e9diate des otages de l\u2019orphelinat Sainte H\u00e9l\u00e8ne \u00e0 Kenscoff"},"content":{"rendered":"\n<p>Dans un message publi\u00e9 r\u00e9cemment sur son compte X, le Pape L\u00e9on XIV a exprim\u00e9 une profonde inqui\u00e9tude face \u00e0 la situation dramatique en Ha\u00efti. Il d\u00e9nonce une vague grandissante de violences, d\u2019enl\u00e8vements et d\u2019exactions qui plongent la population dans un d\u00e9sespoir croissant.<\/p>\n\n\n\n<p>Le Pontife s\u2019est particuli\u00e8rement insurg\u00e9 contre la prise d\u2019otages \u00e0 l\u2019orphelinat Sainte H\u00e9l\u00e8ne, g\u00e9r\u00e9 par l\u2019association Nos Petits Fr\u00e8res et S\u0153urs, \u00e0 Kenscoff. \u00ab Je lance un appel pressant \u00e0 tous les responsables pour que les otages soient lib\u00e9r\u00e9s imm\u00e9diatement \u00bb, a-t-il \u00e9crit, insistant sur la n\u00e9cessit\u00e9 d\u2019une action urgente.<\/p>\n\n\n\n<p>Au-del\u00e0 de cette situation tragique, le Pape L\u00e9on XIV a sollicit\u00e9 un engagement fort de la communaut\u00e9 internationale. Il demande un soutien concret afin de b\u00e2tir des \u00ab conditions sociales et institutionnelles \u00bb indispensables pour garantir \u00e0 la population ha\u00eftienne la paix et la s\u00e9curit\u00e9.<\/p>\n\n\n\n<p>Ce cri du c\u0153ur intervient dans un contexte o\u00f9 Ha\u00efti fait face \u00e0 une recrudescence d\u2019actes criminels, notamment des enl\u00e8vements \u00e0 des fins de ran\u00e7on, qui affectent particuli\u00e8rement les populations vuln\u00e9rables.<\/p>\n\n\n\n<p>L\u2019appel du Pape r\u00e9sonne comme une invitation \u00e0 l\u2019unit\u00e9 et \u00e0 la responsabilit\u00e9 collective, rappelant que la paix durable repose sur des fondations solides, tant sur le plan social que politique.<\/p>\n\n    <div class=\"xs_social_share_widget xs_share_url after_content \t\tmain_content  wslu-style-3 wslu-share-box-shaped wslu-fill-brand-hover-colored wslu-share-m-5 wslu-none wslu-share-horizontal wslu-theme-font-no wslu-main_content\">\n\n\t\t\n        <ul>\n\t\t\t                    <li class=\"xs-share-li twitter                        wslu-no-extra-data\">\n                        <a href=\"javascript:void(0);\"\n                           id=\"xs_feed_twitter\"\n                           onclick=\"xs_social_sharer(this);\"\n                           data-pid=\"3755\"\n                           data-uri_hash=\"47073e8beb5dc6b2a495226704cdda1a\"\n                           data-key=\"twitter\"\n                           data-xs-href=\"https:\/\/twitter.com\/intent\/tweet?text=Le+Pape+L%C3%A9on+XIV+appelle+%C3%A0+la+lib%C3%A9ration+imm%C3%A9diate+des+otages+de+l%E2%80%99orphelinat+Sainte+H%C3%A9l%C3%A8ne+%C3%A0+Kenscoff+https%3A%2F%2Fvelipost.com%2Findex.php%3Frest_route%3D%252Fwp%252Fv2%252Fposts%252F3755&amp;original_referer=https%3A%2F%2Fvelipost.com%2Findex.php%3Frest_route%3D%252Fwp%252Fv2%252Fposts%252F3755&amp;related=xpeedstudio\">\n\n                            <div class=\"xs-social-icon\">\n                                <span class=\"met-social met-social-twitter\"><\/span>\n                            <\/div>\n\n\t\t\t\t\t\t\t\n                            <div class=\"wslu-hover-content\">\n                                <div class=\"xs-social-followers\">\n\t\t\t\t\t\t\t\t\t10                                <\/div>\n                                <div class=\"xs-social-follower-text\">\n\t\t\t\t\t\t\t\t\tShare                                <\/div>\n                                <div class=\"xs-social-follower-label\">\n\t\t\t\t\t\t\t\t\tTwitter                                <\/div>\n                            <\/div>\n                        <\/a>\n                    <\/li>\n\t\t\t\t\t                    <li class=\"xs-share-li telegram                        wslu-no-extra-data\">\n                        <a href=\"javascript:void(0);\"\n                           id=\"xs_feed_telegram\"\n                           onclick=\"xs_social_sharer(this);\"\n                           data-pid=\"3755\"\n                           data-uri_hash=\"47073e8beb5dc6b2a495226704cdda1a\"\n                           data-key=\"telegram\"\n                           data-xs-href=\"https:\/\/telegram.me\/share\/url?url=https%3A%2F%2Fvelipost.com%2Findex.php%3Frest_route%3D%252Fwp%252Fv2%252Fposts%252F3755&amp;text=Le+Pape+L%C3%A9on+XIV+appelle+%C3%A0+la+lib%C3%A9ration+imm%C3%A9diate+des+otages+de+l%E2%80%99orphelinat+Sainte+H%C3%A9l%C3%A8ne+%C3%A0+Kenscoff\">\n\n                            <div class=\"xs-social-icon\">\n                                <span class=\"met-social met-social-telegram\"><\/span>\n                            <\/div>\n\n\t\t\t\t\t\t\t\n                            <div class=\"wslu-hover-content\">\n                                <div class=\"xs-social-followers\">\n\t\t\t\t\t\t\t\t\t0                                <\/div>\n                                <div class=\"xs-social-follower-text\">\n\t\t\t\t\t\t\t\t\tShare                                <\/div>\n                                <div class=\"xs-social-follower-label\">\n\t\t\t\t\t\t\t\t\tTelegram                                <\/div>\n                            <\/div>\n                        <\/a>\n                    <\/li>\n\t\t\t\t\t                    <li class=\"xs-share-li email                        wslu-no-extra-data\">\n                        <a href=\"javascript:void(0);\"\n                           id=\"xs_feed_email\"\n                           onclick=\"xs_social_sharer(this);\"\n                           data-pid=\"3755\"\n                           data-uri_hash=\"47073e8beb5dc6b2a495226704cdda1a\"\n                           data-key=\"email\"\n                           data-xs-href=\"mailto:?body=Title%3A+Le+Pape+L%C3%A9on+XIV+appelle+%C3%A0+la+lib%C3%A9ration+imm%C3%A9diate+des+otages+de+l%E2%80%99orphelinat+Sainte+H%C3%A9l%C3%A8ne+%C3%A0+Kenscoff+%5Cn%5Cn+URL%3A+https%3A%2F%2Fvelipost.com%2Findex.php%3Frest_route%3D%252Fwp%252Fv2%252Fposts%252F3755&amp;subject=Le+Pape+L%C3%A9on+XIV+appelle+%C3%A0+la+lib%C3%A9ration+imm%C3%A9diate+des+otages+de+l%E2%80%99orphelinat+Sainte+H%C3%A9l%C3%A8ne+%C3%A0+Kenscoff\">\n\n                            <div class=\"xs-social-icon\">\n                                <span class=\"met-social met-social-email\"><\/span>\n                            <\/div>\n\n\t\t\t\t\t\t\t\n                            <div class=\"wslu-hover-content\">\n                                <div class=\"xs-social-followers\">\n\t\t\t\t\t\t\t\t\t0                                <\/div>\n                                <div class=\"xs-social-follower-text\">\n\t\t\t\t\t\t\t\t\tShare                                <\/div>\n                                <div class=\"xs-social-follower-label\">\n\t\t\t\t\t\t\t\t\tEmail                                <\/div>\n                            <\/div>\n                        <\/a>\n                    <\/li>\n\t\t\t\t\t        <\/ul>\n    <\/div> \n","protected":false},"excerpt":{"rendered":"<p>Dans un message publi\u00e9 r\u00e9cemment sur son compte X, le Pape L\u00e9on XIV a exprim\u00e9 une profonde inqui\u00e9tude face \u00e0 la situation dramatique en<\/p>\n","protected":false},"author":1,"featured_media":3756,"comment_status":"open","ping_status":"open","sticky":false,"template":"","format":"standard","meta":{"_uag_custom_page_level_css":"","footnotes":"","jetpack_publicize_message":"","jetpack_publicize_feature_enabled":true,"jetpack_social_post_already_shared":false,"jetpack_social_options":{"image_generator_settings":{"template":"highway","default_image_id":0,"font":"","enabled":false},"version":2}},"categories":[94],"tags":[],"class_list":["post-3755","post","type-post","status-publish","format-standard","has-post-thumbnail","hentry","category-a-la-une"],"yoast_head":"<!-- This site is optimized with the Yoast SEO plugin v25.3.1 - https:\/\/yoast.com\/wordpress\/plugins\/seo\/ -->\n<title>Le Pape L\u00e9on XIV appelle \u00e0 la lib\u00e9ration imm\u00e9diate des otages de l\u2019orphelinat Sainte H\u00e9l\u00e8ne \u00e0 Kenscoff &#8211; VeliPost<\/title>\n<meta name=\"robots\" content=\"index, follow, max-snippet:-1, max-image-preview:large, max-video-preview:-1\" \/>\n<link rel=\"canonical\" href=\"https:\/\/velipost.com\/?p=3755\" \/>\n<meta property=\"og:locale\" content=\"fr_FR\" \/>\n<meta property=\"og:type\" content=\"article\" \/>\n<meta property=\"og:title\" content=\"Le Pape L\u00e9on XIV appelle \u00e0 la lib\u00e9ration imm\u00e9diate des otages de l\u2019orphelinat Sainte H\u00e9l\u00e8ne \u00e0 Kenscoff &#8211; VeliPost\" \/>\n<meta property=\"og:description\" content=\"Dans un message publi\u00e9 r\u00e9cemment sur son compte X, le Pape L\u00e9on XIV a exprim\u00e9 une profonde inqui\u00e9tude face \u00e0 la situation dramatique en\" \/>\n<meta property=\"og:url\" content=\"https:\/\/velipost.com\/?p=3755\" \/>\n<meta property=\"og:site_name\" content=\"VeliPost\" \/>\n<meta property=\"article:publisher\" content=\"https:\/\/www.facebook.com\/veliposthaiti\" \/>\n<meta property=\"article:published_time\" content=\"2025-08-10T17:58:59+00:00\" \/>\n<meta property=\"article:modified_time\" content=\"2025-08-10T17:59:01+00:00\" \/>\n<meta property=\"og:image\" content=\"https:\/\/velipost.com\/wp-content\/uploads\/2025\/08\/pape.jpg\" \/>\n\t<meta property=\"og:image:width\" content=\"1170\" \/>\n\t<meta property=\"og:image:height\" content=\"603\" \/>\n\t<meta property=\"og:image:type\" content=\"image\/jpeg\" \/>\n<meta name=\"author\" content=\"VeliPost\" \/>\n<meta name=\"twitter:card\" content=\"summary_large_image\" \/>\n<meta name=\"twitter:creator\" content=\"@veliposthaiti\" \/>\n<meta name=\"twitter:site\" content=\"@veliposthaiti\" \/>\n<meta name=\"twitter:label1\" content=\"\u00c9crit par\" \/>\n\t<meta name=\"twitter:data1\" content=\"VeliPost\" \/>\n\t<meta name=\"twitter:label2\" content=\"Dur\u00e9e de lecture estim\u00e9e\" \/>\n\t<meta name=\"twitter:data2\" content=\"2 minutes\" \/>\n<script type=\"application\/ld+json\" class=\"yoast-schema-graph\">{\"@context\":\"https:\/\/schema.org\",\"@graph\":[{\"@type\":\"Article\",\"@id\":\"https:\/\/velipost.com\/?p=3755#article\",\"isPartOf\":{\"@id\":\"https:\/\/velipost.com\/?p=3755\"},\"author\":{\"name\":\"VeliPost\",\"@id\":\"https:\/\/velipost.com\/#\/schema\/person\/32ff49a53c9c1bb24302ee8ece058096\"},\"headline\":\"Le Pape L\u00e9on XIV appelle \u00e0 la lib\u00e9ration imm\u00e9diate des otages de l\u2019orphelinat Sainte H\u00e9l\u00e8ne \u00e0 Kenscoff\",\"datePublished\":\"2025-08-10T17:58:59+00:00\",\"dateModified\":\"2025-08-10T17:59:01+00:00\",\"mainEntityOfPage\":{\"@id\":\"https:\/\/velipost.com\/?p=3755\"},\"wordCount\":246,\"commentCount\":0,\"publisher\":{\"@id\":\"https:\/\/velipost.com\/#organization\"},\"image\":{\"@id\":\"https:\/\/velipost.com\/?p=3755#primaryimage\"},\"thumbnailUrl\":\"https:\/\/velipost.com\/wp-content\/uploads\/2025\/08\/pape.jpg\",\"articleSection\":[\"A la Une\"],\"inLanguage\":\"fr-FR\",\"potentialAction\":[{\"@type\":\"CommentAction\",\"name\":\"Comment\",\"target\":[\"https:\/\/velipost.com\/?p=3755#respond\"]}]},{\"@type\":\"WebPage\",\"@id\":\"https:\/\/velipost.com\/?p=3755\",\"url\":\"https:\/\/velipost.com\/?p=3755\",\"name\":\"Le Pape L\u00e9on XIV appelle \u00e0 la lib\u00e9ration imm\u00e9diate des otages de l\u2019orphelinat Sainte H\u00e9l\u00e8ne \u00e0 Kenscoff &#8211; VeliPost\",\"isPartOf\":{\"@id\":\"https:\/\/velipost.com\/#website\"},\"primaryImageOfPage\":{\"@id\":\"https:\/\/velipost.com\/?p=3755#primaryimage\"},\"image\":{\"@id\":\"https:\/\/velipost.com\/?p=3755#primaryimage\"},\"thumbnailUrl\":\"https:\/\/velipost.com\/wp-content\/uploads\/2025\/08\/pape.jpg\",\"datePublished\":\"2025-08-10T17:58:59+00:00\",\"dateModified\":\"2025-08-10T17:59:01+00:00\",\"breadcrumb\":{\"@id\":\"https:\/\/velipost.com\/?p=3755#breadcrumb\"},\"inLanguage\":\"fr-FR\",\"potentialAction\":[{\"@type\":\"ReadAction\",\"target\":[\"https:\/\/velipost.com\/?p=3755\"]}]},{\"@type\":\"ImageObject\",\"inLanguage\":\"fr-FR\",\"@id\":\"https:\/\/velipost.com\/?p=3755#primaryimage\",\"url\":\"https:\/\/velipost.com\/wp-content\/uploads\/2025\/08\/pape.jpg\",\"contentUrl\":\"https:\/\/velipost.com\/wp-content\/uploads\/2025\/08\/pape.jpg\",\"width\":1170,\"height\":603},{\"@type\":\"BreadcrumbList\",\"@id\":\"https:\/\/velipost.com\/?p=3755#breadcrumb\",\"itemListElement\":[{\"@type\":\"ListItem\",\"position\":1,\"name\":\"Accueil\",\"item\":\"https:\/\/velipost.com\/\"},{\"@type\":\"ListItem\",\"position\":2,\"name\":\"Le Pape L\u00e9on XIV appelle \u00e0 la lib\u00e9ration imm\u00e9diate des otages de l\u2019orphelinat Sainte H\u00e9l\u00e8ne \u00e0 Kenscoff\"}]},{\"@type\":\"WebSite\",\"@id\":\"https:\/\/velipost.com\/#website\",\"url\":\"https:\/\/velipost.com\/\",\"name\":\"VeliPost\",\"description\":\"L\u2019info en un clic\",\"publisher\":{\"@id\":\"https:\/\/velipost.com\/#organization\"},\"potentialAction\":[{\"@type\":\"SearchAction\",\"target\":{\"@type\":\"EntryPoint\",\"urlTemplate\":\"https:\/\/velipost.com\/?s={search_term_string}\"},\"query-input\":{\"@type\":\"PropertyValueSpecification\",\"valueRequired\":true,\"valueName\":\"search_term_string\"}}],\"inLanguage\":\"fr-FR\"},{\"@type\":\"Organization\",\"@id\":\"https:\/\/velipost.com\/#organization\",\"name\":\"VeliPost\",\"url\":\"https:\/\/velipost.com\/\",\"logo\":{\"@type\":\"ImageObject\",\"inLanguage\":\"fr-FR\",\"@id\":\"https:\/\/velipost.com\/#\/schema\/logo\/image\/\",\"url\":\"https:\/\/velipost.com\/wp-content\/uploads\/2024\/08\/cropped-VP-logo-piti.png\",\"contentUrl\":\"https:\/\/velipost.com\/wp-content\/uploads\/2024\/08\/cropped-VP-logo-piti.png\",\"width\":201,\"height\":69,\"caption\":\"VeliPost\"},\"image\":{\"@id\":\"https:\/\/velipost.com\/#\/schema\/logo\/image\/\"},\"sameAs\":[\"https:\/\/www.facebook.com\/veliposthaiti\",\"https:\/\/x.com\/veliposthaiti\",\"https:\/\/www.instagram.com\/veliposthaiti\"]},{\"@type\":\"Person\",\"@id\":\"https:\/\/velipost.com\/#\/schema\/person\/32ff49a53c9c1bb24302ee8ece058096\",\"name\":\"VeliPost\",\"image\":{\"@type\":\"ImageObject\",\"inLanguage\":\"fr-FR\",\"@id\":\"https:\/\/velipost.com\/#\/schema\/person\/image\/\",\"url\":\"https:\/\/secure.gravatar.com\/avatar\/57c226c264de62f794185a89596d4a37b85a5ad20aca30d9d5a478b27d8c8d9d?s=96&d=mm&r=g\",\"contentUrl\":\"https:\/\/secure.gravatar.com\/avatar\/57c226c264de62f794185a89596d4a37b85a5ad20aca30d9d5a478b27d8c8d9d?s=96&d=mm&r=g\",\"caption\":\"VeliPost\"},\"sameAs\":[\"https:\/\/velipost.com\"],\"url\":\"https:\/\/velipost.com\/?author=1\"}]}<\/script>\n<!-- \/ Yoast SEO plugin. -->","yoast_head_json":{"title":"Le Pape L\u00e9on XIV appelle \u00e0 la lib\u00e9ration imm\u00e9diate des otages de l\u2019orphelinat Sainte H\u00e9l\u00e8ne \u00e0 Kenscoff &#8211; VeliPost","robots":{"index":"index","follow":"follow","max-snippet":"max-snippet:-1","max-image-preview":"max-image-preview:large","max-video-preview":"max-video-preview:-1"},"canonical":"https:\/\/velipost.com\/?p=3755","og_locale":"fr_FR","og_type":"article","og_title":"Le Pape L\u00e9on XIV appelle \u00e0 la lib\u00e9ration imm\u00e9diate des otages de l\u2019orphelinat Sainte H\u00e9l\u00e8ne \u00e0 Kenscoff &#8211; VeliPost","og_description":"Dans un message publi\u00e9 r\u00e9cemment sur son compte X, le Pape L\u00e9on XIV a exprim\u00e9 une profonde inqui\u00e9tude face \u00e0 la situation dramatique en","og_url":"https:\/\/velipost.com\/?p=3755","og_site_name":"VeliPost","article_publisher":"https:\/\/www.facebook.com\/veliposthaiti","article_published_time":"2025-08-10T17:58:59+00:00","article_modified_time":"2025-08-10T17:59:01+00:00","og_image":[{"width":1170,"height":603,"url":"https:\/\/velipost.com\/wp-content\/uploads\/2025\/08\/pape.jpg","type":"image\/jpeg"}],"author":"VeliPost","twitter_card":"summary_large_image","twitter_creator":"@veliposthaiti","twitter_site":"@veliposthaiti","twitter_misc":{"\u00c9crit par":"VeliPost","Dur\u00e9e de lecture estim\u00e9e":"2 minutes"},"schema":{"@context":"https:\/\/schema.org","@graph":[{"@type":"Article","@id":"https:\/\/velipost.com\/?p=3755#article","isPartOf":{"@id":"https:\/\/velipost.com\/?p=3755"},"author":{"name":"VeliPost","@id":"https:\/\/velipost.com\/#\/schema\/person\/32ff49a53c9c1bb24302ee8ece058096"},"headline":"Le Pape L\u00e9on XIV appelle \u00e0 la lib\u00e9ration imm\u00e9diate des otages de l\u2019orphelinat Sainte H\u00e9l\u00e8ne \u00e0 Kenscoff","datePublished":"2025-08-10T17:58:59+00:00","dateModified":"2025-08-10T17:59:01+00:00","mainEntityOfPage":{"@id":"https:\/\/velipost.com\/?p=3755"},"wordCount":246,"commentCount":0,"publisher":{"@id":"https:\/\/velipost.com\/#organization"},"image":{"@id":"https:\/\/velipost.com\/?p=3755#primaryimage"},"thumbnailUrl":"https:\/\/velipost.com\/wp-content\/uploads\/2025\/08\/pape.jpg","articleSection":["A la Une"],"inLanguage":"fr-FR","potentialAction":[{"@type":"CommentAction","name":"Comment","target":["https:\/\/velipost.com\/?p=3755#respond"]}]},{"@type":"WebPage","@id":"https:\/\/velipost.com\/?p=3755","url":"https:\/\/velipost.com\/?p=3755","name":"Le Pape L\u00e9on XIV appelle \u00e0 la lib\u00e9ration imm\u00e9diate des otages de l\u2019orphelinat Sainte H\u00e9l\u00e8ne \u00e0 Kenscoff &#8211; VeliPost","isPartOf":{"@id":"https:\/\/velipost.com\/#website"},"primaryImageOfPage":{"@id":"https:\/\/velipost.com\/?p=3755#primaryimage"},"image":{"@id":"https:\/\/velipost.com\/?p=3755#primaryimage"},"thumbnailUrl":"https:\/\/velipost.com\/wp-content\/uploads\/2025\/08\/pape.jpg","datePublished":"2025-08-10T17:58:59+00:00","dateModified":"2025-08-10T17:59:01+00:00","breadcrumb":{"@id":"https:\/\/velipost.com\/?p=3755#breadcrumb"},"inLanguage":"fr-FR","potentialAction":[{"@type":"ReadAction","target":["https:\/\/velipost.com\/?p=3755"]}]},{"@type":"ImageObject","inLanguage":"fr-FR","@id":"https:\/\/velipost.com\/?p=3755#primaryimage","url":"https:\/\/velipost.com\/wp-content\/uploads\/2025\/08\/pape.jpg","contentUrl":"https:\/\/velipost.com\/wp-content\/uploads\/2025\/08\/pape.jpg","width":1170,"height":603},{"@type":"BreadcrumbList","@id":"https:\/\/velipost.com\/?p=3755#breadcrumb","itemListElement":[{"@type":"ListItem","position":1,"name":"Accueil","item":"https:\/\/velipost.com\/"},{"@type":"ListItem","position":2,"name":"Le Pape L\u00e9on XIV appelle \u00e0 la lib\u00e9ration imm\u00e9diate des otages de l\u2019orphelinat Sainte H\u00e9l\u00e8ne \u00e0 Kenscoff"}]},{"@type":"WebSite","@id":"https:\/\/velipost.com\/#website","url":"https:\/\/velipost.com\/","name":"VeliPost","description":"L\u2019info en un clic","publisher":{"@id":"https:\/\/velipost.com\/#organization"},"potentialAction":[{"@type":"SearchAction","target":{"@type":"EntryPoint","urlTemplate":"https:\/\/velipost.com\/?s={search_term_string}"},"query-input":{"@type":"PropertyValueSpecification","valueRequired":true,"valueName":"search_term_string"}}],"inLanguage":"fr-FR"},{"@type":"Organization","@id":"https:\/\/velipost.com\/#organization","name":"VeliPost","url":"https:\/\/velipost.com\/","logo":{"@type":"ImageObject","inLanguage":"fr-FR","@id":"https:\/\/velipost.com\/#\/schema\/logo\/image\/","url":"https:\/\/velipost.com\/wp-content\/uploads\/2024\/08\/cropped-VP-logo-piti.png","contentUrl":"https:\/\/velipost.com\/wp-content\/uploads\/2024\/08\/cropped-VP-logo-piti.png","width":201,"height":69,"caption":"VeliPost"},"image":{"@id":"https:\/\/velipost.com\/#\/schema\/logo\/image\/"},"sameAs":["https:\/\/www.facebook.com\/veliposthaiti","https:\/\/x.com\/veliposthaiti","https:\/\/www.instagram.com\/veliposthaiti"]},{"@type":"Person","@id":"https:\/\/velipost.com\/#\/schema\/person\/32ff49a53c9c1bb24302ee8ece058096","name":"VeliPost","image":{"@type":"ImageObject","inLanguage":"fr-FR","@id":"https:\/\/velipost.com\/#\/schema\/person\/image\/","url":"https:\/\/secure.gravatar.com\/avatar\/57c226c264de62f794185a89596d4a37b85a5ad20aca30d9d5a478b27d8c8d9d?s=96&d=mm&r=g","contentUrl":"https:\/\/secure.gravatar.com\/avatar\/57c226c264de62f794185a89596d4a37b85a5ad20aca30d9d5a478b27d8c8d9d?s=96&d=mm&r=g","caption":"VeliPost"},"sameAs":["https:\/\/velipost.com"],"url":"https:\/\/velipost.com\/?author=1"}]}},"views":1,"jetpack_publicize_connections":[],"uagb_featured_image_src":{"full":["https:\/\/velipost.com\/wp-content\/uploads\/2025\/08\/pape.jpg",1170,603,false],"thumbnail":["https:\/\/velipost.com\/wp-content\/uploads\/2025\/08\/pape-150x150.jpg",150,150,true],"medium":["https:\/\/velipost.com\/wp-content\/uploads\/2025\/08\/pape-300x155.jpg",300,155,true],"medium_large":["https:\/\/velipost.com\/wp-content\/uploads\/2025\/08\/pape-768x396.jpg",715,369,true],"large":["https:\/\/velipost.com\/wp-content\/uploads\/2025\/08\/pape-1024x528.jpg",715,369,true],"1536x1536":["https:\/\/velipost.com\/wp-content\/uploads\/2025\/08\/pape.jpg",1170,603,false],"2048x2048":["https:\/\/velipost.com\/wp-content\/uploads\/2025\/08\/pape.jpg",1170,603,false],"colornews-big-slider":["https:\/\/velipost.com\/wp-content\/uploads\/2025\/08\/pape-1070x470.jpg",1070,470,true],"colornews-big-slider-thumb":["https:\/\/velipost.com\/wp-content\/uploads\/2025\/08\/pape-184x109.jpg",184,109,true],"colornews-featured-post-medium":["https:\/\/velipost.com\/wp-content\/uploads\/2025\/08\/pape-345x265.jpg",345,265,true],"colornews-featured-post-small":["https:\/\/velipost.com\/wp-content\/uploads\/2025\/08\/pape-115x73.jpg",115,73,true],"colornews-random-posts":["https:\/\/velipost.com\/wp-content\/uploads\/2025\/08\/pape-215x215.jpg",215,215,true],"colornews-featured-image":["https:\/\/velipost.com\/wp-content\/uploads\/2025\/08\/pape-715x400.jpg",715,400,true],"mailpoet_newsletter_max":["https:\/\/velipost.com\/wp-content\/uploads\/2025\/08\/pape.jpg",1170,603,false]},"uagb_author_info":{"display_name":"VeliPost","author_link":"https:\/\/velipost.com\/?author=1"},"uagb_comment_info":0,"uagb_excerpt":"Dans un message publi\u00e9 r\u00e9cemment sur son compte X, le Pape L\u00e9on XIV a exprim\u00e9 une profonde inqui\u00e9tude face \u00e0 la situation dramatique en","_links":{"self":[{"href":"https:\/\/velipost.com\/index.php?rest_route=\/wp\/v2\/posts\/3755","targetHints":{"allow":["GET"]}}],"collection":[{"href":"https:\/\/velipost.com\/index.php?rest_route=\/wp\/v2\/posts"}],"about":[{"href":"https:\/\/velipost.com\/index.php?rest_route=\/wp\/v2\/types\/post"}],"author":[{"embeddable":true,"href":"https:\/\/velipost.com\/index.php?rest_route=\/wp\/v2\/users\/1"}],"replies":[{"embeddable":true,"href":"https:\/\/velipost.com\/index.php?rest_route=%2Fwp%2Fv2%2Fcomments&post=3755"}],"version-history":[{"count":1,"href":"https:\/\/velipost.com\/index.php?rest_route=\/wp\/v2\/posts\/3755\/revisions"}],"predecessor-version":[{"id":3757,"href":"https:\/\/velipost.com\/index.php?rest_route=\/wp\/v2\/posts\/3755\/revisions\/3757"}],"wp:featuredmedia":[{"embeddable":true,"href":"https:\/\/velipost.com\/index.php?rest_route=\/wp\/v2\/media\/3756"}],"wp:attachment":[{"href":"https:\/\/velipost.com\/index.php?rest_route=%2Fwp%2Fv2%2Fmedia&parent=3755"}],"wp:term":[{"taxonomy":"category","embeddable":true,"href":"https:\/\/velipost.com\/index.php?rest_route=%2Fwp%2Fv2%2Fcategories&post=3755"},{"taxonomy":"post_tag","embeddable":true,"href":"https:\/\/velipost.com\/index.php?rest_route=%2Fwp%2Fv2%2Ftags&post=3755"}],"curies":[{"name":"wp","href":"https:\/\/api.w.org\/{rel}","templated":true}]}}