{"id":3743,"date":"2025-08-09T19:56:35","date_gmt":"2025-08-09T17:56:35","guid":{"rendered":"https:\/\/velipost.com\/?p=3743"},"modified":"2025-08-09T19:56:37","modified_gmt":"2025-08-09T17:56:37","slug":"le-ministere-de-leducation-fixe-les-frais-scolaires-a-1-500-gourdes-pour-le-3e-cycle-et-le-secondaire","status":"publish","type":"post","link":"https:\/\/velipost.com\/?p=3743","title":{"rendered":"Le Minist\u00e8re de l\u2019\u00c9ducation fixe les frais scolaires \u00e0 1 500 gourdes pour le 3e cycle et le secondaire"},"content":{"rendered":"\n<p>Le MENFP rappelle que les frais scolaires dans les \u00e9coles publiques sont fix\u00e9s \u00e0 1 500 gourdes pour le 3\u1d49 cycle et le secondaire, et interdits pour les cycles inf\u00e9rieurs.<\/p>\n\n\n\n<p>Le Minist\u00e8re de l\u2019\u00c9ducation Nationale et de la Formation Professionnelle (MENFP) a rappel\u00e9 \u00e0 l\u2019ensemble de la population et surtout \u00e0 la communaut\u00e9 \u00e9ducative que les frais de contribution scolaire dans les \u00e9coles publiques pour le 3\u1d49 cycle du fondamental et le secondaire sont strictement fix\u00e9s \u00e0 1 500 gourdes.<\/p>\n\n\n\n<p>Cette contribution obligatoire vise \u00e0 financer plusieurs services indispensables, notamment la peinture et le nettoyage des \u00e9coles, la confection de d\u00e9pliants, ainsi que l\u2019achat de feuilles pour les p\u00e9riodes d\u2019\u00e9valuation et autres activit\u00e9s p\u00e9dagogiques li\u00e9es au calendrier scolaire.<\/p>\n\n\n\n<p>Le MENFP tient \u00e9galement \u00e0 souligner que les frais de contribution scolaire sont totalement interdits pour les \u00e9l\u00e8ves des 1\u02b3\u1d49 et 2\u1d49 cycles du fondamental. Pour ces niveaux, l\u2019\u00c9tat prend en charge financi\u00e8rement les \u00e9l\u00e8ves de la 1\u02b3\u1d49 \u00e0 la 6\u1d49 ann\u00e9e fondamentale avec une allocation de 1 000 gourdes par \u00e9l\u00e8ve.<\/p>\n\n\n\n<p>Aucun responsable d\u2019\u00e9tablissement public ne doit r\u00e9clamer de frais suppl\u00e9mentaires. Toute violation sera strictement sanctionn\u00e9e conform\u00e9ment aux r\u00e8glements en vigueur.<\/p>\n\n\n\n<p>Le minist\u00e8re invite les Directeurs D\u00e9partementaux d\u2019\u00c9ducation, ainsi que les Inspecteurs de District et de Zone, \u00e0 veiller \u00e0 l\u2019application rigoureuse de cette mesure, afin de prot\u00e9ger les droits des \u00e9l\u00e8ves et garantir l\u2019acc\u00e8s \u00e0 une \u00e9ducation publique juste et transparente.<\/p>\n\n    <div class=\"xs_social_share_widget xs_share_url after_content \t\tmain_content  wslu-style-3 wslu-share-box-shaped wslu-fill-brand-hover-colored wslu-share-m-5 wslu-none wslu-share-horizontal wslu-theme-font-no wslu-main_content\">\n\n\t\t\n        <ul>\n\t\t\t                    <li class=\"xs-share-li twitter                        wslu-no-extra-data\">\n                        <a href=\"javascript:void(0);\"\n                           id=\"xs_feed_twitter\"\n                           onclick=\"xs_social_sharer(this);\"\n                           data-pid=\"3743\"\n                           data-uri_hash=\"d2201c3c66b6aac1e1313f8ab82122b7\"\n                           data-key=\"twitter\"\n                           data-xs-href=\"https:\/\/twitter.com\/intent\/tweet?text=Le+Minist%C3%A8re+de+l%E2%80%99%C3%89ducation+fixe+les+frais+scolaires+%C3%A0+1+500+gourdes+pour+le+3e+cycle+et+le+secondaire+https%3A%2F%2Fvelipost.com%2Findex.php%3Frest_route%3D%252Fwp%252Fv2%252Fposts%252F3743&amp;original_referer=https%3A%2F%2Fvelipost.com%2Findex.php%3Frest_route%3D%252Fwp%252Fv2%252Fposts%252F3743&amp;related=xpeedstudio\">\n\n                            <div class=\"xs-social-icon\">\n                                <span class=\"met-social met-social-twitter\"><\/span>\n                            <\/div>\n\n\t\t\t\t\t\t\t\n                            <div class=\"wslu-hover-content\">\n                                <div class=\"xs-social-followers\">\n\t\t\t\t\t\t\t\t\t10                                <\/div>\n                                <div class=\"xs-social-follower-text\">\n\t\t\t\t\t\t\t\t\tShare                                <\/div>\n                                <div class=\"xs-social-follower-label\">\n\t\t\t\t\t\t\t\t\tTwitter                                <\/div>\n                            <\/div>\n                        <\/a>\n                    <\/li>\n\t\t\t\t\t                    <li class=\"xs-share-li telegram                        wslu-no-extra-data\">\n                        <a href=\"javascript:void(0);\"\n                           id=\"xs_feed_telegram\"\n                           onclick=\"xs_social_sharer(this);\"\n                           data-pid=\"3743\"\n                           data-uri_hash=\"d2201c3c66b6aac1e1313f8ab82122b7\"\n                           data-key=\"telegram\"\n                           data-xs-href=\"https:\/\/telegram.me\/share\/url?url=https%3A%2F%2Fvelipost.com%2Findex.php%3Frest_route%3D%252Fwp%252Fv2%252Fposts%252F3743&amp;text=Le+Minist%C3%A8re+de+l%E2%80%99%C3%89ducation+fixe+les+frais+scolaires+%C3%A0+1+500+gourdes+pour+le+3e+cycle+et+le+secondaire\">\n\n                            <div class=\"xs-social-icon\">\n                                <span class=\"met-social met-social-telegram\"><\/span>\n                            <\/div>\n\n\t\t\t\t\t\t\t\n                            <div class=\"wslu-hover-content\">\n                                <div class=\"xs-social-followers\">\n\t\t\t\t\t\t\t\t\t0                                <\/div>\n                                <div class=\"xs-social-follower-text\">\n\t\t\t\t\t\t\t\t\tShare                                <\/div>\n                                <div class=\"xs-social-follower-label\">\n\t\t\t\t\t\t\t\t\tTelegram                                <\/div>\n                            <\/div>\n                        <\/a>\n                    <\/li>\n\t\t\t\t\t                    <li class=\"xs-share-li email                        wslu-no-extra-data\">\n                        <a href=\"javascript:void(0);\"\n                           id=\"xs_feed_email\"\n                           onclick=\"xs_social_sharer(this);\"\n                           data-pid=\"3743\"\n                           data-uri_hash=\"d2201c3c66b6aac1e1313f8ab82122b7\"\n                           data-key=\"email\"\n                           data-xs-href=\"mailto:?body=Title%3A+Le+Minist%C3%A8re+de+l%E2%80%99%C3%89ducation+fixe+les+frais+scolaires+%C3%A0+1+500+gourdes+pour+le+3e+cycle+et+le+secondaire+%5Cn%5Cn+URL%3A+https%3A%2F%2Fvelipost.com%2Findex.php%3Frest_route%3D%252Fwp%252Fv2%252Fposts%252F3743&amp;subject=Le+Minist%C3%A8re+de+l%E2%80%99%C3%89ducation+fixe+les+frais+scolaires+%C3%A0+1+500+gourdes+pour+le+3e+cycle+et+le+secondaire\">\n\n                            <div class=\"xs-social-icon\">\n                                <span class=\"met-social met-social-email\"><\/span>\n                            <\/div>\n\n\t\t\t\t\t\t\t\n                            <div class=\"wslu-hover-content\">\n                                <div class=\"xs-social-followers\">\n\t\t\t\t\t\t\t\t\t0                                <\/div>\n                                <div class=\"xs-social-follower-text\">\n\t\t\t\t\t\t\t\t\tShare                                <\/div>\n                                <div class=\"xs-social-follower-label\">\n\t\t\t\t\t\t\t\t\tEmail                                <\/div>\n                            <\/div>\n                        <\/a>\n                    <\/li>\n\t\t\t\t\t        <\/ul>\n    <\/div> \n","protected":false},"excerpt":{"rendered":"<p>Le MENFP rappelle que les frais scolaires dans les \u00e9coles publiques sont fix\u00e9s \u00e0 1 500 gourdes pour le 3\u1d49 cycle et le secondaire,<\/p>\n","protected":false},"author":1,"featured_media":3744,"comment_status":"open","ping_status":"open","sticky":false,"template":"","format":"standard","meta":{"_uag_custom_page_level_css":"","footnotes":"","jetpack_publicize_message":"","jetpack_publicize_feature_enabled":true,"jetpack_social_post_already_shared":false,"jetpack_social_options":{"image_generator_settings":{"template":"highway","default_image_id":0,"font":"","enabled":false},"version":2}},"categories":[260],"tags":[],"class_list":["post-3743","post","type-post","status-publish","format-standard","has-post-thumbnail","hentry","category-education"],"yoast_head":"<!-- This site is optimized with the Yoast SEO plugin v25.3.1 - https:\/\/yoast.com\/wordpress\/plugins\/seo\/ -->\n<title>Le Minist\u00e8re de l\u2019\u00c9ducation fixe les frais scolaires \u00e0 1 500 gourdes pour le 3e cycle et le secondaire &#8211; VeliPost<\/title>\n<meta name=\"robots\" content=\"index, follow, max-snippet:-1, max-image-preview:large, max-video-preview:-1\" \/>\n<link rel=\"canonical\" href=\"https:\/\/velipost.com\/?p=3743\" \/>\n<meta property=\"og:locale\" content=\"fr_FR\" \/>\n<meta property=\"og:type\" content=\"article\" \/>\n<meta property=\"og:title\" content=\"Le Minist\u00e8re de l\u2019\u00c9ducation fixe les frais scolaires \u00e0 1 500 gourdes pour le 3e cycle et le secondaire &#8211; VeliPost\" \/>\n<meta property=\"og:description\" content=\"Le MENFP rappelle que les frais scolaires dans les \u00e9coles publiques sont fix\u00e9s \u00e0 1 500 gourdes pour le 3\u1d49 cycle et le secondaire,\" \/>\n<meta property=\"og:url\" content=\"https:\/\/velipost.com\/?p=3743\" \/>\n<meta property=\"og:site_name\" content=\"VeliPost\" \/>\n<meta property=\"article:publisher\" content=\"https:\/\/www.facebook.com\/veliposthaiti\" \/>\n<meta property=\"article:published_time\" content=\"2025-08-09T17:56:35+00:00\" \/>\n<meta property=\"article:modified_time\" content=\"2025-08-09T17:56:37+00:00\" \/>\n<meta property=\"og:image\" content=\"https:\/\/velipost.com\/wp-content\/uploads\/2025\/08\/Eleves.jpg\" \/>\n\t<meta property=\"og:image:width\" content=\"1170\" \/>\n\t<meta property=\"og:image:height\" content=\"603\" \/>\n\t<meta property=\"og:image:type\" content=\"image\/jpeg\" \/>\n<meta name=\"author\" content=\"VeliPost\" \/>\n<meta name=\"twitter:card\" content=\"summary_large_image\" \/>\n<meta name=\"twitter:creator\" content=\"@veliposthaiti\" \/>\n<meta name=\"twitter:site\" content=\"@veliposthaiti\" \/>\n<meta name=\"twitter:label1\" content=\"\u00c9crit par\" \/>\n\t<meta name=\"twitter:data1\" content=\"VeliPost\" \/>\n\t<meta name=\"twitter:label2\" content=\"Dur\u00e9e de lecture estim\u00e9e\" \/>\n\t<meta name=\"twitter:data2\" content=\"2 minutes\" \/>\n<script type=\"application\/ld+json\" class=\"yoast-schema-graph\">{\"@context\":\"https:\/\/schema.org\",\"@graph\":[{\"@type\":\"Article\",\"@id\":\"https:\/\/velipost.com\/?p=3743#article\",\"isPartOf\":{\"@id\":\"https:\/\/velipost.com\/?p=3743\"},\"author\":{\"name\":\"VeliPost\",\"@id\":\"https:\/\/velipost.com\/#\/schema\/person\/32ff49a53c9c1bb24302ee8ece058096\"},\"headline\":\"Le Minist\u00e8re de l\u2019\u00c9ducation fixe les frais scolaires \u00e0 1 500 gourdes pour le 3e cycle et le secondaire\",\"datePublished\":\"2025-08-09T17:56:35+00:00\",\"dateModified\":\"2025-08-09T17:56:37+00:00\",\"mainEntityOfPage\":{\"@id\":\"https:\/\/velipost.com\/?p=3743\"},\"wordCount\":260,\"commentCount\":0,\"publisher\":{\"@id\":\"https:\/\/velipost.com\/#organization\"},\"image\":{\"@id\":\"https:\/\/velipost.com\/?p=3743#primaryimage\"},\"thumbnailUrl\":\"https:\/\/velipost.com\/wp-content\/uploads\/2025\/08\/Eleves.jpg\",\"articleSection\":[\"Education\"],\"inLanguage\":\"fr-FR\",\"potentialAction\":[{\"@type\":\"CommentAction\",\"name\":\"Comment\",\"target\":[\"https:\/\/velipost.com\/?p=3743#respond\"]}]},{\"@type\":\"WebPage\",\"@id\":\"https:\/\/velipost.com\/?p=3743\",\"url\":\"https:\/\/velipost.com\/?p=3743\",\"name\":\"Le Minist\u00e8re de l\u2019\u00c9ducation fixe les frais scolaires \u00e0 1 500 gourdes pour le 3e cycle et le secondaire &#8211; VeliPost\",\"isPartOf\":{\"@id\":\"https:\/\/velipost.com\/#website\"},\"primaryImageOfPage\":{\"@id\":\"https:\/\/velipost.com\/?p=3743#primaryimage\"},\"image\":{\"@id\":\"https:\/\/velipost.com\/?p=3743#primaryimage\"},\"thumbnailUrl\":\"https:\/\/velipost.com\/wp-content\/uploads\/2025\/08\/Eleves.jpg\",\"datePublished\":\"2025-08-09T17:56:35+00:00\",\"dateModified\":\"2025-08-09T17:56:37+00:00\",\"breadcrumb\":{\"@id\":\"https:\/\/velipost.com\/?p=3743#breadcrumb\"},\"inLanguage\":\"fr-FR\",\"potentialAction\":[{\"@type\":\"ReadAction\",\"target\":[\"https:\/\/velipost.com\/?p=3743\"]}]},{\"@type\":\"ImageObject\",\"inLanguage\":\"fr-FR\",\"@id\":\"https:\/\/velipost.com\/?p=3743#primaryimage\",\"url\":\"https:\/\/velipost.com\/wp-content\/uploads\/2025\/08\/Eleves.jpg\",\"contentUrl\":\"https:\/\/velipost.com\/wp-content\/uploads\/2025\/08\/Eleves.jpg\",\"width\":1170,\"height\":603},{\"@type\":\"BreadcrumbList\",\"@id\":\"https:\/\/velipost.com\/?p=3743#breadcrumb\",\"itemListElement\":[{\"@type\":\"ListItem\",\"position\":1,\"name\":\"Accueil\",\"item\":\"https:\/\/velipost.com\/\"},{\"@type\":\"ListItem\",\"position\":2,\"name\":\"Le Minist\u00e8re de l\u2019\u00c9ducation fixe les frais scolaires \u00e0 1 500 gourdes pour le 3e cycle et le secondaire\"}]},{\"@type\":\"WebSite\",\"@id\":\"https:\/\/velipost.com\/#website\",\"url\":\"https:\/\/velipost.com\/\",\"name\":\"VeliPost\",\"description\":\"L\u2019info en un clic\",\"publisher\":{\"@id\":\"https:\/\/velipost.com\/#organization\"},\"potentialAction\":[{\"@type\":\"SearchAction\",\"target\":{\"@type\":\"EntryPoint\",\"urlTemplate\":\"https:\/\/velipost.com\/?s={search_term_string}\"},\"query-input\":{\"@type\":\"PropertyValueSpecification\",\"valueRequired\":true,\"valueName\":\"search_term_string\"}}],\"inLanguage\":\"fr-FR\"},{\"@type\":\"Organization\",\"@id\":\"https:\/\/velipost.com\/#organization\",\"name\":\"VeliPost\",\"url\":\"https:\/\/velipost.com\/\",\"logo\":{\"@type\":\"ImageObject\",\"inLanguage\":\"fr-FR\",\"@id\":\"https:\/\/velipost.com\/#\/schema\/logo\/image\/\",\"url\":\"https:\/\/velipost.com\/wp-content\/uploads\/2024\/08\/cropped-VP-logo-piti.png\",\"contentUrl\":\"https:\/\/velipost.com\/wp-content\/uploads\/2024\/08\/cropped-VP-logo-piti.png\",\"width\":201,\"height\":69,\"caption\":\"VeliPost\"},\"image\":{\"@id\":\"https:\/\/velipost.com\/#\/schema\/logo\/image\/\"},\"sameAs\":[\"https:\/\/www.facebook.com\/veliposthaiti\",\"https:\/\/x.com\/veliposthaiti\",\"https:\/\/www.instagram.com\/veliposthaiti\"]},{\"@type\":\"Person\",\"@id\":\"https:\/\/velipost.com\/#\/schema\/person\/32ff49a53c9c1bb24302ee8ece058096\",\"name\":\"VeliPost\",\"image\":{\"@type\":\"ImageObject\",\"inLanguage\":\"fr-FR\",\"@id\":\"https:\/\/velipost.com\/#\/schema\/person\/image\/\",\"url\":\"https:\/\/secure.gravatar.com\/avatar\/57c226c264de62f794185a89596d4a37b85a5ad20aca30d9d5a478b27d8c8d9d?s=96&d=mm&r=g\",\"contentUrl\":\"https:\/\/secure.gravatar.com\/avatar\/57c226c264de62f794185a89596d4a37b85a5ad20aca30d9d5a478b27d8c8d9d?s=96&d=mm&r=g\",\"caption\":\"VeliPost\"},\"sameAs\":[\"https:\/\/velipost.com\"],\"url\":\"https:\/\/velipost.com\/?author=1\"}]}<\/script>\n<!-- \/ Yoast SEO plugin. -->","yoast_head_json":{"title":"Le Minist\u00e8re de l\u2019\u00c9ducation fixe les frais scolaires \u00e0 1 500 gourdes pour le 3e cycle et le secondaire &#8211; VeliPost","robots":{"index":"index","follow":"follow","max-snippet":"max-snippet:-1","max-image-preview":"max-image-preview:large","max-video-preview":"max-video-preview:-1"},"canonical":"https:\/\/velipost.com\/?p=3743","og_locale":"fr_FR","og_type":"article","og_title":"Le Minist\u00e8re de l\u2019\u00c9ducation fixe les frais scolaires \u00e0 1 500 gourdes pour le 3e cycle et le secondaire &#8211; VeliPost","og_description":"Le MENFP rappelle que les frais scolaires dans les \u00e9coles publiques sont fix\u00e9s \u00e0 1 500 gourdes pour le 3\u1d49 cycle et le secondaire,","og_url":"https:\/\/velipost.com\/?p=3743","og_site_name":"VeliPost","article_publisher":"https:\/\/www.facebook.com\/veliposthaiti","article_published_time":"2025-08-09T17:56:35+00:00","article_modified_time":"2025-08-09T17:56:37+00:00","og_image":[{"width":1170,"height":603,"url":"https:\/\/velipost.com\/wp-content\/uploads\/2025\/08\/Eleves.jpg","type":"image\/jpeg"}],"author":"VeliPost","twitter_card":"summary_large_image","twitter_creator":"@veliposthaiti","twitter_site":"@veliposthaiti","twitter_misc":{"\u00c9crit par":"VeliPost","Dur\u00e9e de lecture estim\u00e9e":"2 minutes"},"schema":{"@context":"https:\/\/schema.org","@graph":[{"@type":"Article","@id":"https:\/\/velipost.com\/?p=3743#article","isPartOf":{"@id":"https:\/\/velipost.com\/?p=3743"},"author":{"name":"VeliPost","@id":"https:\/\/velipost.com\/#\/schema\/person\/32ff49a53c9c1bb24302ee8ece058096"},"headline":"Le Minist\u00e8re de l\u2019\u00c9ducation fixe les frais scolaires \u00e0 1 500 gourdes pour le 3e cycle et le secondaire","datePublished":"2025-08-09T17:56:35+00:00","dateModified":"2025-08-09T17:56:37+00:00","mainEntityOfPage":{"@id":"https:\/\/velipost.com\/?p=3743"},"wordCount":260,"commentCount":0,"publisher":{"@id":"https:\/\/velipost.com\/#organization"},"image":{"@id":"https:\/\/velipost.com\/?p=3743#primaryimage"},"thumbnailUrl":"https:\/\/velipost.com\/wp-content\/uploads\/2025\/08\/Eleves.jpg","articleSection":["Education"],"inLanguage":"fr-FR","potentialAction":[{"@type":"CommentAction","name":"Comment","target":["https:\/\/velipost.com\/?p=3743#respond"]}]},{"@type":"WebPage","@id":"https:\/\/velipost.com\/?p=3743","url":"https:\/\/velipost.com\/?p=3743","name":"Le Minist\u00e8re de l\u2019\u00c9ducation fixe les frais scolaires \u00e0 1 500 gourdes pour le 3e cycle et le secondaire &#8211; VeliPost","isPartOf":{"@id":"https:\/\/velipost.com\/#website"},"primaryImageOfPage":{"@id":"https:\/\/velipost.com\/?p=3743#primaryimage"},"image":{"@id":"https:\/\/velipost.com\/?p=3743#primaryimage"},"thumbnailUrl":"https:\/\/velipost.com\/wp-content\/uploads\/2025\/08\/Eleves.jpg","datePublished":"2025-08-09T17:56:35+00:00","dateModified":"2025-08-09T17:56:37+00:00","breadcrumb":{"@id":"https:\/\/velipost.com\/?p=3743#breadcrumb"},"inLanguage":"fr-FR","potentialAction":[{"@type":"ReadAction","target":["https:\/\/velipost.com\/?p=3743"]}]},{"@type":"ImageObject","inLanguage":"fr-FR","@id":"https:\/\/velipost.com\/?p=3743#primaryimage","url":"https:\/\/velipost.com\/wp-content\/uploads\/2025\/08\/Eleves.jpg","contentUrl":"https:\/\/velipost.com\/wp-content\/uploads\/2025\/08\/Eleves.jpg","width":1170,"height":603},{"@type":"BreadcrumbList","@id":"https:\/\/velipost.com\/?p=3743#breadcrumb","itemListElement":[{"@type":"ListItem","position":1,"name":"Accueil","item":"https:\/\/velipost.com\/"},{"@type":"ListItem","position":2,"name":"Le Minist\u00e8re de l\u2019\u00c9ducation fixe les frais scolaires \u00e0 1 500 gourdes pour le 3e cycle et le secondaire"}]},{"@type":"WebSite","@id":"https:\/\/velipost.com\/#website","url":"https:\/\/velipost.com\/","name":"VeliPost","description":"L\u2019info en un clic","publisher":{"@id":"https:\/\/velipost.com\/#organization"},"potentialAction":[{"@type":"SearchAction","target":{"@type":"EntryPoint","urlTemplate":"https:\/\/velipost.com\/?s={search_term_string}"},"query-input":{"@type":"PropertyValueSpecification","valueRequired":true,"valueName":"search_term_string"}}],"inLanguage":"fr-FR"},{"@type":"Organization","@id":"https:\/\/velipost.com\/#organization","name":"VeliPost","url":"https:\/\/velipost.com\/","logo":{"@type":"ImageObject","inLanguage":"fr-FR","@id":"https:\/\/velipost.com\/#\/schema\/logo\/image\/","url":"https:\/\/velipost.com\/wp-content\/uploads\/2024\/08\/cropped-VP-logo-piti.png","contentUrl":"https:\/\/velipost.com\/wp-content\/uploads\/2024\/08\/cropped-VP-logo-piti.png","width":201,"height":69,"caption":"VeliPost"},"image":{"@id":"https:\/\/velipost.com\/#\/schema\/logo\/image\/"},"sameAs":["https:\/\/www.facebook.com\/veliposthaiti","https:\/\/x.com\/veliposthaiti","https:\/\/www.instagram.com\/veliposthaiti"]},{"@type":"Person","@id":"https:\/\/velipost.com\/#\/schema\/person\/32ff49a53c9c1bb24302ee8ece058096","name":"VeliPost","image":{"@type":"ImageObject","inLanguage":"fr-FR","@id":"https:\/\/velipost.com\/#\/schema\/person\/image\/","url":"https:\/\/secure.gravatar.com\/avatar\/57c226c264de62f794185a89596d4a37b85a5ad20aca30d9d5a478b27d8c8d9d?s=96&d=mm&r=g","contentUrl":"https:\/\/secure.gravatar.com\/avatar\/57c226c264de62f794185a89596d4a37b85a5ad20aca30d9d5a478b27d8c8d9d?s=96&d=mm&r=g","caption":"VeliPost"},"sameAs":["https:\/\/velipost.com"],"url":"https:\/\/velipost.com\/?author=1"}]}},"views":1,"jetpack_publicize_connections":[],"uagb_featured_image_src":{"full":["https:\/\/velipost.com\/wp-content\/uploads\/2025\/08\/Eleves.jpg",1170,603,false],"thumbnail":["https:\/\/velipost.com\/wp-content\/uploads\/2025\/08\/Eleves-150x150.jpg",150,150,true],"medium":["https:\/\/velipost.com\/wp-content\/uploads\/2025\/08\/Eleves-300x155.jpg",300,155,true],"medium_large":["https:\/\/velipost.com\/wp-content\/uploads\/2025\/08\/Eleves-768x396.jpg",715,369,true],"large":["https:\/\/velipost.com\/wp-content\/uploads\/2025\/08\/Eleves-1024x528.jpg",715,369,true],"1536x1536":["https:\/\/velipost.com\/wp-content\/uploads\/2025\/08\/Eleves.jpg",1170,603,false],"2048x2048":["https:\/\/velipost.com\/wp-content\/uploads\/2025\/08\/Eleves.jpg",1170,603,false],"colornews-big-slider":["https:\/\/velipost.com\/wp-content\/uploads\/2025\/08\/Eleves-1070x470.jpg",1070,470,true],"colornews-big-slider-thumb":["https:\/\/velipost.com\/wp-content\/uploads\/2025\/08\/Eleves-184x109.jpg",184,109,true],"colornews-featured-post-medium":["https:\/\/velipost.com\/wp-content\/uploads\/2025\/08\/Eleves-345x265.jpg",345,265,true],"colornews-featured-post-small":["https:\/\/velipost.com\/wp-content\/uploads\/2025\/08\/Eleves-115x73.jpg",115,73,true],"colornews-random-posts":["https:\/\/velipost.com\/wp-content\/uploads\/2025\/08\/Eleves-215x215.jpg",215,215,true],"colornews-featured-image":["https:\/\/velipost.com\/wp-content\/uploads\/2025\/08\/Eleves-715x400.jpg",715,400,true],"mailpoet_newsletter_max":["https:\/\/velipost.com\/wp-content\/uploads\/2025\/08\/Eleves.jpg",1170,603,false]},"uagb_author_info":{"display_name":"VeliPost","author_link":"https:\/\/velipost.com\/?author=1"},"uagb_comment_info":0,"uagb_excerpt":"Le MENFP rappelle que les frais scolaires dans les \u00e9coles publiques sont fix\u00e9s \u00e0 1 500 gourdes pour le 3\u1d49 cycle et le secondaire,","_links":{"self":[{"href":"https:\/\/velipost.com\/index.php?rest_route=\/wp\/v2\/posts\/3743","targetHints":{"allow":["GET"]}}],"collection":[{"href":"https:\/\/velipost.com\/index.php?rest_route=\/wp\/v2\/posts"}],"about":[{"href":"https:\/\/velipost.com\/index.php?rest_route=\/wp\/v2\/types\/post"}],"author":[{"embeddable":true,"href":"https:\/\/velipost.com\/index.php?rest_route=\/wp\/v2\/users\/1"}],"replies":[{"embeddable":true,"href":"https:\/\/velipost.com\/index.php?rest_route=%2Fwp%2Fv2%2Fcomments&post=3743"}],"version-history":[{"count":1,"href":"https:\/\/velipost.com\/index.php?rest_route=\/wp\/v2\/posts\/3743\/revisions"}],"predecessor-version":[{"id":3745,"href":"https:\/\/velipost.com\/index.php?rest_route=\/wp\/v2\/posts\/3743\/revisions\/3745"}],"wp:featuredmedia":[{"embeddable":true,"href":"https:\/\/velipost.com\/index.php?rest_route=\/wp\/v2\/media\/3744"}],"wp:attachment":[{"href":"https:\/\/velipost.com\/index.php?rest_route=%2Fwp%2Fv2%2Fmedia&parent=3743"}],"wp:term":[{"taxonomy":"category","embeddable":true,"href":"https:\/\/velipost.com\/index.php?rest_route=%2Fwp%2Fv2%2Fcategories&post=3743"},{"taxonomy":"post_tag","embeddable":true,"href":"https:\/\/velipost.com\/index.php?rest_route=%2Fwp%2Fv2%2Ftags&post=3743"}],"curies":[{"name":"wp","href":"https:\/\/api.w.org\/{rel}","templated":true}]}}