{"id":3739,"date":"2025-08-05T16:55:41","date_gmt":"2025-08-05T14:55:41","guid":{"rendered":"https:\/\/velipost.com\/?p=3739"},"modified":"2025-08-05T16:55:42","modified_gmt":"2025-08-05T14:55:42","slug":"dr-dieufort-danove-jose-karly-un-leadership-exemplaire-un-parcours-qui-inspire","status":"publish","type":"post","link":"https:\/\/velipost.com\/?p=3739","title":{"rendered":"Dr DIEUFORT Danove Jose Karly : un leadership exemplaire, un parcours qui inspire"},"content":{"rendered":"\n<p>Nous sommes en 2015. Apr\u00e8s avoir brillamment r\u00e9ussi les examens du baccalaur\u00e9at au Coll\u00e8ge Martin Luther King du Cap-Ha\u00eftien, le nom du jeune Danove figure fi\u00e8rement parmi les 125 laur\u00e9ats de la Facult\u00e9 de M\u00e9decine et de Pharmacie (FMP), les 200 de la Facult\u00e9 des Sciences (FDS) et les 100 de la Facult\u00e9 d\u2019Agronomie et de M\u00e9decine V\u00e9t\u00e9rinaire (FAMV). Il choisit finalement la FMP, l\u2019une des institutions les plus convoit\u00e9es du pays. C\u2019est le d\u00e9but d\u2019un parcours jalonn\u00e9 de r\u00eaves, d\u2019audace et d\u2019un engagement sans rel\u00e2che pour ce jeune Pilatois, qui commence \u00e0 \u00e9crire l\u2019histoire d\u2019une encre ind\u00e9l\u00e9bile.<\/p>\n\n\n\n<p>D\u00e8s sa 2e et 3e ann\u00e9e, anim\u00e9 d\u2019une fougue naturelle et d\u2019un sens aigu du leadership, il est nomm\u00e9 pr\u00e9sident de la commission \u00e9lectorale de sa promotion. Sa capacit\u00e9 d\u2019analyse, sa prise de d\u00e9cision r\u00e9fl\u00e9chie et sa vision strat\u00e9gique commencent d\u00e9j\u00e0 \u00e0 influencer positivement son entourage. \u00c0 travers lui, on entrevoit alors l\u2019avenir prometteur de sa g\u00e9n\u00e9ration et l\u2019\u00e9toile montante de la vie politique universitaire.<\/p>\n\n\n\n<p>\u00c0 cette \u00e9poque, la pr\u00e9sidence de la Facult\u00e9 \u00e9tait assur\u00e9e par Modelin Dave BASTIEN.<\/p>\n\n\n\n<p>Un an plus tard, en 4e ann\u00e9e, il est \u00e9lu vice-pr\u00e9sident de sa promotion. Quelques mois apr\u00e8s, il franchit un cap encore plus ambitieux en participant aux \u00e9lections g\u00e9n\u00e9rales de la Facult\u00e9. Avec brio, il est \u00e9lu au poste le plus prestigieux et le plus convoit\u00e9 de l\u2019\u00e9tablissement :\u00a0Repr\u00e9sentant des \u00e9tudiants au sein du Conseil de l\u2019Universit\u00e9 d\u2019\u00c9tat d\u2019Ha\u00efti (CUEH)\u2014 l\u00e0 o\u00f9 se trouvent les t\u00eates pensantes de l\u2019universit\u00e9.<\/p>\n\n\n\n<p>Il avait confi\u00e9 \u00e0 l\u2019un de ses amis, deux ans plus t\u00f4t : \u00ab S\u2019il y a bien un poste qui m\u2019int\u00e9resse r\u00e9ellement \u00e0 la Facult\u00e9, c\u2019est celui de Repr\u00e9sentant des \u00e9tudiants. \u00bb Ce jour-l\u00e0, un r\u00eave s\u2019est concr\u00e9tis\u00e9, une mission s\u2019est accomplie.<\/p>\n\n\n\n<p>En 5e ann\u00e9e, il est r\u00e9\u00e9lu vice-pr\u00e9sident de sa promotion avec un score de 98,90 % des voix, devenant ainsi le premier \u00e9tudiant \u00e0 obtenir un score aussi \u00e9crasant \u00e0 la Facult\u00e9. Ce r\u00e9sultat t\u00e9moigne de l\u2019admiration et de la satisfaction de sa promotion pour son travail.<\/p>\n\n\n\n<p>Depuis ce fauteuil de repr\u00e9sentation, il a servi la Facult\u00e9 et l\u2019Universit\u00e9 avec une \u00e9l\u00e9gance rare, une rigueur admirable et une loyaut\u00e9 sans faille.<\/p>\n\n\n\n<p>Parmi ses r\u00e9alisations, on peut citer la reconnaissance des programmes de biologie m\u00e9dicale et d\u2019optom\u00e9trie au sein du Conseil de l\u2019UEH, avec l\u2019appui du pr\u00e9sident de la Facult\u00e9 de l\u2019\u00e9poque, Jepht\u00e9 Emmanuel MATHIEU.<\/p>\n\n\n\n<p>Son nom s\u2019inscrit d\u00e9sormais parmi les figures les plus marquantes de l\u2019histoire de la repr\u00e9sentation estudiantine \u00e0 la FMP.<\/p>\n\n\n\n<p>Mais l\u2019histoire ne s\u2019arr\u00eate pas l\u00e0.<\/p>\n\n\n\n<p>Ce jeune, autrefois \u00e9lu pour porter la voix de la FMP, est vite per\u00e7u comme un porte-\u00e9tendard de toute la jeunesse universitaire. Son int\u00e9grit\u00e9, son sens du devoir, son aisance \u00e0 travailler en \u00e9quipe et sa capacit\u00e9 \u00e0 d\u00e9fendre ses id\u00e9es avec fermet\u00e9 au sein du Conseil le propulsent dans une nouvelle dimension. Il devient\u00a0Repr\u00e9sentant de tous les \u00e9tudiants de l\u2019Universit\u00e9\u00a0au sein du\u00a0Conseil \u00e9lectoral central de l\u2019UEH, charg\u00e9 du renouvellement du personnel du Rectorat. Il joue un r\u00f4le cl\u00e9 aux c\u00f4t\u00e9s du Pr\u00e9sident de l\u2019\u00e9poque, le Recteur Dieusseul Pr\u00e9delus, dans le cadre des \u00e9lections universitaires de 2020. Ce dernier deviendra plus tard le plus jeune Recteur de l\u2019UEH avec le meilleur score de toute l\u2019histoire des \u00e9lections de l\u2019Universit\u00e9 :\u00a095,45 %.<\/p>\n\n\n\n<p>Reconnu pour la qualit\u00e9 de son leadership, il b\u00e9n\u00e9ficie en 2021 d\u2019une bourse d\u2019\u00e9tudes en Espagne, \u00e0 l\u2019Universidad San Antonio de Murcia, dans le domaine du\u00a0management strat\u00e9gique et de la gestion des ressources humaines, consolidant ainsi sa formation intellectuelle et ses comp\u00e9tences manag\u00e9riales.<\/p>\n\n\n\n<p>Il a d\u00fb suspendre son parcours \u00e0 la Facult\u00e9 pour entreprendre cette nouvelle \u00e9tape.<\/p>\n\n\n\n<p>De retour au pays, il poursuit son internat \u00e0 l\u2019HUEH, puis effectue son service social dans le d\u00e9partement des Nippes, plus pr\u00e9cis\u00e9ment \u00e0 l\u2019H\u00f4pital Sainte-Th\u00e9r\u00e8se de Mirago\u00e2ne, o\u00f9 il laisse son nom en lettres d\u2019or.<\/p>\n\n\n\n<p>Quatre ans plus tard, fort de cette exp\u00e9rience internationale, il est nomm\u00e9\u00a0membre du cabinet du Recteur de l\u2019UEH, devenant ainsi le plus jeune \u00e0 int\u00e9grer une telle instance depuis la fondation de l\u2019Universit\u00e9. Aujourd\u2019hui, il \u00e9crit une nouvelle page de son histoire en tant que\u00a0Directeur de la Vie Estudiantine de l\u2019UEH, devenant \u00e9galement le plus jeune directeur \u00e0 occuper une telle fonction au sein du Rectorat.<\/p>\n\n\n\n<p>R\u00e9cemment, il a pr\u00e9sent\u00e9 sa th\u00e8se de doctorat en m\u00e9decine, brillamment soutenue et admise par le jury avec la mention\u00a0Tr\u00e8s honorable\u00a0et l\u2019attribution d\u2019une\u00a0m\u00e9daille, aux c\u00f4t\u00e9s de son coll\u00e8gue, le Dr Djoudli NO\u00cbL, ancien pr\u00e9sident de sa promotion \u00e0 la Facult\u00e9 de M\u00e9decine et de Pharmacie.<\/p>\n\n\n\n<p>Une cons\u00e9cration acad\u00e9mique qui scelle avec \u00e9clat un parcours universitaire exemplaire, couronnant des ann\u00e9es d\u2019efforts, de sacrifices et d\u2019abn\u00e9gation.<\/p>\n\n\n\n<p>Cette direction, cruciale pour l\u2019\u00e9panouissement acad\u00e9mique, social et psychologique des \u00e9tudiants, b\u00e9n\u00e9ficie aujourd\u2019hui d\u2019un leadership jeune, inspir\u00e9, et enti\u00e8rement tourn\u00e9 vers le service.<\/p>\n\n\n\n<p>Non, Danove n\u2019est pas simplement un directeur. Il est un\u00a0mod\u00e8le vivant\u00a0pour toute une g\u00e9n\u00e9ration d\u2019universitaires qui r\u00eavent de s\u2019impliquer dans leur communaut\u00e9. Il est un jeune engag\u00e9, anim\u00e9 par le d\u00e9sir profond de servir son pays, son universit\u00e9 et le savoir. Il est un\u00a0esprit \u00e9clair\u00e9, au service de la connaissance, de l\u2019\u00e9quit\u00e9 et de la jeunesse.<\/p>\n\n\n\n<p>Il ne fait aucun doute que le nouveau titulaire de la Direction de la Vie Estudiantine saura mobiliser avec justesse son\u00a0intelligence strat\u00e9gique, son\u00a0sens \u00e9prouv\u00e9 du leadership, son\u00a0esprit de concertation, et cette\u00a0loyaut\u00e9 constante\u00a0qui a toujours marqu\u00e9 son parcours.<\/p>\n\n\n\n<p>Les d\u00e9fis sont consid\u00e9rables, mais sa capacit\u00e9 \u00e0 les relever l\u2019est davantage.<\/p>\n\n\n\n<p>Les attentes sont claires :\u00a0produire des r\u00e9sultats concrets, rassembler autour d\u2019une vision, et continuer d\u2019incarner cette confiance\u00a0que lui accordent les \u00e9tudiants, la jeunesse, le Recteur et son cabinet, et plus largement, une soci\u00e9t\u00e9 en qu\u00eate de rep\u00e8res solides.<\/p>\n\n\n\n<p>\u00c0 ce carrefour exigeant, une chose demeure certaine :\u00a0les r\u00e9sultats viendront, et ils parleront d\u2019eux-m\u00eames.<\/p>\n\n\n\n<p><strong>Walky TIJIN<\/strong><br>M\u00e9decin, r\u00e9sident en rervice social<br>Ancien \u00e9tudiant et pr\u00e9sident de promotion de la FMP\/UEH<\/p>\n\n    <div class=\"xs_social_share_widget xs_share_url after_content \t\tmain_content  wslu-style-3 wslu-share-box-shaped wslu-fill-brand-hover-colored wslu-share-m-5 wslu-none wslu-share-horizontal wslu-theme-font-no wslu-main_content\">\n\n\t\t\n        <ul>\n\t\t\t                    <li class=\"xs-share-li twitter                        wslu-no-extra-data\">\n                        <a href=\"javascript:void(0);\"\n                           id=\"xs_feed_twitter\"\n                           onclick=\"xs_social_sharer(this);\"\n                           data-pid=\"3739\"\n                           data-uri_hash=\"2f85ff45e3cf91747b65f7065f0cbebf\"\n                           data-key=\"twitter\"\n                           data-xs-href=\"https:\/\/twitter.com\/intent\/tweet?text=Dr+DIEUFORT+Danove+Jose+Karly+%3A+un+leadership+exemplaire%2C+un+parcours+qui+inspire+https%3A%2F%2Fvelipost.com%2Findex.php%3Frest_route%3D%252Fwp%252Fv2%252Fposts%252F3739&amp;original_referer=https%3A%2F%2Fvelipost.com%2Findex.php%3Frest_route%3D%252Fwp%252Fv2%252Fposts%252F3739&amp;related=xpeedstudio\">\n\n                            <div class=\"xs-social-icon\">\n                                <span class=\"met-social met-social-twitter\"><\/span>\n                            <\/div>\n\n\t\t\t\t\t\t\t\n                            <div class=\"wslu-hover-content\">\n                                <div class=\"xs-social-followers\">\n\t\t\t\t\t\t\t\t\t10                                <\/div>\n                                <div class=\"xs-social-follower-text\">\n\t\t\t\t\t\t\t\t\tShare                                <\/div>\n                                <div class=\"xs-social-follower-label\">\n\t\t\t\t\t\t\t\t\tTwitter                                <\/div>\n                            <\/div>\n                        <\/a>\n                    <\/li>\n\t\t\t\t\t                    <li class=\"xs-share-li telegram                        wslu-no-extra-data\">\n                        <a href=\"javascript:void(0);\"\n                           id=\"xs_feed_telegram\"\n                           onclick=\"xs_social_sharer(this);\"\n                           data-pid=\"3739\"\n                           data-uri_hash=\"2f85ff45e3cf91747b65f7065f0cbebf\"\n                           data-key=\"telegram\"\n                           data-xs-href=\"https:\/\/telegram.me\/share\/url?url=https%3A%2F%2Fvelipost.com%2Findex.php%3Frest_route%3D%252Fwp%252Fv2%252Fposts%252F3739&amp;text=Dr+DIEUFORT+Danove+Jose+Karly+%3A+un+leadership+exemplaire%2C+un+parcours+qui+inspire\">\n\n                            <div class=\"xs-social-icon\">\n                                <span class=\"met-social met-social-telegram\"><\/span>\n                            <\/div>\n\n\t\t\t\t\t\t\t\n                            <div class=\"wslu-hover-content\">\n                                <div class=\"xs-social-followers\">\n\t\t\t\t\t\t\t\t\t0                                <\/div>\n                                <div class=\"xs-social-follower-text\">\n\t\t\t\t\t\t\t\t\tShare                                <\/div>\n                                <div class=\"xs-social-follower-label\">\n\t\t\t\t\t\t\t\t\tTelegram                                <\/div>\n                            <\/div>\n                        <\/a>\n                    <\/li>\n\t\t\t\t\t                    <li class=\"xs-share-li email                        wslu-no-extra-data\">\n                        <a href=\"javascript:void(0);\"\n                           id=\"xs_feed_email\"\n                           onclick=\"xs_social_sharer(this);\"\n                           data-pid=\"3739\"\n                           data-uri_hash=\"2f85ff45e3cf91747b65f7065f0cbebf\"\n                           data-key=\"email\"\n                           data-xs-href=\"mailto:?body=Title%3A+Dr+DIEUFORT+Danove+Jose+Karly+%3A+un+leadership+exemplaire%2C+un+parcours+qui+inspire+%5Cn%5Cn+URL%3A+https%3A%2F%2Fvelipost.com%2Findex.php%3Frest_route%3D%252Fwp%252Fv2%252Fposts%252F3739&amp;subject=Dr+DIEUFORT+Danove+Jose+Karly+%3A+un+leadership+exemplaire%2C+un+parcours+qui+inspire\">\n\n                            <div class=\"xs-social-icon\">\n                                <span class=\"met-social met-social-email\"><\/span>\n                            <\/div>\n\n\t\t\t\t\t\t\t\n                            <div class=\"wslu-hover-content\">\n                                <div class=\"xs-social-followers\">\n\t\t\t\t\t\t\t\t\t0                                <\/div>\n                                <div class=\"xs-social-follower-text\">\n\t\t\t\t\t\t\t\t\tShare                                <\/div>\n                                <div class=\"xs-social-follower-label\">\n\t\t\t\t\t\t\t\t\tEmail                                <\/div>\n                            <\/div>\n                        <\/a>\n                    <\/li>\n\t\t\t\t\t        <\/ul>\n    <\/div> \n","protected":false},"excerpt":{"rendered":"<p>Nous sommes en 2015. Apr\u00e8s avoir brillamment r\u00e9ussi les examens du baccalaur\u00e9at au Coll\u00e8ge Martin Luther King du Cap-Ha\u00eftien, le nom du jeune Danove<\/p>\n","protected":false},"author":1,"featured_media":3740,"comment_status":"open","ping_status":"open","sticky":false,"template":"","format":"standard","meta":{"_uag_custom_page_level_css":"","footnotes":"","jetpack_publicize_message":"","jetpack_publicize_feature_enabled":true,"jetpack_social_post_already_shared":false,"jetpack_social_options":{"image_generator_settings":{"template":"highway","default_image_id":0,"font":"","enabled":false},"version":2}},"categories":[260],"tags":[],"class_list":["post-3739","post","type-post","status-publish","format-standard","has-post-thumbnail","hentry","category-education"],"yoast_head":"<!-- This site is optimized with the Yoast SEO plugin v25.3.1 - https:\/\/yoast.com\/wordpress\/plugins\/seo\/ -->\n<title>Dr DIEUFORT Danove Jose Karly : un leadership exemplaire, un parcours qui inspire &#8211; VeliPost<\/title>\n<meta name=\"robots\" content=\"index, follow, max-snippet:-1, max-image-preview:large, max-video-preview:-1\" \/>\n<link rel=\"canonical\" href=\"https:\/\/velipost.com\/?p=3739\" \/>\n<meta property=\"og:locale\" content=\"fr_FR\" \/>\n<meta property=\"og:type\" content=\"article\" \/>\n<meta property=\"og:title\" content=\"Dr DIEUFORT Danove Jose Karly : un leadership exemplaire, un parcours qui inspire &#8211; VeliPost\" \/>\n<meta property=\"og:description\" content=\"Nous sommes en 2015. Apr\u00e8s avoir brillamment r\u00e9ussi les examens du baccalaur\u00e9at au Coll\u00e8ge Martin Luther King du Cap-Ha\u00eftien, le nom du jeune Danove\" \/>\n<meta property=\"og:url\" content=\"https:\/\/velipost.com\/?p=3739\" \/>\n<meta property=\"og:site_name\" content=\"VeliPost\" \/>\n<meta property=\"article:publisher\" content=\"https:\/\/www.facebook.com\/veliposthaiti\" \/>\n<meta property=\"article:published_time\" content=\"2025-08-05T14:55:41+00:00\" \/>\n<meta property=\"article:modified_time\" content=\"2025-08-05T14:55:42+00:00\" \/>\n<meta property=\"og:image\" content=\"https:\/\/velipost.com\/wp-content\/uploads\/2025\/08\/Cover-VP-2.jpg\" \/>\n\t<meta property=\"og:image:width\" content=\"1170\" \/>\n\t<meta property=\"og:image:height\" content=\"603\" \/>\n\t<meta property=\"og:image:type\" content=\"image\/jpeg\" \/>\n<meta name=\"author\" content=\"VeliPost\" \/>\n<meta name=\"twitter:card\" content=\"summary_large_image\" \/>\n<meta name=\"twitter:creator\" content=\"@veliposthaiti\" \/>\n<meta name=\"twitter:site\" content=\"@veliposthaiti\" \/>\n<meta name=\"twitter:label1\" content=\"\u00c9crit par\" \/>\n\t<meta name=\"twitter:data1\" content=\"VeliPost\" \/>\n\t<meta name=\"twitter:label2\" content=\"Dur\u00e9e de lecture estim\u00e9e\" \/>\n\t<meta name=\"twitter:data2\" content=\"6 minutes\" \/>\n<script type=\"application\/ld+json\" class=\"yoast-schema-graph\">{\"@context\":\"https:\/\/schema.org\",\"@graph\":[{\"@type\":\"Article\",\"@id\":\"https:\/\/velipost.com\/?p=3739#article\",\"isPartOf\":{\"@id\":\"https:\/\/velipost.com\/?p=3739\"},\"author\":{\"name\":\"VeliPost\",\"@id\":\"https:\/\/velipost.com\/#\/schema\/person\/32ff49a53c9c1bb24302ee8ece058096\"},\"headline\":\"Dr DIEUFORT Danove Jose Karly : un leadership exemplaire, un parcours qui inspire\",\"datePublished\":\"2025-08-05T14:55:41+00:00\",\"dateModified\":\"2025-08-05T14:55:42+00:00\",\"mainEntityOfPage\":{\"@id\":\"https:\/\/velipost.com\/?p=3739\"},\"wordCount\":1139,\"commentCount\":0,\"publisher\":{\"@id\":\"https:\/\/velipost.com\/#organization\"},\"image\":{\"@id\":\"https:\/\/velipost.com\/?p=3739#primaryimage\"},\"thumbnailUrl\":\"https:\/\/velipost.com\/wp-content\/uploads\/2025\/08\/Cover-VP-2.jpg\",\"articleSection\":[\"Education\"],\"inLanguage\":\"fr-FR\",\"potentialAction\":[{\"@type\":\"CommentAction\",\"name\":\"Comment\",\"target\":[\"https:\/\/velipost.com\/?p=3739#respond\"]}]},{\"@type\":\"WebPage\",\"@id\":\"https:\/\/velipost.com\/?p=3739\",\"url\":\"https:\/\/velipost.com\/?p=3739\",\"name\":\"Dr DIEUFORT Danove Jose Karly : un leadership exemplaire, un parcours qui inspire &#8211; VeliPost\",\"isPartOf\":{\"@id\":\"https:\/\/velipost.com\/#website\"},\"primaryImageOfPage\":{\"@id\":\"https:\/\/velipost.com\/?p=3739#primaryimage\"},\"image\":{\"@id\":\"https:\/\/velipost.com\/?p=3739#primaryimage\"},\"thumbnailUrl\":\"https:\/\/velipost.com\/wp-content\/uploads\/2025\/08\/Cover-VP-2.jpg\",\"datePublished\":\"2025-08-05T14:55:41+00:00\",\"dateModified\":\"2025-08-05T14:55:42+00:00\",\"breadcrumb\":{\"@id\":\"https:\/\/velipost.com\/?p=3739#breadcrumb\"},\"inLanguage\":\"fr-FR\",\"potentialAction\":[{\"@type\":\"ReadAction\",\"target\":[\"https:\/\/velipost.com\/?p=3739\"]}]},{\"@type\":\"ImageObject\",\"inLanguage\":\"fr-FR\",\"@id\":\"https:\/\/velipost.com\/?p=3739#primaryimage\",\"url\":\"https:\/\/velipost.com\/wp-content\/uploads\/2025\/08\/Cover-VP-2.jpg\",\"contentUrl\":\"https:\/\/velipost.com\/wp-content\/uploads\/2025\/08\/Cover-VP-2.jpg\",\"width\":1170,\"height\":603},{\"@type\":\"BreadcrumbList\",\"@id\":\"https:\/\/velipost.com\/?p=3739#breadcrumb\",\"itemListElement\":[{\"@type\":\"ListItem\",\"position\":1,\"name\":\"Accueil\",\"item\":\"https:\/\/velipost.com\/\"},{\"@type\":\"ListItem\",\"position\":2,\"name\":\"Dr DIEUFORT Danove Jose Karly : un leadership exemplaire, un parcours qui inspire\"}]},{\"@type\":\"WebSite\",\"@id\":\"https:\/\/velipost.com\/#website\",\"url\":\"https:\/\/velipost.com\/\",\"name\":\"VeliPost\",\"description\":\"L\u2019info en un clic\",\"publisher\":{\"@id\":\"https:\/\/velipost.com\/#organization\"},\"potentialAction\":[{\"@type\":\"SearchAction\",\"target\":{\"@type\":\"EntryPoint\",\"urlTemplate\":\"https:\/\/velipost.com\/?s={search_term_string}\"},\"query-input\":{\"@type\":\"PropertyValueSpecification\",\"valueRequired\":true,\"valueName\":\"search_term_string\"}}],\"inLanguage\":\"fr-FR\"},{\"@type\":\"Organization\",\"@id\":\"https:\/\/velipost.com\/#organization\",\"name\":\"VeliPost\",\"url\":\"https:\/\/velipost.com\/\",\"logo\":{\"@type\":\"ImageObject\",\"inLanguage\":\"fr-FR\",\"@id\":\"https:\/\/velipost.com\/#\/schema\/logo\/image\/\",\"url\":\"https:\/\/velipost.com\/wp-content\/uploads\/2024\/08\/cropped-VP-logo-piti.png\",\"contentUrl\":\"https:\/\/velipost.com\/wp-content\/uploads\/2024\/08\/cropped-VP-logo-piti.png\",\"width\":201,\"height\":69,\"caption\":\"VeliPost\"},\"image\":{\"@id\":\"https:\/\/velipost.com\/#\/schema\/logo\/image\/\"},\"sameAs\":[\"https:\/\/www.facebook.com\/veliposthaiti\",\"https:\/\/x.com\/veliposthaiti\",\"https:\/\/www.instagram.com\/veliposthaiti\"]},{\"@type\":\"Person\",\"@id\":\"https:\/\/velipost.com\/#\/schema\/person\/32ff49a53c9c1bb24302ee8ece058096\",\"name\":\"VeliPost\",\"image\":{\"@type\":\"ImageObject\",\"inLanguage\":\"fr-FR\",\"@id\":\"https:\/\/velipost.com\/#\/schema\/person\/image\/\",\"url\":\"https:\/\/secure.gravatar.com\/avatar\/57c226c264de62f794185a89596d4a37b85a5ad20aca30d9d5a478b27d8c8d9d?s=96&d=mm&r=g\",\"contentUrl\":\"https:\/\/secure.gravatar.com\/avatar\/57c226c264de62f794185a89596d4a37b85a5ad20aca30d9d5a478b27d8c8d9d?s=96&d=mm&r=g\",\"caption\":\"VeliPost\"},\"sameAs\":[\"https:\/\/velipost.com\"],\"url\":\"https:\/\/velipost.com\/?author=1\"}]}<\/script>\n<!-- \/ Yoast SEO plugin. -->","yoast_head_json":{"title":"Dr DIEUFORT Danove Jose Karly : un leadership exemplaire, un parcours qui inspire &#8211; VeliPost","robots":{"index":"index","follow":"follow","max-snippet":"max-snippet:-1","max-image-preview":"max-image-preview:large","max-video-preview":"max-video-preview:-1"},"canonical":"https:\/\/velipost.com\/?p=3739","og_locale":"fr_FR","og_type":"article","og_title":"Dr DIEUFORT Danove Jose Karly : un leadership exemplaire, un parcours qui inspire &#8211; VeliPost","og_description":"Nous sommes en 2015. Apr\u00e8s avoir brillamment r\u00e9ussi les examens du baccalaur\u00e9at au Coll\u00e8ge Martin Luther King du Cap-Ha\u00eftien, le nom du jeune Danove","og_url":"https:\/\/velipost.com\/?p=3739","og_site_name":"VeliPost","article_publisher":"https:\/\/www.facebook.com\/veliposthaiti","article_published_time":"2025-08-05T14:55:41+00:00","article_modified_time":"2025-08-05T14:55:42+00:00","og_image":[{"width":1170,"height":603,"url":"https:\/\/velipost.com\/wp-content\/uploads\/2025\/08\/Cover-VP-2.jpg","type":"image\/jpeg"}],"author":"VeliPost","twitter_card":"summary_large_image","twitter_creator":"@veliposthaiti","twitter_site":"@veliposthaiti","twitter_misc":{"\u00c9crit par":"VeliPost","Dur\u00e9e de lecture estim\u00e9e":"6 minutes"},"schema":{"@context":"https:\/\/schema.org","@graph":[{"@type":"Article","@id":"https:\/\/velipost.com\/?p=3739#article","isPartOf":{"@id":"https:\/\/velipost.com\/?p=3739"},"author":{"name":"VeliPost","@id":"https:\/\/velipost.com\/#\/schema\/person\/32ff49a53c9c1bb24302ee8ece058096"},"headline":"Dr DIEUFORT Danove Jose Karly : un leadership exemplaire, un parcours qui inspire","datePublished":"2025-08-05T14:55:41+00:00","dateModified":"2025-08-05T14:55:42+00:00","mainEntityOfPage":{"@id":"https:\/\/velipost.com\/?p=3739"},"wordCount":1139,"commentCount":0,"publisher":{"@id":"https:\/\/velipost.com\/#organization"},"image":{"@id":"https:\/\/velipost.com\/?p=3739#primaryimage"},"thumbnailUrl":"https:\/\/velipost.com\/wp-content\/uploads\/2025\/08\/Cover-VP-2.jpg","articleSection":["Education"],"inLanguage":"fr-FR","potentialAction":[{"@type":"CommentAction","name":"Comment","target":["https:\/\/velipost.com\/?p=3739#respond"]}]},{"@type":"WebPage","@id":"https:\/\/velipost.com\/?p=3739","url":"https:\/\/velipost.com\/?p=3739","name":"Dr DIEUFORT Danove Jose Karly : un leadership exemplaire, un parcours qui inspire &#8211; VeliPost","isPartOf":{"@id":"https:\/\/velipost.com\/#website"},"primaryImageOfPage":{"@id":"https:\/\/velipost.com\/?p=3739#primaryimage"},"image":{"@id":"https:\/\/velipost.com\/?p=3739#primaryimage"},"thumbnailUrl":"https:\/\/velipost.com\/wp-content\/uploads\/2025\/08\/Cover-VP-2.jpg","datePublished":"2025-08-05T14:55:41+00:00","dateModified":"2025-08-05T14:55:42+00:00","breadcrumb":{"@id":"https:\/\/velipost.com\/?p=3739#breadcrumb"},"inLanguage":"fr-FR","potentialAction":[{"@type":"ReadAction","target":["https:\/\/velipost.com\/?p=3739"]}]},{"@type":"ImageObject","inLanguage":"fr-FR","@id":"https:\/\/velipost.com\/?p=3739#primaryimage","url":"https:\/\/velipost.com\/wp-content\/uploads\/2025\/08\/Cover-VP-2.jpg","contentUrl":"https:\/\/velipost.com\/wp-content\/uploads\/2025\/08\/Cover-VP-2.jpg","width":1170,"height":603},{"@type":"BreadcrumbList","@id":"https:\/\/velipost.com\/?p=3739#breadcrumb","itemListElement":[{"@type":"ListItem","position":1,"name":"Accueil","item":"https:\/\/velipost.com\/"},{"@type":"ListItem","position":2,"name":"Dr DIEUFORT Danove Jose Karly : un leadership exemplaire, un parcours qui inspire"}]},{"@type":"WebSite","@id":"https:\/\/velipost.com\/#website","url":"https:\/\/velipost.com\/","name":"VeliPost","description":"L\u2019info en un clic","publisher":{"@id":"https:\/\/velipost.com\/#organization"},"potentialAction":[{"@type":"SearchAction","target":{"@type":"EntryPoint","urlTemplate":"https:\/\/velipost.com\/?s={search_term_string}"},"query-input":{"@type":"PropertyValueSpecification","valueRequired":true,"valueName":"search_term_string"}}],"inLanguage":"fr-FR"},{"@type":"Organization","@id":"https:\/\/velipost.com\/#organization","name":"VeliPost","url":"https:\/\/velipost.com\/","logo":{"@type":"ImageObject","inLanguage":"fr-FR","@id":"https:\/\/velipost.com\/#\/schema\/logo\/image\/","url":"https:\/\/velipost.com\/wp-content\/uploads\/2024\/08\/cropped-VP-logo-piti.png","contentUrl":"https:\/\/velipost.com\/wp-content\/uploads\/2024\/08\/cropped-VP-logo-piti.png","width":201,"height":69,"caption":"VeliPost"},"image":{"@id":"https:\/\/velipost.com\/#\/schema\/logo\/image\/"},"sameAs":["https:\/\/www.facebook.com\/veliposthaiti","https:\/\/x.com\/veliposthaiti","https:\/\/www.instagram.com\/veliposthaiti"]},{"@type":"Person","@id":"https:\/\/velipost.com\/#\/schema\/person\/32ff49a53c9c1bb24302ee8ece058096","name":"VeliPost","image":{"@type":"ImageObject","inLanguage":"fr-FR","@id":"https:\/\/velipost.com\/#\/schema\/person\/image\/","url":"https:\/\/secure.gravatar.com\/avatar\/57c226c264de62f794185a89596d4a37b85a5ad20aca30d9d5a478b27d8c8d9d?s=96&d=mm&r=g","contentUrl":"https:\/\/secure.gravatar.com\/avatar\/57c226c264de62f794185a89596d4a37b85a5ad20aca30d9d5a478b27d8c8d9d?s=96&d=mm&r=g","caption":"VeliPost"},"sameAs":["https:\/\/velipost.com"],"url":"https:\/\/velipost.com\/?author=1"}]}},"views":1,"jetpack_publicize_connections":[],"uagb_featured_image_src":{"full":["https:\/\/velipost.com\/wp-content\/uploads\/2025\/08\/Cover-VP-2.jpg",1170,603,false],"thumbnail":["https:\/\/velipost.com\/wp-content\/uploads\/2025\/08\/Cover-VP-2-150x150.jpg",150,150,true],"medium":["https:\/\/velipost.com\/wp-content\/uploads\/2025\/08\/Cover-VP-2-300x155.jpg",300,155,true],"medium_large":["https:\/\/velipost.com\/wp-content\/uploads\/2025\/08\/Cover-VP-2-768x396.jpg",715,369,true],"large":["https:\/\/velipost.com\/wp-content\/uploads\/2025\/08\/Cover-VP-2-1024x528.jpg",715,369,true],"1536x1536":["https:\/\/velipost.com\/wp-content\/uploads\/2025\/08\/Cover-VP-2.jpg",1170,603,false],"2048x2048":["https:\/\/velipost.com\/wp-content\/uploads\/2025\/08\/Cover-VP-2.jpg",1170,603,false],"colornews-big-slider":["https:\/\/velipost.com\/wp-content\/uploads\/2025\/08\/Cover-VP-2-1070x470.jpg",1070,470,true],"colornews-big-slider-thumb":["https:\/\/velipost.com\/wp-content\/uploads\/2025\/08\/Cover-VP-2-184x109.jpg",184,109,true],"colornews-featured-post-medium":["https:\/\/velipost.com\/wp-content\/uploads\/2025\/08\/Cover-VP-2-345x265.jpg",345,265,true],"colornews-featured-post-small":["https:\/\/velipost.com\/wp-content\/uploads\/2025\/08\/Cover-VP-2-115x73.jpg",115,73,true],"colornews-random-posts":["https:\/\/velipost.com\/wp-content\/uploads\/2025\/08\/Cover-VP-2-215x215.jpg",215,215,true],"colornews-featured-image":["https:\/\/velipost.com\/wp-content\/uploads\/2025\/08\/Cover-VP-2-715x400.jpg",715,400,true],"mailpoet_newsletter_max":["https:\/\/velipost.com\/wp-content\/uploads\/2025\/08\/Cover-VP-2.jpg",1170,603,false]},"uagb_author_info":{"display_name":"VeliPost","author_link":"https:\/\/velipost.com\/?author=1"},"uagb_comment_info":0,"uagb_excerpt":"Nous sommes en 2015. Apr\u00e8s avoir brillamment r\u00e9ussi les examens du baccalaur\u00e9at au Coll\u00e8ge Martin Luther King du Cap-Ha\u00eftien, le nom du jeune Danove","_links":{"self":[{"href":"https:\/\/velipost.com\/index.php?rest_route=\/wp\/v2\/posts\/3739","targetHints":{"allow":["GET"]}}],"collection":[{"href":"https:\/\/velipost.com\/index.php?rest_route=\/wp\/v2\/posts"}],"about":[{"href":"https:\/\/velipost.com\/index.php?rest_route=\/wp\/v2\/types\/post"}],"author":[{"embeddable":true,"href":"https:\/\/velipost.com\/index.php?rest_route=\/wp\/v2\/users\/1"}],"replies":[{"embeddable":true,"href":"https:\/\/velipost.com\/index.php?rest_route=%2Fwp%2Fv2%2Fcomments&post=3739"}],"version-history":[{"count":1,"href":"https:\/\/velipost.com\/index.php?rest_route=\/wp\/v2\/posts\/3739\/revisions"}],"predecessor-version":[{"id":3741,"href":"https:\/\/velipost.com\/index.php?rest_route=\/wp\/v2\/posts\/3739\/revisions\/3741"}],"wp:featuredmedia":[{"embeddable":true,"href":"https:\/\/velipost.com\/index.php?rest_route=\/wp\/v2\/media\/3740"}],"wp:attachment":[{"href":"https:\/\/velipost.com\/index.php?rest_route=%2Fwp%2Fv2%2Fmedia&parent=3739"}],"wp:term":[{"taxonomy":"category","embeddable":true,"href":"https:\/\/velipost.com\/index.php?rest_route=%2Fwp%2Fv2%2Fcategories&post=3739"},{"taxonomy":"post_tag","embeddable":true,"href":"https:\/\/velipost.com\/index.php?rest_route=%2Fwp%2Fv2%2Ftags&post=3739"}],"curies":[{"name":"wp","href":"https:\/\/api.w.org\/{rel}","templated":true}]}}