{"id":3731,"date":"2025-07-27T19:36:58","date_gmt":"2025-07-27T17:36:58","guid":{"rendered":"https:\/\/velipost.com\/?p=3731"},"modified":"2025-07-27T19:37:00","modified_gmt":"2025-07-27T17:37:00","slug":"orchestre-septentrional-77-ans-dhistoire-de-rythme-de-memoire-collective-et-de-musique-ininterrompue","status":"publish","type":"post","link":"https:\/\/velipost.com\/?p=3731","title":{"rendered":"Orchestre Septentrional : 77 ans d\u2019histoire, de rythme, de m\u00e9moire collective et de musique ininterrompue"},"content":{"rendered":"\n<p><em>Ce 27 juillet 2025, l\u2019Orchestre Septentrional a c\u00e9l\u00e9br\u00e9 son 77e anniversaire, marquant plus de sept d\u00e9cennies de contributions inestimables \u00e0 la musique ha\u00eftienne. En pr\u00e9lude \u00e0 cette date symbolique, un grand concert a \u00e9t\u00e9 donn\u00e9 le 22 juillet sur la Place d\u2019Armes, \u00e9galement connue sous le nom de Place Notre-Dame, dans la ville du Cap-Ha\u00eftien. Cette performance festive, accueillie par un public nombreux et enthousiaste, a rappel\u00e9 la place unique que Septentrional occupe dans le paysage culturel du pays.<\/em><\/p>\n\n\n\n<p>Fond\u00e9 en 1948, Septentrional est n\u00e9 de la fusion entre deux groupes capois : le Trio Simphonia, dirig\u00e9 par Ulrich Pierre-Louis, et le Quatuor Septentrional, fond\u00e9 par Jean Meunio. Leur premi\u00e8re collaboration lors d\u2019un \u00e9v\u00e9nement au Cercle Aurore a \u00e9t\u00e9 un succ\u00e8s. Apr\u00e8s deux prestations remarqu\u00e9es \u00e0 Plaine-du-Nord et Limonade, ils d\u00e9cid\u00e8rent de ne faire plus qu\u2019un. Le 27 juillet 1948 \u00e0 4 h 20 du matin, le \u00ab Djazz Septentrional \u00bb prenait officiellement vie avec neuf musiciens fondateurs, et Ulrich Pierre-Louis d\u00e9sign\u00e9 comme premier maestro \u00e0 seulement 21 ans.<\/p>\n\n\n\n<p>Joint au t\u00e9l\u00e9phone par notre r\u00e9daction, Chedlord Limage, ancien responsable de communication de l\u2019Orchestre Septentrional et membre de la grande famille du groupe, a partag\u00e9 quelques chiffres marquants illustrant l\u2019ampleur de l\u2019h\u00e9ritage musical du Septent. \u00c0 ce jour, l\u2019orchestre compte 355 s\u00e9lections enregistr\u00e9es, r\u00e9parties dans 69 disques ou albums, dont 10 albums solos r\u00e9alis\u00e9s en collaboration avec des figures embl\u00e9matiques telles que Guy Durosier, Roger Colas ou encore \u201cPolo\u201d. Plusieurs albums phares, comme Timal, Mariana, Toto ou Tifi a leve, t\u00e9moignent de la richesse du r\u00e9pertoire. Alfred Mo\u00efse, c\u00e9l\u00e8bre compositeur et trompettiste du groupe, a marqu\u00e9 de son empreinte bon nombre de ces morceaux devenus aujourd\u2019hui des classiques..<\/p>\n\n\n\n<p>Depuis, Septentrional s\u2019est impos\u00e9 comme un pilier de la musique ha\u00eftienne, alliant tradition, modernit\u00e9 et excellence artistique. Le groupe a r\u00e9v\u00e9l\u00e9 des talents majeurs comme Alfred Mo\u00efse, Loulou \u00c9tienne ou encore Michel Tassy, dont les contributions ont marqu\u00e9 des g\u00e9n\u00e9rations. Avec une multitude d&rsquo;albums studio et des tubes embl\u00e9matiques comme Temwanyaj, Tout Moun Damou ou W a vini, l\u2019orchestre jaune et vert continue de faire vibrer les c\u0153urs et de transmettre un patrimoine musical unique.<\/p>\n\n\n\n<p>En reconnaissance de sa valeur historique et culturelle, la Mairie du Cap-Ha\u00eftien a d\u00e9clar\u00e9 en janvier 2025 l\u2019Orchestre Septentrional Patrimoine Communal. Ce statut s\u2019accompagne d\u2019un soutien annuel d\u2019un million de gourdes, d\u2019exon\u00e9rations fiscales et d\u2019un plan de valorisation de ses archives et de son \u0153uvre artistique. Ce geste consacre officiellement le r\u00f4le central de l\u2019orchestre dans la pr\u00e9servation et la promotion de la culture ha\u00eftienne.<\/p>\n\n\n\n<p>Le th\u00e8me choisi pour ce 77e anniversaire, \u00ab Un point dress\u00e9 contre l\u2019avalanche des t\u00e9n\u00e8bres \u00bb, souligne la mission que s\u2019est donn\u00e9e Septentrional : offrir, par la musique, une r\u00e9ponse lumineuse face \u00e0 la crise, \u00e0 la violence et \u00e0 la perte de rep\u00e8res. Les \u00ab\u00a0Djokann\u00e8l\u00a0\u00bb, fid\u00e8les fans du groupe, \u00e9taient nombreux \u00e0 Limonade pour rendre hommage \u00e0 cette institution toujours en activit\u00e9, symbole de r\u00e9silience et de fiert\u00e9 nationale.<\/p>\n\n\n\n<p>D&rsquo;autres prestations sont d\u00e9j\u00e0 pr\u00e9vues dans les mois \u00e0 venir, en Ha\u00efti comme \u00e0 l\u2019\u00e9tranger. \u00c0 77 ans, l\u2019Orchestre Septentrional continue de d\u00e9montrer que la musique peut rassembler, \u00e9lever et construire des ponts entre les g\u00e9n\u00e9rations. Une l\u00e9gende vivante qui inspire, unit et fait rayonner Ha\u00efti bien au-del\u00e0 de ses fronti\u00e8res.<\/p>\n\n    <div class=\"xs_social_share_widget xs_share_url after_content \t\tmain_content  wslu-style-3 wslu-share-box-shaped wslu-fill-brand-hover-colored wslu-share-m-5 wslu-none wslu-share-horizontal wslu-theme-font-no wslu-main_content\">\n\n\t\t\n        <ul>\n\t\t\t                    <li class=\"xs-share-li twitter                        wslu-no-extra-data\">\n                        <a href=\"javascript:void(0);\"\n                           id=\"xs_feed_twitter\"\n                           onclick=\"xs_social_sharer(this);\"\n                           data-pid=\"3731\"\n                           data-uri_hash=\"c7c378425b23db159aa9630a9fd16dde\"\n                           data-key=\"twitter\"\n                           data-xs-href=\"https:\/\/twitter.com\/intent\/tweet?text=Orchestre+Septentrional+%3A+77+ans+d%E2%80%99histoire%2C+de+rythme%2C+de+m%C3%A9moire+collective+et+de+musique+ininterrompue+https%3A%2F%2Fvelipost.com%2Findex.php%3Frest_route%3D%252Fwp%252Fv2%252Fposts%252F3731&amp;original_referer=https%3A%2F%2Fvelipost.com%2Findex.php%3Frest_route%3D%252Fwp%252Fv2%252Fposts%252F3731&amp;related=xpeedstudio\">\n\n                            <div class=\"xs-social-icon\">\n                                <span class=\"met-social met-social-twitter\"><\/span>\n                            <\/div>\n\n\t\t\t\t\t\t\t\n                            <div class=\"wslu-hover-content\">\n                                <div class=\"xs-social-followers\">\n\t\t\t\t\t\t\t\t\t10                                <\/div>\n                                <div class=\"xs-social-follower-text\">\n\t\t\t\t\t\t\t\t\tShare                                <\/div>\n                                <div class=\"xs-social-follower-label\">\n\t\t\t\t\t\t\t\t\tTwitter                                <\/div>\n                            <\/div>\n                        <\/a>\n                    <\/li>\n\t\t\t\t\t                    <li class=\"xs-share-li telegram                        wslu-no-extra-data\">\n                        <a href=\"javascript:void(0);\"\n                           id=\"xs_feed_telegram\"\n                           onclick=\"xs_social_sharer(this);\"\n                           data-pid=\"3731\"\n                           data-uri_hash=\"c7c378425b23db159aa9630a9fd16dde\"\n                           data-key=\"telegram\"\n                           data-xs-href=\"https:\/\/telegram.me\/share\/url?url=https%3A%2F%2Fvelipost.com%2Findex.php%3Frest_route%3D%252Fwp%252Fv2%252Fposts%252F3731&amp;text=Orchestre+Septentrional+%3A+77+ans+d%E2%80%99histoire%2C+de+rythme%2C+de+m%C3%A9moire+collective+et+de+musique+ininterrompue\">\n\n                            <div class=\"xs-social-icon\">\n                                <span class=\"met-social met-social-telegram\"><\/span>\n                            <\/div>\n\n\t\t\t\t\t\t\t\n                            <div class=\"wslu-hover-content\">\n                                <div class=\"xs-social-followers\">\n\t\t\t\t\t\t\t\t\t0                                <\/div>\n                                <div class=\"xs-social-follower-text\">\n\t\t\t\t\t\t\t\t\tShare                                <\/div>\n                                <div class=\"xs-social-follower-label\">\n\t\t\t\t\t\t\t\t\tTelegram                                <\/div>\n                            <\/div>\n                        <\/a>\n                    <\/li>\n\t\t\t\t\t                    <li class=\"xs-share-li email                        wslu-no-extra-data\">\n                        <a href=\"javascript:void(0);\"\n                           id=\"xs_feed_email\"\n                           onclick=\"xs_social_sharer(this);\"\n                           data-pid=\"3731\"\n                           data-uri_hash=\"c7c378425b23db159aa9630a9fd16dde\"\n                           data-key=\"email\"\n                           data-xs-href=\"mailto:?body=Title%3A+Orchestre+Septentrional+%3A+77+ans+d%E2%80%99histoire%2C+de+rythme%2C+de+m%C3%A9moire+collective+et+de+musique+ininterrompue+%5Cn%5Cn+URL%3A+https%3A%2F%2Fvelipost.com%2Findex.php%3Frest_route%3D%252Fwp%252Fv2%252Fposts%252F3731&amp;subject=Orchestre+Septentrional+%3A+77+ans+d%E2%80%99histoire%2C+de+rythme%2C+de+m%C3%A9moire+collective+et+de+musique+ininterrompue\">\n\n                            <div class=\"xs-social-icon\">\n                                <span class=\"met-social met-social-email\"><\/span>\n                            <\/div>\n\n\t\t\t\t\t\t\t\n                            <div class=\"wslu-hover-content\">\n                                <div class=\"xs-social-followers\">\n\t\t\t\t\t\t\t\t\t0                                <\/div>\n                                <div class=\"xs-social-follower-text\">\n\t\t\t\t\t\t\t\t\tShare                                <\/div>\n                                <div class=\"xs-social-follower-label\">\n\t\t\t\t\t\t\t\t\tEmail                                <\/div>\n                            <\/div>\n                        <\/a>\n                    <\/li>\n\t\t\t\t\t        <\/ul>\n    <\/div> \n","protected":false},"excerpt":{"rendered":"<p>Ce 27 juillet 2025, l\u2019Orchestre Septentrional a c\u00e9l\u00e9br\u00e9 son 77e anniversaire, marquant plus de sept d\u00e9cennies de contributions inestimables \u00e0 la musique ha\u00eftienne. En<\/p>\n","protected":false},"author":1,"featured_media":3732,"comment_status":"open","ping_status":"open","sticky":false,"template":"","format":"standard","meta":{"_uag_custom_page_level_css":"","footnotes":"","jetpack_publicize_message":"","jetpack_publicize_feature_enabled":true,"jetpack_social_post_already_shared":false,"jetpack_social_options":{"image_generator_settings":{"template":"highway","default_image_id":0,"font":"","enabled":false},"version":2}},"categories":[189],"tags":[],"class_list":["post-3731","post","type-post","status-publish","format-standard","has-post-thumbnail","hentry","category-musique"],"yoast_head":"<!-- This site is optimized with the Yoast SEO plugin v25.3.1 - https:\/\/yoast.com\/wordpress\/plugins\/seo\/ -->\n<title>Orchestre Septentrional : 77 ans d\u2019histoire, de rythme, de m\u00e9moire collective et de musique ininterrompue &#8211; VeliPost<\/title>\n<meta name=\"robots\" content=\"index, follow, max-snippet:-1, max-image-preview:large, max-video-preview:-1\" \/>\n<link rel=\"canonical\" href=\"https:\/\/velipost.com\/?p=3731\" \/>\n<meta property=\"og:locale\" content=\"fr_FR\" \/>\n<meta property=\"og:type\" content=\"article\" \/>\n<meta property=\"og:title\" content=\"Orchestre Septentrional : 77 ans d\u2019histoire, de rythme, de m\u00e9moire collective et de musique ininterrompue &#8211; VeliPost\" \/>\n<meta property=\"og:description\" content=\"Ce 27 juillet 2025, l\u2019Orchestre Septentrional a c\u00e9l\u00e9br\u00e9 son 77e anniversaire, marquant plus de sept d\u00e9cennies de contributions inestimables \u00e0 la musique ha\u00eftienne. En\" \/>\n<meta property=\"og:url\" content=\"https:\/\/velipost.com\/?p=3731\" \/>\n<meta property=\"og:site_name\" content=\"VeliPost\" \/>\n<meta property=\"article:publisher\" content=\"https:\/\/www.facebook.com\/veliposthaiti\" \/>\n<meta property=\"article:published_time\" content=\"2025-07-27T17:36:58+00:00\" \/>\n<meta property=\"article:modified_time\" content=\"2025-07-27T17:37:00+00:00\" \/>\n<meta property=\"og:image\" content=\"https:\/\/velipost.com\/wp-content\/uploads\/2025\/07\/septan.jpg\" \/>\n\t<meta property=\"og:image:width\" content=\"1170\" \/>\n\t<meta property=\"og:image:height\" content=\"603\" \/>\n\t<meta property=\"og:image:type\" content=\"image\/jpeg\" \/>\n<meta name=\"author\" content=\"VeliPost\" \/>\n<meta name=\"twitter:card\" content=\"summary_large_image\" \/>\n<meta name=\"twitter:creator\" content=\"@veliposthaiti\" \/>\n<meta name=\"twitter:site\" content=\"@veliposthaiti\" \/>\n<meta name=\"twitter:label1\" content=\"\u00c9crit par\" \/>\n\t<meta name=\"twitter:data1\" content=\"VeliPost\" \/>\n\t<meta name=\"twitter:label2\" content=\"Dur\u00e9e de lecture estim\u00e9e\" \/>\n\t<meta name=\"twitter:data2\" content=\"3 minutes\" \/>\n<script type=\"application\/ld+json\" class=\"yoast-schema-graph\">{\"@context\":\"https:\/\/schema.org\",\"@graph\":[{\"@type\":\"Article\",\"@id\":\"https:\/\/velipost.com\/?p=3731#article\",\"isPartOf\":{\"@id\":\"https:\/\/velipost.com\/?p=3731\"},\"author\":{\"name\":\"VeliPost\",\"@id\":\"https:\/\/velipost.com\/#\/schema\/person\/32ff49a53c9c1bb24302ee8ece058096\"},\"headline\":\"Orchestre Septentrional : 77 ans d\u2019histoire, de rythme, de m\u00e9moire collective et de musique ininterrompue\",\"datePublished\":\"2025-07-27T17:36:58+00:00\",\"dateModified\":\"2025-07-27T17:37:00+00:00\",\"mainEntityOfPage\":{\"@id\":\"https:\/\/velipost.com\/?p=3731\"},\"wordCount\":604,\"commentCount\":0,\"publisher\":{\"@id\":\"https:\/\/velipost.com\/#organization\"},\"image\":{\"@id\":\"https:\/\/velipost.com\/?p=3731#primaryimage\"},\"thumbnailUrl\":\"https:\/\/velipost.com\/wp-content\/uploads\/2025\/07\/septan.jpg\",\"articleSection\":[\"Musique\"],\"inLanguage\":\"fr-FR\",\"potentialAction\":[{\"@type\":\"CommentAction\",\"name\":\"Comment\",\"target\":[\"https:\/\/velipost.com\/?p=3731#respond\"]}]},{\"@type\":\"WebPage\",\"@id\":\"https:\/\/velipost.com\/?p=3731\",\"url\":\"https:\/\/velipost.com\/?p=3731\",\"name\":\"Orchestre Septentrional : 77 ans d\u2019histoire, de rythme, de m\u00e9moire collective et de musique ininterrompue &#8211; VeliPost\",\"isPartOf\":{\"@id\":\"https:\/\/velipost.com\/#website\"},\"primaryImageOfPage\":{\"@id\":\"https:\/\/velipost.com\/?p=3731#primaryimage\"},\"image\":{\"@id\":\"https:\/\/velipost.com\/?p=3731#primaryimage\"},\"thumbnailUrl\":\"https:\/\/velipost.com\/wp-content\/uploads\/2025\/07\/septan.jpg\",\"datePublished\":\"2025-07-27T17:36:58+00:00\",\"dateModified\":\"2025-07-27T17:37:00+00:00\",\"breadcrumb\":{\"@id\":\"https:\/\/velipost.com\/?p=3731#breadcrumb\"},\"inLanguage\":\"fr-FR\",\"potentialAction\":[{\"@type\":\"ReadAction\",\"target\":[\"https:\/\/velipost.com\/?p=3731\"]}]},{\"@type\":\"ImageObject\",\"inLanguage\":\"fr-FR\",\"@id\":\"https:\/\/velipost.com\/?p=3731#primaryimage\",\"url\":\"https:\/\/velipost.com\/wp-content\/uploads\/2025\/07\/septan.jpg\",\"contentUrl\":\"https:\/\/velipost.com\/wp-content\/uploads\/2025\/07\/septan.jpg\",\"width\":1170,\"height\":603},{\"@type\":\"BreadcrumbList\",\"@id\":\"https:\/\/velipost.com\/?p=3731#breadcrumb\",\"itemListElement\":[{\"@type\":\"ListItem\",\"position\":1,\"name\":\"Accueil\",\"item\":\"https:\/\/velipost.com\/\"},{\"@type\":\"ListItem\",\"position\":2,\"name\":\"Orchestre Septentrional : 77 ans d\u2019histoire, de rythme, de m\u00e9moire collective et de musique ininterrompue\"}]},{\"@type\":\"WebSite\",\"@id\":\"https:\/\/velipost.com\/#website\",\"url\":\"https:\/\/velipost.com\/\",\"name\":\"VeliPost\",\"description\":\"L\u2019info en un clic\",\"publisher\":{\"@id\":\"https:\/\/velipost.com\/#organization\"},\"potentialAction\":[{\"@type\":\"SearchAction\",\"target\":{\"@type\":\"EntryPoint\",\"urlTemplate\":\"https:\/\/velipost.com\/?s={search_term_string}\"},\"query-input\":{\"@type\":\"PropertyValueSpecification\",\"valueRequired\":true,\"valueName\":\"search_term_string\"}}],\"inLanguage\":\"fr-FR\"},{\"@type\":\"Organization\",\"@id\":\"https:\/\/velipost.com\/#organization\",\"name\":\"VeliPost\",\"url\":\"https:\/\/velipost.com\/\",\"logo\":{\"@type\":\"ImageObject\",\"inLanguage\":\"fr-FR\",\"@id\":\"https:\/\/velipost.com\/#\/schema\/logo\/image\/\",\"url\":\"https:\/\/velipost.com\/wp-content\/uploads\/2024\/08\/cropped-VP-logo-piti.png\",\"contentUrl\":\"https:\/\/velipost.com\/wp-content\/uploads\/2024\/08\/cropped-VP-logo-piti.png\",\"width\":201,\"height\":69,\"caption\":\"VeliPost\"},\"image\":{\"@id\":\"https:\/\/velipost.com\/#\/schema\/logo\/image\/\"},\"sameAs\":[\"https:\/\/www.facebook.com\/veliposthaiti\",\"https:\/\/x.com\/veliposthaiti\",\"https:\/\/www.instagram.com\/veliposthaiti\"]},{\"@type\":\"Person\",\"@id\":\"https:\/\/velipost.com\/#\/schema\/person\/32ff49a53c9c1bb24302ee8ece058096\",\"name\":\"VeliPost\",\"image\":{\"@type\":\"ImageObject\",\"inLanguage\":\"fr-FR\",\"@id\":\"https:\/\/velipost.com\/#\/schema\/person\/image\/\",\"url\":\"https:\/\/secure.gravatar.com\/avatar\/57c226c264de62f794185a89596d4a37b85a5ad20aca30d9d5a478b27d8c8d9d?s=96&d=mm&r=g\",\"contentUrl\":\"https:\/\/secure.gravatar.com\/avatar\/57c226c264de62f794185a89596d4a37b85a5ad20aca30d9d5a478b27d8c8d9d?s=96&d=mm&r=g\",\"caption\":\"VeliPost\"},\"sameAs\":[\"https:\/\/velipost.com\"],\"url\":\"https:\/\/velipost.com\/?author=1\"}]}<\/script>\n<!-- \/ Yoast SEO plugin. -->","yoast_head_json":{"title":"Orchestre Septentrional : 77 ans d\u2019histoire, de rythme, de m\u00e9moire collective et de musique ininterrompue &#8211; VeliPost","robots":{"index":"index","follow":"follow","max-snippet":"max-snippet:-1","max-image-preview":"max-image-preview:large","max-video-preview":"max-video-preview:-1"},"canonical":"https:\/\/velipost.com\/?p=3731","og_locale":"fr_FR","og_type":"article","og_title":"Orchestre Septentrional : 77 ans d\u2019histoire, de rythme, de m\u00e9moire collective et de musique ininterrompue &#8211; VeliPost","og_description":"Ce 27 juillet 2025, l\u2019Orchestre Septentrional a c\u00e9l\u00e9br\u00e9 son 77e anniversaire, marquant plus de sept d\u00e9cennies de contributions inestimables \u00e0 la musique ha\u00eftienne. En","og_url":"https:\/\/velipost.com\/?p=3731","og_site_name":"VeliPost","article_publisher":"https:\/\/www.facebook.com\/veliposthaiti","article_published_time":"2025-07-27T17:36:58+00:00","article_modified_time":"2025-07-27T17:37:00+00:00","og_image":[{"width":1170,"height":603,"url":"https:\/\/velipost.com\/wp-content\/uploads\/2025\/07\/septan.jpg","type":"image\/jpeg"}],"author":"VeliPost","twitter_card":"summary_large_image","twitter_creator":"@veliposthaiti","twitter_site":"@veliposthaiti","twitter_misc":{"\u00c9crit par":"VeliPost","Dur\u00e9e de lecture estim\u00e9e":"3 minutes"},"schema":{"@context":"https:\/\/schema.org","@graph":[{"@type":"Article","@id":"https:\/\/velipost.com\/?p=3731#article","isPartOf":{"@id":"https:\/\/velipost.com\/?p=3731"},"author":{"name":"VeliPost","@id":"https:\/\/velipost.com\/#\/schema\/person\/32ff49a53c9c1bb24302ee8ece058096"},"headline":"Orchestre Septentrional : 77 ans d\u2019histoire, de rythme, de m\u00e9moire collective et de musique ininterrompue","datePublished":"2025-07-27T17:36:58+00:00","dateModified":"2025-07-27T17:37:00+00:00","mainEntityOfPage":{"@id":"https:\/\/velipost.com\/?p=3731"},"wordCount":604,"commentCount":0,"publisher":{"@id":"https:\/\/velipost.com\/#organization"},"image":{"@id":"https:\/\/velipost.com\/?p=3731#primaryimage"},"thumbnailUrl":"https:\/\/velipost.com\/wp-content\/uploads\/2025\/07\/septan.jpg","articleSection":["Musique"],"inLanguage":"fr-FR","potentialAction":[{"@type":"CommentAction","name":"Comment","target":["https:\/\/velipost.com\/?p=3731#respond"]}]},{"@type":"WebPage","@id":"https:\/\/velipost.com\/?p=3731","url":"https:\/\/velipost.com\/?p=3731","name":"Orchestre Septentrional : 77 ans d\u2019histoire, de rythme, de m\u00e9moire collective et de musique ininterrompue &#8211; VeliPost","isPartOf":{"@id":"https:\/\/velipost.com\/#website"},"primaryImageOfPage":{"@id":"https:\/\/velipost.com\/?p=3731#primaryimage"},"image":{"@id":"https:\/\/velipost.com\/?p=3731#primaryimage"},"thumbnailUrl":"https:\/\/velipost.com\/wp-content\/uploads\/2025\/07\/septan.jpg","datePublished":"2025-07-27T17:36:58+00:00","dateModified":"2025-07-27T17:37:00+00:00","breadcrumb":{"@id":"https:\/\/velipost.com\/?p=3731#breadcrumb"},"inLanguage":"fr-FR","potentialAction":[{"@type":"ReadAction","target":["https:\/\/velipost.com\/?p=3731"]}]},{"@type":"ImageObject","inLanguage":"fr-FR","@id":"https:\/\/velipost.com\/?p=3731#primaryimage","url":"https:\/\/velipost.com\/wp-content\/uploads\/2025\/07\/septan.jpg","contentUrl":"https:\/\/velipost.com\/wp-content\/uploads\/2025\/07\/septan.jpg","width":1170,"height":603},{"@type":"BreadcrumbList","@id":"https:\/\/velipost.com\/?p=3731#breadcrumb","itemListElement":[{"@type":"ListItem","position":1,"name":"Accueil","item":"https:\/\/velipost.com\/"},{"@type":"ListItem","position":2,"name":"Orchestre Septentrional : 77 ans d\u2019histoire, de rythme, de m\u00e9moire collective et de musique ininterrompue"}]},{"@type":"WebSite","@id":"https:\/\/velipost.com\/#website","url":"https:\/\/velipost.com\/","name":"VeliPost","description":"L\u2019info en un clic","publisher":{"@id":"https:\/\/velipost.com\/#organization"},"potentialAction":[{"@type":"SearchAction","target":{"@type":"EntryPoint","urlTemplate":"https:\/\/velipost.com\/?s={search_term_string}"},"query-input":{"@type":"PropertyValueSpecification","valueRequired":true,"valueName":"search_term_string"}}],"inLanguage":"fr-FR"},{"@type":"Organization","@id":"https:\/\/velipost.com\/#organization","name":"VeliPost","url":"https:\/\/velipost.com\/","logo":{"@type":"ImageObject","inLanguage":"fr-FR","@id":"https:\/\/velipost.com\/#\/schema\/logo\/image\/","url":"https:\/\/velipost.com\/wp-content\/uploads\/2024\/08\/cropped-VP-logo-piti.png","contentUrl":"https:\/\/velipost.com\/wp-content\/uploads\/2024\/08\/cropped-VP-logo-piti.png","width":201,"height":69,"caption":"VeliPost"},"image":{"@id":"https:\/\/velipost.com\/#\/schema\/logo\/image\/"},"sameAs":["https:\/\/www.facebook.com\/veliposthaiti","https:\/\/x.com\/veliposthaiti","https:\/\/www.instagram.com\/veliposthaiti"]},{"@type":"Person","@id":"https:\/\/velipost.com\/#\/schema\/person\/32ff49a53c9c1bb24302ee8ece058096","name":"VeliPost","image":{"@type":"ImageObject","inLanguage":"fr-FR","@id":"https:\/\/velipost.com\/#\/schema\/person\/image\/","url":"https:\/\/secure.gravatar.com\/avatar\/57c226c264de62f794185a89596d4a37b85a5ad20aca30d9d5a478b27d8c8d9d?s=96&d=mm&r=g","contentUrl":"https:\/\/secure.gravatar.com\/avatar\/57c226c264de62f794185a89596d4a37b85a5ad20aca30d9d5a478b27d8c8d9d?s=96&d=mm&r=g","caption":"VeliPost"},"sameAs":["https:\/\/velipost.com"],"url":"https:\/\/velipost.com\/?author=1"}]}},"views":1,"jetpack_publicize_connections":[],"uagb_featured_image_src":{"full":["https:\/\/velipost.com\/wp-content\/uploads\/2025\/07\/septan.jpg",1170,603,false],"thumbnail":["https:\/\/velipost.com\/wp-content\/uploads\/2025\/07\/septan-150x150.jpg",150,150,true],"medium":["https:\/\/velipost.com\/wp-content\/uploads\/2025\/07\/septan-300x155.jpg",300,155,true],"medium_large":["https:\/\/velipost.com\/wp-content\/uploads\/2025\/07\/septan-768x396.jpg",715,369,true],"large":["https:\/\/velipost.com\/wp-content\/uploads\/2025\/07\/septan-1024x528.jpg",715,369,true],"1536x1536":["https:\/\/velipost.com\/wp-content\/uploads\/2025\/07\/septan.jpg",1170,603,false],"2048x2048":["https:\/\/velipost.com\/wp-content\/uploads\/2025\/07\/septan.jpg",1170,603,false],"colornews-big-slider":["https:\/\/velipost.com\/wp-content\/uploads\/2025\/07\/septan-1070x470.jpg",1070,470,true],"colornews-big-slider-thumb":["https:\/\/velipost.com\/wp-content\/uploads\/2025\/07\/septan-184x109.jpg",184,109,true],"colornews-featured-post-medium":["https:\/\/velipost.com\/wp-content\/uploads\/2025\/07\/septan-345x265.jpg",345,265,true],"colornews-featured-post-small":["https:\/\/velipost.com\/wp-content\/uploads\/2025\/07\/septan-115x73.jpg",115,73,true],"colornews-random-posts":["https:\/\/velipost.com\/wp-content\/uploads\/2025\/07\/septan-215x215.jpg",215,215,true],"colornews-featured-image":["https:\/\/velipost.com\/wp-content\/uploads\/2025\/07\/septan-715x400.jpg",715,400,true],"mailpoet_newsletter_max":["https:\/\/velipost.com\/wp-content\/uploads\/2025\/07\/septan.jpg",1170,603,false]},"uagb_author_info":{"display_name":"VeliPost","author_link":"https:\/\/velipost.com\/?author=1"},"uagb_comment_info":0,"uagb_excerpt":"Ce 27 juillet 2025, l\u2019Orchestre Septentrional a c\u00e9l\u00e9br\u00e9 son 77e anniversaire, marquant plus de sept d\u00e9cennies de contributions inestimables \u00e0 la musique ha\u00eftienne. En","_links":{"self":[{"href":"https:\/\/velipost.com\/index.php?rest_route=\/wp\/v2\/posts\/3731","targetHints":{"allow":["GET"]}}],"collection":[{"href":"https:\/\/velipost.com\/index.php?rest_route=\/wp\/v2\/posts"}],"about":[{"href":"https:\/\/velipost.com\/index.php?rest_route=\/wp\/v2\/types\/post"}],"author":[{"embeddable":true,"href":"https:\/\/velipost.com\/index.php?rest_route=\/wp\/v2\/users\/1"}],"replies":[{"embeddable":true,"href":"https:\/\/velipost.com\/index.php?rest_route=%2Fwp%2Fv2%2Fcomments&post=3731"}],"version-history":[{"count":1,"href":"https:\/\/velipost.com\/index.php?rest_route=\/wp\/v2\/posts\/3731\/revisions"}],"predecessor-version":[{"id":3733,"href":"https:\/\/velipost.com\/index.php?rest_route=\/wp\/v2\/posts\/3731\/revisions\/3733"}],"wp:featuredmedia":[{"embeddable":true,"href":"https:\/\/velipost.com\/index.php?rest_route=\/wp\/v2\/media\/3732"}],"wp:attachment":[{"href":"https:\/\/velipost.com\/index.php?rest_route=%2Fwp%2Fv2%2Fmedia&parent=3731"}],"wp:term":[{"taxonomy":"category","embeddable":true,"href":"https:\/\/velipost.com\/index.php?rest_route=%2Fwp%2Fv2%2Fcategories&post=3731"},{"taxonomy":"post_tag","embeddable":true,"href":"https:\/\/velipost.com\/index.php?rest_route=%2Fwp%2Fv2%2Ftags&post=3731"}],"curies":[{"name":"wp","href":"https:\/\/api.w.org\/{rel}","templated":true}]}}