{"id":3728,"date":"2025-07-27T17:36:10","date_gmt":"2025-07-27T15:36:10","guid":{"rendered":"https:\/\/velipost.com\/?p=3728"},"modified":"2025-07-27T17:36:12","modified_gmt":"2025-07-27T15:36:12","slug":"le-konpa-a-70-ans-hommage-festif-a-nemours-jean-baptiste-a-la-place-boyer","status":"publish","type":"post","link":"https:\/\/velipost.com\/?p=3728","title":{"rendered":"Le Konpa a 70 ans : hommage festif \u00e0 Nemours Jean-Baptiste \u00e0 la Place Boyer"},"content":{"rendered":"\n<p>Ce samedi 26 juillet 2025, la Place Boyer s\u2019est transform\u00e9e en un v\u00e9ritable carrefour de f\u00eate et de ferveur populaire.\u00a0. Au c\u0153ur d\u2019une Ha\u00efti tourment\u00e9e par la crise s\u00e9curitaire, un \u00e9v\u00e9nement culturel majeur a su raviver l\u2019espoir et la fiert\u00e9 nationale : les\u00a0<strong>70 ans du Konpa<\/strong>, genre musical embl\u00e9matique du pays, fond\u00e9 en 1955 par\u00a0<strong>Nemours Jean-Baptiste<\/strong>.<\/p>\n\n\n\n<p>D\u00e8s les premi\u00e8res heures, les rues de P\u00e9tion-Ville ont vu affluer des centaines d\u2019Ha\u00eftiens, enfants sur les \u00e9paules, visages souriants. Tous convergent vers un seul lieu, un seul rythme : le Konpa. Malgr\u00e9 les craintes li\u00e9es \u00e0 l\u2019ins\u00e9curit\u00e9, la foule s\u2019est rassembl\u00e9e dans une ambiance de fraternit\u00e9 rare, comme pour affirmer haut et fort :\u00a0<em>la culture ne se rend pas<\/em>.<\/p>\n\n\n\n<p>Le concert a \u00e9t\u00e9 lanc\u00e9 par une prestation dynamique du groupe\u00a0Myst\u00e8reDivin, qui a donn\u00e9 le ton d\u2019une soir\u00e9e plac\u00e9e sous le signe de la communion populaire. L\u2019\u00e9v\u00e9nement, organis\u00e9 par\u00a0Handzup Group\u00a0avec le soutien des\u00a0minist\u00e8res du Tourisme, de la Culture et de la Communication, a offert au public une s\u00e9rie de performances \u00ab live \u00bb en plein air.<\/p>\n\n\n\n<p>Accompagn\u00e9 du\u00a0Groupe de Musiciens pour la Paix, Lionel Benjamin, a livr\u00e9 une performance empreinte de messages forts, appelant \u00e0 la solidarit\u00e9 nationale et au refus de la violence. D\u2019autres formations comme\u00a0Bon Jazz,\u00a0Chwam,\u00a0DC The Package\u00a0ont \u00e9galement su enflammer le public par leur ma\u00eetrise et leur authenticit\u00e9.<\/p>\n\n\n\n<p>C\u2019est\u00a0Roody Roodboy, l\u2019invit\u00e9 de marque de la soir\u00e9e, qui a eu l\u2019honneur de\u00a0cl\u00f4turer l\u2019\u00e9v\u00e9nement. Fid\u00e8le \u00e0 sa r\u00e9putation, il a \u00e9lectris\u00e9 la Place Boyer avec une prestation magistrale, faisant chanter et danser la foule jusqu\u2019aux derni\u00e8res notes.<\/p>\n\n\n\n<p>Les organisateurs,\u00a0Handzup Group, ont salu\u00e9 le soutien des\u00a0minist\u00e8res du Tourisme, de la Culture et de la Communication, qui ont permis la tenue de cet \u00e9v\u00e9nement exceptionnel. Pour eux, cette soir\u00e9e est plus qu\u2019un concert : c\u2019est une affirmation de vie, une c\u00e9l\u00e9bration de l\u2019identit\u00e9 ha\u00eftienne.<\/p>\n\n\n\n<p>Dans la foule, l\u2019\u00e9motion est palpable. On y croise\u00a0des enfants, des jeunes, des a\u00een\u00e9s, tous r\u00e9unis autour d\u2019un h\u00e9ritage commun. Certains dansent, d\u2019autres filment, d\u2019autres encore l\u00e8vent les bras vers le ciel, le sourire plein de fiert\u00e9. On entend des mots comme\u00a0<em>\u201cresp\u00e8 pou Nemours\u201d<\/em>.<\/p>\n\n\n\n<p>Sous les projecteurs, une dame ex\u00e9cute quelques pas de Konpa avec son fils. \u00c0 c\u00f4t\u00e9, un jeune couple se serre dans les bras. Plus loin, des vendeurs ambulants profitent de l\u2019affluence pour offrir des fritay et du clairin. C\u2019est toute la soci\u00e9t\u00e9 ha\u00eftienne qui s\u2019est donn\u00e9e rendez-vous ici, pour danser ensemble.<\/p>\n\n\n\n<p>Nemours Jean-Baptiste n\u2019\u00e9tait pas l\u00e0, mais son esprit planait. 70 ans apr\u00e8s l\u2019invention de son rythme chaloup\u00e9,\u00a0le Konpa demeure un acte de r\u00e9sistance joyeuse, une m\u00e9moire vivante, un lien entre les g\u00e9n\u00e9rations. \u00c0 travers les notes, Ha\u00efti s\u2019est racont\u00e9e, chant\u00e9e, pleur\u00e9e\u2026 et relev\u00e9e.<\/p>\n\n    <div class=\"xs_social_share_widget xs_share_url after_content \t\tmain_content  wslu-style-3 wslu-share-box-shaped wslu-fill-brand-hover-colored wslu-share-m-5 wslu-none wslu-share-horizontal wslu-theme-font-no wslu-main_content\">\n\n\t\t\n        <ul>\n\t\t\t                    <li class=\"xs-share-li twitter                        wslu-no-extra-data\">\n                        <a href=\"javascript:void(0);\"\n                           id=\"xs_feed_twitter\"\n                           onclick=\"xs_social_sharer(this);\"\n                           data-pid=\"3728\"\n                           data-uri_hash=\"147fbbba689aca5235dfdec635b77c06\"\n                           data-key=\"twitter\"\n                           data-xs-href=\"https:\/\/twitter.com\/intent\/tweet?text=Le+Konpa+a+70+ans+%3A+hommage+festif+%C3%A0+Nemours+Jean-Baptiste+%C3%A0+la+Place+Boyer+https%3A%2F%2Fvelipost.com%2Findex.php%3Frest_route%3D%252Fwp%252Fv2%252Fposts%252F3728&amp;original_referer=https%3A%2F%2Fvelipost.com%2Findex.php%3Frest_route%3D%252Fwp%252Fv2%252Fposts%252F3728&amp;related=xpeedstudio\">\n\n                            <div class=\"xs-social-icon\">\n                                <span class=\"met-social met-social-twitter\"><\/span>\n                            <\/div>\n\n\t\t\t\t\t\t\t\n                            <div class=\"wslu-hover-content\">\n                                <div class=\"xs-social-followers\">\n\t\t\t\t\t\t\t\t\t10                                <\/div>\n                                <div class=\"xs-social-follower-text\">\n\t\t\t\t\t\t\t\t\tShare                                <\/div>\n                                <div class=\"xs-social-follower-label\">\n\t\t\t\t\t\t\t\t\tTwitter                                <\/div>\n                            <\/div>\n                        <\/a>\n                    <\/li>\n\t\t\t\t\t                    <li class=\"xs-share-li telegram                        wslu-no-extra-data\">\n                        <a href=\"javascript:void(0);\"\n                           id=\"xs_feed_telegram\"\n                           onclick=\"xs_social_sharer(this);\"\n                           data-pid=\"3728\"\n                           data-uri_hash=\"147fbbba689aca5235dfdec635b77c06\"\n                           data-key=\"telegram\"\n                           data-xs-href=\"https:\/\/telegram.me\/share\/url?url=https%3A%2F%2Fvelipost.com%2Findex.php%3Frest_route%3D%252Fwp%252Fv2%252Fposts%252F3728&amp;text=Le+Konpa+a+70+ans+%3A+hommage+festif+%C3%A0+Nemours+Jean-Baptiste+%C3%A0+la+Place+Boyer\">\n\n                            <div class=\"xs-social-icon\">\n                                <span class=\"met-social met-social-telegram\"><\/span>\n                            <\/div>\n\n\t\t\t\t\t\t\t\n                            <div class=\"wslu-hover-content\">\n                                <div class=\"xs-social-followers\">\n\t\t\t\t\t\t\t\t\t0                                <\/div>\n                                <div class=\"xs-social-follower-text\">\n\t\t\t\t\t\t\t\t\tShare                                <\/div>\n                                <div class=\"xs-social-follower-label\">\n\t\t\t\t\t\t\t\t\tTelegram                                <\/div>\n                            <\/div>\n                        <\/a>\n                    <\/li>\n\t\t\t\t\t                    <li class=\"xs-share-li email                        wslu-no-extra-data\">\n                        <a href=\"javascript:void(0);\"\n                           id=\"xs_feed_email\"\n                           onclick=\"xs_social_sharer(this);\"\n                           data-pid=\"3728\"\n                           data-uri_hash=\"147fbbba689aca5235dfdec635b77c06\"\n                           data-key=\"email\"\n                           data-xs-href=\"mailto:?body=Title%3A+Le+Konpa+a+70+ans+%3A+hommage+festif+%C3%A0+Nemours+Jean-Baptiste+%C3%A0+la+Place+Boyer+%5Cn%5Cn+URL%3A+https%3A%2F%2Fvelipost.com%2Findex.php%3Frest_route%3D%252Fwp%252Fv2%252Fposts%252F3728&amp;subject=Le+Konpa+a+70+ans+%3A+hommage+festif+%C3%A0+Nemours+Jean-Baptiste+%C3%A0+la+Place+Boyer\">\n\n                            <div class=\"xs-social-icon\">\n                                <span class=\"met-social met-social-email\"><\/span>\n                            <\/div>\n\n\t\t\t\t\t\t\t\n                            <div class=\"wslu-hover-content\">\n                                <div class=\"xs-social-followers\">\n\t\t\t\t\t\t\t\t\t0                                <\/div>\n                                <div class=\"xs-social-follower-text\">\n\t\t\t\t\t\t\t\t\tShare                                <\/div>\n                                <div class=\"xs-social-follower-label\">\n\t\t\t\t\t\t\t\t\tEmail                                <\/div>\n                            <\/div>\n                        <\/a>\n                    <\/li>\n\t\t\t\t\t        <\/ul>\n    <\/div> \n","protected":false},"excerpt":{"rendered":"<p>Ce samedi 26 juillet 2025, la Place Boyer s\u2019est transform\u00e9e en un v\u00e9ritable carrefour de f\u00eate et de ferveur populaire.\u00a0. Au c\u0153ur d\u2019une Ha\u00efti<\/p>\n","protected":false},"author":1,"featured_media":3729,"comment_status":"open","ping_status":"open","sticky":false,"template":"","format":"standard","meta":{"_uag_custom_page_level_css":"","footnotes":"","jetpack_publicize_message":"","jetpack_publicize_feature_enabled":true,"jetpack_social_post_already_shared":false,"jetpack_social_options":{"image_generator_settings":{"template":"highway","default_image_id":0,"font":"","enabled":false},"version":2}},"categories":[54,189],"tags":[],"class_list":["post-3728","post","type-post","status-publish","format-standard","has-post-thumbnail","hentry","category-culture","category-musique"],"yoast_head":"<!-- This site is optimized with the Yoast SEO plugin v25.3.1 - https:\/\/yoast.com\/wordpress\/plugins\/seo\/ -->\n<title>Le Konpa a 70 ans : hommage festif \u00e0 Nemours Jean-Baptiste \u00e0 la Place Boyer &#8211; VeliPost<\/title>\n<meta name=\"robots\" content=\"index, follow, max-snippet:-1, max-image-preview:large, max-video-preview:-1\" \/>\n<link rel=\"canonical\" href=\"https:\/\/velipost.com\/?p=3728\" \/>\n<meta property=\"og:locale\" content=\"fr_FR\" \/>\n<meta property=\"og:type\" content=\"article\" \/>\n<meta property=\"og:title\" content=\"Le Konpa a 70 ans : hommage festif \u00e0 Nemours Jean-Baptiste \u00e0 la Place Boyer &#8211; VeliPost\" \/>\n<meta property=\"og:description\" content=\"Ce samedi 26 juillet 2025, la Place Boyer s\u2019est transform\u00e9e en un v\u00e9ritable carrefour de f\u00eate et de ferveur populaire.\u00a0. Au c\u0153ur d\u2019une Ha\u00efti\" \/>\n<meta property=\"og:url\" content=\"https:\/\/velipost.com\/?p=3728\" \/>\n<meta property=\"og:site_name\" content=\"VeliPost\" \/>\n<meta property=\"article:publisher\" content=\"https:\/\/www.facebook.com\/veliposthaiti\" \/>\n<meta property=\"article:published_time\" content=\"2025-07-27T15:36:10+00:00\" \/>\n<meta property=\"article:modified_time\" content=\"2025-07-27T15:36:12+00:00\" \/>\n<meta property=\"og:image\" content=\"https:\/\/velipost.com\/wp-content\/uploads\/2025\/07\/70-ans-konpa.jpg\" \/>\n\t<meta property=\"og:image:width\" content=\"1170\" \/>\n\t<meta property=\"og:image:height\" content=\"603\" \/>\n\t<meta property=\"og:image:type\" content=\"image\/jpeg\" \/>\n<meta name=\"author\" content=\"VeliPost\" \/>\n<meta name=\"twitter:card\" content=\"summary_large_image\" \/>\n<meta name=\"twitter:creator\" content=\"@veliposthaiti\" \/>\n<meta name=\"twitter:site\" content=\"@veliposthaiti\" \/>\n<meta name=\"twitter:label1\" content=\"\u00c9crit par\" \/>\n\t<meta name=\"twitter:data1\" content=\"VeliPost\" \/>\n\t<meta name=\"twitter:label2\" content=\"Dur\u00e9e de lecture estim\u00e9e\" \/>\n\t<meta name=\"twitter:data2\" content=\"3 minutes\" \/>\n<script type=\"application\/ld+json\" class=\"yoast-schema-graph\">{\"@context\":\"https:\/\/schema.org\",\"@graph\":[{\"@type\":\"Article\",\"@id\":\"https:\/\/velipost.com\/?p=3728#article\",\"isPartOf\":{\"@id\":\"https:\/\/velipost.com\/?p=3728\"},\"author\":{\"name\":\"VeliPost\",\"@id\":\"https:\/\/velipost.com\/#\/schema\/person\/32ff49a53c9c1bb24302ee8ece058096\"},\"headline\":\"Le Konpa a 70 ans : hommage festif \u00e0 Nemours Jean-Baptiste \u00e0 la Place Boyer\",\"datePublished\":\"2025-07-27T15:36:10+00:00\",\"dateModified\":\"2025-07-27T15:36:12+00:00\",\"mainEntityOfPage\":{\"@id\":\"https:\/\/velipost.com\/?p=3728\"},\"wordCount\":533,\"commentCount\":0,\"publisher\":{\"@id\":\"https:\/\/velipost.com\/#organization\"},\"image\":{\"@id\":\"https:\/\/velipost.com\/?p=3728#primaryimage\"},\"thumbnailUrl\":\"https:\/\/velipost.com\/wp-content\/uploads\/2025\/07\/70-ans-konpa.jpg\",\"articleSection\":[\"Culture\",\"Musique\"],\"inLanguage\":\"fr-FR\",\"potentialAction\":[{\"@type\":\"CommentAction\",\"name\":\"Comment\",\"target\":[\"https:\/\/velipost.com\/?p=3728#respond\"]}]},{\"@type\":\"WebPage\",\"@id\":\"https:\/\/velipost.com\/?p=3728\",\"url\":\"https:\/\/velipost.com\/?p=3728\",\"name\":\"Le Konpa a 70 ans : hommage festif \u00e0 Nemours Jean-Baptiste \u00e0 la Place Boyer &#8211; VeliPost\",\"isPartOf\":{\"@id\":\"https:\/\/velipost.com\/#website\"},\"primaryImageOfPage\":{\"@id\":\"https:\/\/velipost.com\/?p=3728#primaryimage\"},\"image\":{\"@id\":\"https:\/\/velipost.com\/?p=3728#primaryimage\"},\"thumbnailUrl\":\"https:\/\/velipost.com\/wp-content\/uploads\/2025\/07\/70-ans-konpa.jpg\",\"datePublished\":\"2025-07-27T15:36:10+00:00\",\"dateModified\":\"2025-07-27T15:36:12+00:00\",\"breadcrumb\":{\"@id\":\"https:\/\/velipost.com\/?p=3728#breadcrumb\"},\"inLanguage\":\"fr-FR\",\"potentialAction\":[{\"@type\":\"ReadAction\",\"target\":[\"https:\/\/velipost.com\/?p=3728\"]}]},{\"@type\":\"ImageObject\",\"inLanguage\":\"fr-FR\",\"@id\":\"https:\/\/velipost.com\/?p=3728#primaryimage\",\"url\":\"https:\/\/velipost.com\/wp-content\/uploads\/2025\/07\/70-ans-konpa.jpg\",\"contentUrl\":\"https:\/\/velipost.com\/wp-content\/uploads\/2025\/07\/70-ans-konpa.jpg\",\"width\":1170,\"height\":603},{\"@type\":\"BreadcrumbList\",\"@id\":\"https:\/\/velipost.com\/?p=3728#breadcrumb\",\"itemListElement\":[{\"@type\":\"ListItem\",\"position\":1,\"name\":\"Accueil\",\"item\":\"https:\/\/velipost.com\/\"},{\"@type\":\"ListItem\",\"position\":2,\"name\":\"Le Konpa a 70 ans : hommage festif \u00e0 Nemours Jean-Baptiste \u00e0 la Place Boyer\"}]},{\"@type\":\"WebSite\",\"@id\":\"https:\/\/velipost.com\/#website\",\"url\":\"https:\/\/velipost.com\/\",\"name\":\"VeliPost\",\"description\":\"L\u2019info en un clic\",\"publisher\":{\"@id\":\"https:\/\/velipost.com\/#organization\"},\"potentialAction\":[{\"@type\":\"SearchAction\",\"target\":{\"@type\":\"EntryPoint\",\"urlTemplate\":\"https:\/\/velipost.com\/?s={search_term_string}\"},\"query-input\":{\"@type\":\"PropertyValueSpecification\",\"valueRequired\":true,\"valueName\":\"search_term_string\"}}],\"inLanguage\":\"fr-FR\"},{\"@type\":\"Organization\",\"@id\":\"https:\/\/velipost.com\/#organization\",\"name\":\"VeliPost\",\"url\":\"https:\/\/velipost.com\/\",\"logo\":{\"@type\":\"ImageObject\",\"inLanguage\":\"fr-FR\",\"@id\":\"https:\/\/velipost.com\/#\/schema\/logo\/image\/\",\"url\":\"https:\/\/velipost.com\/wp-content\/uploads\/2024\/08\/cropped-VP-logo-piti.png\",\"contentUrl\":\"https:\/\/velipost.com\/wp-content\/uploads\/2024\/08\/cropped-VP-logo-piti.png\",\"width\":201,\"height\":69,\"caption\":\"VeliPost\"},\"image\":{\"@id\":\"https:\/\/velipost.com\/#\/schema\/logo\/image\/\"},\"sameAs\":[\"https:\/\/www.facebook.com\/veliposthaiti\",\"https:\/\/x.com\/veliposthaiti\",\"https:\/\/www.instagram.com\/veliposthaiti\"]},{\"@type\":\"Person\",\"@id\":\"https:\/\/velipost.com\/#\/schema\/person\/32ff49a53c9c1bb24302ee8ece058096\",\"name\":\"VeliPost\",\"image\":{\"@type\":\"ImageObject\",\"inLanguage\":\"fr-FR\",\"@id\":\"https:\/\/velipost.com\/#\/schema\/person\/image\/\",\"url\":\"https:\/\/secure.gravatar.com\/avatar\/57c226c264de62f794185a89596d4a37b85a5ad20aca30d9d5a478b27d8c8d9d?s=96&d=mm&r=g\",\"contentUrl\":\"https:\/\/secure.gravatar.com\/avatar\/57c226c264de62f794185a89596d4a37b85a5ad20aca30d9d5a478b27d8c8d9d?s=96&d=mm&r=g\",\"caption\":\"VeliPost\"},\"sameAs\":[\"https:\/\/velipost.com\"],\"url\":\"https:\/\/velipost.com\/?author=1\"}]}<\/script>\n<!-- \/ Yoast SEO plugin. -->","yoast_head_json":{"title":"Le Konpa a 70 ans : hommage festif \u00e0 Nemours Jean-Baptiste \u00e0 la Place Boyer &#8211; VeliPost","robots":{"index":"index","follow":"follow","max-snippet":"max-snippet:-1","max-image-preview":"max-image-preview:large","max-video-preview":"max-video-preview:-1"},"canonical":"https:\/\/velipost.com\/?p=3728","og_locale":"fr_FR","og_type":"article","og_title":"Le Konpa a 70 ans : hommage festif \u00e0 Nemours Jean-Baptiste \u00e0 la Place Boyer &#8211; VeliPost","og_description":"Ce samedi 26 juillet 2025, la Place Boyer s\u2019est transform\u00e9e en un v\u00e9ritable carrefour de f\u00eate et de ferveur populaire.\u00a0. Au c\u0153ur d\u2019une Ha\u00efti","og_url":"https:\/\/velipost.com\/?p=3728","og_site_name":"VeliPost","article_publisher":"https:\/\/www.facebook.com\/veliposthaiti","article_published_time":"2025-07-27T15:36:10+00:00","article_modified_time":"2025-07-27T15:36:12+00:00","og_image":[{"width":1170,"height":603,"url":"https:\/\/velipost.com\/wp-content\/uploads\/2025\/07\/70-ans-konpa.jpg","type":"image\/jpeg"}],"author":"VeliPost","twitter_card":"summary_large_image","twitter_creator":"@veliposthaiti","twitter_site":"@veliposthaiti","twitter_misc":{"\u00c9crit par":"VeliPost","Dur\u00e9e de lecture estim\u00e9e":"3 minutes"},"schema":{"@context":"https:\/\/schema.org","@graph":[{"@type":"Article","@id":"https:\/\/velipost.com\/?p=3728#article","isPartOf":{"@id":"https:\/\/velipost.com\/?p=3728"},"author":{"name":"VeliPost","@id":"https:\/\/velipost.com\/#\/schema\/person\/32ff49a53c9c1bb24302ee8ece058096"},"headline":"Le Konpa a 70 ans : hommage festif \u00e0 Nemours Jean-Baptiste \u00e0 la Place Boyer","datePublished":"2025-07-27T15:36:10+00:00","dateModified":"2025-07-27T15:36:12+00:00","mainEntityOfPage":{"@id":"https:\/\/velipost.com\/?p=3728"},"wordCount":533,"commentCount":0,"publisher":{"@id":"https:\/\/velipost.com\/#organization"},"image":{"@id":"https:\/\/velipost.com\/?p=3728#primaryimage"},"thumbnailUrl":"https:\/\/velipost.com\/wp-content\/uploads\/2025\/07\/70-ans-konpa.jpg","articleSection":["Culture","Musique"],"inLanguage":"fr-FR","potentialAction":[{"@type":"CommentAction","name":"Comment","target":["https:\/\/velipost.com\/?p=3728#respond"]}]},{"@type":"WebPage","@id":"https:\/\/velipost.com\/?p=3728","url":"https:\/\/velipost.com\/?p=3728","name":"Le Konpa a 70 ans : hommage festif \u00e0 Nemours Jean-Baptiste \u00e0 la Place Boyer &#8211; VeliPost","isPartOf":{"@id":"https:\/\/velipost.com\/#website"},"primaryImageOfPage":{"@id":"https:\/\/velipost.com\/?p=3728#primaryimage"},"image":{"@id":"https:\/\/velipost.com\/?p=3728#primaryimage"},"thumbnailUrl":"https:\/\/velipost.com\/wp-content\/uploads\/2025\/07\/70-ans-konpa.jpg","datePublished":"2025-07-27T15:36:10+00:00","dateModified":"2025-07-27T15:36:12+00:00","breadcrumb":{"@id":"https:\/\/velipost.com\/?p=3728#breadcrumb"},"inLanguage":"fr-FR","potentialAction":[{"@type":"ReadAction","target":["https:\/\/velipost.com\/?p=3728"]}]},{"@type":"ImageObject","inLanguage":"fr-FR","@id":"https:\/\/velipost.com\/?p=3728#primaryimage","url":"https:\/\/velipost.com\/wp-content\/uploads\/2025\/07\/70-ans-konpa.jpg","contentUrl":"https:\/\/velipost.com\/wp-content\/uploads\/2025\/07\/70-ans-konpa.jpg","width":1170,"height":603},{"@type":"BreadcrumbList","@id":"https:\/\/velipost.com\/?p=3728#breadcrumb","itemListElement":[{"@type":"ListItem","position":1,"name":"Accueil","item":"https:\/\/velipost.com\/"},{"@type":"ListItem","position":2,"name":"Le Konpa a 70 ans : hommage festif \u00e0 Nemours Jean-Baptiste \u00e0 la Place Boyer"}]},{"@type":"WebSite","@id":"https:\/\/velipost.com\/#website","url":"https:\/\/velipost.com\/","name":"VeliPost","description":"L\u2019info en un clic","publisher":{"@id":"https:\/\/velipost.com\/#organization"},"potentialAction":[{"@type":"SearchAction","target":{"@type":"EntryPoint","urlTemplate":"https:\/\/velipost.com\/?s={search_term_string}"},"query-input":{"@type":"PropertyValueSpecification","valueRequired":true,"valueName":"search_term_string"}}],"inLanguage":"fr-FR"},{"@type":"Organization","@id":"https:\/\/velipost.com\/#organization","name":"VeliPost","url":"https:\/\/velipost.com\/","logo":{"@type":"ImageObject","inLanguage":"fr-FR","@id":"https:\/\/velipost.com\/#\/schema\/logo\/image\/","url":"https:\/\/velipost.com\/wp-content\/uploads\/2024\/08\/cropped-VP-logo-piti.png","contentUrl":"https:\/\/velipost.com\/wp-content\/uploads\/2024\/08\/cropped-VP-logo-piti.png","width":201,"height":69,"caption":"VeliPost"},"image":{"@id":"https:\/\/velipost.com\/#\/schema\/logo\/image\/"},"sameAs":["https:\/\/www.facebook.com\/veliposthaiti","https:\/\/x.com\/veliposthaiti","https:\/\/www.instagram.com\/veliposthaiti"]},{"@type":"Person","@id":"https:\/\/velipost.com\/#\/schema\/person\/32ff49a53c9c1bb24302ee8ece058096","name":"VeliPost","image":{"@type":"ImageObject","inLanguage":"fr-FR","@id":"https:\/\/velipost.com\/#\/schema\/person\/image\/","url":"https:\/\/secure.gravatar.com\/avatar\/57c226c264de62f794185a89596d4a37b85a5ad20aca30d9d5a478b27d8c8d9d?s=96&d=mm&r=g","contentUrl":"https:\/\/secure.gravatar.com\/avatar\/57c226c264de62f794185a89596d4a37b85a5ad20aca30d9d5a478b27d8c8d9d?s=96&d=mm&r=g","caption":"VeliPost"},"sameAs":["https:\/\/velipost.com"],"url":"https:\/\/velipost.com\/?author=1"}]}},"views":1,"jetpack_publicize_connections":[],"uagb_featured_image_src":{"full":["https:\/\/velipost.com\/wp-content\/uploads\/2025\/07\/70-ans-konpa.jpg",1170,603,false],"thumbnail":["https:\/\/velipost.com\/wp-content\/uploads\/2025\/07\/70-ans-konpa-150x150.jpg",150,150,true],"medium":["https:\/\/velipost.com\/wp-content\/uploads\/2025\/07\/70-ans-konpa-300x155.jpg",300,155,true],"medium_large":["https:\/\/velipost.com\/wp-content\/uploads\/2025\/07\/70-ans-konpa-768x396.jpg",715,369,true],"large":["https:\/\/velipost.com\/wp-content\/uploads\/2025\/07\/70-ans-konpa-1024x528.jpg",715,369,true],"1536x1536":["https:\/\/velipost.com\/wp-content\/uploads\/2025\/07\/70-ans-konpa.jpg",1170,603,false],"2048x2048":["https:\/\/velipost.com\/wp-content\/uploads\/2025\/07\/70-ans-konpa.jpg",1170,603,false],"colornews-big-slider":["https:\/\/velipost.com\/wp-content\/uploads\/2025\/07\/70-ans-konpa-1070x470.jpg",1070,470,true],"colornews-big-slider-thumb":["https:\/\/velipost.com\/wp-content\/uploads\/2025\/07\/70-ans-konpa-184x109.jpg",184,109,true],"colornews-featured-post-medium":["https:\/\/velipost.com\/wp-content\/uploads\/2025\/07\/70-ans-konpa-345x265.jpg",345,265,true],"colornews-featured-post-small":["https:\/\/velipost.com\/wp-content\/uploads\/2025\/07\/70-ans-konpa-115x73.jpg",115,73,true],"colornews-random-posts":["https:\/\/velipost.com\/wp-content\/uploads\/2025\/07\/70-ans-konpa-215x215.jpg",215,215,true],"colornews-featured-image":["https:\/\/velipost.com\/wp-content\/uploads\/2025\/07\/70-ans-konpa-715x400.jpg",715,400,true],"mailpoet_newsletter_max":["https:\/\/velipost.com\/wp-content\/uploads\/2025\/07\/70-ans-konpa.jpg",1170,603,false]},"uagb_author_info":{"display_name":"VeliPost","author_link":"https:\/\/velipost.com\/?author=1"},"uagb_comment_info":0,"uagb_excerpt":"Ce samedi 26 juillet 2025, la Place Boyer s\u2019est transform\u00e9e en un v\u00e9ritable carrefour de f\u00eate et de ferveur populaire.\u00a0. Au c\u0153ur d\u2019une Ha\u00efti","_links":{"self":[{"href":"https:\/\/velipost.com\/index.php?rest_route=\/wp\/v2\/posts\/3728","targetHints":{"allow":["GET"]}}],"collection":[{"href":"https:\/\/velipost.com\/index.php?rest_route=\/wp\/v2\/posts"}],"about":[{"href":"https:\/\/velipost.com\/index.php?rest_route=\/wp\/v2\/types\/post"}],"author":[{"embeddable":true,"href":"https:\/\/velipost.com\/index.php?rest_route=\/wp\/v2\/users\/1"}],"replies":[{"embeddable":true,"href":"https:\/\/velipost.com\/index.php?rest_route=%2Fwp%2Fv2%2Fcomments&post=3728"}],"version-history":[{"count":1,"href":"https:\/\/velipost.com\/index.php?rest_route=\/wp\/v2\/posts\/3728\/revisions"}],"predecessor-version":[{"id":3730,"href":"https:\/\/velipost.com\/index.php?rest_route=\/wp\/v2\/posts\/3728\/revisions\/3730"}],"wp:featuredmedia":[{"embeddable":true,"href":"https:\/\/velipost.com\/index.php?rest_route=\/wp\/v2\/media\/3729"}],"wp:attachment":[{"href":"https:\/\/velipost.com\/index.php?rest_route=%2Fwp%2Fv2%2Fmedia&parent=3728"}],"wp:term":[{"taxonomy":"category","embeddable":true,"href":"https:\/\/velipost.com\/index.php?rest_route=%2Fwp%2Fv2%2Fcategories&post=3728"},{"taxonomy":"post_tag","embeddable":true,"href":"https:\/\/velipost.com\/index.php?rest_route=%2Fwp%2Fv2%2Ftags&post=3728"}],"curies":[{"name":"wp","href":"https:\/\/api.w.org\/{rel}","templated":true}]}}