{"id":3721,"date":"2025-07-25T20:56:25","date_gmt":"2025-07-25T18:56:25","guid":{"rendered":"https:\/\/velipost.com\/?p=3721"},"modified":"2025-07-25T20:56:27","modified_gmt":"2025-07-25T18:56:27","slug":"haiti-etats-unis-joverlein-moise-interpelle-marco-rubio-sur-limpunite-entourant-lassassinat-de-son-pere","status":"publish","type":"post","link":"https:\/\/velipost.com\/?p=3721","title":{"rendered":"Ha\u00efti\u2013\u00c9tats-Unis : Joverlein Mo\u00efse interpelle Marco Rubio sur l\u2019impunit\u00e9 entourant l\u2019assassinat de son p\u00e8re"},"content":{"rendered":"\n<p>Dans une correspondance poignante rendue publique ce jeudi 25 juillet 2025, Joverlein Mo\u00efse, fils du d\u00e9funt pr\u00e9sident ha\u00eftien Jovenel Mo\u00efse, interpelle directement l\u2019actuel secr\u00e9taire d\u2019\u00c9tat des \u00c9tats-Unis, Marco Rubio. Il y d\u00e9nonce l\u2019impunit\u00e9 persistante entourant l\u2019assassinat de son p\u00e8re survenu le 7 juillet 2021 et exhorte Washington \u00e0 faire preuve de responsabilit\u00e9 historique et morale face \u00e0 ce drame.<\/p>\n\n\n\n<p>\u00ab Cet acte ignoble a tu\u00e9 un pr\u00e9sident, mais pas l\u2019espoir, ni la dignit\u00e9 que Jovenel Mo\u00efse incarnait pour son peuple \u00bb, \u00e9crit-il, rappelant la symbolique de cet assassinat dans l\u2019effondrement de l\u2019\u00c9tat ha\u00eftien. Il en appelle \u00e0 la solidarit\u00e9 am\u00e9ricaine, tout en pointant du doigt la pr\u00e9sence sur le sol am\u00e9ricain de certains individus soup\u00e7onn\u00e9s d\u2019avoir particip\u00e9 \u00e0 l\u2019assassinat ou \u00e0 son financement.<\/p>\n\n\n\n<p>Joverlein Mo\u00efse salue les arrestations d\u00e9j\u00e0 op\u00e9r\u00e9es par la justice am\u00e9ricaine dans le cadre de l\u2019enqu\u00eate, mais s\u2019\u00e9tonne que d\u2019autres suspects \u00ab jouissent encore de la protection de votre territoire, sans jamais \u00eatre inqui\u00e9t\u00e9s \u00bb. Selon lui, ces individus font partie d\u2019un r\u00e9seau d\u2019oligarques ha\u00eftiens, impliqu\u00e9s de longue date dans le financement d\u2019activit\u00e9s d\u00e9stabilisatrices en Ha\u00efti : coups d\u2019\u00c9tat, ins\u00e9curit\u00e9 chronique, corruption, et d\u00e9sormais, l\u2019assassinat d\u2019un chef d\u2019\u00c9tat en exercice.<\/p>\n\n\n\n<p>Il estime que l\u2019extradition \u00e9ventuelle de ces figures vers un pays au syst\u00e8me judiciaire affaibli \u2013 comme Ha\u00efti aujourd\u2019hui \u2013 serait \u00ab un acte d\u2019irresponsabilit\u00e9 flagrante \u00bb, d\u00e9non\u00e7ant un appareil judiciaire local \u00ab d\u00e9mantel\u00e9 par ceux qu\u2019il devrait juger \u00bb.<\/p>\n\n\n\n<p>Insistant sur le caract\u00e8re moral et non partisan de sa d\u00e9marche, Joverlein Mo\u00efse affirme que sa lettre \u00ab n\u2019est pas un appel \u00e0 l\u2019ing\u00e9rence, mais \u00e0 la d\u00e9cence, \u00e0 la justice \u00bb. Il invite les \u00c9tats-Unis \u00e0 se positionner clairement aux c\u00f4t\u00e9s de la jeunesse ha\u00eftienne, qui, dit-il, refuse de c\u00e9der \u00e0 la fatalit\u00e9.<\/p>\n\n\n\n<p>Il rappelle \u00e9galement l\u2019importance historique du lien entre Ha\u00efti et les \u00c9tats-Unis, deux r\u00e9publiques issues de la lutte pour l\u2019ind\u00e9pendance, et sugg\u00e8re qu\u2019une r\u00e9ponse forte \u00e0 ce crime d\u2019\u00c9tat renforcerait la cr\u00e9dibilit\u00e9 de la d\u00e9mocratie dans l\u2019h\u00e9misph\u00e8re.<\/p>\n\n\n\n<p>Alors que plusieurs suspects \u2013 dont des ressortissants colombiens, ha\u00eftiens et ha\u00eftiano-am\u00e9ricains \u2013 sont poursuivis aux \u00c9tats-Unis dans le cadre de l\u2019enqu\u00eate f\u00e9d\u00e9rale, ce plaidoyer remet en lumi\u00e8re la question de l\u2019implication pr\u00e9sum\u00e9e de figures \u00e9conomiques ha\u00eftiennes influentes, jusque-l\u00e0 intouchables.<\/p>\n\n\n\n<p>Joverlein Mo\u00efse conclut sa lettre avec gravit\u00e9 mais espoir : \u00ab Ha\u00efti aspire \u00e0 se relever avec dignit\u00e9. Mais elle ne le pourra qu\u2019avec du temps, de la paix, des alli\u00e9s fid\u00e8les, et une justice effective. \u00bb<\/p>\n\n\n\n<div class=\"wp-block-uagb-image uagb-block-7efd4818 wp-block-uagb-image--layout-default wp-block-uagb-image--effect-static wp-block-uagb-image--align-none\"><figure class=\"wp-block-uagb-image__figure\"><a class=\"\" href=\"https:\/\/velipost.com\/wp-content\/uploads\/2025\/07\/Joverlain-Rubio-lettre.jpg\" target=\"\" rel=\"noopener\"><img loading=\"lazy\" decoding=\"async\" srcset=\"https:\/\/velipost.com\/wp-content\/uploads\/2025\/07\/Joverlain-Rubio-lettre-1024x528.jpg ,https:\/\/velipost.com\/wp-content\/uploads\/2025\/07\/Joverlain-Rubio-lettre.jpg 780w, https:\/\/velipost.com\/wp-content\/uploads\/2025\/07\/Joverlain-Rubio-lettre.jpg 360w\" sizes=\"auto, (max-width: 480px) 150px\" src=\"https:\/\/velipost.com\/wp-content\/uploads\/2025\/07\/Joverlain-Rubio-lettre-1024x528.jpg\" alt=\"\" class=\"uag-image-3723\" width=\"1170\" height=\"603\" title=\"Joverlain Rubio lettre\" loading=\"lazy\" role=\"img\"\/><\/a><\/figure><\/div>\n\n    <div class=\"xs_social_share_widget xs_share_url after_content \t\tmain_content  wslu-style-3 wslu-share-box-shaped wslu-fill-brand-hover-colored wslu-share-m-5 wslu-none wslu-share-horizontal wslu-theme-font-no wslu-main_content\">\n\n\t\t\n        <ul>\n\t\t\t                    <li class=\"xs-share-li twitter                        wslu-no-extra-data\">\n                        <a href=\"javascript:void(0);\"\n                           id=\"xs_feed_twitter\"\n                           onclick=\"xs_social_sharer(this);\"\n                           data-pid=\"3721\"\n                           data-uri_hash=\"2a449dff3d480e87304de0a449b99c30\"\n                           data-key=\"twitter\"\n                           data-xs-href=\"https:\/\/twitter.com\/intent\/tweet?text=Ha%C3%AFti%E2%80%93%C3%89tats-Unis+%3A+Joverlein+Mo%C3%AFse+interpelle+Marco+Rubio+sur+l%E2%80%99impunit%C3%A9+entourant+l%E2%80%99assassinat+de+son+p%C3%A8re+https%3A%2F%2Fvelipost.com%2Findex.php%3Frest_route%3D%252Fwp%252Fv2%252Fposts%252F3721&amp;original_referer=https%3A%2F%2Fvelipost.com%2Findex.php%3Frest_route%3D%252Fwp%252Fv2%252Fposts%252F3721&amp;related=xpeedstudio\">\n\n                            <div class=\"xs-social-icon\">\n                                <span class=\"met-social met-social-twitter\"><\/span>\n                            <\/div>\n\n\t\t\t\t\t\t\t\n                            <div class=\"wslu-hover-content\">\n                                <div class=\"xs-social-followers\">\n\t\t\t\t\t\t\t\t\t10                                <\/div>\n                                <div class=\"xs-social-follower-text\">\n\t\t\t\t\t\t\t\t\tShare                                <\/div>\n                                <div class=\"xs-social-follower-label\">\n\t\t\t\t\t\t\t\t\tTwitter                                <\/div>\n                            <\/div>\n                        <\/a>\n                    <\/li>\n\t\t\t\t\t                    <li class=\"xs-share-li telegram                        wslu-no-extra-data\">\n                        <a href=\"javascript:void(0);\"\n                           id=\"xs_feed_telegram\"\n                           onclick=\"xs_social_sharer(this);\"\n                           data-pid=\"3721\"\n                           data-uri_hash=\"2a449dff3d480e87304de0a449b99c30\"\n                           data-key=\"telegram\"\n                           data-xs-href=\"https:\/\/telegram.me\/share\/url?url=https%3A%2F%2Fvelipost.com%2Findex.php%3Frest_route%3D%252Fwp%252Fv2%252Fposts%252F3721&amp;text=Ha%C3%AFti%E2%80%93%C3%89tats-Unis+%3A+Joverlein+Mo%C3%AFse+interpelle+Marco+Rubio+sur+l%E2%80%99impunit%C3%A9+entourant+l%E2%80%99assassinat+de+son+p%C3%A8re\">\n\n                            <div class=\"xs-social-icon\">\n                                <span class=\"met-social met-social-telegram\"><\/span>\n                            <\/div>\n\n\t\t\t\t\t\t\t\n                            <div class=\"wslu-hover-content\">\n                                <div class=\"xs-social-followers\">\n\t\t\t\t\t\t\t\t\t0                                <\/div>\n                                <div class=\"xs-social-follower-text\">\n\t\t\t\t\t\t\t\t\tShare                                <\/div>\n                                <div class=\"xs-social-follower-label\">\n\t\t\t\t\t\t\t\t\tTelegram                                <\/div>\n                            <\/div>\n                        <\/a>\n                    <\/li>\n\t\t\t\t\t                    <li class=\"xs-share-li email                        wslu-no-extra-data\">\n                        <a href=\"javascript:void(0);\"\n                           id=\"xs_feed_email\"\n                           onclick=\"xs_social_sharer(this);\"\n                           data-pid=\"3721\"\n                           data-uri_hash=\"2a449dff3d480e87304de0a449b99c30\"\n                           data-key=\"email\"\n                           data-xs-href=\"mailto:?body=Title%3A+Ha%C3%AFti%E2%80%93%C3%89tats-Unis+%3A+Joverlein+Mo%C3%AFse+interpelle+Marco+Rubio+sur+l%E2%80%99impunit%C3%A9+entourant+l%E2%80%99assassinat+de+son+p%C3%A8re+%5Cn%5Cn+URL%3A+https%3A%2F%2Fvelipost.com%2Findex.php%3Frest_route%3D%252Fwp%252Fv2%252Fposts%252F3721&amp;subject=Ha%C3%AFti%E2%80%93%C3%89tats-Unis+%3A+Joverlein+Mo%C3%AFse+interpelle+Marco+Rubio+sur+l%E2%80%99impunit%C3%A9+entourant+l%E2%80%99assassinat+de+son+p%C3%A8re\">\n\n                            <div class=\"xs-social-icon\">\n                                <span class=\"met-social met-social-email\"><\/span>\n                            <\/div>\n\n\t\t\t\t\t\t\t\n                            <div class=\"wslu-hover-content\">\n                                <div class=\"xs-social-followers\">\n\t\t\t\t\t\t\t\t\t0                                <\/div>\n                                <div class=\"xs-social-follower-text\">\n\t\t\t\t\t\t\t\t\tShare                                <\/div>\n                                <div class=\"xs-social-follower-label\">\n\t\t\t\t\t\t\t\t\tEmail                                <\/div>\n                            <\/div>\n                        <\/a>\n                    <\/li>\n\t\t\t\t\t        <\/ul>\n    <\/div> \n","protected":false},"excerpt":{"rendered":"<p>Dans une correspondance poignante rendue publique ce jeudi 25 juillet 2025, Joverlein Mo\u00efse, fils du d\u00e9funt pr\u00e9sident ha\u00eftien Jovenel Mo\u00efse, interpelle directement l\u2019actuel secr\u00e9taire<\/p>\n","protected":false},"author":1,"featured_media":3722,"comment_status":"open","ping_status":"open","sticky":false,"template":"","format":"standard","meta":{"_uag_custom_page_level_css":"","footnotes":"","jetpack_publicize_message":"","jetpack_publicize_feature_enabled":true,"jetpack_social_post_already_shared":false,"jetpack_social_options":{"image_generator_settings":{"template":"highway","default_image_id":0,"font":"","enabled":false},"version":2}},"categories":[259],"tags":[],"class_list":["post-3721","post","type-post","status-publish","format-standard","has-post-thumbnail","hentry","category-justice"],"yoast_head":"<!-- This site is optimized with the Yoast SEO plugin v25.3.1 - https:\/\/yoast.com\/wordpress\/plugins\/seo\/ -->\n<title>Ha\u00efti\u2013\u00c9tats-Unis : Joverlein Mo\u00efse interpelle Marco Rubio sur l\u2019impunit\u00e9 entourant l\u2019assassinat de son p\u00e8re &#8211; VeliPost<\/title>\n<meta name=\"robots\" content=\"index, follow, max-snippet:-1, max-image-preview:large, max-video-preview:-1\" \/>\n<link rel=\"canonical\" href=\"https:\/\/velipost.com\/?p=3721\" \/>\n<meta property=\"og:locale\" content=\"fr_FR\" \/>\n<meta property=\"og:type\" content=\"article\" \/>\n<meta property=\"og:title\" content=\"Ha\u00efti\u2013\u00c9tats-Unis : Joverlein Mo\u00efse interpelle Marco Rubio sur l\u2019impunit\u00e9 entourant l\u2019assassinat de son p\u00e8re &#8211; VeliPost\" \/>\n<meta property=\"og:description\" content=\"Dans une correspondance poignante rendue publique ce jeudi 25 juillet 2025, Joverlein Mo\u00efse, fils du d\u00e9funt pr\u00e9sident ha\u00eftien Jovenel Mo\u00efse, interpelle directement l\u2019actuel secr\u00e9taire\" \/>\n<meta property=\"og:url\" content=\"https:\/\/velipost.com\/?p=3721\" \/>\n<meta property=\"og:site_name\" content=\"VeliPost\" \/>\n<meta property=\"article:publisher\" content=\"https:\/\/www.facebook.com\/veliposthaiti\" \/>\n<meta property=\"article:published_time\" content=\"2025-07-25T18:56:25+00:00\" \/>\n<meta property=\"article:modified_time\" content=\"2025-07-25T18:56:27+00:00\" \/>\n<meta property=\"og:image\" content=\"https:\/\/velipost.com\/wp-content\/uploads\/2025\/07\/Joverlain-Rubio.jpg\" \/>\n\t<meta property=\"og:image:width\" content=\"1170\" \/>\n\t<meta property=\"og:image:height\" content=\"603\" \/>\n\t<meta property=\"og:image:type\" content=\"image\/jpeg\" \/>\n<meta name=\"author\" content=\"VeliPost\" \/>\n<meta name=\"twitter:card\" content=\"summary_large_image\" \/>\n<meta name=\"twitter:creator\" content=\"@veliposthaiti\" \/>\n<meta name=\"twitter:site\" content=\"@veliposthaiti\" \/>\n<meta name=\"twitter:label1\" content=\"\u00c9crit par\" \/>\n\t<meta name=\"twitter:data1\" content=\"VeliPost\" \/>\n\t<meta name=\"twitter:label2\" content=\"Dur\u00e9e de lecture estim\u00e9e\" \/>\n\t<meta name=\"twitter:data2\" content=\"3 minutes\" \/>\n<script type=\"application\/ld+json\" class=\"yoast-schema-graph\">{\"@context\":\"https:\/\/schema.org\",\"@graph\":[{\"@type\":\"Article\",\"@id\":\"https:\/\/velipost.com\/?p=3721#article\",\"isPartOf\":{\"@id\":\"https:\/\/velipost.com\/?p=3721\"},\"author\":{\"name\":\"VeliPost\",\"@id\":\"https:\/\/velipost.com\/#\/schema\/person\/32ff49a53c9c1bb24302ee8ece058096\"},\"headline\":\"Ha\u00efti\u2013\u00c9tats-Unis : Joverlein Mo\u00efse interpelle Marco Rubio sur l\u2019impunit\u00e9 entourant l\u2019assassinat de son p\u00e8re\",\"datePublished\":\"2025-07-25T18:56:25+00:00\",\"dateModified\":\"2025-07-25T18:56:27+00:00\",\"mainEntityOfPage\":{\"@id\":\"https:\/\/velipost.com\/?p=3721\"},\"wordCount\":488,\"commentCount\":0,\"publisher\":{\"@id\":\"https:\/\/velipost.com\/#organization\"},\"image\":{\"@id\":\"https:\/\/velipost.com\/?p=3721#primaryimage\"},\"thumbnailUrl\":\"https:\/\/velipost.com\/wp-content\/uploads\/2025\/07\/Joverlain-Rubio.jpg\",\"articleSection\":[\"Justice\"],\"inLanguage\":\"fr-FR\",\"potentialAction\":[{\"@type\":\"CommentAction\",\"name\":\"Comment\",\"target\":[\"https:\/\/velipost.com\/?p=3721#respond\"]}]},{\"@type\":\"WebPage\",\"@id\":\"https:\/\/velipost.com\/?p=3721\",\"url\":\"https:\/\/velipost.com\/?p=3721\",\"name\":\"Ha\u00efti\u2013\u00c9tats-Unis : Joverlein Mo\u00efse interpelle Marco Rubio sur l\u2019impunit\u00e9 entourant l\u2019assassinat de son p\u00e8re &#8211; VeliPost\",\"isPartOf\":{\"@id\":\"https:\/\/velipost.com\/#website\"},\"primaryImageOfPage\":{\"@id\":\"https:\/\/velipost.com\/?p=3721#primaryimage\"},\"image\":{\"@id\":\"https:\/\/velipost.com\/?p=3721#primaryimage\"},\"thumbnailUrl\":\"https:\/\/velipost.com\/wp-content\/uploads\/2025\/07\/Joverlain-Rubio.jpg\",\"datePublished\":\"2025-07-25T18:56:25+00:00\",\"dateModified\":\"2025-07-25T18:56:27+00:00\",\"breadcrumb\":{\"@id\":\"https:\/\/velipost.com\/?p=3721#breadcrumb\"},\"inLanguage\":\"fr-FR\",\"potentialAction\":[{\"@type\":\"ReadAction\",\"target\":[\"https:\/\/velipost.com\/?p=3721\"]}]},{\"@type\":\"ImageObject\",\"inLanguage\":\"fr-FR\",\"@id\":\"https:\/\/velipost.com\/?p=3721#primaryimage\",\"url\":\"https:\/\/velipost.com\/wp-content\/uploads\/2025\/07\/Joverlain-Rubio.jpg\",\"contentUrl\":\"https:\/\/velipost.com\/wp-content\/uploads\/2025\/07\/Joverlain-Rubio.jpg\",\"width\":1170,\"height\":603},{\"@type\":\"BreadcrumbList\",\"@id\":\"https:\/\/velipost.com\/?p=3721#breadcrumb\",\"itemListElement\":[{\"@type\":\"ListItem\",\"position\":1,\"name\":\"Accueil\",\"item\":\"https:\/\/velipost.com\/\"},{\"@type\":\"ListItem\",\"position\":2,\"name\":\"Ha\u00efti\u2013\u00c9tats-Unis : Joverlein Mo\u00efse interpelle Marco Rubio sur l\u2019impunit\u00e9 entourant l\u2019assassinat de son p\u00e8re\"}]},{\"@type\":\"WebSite\",\"@id\":\"https:\/\/velipost.com\/#website\",\"url\":\"https:\/\/velipost.com\/\",\"name\":\"VeliPost\",\"description\":\"L\u2019info en un clic\",\"publisher\":{\"@id\":\"https:\/\/velipost.com\/#organization\"},\"potentialAction\":[{\"@type\":\"SearchAction\",\"target\":{\"@type\":\"EntryPoint\",\"urlTemplate\":\"https:\/\/velipost.com\/?s={search_term_string}\"},\"query-input\":{\"@type\":\"PropertyValueSpecification\",\"valueRequired\":true,\"valueName\":\"search_term_string\"}}],\"inLanguage\":\"fr-FR\"},{\"@type\":\"Organization\",\"@id\":\"https:\/\/velipost.com\/#organization\",\"name\":\"VeliPost\",\"url\":\"https:\/\/velipost.com\/\",\"logo\":{\"@type\":\"ImageObject\",\"inLanguage\":\"fr-FR\",\"@id\":\"https:\/\/velipost.com\/#\/schema\/logo\/image\/\",\"url\":\"https:\/\/velipost.com\/wp-content\/uploads\/2024\/08\/cropped-VP-logo-piti.png\",\"contentUrl\":\"https:\/\/velipost.com\/wp-content\/uploads\/2024\/08\/cropped-VP-logo-piti.png\",\"width\":201,\"height\":69,\"caption\":\"VeliPost\"},\"image\":{\"@id\":\"https:\/\/velipost.com\/#\/schema\/logo\/image\/\"},\"sameAs\":[\"https:\/\/www.facebook.com\/veliposthaiti\",\"https:\/\/x.com\/veliposthaiti\",\"https:\/\/www.instagram.com\/veliposthaiti\"]},{\"@type\":\"Person\",\"@id\":\"https:\/\/velipost.com\/#\/schema\/person\/32ff49a53c9c1bb24302ee8ece058096\",\"name\":\"VeliPost\",\"image\":{\"@type\":\"ImageObject\",\"inLanguage\":\"fr-FR\",\"@id\":\"https:\/\/velipost.com\/#\/schema\/person\/image\/\",\"url\":\"https:\/\/secure.gravatar.com\/avatar\/57c226c264de62f794185a89596d4a37b85a5ad20aca30d9d5a478b27d8c8d9d?s=96&d=mm&r=g\",\"contentUrl\":\"https:\/\/secure.gravatar.com\/avatar\/57c226c264de62f794185a89596d4a37b85a5ad20aca30d9d5a478b27d8c8d9d?s=96&d=mm&r=g\",\"caption\":\"VeliPost\"},\"sameAs\":[\"https:\/\/velipost.com\"],\"url\":\"https:\/\/velipost.com\/?author=1\"}]}<\/script>\n<!-- \/ Yoast SEO plugin. -->","yoast_head_json":{"title":"Ha\u00efti\u2013\u00c9tats-Unis : Joverlein Mo\u00efse interpelle Marco Rubio sur l\u2019impunit\u00e9 entourant l\u2019assassinat de son p\u00e8re &#8211; VeliPost","robots":{"index":"index","follow":"follow","max-snippet":"max-snippet:-1","max-image-preview":"max-image-preview:large","max-video-preview":"max-video-preview:-1"},"canonical":"https:\/\/velipost.com\/?p=3721","og_locale":"fr_FR","og_type":"article","og_title":"Ha\u00efti\u2013\u00c9tats-Unis : Joverlein Mo\u00efse interpelle Marco Rubio sur l\u2019impunit\u00e9 entourant l\u2019assassinat de son p\u00e8re &#8211; VeliPost","og_description":"Dans une correspondance poignante rendue publique ce jeudi 25 juillet 2025, Joverlein Mo\u00efse, fils du d\u00e9funt pr\u00e9sident ha\u00eftien Jovenel Mo\u00efse, interpelle directement l\u2019actuel secr\u00e9taire","og_url":"https:\/\/velipost.com\/?p=3721","og_site_name":"VeliPost","article_publisher":"https:\/\/www.facebook.com\/veliposthaiti","article_published_time":"2025-07-25T18:56:25+00:00","article_modified_time":"2025-07-25T18:56:27+00:00","og_image":[{"width":1170,"height":603,"url":"https:\/\/velipost.com\/wp-content\/uploads\/2025\/07\/Joverlain-Rubio.jpg","type":"image\/jpeg"}],"author":"VeliPost","twitter_card":"summary_large_image","twitter_creator":"@veliposthaiti","twitter_site":"@veliposthaiti","twitter_misc":{"\u00c9crit par":"VeliPost","Dur\u00e9e de lecture estim\u00e9e":"3 minutes"},"schema":{"@context":"https:\/\/schema.org","@graph":[{"@type":"Article","@id":"https:\/\/velipost.com\/?p=3721#article","isPartOf":{"@id":"https:\/\/velipost.com\/?p=3721"},"author":{"name":"VeliPost","@id":"https:\/\/velipost.com\/#\/schema\/person\/32ff49a53c9c1bb24302ee8ece058096"},"headline":"Ha\u00efti\u2013\u00c9tats-Unis : Joverlein Mo\u00efse interpelle Marco Rubio sur l\u2019impunit\u00e9 entourant l\u2019assassinat de son p\u00e8re","datePublished":"2025-07-25T18:56:25+00:00","dateModified":"2025-07-25T18:56:27+00:00","mainEntityOfPage":{"@id":"https:\/\/velipost.com\/?p=3721"},"wordCount":488,"commentCount":0,"publisher":{"@id":"https:\/\/velipost.com\/#organization"},"image":{"@id":"https:\/\/velipost.com\/?p=3721#primaryimage"},"thumbnailUrl":"https:\/\/velipost.com\/wp-content\/uploads\/2025\/07\/Joverlain-Rubio.jpg","articleSection":["Justice"],"inLanguage":"fr-FR","potentialAction":[{"@type":"CommentAction","name":"Comment","target":["https:\/\/velipost.com\/?p=3721#respond"]}]},{"@type":"WebPage","@id":"https:\/\/velipost.com\/?p=3721","url":"https:\/\/velipost.com\/?p=3721","name":"Ha\u00efti\u2013\u00c9tats-Unis : Joverlein Mo\u00efse interpelle Marco Rubio sur l\u2019impunit\u00e9 entourant l\u2019assassinat de son p\u00e8re &#8211; VeliPost","isPartOf":{"@id":"https:\/\/velipost.com\/#website"},"primaryImageOfPage":{"@id":"https:\/\/velipost.com\/?p=3721#primaryimage"},"image":{"@id":"https:\/\/velipost.com\/?p=3721#primaryimage"},"thumbnailUrl":"https:\/\/velipost.com\/wp-content\/uploads\/2025\/07\/Joverlain-Rubio.jpg","datePublished":"2025-07-25T18:56:25+00:00","dateModified":"2025-07-25T18:56:27+00:00","breadcrumb":{"@id":"https:\/\/velipost.com\/?p=3721#breadcrumb"},"inLanguage":"fr-FR","potentialAction":[{"@type":"ReadAction","target":["https:\/\/velipost.com\/?p=3721"]}]},{"@type":"ImageObject","inLanguage":"fr-FR","@id":"https:\/\/velipost.com\/?p=3721#primaryimage","url":"https:\/\/velipost.com\/wp-content\/uploads\/2025\/07\/Joverlain-Rubio.jpg","contentUrl":"https:\/\/velipost.com\/wp-content\/uploads\/2025\/07\/Joverlain-Rubio.jpg","width":1170,"height":603},{"@type":"BreadcrumbList","@id":"https:\/\/velipost.com\/?p=3721#breadcrumb","itemListElement":[{"@type":"ListItem","position":1,"name":"Accueil","item":"https:\/\/velipost.com\/"},{"@type":"ListItem","position":2,"name":"Ha\u00efti\u2013\u00c9tats-Unis : Joverlein Mo\u00efse interpelle Marco Rubio sur l\u2019impunit\u00e9 entourant l\u2019assassinat de son p\u00e8re"}]},{"@type":"WebSite","@id":"https:\/\/velipost.com\/#website","url":"https:\/\/velipost.com\/","name":"VeliPost","description":"L\u2019info en un clic","publisher":{"@id":"https:\/\/velipost.com\/#organization"},"potentialAction":[{"@type":"SearchAction","target":{"@type":"EntryPoint","urlTemplate":"https:\/\/velipost.com\/?s={search_term_string}"},"query-input":{"@type":"PropertyValueSpecification","valueRequired":true,"valueName":"search_term_string"}}],"inLanguage":"fr-FR"},{"@type":"Organization","@id":"https:\/\/velipost.com\/#organization","name":"VeliPost","url":"https:\/\/velipost.com\/","logo":{"@type":"ImageObject","inLanguage":"fr-FR","@id":"https:\/\/velipost.com\/#\/schema\/logo\/image\/","url":"https:\/\/velipost.com\/wp-content\/uploads\/2024\/08\/cropped-VP-logo-piti.png","contentUrl":"https:\/\/velipost.com\/wp-content\/uploads\/2024\/08\/cropped-VP-logo-piti.png","width":201,"height":69,"caption":"VeliPost"},"image":{"@id":"https:\/\/velipost.com\/#\/schema\/logo\/image\/"},"sameAs":["https:\/\/www.facebook.com\/veliposthaiti","https:\/\/x.com\/veliposthaiti","https:\/\/www.instagram.com\/veliposthaiti"]},{"@type":"Person","@id":"https:\/\/velipost.com\/#\/schema\/person\/32ff49a53c9c1bb24302ee8ece058096","name":"VeliPost","image":{"@type":"ImageObject","inLanguage":"fr-FR","@id":"https:\/\/velipost.com\/#\/schema\/person\/image\/","url":"https:\/\/secure.gravatar.com\/avatar\/57c226c264de62f794185a89596d4a37b85a5ad20aca30d9d5a478b27d8c8d9d?s=96&d=mm&r=g","contentUrl":"https:\/\/secure.gravatar.com\/avatar\/57c226c264de62f794185a89596d4a37b85a5ad20aca30d9d5a478b27d8c8d9d?s=96&d=mm&r=g","caption":"VeliPost"},"sameAs":["https:\/\/velipost.com"],"url":"https:\/\/velipost.com\/?author=1"}]}},"views":1,"jetpack_publicize_connections":[],"uagb_featured_image_src":{"full":["https:\/\/velipost.com\/wp-content\/uploads\/2025\/07\/Joverlain-Rubio.jpg",1170,603,false],"thumbnail":["https:\/\/velipost.com\/wp-content\/uploads\/2025\/07\/Joverlain-Rubio-150x150.jpg",150,150,true],"medium":["https:\/\/velipost.com\/wp-content\/uploads\/2025\/07\/Joverlain-Rubio-300x155.jpg",300,155,true],"medium_large":["https:\/\/velipost.com\/wp-content\/uploads\/2025\/07\/Joverlain-Rubio-768x396.jpg",715,369,true],"large":["https:\/\/velipost.com\/wp-content\/uploads\/2025\/07\/Joverlain-Rubio-1024x528.jpg",715,369,true],"1536x1536":["https:\/\/velipost.com\/wp-content\/uploads\/2025\/07\/Joverlain-Rubio.jpg",1170,603,false],"2048x2048":["https:\/\/velipost.com\/wp-content\/uploads\/2025\/07\/Joverlain-Rubio.jpg",1170,603,false],"colornews-big-slider":["https:\/\/velipost.com\/wp-content\/uploads\/2025\/07\/Joverlain-Rubio-1070x470.jpg",1070,470,true],"colornews-big-slider-thumb":["https:\/\/velipost.com\/wp-content\/uploads\/2025\/07\/Joverlain-Rubio-184x109.jpg",184,109,true],"colornews-featured-post-medium":["https:\/\/velipost.com\/wp-content\/uploads\/2025\/07\/Joverlain-Rubio-345x265.jpg",345,265,true],"colornews-featured-post-small":["https:\/\/velipost.com\/wp-content\/uploads\/2025\/07\/Joverlain-Rubio-115x73.jpg",115,73,true],"colornews-random-posts":["https:\/\/velipost.com\/wp-content\/uploads\/2025\/07\/Joverlain-Rubio-215x215.jpg",215,215,true],"colornews-featured-image":["https:\/\/velipost.com\/wp-content\/uploads\/2025\/07\/Joverlain-Rubio-715x400.jpg",715,400,true],"mailpoet_newsletter_max":["https:\/\/velipost.com\/wp-content\/uploads\/2025\/07\/Joverlain-Rubio.jpg",1170,603,false]},"uagb_author_info":{"display_name":"VeliPost","author_link":"https:\/\/velipost.com\/?author=1"},"uagb_comment_info":0,"uagb_excerpt":"Dans une correspondance poignante rendue publique ce jeudi 25 juillet 2025, Joverlein Mo\u00efse, fils du d\u00e9funt pr\u00e9sident ha\u00eftien Jovenel Mo\u00efse, interpelle directement l\u2019actuel secr\u00e9taire","_links":{"self":[{"href":"https:\/\/velipost.com\/index.php?rest_route=\/wp\/v2\/posts\/3721","targetHints":{"allow":["GET"]}}],"collection":[{"href":"https:\/\/velipost.com\/index.php?rest_route=\/wp\/v2\/posts"}],"about":[{"href":"https:\/\/velipost.com\/index.php?rest_route=\/wp\/v2\/types\/post"}],"author":[{"embeddable":true,"href":"https:\/\/velipost.com\/index.php?rest_route=\/wp\/v2\/users\/1"}],"replies":[{"embeddable":true,"href":"https:\/\/velipost.com\/index.php?rest_route=%2Fwp%2Fv2%2Fcomments&post=3721"}],"version-history":[{"count":1,"href":"https:\/\/velipost.com\/index.php?rest_route=\/wp\/v2\/posts\/3721\/revisions"}],"predecessor-version":[{"id":3724,"href":"https:\/\/velipost.com\/index.php?rest_route=\/wp\/v2\/posts\/3721\/revisions\/3724"}],"wp:featuredmedia":[{"embeddable":true,"href":"https:\/\/velipost.com\/index.php?rest_route=\/wp\/v2\/media\/3722"}],"wp:attachment":[{"href":"https:\/\/velipost.com\/index.php?rest_route=%2Fwp%2Fv2%2Fmedia&parent=3721"}],"wp:term":[{"taxonomy":"category","embeddable":true,"href":"https:\/\/velipost.com\/index.php?rest_route=%2Fwp%2Fv2%2Fcategories&post=3721"},{"taxonomy":"post_tag","embeddable":true,"href":"https:\/\/velipost.com\/index.php?rest_route=%2Fwp%2Fv2%2Ftags&post=3721"}],"curies":[{"name":"wp","href":"https:\/\/api.w.org\/{rel}","templated":true}]}}