{"id":3708,"date":"2025-07-25T04:11:51","date_gmt":"2025-07-25T02:11:51","guid":{"rendered":"https:\/\/velipost.com\/?p=3708"},"modified":"2025-07-25T04:11:53","modified_gmt":"2025-07-25T02:11:53","slug":"un-trafiquant-darmes-vers-haiti-condamne-a-30-mois-de-prison-aux-etats-unis","status":"publish","type":"post","link":"https:\/\/velipost.com\/?p=3708","title":{"rendered":"Un trafiquant d\u2019armes vers Ha\u00efti condamn\u00e9 \u00e0 30 mois de prison aux \u00c9tats-Unis"},"content":{"rendered":"\n<p>Un ressortissant am\u00e9ricain d\u2019origine ha\u00eftienne,\u00a0Jean Wiltene Eugene, a \u00e9t\u00e9 condamn\u00e9 \u00e0\u00a0deux ans et demi de prison\u00a0par un tribunal f\u00e9d\u00e9ral pour avoir ill\u00e9galement export\u00e9 des armes \u00e0 feu vers Ha\u00efti, un pays d\u00e9j\u00e0 ravag\u00e9 par la violence des gangs.<\/p>\n\n\n\n<p>Le verdict, rendu cette semaine par la Cour du district de Columbia, s\u2019accompagne d\u2019une\u00a0amende de 20 000 dollars\u00a0et d\u2019une\u00a0p\u00e9riode de 24 mois de libert\u00e9 surveill\u00e9e\u00a0apr\u00e8s sa sortie de prison. La justice am\u00e9ricaine a voulu envoyer un message clair aux contrebandiers d\u2019armes qui participent \u00e0 la d\u00e9stabilisation d\u2019Ha\u00efti.<\/p>\n\n\n\n<p>Selon les enqu\u00eateurs, Jean Wiltene Eugene utilisait une entreprise d\u2019export bas\u00e9e en Floride pour dissimuler des armes \u00e0 feu dans des v\u00e9hicules remplis de vivres et les faire exp\u00e9dier en Ha\u00efti entre 2020 et 2021. Les armes, achet\u00e9es \u00e0 son nom, \u00e9taient destin\u00e9es \u00e0 sa propre station-service en Ha\u00efti.<\/p>\n\n\n\n<p>L\u2019homme a \u00e9t\u00e9 arr\u00eat\u00e9 \u00e0\u00a0Key West\u00a0le\u00a04 mai 2024. Interrog\u00e9 par le FBI, il a avou\u00e9 avoir organis\u00e9 ces envois en pleine connaissance de leur ill\u00e9galit\u00e9. Son objectif pr\u00e9sum\u00e9 : contourner les contr\u00f4les douaniers et alimenter les r\u00e9seaux locaux.<\/p>\n\n\n\n<p>Pour\u00a0Jeanine Pirro, procureure f\u00e9d\u00e9rale, ce jugement repr\u00e9sente \u00ab une \u00e9tape cruciale dans la lutte contre les flux d\u2019armes qui nourrissent l\u2019ins\u00e9curit\u00e9 en Ha\u00efti \u00bb. De son c\u00f4t\u00e9, l\u2019ambassade des \u00c9tats-Unis \u00e0 Port-au-Prince a rappel\u00e9 que les trafiquants s\u2019exposent \u00e0\u00a0des peines s\u00e9v\u00e8res, \u00e0 la prison et \u00e0 l\u2019expulsion.<\/p>\n\n\n\n<p>Les autorit\u00e9s am\u00e9ricaines, dont le\u00a0FBI\u00a0et les services de s\u00e9curit\u00e9 int\u00e9rieure, multiplient les actions pour identifier les r\u00e9seaux op\u00e9rant entre les \u00c9tats-Unis et Ha\u00efti, un commerce ill\u00e9gal qui contribue directement \u00e0 la mont\u00e9e en puissance des groupes arm\u00e9s dans le pays carib\u00e9en.<\/p>\n\n    <div class=\"xs_social_share_widget xs_share_url after_content \t\tmain_content  wslu-style-3 wslu-share-box-shaped wslu-fill-brand-hover-colored wslu-share-m-5 wslu-none wslu-share-horizontal wslu-theme-font-no wslu-main_content\">\n\n\t\t\n        <ul>\n\t\t\t                    <li class=\"xs-share-li twitter                        wslu-no-extra-data\">\n                        <a href=\"javascript:void(0);\"\n                           id=\"xs_feed_twitter\"\n                           onclick=\"xs_social_sharer(this);\"\n                           data-pid=\"3708\"\n                           data-uri_hash=\"1aef8ab5db983a79a0ed80e29e6a3647\"\n                           data-key=\"twitter\"\n                           data-xs-href=\"https:\/\/twitter.com\/intent\/tweet?text=Un+trafiquant+d%E2%80%99armes+vers+Ha%C3%AFti+condamn%C3%A9+%C3%A0+30+mois+de+prison+aux+%C3%89tats-Unis+https%3A%2F%2Fvelipost.com%2Findex.php%3Frest_route%3D%252Fwp%252Fv2%252Fposts%252F3708&amp;original_referer=https%3A%2F%2Fvelipost.com%2Findex.php%3Frest_route%3D%252Fwp%252Fv2%252Fposts%252F3708&amp;related=xpeedstudio\">\n\n                            <div class=\"xs-social-icon\">\n                                <span class=\"met-social met-social-twitter\"><\/span>\n                            <\/div>\n\n\t\t\t\t\t\t\t\n                            <div class=\"wslu-hover-content\">\n                                <div class=\"xs-social-followers\">\n\t\t\t\t\t\t\t\t\t10                                <\/div>\n                                <div class=\"xs-social-follower-text\">\n\t\t\t\t\t\t\t\t\tShare                                <\/div>\n                                <div class=\"xs-social-follower-label\">\n\t\t\t\t\t\t\t\t\tTwitter                                <\/div>\n                            <\/div>\n                        <\/a>\n                    <\/li>\n\t\t\t\t\t                    <li class=\"xs-share-li telegram                        wslu-no-extra-data\">\n                        <a href=\"javascript:void(0);\"\n                           id=\"xs_feed_telegram\"\n                           onclick=\"xs_social_sharer(this);\"\n                           data-pid=\"3708\"\n                           data-uri_hash=\"1aef8ab5db983a79a0ed80e29e6a3647\"\n                           data-key=\"telegram\"\n                           data-xs-href=\"https:\/\/telegram.me\/share\/url?url=https%3A%2F%2Fvelipost.com%2Findex.php%3Frest_route%3D%252Fwp%252Fv2%252Fposts%252F3708&amp;text=Un+trafiquant+d%E2%80%99armes+vers+Ha%C3%AFti+condamn%C3%A9+%C3%A0+30+mois+de+prison+aux+%C3%89tats-Unis\">\n\n                            <div class=\"xs-social-icon\">\n                                <span class=\"met-social met-social-telegram\"><\/span>\n                            <\/div>\n\n\t\t\t\t\t\t\t\n                            <div class=\"wslu-hover-content\">\n                                <div class=\"xs-social-followers\">\n\t\t\t\t\t\t\t\t\t0                                <\/div>\n                                <div class=\"xs-social-follower-text\">\n\t\t\t\t\t\t\t\t\tShare                                <\/div>\n                                <div class=\"xs-social-follower-label\">\n\t\t\t\t\t\t\t\t\tTelegram                                <\/div>\n                            <\/div>\n                        <\/a>\n                    <\/li>\n\t\t\t\t\t                    <li class=\"xs-share-li email                        wslu-no-extra-data\">\n                        <a href=\"javascript:void(0);\"\n                           id=\"xs_feed_email\"\n                           onclick=\"xs_social_sharer(this);\"\n                           data-pid=\"3708\"\n                           data-uri_hash=\"1aef8ab5db983a79a0ed80e29e6a3647\"\n                           data-key=\"email\"\n                           data-xs-href=\"mailto:?body=Title%3A+Un+trafiquant+d%E2%80%99armes+vers+Ha%C3%AFti+condamn%C3%A9+%C3%A0+30+mois+de+prison+aux+%C3%89tats-Unis+%5Cn%5Cn+URL%3A+https%3A%2F%2Fvelipost.com%2Findex.php%3Frest_route%3D%252Fwp%252Fv2%252Fposts%252F3708&amp;subject=Un+trafiquant+d%E2%80%99armes+vers+Ha%C3%AFti+condamn%C3%A9+%C3%A0+30+mois+de+prison+aux+%C3%89tats-Unis\">\n\n                            <div class=\"xs-social-icon\">\n                                <span class=\"met-social met-social-email\"><\/span>\n                            <\/div>\n\n\t\t\t\t\t\t\t\n                            <div class=\"wslu-hover-content\">\n                                <div class=\"xs-social-followers\">\n\t\t\t\t\t\t\t\t\t0                                <\/div>\n                                <div class=\"xs-social-follower-text\">\n\t\t\t\t\t\t\t\t\tShare                                <\/div>\n                                <div class=\"xs-social-follower-label\">\n\t\t\t\t\t\t\t\t\tEmail                                <\/div>\n                            <\/div>\n                        <\/a>\n                    <\/li>\n\t\t\t\t\t        <\/ul>\n    <\/div> \n","protected":false},"excerpt":{"rendered":"<p>Un ressortissant am\u00e9ricain d\u2019origine ha\u00eftienne,\u00a0Jean Wiltene Eugene, a \u00e9t\u00e9 condamn\u00e9 \u00e0\u00a0deux ans et demi de prison\u00a0par un tribunal f\u00e9d\u00e9ral pour avoir ill\u00e9galement export\u00e9 des<\/p>\n","protected":false},"author":1,"featured_media":3709,"comment_status":"open","ping_status":"open","sticky":false,"template":"","format":"standard","meta":{"_uag_custom_page_level_css":"","footnotes":"","jetpack_publicize_message":"","jetpack_publicize_feature_enabled":true,"jetpack_social_post_already_shared":false,"jetpack_social_options":{"image_generator_settings":{"template":"highway","default_image_id":0,"font":"","enabled":false},"version":2}},"categories":[107],"tags":[],"class_list":["post-3708","post","type-post","status-publish","format-standard","has-post-thumbnail","hentry","category-international"],"yoast_head":"<!-- This site is optimized with the Yoast SEO plugin v25.3.1 - https:\/\/yoast.com\/wordpress\/plugins\/seo\/ -->\n<title>Un trafiquant d\u2019armes vers Ha\u00efti condamn\u00e9 \u00e0 30 mois de prison aux \u00c9tats-Unis &#8211; VeliPost<\/title>\n<meta name=\"robots\" content=\"index, follow, max-snippet:-1, max-image-preview:large, max-video-preview:-1\" \/>\n<link rel=\"canonical\" href=\"https:\/\/velipost.com\/?p=3708\" \/>\n<meta property=\"og:locale\" content=\"fr_FR\" \/>\n<meta property=\"og:type\" content=\"article\" \/>\n<meta property=\"og:title\" content=\"Un trafiquant d\u2019armes vers Ha\u00efti condamn\u00e9 \u00e0 30 mois de prison aux \u00c9tats-Unis &#8211; VeliPost\" \/>\n<meta property=\"og:description\" content=\"Un ressortissant am\u00e9ricain d\u2019origine ha\u00eftienne,\u00a0Jean Wiltene Eugene, a \u00e9t\u00e9 condamn\u00e9 \u00e0\u00a0deux ans et demi de prison\u00a0par un tribunal f\u00e9d\u00e9ral pour avoir ill\u00e9galement export\u00e9 des\" \/>\n<meta property=\"og:url\" content=\"https:\/\/velipost.com\/?p=3708\" \/>\n<meta property=\"og:site_name\" content=\"VeliPost\" \/>\n<meta property=\"article:publisher\" content=\"https:\/\/www.facebook.com\/veliposthaiti\" \/>\n<meta property=\"article:published_time\" content=\"2025-07-25T02:11:51+00:00\" \/>\n<meta property=\"article:modified_time\" content=\"2025-07-25T02:11:53+00:00\" \/>\n<meta property=\"og:image\" content=\"https:\/\/velipost.com\/wp-content\/uploads\/2025\/07\/30-ans-de-prisons.jpg\" \/>\n\t<meta property=\"og:image:width\" content=\"1170\" \/>\n\t<meta property=\"og:image:height\" content=\"603\" \/>\n\t<meta property=\"og:image:type\" content=\"image\/jpeg\" \/>\n<meta name=\"author\" content=\"VeliPost\" \/>\n<meta name=\"twitter:card\" content=\"summary_large_image\" \/>\n<meta name=\"twitter:creator\" content=\"@veliposthaiti\" \/>\n<meta name=\"twitter:site\" content=\"@veliposthaiti\" \/>\n<meta name=\"twitter:label1\" content=\"\u00c9crit par\" \/>\n\t<meta name=\"twitter:data1\" content=\"VeliPost\" \/>\n\t<meta name=\"twitter:label2\" content=\"Dur\u00e9e de lecture estim\u00e9e\" \/>\n\t<meta name=\"twitter:data2\" content=\"2 minutes\" \/>\n<script type=\"application\/ld+json\" class=\"yoast-schema-graph\">{\"@context\":\"https:\/\/schema.org\",\"@graph\":[{\"@type\":\"Article\",\"@id\":\"https:\/\/velipost.com\/?p=3708#article\",\"isPartOf\":{\"@id\":\"https:\/\/velipost.com\/?p=3708\"},\"author\":{\"name\":\"VeliPost\",\"@id\":\"https:\/\/velipost.com\/#\/schema\/person\/32ff49a53c9c1bb24302ee8ece058096\"},\"headline\":\"Un trafiquant d\u2019armes vers Ha\u00efti condamn\u00e9 \u00e0 30 mois de prison aux \u00c9tats-Unis\",\"datePublished\":\"2025-07-25T02:11:51+00:00\",\"dateModified\":\"2025-07-25T02:11:53+00:00\",\"mainEntityOfPage\":{\"@id\":\"https:\/\/velipost.com\/?p=3708\"},\"wordCount\":323,\"commentCount\":0,\"publisher\":{\"@id\":\"https:\/\/velipost.com\/#organization\"},\"image\":{\"@id\":\"https:\/\/velipost.com\/?p=3708#primaryimage\"},\"thumbnailUrl\":\"https:\/\/velipost.com\/wp-content\/uploads\/2025\/07\/30-ans-de-prisons.jpg\",\"articleSection\":[\"International\"],\"inLanguage\":\"fr-FR\",\"potentialAction\":[{\"@type\":\"CommentAction\",\"name\":\"Comment\",\"target\":[\"https:\/\/velipost.com\/?p=3708#respond\"]}]},{\"@type\":\"WebPage\",\"@id\":\"https:\/\/velipost.com\/?p=3708\",\"url\":\"https:\/\/velipost.com\/?p=3708\",\"name\":\"Un trafiquant d\u2019armes vers Ha\u00efti condamn\u00e9 \u00e0 30 mois de prison aux \u00c9tats-Unis &#8211; VeliPost\",\"isPartOf\":{\"@id\":\"https:\/\/velipost.com\/#website\"},\"primaryImageOfPage\":{\"@id\":\"https:\/\/velipost.com\/?p=3708#primaryimage\"},\"image\":{\"@id\":\"https:\/\/velipost.com\/?p=3708#primaryimage\"},\"thumbnailUrl\":\"https:\/\/velipost.com\/wp-content\/uploads\/2025\/07\/30-ans-de-prisons.jpg\",\"datePublished\":\"2025-07-25T02:11:51+00:00\",\"dateModified\":\"2025-07-25T02:11:53+00:00\",\"breadcrumb\":{\"@id\":\"https:\/\/velipost.com\/?p=3708#breadcrumb\"},\"inLanguage\":\"fr-FR\",\"potentialAction\":[{\"@type\":\"ReadAction\",\"target\":[\"https:\/\/velipost.com\/?p=3708\"]}]},{\"@type\":\"ImageObject\",\"inLanguage\":\"fr-FR\",\"@id\":\"https:\/\/velipost.com\/?p=3708#primaryimage\",\"url\":\"https:\/\/velipost.com\/wp-content\/uploads\/2025\/07\/30-ans-de-prisons.jpg\",\"contentUrl\":\"https:\/\/velipost.com\/wp-content\/uploads\/2025\/07\/30-ans-de-prisons.jpg\",\"width\":1170,\"height\":603},{\"@type\":\"BreadcrumbList\",\"@id\":\"https:\/\/velipost.com\/?p=3708#breadcrumb\",\"itemListElement\":[{\"@type\":\"ListItem\",\"position\":1,\"name\":\"Accueil\",\"item\":\"https:\/\/velipost.com\/\"},{\"@type\":\"ListItem\",\"position\":2,\"name\":\"Un trafiquant d\u2019armes vers Ha\u00efti condamn\u00e9 \u00e0 30 mois de prison aux \u00c9tats-Unis\"}]},{\"@type\":\"WebSite\",\"@id\":\"https:\/\/velipost.com\/#website\",\"url\":\"https:\/\/velipost.com\/\",\"name\":\"VeliPost\",\"description\":\"L\u2019info en un clic\",\"publisher\":{\"@id\":\"https:\/\/velipost.com\/#organization\"},\"potentialAction\":[{\"@type\":\"SearchAction\",\"target\":{\"@type\":\"EntryPoint\",\"urlTemplate\":\"https:\/\/velipost.com\/?s={search_term_string}\"},\"query-input\":{\"@type\":\"PropertyValueSpecification\",\"valueRequired\":true,\"valueName\":\"search_term_string\"}}],\"inLanguage\":\"fr-FR\"},{\"@type\":\"Organization\",\"@id\":\"https:\/\/velipost.com\/#organization\",\"name\":\"VeliPost\",\"url\":\"https:\/\/velipost.com\/\",\"logo\":{\"@type\":\"ImageObject\",\"inLanguage\":\"fr-FR\",\"@id\":\"https:\/\/velipost.com\/#\/schema\/logo\/image\/\",\"url\":\"https:\/\/velipost.com\/wp-content\/uploads\/2024\/08\/cropped-VP-logo-piti.png\",\"contentUrl\":\"https:\/\/velipost.com\/wp-content\/uploads\/2024\/08\/cropped-VP-logo-piti.png\",\"width\":201,\"height\":69,\"caption\":\"VeliPost\"},\"image\":{\"@id\":\"https:\/\/velipost.com\/#\/schema\/logo\/image\/\"},\"sameAs\":[\"https:\/\/www.facebook.com\/veliposthaiti\",\"https:\/\/x.com\/veliposthaiti\",\"https:\/\/www.instagram.com\/veliposthaiti\"]},{\"@type\":\"Person\",\"@id\":\"https:\/\/velipost.com\/#\/schema\/person\/32ff49a53c9c1bb24302ee8ece058096\",\"name\":\"VeliPost\",\"image\":{\"@type\":\"ImageObject\",\"inLanguage\":\"fr-FR\",\"@id\":\"https:\/\/velipost.com\/#\/schema\/person\/image\/\",\"url\":\"https:\/\/secure.gravatar.com\/avatar\/57c226c264de62f794185a89596d4a37b85a5ad20aca30d9d5a478b27d8c8d9d?s=96&d=mm&r=g\",\"contentUrl\":\"https:\/\/secure.gravatar.com\/avatar\/57c226c264de62f794185a89596d4a37b85a5ad20aca30d9d5a478b27d8c8d9d?s=96&d=mm&r=g\",\"caption\":\"VeliPost\"},\"sameAs\":[\"https:\/\/velipost.com\"],\"url\":\"https:\/\/velipost.com\/?author=1\"}]}<\/script>\n<!-- \/ Yoast SEO plugin. -->","yoast_head_json":{"title":"Un trafiquant d\u2019armes vers Ha\u00efti condamn\u00e9 \u00e0 30 mois de prison aux \u00c9tats-Unis &#8211; VeliPost","robots":{"index":"index","follow":"follow","max-snippet":"max-snippet:-1","max-image-preview":"max-image-preview:large","max-video-preview":"max-video-preview:-1"},"canonical":"https:\/\/velipost.com\/?p=3708","og_locale":"fr_FR","og_type":"article","og_title":"Un trafiquant d\u2019armes vers Ha\u00efti condamn\u00e9 \u00e0 30 mois de prison aux \u00c9tats-Unis &#8211; VeliPost","og_description":"Un ressortissant am\u00e9ricain d\u2019origine ha\u00eftienne,\u00a0Jean Wiltene Eugene, a \u00e9t\u00e9 condamn\u00e9 \u00e0\u00a0deux ans et demi de prison\u00a0par un tribunal f\u00e9d\u00e9ral pour avoir ill\u00e9galement export\u00e9 des","og_url":"https:\/\/velipost.com\/?p=3708","og_site_name":"VeliPost","article_publisher":"https:\/\/www.facebook.com\/veliposthaiti","article_published_time":"2025-07-25T02:11:51+00:00","article_modified_time":"2025-07-25T02:11:53+00:00","og_image":[{"width":1170,"height":603,"url":"https:\/\/velipost.com\/wp-content\/uploads\/2025\/07\/30-ans-de-prisons.jpg","type":"image\/jpeg"}],"author":"VeliPost","twitter_card":"summary_large_image","twitter_creator":"@veliposthaiti","twitter_site":"@veliposthaiti","twitter_misc":{"\u00c9crit par":"VeliPost","Dur\u00e9e de lecture estim\u00e9e":"2 minutes"},"schema":{"@context":"https:\/\/schema.org","@graph":[{"@type":"Article","@id":"https:\/\/velipost.com\/?p=3708#article","isPartOf":{"@id":"https:\/\/velipost.com\/?p=3708"},"author":{"name":"VeliPost","@id":"https:\/\/velipost.com\/#\/schema\/person\/32ff49a53c9c1bb24302ee8ece058096"},"headline":"Un trafiquant d\u2019armes vers Ha\u00efti condamn\u00e9 \u00e0 30 mois de prison aux \u00c9tats-Unis","datePublished":"2025-07-25T02:11:51+00:00","dateModified":"2025-07-25T02:11:53+00:00","mainEntityOfPage":{"@id":"https:\/\/velipost.com\/?p=3708"},"wordCount":323,"commentCount":0,"publisher":{"@id":"https:\/\/velipost.com\/#organization"},"image":{"@id":"https:\/\/velipost.com\/?p=3708#primaryimage"},"thumbnailUrl":"https:\/\/velipost.com\/wp-content\/uploads\/2025\/07\/30-ans-de-prisons.jpg","articleSection":["International"],"inLanguage":"fr-FR","potentialAction":[{"@type":"CommentAction","name":"Comment","target":["https:\/\/velipost.com\/?p=3708#respond"]}]},{"@type":"WebPage","@id":"https:\/\/velipost.com\/?p=3708","url":"https:\/\/velipost.com\/?p=3708","name":"Un trafiquant d\u2019armes vers Ha\u00efti condamn\u00e9 \u00e0 30 mois de prison aux \u00c9tats-Unis &#8211; VeliPost","isPartOf":{"@id":"https:\/\/velipost.com\/#website"},"primaryImageOfPage":{"@id":"https:\/\/velipost.com\/?p=3708#primaryimage"},"image":{"@id":"https:\/\/velipost.com\/?p=3708#primaryimage"},"thumbnailUrl":"https:\/\/velipost.com\/wp-content\/uploads\/2025\/07\/30-ans-de-prisons.jpg","datePublished":"2025-07-25T02:11:51+00:00","dateModified":"2025-07-25T02:11:53+00:00","breadcrumb":{"@id":"https:\/\/velipost.com\/?p=3708#breadcrumb"},"inLanguage":"fr-FR","potentialAction":[{"@type":"ReadAction","target":["https:\/\/velipost.com\/?p=3708"]}]},{"@type":"ImageObject","inLanguage":"fr-FR","@id":"https:\/\/velipost.com\/?p=3708#primaryimage","url":"https:\/\/velipost.com\/wp-content\/uploads\/2025\/07\/30-ans-de-prisons.jpg","contentUrl":"https:\/\/velipost.com\/wp-content\/uploads\/2025\/07\/30-ans-de-prisons.jpg","width":1170,"height":603},{"@type":"BreadcrumbList","@id":"https:\/\/velipost.com\/?p=3708#breadcrumb","itemListElement":[{"@type":"ListItem","position":1,"name":"Accueil","item":"https:\/\/velipost.com\/"},{"@type":"ListItem","position":2,"name":"Un trafiquant d\u2019armes vers Ha\u00efti condamn\u00e9 \u00e0 30 mois de prison aux \u00c9tats-Unis"}]},{"@type":"WebSite","@id":"https:\/\/velipost.com\/#website","url":"https:\/\/velipost.com\/","name":"VeliPost","description":"L\u2019info en un clic","publisher":{"@id":"https:\/\/velipost.com\/#organization"},"potentialAction":[{"@type":"SearchAction","target":{"@type":"EntryPoint","urlTemplate":"https:\/\/velipost.com\/?s={search_term_string}"},"query-input":{"@type":"PropertyValueSpecification","valueRequired":true,"valueName":"search_term_string"}}],"inLanguage":"fr-FR"},{"@type":"Organization","@id":"https:\/\/velipost.com\/#organization","name":"VeliPost","url":"https:\/\/velipost.com\/","logo":{"@type":"ImageObject","inLanguage":"fr-FR","@id":"https:\/\/velipost.com\/#\/schema\/logo\/image\/","url":"https:\/\/velipost.com\/wp-content\/uploads\/2024\/08\/cropped-VP-logo-piti.png","contentUrl":"https:\/\/velipost.com\/wp-content\/uploads\/2024\/08\/cropped-VP-logo-piti.png","width":201,"height":69,"caption":"VeliPost"},"image":{"@id":"https:\/\/velipost.com\/#\/schema\/logo\/image\/"},"sameAs":["https:\/\/www.facebook.com\/veliposthaiti","https:\/\/x.com\/veliposthaiti","https:\/\/www.instagram.com\/veliposthaiti"]},{"@type":"Person","@id":"https:\/\/velipost.com\/#\/schema\/person\/32ff49a53c9c1bb24302ee8ece058096","name":"VeliPost","image":{"@type":"ImageObject","inLanguage":"fr-FR","@id":"https:\/\/velipost.com\/#\/schema\/person\/image\/","url":"https:\/\/secure.gravatar.com\/avatar\/57c226c264de62f794185a89596d4a37b85a5ad20aca30d9d5a478b27d8c8d9d?s=96&d=mm&r=g","contentUrl":"https:\/\/secure.gravatar.com\/avatar\/57c226c264de62f794185a89596d4a37b85a5ad20aca30d9d5a478b27d8c8d9d?s=96&d=mm&r=g","caption":"VeliPost"},"sameAs":["https:\/\/velipost.com"],"url":"https:\/\/velipost.com\/?author=1"}]}},"views":1,"jetpack_publicize_connections":[],"uagb_featured_image_src":{"full":["https:\/\/velipost.com\/wp-content\/uploads\/2025\/07\/30-ans-de-prisons.jpg",1170,603,false],"thumbnail":["https:\/\/velipost.com\/wp-content\/uploads\/2025\/07\/30-ans-de-prisons-150x150.jpg",150,150,true],"medium":["https:\/\/velipost.com\/wp-content\/uploads\/2025\/07\/30-ans-de-prisons-300x155.jpg",300,155,true],"medium_large":["https:\/\/velipost.com\/wp-content\/uploads\/2025\/07\/30-ans-de-prisons-768x396.jpg",715,369,true],"large":["https:\/\/velipost.com\/wp-content\/uploads\/2025\/07\/30-ans-de-prisons-1024x528.jpg",715,369,true],"1536x1536":["https:\/\/velipost.com\/wp-content\/uploads\/2025\/07\/30-ans-de-prisons.jpg",1170,603,false],"2048x2048":["https:\/\/velipost.com\/wp-content\/uploads\/2025\/07\/30-ans-de-prisons.jpg",1170,603,false],"colornews-big-slider":["https:\/\/velipost.com\/wp-content\/uploads\/2025\/07\/30-ans-de-prisons-1070x470.jpg",1070,470,true],"colornews-big-slider-thumb":["https:\/\/velipost.com\/wp-content\/uploads\/2025\/07\/30-ans-de-prisons-184x109.jpg",184,109,true],"colornews-featured-post-medium":["https:\/\/velipost.com\/wp-content\/uploads\/2025\/07\/30-ans-de-prisons-345x265.jpg",345,265,true],"colornews-featured-post-small":["https:\/\/velipost.com\/wp-content\/uploads\/2025\/07\/30-ans-de-prisons-115x73.jpg",115,73,true],"colornews-random-posts":["https:\/\/velipost.com\/wp-content\/uploads\/2025\/07\/30-ans-de-prisons-215x215.jpg",215,215,true],"colornews-featured-image":["https:\/\/velipost.com\/wp-content\/uploads\/2025\/07\/30-ans-de-prisons-715x400.jpg",715,400,true],"mailpoet_newsletter_max":["https:\/\/velipost.com\/wp-content\/uploads\/2025\/07\/30-ans-de-prisons.jpg",1170,603,false]},"uagb_author_info":{"display_name":"VeliPost","author_link":"https:\/\/velipost.com\/?author=1"},"uagb_comment_info":0,"uagb_excerpt":"Un ressortissant am\u00e9ricain d\u2019origine ha\u00eftienne,\u00a0Jean Wiltene Eugene, a \u00e9t\u00e9 condamn\u00e9 \u00e0\u00a0deux ans et demi de prison\u00a0par un tribunal f\u00e9d\u00e9ral pour avoir ill\u00e9galement export\u00e9 des","_links":{"self":[{"href":"https:\/\/velipost.com\/index.php?rest_route=\/wp\/v2\/posts\/3708","targetHints":{"allow":["GET"]}}],"collection":[{"href":"https:\/\/velipost.com\/index.php?rest_route=\/wp\/v2\/posts"}],"about":[{"href":"https:\/\/velipost.com\/index.php?rest_route=\/wp\/v2\/types\/post"}],"author":[{"embeddable":true,"href":"https:\/\/velipost.com\/index.php?rest_route=\/wp\/v2\/users\/1"}],"replies":[{"embeddable":true,"href":"https:\/\/velipost.com\/index.php?rest_route=%2Fwp%2Fv2%2Fcomments&post=3708"}],"version-history":[{"count":1,"href":"https:\/\/velipost.com\/index.php?rest_route=\/wp\/v2\/posts\/3708\/revisions"}],"predecessor-version":[{"id":3710,"href":"https:\/\/velipost.com\/index.php?rest_route=\/wp\/v2\/posts\/3708\/revisions\/3710"}],"wp:featuredmedia":[{"embeddable":true,"href":"https:\/\/velipost.com\/index.php?rest_route=\/wp\/v2\/media\/3709"}],"wp:attachment":[{"href":"https:\/\/velipost.com\/index.php?rest_route=%2Fwp%2Fv2%2Fmedia&parent=3708"}],"wp:term":[{"taxonomy":"category","embeddable":true,"href":"https:\/\/velipost.com\/index.php?rest_route=%2Fwp%2Fv2%2Fcategories&post=3708"},{"taxonomy":"post_tag","embeddable":true,"href":"https:\/\/velipost.com\/index.php?rest_route=%2Fwp%2Fv2%2Ftags&post=3708"}],"curies":[{"name":"wp","href":"https:\/\/api.w.org\/{rel}","templated":true}]}}