{"id":3697,"date":"2025-07-22T04:24:53","date_gmt":"2025-07-22T02:24:53","guid":{"rendered":"https:\/\/velipost.com\/?p=3697"},"modified":"2025-07-22T04:24:55","modified_gmt":"2025-07-22T02:24:55","slug":"cap-haitien-accueille-la-4e-edition-du-festival-livres-au-feminin","status":"publish","type":"post","link":"https:\/\/velipost.com\/?p=3697","title":{"rendered":"Cap-Ha\u00eftien accueille la 4e \u00e9dition du festival \u00ab Livres au F\u00e9minin \u00bb"},"content":{"rendered":"\n<hr class=\"wp-block-separator has-alpha-channel-opacity\"\/>\n\n\n\n<p>La quatri\u00e8me \u00e9dition du festival\u00a0Livres au F\u00e9minin\u00a0a officiellement d\u00e9marr\u00e9 ce dimanche dans le Nord d\u2019Ha\u00efti. Organis\u00e9 par l\u2019Organisation pour l\u2019\u00c9mancipation des Femmes \u00e0 travers l\u2019\u00c9ducation\u00a0(OEFE), l\u2019\u00e9v\u00e9nement se tiendra du\u00a020 au 26 juillet\u00a0dans plusieurs villes :\u00a0Cap-Ha\u00eftien,\u00a0Limonade\u00a0et\u00a0Limb\u00e9. Plac\u00e9e sous le th\u00e8me\u00a0\u00ab R\u00e9sistance et r\u00e9invention \u00bb, cette \u00e9dition promet une semaine riche en d\u00e9couvertes litt\u00e9raires et en \u00e9changes intellectuels.<\/p>\n\n\n\n<p>Cr\u00e9\u00e9 en\u00a02022, le festival vise \u00e0\u00a0promouvoir la litt\u00e9rature f\u00e9minine ha\u00eftienne\u00a0et \u00e0 offrir une tribune aux voix longtemps marginalis\u00e9es du champ litt\u00e9raire.<\/p>\n\n\n\n<p>Au programme de l\u2019\u00e9dition 2025 :\u00a0causeries, conf\u00e9rences-d\u00e9bats, ateliers de formation, projections\u00a0de films, ainsi qu\u2019une\u00a0exposition-vente de livres exclusivement \u00e9crits par des femmes. Le public \u2013 hommes, femmes, jeunes et adultes \u2013 est invit\u00e9 \u00e0 y participer\u00a0sans distinction de genre.<\/p>\n\n\n\n<p>L\u2019invit\u00e9e d\u2019honneur\u00a0cette ann\u00e9e est\u00a0Kettly Mars, autrice du c\u00e9l\u00e8bre roman\u00a0<em>Saison sauvage<\/em>\u00a0et de plusieurs autres \u0153uvres majeures de la litt\u00e9rature contemporaine ha\u00eftienne. Plusieurs th\u00e9matiques seront explor\u00e9es au cours de la semaine, dans le but non seulement de\u00a0valoriser la parole f\u00e9minine en litt\u00e9rature, mais aussi d\u2019offrir une plateforme de visibilit\u00e9 aux autrices, quel que soit leur genre litt\u00e9raire : roman, po\u00e9sie, essai, th\u00e9\u00e2tre, etc.<\/p>\n\n\n\n<p>Le festival accorde \u00e9galement une\u00a0place particuli\u00e8re \u00e0 la jeune cr\u00e9ation\u00a0: un\u00a0recueil collectif de nouvelles, r\u00e9unissant les cinq textes laur\u00e9ats d\u2019un concours tenu en 2024, sera publi\u00e9 \u00e0 cette occasion.<\/p>\n\n\n\n<p>\u00c0 travers cette initiative, l\u2019OEFE entend contribuer \u00e0\u00a0r\u00e9parer l\u2019effacement historique des femmes dans la litt\u00e9rature ha\u00eftienne, longtemps domin\u00e9e par des figures masculines. Ce n\u2019est qu\u2019\u00e0 partir du XXe si\u00e8cle que des autrices comme\u00a0Marie Vieux-Chauvet\u00a0ont commenc\u00e9 \u00e0 \u00e9merger, ouvrant la voie \u00e0 une g\u00e9n\u00e9ration d\u2019\u00e9crivaines telles que\u00a0Yanick Lahens, Kettly Mars, Evelyne Trouillot\u00a0ou encore\u00a0Emmelie Proph\u00e8te.<\/p>\n\n\n\n<p>En d\u00e9finitive,\u00a0Livres au F\u00e9minin\u00a0se veut un\u00a0hommage vibrant aux femmes qui \u00e9crivent, qui pensent le monde et qui le r\u00e9inventent\u00a0\u00e0 travers leurs mots.<\/p>\n\n\n\n<p><strong>Doudly Pierre<\/strong><\/p>\n\n    <div class=\"xs_social_share_widget xs_share_url after_content \t\tmain_content  wslu-style-3 wslu-share-box-shaped wslu-fill-brand-hover-colored wslu-share-m-5 wslu-none wslu-share-horizontal wslu-theme-font-no wslu-main_content\">\n\n\t\t\n        <ul>\n\t\t\t                    <li class=\"xs-share-li twitter                        wslu-no-extra-data\">\n                        <a href=\"javascript:void(0);\"\n                           id=\"xs_feed_twitter\"\n                           onclick=\"xs_social_sharer(this);\"\n                           data-pid=\"3697\"\n                           data-uri_hash=\"f7482b7b230eb8a22033328af88782a3\"\n                           data-key=\"twitter\"\n                           data-xs-href=\"https:\/\/twitter.com\/intent\/tweet?text=Cap-Ha%C3%AFtien+accueille+la+4e+%C3%A9dition+du+festival+%C2%AB+Livres+au+F%C3%A9minin+%C2%BB+https%3A%2F%2Fvelipost.com%2Findex.php%3Frest_route%3D%252Fwp%252Fv2%252Fposts%252F3697&amp;original_referer=https%3A%2F%2Fvelipost.com%2Findex.php%3Frest_route%3D%252Fwp%252Fv2%252Fposts%252F3697&amp;related=xpeedstudio\">\n\n                            <div class=\"xs-social-icon\">\n                                <span class=\"met-social met-social-twitter\"><\/span>\n                            <\/div>\n\n\t\t\t\t\t\t\t\n                            <div class=\"wslu-hover-content\">\n                                <div class=\"xs-social-followers\">\n\t\t\t\t\t\t\t\t\t10                                <\/div>\n                                <div class=\"xs-social-follower-text\">\n\t\t\t\t\t\t\t\t\tShare                                <\/div>\n                                <div class=\"xs-social-follower-label\">\n\t\t\t\t\t\t\t\t\tTwitter                                <\/div>\n                            <\/div>\n                        <\/a>\n                    <\/li>\n\t\t\t\t\t                    <li class=\"xs-share-li telegram                        wslu-no-extra-data\">\n                        <a href=\"javascript:void(0);\"\n                           id=\"xs_feed_telegram\"\n                           onclick=\"xs_social_sharer(this);\"\n                           data-pid=\"3697\"\n                           data-uri_hash=\"f7482b7b230eb8a22033328af88782a3\"\n                           data-key=\"telegram\"\n                           data-xs-href=\"https:\/\/telegram.me\/share\/url?url=https%3A%2F%2Fvelipost.com%2Findex.php%3Frest_route%3D%252Fwp%252Fv2%252Fposts%252F3697&amp;text=Cap-Ha%C3%AFtien+accueille+la+4e+%C3%A9dition+du+festival+%C2%AB+Livres+au+F%C3%A9minin+%C2%BB\">\n\n                            <div class=\"xs-social-icon\">\n                                <span class=\"met-social met-social-telegram\"><\/span>\n                            <\/div>\n\n\t\t\t\t\t\t\t\n                            <div class=\"wslu-hover-content\">\n                                <div class=\"xs-social-followers\">\n\t\t\t\t\t\t\t\t\t0                                <\/div>\n                                <div class=\"xs-social-follower-text\">\n\t\t\t\t\t\t\t\t\tShare                                <\/div>\n                                <div class=\"xs-social-follower-label\">\n\t\t\t\t\t\t\t\t\tTelegram                                <\/div>\n                            <\/div>\n                        <\/a>\n                    <\/li>\n\t\t\t\t\t                    <li class=\"xs-share-li email                        wslu-no-extra-data\">\n                        <a href=\"javascript:void(0);\"\n                           id=\"xs_feed_email\"\n                           onclick=\"xs_social_sharer(this);\"\n                           data-pid=\"3697\"\n                           data-uri_hash=\"f7482b7b230eb8a22033328af88782a3\"\n                           data-key=\"email\"\n                           data-xs-href=\"mailto:?body=Title%3A+Cap-Ha%C3%AFtien+accueille+la+4e+%C3%A9dition+du+festival+%C2%AB+Livres+au+F%C3%A9minin+%C2%BB+%5Cn%5Cn+URL%3A+https%3A%2F%2Fvelipost.com%2Findex.php%3Frest_route%3D%252Fwp%252Fv2%252Fposts%252F3697&amp;subject=Cap-Ha%C3%AFtien+accueille+la+4e+%C3%A9dition+du+festival+%C2%AB+Livres+au+F%C3%A9minin+%C2%BB\">\n\n                            <div class=\"xs-social-icon\">\n                                <span class=\"met-social met-social-email\"><\/span>\n                            <\/div>\n\n\t\t\t\t\t\t\t\n                            <div class=\"wslu-hover-content\">\n                                <div class=\"xs-social-followers\">\n\t\t\t\t\t\t\t\t\t0                                <\/div>\n                                <div class=\"xs-social-follower-text\">\n\t\t\t\t\t\t\t\t\tShare                                <\/div>\n                                <div class=\"xs-social-follower-label\">\n\t\t\t\t\t\t\t\t\tEmail                                <\/div>\n                            <\/div>\n                        <\/a>\n                    <\/li>\n\t\t\t\t\t        <\/ul>\n    <\/div> \n","protected":false},"excerpt":{"rendered":"<p>La quatri\u00e8me \u00e9dition du festival\u00a0Livres au F\u00e9minin\u00a0a officiellement d\u00e9marr\u00e9 ce dimanche dans le Nord d\u2019Ha\u00efti. Organis\u00e9 par l\u2019Organisation pour l\u2019\u00c9mancipation des Femmes \u00e0 travers<\/p>\n","protected":false},"author":1,"featured_media":3698,"comment_status":"open","ping_status":"open","sticky":false,"template":"","format":"standard","meta":{"_uag_custom_page_level_css":"","footnotes":"","jetpack_publicize_message":"","jetpack_publicize_feature_enabled":true,"jetpack_social_post_already_shared":false,"jetpack_social_options":{"image_generator_settings":{"template":"highway","default_image_id":0,"font":"","enabled":false},"version":2}},"categories":[54],"tags":[],"class_list":["post-3697","post","type-post","status-publish","format-standard","has-post-thumbnail","hentry","category-culture"],"yoast_head":"<!-- This site is optimized with the Yoast SEO plugin v25.3.1 - https:\/\/yoast.com\/wordpress\/plugins\/seo\/ -->\n<title>Cap-Ha\u00eftien accueille la 4e \u00e9dition du festival \u00ab Livres au F\u00e9minin \u00bb &#8211; VeliPost<\/title>\n<meta name=\"robots\" content=\"index, follow, max-snippet:-1, max-image-preview:large, max-video-preview:-1\" \/>\n<link rel=\"canonical\" href=\"https:\/\/velipost.com\/?p=3697\" \/>\n<meta property=\"og:locale\" content=\"fr_FR\" \/>\n<meta property=\"og:type\" content=\"article\" \/>\n<meta property=\"og:title\" content=\"Cap-Ha\u00eftien accueille la 4e \u00e9dition du festival \u00ab Livres au F\u00e9minin \u00bb &#8211; VeliPost\" \/>\n<meta property=\"og:description\" content=\"La quatri\u00e8me \u00e9dition du festival\u00a0Livres au F\u00e9minin\u00a0a officiellement d\u00e9marr\u00e9 ce dimanche dans le Nord d\u2019Ha\u00efti. Organis\u00e9 par l\u2019Organisation pour l\u2019\u00c9mancipation des Femmes \u00e0 travers\" \/>\n<meta property=\"og:url\" content=\"https:\/\/velipost.com\/?p=3697\" \/>\n<meta property=\"og:site_name\" content=\"VeliPost\" \/>\n<meta property=\"article:publisher\" content=\"https:\/\/www.facebook.com\/veliposthaiti\" \/>\n<meta property=\"article:published_time\" content=\"2025-07-22T02:24:53+00:00\" \/>\n<meta property=\"article:modified_time\" content=\"2025-07-22T02:24:55+00:00\" \/>\n<meta property=\"og:image\" content=\"https:\/\/velipost.com\/wp-content\/uploads\/2025\/07\/Livres-au-Feminin.jpg\" \/>\n\t<meta property=\"og:image:width\" content=\"1170\" \/>\n\t<meta property=\"og:image:height\" content=\"603\" \/>\n\t<meta property=\"og:image:type\" content=\"image\/jpeg\" \/>\n<meta name=\"author\" content=\"VeliPost\" \/>\n<meta name=\"twitter:card\" content=\"summary_large_image\" \/>\n<meta name=\"twitter:creator\" content=\"@veliposthaiti\" \/>\n<meta name=\"twitter:site\" content=\"@veliposthaiti\" \/>\n<meta name=\"twitter:label1\" content=\"\u00c9crit par\" \/>\n\t<meta name=\"twitter:data1\" content=\"VeliPost\" \/>\n\t<meta name=\"twitter:label2\" content=\"Dur\u00e9e de lecture estim\u00e9e\" \/>\n\t<meta name=\"twitter:data2\" content=\"2 minutes\" \/>\n<script type=\"application\/ld+json\" class=\"yoast-schema-graph\">{\"@context\":\"https:\/\/schema.org\",\"@graph\":[{\"@type\":\"Article\",\"@id\":\"https:\/\/velipost.com\/?p=3697#article\",\"isPartOf\":{\"@id\":\"https:\/\/velipost.com\/?p=3697\"},\"author\":{\"name\":\"VeliPost\",\"@id\":\"https:\/\/velipost.com\/#\/schema\/person\/32ff49a53c9c1bb24302ee8ece058096\"},\"headline\":\"Cap-Ha\u00eftien accueille la 4e \u00e9dition du festival \u00ab Livres au F\u00e9minin \u00bb\",\"datePublished\":\"2025-07-22T02:24:53+00:00\",\"dateModified\":\"2025-07-22T02:24:55+00:00\",\"mainEntityOfPage\":{\"@id\":\"https:\/\/velipost.com\/?p=3697\"},\"wordCount\":367,\"commentCount\":0,\"publisher\":{\"@id\":\"https:\/\/velipost.com\/#organization\"},\"image\":{\"@id\":\"https:\/\/velipost.com\/?p=3697#primaryimage\"},\"thumbnailUrl\":\"https:\/\/velipost.com\/wp-content\/uploads\/2025\/07\/Livres-au-Feminin.jpg\",\"articleSection\":[\"Culture\"],\"inLanguage\":\"fr-FR\",\"potentialAction\":[{\"@type\":\"CommentAction\",\"name\":\"Comment\",\"target\":[\"https:\/\/velipost.com\/?p=3697#respond\"]}]},{\"@type\":\"WebPage\",\"@id\":\"https:\/\/velipost.com\/?p=3697\",\"url\":\"https:\/\/velipost.com\/?p=3697\",\"name\":\"Cap-Ha\u00eftien accueille la 4e \u00e9dition du festival \u00ab Livres au F\u00e9minin \u00bb &#8211; VeliPost\",\"isPartOf\":{\"@id\":\"https:\/\/velipost.com\/#website\"},\"primaryImageOfPage\":{\"@id\":\"https:\/\/velipost.com\/?p=3697#primaryimage\"},\"image\":{\"@id\":\"https:\/\/velipost.com\/?p=3697#primaryimage\"},\"thumbnailUrl\":\"https:\/\/velipost.com\/wp-content\/uploads\/2025\/07\/Livres-au-Feminin.jpg\",\"datePublished\":\"2025-07-22T02:24:53+00:00\",\"dateModified\":\"2025-07-22T02:24:55+00:00\",\"breadcrumb\":{\"@id\":\"https:\/\/velipost.com\/?p=3697#breadcrumb\"},\"inLanguage\":\"fr-FR\",\"potentialAction\":[{\"@type\":\"ReadAction\",\"target\":[\"https:\/\/velipost.com\/?p=3697\"]}]},{\"@type\":\"ImageObject\",\"inLanguage\":\"fr-FR\",\"@id\":\"https:\/\/velipost.com\/?p=3697#primaryimage\",\"url\":\"https:\/\/velipost.com\/wp-content\/uploads\/2025\/07\/Livres-au-Feminin.jpg\",\"contentUrl\":\"https:\/\/velipost.com\/wp-content\/uploads\/2025\/07\/Livres-au-Feminin.jpg\",\"width\":1170,\"height\":603},{\"@type\":\"BreadcrumbList\",\"@id\":\"https:\/\/velipost.com\/?p=3697#breadcrumb\",\"itemListElement\":[{\"@type\":\"ListItem\",\"position\":1,\"name\":\"Accueil\",\"item\":\"https:\/\/velipost.com\/\"},{\"@type\":\"ListItem\",\"position\":2,\"name\":\"Cap-Ha\u00eftien accueille la 4e \u00e9dition du festival \u00ab Livres au F\u00e9minin \u00bb\"}]},{\"@type\":\"WebSite\",\"@id\":\"https:\/\/velipost.com\/#website\",\"url\":\"https:\/\/velipost.com\/\",\"name\":\"VeliPost\",\"description\":\"L\u2019info en un clic\",\"publisher\":{\"@id\":\"https:\/\/velipost.com\/#organization\"},\"potentialAction\":[{\"@type\":\"SearchAction\",\"target\":{\"@type\":\"EntryPoint\",\"urlTemplate\":\"https:\/\/velipost.com\/?s={search_term_string}\"},\"query-input\":{\"@type\":\"PropertyValueSpecification\",\"valueRequired\":true,\"valueName\":\"search_term_string\"}}],\"inLanguage\":\"fr-FR\"},{\"@type\":\"Organization\",\"@id\":\"https:\/\/velipost.com\/#organization\",\"name\":\"VeliPost\",\"url\":\"https:\/\/velipost.com\/\",\"logo\":{\"@type\":\"ImageObject\",\"inLanguage\":\"fr-FR\",\"@id\":\"https:\/\/velipost.com\/#\/schema\/logo\/image\/\",\"url\":\"https:\/\/velipost.com\/wp-content\/uploads\/2024\/08\/cropped-VP-logo-piti.png\",\"contentUrl\":\"https:\/\/velipost.com\/wp-content\/uploads\/2024\/08\/cropped-VP-logo-piti.png\",\"width\":201,\"height\":69,\"caption\":\"VeliPost\"},\"image\":{\"@id\":\"https:\/\/velipost.com\/#\/schema\/logo\/image\/\"},\"sameAs\":[\"https:\/\/www.facebook.com\/veliposthaiti\",\"https:\/\/x.com\/veliposthaiti\",\"https:\/\/www.instagram.com\/veliposthaiti\"]},{\"@type\":\"Person\",\"@id\":\"https:\/\/velipost.com\/#\/schema\/person\/32ff49a53c9c1bb24302ee8ece058096\",\"name\":\"VeliPost\",\"image\":{\"@type\":\"ImageObject\",\"inLanguage\":\"fr-FR\",\"@id\":\"https:\/\/velipost.com\/#\/schema\/person\/image\/\",\"url\":\"https:\/\/secure.gravatar.com\/avatar\/57c226c264de62f794185a89596d4a37b85a5ad20aca30d9d5a478b27d8c8d9d?s=96&d=mm&r=g\",\"contentUrl\":\"https:\/\/secure.gravatar.com\/avatar\/57c226c264de62f794185a89596d4a37b85a5ad20aca30d9d5a478b27d8c8d9d?s=96&d=mm&r=g\",\"caption\":\"VeliPost\"},\"sameAs\":[\"https:\/\/velipost.com\"],\"url\":\"https:\/\/velipost.com\/?author=1\"}]}<\/script>\n<!-- \/ Yoast SEO plugin. -->","yoast_head_json":{"title":"Cap-Ha\u00eftien accueille la 4e \u00e9dition du festival \u00ab Livres au F\u00e9minin \u00bb &#8211; VeliPost","robots":{"index":"index","follow":"follow","max-snippet":"max-snippet:-1","max-image-preview":"max-image-preview:large","max-video-preview":"max-video-preview:-1"},"canonical":"https:\/\/velipost.com\/?p=3697","og_locale":"fr_FR","og_type":"article","og_title":"Cap-Ha\u00eftien accueille la 4e \u00e9dition du festival \u00ab Livres au F\u00e9minin \u00bb &#8211; VeliPost","og_description":"La quatri\u00e8me \u00e9dition du festival\u00a0Livres au F\u00e9minin\u00a0a officiellement d\u00e9marr\u00e9 ce dimanche dans le Nord d\u2019Ha\u00efti. Organis\u00e9 par l\u2019Organisation pour l\u2019\u00c9mancipation des Femmes \u00e0 travers","og_url":"https:\/\/velipost.com\/?p=3697","og_site_name":"VeliPost","article_publisher":"https:\/\/www.facebook.com\/veliposthaiti","article_published_time":"2025-07-22T02:24:53+00:00","article_modified_time":"2025-07-22T02:24:55+00:00","og_image":[{"width":1170,"height":603,"url":"https:\/\/velipost.com\/wp-content\/uploads\/2025\/07\/Livres-au-Feminin.jpg","type":"image\/jpeg"}],"author":"VeliPost","twitter_card":"summary_large_image","twitter_creator":"@veliposthaiti","twitter_site":"@veliposthaiti","twitter_misc":{"\u00c9crit par":"VeliPost","Dur\u00e9e de lecture estim\u00e9e":"2 minutes"},"schema":{"@context":"https:\/\/schema.org","@graph":[{"@type":"Article","@id":"https:\/\/velipost.com\/?p=3697#article","isPartOf":{"@id":"https:\/\/velipost.com\/?p=3697"},"author":{"name":"VeliPost","@id":"https:\/\/velipost.com\/#\/schema\/person\/32ff49a53c9c1bb24302ee8ece058096"},"headline":"Cap-Ha\u00eftien accueille la 4e \u00e9dition du festival \u00ab Livres au F\u00e9minin \u00bb","datePublished":"2025-07-22T02:24:53+00:00","dateModified":"2025-07-22T02:24:55+00:00","mainEntityOfPage":{"@id":"https:\/\/velipost.com\/?p=3697"},"wordCount":367,"commentCount":0,"publisher":{"@id":"https:\/\/velipost.com\/#organization"},"image":{"@id":"https:\/\/velipost.com\/?p=3697#primaryimage"},"thumbnailUrl":"https:\/\/velipost.com\/wp-content\/uploads\/2025\/07\/Livres-au-Feminin.jpg","articleSection":["Culture"],"inLanguage":"fr-FR","potentialAction":[{"@type":"CommentAction","name":"Comment","target":["https:\/\/velipost.com\/?p=3697#respond"]}]},{"@type":"WebPage","@id":"https:\/\/velipost.com\/?p=3697","url":"https:\/\/velipost.com\/?p=3697","name":"Cap-Ha\u00eftien accueille la 4e \u00e9dition du festival \u00ab Livres au F\u00e9minin \u00bb &#8211; VeliPost","isPartOf":{"@id":"https:\/\/velipost.com\/#website"},"primaryImageOfPage":{"@id":"https:\/\/velipost.com\/?p=3697#primaryimage"},"image":{"@id":"https:\/\/velipost.com\/?p=3697#primaryimage"},"thumbnailUrl":"https:\/\/velipost.com\/wp-content\/uploads\/2025\/07\/Livres-au-Feminin.jpg","datePublished":"2025-07-22T02:24:53+00:00","dateModified":"2025-07-22T02:24:55+00:00","breadcrumb":{"@id":"https:\/\/velipost.com\/?p=3697#breadcrumb"},"inLanguage":"fr-FR","potentialAction":[{"@type":"ReadAction","target":["https:\/\/velipost.com\/?p=3697"]}]},{"@type":"ImageObject","inLanguage":"fr-FR","@id":"https:\/\/velipost.com\/?p=3697#primaryimage","url":"https:\/\/velipost.com\/wp-content\/uploads\/2025\/07\/Livres-au-Feminin.jpg","contentUrl":"https:\/\/velipost.com\/wp-content\/uploads\/2025\/07\/Livres-au-Feminin.jpg","width":1170,"height":603},{"@type":"BreadcrumbList","@id":"https:\/\/velipost.com\/?p=3697#breadcrumb","itemListElement":[{"@type":"ListItem","position":1,"name":"Accueil","item":"https:\/\/velipost.com\/"},{"@type":"ListItem","position":2,"name":"Cap-Ha\u00eftien accueille la 4e \u00e9dition du festival \u00ab Livres au F\u00e9minin \u00bb"}]},{"@type":"WebSite","@id":"https:\/\/velipost.com\/#website","url":"https:\/\/velipost.com\/","name":"VeliPost","description":"L\u2019info en un clic","publisher":{"@id":"https:\/\/velipost.com\/#organization"},"potentialAction":[{"@type":"SearchAction","target":{"@type":"EntryPoint","urlTemplate":"https:\/\/velipost.com\/?s={search_term_string}"},"query-input":{"@type":"PropertyValueSpecification","valueRequired":true,"valueName":"search_term_string"}}],"inLanguage":"fr-FR"},{"@type":"Organization","@id":"https:\/\/velipost.com\/#organization","name":"VeliPost","url":"https:\/\/velipost.com\/","logo":{"@type":"ImageObject","inLanguage":"fr-FR","@id":"https:\/\/velipost.com\/#\/schema\/logo\/image\/","url":"https:\/\/velipost.com\/wp-content\/uploads\/2024\/08\/cropped-VP-logo-piti.png","contentUrl":"https:\/\/velipost.com\/wp-content\/uploads\/2024\/08\/cropped-VP-logo-piti.png","width":201,"height":69,"caption":"VeliPost"},"image":{"@id":"https:\/\/velipost.com\/#\/schema\/logo\/image\/"},"sameAs":["https:\/\/www.facebook.com\/veliposthaiti","https:\/\/x.com\/veliposthaiti","https:\/\/www.instagram.com\/veliposthaiti"]},{"@type":"Person","@id":"https:\/\/velipost.com\/#\/schema\/person\/32ff49a53c9c1bb24302ee8ece058096","name":"VeliPost","image":{"@type":"ImageObject","inLanguage":"fr-FR","@id":"https:\/\/velipost.com\/#\/schema\/person\/image\/","url":"https:\/\/secure.gravatar.com\/avatar\/57c226c264de62f794185a89596d4a37b85a5ad20aca30d9d5a478b27d8c8d9d?s=96&d=mm&r=g","contentUrl":"https:\/\/secure.gravatar.com\/avatar\/57c226c264de62f794185a89596d4a37b85a5ad20aca30d9d5a478b27d8c8d9d?s=96&d=mm&r=g","caption":"VeliPost"},"sameAs":["https:\/\/velipost.com"],"url":"https:\/\/velipost.com\/?author=1"}]}},"views":2,"jetpack_publicize_connections":[],"uagb_featured_image_src":{"full":["https:\/\/velipost.com\/wp-content\/uploads\/2025\/07\/Livres-au-Feminin.jpg",1170,603,false],"thumbnail":["https:\/\/velipost.com\/wp-content\/uploads\/2025\/07\/Livres-au-Feminin-150x150.jpg",150,150,true],"medium":["https:\/\/velipost.com\/wp-content\/uploads\/2025\/07\/Livres-au-Feminin-300x155.jpg",300,155,true],"medium_large":["https:\/\/velipost.com\/wp-content\/uploads\/2025\/07\/Livres-au-Feminin-768x396.jpg",715,369,true],"large":["https:\/\/velipost.com\/wp-content\/uploads\/2025\/07\/Livres-au-Feminin-1024x528.jpg",715,369,true],"1536x1536":["https:\/\/velipost.com\/wp-content\/uploads\/2025\/07\/Livres-au-Feminin.jpg",1170,603,false],"2048x2048":["https:\/\/velipost.com\/wp-content\/uploads\/2025\/07\/Livres-au-Feminin.jpg",1170,603,false],"colornews-big-slider":["https:\/\/velipost.com\/wp-content\/uploads\/2025\/07\/Livres-au-Feminin-1070x470.jpg",1070,470,true],"colornews-big-slider-thumb":["https:\/\/velipost.com\/wp-content\/uploads\/2025\/07\/Livres-au-Feminin-184x109.jpg",184,109,true],"colornews-featured-post-medium":["https:\/\/velipost.com\/wp-content\/uploads\/2025\/07\/Livres-au-Feminin-345x265.jpg",345,265,true],"colornews-featured-post-small":["https:\/\/velipost.com\/wp-content\/uploads\/2025\/07\/Livres-au-Feminin-115x73.jpg",115,73,true],"colornews-random-posts":["https:\/\/velipost.com\/wp-content\/uploads\/2025\/07\/Livres-au-Feminin-215x215.jpg",215,215,true],"colornews-featured-image":["https:\/\/velipost.com\/wp-content\/uploads\/2025\/07\/Livres-au-Feminin-715x400.jpg",715,400,true],"mailpoet_newsletter_max":["https:\/\/velipost.com\/wp-content\/uploads\/2025\/07\/Livres-au-Feminin.jpg",1170,603,false]},"uagb_author_info":{"display_name":"VeliPost","author_link":"https:\/\/velipost.com\/?author=1"},"uagb_comment_info":0,"uagb_excerpt":"La quatri\u00e8me \u00e9dition du festival\u00a0Livres au F\u00e9minin\u00a0a officiellement d\u00e9marr\u00e9 ce dimanche dans le Nord d\u2019Ha\u00efti. Organis\u00e9 par l\u2019Organisation pour l\u2019\u00c9mancipation des Femmes \u00e0 travers","_links":{"self":[{"href":"https:\/\/velipost.com\/index.php?rest_route=\/wp\/v2\/posts\/3697","targetHints":{"allow":["GET"]}}],"collection":[{"href":"https:\/\/velipost.com\/index.php?rest_route=\/wp\/v2\/posts"}],"about":[{"href":"https:\/\/velipost.com\/index.php?rest_route=\/wp\/v2\/types\/post"}],"author":[{"embeddable":true,"href":"https:\/\/velipost.com\/index.php?rest_route=\/wp\/v2\/users\/1"}],"replies":[{"embeddable":true,"href":"https:\/\/velipost.com\/index.php?rest_route=%2Fwp%2Fv2%2Fcomments&post=3697"}],"version-history":[{"count":1,"href":"https:\/\/velipost.com\/index.php?rest_route=\/wp\/v2\/posts\/3697\/revisions"}],"predecessor-version":[{"id":3699,"href":"https:\/\/velipost.com\/index.php?rest_route=\/wp\/v2\/posts\/3697\/revisions\/3699"}],"wp:featuredmedia":[{"embeddable":true,"href":"https:\/\/velipost.com\/index.php?rest_route=\/wp\/v2\/media\/3698"}],"wp:attachment":[{"href":"https:\/\/velipost.com\/index.php?rest_route=%2Fwp%2Fv2%2Fmedia&parent=3697"}],"wp:term":[{"taxonomy":"category","embeddable":true,"href":"https:\/\/velipost.com\/index.php?rest_route=%2Fwp%2Fv2%2Fcategories&post=3697"},{"taxonomy":"post_tag","embeddable":true,"href":"https:\/\/velipost.com\/index.php?rest_route=%2Fwp%2Fv2%2Ftags&post=3697"}],"curies":[{"name":"wp","href":"https:\/\/api.w.org\/{rel}","templated":true}]}}