{"id":3688,"date":"2025-07-20T03:04:07","date_gmt":"2025-07-20T01:04:07","guid":{"rendered":"https:\/\/velipost.com\/?p=3688"},"modified":"2025-07-20T03:04:08","modified_gmt":"2025-07-20T01:04:08","slug":"retour-sur-la-1ere-edition-du-gala-black-and-gold-affair-au-borgne-une-soiree-dunite-de-fierte-et-de-retrouvailles","status":"publish","type":"post","link":"https:\/\/velipost.com\/?p=3688","title":{"rendered":"Retour sur la 1\u00e8re \u00e9dition du Gala Black and Gold Affair au Borgne : une soir\u00e9e d\u2019unit\u00e9, de fiert\u00e9 et de retrouvailles"},"content":{"rendered":"\n<p>Le lundi 15 juillet, la commune du Borgne, dans le nord d\u2019Ha\u00efti, a vibr\u00e9 au rythme du Gala Black and Gold Affair, une premi\u00e8re \u00e9dition qui a tenu toutes ses promesses. Organis\u00e9e par JEDEB (Jeunes Engag\u00e9s pour le D\u00e9veloppement de Borgne), cette soir\u00e9e \u00e9l\u00e9gante a r\u00e9uni, dans une atmosph\u00e8re chaleureuse et festive, des membres de la diaspora ha\u00eftienne ainsi que des r\u00e9sidents locaux pour un moment de partage inoubliable.<\/p>\n\n\n\n<p>Bien plus qu\u2019un simple \u00e9v\u00e9nement mondain, le Gala s\u2019est voulu un pont entre les g\u00e9n\u00e9rations, entre ceux qui vivent au pays et ceux qui, malgr\u00e9 l\u2019\u00e9loignement, gardent un lien fort avec leur terre natale. Danse, gastronomie locale, \u00e9changes enrichissants et prestations musicales live ont rythm\u00e9 cette soir\u00e9e plac\u00e9e sous le signe de la fraternit\u00e9.<\/p>\n\n\n\n<p>Dans un contexte national difficile, cette initiative a r\u00e9sonn\u00e9 comme un acte fort d\u2019engagement citoyen. Elle a rappel\u00e9 que c\u2019est dans l\u2019union, le dialogue et la solidarit\u00e9 que se dessine l\u2019avenir d\u2019Ha\u00efti. Le Gala Black and Gold Affair a ainsi illustr\u00e9 ce que l\u2019espoir peut accomplir lorsqu\u2019il est port\u00e9 collectivement, avec c\u0153ur et conviction.<\/p>\n\n\n\n<p>Cette premi\u00e8re \u00e9dition marque le d\u00e9but d\u2019une tradition porteuse de sens, une c\u00e9l\u00e9bration de l\u2019identit\u00e9, de la r\u00e9silience et du d\u00e9sir commun de b\u00e2tir un avenir meilleur.<\/p>\n\n\n\n<figure class=\"wp-block-gallery has-nested-images columns-default is-cropped wp-block-gallery-1 is-layout-flex wp-block-gallery-is-layout-flex\">\n<figure class=\"wp-block-image size-large\"><a href=\"https:\/\/velipost.com\/wp-content\/uploads\/2025\/07\/Borgne1.jpg\"><img fetchpriority=\"high\" decoding=\"async\" width=\"1024\" height=\"528\" data-id=\"3690\" src=\"https:\/\/velipost.com\/wp-content\/uploads\/2025\/07\/Borgne1-1024x528.jpg\" alt=\"\" class=\"wp-image-3690\" srcset=\"https:\/\/velipost.com\/wp-content\/uploads\/2025\/07\/Borgne1-1024x528.jpg 1024w, https:\/\/velipost.com\/wp-content\/uploads\/2025\/07\/Borgne1-300x155.jpg 300w, https:\/\/velipost.com\/wp-content\/uploads\/2025\/07\/Borgne1-768x396.jpg 768w, https:\/\/velipost.com\/wp-content\/uploads\/2025\/07\/Borgne1.jpg 1170w\" sizes=\"(max-width: 1024px) 100vw, 1024px\" \/><\/a><\/figure>\n\n\n\n<figure class=\"wp-block-image size-large\"><a href=\"https:\/\/velipost.com\/wp-content\/uploads\/2025\/07\/Borgne2.jpg\"><img decoding=\"async\" width=\"1024\" height=\"528\" data-id=\"3691\" src=\"https:\/\/velipost.com\/wp-content\/uploads\/2025\/07\/Borgne2-1024x528.jpg\" alt=\"\" class=\"wp-image-3691\" srcset=\"https:\/\/velipost.com\/wp-content\/uploads\/2025\/07\/Borgne2-1024x528.jpg 1024w, https:\/\/velipost.com\/wp-content\/uploads\/2025\/07\/Borgne2-300x155.jpg 300w, https:\/\/velipost.com\/wp-content\/uploads\/2025\/07\/Borgne2-768x396.jpg 768w, https:\/\/velipost.com\/wp-content\/uploads\/2025\/07\/Borgne2.jpg 1170w\" sizes=\"(max-width: 1024px) 100vw, 1024px\" \/><\/a><\/figure>\n<\/figure>\n\n    <div class=\"xs_social_share_widget xs_share_url after_content \t\tmain_content  wslu-style-3 wslu-share-box-shaped wslu-fill-brand-hover-colored wslu-share-m-5 wslu-none wslu-share-horizontal wslu-theme-font-no wslu-main_content\">\n\n\t\t\n        <ul>\n\t\t\t                    <li class=\"xs-share-li twitter                        wslu-no-extra-data\">\n                        <a href=\"javascript:void(0);\"\n                           id=\"xs_feed_twitter\"\n                           onclick=\"xs_social_sharer(this);\"\n                           data-pid=\"3688\"\n                           data-uri_hash=\"c87665c62458cf560dbb0f7a156d96a9\"\n                           data-key=\"twitter\"\n                           data-xs-href=\"https:\/\/twitter.com\/intent\/tweet?text=Retour+sur+la+1%C3%A8re+%C3%A9dition+du+Gala+Black+and+Gold+Affair+au+Borgne+%3A+une+soir%C3%A9e+d%E2%80%99unit%C3%A9%2C+de+fiert%C3%A9+et+de+retrouvailles+https%3A%2F%2Fvelipost.com%2Findex.php%3Frest_route%3D%252Fwp%252Fv2%252Fposts%252F3688&amp;original_referer=https%3A%2F%2Fvelipost.com%2Findex.php%3Frest_route%3D%252Fwp%252Fv2%252Fposts%252F3688&amp;related=xpeedstudio\">\n\n                            <div class=\"xs-social-icon\">\n                                <span class=\"met-social met-social-twitter\"><\/span>\n                            <\/div>\n\n\t\t\t\t\t\t\t\n                            <div class=\"wslu-hover-content\">\n                                <div class=\"xs-social-followers\">\n\t\t\t\t\t\t\t\t\t10                                <\/div>\n                                <div class=\"xs-social-follower-text\">\n\t\t\t\t\t\t\t\t\tShare                                <\/div>\n                                <div class=\"xs-social-follower-label\">\n\t\t\t\t\t\t\t\t\tTwitter                                <\/div>\n                            <\/div>\n                        <\/a>\n                    <\/li>\n\t\t\t\t\t                    <li class=\"xs-share-li telegram                        wslu-no-extra-data\">\n                        <a href=\"javascript:void(0);\"\n                           id=\"xs_feed_telegram\"\n                           onclick=\"xs_social_sharer(this);\"\n                           data-pid=\"3688\"\n                           data-uri_hash=\"c87665c62458cf560dbb0f7a156d96a9\"\n                           data-key=\"telegram\"\n                           data-xs-href=\"https:\/\/telegram.me\/share\/url?url=https%3A%2F%2Fvelipost.com%2Findex.php%3Frest_route%3D%252Fwp%252Fv2%252Fposts%252F3688&amp;text=Retour+sur+la+1%C3%A8re+%C3%A9dition+du+Gala+Black+and+Gold+Affair+au+Borgne+%3A+une+soir%C3%A9e+d%E2%80%99unit%C3%A9%2C+de+fiert%C3%A9+et+de+retrouvailles\">\n\n                            <div class=\"xs-social-icon\">\n                                <span class=\"met-social met-social-telegram\"><\/span>\n                            <\/div>\n\n\t\t\t\t\t\t\t\n                            <div class=\"wslu-hover-content\">\n                                <div class=\"xs-social-followers\">\n\t\t\t\t\t\t\t\t\t0                                <\/div>\n                                <div class=\"xs-social-follower-text\">\n\t\t\t\t\t\t\t\t\tShare                                <\/div>\n                                <div class=\"xs-social-follower-label\">\n\t\t\t\t\t\t\t\t\tTelegram                                <\/div>\n                            <\/div>\n                        <\/a>\n                    <\/li>\n\t\t\t\t\t                    <li class=\"xs-share-li email                        wslu-no-extra-data\">\n                        <a href=\"javascript:void(0);\"\n                           id=\"xs_feed_email\"\n                           onclick=\"xs_social_sharer(this);\"\n                           data-pid=\"3688\"\n                           data-uri_hash=\"c87665c62458cf560dbb0f7a156d96a9\"\n                           data-key=\"email\"\n                           data-xs-href=\"mailto:?body=Title%3A+Retour+sur+la+1%C3%A8re+%C3%A9dition+du+Gala+Black+and+Gold+Affair+au+Borgne+%3A+une+soir%C3%A9e+d%E2%80%99unit%C3%A9%2C+de+fiert%C3%A9+et+de+retrouvailles+%5Cn%5Cn+URL%3A+https%3A%2F%2Fvelipost.com%2Findex.php%3Frest_route%3D%252Fwp%252Fv2%252Fposts%252F3688&amp;subject=Retour+sur+la+1%C3%A8re+%C3%A9dition+du+Gala+Black+and+Gold+Affair+au+Borgne+%3A+une+soir%C3%A9e+d%E2%80%99unit%C3%A9%2C+de+fiert%C3%A9+et+de+retrouvailles\">\n\n                            <div class=\"xs-social-icon\">\n                                <span class=\"met-social met-social-email\"><\/span>\n                            <\/div>\n\n\t\t\t\t\t\t\t\n                            <div class=\"wslu-hover-content\">\n                                <div class=\"xs-social-followers\">\n\t\t\t\t\t\t\t\t\t0                                <\/div>\n                                <div class=\"xs-social-follower-text\">\n\t\t\t\t\t\t\t\t\tShare                                <\/div>\n                                <div class=\"xs-social-follower-label\">\n\t\t\t\t\t\t\t\t\tEmail                                <\/div>\n                            <\/div>\n                        <\/a>\n                    <\/li>\n\t\t\t\t\t        <\/ul>\n    <\/div> \n","protected":false},"excerpt":{"rendered":"<p>Le lundi 15 juillet, la commune du Borgne, dans le nord d\u2019Ha\u00efti, a vibr\u00e9 au rythme du Gala Black and Gold Affair, une premi\u00e8re<\/p>\n","protected":false},"author":1,"featured_media":3689,"comment_status":"open","ping_status":"open","sticky":false,"template":"","format":"standard","meta":{"_uag_custom_page_level_css":"","footnotes":"","jetpack_publicize_message":"","jetpack_publicize_feature_enabled":true,"jetpack_social_post_already_shared":false,"jetpack_social_options":{"image_generator_settings":{"template":"highway","default_image_id":0,"font":"","enabled":false},"version":2}},"categories":[54],"tags":[],"class_list":["post-3688","post","type-post","status-publish","format-standard","has-post-thumbnail","hentry","category-culture"],"yoast_head":"<!-- This site is optimized with the Yoast SEO plugin v25.3.1 - https:\/\/yoast.com\/wordpress\/plugins\/seo\/ -->\n<title>Retour sur la 1\u00e8re \u00e9dition du Gala Black and Gold Affair au Borgne : une soir\u00e9e d\u2019unit\u00e9, de fiert\u00e9 et de retrouvailles &#8211; VeliPost<\/title>\n<meta name=\"robots\" content=\"index, follow, max-snippet:-1, max-image-preview:large, max-video-preview:-1\" \/>\n<link rel=\"canonical\" href=\"https:\/\/velipost.com\/?p=3688\" \/>\n<meta property=\"og:locale\" content=\"fr_FR\" \/>\n<meta property=\"og:type\" content=\"article\" \/>\n<meta property=\"og:title\" content=\"Retour sur la 1\u00e8re \u00e9dition du Gala Black and Gold Affair au Borgne : une soir\u00e9e d\u2019unit\u00e9, de fiert\u00e9 et de retrouvailles &#8211; VeliPost\" \/>\n<meta property=\"og:description\" content=\"Le lundi 15 juillet, la commune du Borgne, dans le nord d\u2019Ha\u00efti, a vibr\u00e9 au rythme du Gala Black and Gold Affair, une premi\u00e8re\" \/>\n<meta property=\"og:url\" content=\"https:\/\/velipost.com\/?p=3688\" \/>\n<meta property=\"og:site_name\" content=\"VeliPost\" \/>\n<meta property=\"article:publisher\" content=\"https:\/\/www.facebook.com\/veliposthaiti\" \/>\n<meta property=\"article:published_time\" content=\"2025-07-20T01:04:07+00:00\" \/>\n<meta property=\"article:modified_time\" content=\"2025-07-20T01:04:08+00:00\" \/>\n<meta property=\"og:image\" content=\"https:\/\/velipost.com\/wp-content\/uploads\/2025\/07\/Borgne.jpg\" \/>\n\t<meta property=\"og:image:width\" content=\"1170\" \/>\n\t<meta property=\"og:image:height\" content=\"603\" \/>\n\t<meta property=\"og:image:type\" content=\"image\/jpeg\" \/>\n<meta name=\"author\" content=\"VeliPost\" \/>\n<meta name=\"twitter:card\" content=\"summary_large_image\" \/>\n<meta name=\"twitter:creator\" content=\"@veliposthaiti\" \/>\n<meta name=\"twitter:site\" content=\"@veliposthaiti\" \/>\n<meta name=\"twitter:label1\" content=\"\u00c9crit par\" \/>\n\t<meta name=\"twitter:data1\" content=\"VeliPost\" \/>\n\t<meta name=\"twitter:label2\" content=\"Dur\u00e9e de lecture estim\u00e9e\" \/>\n\t<meta name=\"twitter:data2\" content=\"2 minutes\" \/>\n<script type=\"application\/ld+json\" class=\"yoast-schema-graph\">{\"@context\":\"https:\/\/schema.org\",\"@graph\":[{\"@type\":\"Article\",\"@id\":\"https:\/\/velipost.com\/?p=3688#article\",\"isPartOf\":{\"@id\":\"https:\/\/velipost.com\/?p=3688\"},\"author\":{\"name\":\"VeliPost\",\"@id\":\"https:\/\/velipost.com\/#\/schema\/person\/32ff49a53c9c1bb24302ee8ece058096\"},\"headline\":\"Retour sur la 1\u00e8re \u00e9dition du Gala Black and Gold Affair au Borgne : une soir\u00e9e d\u2019unit\u00e9, de fiert\u00e9 et de retrouvailles\",\"datePublished\":\"2025-07-20T01:04:07+00:00\",\"dateModified\":\"2025-07-20T01:04:08+00:00\",\"mainEntityOfPage\":{\"@id\":\"https:\/\/velipost.com\/?p=3688\"},\"wordCount\":265,\"commentCount\":0,\"publisher\":{\"@id\":\"https:\/\/velipost.com\/#organization\"},\"image\":{\"@id\":\"https:\/\/velipost.com\/?p=3688#primaryimage\"},\"thumbnailUrl\":\"https:\/\/velipost.com\/wp-content\/uploads\/2025\/07\/Borgne.jpg\",\"articleSection\":[\"Culture\"],\"inLanguage\":\"fr-FR\",\"potentialAction\":[{\"@type\":\"CommentAction\",\"name\":\"Comment\",\"target\":[\"https:\/\/velipost.com\/?p=3688#respond\"]}]},{\"@type\":\"WebPage\",\"@id\":\"https:\/\/velipost.com\/?p=3688\",\"url\":\"https:\/\/velipost.com\/?p=3688\",\"name\":\"Retour sur la 1\u00e8re \u00e9dition du Gala Black and Gold Affair au Borgne : une soir\u00e9e d\u2019unit\u00e9, de fiert\u00e9 et de retrouvailles &#8211; VeliPost\",\"isPartOf\":{\"@id\":\"https:\/\/velipost.com\/#website\"},\"primaryImageOfPage\":{\"@id\":\"https:\/\/velipost.com\/?p=3688#primaryimage\"},\"image\":{\"@id\":\"https:\/\/velipost.com\/?p=3688#primaryimage\"},\"thumbnailUrl\":\"https:\/\/velipost.com\/wp-content\/uploads\/2025\/07\/Borgne.jpg\",\"datePublished\":\"2025-07-20T01:04:07+00:00\",\"dateModified\":\"2025-07-20T01:04:08+00:00\",\"breadcrumb\":{\"@id\":\"https:\/\/velipost.com\/?p=3688#breadcrumb\"},\"inLanguage\":\"fr-FR\",\"potentialAction\":[{\"@type\":\"ReadAction\",\"target\":[\"https:\/\/velipost.com\/?p=3688\"]}]},{\"@type\":\"ImageObject\",\"inLanguage\":\"fr-FR\",\"@id\":\"https:\/\/velipost.com\/?p=3688#primaryimage\",\"url\":\"https:\/\/velipost.com\/wp-content\/uploads\/2025\/07\/Borgne.jpg\",\"contentUrl\":\"https:\/\/velipost.com\/wp-content\/uploads\/2025\/07\/Borgne.jpg\",\"width\":1170,\"height\":603},{\"@type\":\"BreadcrumbList\",\"@id\":\"https:\/\/velipost.com\/?p=3688#breadcrumb\",\"itemListElement\":[{\"@type\":\"ListItem\",\"position\":1,\"name\":\"Accueil\",\"item\":\"https:\/\/velipost.com\/\"},{\"@type\":\"ListItem\",\"position\":2,\"name\":\"Retour sur la 1\u00e8re \u00e9dition du Gala Black and Gold Affair au Borgne : une soir\u00e9e d\u2019unit\u00e9, de fiert\u00e9 et de retrouvailles\"}]},{\"@type\":\"WebSite\",\"@id\":\"https:\/\/velipost.com\/#website\",\"url\":\"https:\/\/velipost.com\/\",\"name\":\"VeliPost\",\"description\":\"L\u2019info en un clic\",\"publisher\":{\"@id\":\"https:\/\/velipost.com\/#organization\"},\"potentialAction\":[{\"@type\":\"SearchAction\",\"target\":{\"@type\":\"EntryPoint\",\"urlTemplate\":\"https:\/\/velipost.com\/?s={search_term_string}\"},\"query-input\":{\"@type\":\"PropertyValueSpecification\",\"valueRequired\":true,\"valueName\":\"search_term_string\"}}],\"inLanguage\":\"fr-FR\"},{\"@type\":\"Organization\",\"@id\":\"https:\/\/velipost.com\/#organization\",\"name\":\"VeliPost\",\"url\":\"https:\/\/velipost.com\/\",\"logo\":{\"@type\":\"ImageObject\",\"inLanguage\":\"fr-FR\",\"@id\":\"https:\/\/velipost.com\/#\/schema\/logo\/image\/\",\"url\":\"https:\/\/velipost.com\/wp-content\/uploads\/2024\/08\/cropped-VP-logo-piti.png\",\"contentUrl\":\"https:\/\/velipost.com\/wp-content\/uploads\/2024\/08\/cropped-VP-logo-piti.png\",\"width\":201,\"height\":69,\"caption\":\"VeliPost\"},\"image\":{\"@id\":\"https:\/\/velipost.com\/#\/schema\/logo\/image\/\"},\"sameAs\":[\"https:\/\/www.facebook.com\/veliposthaiti\",\"https:\/\/x.com\/veliposthaiti\",\"https:\/\/www.instagram.com\/veliposthaiti\"]},{\"@type\":\"Person\",\"@id\":\"https:\/\/velipost.com\/#\/schema\/person\/32ff49a53c9c1bb24302ee8ece058096\",\"name\":\"VeliPost\",\"image\":{\"@type\":\"ImageObject\",\"inLanguage\":\"fr-FR\",\"@id\":\"https:\/\/velipost.com\/#\/schema\/person\/image\/\",\"url\":\"https:\/\/secure.gravatar.com\/avatar\/57c226c264de62f794185a89596d4a37b85a5ad20aca30d9d5a478b27d8c8d9d?s=96&d=mm&r=g\",\"contentUrl\":\"https:\/\/secure.gravatar.com\/avatar\/57c226c264de62f794185a89596d4a37b85a5ad20aca30d9d5a478b27d8c8d9d?s=96&d=mm&r=g\",\"caption\":\"VeliPost\"},\"sameAs\":[\"https:\/\/velipost.com\"],\"url\":\"https:\/\/velipost.com\/?author=1\"}]}<\/script>\n<!-- \/ Yoast SEO plugin. -->","yoast_head_json":{"title":"Retour sur la 1\u00e8re \u00e9dition du Gala Black and Gold Affair au Borgne : une soir\u00e9e d\u2019unit\u00e9, de fiert\u00e9 et de retrouvailles &#8211; VeliPost","robots":{"index":"index","follow":"follow","max-snippet":"max-snippet:-1","max-image-preview":"max-image-preview:large","max-video-preview":"max-video-preview:-1"},"canonical":"https:\/\/velipost.com\/?p=3688","og_locale":"fr_FR","og_type":"article","og_title":"Retour sur la 1\u00e8re \u00e9dition du Gala Black and Gold Affair au Borgne : une soir\u00e9e d\u2019unit\u00e9, de fiert\u00e9 et de retrouvailles &#8211; VeliPost","og_description":"Le lundi 15 juillet, la commune du Borgne, dans le nord d\u2019Ha\u00efti, a vibr\u00e9 au rythme du Gala Black and Gold Affair, une premi\u00e8re","og_url":"https:\/\/velipost.com\/?p=3688","og_site_name":"VeliPost","article_publisher":"https:\/\/www.facebook.com\/veliposthaiti","article_published_time":"2025-07-20T01:04:07+00:00","article_modified_time":"2025-07-20T01:04:08+00:00","og_image":[{"width":1170,"height":603,"url":"https:\/\/velipost.com\/wp-content\/uploads\/2025\/07\/Borgne.jpg","type":"image\/jpeg"}],"author":"VeliPost","twitter_card":"summary_large_image","twitter_creator":"@veliposthaiti","twitter_site":"@veliposthaiti","twitter_misc":{"\u00c9crit par":"VeliPost","Dur\u00e9e de lecture estim\u00e9e":"2 minutes"},"schema":{"@context":"https:\/\/schema.org","@graph":[{"@type":"Article","@id":"https:\/\/velipost.com\/?p=3688#article","isPartOf":{"@id":"https:\/\/velipost.com\/?p=3688"},"author":{"name":"VeliPost","@id":"https:\/\/velipost.com\/#\/schema\/person\/32ff49a53c9c1bb24302ee8ece058096"},"headline":"Retour sur la 1\u00e8re \u00e9dition du Gala Black and Gold Affair au Borgne : une soir\u00e9e d\u2019unit\u00e9, de fiert\u00e9 et de retrouvailles","datePublished":"2025-07-20T01:04:07+00:00","dateModified":"2025-07-20T01:04:08+00:00","mainEntityOfPage":{"@id":"https:\/\/velipost.com\/?p=3688"},"wordCount":265,"commentCount":0,"publisher":{"@id":"https:\/\/velipost.com\/#organization"},"image":{"@id":"https:\/\/velipost.com\/?p=3688#primaryimage"},"thumbnailUrl":"https:\/\/velipost.com\/wp-content\/uploads\/2025\/07\/Borgne.jpg","articleSection":["Culture"],"inLanguage":"fr-FR","potentialAction":[{"@type":"CommentAction","name":"Comment","target":["https:\/\/velipost.com\/?p=3688#respond"]}]},{"@type":"WebPage","@id":"https:\/\/velipost.com\/?p=3688","url":"https:\/\/velipost.com\/?p=3688","name":"Retour sur la 1\u00e8re \u00e9dition du Gala Black and Gold Affair au Borgne : une soir\u00e9e d\u2019unit\u00e9, de fiert\u00e9 et de retrouvailles &#8211; VeliPost","isPartOf":{"@id":"https:\/\/velipost.com\/#website"},"primaryImageOfPage":{"@id":"https:\/\/velipost.com\/?p=3688#primaryimage"},"image":{"@id":"https:\/\/velipost.com\/?p=3688#primaryimage"},"thumbnailUrl":"https:\/\/velipost.com\/wp-content\/uploads\/2025\/07\/Borgne.jpg","datePublished":"2025-07-20T01:04:07+00:00","dateModified":"2025-07-20T01:04:08+00:00","breadcrumb":{"@id":"https:\/\/velipost.com\/?p=3688#breadcrumb"},"inLanguage":"fr-FR","potentialAction":[{"@type":"ReadAction","target":["https:\/\/velipost.com\/?p=3688"]}]},{"@type":"ImageObject","inLanguage":"fr-FR","@id":"https:\/\/velipost.com\/?p=3688#primaryimage","url":"https:\/\/velipost.com\/wp-content\/uploads\/2025\/07\/Borgne.jpg","contentUrl":"https:\/\/velipost.com\/wp-content\/uploads\/2025\/07\/Borgne.jpg","width":1170,"height":603},{"@type":"BreadcrumbList","@id":"https:\/\/velipost.com\/?p=3688#breadcrumb","itemListElement":[{"@type":"ListItem","position":1,"name":"Accueil","item":"https:\/\/velipost.com\/"},{"@type":"ListItem","position":2,"name":"Retour sur la 1\u00e8re \u00e9dition du Gala Black and Gold Affair au Borgne : une soir\u00e9e d\u2019unit\u00e9, de fiert\u00e9 et de retrouvailles"}]},{"@type":"WebSite","@id":"https:\/\/velipost.com\/#website","url":"https:\/\/velipost.com\/","name":"VeliPost","description":"L\u2019info en un clic","publisher":{"@id":"https:\/\/velipost.com\/#organization"},"potentialAction":[{"@type":"SearchAction","target":{"@type":"EntryPoint","urlTemplate":"https:\/\/velipost.com\/?s={search_term_string}"},"query-input":{"@type":"PropertyValueSpecification","valueRequired":true,"valueName":"search_term_string"}}],"inLanguage":"fr-FR"},{"@type":"Organization","@id":"https:\/\/velipost.com\/#organization","name":"VeliPost","url":"https:\/\/velipost.com\/","logo":{"@type":"ImageObject","inLanguage":"fr-FR","@id":"https:\/\/velipost.com\/#\/schema\/logo\/image\/","url":"https:\/\/velipost.com\/wp-content\/uploads\/2024\/08\/cropped-VP-logo-piti.png","contentUrl":"https:\/\/velipost.com\/wp-content\/uploads\/2024\/08\/cropped-VP-logo-piti.png","width":201,"height":69,"caption":"VeliPost"},"image":{"@id":"https:\/\/velipost.com\/#\/schema\/logo\/image\/"},"sameAs":["https:\/\/www.facebook.com\/veliposthaiti","https:\/\/x.com\/veliposthaiti","https:\/\/www.instagram.com\/veliposthaiti"]},{"@type":"Person","@id":"https:\/\/velipost.com\/#\/schema\/person\/32ff49a53c9c1bb24302ee8ece058096","name":"VeliPost","image":{"@type":"ImageObject","inLanguage":"fr-FR","@id":"https:\/\/velipost.com\/#\/schema\/person\/image\/","url":"https:\/\/secure.gravatar.com\/avatar\/57c226c264de62f794185a89596d4a37b85a5ad20aca30d9d5a478b27d8c8d9d?s=96&d=mm&r=g","contentUrl":"https:\/\/secure.gravatar.com\/avatar\/57c226c264de62f794185a89596d4a37b85a5ad20aca30d9d5a478b27d8c8d9d?s=96&d=mm&r=g","caption":"VeliPost"},"sameAs":["https:\/\/velipost.com"],"url":"https:\/\/velipost.com\/?author=1"}]}},"views":1,"jetpack_publicize_connections":[],"uagb_featured_image_src":{"full":["https:\/\/velipost.com\/wp-content\/uploads\/2025\/07\/Borgne.jpg",1170,603,false],"thumbnail":["https:\/\/velipost.com\/wp-content\/uploads\/2025\/07\/Borgne-150x150.jpg",150,150,true],"medium":["https:\/\/velipost.com\/wp-content\/uploads\/2025\/07\/Borgne-300x155.jpg",300,155,true],"medium_large":["https:\/\/velipost.com\/wp-content\/uploads\/2025\/07\/Borgne-768x396.jpg",715,369,true],"large":["https:\/\/velipost.com\/wp-content\/uploads\/2025\/07\/Borgne-1024x528.jpg",715,369,true],"1536x1536":["https:\/\/velipost.com\/wp-content\/uploads\/2025\/07\/Borgne.jpg",1170,603,false],"2048x2048":["https:\/\/velipost.com\/wp-content\/uploads\/2025\/07\/Borgne.jpg",1170,603,false],"colornews-big-slider":["https:\/\/velipost.com\/wp-content\/uploads\/2025\/07\/Borgne-1070x470.jpg",1070,470,true],"colornews-big-slider-thumb":["https:\/\/velipost.com\/wp-content\/uploads\/2025\/07\/Borgne-184x109.jpg",184,109,true],"colornews-featured-post-medium":["https:\/\/velipost.com\/wp-content\/uploads\/2025\/07\/Borgne-345x265.jpg",345,265,true],"colornews-featured-post-small":["https:\/\/velipost.com\/wp-content\/uploads\/2025\/07\/Borgne-115x73.jpg",115,73,true],"colornews-random-posts":["https:\/\/velipost.com\/wp-content\/uploads\/2025\/07\/Borgne-215x215.jpg",215,215,true],"colornews-featured-image":["https:\/\/velipost.com\/wp-content\/uploads\/2025\/07\/Borgne-715x400.jpg",715,400,true],"mailpoet_newsletter_max":["https:\/\/velipost.com\/wp-content\/uploads\/2025\/07\/Borgne.jpg",1170,603,false]},"uagb_author_info":{"display_name":"VeliPost","author_link":"https:\/\/velipost.com\/?author=1"},"uagb_comment_info":0,"uagb_excerpt":"Le lundi 15 juillet, la commune du Borgne, dans le nord d\u2019Ha\u00efti, a vibr\u00e9 au rythme du Gala Black and Gold Affair, une premi\u00e8re","_links":{"self":[{"href":"https:\/\/velipost.com\/index.php?rest_route=\/wp\/v2\/posts\/3688","targetHints":{"allow":["GET"]}}],"collection":[{"href":"https:\/\/velipost.com\/index.php?rest_route=\/wp\/v2\/posts"}],"about":[{"href":"https:\/\/velipost.com\/index.php?rest_route=\/wp\/v2\/types\/post"}],"author":[{"embeddable":true,"href":"https:\/\/velipost.com\/index.php?rest_route=\/wp\/v2\/users\/1"}],"replies":[{"embeddable":true,"href":"https:\/\/velipost.com\/index.php?rest_route=%2Fwp%2Fv2%2Fcomments&post=3688"}],"version-history":[{"count":1,"href":"https:\/\/velipost.com\/index.php?rest_route=\/wp\/v2\/posts\/3688\/revisions"}],"predecessor-version":[{"id":3692,"href":"https:\/\/velipost.com\/index.php?rest_route=\/wp\/v2\/posts\/3688\/revisions\/3692"}],"wp:featuredmedia":[{"embeddable":true,"href":"https:\/\/velipost.com\/index.php?rest_route=\/wp\/v2\/media\/3689"}],"wp:attachment":[{"href":"https:\/\/velipost.com\/index.php?rest_route=%2Fwp%2Fv2%2Fmedia&parent=3688"}],"wp:term":[{"taxonomy":"category","embeddable":true,"href":"https:\/\/velipost.com\/index.php?rest_route=%2Fwp%2Fv2%2Fcategories&post=3688"},{"taxonomy":"post_tag","embeddable":true,"href":"https:\/\/velipost.com\/index.php?rest_route=%2Fwp%2Fv2%2Ftags&post=3688"}],"curies":[{"name":"wp","href":"https:\/\/api.w.org\/{rel}","templated":true}]}}