{"id":3572,"date":"2025-06-16T17:05:11","date_gmt":"2025-06-16T15:05:11","guid":{"rendered":"https:\/\/velipost.com\/?p=3572"},"modified":"2025-06-16T17:05:12","modified_gmt":"2025-06-16T15:05:12","slug":"crise-en-haiti-reveil-du-nord-rejette-lavant-projet-de-constitution-et-appelle-a-un-dialogue-national-inclusif","status":"publish","type":"post","link":"https:\/\/velipost.com\/?p=3572","title":{"rendered":"Crise en Ha\u00efti : Reveil du Nord rejette l\u2019avant-projet de Constitution et appelle \u00e0 un dialogue national inclusif"},"content":{"rendered":"\n<p>L&rsquo;organisation socio-politique Reveil du Nord rejette fermement l\u2019avant-projet de nouvelle Constitution propos\u00e9 actuellement, le jugeant inadapt\u00e9 aux r\u00e9alit\u00e9s ha\u00eftiennes. Dans un communiqu\u00e9 publi\u00e9 le 10 juin 2025, la structure appelle \u00e0 un dialogue national inclusif r\u00e9unissant tous les secteurs de la soci\u00e9t\u00e9 pour refonder le projet social ha\u00eftien.<\/p>\n\n\n\n<p>Selon ladite organisation, le pays se trouve dans un \u00e9tat de d\u00e9sint\u00e9gration, min\u00e9 par une ins\u00e9curit\u00e9 galopante, le d\u00e9placement massif de populations, et la paralysie quasi totale des institutions. La situation est jug\u00e9e si critique qu\u2019Ha\u00efti serait, selon leurs mots, \u00ab arriv\u00e9 \u00e0 son point de rupture \u00bb.<\/p>\n\n\n\n<p>Reveil du Nord d\u00e9nonce l&rsquo;inaction et l\u2019irresponsabilit\u00e9 des dirigeants actuels, affirmant que l\u2019\u00c9tat est \u00ab \u00e0 genoux \u00bb, priv\u00e9 de loi, de droits et de devoirs. Il consid\u00e8re que seule une refonte profonde du syst\u00e8me peut permettre au pays d\u2019envisager une sortie de crise durable.<\/p>\n\n\n\n<p>Tout en soutenant la n\u00e9cessit\u00e9 d\u2019une nouvelle Constitution pour stabiliser politiquement le pays, planifier le d\u00e9veloppement, renforcer l\u2019\u00e9ducation et int\u00e9grer la diaspora, Reveil du Nord refuse cat\u00e9goriquement un texte impos\u00e9 sans consultation r\u00e9elle du peuple ha\u00eftien.<\/p>\n\n\n\n<p>\u00ab Nous ne pouvons accepter une Constitution toute faite, d\u00e9connect\u00e9e de nos r\u00e9alit\u00e9s, qui risquerait de plonger le pays dans une crise encore plus grave \u00bb, peut-on lire dans le communiqu\u00e9.<\/p>\n\n\n\n<p>L&rsquo;organisation politique insiste que seule une Constitution l\u00e9gitime, \u00e9labor\u00e9e \u00e0 partir d\u2019un processus participatif, pourra r\u00e9tablir la confiance, garantir la stabilit\u00e9 et ouvrir la voie \u00e0 un avenir meilleur pour l\u2019ensemble de la population.<\/p>\n\n\n\n<p>Reveil du Nord salue la r\u00e9silience du peuple ha\u00eftien, qu\u2019il d\u00e9crit comme \u00ab d\u00e9termin\u00e9 \u00e0 ne pas c\u00e9der face aux calamit\u00e9s \u00bb, malgr\u00e9 l\u2019effondrement progressif de l\u2019\u00c9tat et la mont\u00e9e en puissance des gangs.<\/p>\n\n\n\n<p>Le communiqu\u00e9 conclut sur un appel \u00e0 la mobilisation nationale et \u00e0 la responsabilit\u00e9 collective : \u00ab Le moment est venu de tourner la page de notre pass\u00e9 r\u00e9cent et de construire, avec fiert\u00e9, un avenir plus juste et plus inclusif. \u00bb<\/p>\n\n    <div class=\"xs_social_share_widget xs_share_url after_content \t\tmain_content  wslu-style-3 wslu-share-box-shaped wslu-fill-brand-hover-colored wslu-share-m-5 wslu-none wslu-share-horizontal wslu-theme-font-no wslu-main_content\">\n\n\t\t\n        <ul>\n\t\t\t                    <li class=\"xs-share-li twitter                        wslu-no-extra-data\">\n                        <a href=\"javascript:void(0);\"\n                           id=\"xs_feed_twitter\"\n                           onclick=\"xs_social_sharer(this);\"\n                           data-pid=\"3572\"\n                           data-uri_hash=\"1bb4994d550717c6d387ae3c7f3d37ac\"\n                           data-key=\"twitter\"\n                           data-xs-href=\"https:\/\/twitter.com\/intent\/tweet?text=Crise+en+Ha%C3%AFti+%3A+Reveil+du+Nord+rejette+l%E2%80%99avant-projet+de+Constitution+et+appelle+%C3%A0+un+dialogue+national+inclusif+https%3A%2F%2Fvelipost.com%2Findex.php%3Frest_route%3D%252Fwp%252Fv2%252Fposts%252F3572&amp;original_referer=https%3A%2F%2Fvelipost.com%2Findex.php%3Frest_route%3D%252Fwp%252Fv2%252Fposts%252F3572&amp;related=xpeedstudio\">\n\n                            <div class=\"xs-social-icon\">\n                                <span class=\"met-social met-social-twitter\"><\/span>\n                            <\/div>\n\n\t\t\t\t\t\t\t\n                            <div class=\"wslu-hover-content\">\n                                <div class=\"xs-social-followers\">\n\t\t\t\t\t\t\t\t\t10                                <\/div>\n                                <div class=\"xs-social-follower-text\">\n\t\t\t\t\t\t\t\t\tShare                                <\/div>\n                                <div class=\"xs-social-follower-label\">\n\t\t\t\t\t\t\t\t\tTwitter                                <\/div>\n                            <\/div>\n                        <\/a>\n                    <\/li>\n\t\t\t\t\t                    <li class=\"xs-share-li telegram                        wslu-no-extra-data\">\n                        <a href=\"javascript:void(0);\"\n                           id=\"xs_feed_telegram\"\n                           onclick=\"xs_social_sharer(this);\"\n                           data-pid=\"3572\"\n                           data-uri_hash=\"1bb4994d550717c6d387ae3c7f3d37ac\"\n                           data-key=\"telegram\"\n                           data-xs-href=\"https:\/\/telegram.me\/share\/url?url=https%3A%2F%2Fvelipost.com%2Findex.php%3Frest_route%3D%252Fwp%252Fv2%252Fposts%252F3572&amp;text=Crise+en+Ha%C3%AFti+%3A+Reveil+du+Nord+rejette+l%E2%80%99avant-projet+de+Constitution+et+appelle+%C3%A0+un+dialogue+national+inclusif\">\n\n                            <div class=\"xs-social-icon\">\n                                <span class=\"met-social met-social-telegram\"><\/span>\n                            <\/div>\n\n\t\t\t\t\t\t\t\n                            <div class=\"wslu-hover-content\">\n                                <div class=\"xs-social-followers\">\n\t\t\t\t\t\t\t\t\t0                                <\/div>\n                                <div class=\"xs-social-follower-text\">\n\t\t\t\t\t\t\t\t\tShare                                <\/div>\n                                <div class=\"xs-social-follower-label\">\n\t\t\t\t\t\t\t\t\tTelegram                                <\/div>\n                            <\/div>\n                        <\/a>\n                    <\/li>\n\t\t\t\t\t                    <li class=\"xs-share-li email                        wslu-no-extra-data\">\n                        <a href=\"javascript:void(0);\"\n                           id=\"xs_feed_email\"\n                           onclick=\"xs_social_sharer(this);\"\n                           data-pid=\"3572\"\n                           data-uri_hash=\"1bb4994d550717c6d387ae3c7f3d37ac\"\n                           data-key=\"email\"\n                           data-xs-href=\"mailto:?body=Title%3A+Crise+en+Ha%C3%AFti+%3A+Reveil+du+Nord+rejette+l%E2%80%99avant-projet+de+Constitution+et+appelle+%C3%A0+un+dialogue+national+inclusif+%5Cn%5Cn+URL%3A+https%3A%2F%2Fvelipost.com%2Findex.php%3Frest_route%3D%252Fwp%252Fv2%252Fposts%252F3572&amp;subject=Crise+en+Ha%C3%AFti+%3A+Reveil+du+Nord+rejette+l%E2%80%99avant-projet+de+Constitution+et+appelle+%C3%A0+un+dialogue+national+inclusif\">\n\n                            <div class=\"xs-social-icon\">\n                                <span class=\"met-social met-social-email\"><\/span>\n                            <\/div>\n\n\t\t\t\t\t\t\t\n                            <div class=\"wslu-hover-content\">\n                                <div class=\"xs-social-followers\">\n\t\t\t\t\t\t\t\t\t0                                <\/div>\n                                <div class=\"xs-social-follower-text\">\n\t\t\t\t\t\t\t\t\tShare                                <\/div>\n                                <div class=\"xs-social-follower-label\">\n\t\t\t\t\t\t\t\t\tEmail                                <\/div>\n                            <\/div>\n                        <\/a>\n                    <\/li>\n\t\t\t\t\t        <\/ul>\n    <\/div> \n","protected":false},"excerpt":{"rendered":"<p>L&rsquo;organisation socio-politique Reveil du Nord rejette fermement l\u2019avant-projet de nouvelle Constitution propos\u00e9 actuellement, le jugeant inadapt\u00e9 aux r\u00e9alit\u00e9s ha\u00eftiennes. Dans un communiqu\u00e9 publi\u00e9 le<\/p>\n","protected":false},"author":1,"featured_media":3573,"comment_status":"open","ping_status":"open","sticky":false,"template":"","format":"standard","meta":{"_uag_custom_page_level_css":"","footnotes":"","jetpack_publicize_message":"","jetpack_publicize_feature_enabled":true,"jetpack_social_post_already_shared":false,"jetpack_social_options":{"image_generator_settings":{"template":"highway","default_image_id":0,"font":"","enabled":false},"version":2}},"categories":[115],"tags":[],"class_list":["post-3572","post","type-post","status-publish","format-standard","has-post-thumbnail","hentry","category-politique"],"yoast_head":"<!-- This site is optimized with the Yoast SEO plugin v25.3.1 - https:\/\/yoast.com\/wordpress\/plugins\/seo\/ -->\n<title>Crise en Ha\u00efti : Reveil du Nord rejette l\u2019avant-projet de Constitution et appelle \u00e0 un dialogue national inclusif &#8211; VeliPost<\/title>\n<meta name=\"robots\" content=\"index, follow, max-snippet:-1, max-image-preview:large, max-video-preview:-1\" \/>\n<link rel=\"canonical\" href=\"https:\/\/velipost.com\/?p=3572\" \/>\n<meta property=\"og:locale\" content=\"fr_FR\" \/>\n<meta property=\"og:type\" content=\"article\" \/>\n<meta property=\"og:title\" content=\"Crise en Ha\u00efti : Reveil du Nord rejette l\u2019avant-projet de Constitution et appelle \u00e0 un dialogue national inclusif &#8211; VeliPost\" \/>\n<meta property=\"og:description\" content=\"L&rsquo;organisation socio-politique Reveil du Nord rejette fermement l\u2019avant-projet de nouvelle Constitution propos\u00e9 actuellement, le jugeant inadapt\u00e9 aux r\u00e9alit\u00e9s ha\u00eftiennes. Dans un communiqu\u00e9 publi\u00e9 le\" \/>\n<meta property=\"og:url\" content=\"https:\/\/velipost.com\/?p=3572\" \/>\n<meta property=\"og:site_name\" content=\"VeliPost\" \/>\n<meta property=\"article:publisher\" content=\"https:\/\/www.facebook.com\/veliposthaiti\" \/>\n<meta property=\"article:published_time\" content=\"2025-06-16T15:05:11+00:00\" \/>\n<meta property=\"article:modified_time\" content=\"2025-06-16T15:05:12+00:00\" \/>\n<meta property=\"og:image\" content=\"https:\/\/velipost.com\/wp-content\/uploads\/2025\/06\/reveil.jpg\" \/>\n\t<meta property=\"og:image:width\" content=\"1170\" \/>\n\t<meta property=\"og:image:height\" content=\"603\" \/>\n\t<meta property=\"og:image:type\" content=\"image\/jpeg\" \/>\n<meta name=\"author\" content=\"VeliPost\" \/>\n<meta name=\"twitter:card\" content=\"summary_large_image\" \/>\n<meta name=\"twitter:creator\" content=\"@veliposthaiti\" \/>\n<meta name=\"twitter:site\" content=\"@veliposthaiti\" \/>\n<meta name=\"twitter:label1\" content=\"\u00c9crit par\" \/>\n\t<meta name=\"twitter:data1\" content=\"VeliPost\" \/>\n\t<meta name=\"twitter:label2\" content=\"Dur\u00e9e de lecture estim\u00e9e\" \/>\n\t<meta name=\"twitter:data2\" content=\"2 minutes\" \/>\n<script type=\"application\/ld+json\" class=\"yoast-schema-graph\">{\"@context\":\"https:\/\/schema.org\",\"@graph\":[{\"@type\":\"Article\",\"@id\":\"https:\/\/velipost.com\/?p=3572#article\",\"isPartOf\":{\"@id\":\"https:\/\/velipost.com\/?p=3572\"},\"author\":{\"name\":\"VeliPost\",\"@id\":\"https:\/\/velipost.com\/#\/schema\/person\/32ff49a53c9c1bb24302ee8ece058096\"},\"headline\":\"Crise en Ha\u00efti : Reveil du Nord rejette l\u2019avant-projet de Constitution et appelle \u00e0 un dialogue national inclusif\",\"datePublished\":\"2025-06-16T15:05:11+00:00\",\"dateModified\":\"2025-06-16T15:05:12+00:00\",\"mainEntityOfPage\":{\"@id\":\"https:\/\/velipost.com\/?p=3572\"},\"wordCount\":366,\"commentCount\":1,\"publisher\":{\"@id\":\"https:\/\/velipost.com\/#organization\"},\"image\":{\"@id\":\"https:\/\/velipost.com\/?p=3572#primaryimage\"},\"thumbnailUrl\":\"https:\/\/velipost.com\/wp-content\/uploads\/2025\/06\/reveil.jpg\",\"articleSection\":[\"Politique\"],\"inLanguage\":\"fr-FR\",\"potentialAction\":[{\"@type\":\"CommentAction\",\"name\":\"Comment\",\"target\":[\"https:\/\/velipost.com\/?p=3572#respond\"]}]},{\"@type\":\"WebPage\",\"@id\":\"https:\/\/velipost.com\/?p=3572\",\"url\":\"https:\/\/velipost.com\/?p=3572\",\"name\":\"Crise en Ha\u00efti : Reveil du Nord rejette l\u2019avant-projet de Constitution et appelle \u00e0 un dialogue national inclusif &#8211; VeliPost\",\"isPartOf\":{\"@id\":\"https:\/\/velipost.com\/#website\"},\"primaryImageOfPage\":{\"@id\":\"https:\/\/velipost.com\/?p=3572#primaryimage\"},\"image\":{\"@id\":\"https:\/\/velipost.com\/?p=3572#primaryimage\"},\"thumbnailUrl\":\"https:\/\/velipost.com\/wp-content\/uploads\/2025\/06\/reveil.jpg\",\"datePublished\":\"2025-06-16T15:05:11+00:00\",\"dateModified\":\"2025-06-16T15:05:12+00:00\",\"breadcrumb\":{\"@id\":\"https:\/\/velipost.com\/?p=3572#breadcrumb\"},\"inLanguage\":\"fr-FR\",\"potentialAction\":[{\"@type\":\"ReadAction\",\"target\":[\"https:\/\/velipost.com\/?p=3572\"]}]},{\"@type\":\"ImageObject\",\"inLanguage\":\"fr-FR\",\"@id\":\"https:\/\/velipost.com\/?p=3572#primaryimage\",\"url\":\"https:\/\/velipost.com\/wp-content\/uploads\/2025\/06\/reveil.jpg\",\"contentUrl\":\"https:\/\/velipost.com\/wp-content\/uploads\/2025\/06\/reveil.jpg\",\"width\":1170,\"height\":603},{\"@type\":\"BreadcrumbList\",\"@id\":\"https:\/\/velipost.com\/?p=3572#breadcrumb\",\"itemListElement\":[{\"@type\":\"ListItem\",\"position\":1,\"name\":\"Accueil\",\"item\":\"https:\/\/velipost.com\/\"},{\"@type\":\"ListItem\",\"position\":2,\"name\":\"Crise en Ha\u00efti : Reveil du Nord rejette l\u2019avant-projet de Constitution et appelle \u00e0 un dialogue national inclusif\"}]},{\"@type\":\"WebSite\",\"@id\":\"https:\/\/velipost.com\/#website\",\"url\":\"https:\/\/velipost.com\/\",\"name\":\"VeliPost\",\"description\":\"L\u2019info en un clic\",\"publisher\":{\"@id\":\"https:\/\/velipost.com\/#organization\"},\"potentialAction\":[{\"@type\":\"SearchAction\",\"target\":{\"@type\":\"EntryPoint\",\"urlTemplate\":\"https:\/\/velipost.com\/?s={search_term_string}\"},\"query-input\":{\"@type\":\"PropertyValueSpecification\",\"valueRequired\":true,\"valueName\":\"search_term_string\"}}],\"inLanguage\":\"fr-FR\"},{\"@type\":\"Organization\",\"@id\":\"https:\/\/velipost.com\/#organization\",\"name\":\"VeliPost\",\"url\":\"https:\/\/velipost.com\/\",\"logo\":{\"@type\":\"ImageObject\",\"inLanguage\":\"fr-FR\",\"@id\":\"https:\/\/velipost.com\/#\/schema\/logo\/image\/\",\"url\":\"https:\/\/velipost.com\/wp-content\/uploads\/2024\/08\/cropped-VP-logo-piti.png\",\"contentUrl\":\"https:\/\/velipost.com\/wp-content\/uploads\/2024\/08\/cropped-VP-logo-piti.png\",\"width\":201,\"height\":69,\"caption\":\"VeliPost\"},\"image\":{\"@id\":\"https:\/\/velipost.com\/#\/schema\/logo\/image\/\"},\"sameAs\":[\"https:\/\/www.facebook.com\/veliposthaiti\",\"https:\/\/x.com\/veliposthaiti\",\"https:\/\/www.instagram.com\/veliposthaiti\"]},{\"@type\":\"Person\",\"@id\":\"https:\/\/velipost.com\/#\/schema\/person\/32ff49a53c9c1bb24302ee8ece058096\",\"name\":\"VeliPost\",\"image\":{\"@type\":\"ImageObject\",\"inLanguage\":\"fr-FR\",\"@id\":\"https:\/\/velipost.com\/#\/schema\/person\/image\/\",\"url\":\"https:\/\/secure.gravatar.com\/avatar\/57c226c264de62f794185a89596d4a37b85a5ad20aca30d9d5a478b27d8c8d9d?s=96&d=mm&r=g\",\"contentUrl\":\"https:\/\/secure.gravatar.com\/avatar\/57c226c264de62f794185a89596d4a37b85a5ad20aca30d9d5a478b27d8c8d9d?s=96&d=mm&r=g\",\"caption\":\"VeliPost\"},\"sameAs\":[\"https:\/\/velipost.com\"],\"url\":\"https:\/\/velipost.com\/?author=1\"}]}<\/script>\n<!-- \/ Yoast SEO plugin. -->","yoast_head_json":{"title":"Crise en Ha\u00efti : Reveil du Nord rejette l\u2019avant-projet de Constitution et appelle \u00e0 un dialogue national inclusif &#8211; VeliPost","robots":{"index":"index","follow":"follow","max-snippet":"max-snippet:-1","max-image-preview":"max-image-preview:large","max-video-preview":"max-video-preview:-1"},"canonical":"https:\/\/velipost.com\/?p=3572","og_locale":"fr_FR","og_type":"article","og_title":"Crise en Ha\u00efti : Reveil du Nord rejette l\u2019avant-projet de Constitution et appelle \u00e0 un dialogue national inclusif &#8211; VeliPost","og_description":"L&rsquo;organisation socio-politique Reveil du Nord rejette fermement l\u2019avant-projet de nouvelle Constitution propos\u00e9 actuellement, le jugeant inadapt\u00e9 aux r\u00e9alit\u00e9s ha\u00eftiennes. Dans un communiqu\u00e9 publi\u00e9 le","og_url":"https:\/\/velipost.com\/?p=3572","og_site_name":"VeliPost","article_publisher":"https:\/\/www.facebook.com\/veliposthaiti","article_published_time":"2025-06-16T15:05:11+00:00","article_modified_time":"2025-06-16T15:05:12+00:00","og_image":[{"width":1170,"height":603,"url":"https:\/\/velipost.com\/wp-content\/uploads\/2025\/06\/reveil.jpg","type":"image\/jpeg"}],"author":"VeliPost","twitter_card":"summary_large_image","twitter_creator":"@veliposthaiti","twitter_site":"@veliposthaiti","twitter_misc":{"\u00c9crit par":"VeliPost","Dur\u00e9e de lecture estim\u00e9e":"2 minutes"},"schema":{"@context":"https:\/\/schema.org","@graph":[{"@type":"Article","@id":"https:\/\/velipost.com\/?p=3572#article","isPartOf":{"@id":"https:\/\/velipost.com\/?p=3572"},"author":{"name":"VeliPost","@id":"https:\/\/velipost.com\/#\/schema\/person\/32ff49a53c9c1bb24302ee8ece058096"},"headline":"Crise en Ha\u00efti : Reveil du Nord rejette l\u2019avant-projet de Constitution et appelle \u00e0 un dialogue national inclusif","datePublished":"2025-06-16T15:05:11+00:00","dateModified":"2025-06-16T15:05:12+00:00","mainEntityOfPage":{"@id":"https:\/\/velipost.com\/?p=3572"},"wordCount":366,"commentCount":1,"publisher":{"@id":"https:\/\/velipost.com\/#organization"},"image":{"@id":"https:\/\/velipost.com\/?p=3572#primaryimage"},"thumbnailUrl":"https:\/\/velipost.com\/wp-content\/uploads\/2025\/06\/reveil.jpg","articleSection":["Politique"],"inLanguage":"fr-FR","potentialAction":[{"@type":"CommentAction","name":"Comment","target":["https:\/\/velipost.com\/?p=3572#respond"]}]},{"@type":"WebPage","@id":"https:\/\/velipost.com\/?p=3572","url":"https:\/\/velipost.com\/?p=3572","name":"Crise en Ha\u00efti : Reveil du Nord rejette l\u2019avant-projet de Constitution et appelle \u00e0 un dialogue national inclusif &#8211; VeliPost","isPartOf":{"@id":"https:\/\/velipost.com\/#website"},"primaryImageOfPage":{"@id":"https:\/\/velipost.com\/?p=3572#primaryimage"},"image":{"@id":"https:\/\/velipost.com\/?p=3572#primaryimage"},"thumbnailUrl":"https:\/\/velipost.com\/wp-content\/uploads\/2025\/06\/reveil.jpg","datePublished":"2025-06-16T15:05:11+00:00","dateModified":"2025-06-16T15:05:12+00:00","breadcrumb":{"@id":"https:\/\/velipost.com\/?p=3572#breadcrumb"},"inLanguage":"fr-FR","potentialAction":[{"@type":"ReadAction","target":["https:\/\/velipost.com\/?p=3572"]}]},{"@type":"ImageObject","inLanguage":"fr-FR","@id":"https:\/\/velipost.com\/?p=3572#primaryimage","url":"https:\/\/velipost.com\/wp-content\/uploads\/2025\/06\/reveil.jpg","contentUrl":"https:\/\/velipost.com\/wp-content\/uploads\/2025\/06\/reveil.jpg","width":1170,"height":603},{"@type":"BreadcrumbList","@id":"https:\/\/velipost.com\/?p=3572#breadcrumb","itemListElement":[{"@type":"ListItem","position":1,"name":"Accueil","item":"https:\/\/velipost.com\/"},{"@type":"ListItem","position":2,"name":"Crise en Ha\u00efti : Reveil du Nord rejette l\u2019avant-projet de Constitution et appelle \u00e0 un dialogue national inclusif"}]},{"@type":"WebSite","@id":"https:\/\/velipost.com\/#website","url":"https:\/\/velipost.com\/","name":"VeliPost","description":"L\u2019info en un clic","publisher":{"@id":"https:\/\/velipost.com\/#organization"},"potentialAction":[{"@type":"SearchAction","target":{"@type":"EntryPoint","urlTemplate":"https:\/\/velipost.com\/?s={search_term_string}"},"query-input":{"@type":"PropertyValueSpecification","valueRequired":true,"valueName":"search_term_string"}}],"inLanguage":"fr-FR"},{"@type":"Organization","@id":"https:\/\/velipost.com\/#organization","name":"VeliPost","url":"https:\/\/velipost.com\/","logo":{"@type":"ImageObject","inLanguage":"fr-FR","@id":"https:\/\/velipost.com\/#\/schema\/logo\/image\/","url":"https:\/\/velipost.com\/wp-content\/uploads\/2024\/08\/cropped-VP-logo-piti.png","contentUrl":"https:\/\/velipost.com\/wp-content\/uploads\/2024\/08\/cropped-VP-logo-piti.png","width":201,"height":69,"caption":"VeliPost"},"image":{"@id":"https:\/\/velipost.com\/#\/schema\/logo\/image\/"},"sameAs":["https:\/\/www.facebook.com\/veliposthaiti","https:\/\/x.com\/veliposthaiti","https:\/\/www.instagram.com\/veliposthaiti"]},{"@type":"Person","@id":"https:\/\/velipost.com\/#\/schema\/person\/32ff49a53c9c1bb24302ee8ece058096","name":"VeliPost","image":{"@type":"ImageObject","inLanguage":"fr-FR","@id":"https:\/\/velipost.com\/#\/schema\/person\/image\/","url":"https:\/\/secure.gravatar.com\/avatar\/57c226c264de62f794185a89596d4a37b85a5ad20aca30d9d5a478b27d8c8d9d?s=96&d=mm&r=g","contentUrl":"https:\/\/secure.gravatar.com\/avatar\/57c226c264de62f794185a89596d4a37b85a5ad20aca30d9d5a478b27d8c8d9d?s=96&d=mm&r=g","caption":"VeliPost"},"sameAs":["https:\/\/velipost.com"],"url":"https:\/\/velipost.com\/?author=1"}]}},"views":2,"jetpack_publicize_connections":[],"uagb_featured_image_src":{"full":["https:\/\/velipost.com\/wp-content\/uploads\/2025\/06\/reveil.jpg",1170,603,false],"thumbnail":["https:\/\/velipost.com\/wp-content\/uploads\/2025\/06\/reveil-150x150.jpg",150,150,true],"medium":["https:\/\/velipost.com\/wp-content\/uploads\/2025\/06\/reveil-300x155.jpg",300,155,true],"medium_large":["https:\/\/velipost.com\/wp-content\/uploads\/2025\/06\/reveil-768x396.jpg",715,369,true],"large":["https:\/\/velipost.com\/wp-content\/uploads\/2025\/06\/reveil-1024x528.jpg",715,369,true],"1536x1536":["https:\/\/velipost.com\/wp-content\/uploads\/2025\/06\/reveil.jpg",1170,603,false],"2048x2048":["https:\/\/velipost.com\/wp-content\/uploads\/2025\/06\/reveil.jpg",1170,603,false],"colornews-big-slider":["https:\/\/velipost.com\/wp-content\/uploads\/2025\/06\/reveil-1070x470.jpg",1070,470,true],"colornews-big-slider-thumb":["https:\/\/velipost.com\/wp-content\/uploads\/2025\/06\/reveil-184x109.jpg",184,109,true],"colornews-featured-post-medium":["https:\/\/velipost.com\/wp-content\/uploads\/2025\/06\/reveil-345x265.jpg",345,265,true],"colornews-featured-post-small":["https:\/\/velipost.com\/wp-content\/uploads\/2025\/06\/reveil-115x73.jpg",115,73,true],"colornews-random-posts":["https:\/\/velipost.com\/wp-content\/uploads\/2025\/06\/reveil-215x215.jpg",215,215,true],"colornews-featured-image":["https:\/\/velipost.com\/wp-content\/uploads\/2025\/06\/reveil-715x400.jpg",715,400,true],"mailpoet_newsletter_max":["https:\/\/velipost.com\/wp-content\/uploads\/2025\/06\/reveil.jpg",1170,603,false]},"uagb_author_info":{"display_name":"VeliPost","author_link":"https:\/\/velipost.com\/?author=1"},"uagb_comment_info":1,"uagb_excerpt":"L&rsquo;organisation socio-politique Reveil du Nord rejette fermement l\u2019avant-projet de nouvelle Constitution propos\u00e9 actuellement, le jugeant inadapt\u00e9 aux r\u00e9alit\u00e9s ha\u00eftiennes. Dans un communiqu\u00e9 publi\u00e9 le","_links":{"self":[{"href":"https:\/\/velipost.com\/index.php?rest_route=\/wp\/v2\/posts\/3572","targetHints":{"allow":["GET"]}}],"collection":[{"href":"https:\/\/velipost.com\/index.php?rest_route=\/wp\/v2\/posts"}],"about":[{"href":"https:\/\/velipost.com\/index.php?rest_route=\/wp\/v2\/types\/post"}],"author":[{"embeddable":true,"href":"https:\/\/velipost.com\/index.php?rest_route=\/wp\/v2\/users\/1"}],"replies":[{"embeddable":true,"href":"https:\/\/velipost.com\/index.php?rest_route=%2Fwp%2Fv2%2Fcomments&post=3572"}],"version-history":[{"count":1,"href":"https:\/\/velipost.com\/index.php?rest_route=\/wp\/v2\/posts\/3572\/revisions"}],"predecessor-version":[{"id":3574,"href":"https:\/\/velipost.com\/index.php?rest_route=\/wp\/v2\/posts\/3572\/revisions\/3574"}],"wp:featuredmedia":[{"embeddable":true,"href":"https:\/\/velipost.com\/index.php?rest_route=\/wp\/v2\/media\/3573"}],"wp:attachment":[{"href":"https:\/\/velipost.com\/index.php?rest_route=%2Fwp%2Fv2%2Fmedia&parent=3572"}],"wp:term":[{"taxonomy":"category","embeddable":true,"href":"https:\/\/velipost.com\/index.php?rest_route=%2Fwp%2Fv2%2Fcategories&post=3572"},{"taxonomy":"post_tag","embeddable":true,"href":"https:\/\/velipost.com\/index.php?rest_route=%2Fwp%2Fv2%2Ftags&post=3572"}],"curies":[{"name":"wp","href":"https:\/\/api.w.org\/{rel}","templated":true}]}}