{"id":3564,"date":"2025-06-14T16:53:23","date_gmt":"2025-06-14T14:53:23","guid":{"rendered":"https:\/\/velipost.com\/?p=3564"},"modified":"2025-06-14T16:53:24","modified_gmt":"2025-06-14T14:53:24","slug":"haiti-ne-doit-plus-etre-punie-le-cri-fort-de-lula-au-sommet-bresil-caraibes","status":"publish","type":"post","link":"https:\/\/velipost.com\/?p=3564","title":{"rendered":"\u201cHa\u00efti ne doit plus \u00eatre punie\u201d : le cri fort de Lula au Sommet Br\u00e9sil-Cara\u00efbes"},"content":{"rendered":"\n<p>Au sommet\u00a0Br\u00e9sil-Cara\u00efbes\u00a0tenu ce\u00a013 juin \u00e0 Brasilia, le pr\u00e9sident br\u00e9silien\u00a0Luiz In\u00e1cio Lula da Silva\u00a0a pos\u00e9 des mots lourds de sens sur une v\u00e9rit\u00e9 que beaucoup pr\u00e9f\u00e8rent taire :\u00a0le prix de l\u2019ind\u00e9pendance ha\u00eftienne est encore pay\u00e9 aujourd\u2019hui par tout un peuple abandonn\u00e9.<\/p>\n\n\n\n<blockquote class=\"wp-block-quote is-layout-flow wp-block-quote-is-layout-flow\">\n<p>Ha\u00efti ne peut pas \u00eatre punie \u00e9ternellement pour avoir \u00e9t\u00e9 le premier pays des Am\u00e9riques \u00e0 obtenir son ind\u00e9pendance, <\/p>\n<\/blockquote>\n\n\n\n<p>a d\u00e9clar\u00e9 Lula devant ses homologues carib\u00e9ens et plusieurs chefs d\u2019\u00c9tat de la r\u00e9gion.<\/p>\n\n\n\n<p>Une d\u00e9claration forte, symbolique, mais surtout historique.\u00a0Ha\u00efti, nation pionni\u00e8re de la libert\u00e9 noire dans les Am\u00e9riques, est aujourd\u2019hui encore en proie \u00e0 une instabilit\u00e9 chronique que la communaut\u00e9 internationale regarde avec d\u00e9tachement \u2014 quand elle ne contribue pas elle-m\u00eame \u00e0 l\u2019aggraver.<\/p>\n\n\n\n<p>Pour Lula, l\u2019heure est \u00e0 la\u00a0responsabilit\u00e9 collective. Il plaide pour un\u00a0engagement r\u00e9gional concert\u00e9, soulignant que\u00a0sans s\u00e9curit\u00e9, aucune \u00e9lection n\u2019est possible, et sans \u00e9lections, aucune reconstruction d\u2019un \u00c9tat viable.<\/p>\n\n\n\n<p>Le Br\u00e9sil propose d\u2019ailleurs un\u00a0plan de coop\u00e9ration concret\u00a0pour appuyer Ha\u00efti dans des domaines cl\u00e9s :<\/p>\n\n\n\n<p>\u2022&nbsp;la s\u00e9curit\u00e9 alimentaire,<\/p>\n\n\n\n<p>\u2022&nbsp;la lutte contre la crise climatique,<\/p>\n\n\n\n<p>\u2022&nbsp;la gestion des catastrophes naturelles,<\/p>\n\n\n\n<p>\u2022&nbsp;la transition \u00e9nerg\u00e9tique,<\/p>\n\n\n\n<p>\u2022&nbsp;la connectivit\u00e9 r\u00e9gionale.<\/p>\n\n\n\n<p>La phrase de Lula r\u00e9sonne comme un rappel :&nbsp;<strong>l\u2019histoire d\u2019Ha\u00efti n\u2019est pas un crime, mais une le\u00e7on de dignit\u00e9.<\/strong>&nbsp;Ce n\u2019est pas \u00e0 la nation ha\u00eftienne d\u2019\u00eatre jug\u00e9e, mais \u00e0 celles qui profitent de son affaiblissement d\u2019assumer leurs responsabilit\u00e9s.<\/p>\n\n\n\n<p>Le Coordonnateur du Conseil Pr\u00e9sidentiel de Transition Fritz Alphonse Jean a particip\u00e9 \u00e0 cette rencontre, aux c\u00f4t\u00e9s des pr\u00e9sidents Luis Abinader (R\u00e9publique dominicaine), Irfaan Ali (Guyane) et d\u2019autres dirigeants carib\u00e9ens.<\/p>\n\n\n\n<div class=\"wp-block-uagb-image uagb-block-fe759b47 wp-block-uagb-image--layout-default wp-block-uagb-image--effect-static wp-block-uagb-image--align-none\"><figure class=\"wp-block-uagb-image__figure\"><a class=\"\" href=\"https:\/\/velipost.com\/wp-content\/uploads\/2025\/06\/Fritz-Jean-et-Lula.jpg\" target=\"\" rel=\"noopener\"><img loading=\"lazy\" decoding=\"async\" srcset=\"https:\/\/velipost.com\/wp-content\/uploads\/2025\/06\/Fritz-Jean-et-Lula-1024x528.jpg ,https:\/\/velipost.com\/wp-content\/uploads\/2025\/06\/Fritz-Jean-et-Lula.jpg 780w, https:\/\/velipost.com\/wp-content\/uploads\/2025\/06\/Fritz-Jean-et-Lula.jpg 360w\" sizes=\"auto, (max-width: 480px) 150px\" src=\"https:\/\/velipost.com\/wp-content\/uploads\/2025\/06\/Fritz-Jean-et-Lula-1024x528.jpg\" alt=\"\" class=\"uag-image-3565\" width=\"1170\" height=\"603\" title=\"Fritz Jean et Lula\" loading=\"lazy\" role=\"img\"\/><\/a><\/figure><\/div>\n\n    <div class=\"xs_social_share_widget xs_share_url after_content \t\tmain_content  wslu-style-3 wslu-share-box-shaped wslu-fill-brand-hover-colored wslu-share-m-5 wslu-none wslu-share-horizontal wslu-theme-font-no wslu-main_content\">\n\n\t\t\n        <ul>\n\t\t\t                    <li class=\"xs-share-li twitter                        wslu-no-extra-data\">\n                        <a href=\"javascript:void(0);\"\n                           id=\"xs_feed_twitter\"\n                           onclick=\"xs_social_sharer(this);\"\n                           data-pid=\"3564\"\n                           data-uri_hash=\"7d51380581463ab685b79a1dbe3736d3\"\n                           data-key=\"twitter\"\n                           data-xs-href=\"https:\/\/twitter.com\/intent\/tweet?text=%E2%80%9CHa%C3%AFti+ne+doit+plus+%C3%AAtre+punie%E2%80%9D+%3A+le+cri+fort+de+Lula+au+Sommet+Br%C3%A9sil-Cara%C3%AFbes+https%3A%2F%2Fvelipost.com%2Findex.php%3Frest_route%3D%252Fwp%252Fv2%252Fposts%252F3564&amp;original_referer=https%3A%2F%2Fvelipost.com%2Findex.php%3Frest_route%3D%252Fwp%252Fv2%252Fposts%252F3564&amp;related=xpeedstudio\">\n\n                            <div class=\"xs-social-icon\">\n                                <span class=\"met-social met-social-twitter\"><\/span>\n                            <\/div>\n\n\t\t\t\t\t\t\t\n                            <div class=\"wslu-hover-content\">\n                                <div class=\"xs-social-followers\">\n\t\t\t\t\t\t\t\t\t10                                <\/div>\n                                <div class=\"xs-social-follower-text\">\n\t\t\t\t\t\t\t\t\tShare                                <\/div>\n                                <div class=\"xs-social-follower-label\">\n\t\t\t\t\t\t\t\t\tTwitter                                <\/div>\n                            <\/div>\n                        <\/a>\n                    <\/li>\n\t\t\t\t\t                    <li class=\"xs-share-li telegram                        wslu-no-extra-data\">\n                        <a href=\"javascript:void(0);\"\n                           id=\"xs_feed_telegram\"\n                           onclick=\"xs_social_sharer(this);\"\n                           data-pid=\"3564\"\n                           data-uri_hash=\"7d51380581463ab685b79a1dbe3736d3\"\n                           data-key=\"telegram\"\n                           data-xs-href=\"https:\/\/telegram.me\/share\/url?url=https%3A%2F%2Fvelipost.com%2Findex.php%3Frest_route%3D%252Fwp%252Fv2%252Fposts%252F3564&amp;text=%E2%80%9CHa%C3%AFti+ne+doit+plus+%C3%AAtre+punie%E2%80%9D+%3A+le+cri+fort+de+Lula+au+Sommet+Br%C3%A9sil-Cara%C3%AFbes\">\n\n                            <div class=\"xs-social-icon\">\n                                <span class=\"met-social met-social-telegram\"><\/span>\n                            <\/div>\n\n\t\t\t\t\t\t\t\n                            <div class=\"wslu-hover-content\">\n                                <div class=\"xs-social-followers\">\n\t\t\t\t\t\t\t\t\t0                                <\/div>\n                                <div class=\"xs-social-follower-text\">\n\t\t\t\t\t\t\t\t\tShare                                <\/div>\n                                <div class=\"xs-social-follower-label\">\n\t\t\t\t\t\t\t\t\tTelegram                                <\/div>\n                            <\/div>\n                        <\/a>\n                    <\/li>\n\t\t\t\t\t                    <li class=\"xs-share-li email                        wslu-no-extra-data\">\n                        <a href=\"javascript:void(0);\"\n                           id=\"xs_feed_email\"\n                           onclick=\"xs_social_sharer(this);\"\n                           data-pid=\"3564\"\n                           data-uri_hash=\"7d51380581463ab685b79a1dbe3736d3\"\n                           data-key=\"email\"\n                           data-xs-href=\"mailto:?body=Title%3A+%E2%80%9CHa%C3%AFti+ne+doit+plus+%C3%AAtre+punie%E2%80%9D+%3A+le+cri+fort+de+Lula+au+Sommet+Br%C3%A9sil-Cara%C3%AFbes+%5Cn%5Cn+URL%3A+https%3A%2F%2Fvelipost.com%2Findex.php%3Frest_route%3D%252Fwp%252Fv2%252Fposts%252F3564&amp;subject=%E2%80%9CHa%C3%AFti+ne+doit+plus+%C3%AAtre+punie%E2%80%9D+%3A+le+cri+fort+de+Lula+au+Sommet+Br%C3%A9sil-Cara%C3%AFbes\">\n\n                            <div class=\"xs-social-icon\">\n                                <span class=\"met-social met-social-email\"><\/span>\n                            <\/div>\n\n\t\t\t\t\t\t\t\n                            <div class=\"wslu-hover-content\">\n                                <div class=\"xs-social-followers\">\n\t\t\t\t\t\t\t\t\t0                                <\/div>\n                                <div class=\"xs-social-follower-text\">\n\t\t\t\t\t\t\t\t\tShare                                <\/div>\n                                <div class=\"xs-social-follower-label\">\n\t\t\t\t\t\t\t\t\tEmail                                <\/div>\n                            <\/div>\n                        <\/a>\n                    <\/li>\n\t\t\t\t\t        <\/ul>\n    <\/div> \n","protected":false},"excerpt":{"rendered":"<p>Au sommet\u00a0Br\u00e9sil-Cara\u00efbes\u00a0tenu ce\u00a013 juin \u00e0 Brasilia, le pr\u00e9sident br\u00e9silien\u00a0Luiz In\u00e1cio Lula da Silva\u00a0a pos\u00e9 des mots lourds de sens sur une v\u00e9rit\u00e9 que beaucoup<\/p>\n","protected":false},"author":1,"featured_media":3566,"comment_status":"open","ping_status":"open","sticky":false,"template":"","format":"standard","meta":{"_uag_custom_page_level_css":"","footnotes":"","jetpack_publicize_message":"","jetpack_publicize_feature_enabled":true,"jetpack_social_post_already_shared":false,"jetpack_social_options":{"image_generator_settings":{"template":"highway","default_image_id":0,"font":"","enabled":false},"version":2}},"categories":[238],"tags":[],"class_list":["post-3564","post","type-post","status-publish","format-standard","has-post-thumbnail","hentry","category-opinion"],"yoast_head":"<!-- This site is optimized with the Yoast SEO plugin v25.3.1 - https:\/\/yoast.com\/wordpress\/plugins\/seo\/ -->\n<title>\u201cHa\u00efti ne doit plus \u00eatre punie\u201d : le cri fort de Lula au Sommet Br\u00e9sil-Cara\u00efbes &#8211; VeliPost<\/title>\n<meta name=\"robots\" content=\"index, follow, max-snippet:-1, max-image-preview:large, max-video-preview:-1\" \/>\n<link rel=\"canonical\" href=\"https:\/\/velipost.com\/?p=3564\" \/>\n<meta property=\"og:locale\" content=\"fr_FR\" \/>\n<meta property=\"og:type\" content=\"article\" \/>\n<meta property=\"og:title\" content=\"\u201cHa\u00efti ne doit plus \u00eatre punie\u201d : le cri fort de Lula au Sommet Br\u00e9sil-Cara\u00efbes &#8211; VeliPost\" \/>\n<meta property=\"og:description\" content=\"Au sommet\u00a0Br\u00e9sil-Cara\u00efbes\u00a0tenu ce\u00a013 juin \u00e0 Brasilia, le pr\u00e9sident br\u00e9silien\u00a0Luiz In\u00e1cio Lula da Silva\u00a0a pos\u00e9 des mots lourds de sens sur une v\u00e9rit\u00e9 que beaucoup\" \/>\n<meta property=\"og:url\" content=\"https:\/\/velipost.com\/?p=3564\" \/>\n<meta property=\"og:site_name\" content=\"VeliPost\" \/>\n<meta property=\"article:publisher\" content=\"https:\/\/www.facebook.com\/veliposthaiti\" \/>\n<meta property=\"article:published_time\" content=\"2025-06-14T14:53:23+00:00\" \/>\n<meta property=\"article:modified_time\" content=\"2025-06-14T14:53:24+00:00\" \/>\n<meta property=\"og:image\" content=\"https:\/\/velipost.com\/wp-content\/uploads\/2025\/06\/Sommet-Bresil-CARICOM.jpg\" \/>\n\t<meta property=\"og:image:width\" content=\"1170\" \/>\n\t<meta property=\"og:image:height\" content=\"603\" \/>\n\t<meta property=\"og:image:type\" content=\"image\/jpeg\" \/>\n<meta name=\"author\" content=\"VeliPost\" \/>\n<meta name=\"twitter:card\" content=\"summary_large_image\" \/>\n<meta name=\"twitter:creator\" content=\"@veliposthaiti\" \/>\n<meta name=\"twitter:site\" content=\"@veliposthaiti\" \/>\n<meta name=\"twitter:label1\" content=\"\u00c9crit par\" \/>\n\t<meta name=\"twitter:data1\" content=\"VeliPost\" \/>\n\t<meta name=\"twitter:label2\" content=\"Dur\u00e9e de lecture estim\u00e9e\" \/>\n\t<meta name=\"twitter:data2\" content=\"2 minutes\" \/>\n<script type=\"application\/ld+json\" class=\"yoast-schema-graph\">{\"@context\":\"https:\/\/schema.org\",\"@graph\":[{\"@type\":\"Article\",\"@id\":\"https:\/\/velipost.com\/?p=3564#article\",\"isPartOf\":{\"@id\":\"https:\/\/velipost.com\/?p=3564\"},\"author\":{\"name\":\"VeliPost\",\"@id\":\"https:\/\/velipost.com\/#\/schema\/person\/32ff49a53c9c1bb24302ee8ece058096\"},\"headline\":\"\u201cHa\u00efti ne doit plus \u00eatre punie\u201d : le cri fort de Lula au Sommet Br\u00e9sil-Cara\u00efbes\",\"datePublished\":\"2025-06-14T14:53:23+00:00\",\"dateModified\":\"2025-06-14T14:53:24+00:00\",\"mainEntityOfPage\":{\"@id\":\"https:\/\/velipost.com\/?p=3564\"},\"wordCount\":329,\"commentCount\":0,\"publisher\":{\"@id\":\"https:\/\/velipost.com\/#organization\"},\"image\":{\"@id\":\"https:\/\/velipost.com\/?p=3564#primaryimage\"},\"thumbnailUrl\":\"https:\/\/velipost.com\/wp-content\/uploads\/2025\/06\/Sommet-Bresil-CARICOM.jpg\",\"articleSection\":[\"Opinion\"],\"inLanguage\":\"fr-FR\",\"potentialAction\":[{\"@type\":\"CommentAction\",\"name\":\"Comment\",\"target\":[\"https:\/\/velipost.com\/?p=3564#respond\"]}]},{\"@type\":\"WebPage\",\"@id\":\"https:\/\/velipost.com\/?p=3564\",\"url\":\"https:\/\/velipost.com\/?p=3564\",\"name\":\"\u201cHa\u00efti ne doit plus \u00eatre punie\u201d : le cri fort de Lula au Sommet Br\u00e9sil-Cara\u00efbes &#8211; VeliPost\",\"isPartOf\":{\"@id\":\"https:\/\/velipost.com\/#website\"},\"primaryImageOfPage\":{\"@id\":\"https:\/\/velipost.com\/?p=3564#primaryimage\"},\"image\":{\"@id\":\"https:\/\/velipost.com\/?p=3564#primaryimage\"},\"thumbnailUrl\":\"https:\/\/velipost.com\/wp-content\/uploads\/2025\/06\/Sommet-Bresil-CARICOM.jpg\",\"datePublished\":\"2025-06-14T14:53:23+00:00\",\"dateModified\":\"2025-06-14T14:53:24+00:00\",\"breadcrumb\":{\"@id\":\"https:\/\/velipost.com\/?p=3564#breadcrumb\"},\"inLanguage\":\"fr-FR\",\"potentialAction\":[{\"@type\":\"ReadAction\",\"target\":[\"https:\/\/velipost.com\/?p=3564\"]}]},{\"@type\":\"ImageObject\",\"inLanguage\":\"fr-FR\",\"@id\":\"https:\/\/velipost.com\/?p=3564#primaryimage\",\"url\":\"https:\/\/velipost.com\/wp-content\/uploads\/2025\/06\/Sommet-Bresil-CARICOM.jpg\",\"contentUrl\":\"https:\/\/velipost.com\/wp-content\/uploads\/2025\/06\/Sommet-Bresil-CARICOM.jpg\",\"width\":1170,\"height\":603},{\"@type\":\"BreadcrumbList\",\"@id\":\"https:\/\/velipost.com\/?p=3564#breadcrumb\",\"itemListElement\":[{\"@type\":\"ListItem\",\"position\":1,\"name\":\"Accueil\",\"item\":\"https:\/\/velipost.com\/\"},{\"@type\":\"ListItem\",\"position\":2,\"name\":\"\u201cHa\u00efti ne doit plus \u00eatre punie\u201d : le cri fort de Lula au Sommet Br\u00e9sil-Cara\u00efbes\"}]},{\"@type\":\"WebSite\",\"@id\":\"https:\/\/velipost.com\/#website\",\"url\":\"https:\/\/velipost.com\/\",\"name\":\"VeliPost\",\"description\":\"L\u2019info en un clic\",\"publisher\":{\"@id\":\"https:\/\/velipost.com\/#organization\"},\"potentialAction\":[{\"@type\":\"SearchAction\",\"target\":{\"@type\":\"EntryPoint\",\"urlTemplate\":\"https:\/\/velipost.com\/?s={search_term_string}\"},\"query-input\":{\"@type\":\"PropertyValueSpecification\",\"valueRequired\":true,\"valueName\":\"search_term_string\"}}],\"inLanguage\":\"fr-FR\"},{\"@type\":\"Organization\",\"@id\":\"https:\/\/velipost.com\/#organization\",\"name\":\"VeliPost\",\"url\":\"https:\/\/velipost.com\/\",\"logo\":{\"@type\":\"ImageObject\",\"inLanguage\":\"fr-FR\",\"@id\":\"https:\/\/velipost.com\/#\/schema\/logo\/image\/\",\"url\":\"https:\/\/velipost.com\/wp-content\/uploads\/2024\/08\/cropped-VP-logo-piti.png\",\"contentUrl\":\"https:\/\/velipost.com\/wp-content\/uploads\/2024\/08\/cropped-VP-logo-piti.png\",\"width\":201,\"height\":69,\"caption\":\"VeliPost\"},\"image\":{\"@id\":\"https:\/\/velipost.com\/#\/schema\/logo\/image\/\"},\"sameAs\":[\"https:\/\/www.facebook.com\/veliposthaiti\",\"https:\/\/x.com\/veliposthaiti\",\"https:\/\/www.instagram.com\/veliposthaiti\"]},{\"@type\":\"Person\",\"@id\":\"https:\/\/velipost.com\/#\/schema\/person\/32ff49a53c9c1bb24302ee8ece058096\",\"name\":\"VeliPost\",\"image\":{\"@type\":\"ImageObject\",\"inLanguage\":\"fr-FR\",\"@id\":\"https:\/\/velipost.com\/#\/schema\/person\/image\/\",\"url\":\"https:\/\/secure.gravatar.com\/avatar\/57c226c264de62f794185a89596d4a37b85a5ad20aca30d9d5a478b27d8c8d9d?s=96&d=mm&r=g\",\"contentUrl\":\"https:\/\/secure.gravatar.com\/avatar\/57c226c264de62f794185a89596d4a37b85a5ad20aca30d9d5a478b27d8c8d9d?s=96&d=mm&r=g\",\"caption\":\"VeliPost\"},\"sameAs\":[\"https:\/\/velipost.com\"],\"url\":\"https:\/\/velipost.com\/?author=1\"}]}<\/script>\n<!-- \/ Yoast SEO plugin. -->","yoast_head_json":{"title":"\u201cHa\u00efti ne doit plus \u00eatre punie\u201d : le cri fort de Lula au Sommet Br\u00e9sil-Cara\u00efbes &#8211; VeliPost","robots":{"index":"index","follow":"follow","max-snippet":"max-snippet:-1","max-image-preview":"max-image-preview:large","max-video-preview":"max-video-preview:-1"},"canonical":"https:\/\/velipost.com\/?p=3564","og_locale":"fr_FR","og_type":"article","og_title":"\u201cHa\u00efti ne doit plus \u00eatre punie\u201d : le cri fort de Lula au Sommet Br\u00e9sil-Cara\u00efbes &#8211; VeliPost","og_description":"Au sommet\u00a0Br\u00e9sil-Cara\u00efbes\u00a0tenu ce\u00a013 juin \u00e0 Brasilia, le pr\u00e9sident br\u00e9silien\u00a0Luiz In\u00e1cio Lula da Silva\u00a0a pos\u00e9 des mots lourds de sens sur une v\u00e9rit\u00e9 que beaucoup","og_url":"https:\/\/velipost.com\/?p=3564","og_site_name":"VeliPost","article_publisher":"https:\/\/www.facebook.com\/veliposthaiti","article_published_time":"2025-06-14T14:53:23+00:00","article_modified_time":"2025-06-14T14:53:24+00:00","og_image":[{"width":1170,"height":603,"url":"https:\/\/velipost.com\/wp-content\/uploads\/2025\/06\/Sommet-Bresil-CARICOM.jpg","type":"image\/jpeg"}],"author":"VeliPost","twitter_card":"summary_large_image","twitter_creator":"@veliposthaiti","twitter_site":"@veliposthaiti","twitter_misc":{"\u00c9crit par":"VeliPost","Dur\u00e9e de lecture estim\u00e9e":"2 minutes"},"schema":{"@context":"https:\/\/schema.org","@graph":[{"@type":"Article","@id":"https:\/\/velipost.com\/?p=3564#article","isPartOf":{"@id":"https:\/\/velipost.com\/?p=3564"},"author":{"name":"VeliPost","@id":"https:\/\/velipost.com\/#\/schema\/person\/32ff49a53c9c1bb24302ee8ece058096"},"headline":"\u201cHa\u00efti ne doit plus \u00eatre punie\u201d : le cri fort de Lula au Sommet Br\u00e9sil-Cara\u00efbes","datePublished":"2025-06-14T14:53:23+00:00","dateModified":"2025-06-14T14:53:24+00:00","mainEntityOfPage":{"@id":"https:\/\/velipost.com\/?p=3564"},"wordCount":329,"commentCount":0,"publisher":{"@id":"https:\/\/velipost.com\/#organization"},"image":{"@id":"https:\/\/velipost.com\/?p=3564#primaryimage"},"thumbnailUrl":"https:\/\/velipost.com\/wp-content\/uploads\/2025\/06\/Sommet-Bresil-CARICOM.jpg","articleSection":["Opinion"],"inLanguage":"fr-FR","potentialAction":[{"@type":"CommentAction","name":"Comment","target":["https:\/\/velipost.com\/?p=3564#respond"]}]},{"@type":"WebPage","@id":"https:\/\/velipost.com\/?p=3564","url":"https:\/\/velipost.com\/?p=3564","name":"\u201cHa\u00efti ne doit plus \u00eatre punie\u201d : le cri fort de Lula au Sommet Br\u00e9sil-Cara\u00efbes &#8211; VeliPost","isPartOf":{"@id":"https:\/\/velipost.com\/#website"},"primaryImageOfPage":{"@id":"https:\/\/velipost.com\/?p=3564#primaryimage"},"image":{"@id":"https:\/\/velipost.com\/?p=3564#primaryimage"},"thumbnailUrl":"https:\/\/velipost.com\/wp-content\/uploads\/2025\/06\/Sommet-Bresil-CARICOM.jpg","datePublished":"2025-06-14T14:53:23+00:00","dateModified":"2025-06-14T14:53:24+00:00","breadcrumb":{"@id":"https:\/\/velipost.com\/?p=3564#breadcrumb"},"inLanguage":"fr-FR","potentialAction":[{"@type":"ReadAction","target":["https:\/\/velipost.com\/?p=3564"]}]},{"@type":"ImageObject","inLanguage":"fr-FR","@id":"https:\/\/velipost.com\/?p=3564#primaryimage","url":"https:\/\/velipost.com\/wp-content\/uploads\/2025\/06\/Sommet-Bresil-CARICOM.jpg","contentUrl":"https:\/\/velipost.com\/wp-content\/uploads\/2025\/06\/Sommet-Bresil-CARICOM.jpg","width":1170,"height":603},{"@type":"BreadcrumbList","@id":"https:\/\/velipost.com\/?p=3564#breadcrumb","itemListElement":[{"@type":"ListItem","position":1,"name":"Accueil","item":"https:\/\/velipost.com\/"},{"@type":"ListItem","position":2,"name":"\u201cHa\u00efti ne doit plus \u00eatre punie\u201d : le cri fort de Lula au Sommet Br\u00e9sil-Cara\u00efbes"}]},{"@type":"WebSite","@id":"https:\/\/velipost.com\/#website","url":"https:\/\/velipost.com\/","name":"VeliPost","description":"L\u2019info en un clic","publisher":{"@id":"https:\/\/velipost.com\/#organization"},"potentialAction":[{"@type":"SearchAction","target":{"@type":"EntryPoint","urlTemplate":"https:\/\/velipost.com\/?s={search_term_string}"},"query-input":{"@type":"PropertyValueSpecification","valueRequired":true,"valueName":"search_term_string"}}],"inLanguage":"fr-FR"},{"@type":"Organization","@id":"https:\/\/velipost.com\/#organization","name":"VeliPost","url":"https:\/\/velipost.com\/","logo":{"@type":"ImageObject","inLanguage":"fr-FR","@id":"https:\/\/velipost.com\/#\/schema\/logo\/image\/","url":"https:\/\/velipost.com\/wp-content\/uploads\/2024\/08\/cropped-VP-logo-piti.png","contentUrl":"https:\/\/velipost.com\/wp-content\/uploads\/2024\/08\/cropped-VP-logo-piti.png","width":201,"height":69,"caption":"VeliPost"},"image":{"@id":"https:\/\/velipost.com\/#\/schema\/logo\/image\/"},"sameAs":["https:\/\/www.facebook.com\/veliposthaiti","https:\/\/x.com\/veliposthaiti","https:\/\/www.instagram.com\/veliposthaiti"]},{"@type":"Person","@id":"https:\/\/velipost.com\/#\/schema\/person\/32ff49a53c9c1bb24302ee8ece058096","name":"VeliPost","image":{"@type":"ImageObject","inLanguage":"fr-FR","@id":"https:\/\/velipost.com\/#\/schema\/person\/image\/","url":"https:\/\/secure.gravatar.com\/avatar\/57c226c264de62f794185a89596d4a37b85a5ad20aca30d9d5a478b27d8c8d9d?s=96&d=mm&r=g","contentUrl":"https:\/\/secure.gravatar.com\/avatar\/57c226c264de62f794185a89596d4a37b85a5ad20aca30d9d5a478b27d8c8d9d?s=96&d=mm&r=g","caption":"VeliPost"},"sameAs":["https:\/\/velipost.com"],"url":"https:\/\/velipost.com\/?author=1"}]}},"views":1,"jetpack_publicize_connections":[],"uagb_featured_image_src":{"full":["https:\/\/velipost.com\/wp-content\/uploads\/2025\/06\/Sommet-Bresil-CARICOM.jpg",1170,603,false],"thumbnail":["https:\/\/velipost.com\/wp-content\/uploads\/2025\/06\/Sommet-Bresil-CARICOM-150x150.jpg",150,150,true],"medium":["https:\/\/velipost.com\/wp-content\/uploads\/2025\/06\/Sommet-Bresil-CARICOM-300x155.jpg",300,155,true],"medium_large":["https:\/\/velipost.com\/wp-content\/uploads\/2025\/06\/Sommet-Bresil-CARICOM-768x396.jpg",715,369,true],"large":["https:\/\/velipost.com\/wp-content\/uploads\/2025\/06\/Sommet-Bresil-CARICOM-1024x528.jpg",715,369,true],"1536x1536":["https:\/\/velipost.com\/wp-content\/uploads\/2025\/06\/Sommet-Bresil-CARICOM.jpg",1170,603,false],"2048x2048":["https:\/\/velipost.com\/wp-content\/uploads\/2025\/06\/Sommet-Bresil-CARICOM.jpg",1170,603,false],"colornews-big-slider":["https:\/\/velipost.com\/wp-content\/uploads\/2025\/06\/Sommet-Bresil-CARICOM-1070x470.jpg",1070,470,true],"colornews-big-slider-thumb":["https:\/\/velipost.com\/wp-content\/uploads\/2025\/06\/Sommet-Bresil-CARICOM-184x109.jpg",184,109,true],"colornews-featured-post-medium":["https:\/\/velipost.com\/wp-content\/uploads\/2025\/06\/Sommet-Bresil-CARICOM-345x265.jpg",345,265,true],"colornews-featured-post-small":["https:\/\/velipost.com\/wp-content\/uploads\/2025\/06\/Sommet-Bresil-CARICOM-115x73.jpg",115,73,true],"colornews-random-posts":["https:\/\/velipost.com\/wp-content\/uploads\/2025\/06\/Sommet-Bresil-CARICOM-215x215.jpg",215,215,true],"colornews-featured-image":["https:\/\/velipost.com\/wp-content\/uploads\/2025\/06\/Sommet-Bresil-CARICOM-715x400.jpg",715,400,true],"mailpoet_newsletter_max":["https:\/\/velipost.com\/wp-content\/uploads\/2025\/06\/Sommet-Bresil-CARICOM.jpg",1170,603,false]},"uagb_author_info":{"display_name":"VeliPost","author_link":"https:\/\/velipost.com\/?author=1"},"uagb_comment_info":0,"uagb_excerpt":"Au sommet\u00a0Br\u00e9sil-Cara\u00efbes\u00a0tenu ce\u00a013 juin \u00e0 Brasilia, le pr\u00e9sident br\u00e9silien\u00a0Luiz In\u00e1cio Lula da Silva\u00a0a pos\u00e9 des mots lourds de sens sur une v\u00e9rit\u00e9 que beaucoup","_links":{"self":[{"href":"https:\/\/velipost.com\/index.php?rest_route=\/wp\/v2\/posts\/3564","targetHints":{"allow":["GET"]}}],"collection":[{"href":"https:\/\/velipost.com\/index.php?rest_route=\/wp\/v2\/posts"}],"about":[{"href":"https:\/\/velipost.com\/index.php?rest_route=\/wp\/v2\/types\/post"}],"author":[{"embeddable":true,"href":"https:\/\/velipost.com\/index.php?rest_route=\/wp\/v2\/users\/1"}],"replies":[{"embeddable":true,"href":"https:\/\/velipost.com\/index.php?rest_route=%2Fwp%2Fv2%2Fcomments&post=3564"}],"version-history":[{"count":1,"href":"https:\/\/velipost.com\/index.php?rest_route=\/wp\/v2\/posts\/3564\/revisions"}],"predecessor-version":[{"id":3567,"href":"https:\/\/velipost.com\/index.php?rest_route=\/wp\/v2\/posts\/3564\/revisions\/3567"}],"wp:featuredmedia":[{"embeddable":true,"href":"https:\/\/velipost.com\/index.php?rest_route=\/wp\/v2\/media\/3566"}],"wp:attachment":[{"href":"https:\/\/velipost.com\/index.php?rest_route=%2Fwp%2Fv2%2Fmedia&parent=3564"}],"wp:term":[{"taxonomy":"category","embeddable":true,"href":"https:\/\/velipost.com\/index.php?rest_route=%2Fwp%2Fv2%2Fcategories&post=3564"},{"taxonomy":"post_tag","embeddable":true,"href":"https:\/\/velipost.com\/index.php?rest_route=%2Fwp%2Fv2%2Ftags&post=3564"}],"curies":[{"name":"wp","href":"https:\/\/api.w.org\/{rel}","templated":true}]}}