{"id":3547,"date":"2025-06-06T17:31:51","date_gmt":"2025-06-06T15:31:51","guid":{"rendered":"https:\/\/velipost.com\/?p=3547"},"modified":"2025-06-06T17:31:52","modified_gmt":"2025-06-06T15:31:52","slug":"non-aux-inegalites-dans-les-subventions-accordees-aux-activites-culturelles-en-haiti","status":"publish","type":"post","link":"https:\/\/velipost.com\/?p=3547","title":{"rendered":"Non aux in\u00e9galit\u00e9s dans les subventions accord\u00e9es aux activit\u00e9s culturelles en Ha\u00efti"},"content":{"rendered":"\n<p><em>Par Il\u00e9us PAPILLON<\/em><\/p>\n\n\n\n<p><em>Alors qu&rsquo;Ha\u00efti traverse une crise sans pr\u00e9c\u00e9dent, il est regrettable de constater que les pratiques discriminatoires persistent, notamment dans le domaine culturel. L&rsquo;\u00c9tat ha\u00eftien semble concentrer son soutien sur les activit\u00e9s culturelles se d\u00e9roulant exclusivement \u00e0 Port-au-Prince, n\u00e9gligeant ainsi les initiatives culturelles en province.<\/em><\/p>\n\n\n\n<p>Prenons l&rsquo;exemple de \u00ab\u00a0Livres en Folie\u00a0\u00bb, une foire annuelle du livre organis\u00e9e \u00e0 Port-au-Prince. Cet \u00e9v\u00e9nement b\u00e9n\u00e9ficie du soutien de plusieurs institutions \u00e9tatiques, telles que: la BRH, la Primature, la Pr\u00e9sidence, le Minist\u00e8re de la Culture et de la Communication, le Minist\u00e8re de l\u00a0\u00bb\u00c9ducation Nationale et de la Formation Professionnelle, le Minist\u00e8re de l&rsquo;\u00c9conomie et des Finances, le Fonds National de l&rsquo;\u00c9ducation (FNE),\u2026 qui ont accompagn\u00e9 la production intellectuelle d\u2019Ha\u00efti lors de la 31e \u00e9dition de l&rsquo;\u00e9v\u00e9nement. Bien que \u00ab\u00a0Livres en Folie\u00a0\u00bb soit une initiative louable, il est d\u00e9plorable que des \u00e9v\u00e9nements similaires en province ne re\u00e7oivent pas le m\u00eame appui de l&rsquo;\u00c9tat.<\/p>\n\n\n\n<p>La deuxi\u00e8me \u00e9dition du Salon du Livre et des Arts du Grand Nord d&rsquo;Ha\u00efti, qui s&rsquo;est tenue du 23 au 25 avril 2025 au<br>\u00e0 Port-Margot, a \u00e9t\u00e9 organis\u00e9e sans le soutien de l&rsquo;\u00c9tat ha\u00eftien. De m\u00eame, le Festival de po\u00e9sie Boisrond-Tonnerre s&rsquo;est d\u00e9roul\u00e9 sans aucune aide gouvernementale. Ces initiatives culturelles en province, tout aussi importantes pour la promotion de la culture ha\u00eftienne, m\u00e9ritent une attention et un soutien \u00e9quivalents.<\/p>\n\n\n\n<p>Il est imp\u00e9ratif de mettre fin \u00e0 cette centralisation des subventions aux activit\u00e9s culturelles \u00e0 Port-au-Prince. L&rsquo;\u00c9tat ha\u00eftien doit adopter une politique culturelle inclusive, qui reconna\u00eet et soutient les initiatives culturelles dans toutes les r\u00e9gions du pays. La culture est un vecteur essentiel de coh\u00e9sion sociale et de d\u00e9veloppement, et elle doit \u00eatre accessible \u00e0 tous, ind\u00e9pendamment de leur localisation g\u00e9ographique.<\/p>\n\n\n\n<p>En tant qu&rsquo;op\u00e9rateur culturel et citoyen engag\u00e9, je d\u00e9nonce cette in\u00e9galit\u00e9 flagrante et appelle \u00e0 une redistribution \u00e9quitable des subventions culturelles. Il est temps de reconna\u00eetre et de valoriser la richesse culturelle de toutes les r\u00e9gions d&rsquo;Ha\u00efti.<\/p>\n\n\n\n<p>Il\u00e9us PAPILLON<br>Pr\u00e9sident du Salon du Livre et des Arts du Grand Nord d&rsquo;Ha\u00efti<br>Animateur de l&rsquo;\u00e9mission N AP LI.<\/p>\n\n    <div class=\"xs_social_share_widget xs_share_url after_content \t\tmain_content  wslu-style-3 wslu-share-box-shaped wslu-fill-brand-hover-colored wslu-share-m-5 wslu-none wslu-share-horizontal wslu-theme-font-no wslu-main_content\">\n\n\t\t\n        <ul>\n\t\t\t                    <li class=\"xs-share-li twitter                        wslu-no-extra-data\">\n                        <a href=\"javascript:void(0);\"\n                           id=\"xs_feed_twitter\"\n                           onclick=\"xs_social_sharer(this);\"\n                           data-pid=\"3547\"\n                           data-uri_hash=\"509a88e1dd50108ddd237f274e7916af\"\n                           data-key=\"twitter\"\n                           data-xs-href=\"https:\/\/twitter.com\/intent\/tweet?text=Non+aux+in%C3%A9galit%C3%A9s+dans+les+subventions+accord%C3%A9es+aux+activit%C3%A9s+culturelles+en+Ha%C3%AFti+https%3A%2F%2Fvelipost.com%2Findex.php%3Frest_route%3D%252Fwp%252Fv2%252Fposts%252F3547&amp;original_referer=https%3A%2F%2Fvelipost.com%2Findex.php%3Frest_route%3D%252Fwp%252Fv2%252Fposts%252F3547&amp;related=xpeedstudio\">\n\n                            <div class=\"xs-social-icon\">\n                                <span class=\"met-social met-social-twitter\"><\/span>\n                            <\/div>\n\n\t\t\t\t\t\t\t\n                            <div class=\"wslu-hover-content\">\n                                <div class=\"xs-social-followers\">\n\t\t\t\t\t\t\t\t\t10                                <\/div>\n                                <div class=\"xs-social-follower-text\">\n\t\t\t\t\t\t\t\t\tShare                                <\/div>\n                                <div class=\"xs-social-follower-label\">\n\t\t\t\t\t\t\t\t\tTwitter                                <\/div>\n                            <\/div>\n                        <\/a>\n                    <\/li>\n\t\t\t\t\t                    <li class=\"xs-share-li telegram                        wslu-no-extra-data\">\n                        <a href=\"javascript:void(0);\"\n                           id=\"xs_feed_telegram\"\n                           onclick=\"xs_social_sharer(this);\"\n                           data-pid=\"3547\"\n                           data-uri_hash=\"509a88e1dd50108ddd237f274e7916af\"\n                           data-key=\"telegram\"\n                           data-xs-href=\"https:\/\/telegram.me\/share\/url?url=https%3A%2F%2Fvelipost.com%2Findex.php%3Frest_route%3D%252Fwp%252Fv2%252Fposts%252F3547&amp;text=Non+aux+in%C3%A9galit%C3%A9s+dans+les+subventions+accord%C3%A9es+aux+activit%C3%A9s+culturelles+en+Ha%C3%AFti\">\n\n                            <div class=\"xs-social-icon\">\n                                <span class=\"met-social met-social-telegram\"><\/span>\n                            <\/div>\n\n\t\t\t\t\t\t\t\n                            <div class=\"wslu-hover-content\">\n                                <div class=\"xs-social-followers\">\n\t\t\t\t\t\t\t\t\t0                                <\/div>\n                                <div class=\"xs-social-follower-text\">\n\t\t\t\t\t\t\t\t\tShare                                <\/div>\n                                <div class=\"xs-social-follower-label\">\n\t\t\t\t\t\t\t\t\tTelegram                                <\/div>\n                            <\/div>\n                        <\/a>\n                    <\/li>\n\t\t\t\t\t                    <li class=\"xs-share-li email                        wslu-no-extra-data\">\n                        <a href=\"javascript:void(0);\"\n                           id=\"xs_feed_email\"\n                           onclick=\"xs_social_sharer(this);\"\n                           data-pid=\"3547\"\n                           data-uri_hash=\"509a88e1dd50108ddd237f274e7916af\"\n                           data-key=\"email\"\n                           data-xs-href=\"mailto:?body=Title%3A+Non+aux+in%C3%A9galit%C3%A9s+dans+les+subventions+accord%C3%A9es+aux+activit%C3%A9s+culturelles+en+Ha%C3%AFti+%5Cn%5Cn+URL%3A+https%3A%2F%2Fvelipost.com%2Findex.php%3Frest_route%3D%252Fwp%252Fv2%252Fposts%252F3547&amp;subject=Non+aux+in%C3%A9galit%C3%A9s+dans+les+subventions+accord%C3%A9es+aux+activit%C3%A9s+culturelles+en+Ha%C3%AFti\">\n\n                            <div class=\"xs-social-icon\">\n                                <span class=\"met-social met-social-email\"><\/span>\n                            <\/div>\n\n\t\t\t\t\t\t\t\n                            <div class=\"wslu-hover-content\">\n                                <div class=\"xs-social-followers\">\n\t\t\t\t\t\t\t\t\t0                                <\/div>\n                                <div class=\"xs-social-follower-text\">\n\t\t\t\t\t\t\t\t\tShare                                <\/div>\n                                <div class=\"xs-social-follower-label\">\n\t\t\t\t\t\t\t\t\tEmail                                <\/div>\n                            <\/div>\n                        <\/a>\n                    <\/li>\n\t\t\t\t\t        <\/ul>\n    <\/div> \n","protected":false},"excerpt":{"rendered":"<p>Par Il\u00e9us PAPILLON Alors qu&rsquo;Ha\u00efti traverse une crise sans pr\u00e9c\u00e9dent, il est regrettable de constater que les pratiques discriminatoires persistent, notamment dans le domaine<\/p>\n","protected":false},"author":1,"featured_media":3548,"comment_status":"open","ping_status":"open","sticky":false,"template":"","format":"standard","meta":{"_uag_custom_page_level_css":"","footnotes":"","jetpack_publicize_message":"","jetpack_publicize_feature_enabled":true,"jetpack_social_post_already_shared":false,"jetpack_social_options":{"image_generator_settings":{"template":"highway","default_image_id":0,"font":"","enabled":false},"version":2}},"categories":[238],"tags":[],"class_list":["post-3547","post","type-post","status-publish","format-standard","has-post-thumbnail","hentry","category-opinion"],"yoast_head":"<!-- This site is optimized with the Yoast SEO plugin v25.3.1 - https:\/\/yoast.com\/wordpress\/plugins\/seo\/ -->\n<title>Non aux in\u00e9galit\u00e9s dans les subventions accord\u00e9es aux activit\u00e9s culturelles en Ha\u00efti &#8211; VeliPost<\/title>\n<meta name=\"robots\" content=\"index, follow, max-snippet:-1, max-image-preview:large, max-video-preview:-1\" \/>\n<link rel=\"canonical\" href=\"https:\/\/velipost.com\/?p=3547\" \/>\n<meta property=\"og:locale\" content=\"fr_FR\" \/>\n<meta property=\"og:type\" content=\"article\" \/>\n<meta property=\"og:title\" content=\"Non aux in\u00e9galit\u00e9s dans les subventions accord\u00e9es aux activit\u00e9s culturelles en Ha\u00efti &#8211; VeliPost\" \/>\n<meta property=\"og:description\" content=\"Par Il\u00e9us PAPILLON Alors qu&rsquo;Ha\u00efti traverse une crise sans pr\u00e9c\u00e9dent, il est regrettable de constater que les pratiques discriminatoires persistent, notamment dans le domaine\" \/>\n<meta property=\"og:url\" content=\"https:\/\/velipost.com\/?p=3547\" \/>\n<meta property=\"og:site_name\" content=\"VeliPost\" \/>\n<meta property=\"article:publisher\" content=\"https:\/\/www.facebook.com\/veliposthaiti\" \/>\n<meta property=\"article:published_time\" content=\"2025-06-06T15:31:51+00:00\" \/>\n<meta property=\"article:modified_time\" content=\"2025-06-06T15:31:52+00:00\" \/>\n<meta property=\"og:image\" content=\"https:\/\/velipost.com\/wp-content\/uploads\/2025\/06\/illeus.jpg\" \/>\n\t<meta property=\"og:image:width\" content=\"1170\" \/>\n\t<meta property=\"og:image:height\" content=\"603\" \/>\n\t<meta property=\"og:image:type\" content=\"image\/jpeg\" \/>\n<meta name=\"author\" content=\"VeliPost\" \/>\n<meta name=\"twitter:card\" content=\"summary_large_image\" \/>\n<meta name=\"twitter:creator\" content=\"@veliposthaiti\" \/>\n<meta name=\"twitter:site\" content=\"@veliposthaiti\" \/>\n<meta name=\"twitter:label1\" content=\"\u00c9crit par\" \/>\n\t<meta name=\"twitter:data1\" content=\"VeliPost\" \/>\n\t<meta name=\"twitter:label2\" content=\"Dur\u00e9e de lecture estim\u00e9e\" \/>\n\t<meta name=\"twitter:data2\" content=\"2 minutes\" \/>\n<script type=\"application\/ld+json\" class=\"yoast-schema-graph\">{\"@context\":\"https:\/\/schema.org\",\"@graph\":[{\"@type\":\"Article\",\"@id\":\"https:\/\/velipost.com\/?p=3547#article\",\"isPartOf\":{\"@id\":\"https:\/\/velipost.com\/?p=3547\"},\"author\":{\"name\":\"VeliPost\",\"@id\":\"https:\/\/velipost.com\/#\/schema\/person\/32ff49a53c9c1bb24302ee8ece058096\"},\"headline\":\"Non aux in\u00e9galit\u00e9s dans les subventions accord\u00e9es aux activit\u00e9s culturelles en Ha\u00efti\",\"datePublished\":\"2025-06-06T15:31:51+00:00\",\"dateModified\":\"2025-06-06T15:31:52+00:00\",\"mainEntityOfPage\":{\"@id\":\"https:\/\/velipost.com\/?p=3547\"},\"wordCount\":410,\"commentCount\":0,\"publisher\":{\"@id\":\"https:\/\/velipost.com\/#organization\"},\"image\":{\"@id\":\"https:\/\/velipost.com\/?p=3547#primaryimage\"},\"thumbnailUrl\":\"https:\/\/velipost.com\/wp-content\/uploads\/2025\/06\/illeus.jpg\",\"articleSection\":[\"Opinion\"],\"inLanguage\":\"fr-FR\",\"potentialAction\":[{\"@type\":\"CommentAction\",\"name\":\"Comment\",\"target\":[\"https:\/\/velipost.com\/?p=3547#respond\"]}]},{\"@type\":\"WebPage\",\"@id\":\"https:\/\/velipost.com\/?p=3547\",\"url\":\"https:\/\/velipost.com\/?p=3547\",\"name\":\"Non aux in\u00e9galit\u00e9s dans les subventions accord\u00e9es aux activit\u00e9s culturelles en Ha\u00efti &#8211; VeliPost\",\"isPartOf\":{\"@id\":\"https:\/\/velipost.com\/#website\"},\"primaryImageOfPage\":{\"@id\":\"https:\/\/velipost.com\/?p=3547#primaryimage\"},\"image\":{\"@id\":\"https:\/\/velipost.com\/?p=3547#primaryimage\"},\"thumbnailUrl\":\"https:\/\/velipost.com\/wp-content\/uploads\/2025\/06\/illeus.jpg\",\"datePublished\":\"2025-06-06T15:31:51+00:00\",\"dateModified\":\"2025-06-06T15:31:52+00:00\",\"breadcrumb\":{\"@id\":\"https:\/\/velipost.com\/?p=3547#breadcrumb\"},\"inLanguage\":\"fr-FR\",\"potentialAction\":[{\"@type\":\"ReadAction\",\"target\":[\"https:\/\/velipost.com\/?p=3547\"]}]},{\"@type\":\"ImageObject\",\"inLanguage\":\"fr-FR\",\"@id\":\"https:\/\/velipost.com\/?p=3547#primaryimage\",\"url\":\"https:\/\/velipost.com\/wp-content\/uploads\/2025\/06\/illeus.jpg\",\"contentUrl\":\"https:\/\/velipost.com\/wp-content\/uploads\/2025\/06\/illeus.jpg\",\"width\":1170,\"height\":603},{\"@type\":\"BreadcrumbList\",\"@id\":\"https:\/\/velipost.com\/?p=3547#breadcrumb\",\"itemListElement\":[{\"@type\":\"ListItem\",\"position\":1,\"name\":\"Accueil\",\"item\":\"https:\/\/velipost.com\/\"},{\"@type\":\"ListItem\",\"position\":2,\"name\":\"Non aux in\u00e9galit\u00e9s dans les subventions accord\u00e9es aux activit\u00e9s culturelles en Ha\u00efti\"}]},{\"@type\":\"WebSite\",\"@id\":\"https:\/\/velipost.com\/#website\",\"url\":\"https:\/\/velipost.com\/\",\"name\":\"VeliPost\",\"description\":\"L\u2019info en un clic\",\"publisher\":{\"@id\":\"https:\/\/velipost.com\/#organization\"},\"potentialAction\":[{\"@type\":\"SearchAction\",\"target\":{\"@type\":\"EntryPoint\",\"urlTemplate\":\"https:\/\/velipost.com\/?s={search_term_string}\"},\"query-input\":{\"@type\":\"PropertyValueSpecification\",\"valueRequired\":true,\"valueName\":\"search_term_string\"}}],\"inLanguage\":\"fr-FR\"},{\"@type\":\"Organization\",\"@id\":\"https:\/\/velipost.com\/#organization\",\"name\":\"VeliPost\",\"url\":\"https:\/\/velipost.com\/\",\"logo\":{\"@type\":\"ImageObject\",\"inLanguage\":\"fr-FR\",\"@id\":\"https:\/\/velipost.com\/#\/schema\/logo\/image\/\",\"url\":\"https:\/\/velipost.com\/wp-content\/uploads\/2024\/08\/cropped-VP-logo-piti.png\",\"contentUrl\":\"https:\/\/velipost.com\/wp-content\/uploads\/2024\/08\/cropped-VP-logo-piti.png\",\"width\":201,\"height\":69,\"caption\":\"VeliPost\"},\"image\":{\"@id\":\"https:\/\/velipost.com\/#\/schema\/logo\/image\/\"},\"sameAs\":[\"https:\/\/www.facebook.com\/veliposthaiti\",\"https:\/\/x.com\/veliposthaiti\",\"https:\/\/www.instagram.com\/veliposthaiti\"]},{\"@type\":\"Person\",\"@id\":\"https:\/\/velipost.com\/#\/schema\/person\/32ff49a53c9c1bb24302ee8ece058096\",\"name\":\"VeliPost\",\"image\":{\"@type\":\"ImageObject\",\"inLanguage\":\"fr-FR\",\"@id\":\"https:\/\/velipost.com\/#\/schema\/person\/image\/\",\"url\":\"https:\/\/secure.gravatar.com\/avatar\/57c226c264de62f794185a89596d4a37b85a5ad20aca30d9d5a478b27d8c8d9d?s=96&d=mm&r=g\",\"contentUrl\":\"https:\/\/secure.gravatar.com\/avatar\/57c226c264de62f794185a89596d4a37b85a5ad20aca30d9d5a478b27d8c8d9d?s=96&d=mm&r=g\",\"caption\":\"VeliPost\"},\"sameAs\":[\"https:\/\/velipost.com\"],\"url\":\"https:\/\/velipost.com\/?author=1\"}]}<\/script>\n<!-- \/ Yoast SEO plugin. -->","yoast_head_json":{"title":"Non aux in\u00e9galit\u00e9s dans les subventions accord\u00e9es aux activit\u00e9s culturelles en Ha\u00efti &#8211; VeliPost","robots":{"index":"index","follow":"follow","max-snippet":"max-snippet:-1","max-image-preview":"max-image-preview:large","max-video-preview":"max-video-preview:-1"},"canonical":"https:\/\/velipost.com\/?p=3547","og_locale":"fr_FR","og_type":"article","og_title":"Non aux in\u00e9galit\u00e9s dans les subventions accord\u00e9es aux activit\u00e9s culturelles en Ha\u00efti &#8211; VeliPost","og_description":"Par Il\u00e9us PAPILLON Alors qu&rsquo;Ha\u00efti traverse une crise sans pr\u00e9c\u00e9dent, il est regrettable de constater que les pratiques discriminatoires persistent, notamment dans le domaine","og_url":"https:\/\/velipost.com\/?p=3547","og_site_name":"VeliPost","article_publisher":"https:\/\/www.facebook.com\/veliposthaiti","article_published_time":"2025-06-06T15:31:51+00:00","article_modified_time":"2025-06-06T15:31:52+00:00","og_image":[{"width":1170,"height":603,"url":"https:\/\/velipost.com\/wp-content\/uploads\/2025\/06\/illeus.jpg","type":"image\/jpeg"}],"author":"VeliPost","twitter_card":"summary_large_image","twitter_creator":"@veliposthaiti","twitter_site":"@veliposthaiti","twitter_misc":{"\u00c9crit par":"VeliPost","Dur\u00e9e de lecture estim\u00e9e":"2 minutes"},"schema":{"@context":"https:\/\/schema.org","@graph":[{"@type":"Article","@id":"https:\/\/velipost.com\/?p=3547#article","isPartOf":{"@id":"https:\/\/velipost.com\/?p=3547"},"author":{"name":"VeliPost","@id":"https:\/\/velipost.com\/#\/schema\/person\/32ff49a53c9c1bb24302ee8ece058096"},"headline":"Non aux in\u00e9galit\u00e9s dans les subventions accord\u00e9es aux activit\u00e9s culturelles en Ha\u00efti","datePublished":"2025-06-06T15:31:51+00:00","dateModified":"2025-06-06T15:31:52+00:00","mainEntityOfPage":{"@id":"https:\/\/velipost.com\/?p=3547"},"wordCount":410,"commentCount":0,"publisher":{"@id":"https:\/\/velipost.com\/#organization"},"image":{"@id":"https:\/\/velipost.com\/?p=3547#primaryimage"},"thumbnailUrl":"https:\/\/velipost.com\/wp-content\/uploads\/2025\/06\/illeus.jpg","articleSection":["Opinion"],"inLanguage":"fr-FR","potentialAction":[{"@type":"CommentAction","name":"Comment","target":["https:\/\/velipost.com\/?p=3547#respond"]}]},{"@type":"WebPage","@id":"https:\/\/velipost.com\/?p=3547","url":"https:\/\/velipost.com\/?p=3547","name":"Non aux in\u00e9galit\u00e9s dans les subventions accord\u00e9es aux activit\u00e9s culturelles en Ha\u00efti &#8211; VeliPost","isPartOf":{"@id":"https:\/\/velipost.com\/#website"},"primaryImageOfPage":{"@id":"https:\/\/velipost.com\/?p=3547#primaryimage"},"image":{"@id":"https:\/\/velipost.com\/?p=3547#primaryimage"},"thumbnailUrl":"https:\/\/velipost.com\/wp-content\/uploads\/2025\/06\/illeus.jpg","datePublished":"2025-06-06T15:31:51+00:00","dateModified":"2025-06-06T15:31:52+00:00","breadcrumb":{"@id":"https:\/\/velipost.com\/?p=3547#breadcrumb"},"inLanguage":"fr-FR","potentialAction":[{"@type":"ReadAction","target":["https:\/\/velipost.com\/?p=3547"]}]},{"@type":"ImageObject","inLanguage":"fr-FR","@id":"https:\/\/velipost.com\/?p=3547#primaryimage","url":"https:\/\/velipost.com\/wp-content\/uploads\/2025\/06\/illeus.jpg","contentUrl":"https:\/\/velipost.com\/wp-content\/uploads\/2025\/06\/illeus.jpg","width":1170,"height":603},{"@type":"BreadcrumbList","@id":"https:\/\/velipost.com\/?p=3547#breadcrumb","itemListElement":[{"@type":"ListItem","position":1,"name":"Accueil","item":"https:\/\/velipost.com\/"},{"@type":"ListItem","position":2,"name":"Non aux in\u00e9galit\u00e9s dans les subventions accord\u00e9es aux activit\u00e9s culturelles en Ha\u00efti"}]},{"@type":"WebSite","@id":"https:\/\/velipost.com\/#website","url":"https:\/\/velipost.com\/","name":"VeliPost","description":"L\u2019info en un clic","publisher":{"@id":"https:\/\/velipost.com\/#organization"},"potentialAction":[{"@type":"SearchAction","target":{"@type":"EntryPoint","urlTemplate":"https:\/\/velipost.com\/?s={search_term_string}"},"query-input":{"@type":"PropertyValueSpecification","valueRequired":true,"valueName":"search_term_string"}}],"inLanguage":"fr-FR"},{"@type":"Organization","@id":"https:\/\/velipost.com\/#organization","name":"VeliPost","url":"https:\/\/velipost.com\/","logo":{"@type":"ImageObject","inLanguage":"fr-FR","@id":"https:\/\/velipost.com\/#\/schema\/logo\/image\/","url":"https:\/\/velipost.com\/wp-content\/uploads\/2024\/08\/cropped-VP-logo-piti.png","contentUrl":"https:\/\/velipost.com\/wp-content\/uploads\/2024\/08\/cropped-VP-logo-piti.png","width":201,"height":69,"caption":"VeliPost"},"image":{"@id":"https:\/\/velipost.com\/#\/schema\/logo\/image\/"},"sameAs":["https:\/\/www.facebook.com\/veliposthaiti","https:\/\/x.com\/veliposthaiti","https:\/\/www.instagram.com\/veliposthaiti"]},{"@type":"Person","@id":"https:\/\/velipost.com\/#\/schema\/person\/32ff49a53c9c1bb24302ee8ece058096","name":"VeliPost","image":{"@type":"ImageObject","inLanguage":"fr-FR","@id":"https:\/\/velipost.com\/#\/schema\/person\/image\/","url":"https:\/\/secure.gravatar.com\/avatar\/57c226c264de62f794185a89596d4a37b85a5ad20aca30d9d5a478b27d8c8d9d?s=96&d=mm&r=g","contentUrl":"https:\/\/secure.gravatar.com\/avatar\/57c226c264de62f794185a89596d4a37b85a5ad20aca30d9d5a478b27d8c8d9d?s=96&d=mm&r=g","caption":"VeliPost"},"sameAs":["https:\/\/velipost.com"],"url":"https:\/\/velipost.com\/?author=1"}]}},"views":0,"jetpack_publicize_connections":[],"uagb_featured_image_src":{"full":["https:\/\/velipost.com\/wp-content\/uploads\/2025\/06\/illeus.jpg",1170,603,false],"thumbnail":["https:\/\/velipost.com\/wp-content\/uploads\/2025\/06\/illeus-150x150.jpg",150,150,true],"medium":["https:\/\/velipost.com\/wp-content\/uploads\/2025\/06\/illeus-300x155.jpg",300,155,true],"medium_large":["https:\/\/velipost.com\/wp-content\/uploads\/2025\/06\/illeus-768x396.jpg",715,369,true],"large":["https:\/\/velipost.com\/wp-content\/uploads\/2025\/06\/illeus-1024x528.jpg",715,369,true],"1536x1536":["https:\/\/velipost.com\/wp-content\/uploads\/2025\/06\/illeus.jpg",1170,603,false],"2048x2048":["https:\/\/velipost.com\/wp-content\/uploads\/2025\/06\/illeus.jpg",1170,603,false],"colornews-big-slider":["https:\/\/velipost.com\/wp-content\/uploads\/2025\/06\/illeus-1070x470.jpg",1070,470,true],"colornews-big-slider-thumb":["https:\/\/velipost.com\/wp-content\/uploads\/2025\/06\/illeus-184x109.jpg",184,109,true],"colornews-featured-post-medium":["https:\/\/velipost.com\/wp-content\/uploads\/2025\/06\/illeus-345x265.jpg",345,265,true],"colornews-featured-post-small":["https:\/\/velipost.com\/wp-content\/uploads\/2025\/06\/illeus-115x73.jpg",115,73,true],"colornews-random-posts":["https:\/\/velipost.com\/wp-content\/uploads\/2025\/06\/illeus-215x215.jpg",215,215,true],"colornews-featured-image":["https:\/\/velipost.com\/wp-content\/uploads\/2025\/06\/illeus-715x400.jpg",715,400,true],"mailpoet_newsletter_max":["https:\/\/velipost.com\/wp-content\/uploads\/2025\/06\/illeus.jpg",1170,603,false]},"uagb_author_info":{"display_name":"VeliPost","author_link":"https:\/\/velipost.com\/?author=1"},"uagb_comment_info":0,"uagb_excerpt":"Par Il\u00e9us PAPILLON Alors qu&rsquo;Ha\u00efti traverse une crise sans pr\u00e9c\u00e9dent, il est regrettable de constater que les pratiques discriminatoires persistent, notamment dans le domaine","_links":{"self":[{"href":"https:\/\/velipost.com\/index.php?rest_route=\/wp\/v2\/posts\/3547","targetHints":{"allow":["GET"]}}],"collection":[{"href":"https:\/\/velipost.com\/index.php?rest_route=\/wp\/v2\/posts"}],"about":[{"href":"https:\/\/velipost.com\/index.php?rest_route=\/wp\/v2\/types\/post"}],"author":[{"embeddable":true,"href":"https:\/\/velipost.com\/index.php?rest_route=\/wp\/v2\/users\/1"}],"replies":[{"embeddable":true,"href":"https:\/\/velipost.com\/index.php?rest_route=%2Fwp%2Fv2%2Fcomments&post=3547"}],"version-history":[{"count":2,"href":"https:\/\/velipost.com\/index.php?rest_route=\/wp\/v2\/posts\/3547\/revisions"}],"predecessor-version":[{"id":3550,"href":"https:\/\/velipost.com\/index.php?rest_route=\/wp\/v2\/posts\/3547\/revisions\/3550"}],"wp:featuredmedia":[{"embeddable":true,"href":"https:\/\/velipost.com\/index.php?rest_route=\/wp\/v2\/media\/3548"}],"wp:attachment":[{"href":"https:\/\/velipost.com\/index.php?rest_route=%2Fwp%2Fv2%2Fmedia&parent=3547"}],"wp:term":[{"taxonomy":"category","embeddable":true,"href":"https:\/\/velipost.com\/index.php?rest_route=%2Fwp%2Fv2%2Fcategories&post=3547"},{"taxonomy":"post_tag","embeddable":true,"href":"https:\/\/velipost.com\/index.php?rest_route=%2Fwp%2Fv2%2Ftags&post=3547"}],"curies":[{"name":"wp","href":"https:\/\/api.w.org\/{rel}","templated":true}]}}