{"id":3544,"date":"2025-06-03T03:40:52","date_gmt":"2025-06-03T01:40:52","guid":{"rendered":"https:\/\/velipost.com\/?p=3544"},"modified":"2025-06-03T03:40:53","modified_gmt":"2025-06-03T01:40:53","slug":"tourisme-john-herrickdessources-lance-les-assises-sur-linvestissement-dans-le-nord","status":"publish","type":"post","link":"https:\/\/velipost.com\/?p=3544","title":{"rendered":"Tourisme : John HerrickDessources lance les Assises sur l\u2019Investissement dans le Nord"},"content":{"rendered":"\n<p><em>Le Ministre du Tourisme,\u00a0John Herrick Dessources, a donn\u00e9 ce lundi 2 juin 2025 le coup d\u2019envoi des pr\u00e9paratifs des\u00a0Assises sur l\u2019Investissement dans le Nord, lors d\u2019une importante r\u00e9union multisectorielle tenue dans les locaux de l\u2019\u00c9cole H\u00f4teli\u00e8re d\u2019Ha\u00efti, \u00e0 P\u00e9tion-Ville. Cette initiative strat\u00e9gique vise \u00e0\u00a0relancer durablement la r\u00e9gion Nord\u00a0\u00e0 travers un\u00a0plan de d\u00e9veloppement int\u00e9gr\u00e9, alliant projets publics structurants et investissements priv\u00e9s \u00e0 fort potentiel.<\/em><\/p>\n\n\n\n<p>Plusieurs piliers institutionnels de l\u2019appareil \u00e9tatique ont r\u00e9pondu \u00e0 l\u2019appel, notamment les Minist\u00e8res de l\u2019\u00c9conomie et des Finances (MEF), du Commerce, de l\u2019Agriculture, de la Culture, ainsi que le CIAT et le CFI.<\/p>\n\n\n\n<p>Les discussions ont port\u00e9 sur la\u00a0coordination des efforts publics\u00a0dans les domaines\u00a0\u00e9conomique, touristique, agricole, commercial et industriel. Le Minist\u00e8re du Tourisme a mis sur la table une proposition majeure : la\u00a0cr\u00e9ation d\u2019un portefeuille int\u00e9gr\u00e9 d\u2019investissements, incluant \u00e0 la fois des projets publics d\u2019envergure et des initiatives priv\u00e9es prometteuses.<\/p>\n\n\n\n<p>Dans son intervention, le Ministre Dessources a insist\u00e9 sur la n\u00e9cessit\u00e9 d\u2019une\u00a0approche transversale, inclusive et territorialis\u00e9e, fond\u00e9e sur la r\u00e9alit\u00e9 du terrain et les besoins sp\u00e9cifiques du Nord. Il a mis l\u2019accent sur trois priorit\u00e9s essentielles :<\/p>\n\n\n\n<p>\u2022\u00a0le d\u00e9senclavement\u00a0des zones \u00e0 fort potentiel,<\/p>\n\n\n\n<p>\u2022\u00a0l\u2019assainissement et la valorisation\u00a0du centre historique de\u00a0Cap-Ha\u00eftien,<\/p>\n\n\n\n<p>\u2022\u00a0et\u00a0l\u2019am\u00e9lioration des infrastructures\u00a0facilitant l\u2019acc\u00e8s \u00e0 la r\u00e9gion.<\/p>\n\n\n\n<p>Pour le titulaire du MT, il s\u2019agit de poser les fondations d\u2019un v\u00e9ritable mod\u00e8le de d\u00e9veloppement r\u00e9gional, capable de mobiliser\u00a0les ressources nationales et internationales\u00a0au service d\u2019une croissance durable.<\/p>\n\n\n\n<p>Cette rencontre marque le\u00a0lancement officiel d\u2019un processus de concertation nationale, qui sera \u00e9largi dans les prochaines semaines aux\u00a0acteurs priv\u00e9s et aux partenaires techniques et financiers. Les\u00a0Assises sur l\u2019Investissement dans le Nord, pr\u00e9vues pour le\u00a0dernier trimestre de l\u2019exercice fiscal 2024-2025, visent \u00e0 devenir une\u00a0plateforme strat\u00e9gique\u00a0de mobilisation d\u2019investissements, alignant priorit\u00e9s \u00e9tatiques, dynamiques priv\u00e9es et partenariats internationaux.<\/p>\n\n    <div class=\"xs_social_share_widget xs_share_url after_content \t\tmain_content  wslu-style-3 wslu-share-box-shaped wslu-fill-brand-hover-colored wslu-share-m-5 wslu-none wslu-share-horizontal wslu-theme-font-no wslu-main_content\">\n\n\t\t\n        <ul>\n\t\t\t                    <li class=\"xs-share-li twitter                        wslu-no-extra-data\">\n                        <a href=\"javascript:void(0);\"\n                           id=\"xs_feed_twitter\"\n                           onclick=\"xs_social_sharer(this);\"\n                           data-pid=\"3544\"\n                           data-uri_hash=\"9d12a3342097108429cc156b1a9181b9\"\n                           data-key=\"twitter\"\n                           data-xs-href=\"https:\/\/twitter.com\/intent\/tweet?text=Tourisme+%3A+John+HerrickDessources+lance+les+Assises+sur+l%E2%80%99Investissement+dans+le+Nord+https%3A%2F%2Fvelipost.com%2Findex.php%3Frest_route%3D%252Fwp%252Fv2%252Fposts%252F3544&amp;original_referer=https%3A%2F%2Fvelipost.com%2Findex.php%3Frest_route%3D%252Fwp%252Fv2%252Fposts%252F3544&amp;related=xpeedstudio\">\n\n                            <div class=\"xs-social-icon\">\n                                <span class=\"met-social met-social-twitter\"><\/span>\n                            <\/div>\n\n\t\t\t\t\t\t\t\n                            <div class=\"wslu-hover-content\">\n                                <div class=\"xs-social-followers\">\n\t\t\t\t\t\t\t\t\t10                                <\/div>\n                                <div class=\"xs-social-follower-text\">\n\t\t\t\t\t\t\t\t\tShare                                <\/div>\n                                <div class=\"xs-social-follower-label\">\n\t\t\t\t\t\t\t\t\tTwitter                                <\/div>\n                            <\/div>\n                        <\/a>\n                    <\/li>\n\t\t\t\t\t                    <li class=\"xs-share-li telegram                        wslu-no-extra-data\">\n                        <a href=\"javascript:void(0);\"\n                           id=\"xs_feed_telegram\"\n                           onclick=\"xs_social_sharer(this);\"\n                           data-pid=\"3544\"\n                           data-uri_hash=\"9d12a3342097108429cc156b1a9181b9\"\n                           data-key=\"telegram\"\n                           data-xs-href=\"https:\/\/telegram.me\/share\/url?url=https%3A%2F%2Fvelipost.com%2Findex.php%3Frest_route%3D%252Fwp%252Fv2%252Fposts%252F3544&amp;text=Tourisme+%3A+John+HerrickDessources+lance+les+Assises+sur+l%E2%80%99Investissement+dans+le+Nord\">\n\n                            <div class=\"xs-social-icon\">\n                                <span class=\"met-social met-social-telegram\"><\/span>\n                            <\/div>\n\n\t\t\t\t\t\t\t\n                            <div class=\"wslu-hover-content\">\n                                <div class=\"xs-social-followers\">\n\t\t\t\t\t\t\t\t\t0                                <\/div>\n                                <div class=\"xs-social-follower-text\">\n\t\t\t\t\t\t\t\t\tShare                                <\/div>\n                                <div class=\"xs-social-follower-label\">\n\t\t\t\t\t\t\t\t\tTelegram                                <\/div>\n                            <\/div>\n                        <\/a>\n                    <\/li>\n\t\t\t\t\t                    <li class=\"xs-share-li email                        wslu-no-extra-data\">\n                        <a href=\"javascript:void(0);\"\n                           id=\"xs_feed_email\"\n                           onclick=\"xs_social_sharer(this);\"\n                           data-pid=\"3544\"\n                           data-uri_hash=\"9d12a3342097108429cc156b1a9181b9\"\n                           data-key=\"email\"\n                           data-xs-href=\"mailto:?body=Title%3A+Tourisme+%3A+John+HerrickDessources+lance+les+Assises+sur+l%E2%80%99Investissement+dans+le+Nord+%5Cn%5Cn+URL%3A+https%3A%2F%2Fvelipost.com%2Findex.php%3Frest_route%3D%252Fwp%252Fv2%252Fposts%252F3544&amp;subject=Tourisme+%3A+John+HerrickDessources+lance+les+Assises+sur+l%E2%80%99Investissement+dans+le+Nord\">\n\n                            <div class=\"xs-social-icon\">\n                                <span class=\"met-social met-social-email\"><\/span>\n                            <\/div>\n\n\t\t\t\t\t\t\t\n                            <div class=\"wslu-hover-content\">\n                                <div class=\"xs-social-followers\">\n\t\t\t\t\t\t\t\t\t0                                <\/div>\n                                <div class=\"xs-social-follower-text\">\n\t\t\t\t\t\t\t\t\tShare                                <\/div>\n                                <div class=\"xs-social-follower-label\">\n\t\t\t\t\t\t\t\t\tEmail                                <\/div>\n                            <\/div>\n                        <\/a>\n                    <\/li>\n\t\t\t\t\t        <\/ul>\n    <\/div> \n","protected":false},"excerpt":{"rendered":"<p>Le Ministre du Tourisme,\u00a0John Herrick Dessources, a donn\u00e9 ce lundi 2 juin 2025 le coup d\u2019envoi des pr\u00e9paratifs des\u00a0Assises sur l\u2019Investissement dans le Nord,<\/p>\n","protected":false},"author":1,"featured_media":3545,"comment_status":"open","ping_status":"open","sticky":false,"template":"","format":"standard","meta":{"_uag_custom_page_level_css":"","footnotes":"","jetpack_publicize_message":"","jetpack_publicize_feature_enabled":true,"jetpack_social_post_already_shared":false,"jetpack_social_options":{"image_generator_settings":{"template":"highway","default_image_id":0,"font":"","enabled":false},"version":2}},"categories":[205],"tags":[],"class_list":["post-3544","post","type-post","status-publish","format-standard","has-post-thumbnail","hentry","category-tourism"],"yoast_head":"<!-- This site is optimized with the Yoast SEO plugin v25.3.1 - https:\/\/yoast.com\/wordpress\/plugins\/seo\/ -->\n<title>Tourisme : John HerrickDessources lance les Assises sur l\u2019Investissement dans le Nord &#8211; VeliPost<\/title>\n<meta name=\"robots\" content=\"index, follow, max-snippet:-1, max-image-preview:large, max-video-preview:-1\" \/>\n<link rel=\"canonical\" href=\"https:\/\/velipost.com\/?p=3544\" \/>\n<meta property=\"og:locale\" content=\"fr_FR\" \/>\n<meta property=\"og:type\" content=\"article\" \/>\n<meta property=\"og:title\" content=\"Tourisme : John HerrickDessources lance les Assises sur l\u2019Investissement dans le Nord &#8211; VeliPost\" \/>\n<meta property=\"og:description\" content=\"Le Ministre du Tourisme,\u00a0John Herrick Dessources, a donn\u00e9 ce lundi 2 juin 2025 le coup d\u2019envoi des pr\u00e9paratifs des\u00a0Assises sur l\u2019Investissement dans le Nord,\" \/>\n<meta property=\"og:url\" content=\"https:\/\/velipost.com\/?p=3544\" \/>\n<meta property=\"og:site_name\" content=\"VeliPost\" \/>\n<meta property=\"article:publisher\" content=\"https:\/\/www.facebook.com\/veliposthaiti\" \/>\n<meta property=\"article:published_time\" content=\"2025-06-03T01:40:52+00:00\" \/>\n<meta property=\"article:modified_time\" content=\"2025-06-03T01:40:53+00:00\" \/>\n<meta property=\"og:image\" content=\"https:\/\/velipost.com\/wp-content\/uploads\/2025\/06\/tour.jpg\" \/>\n\t<meta property=\"og:image:width\" content=\"1170\" \/>\n\t<meta property=\"og:image:height\" content=\"603\" \/>\n\t<meta property=\"og:image:type\" content=\"image\/jpeg\" \/>\n<meta name=\"author\" content=\"VeliPost\" \/>\n<meta name=\"twitter:card\" content=\"summary_large_image\" \/>\n<meta name=\"twitter:creator\" content=\"@veliposthaiti\" \/>\n<meta name=\"twitter:site\" content=\"@veliposthaiti\" \/>\n<meta name=\"twitter:label1\" content=\"\u00c9crit par\" \/>\n\t<meta name=\"twitter:data1\" content=\"VeliPost\" \/>\n\t<meta name=\"twitter:label2\" content=\"Dur\u00e9e de lecture estim\u00e9e\" \/>\n\t<meta name=\"twitter:data2\" content=\"2 minutes\" \/>\n<script type=\"application\/ld+json\" class=\"yoast-schema-graph\">{\"@context\":\"https:\/\/schema.org\",\"@graph\":[{\"@type\":\"Article\",\"@id\":\"https:\/\/velipost.com\/?p=3544#article\",\"isPartOf\":{\"@id\":\"https:\/\/velipost.com\/?p=3544\"},\"author\":{\"name\":\"VeliPost\",\"@id\":\"https:\/\/velipost.com\/#\/schema\/person\/32ff49a53c9c1bb24302ee8ece058096\"},\"headline\":\"Tourisme : John HerrickDessources lance les Assises sur l\u2019Investissement dans le Nord\",\"datePublished\":\"2025-06-03T01:40:52+00:00\",\"dateModified\":\"2025-06-03T01:40:53+00:00\",\"mainEntityOfPage\":{\"@id\":\"https:\/\/velipost.com\/?p=3544\"},\"wordCount\":365,\"commentCount\":0,\"publisher\":{\"@id\":\"https:\/\/velipost.com\/#organization\"},\"image\":{\"@id\":\"https:\/\/velipost.com\/?p=3544#primaryimage\"},\"thumbnailUrl\":\"https:\/\/velipost.com\/wp-content\/uploads\/2025\/06\/tour.jpg\",\"articleSection\":[\"Tourism\"],\"inLanguage\":\"fr-FR\",\"potentialAction\":[{\"@type\":\"CommentAction\",\"name\":\"Comment\",\"target\":[\"https:\/\/velipost.com\/?p=3544#respond\"]}]},{\"@type\":\"WebPage\",\"@id\":\"https:\/\/velipost.com\/?p=3544\",\"url\":\"https:\/\/velipost.com\/?p=3544\",\"name\":\"Tourisme : John HerrickDessources lance les Assises sur l\u2019Investissement dans le Nord &#8211; VeliPost\",\"isPartOf\":{\"@id\":\"https:\/\/velipost.com\/#website\"},\"primaryImageOfPage\":{\"@id\":\"https:\/\/velipost.com\/?p=3544#primaryimage\"},\"image\":{\"@id\":\"https:\/\/velipost.com\/?p=3544#primaryimage\"},\"thumbnailUrl\":\"https:\/\/velipost.com\/wp-content\/uploads\/2025\/06\/tour.jpg\",\"datePublished\":\"2025-06-03T01:40:52+00:00\",\"dateModified\":\"2025-06-03T01:40:53+00:00\",\"breadcrumb\":{\"@id\":\"https:\/\/velipost.com\/?p=3544#breadcrumb\"},\"inLanguage\":\"fr-FR\",\"potentialAction\":[{\"@type\":\"ReadAction\",\"target\":[\"https:\/\/velipost.com\/?p=3544\"]}]},{\"@type\":\"ImageObject\",\"inLanguage\":\"fr-FR\",\"@id\":\"https:\/\/velipost.com\/?p=3544#primaryimage\",\"url\":\"https:\/\/velipost.com\/wp-content\/uploads\/2025\/06\/tour.jpg\",\"contentUrl\":\"https:\/\/velipost.com\/wp-content\/uploads\/2025\/06\/tour.jpg\",\"width\":1170,\"height\":603},{\"@type\":\"BreadcrumbList\",\"@id\":\"https:\/\/velipost.com\/?p=3544#breadcrumb\",\"itemListElement\":[{\"@type\":\"ListItem\",\"position\":1,\"name\":\"Accueil\",\"item\":\"https:\/\/velipost.com\/\"},{\"@type\":\"ListItem\",\"position\":2,\"name\":\"Tourisme : John HerrickDessources lance les Assises sur l\u2019Investissement dans le Nord\"}]},{\"@type\":\"WebSite\",\"@id\":\"https:\/\/velipost.com\/#website\",\"url\":\"https:\/\/velipost.com\/\",\"name\":\"VeliPost\",\"description\":\"L\u2019info en un clic\",\"publisher\":{\"@id\":\"https:\/\/velipost.com\/#organization\"},\"potentialAction\":[{\"@type\":\"SearchAction\",\"target\":{\"@type\":\"EntryPoint\",\"urlTemplate\":\"https:\/\/velipost.com\/?s={search_term_string}\"},\"query-input\":{\"@type\":\"PropertyValueSpecification\",\"valueRequired\":true,\"valueName\":\"search_term_string\"}}],\"inLanguage\":\"fr-FR\"},{\"@type\":\"Organization\",\"@id\":\"https:\/\/velipost.com\/#organization\",\"name\":\"VeliPost\",\"url\":\"https:\/\/velipost.com\/\",\"logo\":{\"@type\":\"ImageObject\",\"inLanguage\":\"fr-FR\",\"@id\":\"https:\/\/velipost.com\/#\/schema\/logo\/image\/\",\"url\":\"https:\/\/velipost.com\/wp-content\/uploads\/2024\/08\/cropped-VP-logo-piti.png\",\"contentUrl\":\"https:\/\/velipost.com\/wp-content\/uploads\/2024\/08\/cropped-VP-logo-piti.png\",\"width\":201,\"height\":69,\"caption\":\"VeliPost\"},\"image\":{\"@id\":\"https:\/\/velipost.com\/#\/schema\/logo\/image\/\"},\"sameAs\":[\"https:\/\/www.facebook.com\/veliposthaiti\",\"https:\/\/x.com\/veliposthaiti\",\"https:\/\/www.instagram.com\/veliposthaiti\"]},{\"@type\":\"Person\",\"@id\":\"https:\/\/velipost.com\/#\/schema\/person\/32ff49a53c9c1bb24302ee8ece058096\",\"name\":\"VeliPost\",\"image\":{\"@type\":\"ImageObject\",\"inLanguage\":\"fr-FR\",\"@id\":\"https:\/\/velipost.com\/#\/schema\/person\/image\/\",\"url\":\"https:\/\/secure.gravatar.com\/avatar\/57c226c264de62f794185a89596d4a37b85a5ad20aca30d9d5a478b27d8c8d9d?s=96&d=mm&r=g\",\"contentUrl\":\"https:\/\/secure.gravatar.com\/avatar\/57c226c264de62f794185a89596d4a37b85a5ad20aca30d9d5a478b27d8c8d9d?s=96&d=mm&r=g\",\"caption\":\"VeliPost\"},\"sameAs\":[\"https:\/\/velipost.com\"],\"url\":\"https:\/\/velipost.com\/?author=1\"}]}<\/script>\n<!-- \/ Yoast SEO plugin. -->","yoast_head_json":{"title":"Tourisme : John HerrickDessources lance les Assises sur l\u2019Investissement dans le Nord &#8211; VeliPost","robots":{"index":"index","follow":"follow","max-snippet":"max-snippet:-1","max-image-preview":"max-image-preview:large","max-video-preview":"max-video-preview:-1"},"canonical":"https:\/\/velipost.com\/?p=3544","og_locale":"fr_FR","og_type":"article","og_title":"Tourisme : John HerrickDessources lance les Assises sur l\u2019Investissement dans le Nord &#8211; VeliPost","og_description":"Le Ministre du Tourisme,\u00a0John Herrick Dessources, a donn\u00e9 ce lundi 2 juin 2025 le coup d\u2019envoi des pr\u00e9paratifs des\u00a0Assises sur l\u2019Investissement dans le Nord,","og_url":"https:\/\/velipost.com\/?p=3544","og_site_name":"VeliPost","article_publisher":"https:\/\/www.facebook.com\/veliposthaiti","article_published_time":"2025-06-03T01:40:52+00:00","article_modified_time":"2025-06-03T01:40:53+00:00","og_image":[{"width":1170,"height":603,"url":"https:\/\/velipost.com\/wp-content\/uploads\/2025\/06\/tour.jpg","type":"image\/jpeg"}],"author":"VeliPost","twitter_card":"summary_large_image","twitter_creator":"@veliposthaiti","twitter_site":"@veliposthaiti","twitter_misc":{"\u00c9crit par":"VeliPost","Dur\u00e9e de lecture estim\u00e9e":"2 minutes"},"schema":{"@context":"https:\/\/schema.org","@graph":[{"@type":"Article","@id":"https:\/\/velipost.com\/?p=3544#article","isPartOf":{"@id":"https:\/\/velipost.com\/?p=3544"},"author":{"name":"VeliPost","@id":"https:\/\/velipost.com\/#\/schema\/person\/32ff49a53c9c1bb24302ee8ece058096"},"headline":"Tourisme : John HerrickDessources lance les Assises sur l\u2019Investissement dans le Nord","datePublished":"2025-06-03T01:40:52+00:00","dateModified":"2025-06-03T01:40:53+00:00","mainEntityOfPage":{"@id":"https:\/\/velipost.com\/?p=3544"},"wordCount":365,"commentCount":0,"publisher":{"@id":"https:\/\/velipost.com\/#organization"},"image":{"@id":"https:\/\/velipost.com\/?p=3544#primaryimage"},"thumbnailUrl":"https:\/\/velipost.com\/wp-content\/uploads\/2025\/06\/tour.jpg","articleSection":["Tourism"],"inLanguage":"fr-FR","potentialAction":[{"@type":"CommentAction","name":"Comment","target":["https:\/\/velipost.com\/?p=3544#respond"]}]},{"@type":"WebPage","@id":"https:\/\/velipost.com\/?p=3544","url":"https:\/\/velipost.com\/?p=3544","name":"Tourisme : John HerrickDessources lance les Assises sur l\u2019Investissement dans le Nord &#8211; VeliPost","isPartOf":{"@id":"https:\/\/velipost.com\/#website"},"primaryImageOfPage":{"@id":"https:\/\/velipost.com\/?p=3544#primaryimage"},"image":{"@id":"https:\/\/velipost.com\/?p=3544#primaryimage"},"thumbnailUrl":"https:\/\/velipost.com\/wp-content\/uploads\/2025\/06\/tour.jpg","datePublished":"2025-06-03T01:40:52+00:00","dateModified":"2025-06-03T01:40:53+00:00","breadcrumb":{"@id":"https:\/\/velipost.com\/?p=3544#breadcrumb"},"inLanguage":"fr-FR","potentialAction":[{"@type":"ReadAction","target":["https:\/\/velipost.com\/?p=3544"]}]},{"@type":"ImageObject","inLanguage":"fr-FR","@id":"https:\/\/velipost.com\/?p=3544#primaryimage","url":"https:\/\/velipost.com\/wp-content\/uploads\/2025\/06\/tour.jpg","contentUrl":"https:\/\/velipost.com\/wp-content\/uploads\/2025\/06\/tour.jpg","width":1170,"height":603},{"@type":"BreadcrumbList","@id":"https:\/\/velipost.com\/?p=3544#breadcrumb","itemListElement":[{"@type":"ListItem","position":1,"name":"Accueil","item":"https:\/\/velipost.com\/"},{"@type":"ListItem","position":2,"name":"Tourisme : John HerrickDessources lance les Assises sur l\u2019Investissement dans le Nord"}]},{"@type":"WebSite","@id":"https:\/\/velipost.com\/#website","url":"https:\/\/velipost.com\/","name":"VeliPost","description":"L\u2019info en un clic","publisher":{"@id":"https:\/\/velipost.com\/#organization"},"potentialAction":[{"@type":"SearchAction","target":{"@type":"EntryPoint","urlTemplate":"https:\/\/velipost.com\/?s={search_term_string}"},"query-input":{"@type":"PropertyValueSpecification","valueRequired":true,"valueName":"search_term_string"}}],"inLanguage":"fr-FR"},{"@type":"Organization","@id":"https:\/\/velipost.com\/#organization","name":"VeliPost","url":"https:\/\/velipost.com\/","logo":{"@type":"ImageObject","inLanguage":"fr-FR","@id":"https:\/\/velipost.com\/#\/schema\/logo\/image\/","url":"https:\/\/velipost.com\/wp-content\/uploads\/2024\/08\/cropped-VP-logo-piti.png","contentUrl":"https:\/\/velipost.com\/wp-content\/uploads\/2024\/08\/cropped-VP-logo-piti.png","width":201,"height":69,"caption":"VeliPost"},"image":{"@id":"https:\/\/velipost.com\/#\/schema\/logo\/image\/"},"sameAs":["https:\/\/www.facebook.com\/veliposthaiti","https:\/\/x.com\/veliposthaiti","https:\/\/www.instagram.com\/veliposthaiti"]},{"@type":"Person","@id":"https:\/\/velipost.com\/#\/schema\/person\/32ff49a53c9c1bb24302ee8ece058096","name":"VeliPost","image":{"@type":"ImageObject","inLanguage":"fr-FR","@id":"https:\/\/velipost.com\/#\/schema\/person\/image\/","url":"https:\/\/secure.gravatar.com\/avatar\/57c226c264de62f794185a89596d4a37b85a5ad20aca30d9d5a478b27d8c8d9d?s=96&d=mm&r=g","contentUrl":"https:\/\/secure.gravatar.com\/avatar\/57c226c264de62f794185a89596d4a37b85a5ad20aca30d9d5a478b27d8c8d9d?s=96&d=mm&r=g","caption":"VeliPost"},"sameAs":["https:\/\/velipost.com"],"url":"https:\/\/velipost.com\/?author=1"}]}},"views":1,"jetpack_publicize_connections":[],"uagb_featured_image_src":{"full":["https:\/\/velipost.com\/wp-content\/uploads\/2025\/06\/tour.jpg",1170,603,false],"thumbnail":["https:\/\/velipost.com\/wp-content\/uploads\/2025\/06\/tour-150x150.jpg",150,150,true],"medium":["https:\/\/velipost.com\/wp-content\/uploads\/2025\/06\/tour-300x155.jpg",300,155,true],"medium_large":["https:\/\/velipost.com\/wp-content\/uploads\/2025\/06\/tour-768x396.jpg",715,369,true],"large":["https:\/\/velipost.com\/wp-content\/uploads\/2025\/06\/tour-1024x528.jpg",715,369,true],"1536x1536":["https:\/\/velipost.com\/wp-content\/uploads\/2025\/06\/tour.jpg",1170,603,false],"2048x2048":["https:\/\/velipost.com\/wp-content\/uploads\/2025\/06\/tour.jpg",1170,603,false],"colornews-big-slider":["https:\/\/velipost.com\/wp-content\/uploads\/2025\/06\/tour-1070x470.jpg",1070,470,true],"colornews-big-slider-thumb":["https:\/\/velipost.com\/wp-content\/uploads\/2025\/06\/tour-184x109.jpg",184,109,true],"colornews-featured-post-medium":["https:\/\/velipost.com\/wp-content\/uploads\/2025\/06\/tour-345x265.jpg",345,265,true],"colornews-featured-post-small":["https:\/\/velipost.com\/wp-content\/uploads\/2025\/06\/tour-115x73.jpg",115,73,true],"colornews-random-posts":["https:\/\/velipost.com\/wp-content\/uploads\/2025\/06\/tour-215x215.jpg",215,215,true],"colornews-featured-image":["https:\/\/velipost.com\/wp-content\/uploads\/2025\/06\/tour-715x400.jpg",715,400,true],"mailpoet_newsletter_max":["https:\/\/velipost.com\/wp-content\/uploads\/2025\/06\/tour.jpg",1170,603,false]},"uagb_author_info":{"display_name":"VeliPost","author_link":"https:\/\/velipost.com\/?author=1"},"uagb_comment_info":0,"uagb_excerpt":"Le Ministre du Tourisme,\u00a0John Herrick Dessources, a donn\u00e9 ce lundi 2 juin 2025 le coup d\u2019envoi des pr\u00e9paratifs des\u00a0Assises sur l\u2019Investissement dans le Nord,","_links":{"self":[{"href":"https:\/\/velipost.com\/index.php?rest_route=\/wp\/v2\/posts\/3544","targetHints":{"allow":["GET"]}}],"collection":[{"href":"https:\/\/velipost.com\/index.php?rest_route=\/wp\/v2\/posts"}],"about":[{"href":"https:\/\/velipost.com\/index.php?rest_route=\/wp\/v2\/types\/post"}],"author":[{"embeddable":true,"href":"https:\/\/velipost.com\/index.php?rest_route=\/wp\/v2\/users\/1"}],"replies":[{"embeddable":true,"href":"https:\/\/velipost.com\/index.php?rest_route=%2Fwp%2Fv2%2Fcomments&post=3544"}],"version-history":[{"count":1,"href":"https:\/\/velipost.com\/index.php?rest_route=\/wp\/v2\/posts\/3544\/revisions"}],"predecessor-version":[{"id":3546,"href":"https:\/\/velipost.com\/index.php?rest_route=\/wp\/v2\/posts\/3544\/revisions\/3546"}],"wp:featuredmedia":[{"embeddable":true,"href":"https:\/\/velipost.com\/index.php?rest_route=\/wp\/v2\/media\/3545"}],"wp:attachment":[{"href":"https:\/\/velipost.com\/index.php?rest_route=%2Fwp%2Fv2%2Fmedia&parent=3544"}],"wp:term":[{"taxonomy":"category","embeddable":true,"href":"https:\/\/velipost.com\/index.php?rest_route=%2Fwp%2Fv2%2Fcategories&post=3544"},{"taxonomy":"post_tag","embeddable":true,"href":"https:\/\/velipost.com\/index.php?rest_route=%2Fwp%2Fv2%2Ftags&post=3544"}],"curies":[{"name":"wp","href":"https:\/\/api.w.org\/{rel}","templated":true}]}}