{"id":3533,"date":"2025-05-29T19:46:59","date_gmt":"2025-05-29T17:46:59","guid":{"rendered":"https:\/\/velipost.com\/?p=3533"},"modified":"2025-05-29T19:47:00","modified_gmt":"2025-05-29T17:47:00","slug":"john-herrick-dessources-mobilise-les-medias-pour-reconstruire-limage-dhaiti","status":"publish","type":"post","link":"https:\/\/velipost.com\/?p=3533","title":{"rendered":"John Herrick Dessources mobilise les m\u00e9dias pour reconstruire l\u2019image d\u2019Ha\u00efti"},"content":{"rendered":"\n<p><em>Le ministre du Tourisme, John Herrick Dessources, a rencontr\u00e9 des journalistes ce mercredi 28 mai 2025, \u00e0 l\u2019\u00c9cole H\u00f4teli\u00e8re d\u2019Ha\u00efti. Il a anim\u00e9 une table de discussion sur l\u2019image d\u2019Ha\u00efti et le r\u00f4le des m\u00e9dias dans la relance du pays.<\/em><\/p>\n\n\n\n<p>L\u2019objectif de cette rencontre : construire ensemble un nouveau r\u00e9cit pour Ha\u00efti, \u00e0 travers un dialogue ouvert entre le minist\u00e8re et les professionnels de l\u2019information.<\/p>\n\n\n\n<p>Devant un auditoire attentif, le ministre a pr\u00e9sent\u00e9 la\u00a0vision strat\u00e9gique du gouvernement\u00a0pour le d\u00e9veloppement du tourisme, secteur qu\u2019il consid\u00e8re comme\u00a0un levier central de la relance \u00e9conomique\u00a0du pays, m\u00eame en temps de crise. Selon lui, il faut renforcer les infrastructures, diversifier les offres touristiques et repositionner Ha\u00efti comme une destination culturelle, historique et \u00e9cologique de r\u00e9f\u00e9rence.<\/p>\n\n\n\n<p>Un second point important a \u00e9t\u00e9 la n\u00e9cessit\u00e9 de changer le discours sur Ha\u00efti. Le ministre veut sortir des r\u00e9cits n\u00e9gatifs et fatalistes, souvent relay\u00e9s dans les m\u00e9dias internationaux. Il propose de mettre en avant les talents locaux, les r\u00e9ussites, les richesses naturelles et la r\u00e9silience du peuple ha\u00eftien. Il a \u00e9voqu\u00e9 un projet ambitieux : construire un nouveau r\u00e9cit national avec l\u2019aide des journalistes, des m\u00e9dias et des jeunes du secteur.<\/p>\n\n\n\n<p>Enfin, le ministre a rappel\u00e9 le r\u00f4le cl\u00e9 des journalistes dans la vie d\u00e9mocratique. Il a insist\u00e9 sur l\u2019importance d\u2019une communication responsable, surtout dans le cadre de l\u2019\u00e9laboration de la nouvelle Constitution et du r\u00e9f\u00e9rendum \u00e0 venir.<\/p>\n\n\n\n<p>La rencontre s\u2019est termin\u00e9e sur un appel \u00e0 la collaboration. Le ministre souhaite b\u00e2tir un partenariat durable entre son minist\u00e8re et les m\u00e9dias. Il veut poser les bases d\u2019un travail commun pour redonner \u00e0 Ha\u00efti une image positive, cr\u00e9dible et inspirante.<\/p>\n\n\n\n<div class=\"wp-block-uagb-image uagb-block-463a1e2e wp-block-uagb-image--layout-default wp-block-uagb-image--effect-static wp-block-uagb-image--align-none\"><figure class=\"wp-block-uagb-image__figure\"><a class=\"\" href=\"https:\/\/velipost.com\/wp-content\/uploads\/2025\/05\/touu.jpg\" target=\"\" rel=\"noopener\"><img loading=\"lazy\" decoding=\"async\" srcset=\"https:\/\/velipost.com\/wp-content\/uploads\/2025\/05\/touu-1024x528.jpg ,https:\/\/velipost.com\/wp-content\/uploads\/2025\/05\/touu.jpg 780w, https:\/\/velipost.com\/wp-content\/uploads\/2025\/05\/touu.jpg 360w\" sizes=\"auto, (max-width: 480px) 150px\" src=\"https:\/\/velipost.com\/wp-content\/uploads\/2025\/05\/touu-1024x528.jpg\" alt=\"\" class=\"uag-image-3535\" width=\"1170\" height=\"603\" title=\"touu\" loading=\"lazy\" role=\"img\"\/><\/a><\/figure><\/div>\n\n    <div class=\"xs_social_share_widget xs_share_url after_content \t\tmain_content  wslu-style-3 wslu-share-box-shaped wslu-fill-brand-hover-colored wslu-share-m-5 wslu-none wslu-share-horizontal wslu-theme-font-no wslu-main_content\">\n\n\t\t\n        <ul>\n\t\t\t                    <li class=\"xs-share-li twitter                        wslu-no-extra-data\">\n                        <a href=\"javascript:void(0);\"\n                           id=\"xs_feed_twitter\"\n                           onclick=\"xs_social_sharer(this);\"\n                           data-pid=\"3533\"\n                           data-uri_hash=\"fe92b51d9117e4c574f60e85033e52d1\"\n                           data-key=\"twitter\"\n                           data-xs-href=\"https:\/\/twitter.com\/intent\/tweet?text=John+Herrick+Dessources+mobilise+les+m%C3%A9dias+pour+reconstruire+l%E2%80%99image+d%E2%80%99Ha%C3%AFti+https%3A%2F%2Fvelipost.com%2Findex.php%3Frest_route%3D%252Fwp%252Fv2%252Fposts%252F3533&amp;original_referer=https%3A%2F%2Fvelipost.com%2Findex.php%3Frest_route%3D%252Fwp%252Fv2%252Fposts%252F3533&amp;related=xpeedstudio\">\n\n                            <div class=\"xs-social-icon\">\n                                <span class=\"met-social met-social-twitter\"><\/span>\n                            <\/div>\n\n\t\t\t\t\t\t\t\n                            <div class=\"wslu-hover-content\">\n                                <div class=\"xs-social-followers\">\n\t\t\t\t\t\t\t\t\t10                                <\/div>\n                                <div class=\"xs-social-follower-text\">\n\t\t\t\t\t\t\t\t\tShare                                <\/div>\n                                <div class=\"xs-social-follower-label\">\n\t\t\t\t\t\t\t\t\tTwitter                                <\/div>\n                            <\/div>\n                        <\/a>\n                    <\/li>\n\t\t\t\t\t                    <li class=\"xs-share-li telegram                        wslu-no-extra-data\">\n                        <a href=\"javascript:void(0);\"\n                           id=\"xs_feed_telegram\"\n                           onclick=\"xs_social_sharer(this);\"\n                           data-pid=\"3533\"\n                           data-uri_hash=\"fe92b51d9117e4c574f60e85033e52d1\"\n                           data-key=\"telegram\"\n                           data-xs-href=\"https:\/\/telegram.me\/share\/url?url=https%3A%2F%2Fvelipost.com%2Findex.php%3Frest_route%3D%252Fwp%252Fv2%252Fposts%252F3533&amp;text=John+Herrick+Dessources+mobilise+les+m%C3%A9dias+pour+reconstruire+l%E2%80%99image+d%E2%80%99Ha%C3%AFti\">\n\n                            <div class=\"xs-social-icon\">\n                                <span class=\"met-social met-social-telegram\"><\/span>\n                            <\/div>\n\n\t\t\t\t\t\t\t\n                            <div class=\"wslu-hover-content\">\n                                <div class=\"xs-social-followers\">\n\t\t\t\t\t\t\t\t\t0                                <\/div>\n                                <div class=\"xs-social-follower-text\">\n\t\t\t\t\t\t\t\t\tShare                                <\/div>\n                                <div class=\"xs-social-follower-label\">\n\t\t\t\t\t\t\t\t\tTelegram                                <\/div>\n                            <\/div>\n                        <\/a>\n                    <\/li>\n\t\t\t\t\t                    <li class=\"xs-share-li email                        wslu-no-extra-data\">\n                        <a href=\"javascript:void(0);\"\n                           id=\"xs_feed_email\"\n                           onclick=\"xs_social_sharer(this);\"\n                           data-pid=\"3533\"\n                           data-uri_hash=\"fe92b51d9117e4c574f60e85033e52d1\"\n                           data-key=\"email\"\n                           data-xs-href=\"mailto:?body=Title%3A+John+Herrick+Dessources+mobilise+les+m%C3%A9dias+pour+reconstruire+l%E2%80%99image+d%E2%80%99Ha%C3%AFti+%5Cn%5Cn+URL%3A+https%3A%2F%2Fvelipost.com%2Findex.php%3Frest_route%3D%252Fwp%252Fv2%252Fposts%252F3533&amp;subject=John+Herrick+Dessources+mobilise+les+m%C3%A9dias+pour+reconstruire+l%E2%80%99image+d%E2%80%99Ha%C3%AFti\">\n\n                            <div class=\"xs-social-icon\">\n                                <span class=\"met-social met-social-email\"><\/span>\n                            <\/div>\n\n\t\t\t\t\t\t\t\n                            <div class=\"wslu-hover-content\">\n                                <div class=\"xs-social-followers\">\n\t\t\t\t\t\t\t\t\t0                                <\/div>\n                                <div class=\"xs-social-follower-text\">\n\t\t\t\t\t\t\t\t\tShare                                <\/div>\n                                <div class=\"xs-social-follower-label\">\n\t\t\t\t\t\t\t\t\tEmail                                <\/div>\n                            <\/div>\n                        <\/a>\n                    <\/li>\n\t\t\t\t\t        <\/ul>\n    <\/div> \n","protected":false},"excerpt":{"rendered":"<p>Le ministre du Tourisme, John Herrick Dessources, a rencontr\u00e9 des journalistes ce mercredi 28 mai 2025, \u00e0 l\u2019\u00c9cole H\u00f4teli\u00e8re d\u2019Ha\u00efti. Il a anim\u00e9 une<\/p>\n","protected":false},"author":1,"featured_media":3534,"comment_status":"open","ping_status":"open","sticky":false,"template":"","format":"standard","meta":{"_uag_custom_page_level_css":"","footnotes":"","jetpack_publicize_message":"","jetpack_publicize_feature_enabled":true,"jetpack_social_post_already_shared":false,"jetpack_social_options":{"image_generator_settings":{"template":"highway","default_image_id":0,"font":"","enabled":false},"version":2}},"categories":[205],"tags":[],"class_list":["post-3533","post","type-post","status-publish","format-standard","has-post-thumbnail","hentry","category-tourism"],"yoast_head":"<!-- This site is optimized with the Yoast SEO plugin v25.3.1 - https:\/\/yoast.com\/wordpress\/plugins\/seo\/ -->\n<title>John Herrick Dessources mobilise les m\u00e9dias pour reconstruire l\u2019image d\u2019Ha\u00efti &#8211; VeliPost<\/title>\n<meta name=\"robots\" content=\"index, follow, max-snippet:-1, max-image-preview:large, max-video-preview:-1\" \/>\n<link rel=\"canonical\" href=\"https:\/\/velipost.com\/?p=3533\" \/>\n<meta property=\"og:locale\" content=\"fr_FR\" \/>\n<meta property=\"og:type\" content=\"article\" \/>\n<meta property=\"og:title\" content=\"John Herrick Dessources mobilise les m\u00e9dias pour reconstruire l\u2019image d\u2019Ha\u00efti &#8211; VeliPost\" \/>\n<meta property=\"og:description\" content=\"Le ministre du Tourisme, John Herrick Dessources, a rencontr\u00e9 des journalistes ce mercredi 28 mai 2025, \u00e0 l\u2019\u00c9cole H\u00f4teli\u00e8re d\u2019Ha\u00efti. Il a anim\u00e9 une\" \/>\n<meta property=\"og:url\" content=\"https:\/\/velipost.com\/?p=3533\" \/>\n<meta property=\"og:site_name\" content=\"VeliPost\" \/>\n<meta property=\"article:publisher\" content=\"https:\/\/www.facebook.com\/veliposthaiti\" \/>\n<meta property=\"article:published_time\" content=\"2025-05-29T17:46:59+00:00\" \/>\n<meta property=\"article:modified_time\" content=\"2025-05-29T17:47:00+00:00\" \/>\n<meta property=\"og:image\" content=\"https:\/\/velipost.com\/wp-content\/uploads\/2025\/05\/tou.jpg\" \/>\n\t<meta property=\"og:image:width\" content=\"1170\" \/>\n\t<meta property=\"og:image:height\" content=\"603\" \/>\n\t<meta property=\"og:image:type\" content=\"image\/jpeg\" \/>\n<meta name=\"author\" content=\"VeliPost\" \/>\n<meta name=\"twitter:card\" content=\"summary_large_image\" \/>\n<meta name=\"twitter:creator\" content=\"@veliposthaiti\" \/>\n<meta name=\"twitter:site\" content=\"@veliposthaiti\" \/>\n<meta name=\"twitter:label1\" content=\"\u00c9crit par\" \/>\n\t<meta name=\"twitter:data1\" content=\"VeliPost\" \/>\n\t<meta name=\"twitter:label2\" content=\"Dur\u00e9e de lecture estim\u00e9e\" \/>\n\t<meta name=\"twitter:data2\" content=\"2 minutes\" \/>\n<script type=\"application\/ld+json\" class=\"yoast-schema-graph\">{\"@context\":\"https:\/\/schema.org\",\"@graph\":[{\"@type\":\"Article\",\"@id\":\"https:\/\/velipost.com\/?p=3533#article\",\"isPartOf\":{\"@id\":\"https:\/\/velipost.com\/?p=3533\"},\"author\":{\"name\":\"VeliPost\",\"@id\":\"https:\/\/velipost.com\/#\/schema\/person\/32ff49a53c9c1bb24302ee8ece058096\"},\"headline\":\"John Herrick Dessources mobilise les m\u00e9dias pour reconstruire l\u2019image d\u2019Ha\u00efti\",\"datePublished\":\"2025-05-29T17:46:59+00:00\",\"dateModified\":\"2025-05-29T17:47:00+00:00\",\"mainEntityOfPage\":{\"@id\":\"https:\/\/velipost.com\/?p=3533\"},\"wordCount\":330,\"commentCount\":0,\"publisher\":{\"@id\":\"https:\/\/velipost.com\/#organization\"},\"image\":{\"@id\":\"https:\/\/velipost.com\/?p=3533#primaryimage\"},\"thumbnailUrl\":\"https:\/\/velipost.com\/wp-content\/uploads\/2025\/05\/tou.jpg\",\"articleSection\":[\"Tourism\"],\"inLanguage\":\"fr-FR\",\"potentialAction\":[{\"@type\":\"CommentAction\",\"name\":\"Comment\",\"target\":[\"https:\/\/velipost.com\/?p=3533#respond\"]}]},{\"@type\":\"WebPage\",\"@id\":\"https:\/\/velipost.com\/?p=3533\",\"url\":\"https:\/\/velipost.com\/?p=3533\",\"name\":\"John Herrick Dessources mobilise les m\u00e9dias pour reconstruire l\u2019image d\u2019Ha\u00efti &#8211; VeliPost\",\"isPartOf\":{\"@id\":\"https:\/\/velipost.com\/#website\"},\"primaryImageOfPage\":{\"@id\":\"https:\/\/velipost.com\/?p=3533#primaryimage\"},\"image\":{\"@id\":\"https:\/\/velipost.com\/?p=3533#primaryimage\"},\"thumbnailUrl\":\"https:\/\/velipost.com\/wp-content\/uploads\/2025\/05\/tou.jpg\",\"datePublished\":\"2025-05-29T17:46:59+00:00\",\"dateModified\":\"2025-05-29T17:47:00+00:00\",\"breadcrumb\":{\"@id\":\"https:\/\/velipost.com\/?p=3533#breadcrumb\"},\"inLanguage\":\"fr-FR\",\"potentialAction\":[{\"@type\":\"ReadAction\",\"target\":[\"https:\/\/velipost.com\/?p=3533\"]}]},{\"@type\":\"ImageObject\",\"inLanguage\":\"fr-FR\",\"@id\":\"https:\/\/velipost.com\/?p=3533#primaryimage\",\"url\":\"https:\/\/velipost.com\/wp-content\/uploads\/2025\/05\/tou.jpg\",\"contentUrl\":\"https:\/\/velipost.com\/wp-content\/uploads\/2025\/05\/tou.jpg\",\"width\":1170,\"height\":603},{\"@type\":\"BreadcrumbList\",\"@id\":\"https:\/\/velipost.com\/?p=3533#breadcrumb\",\"itemListElement\":[{\"@type\":\"ListItem\",\"position\":1,\"name\":\"Accueil\",\"item\":\"https:\/\/velipost.com\/\"},{\"@type\":\"ListItem\",\"position\":2,\"name\":\"John Herrick Dessources mobilise les m\u00e9dias pour reconstruire l\u2019image d\u2019Ha\u00efti\"}]},{\"@type\":\"WebSite\",\"@id\":\"https:\/\/velipost.com\/#website\",\"url\":\"https:\/\/velipost.com\/\",\"name\":\"VeliPost\",\"description\":\"L\u2019info en un clic\",\"publisher\":{\"@id\":\"https:\/\/velipost.com\/#organization\"},\"potentialAction\":[{\"@type\":\"SearchAction\",\"target\":{\"@type\":\"EntryPoint\",\"urlTemplate\":\"https:\/\/velipost.com\/?s={search_term_string}\"},\"query-input\":{\"@type\":\"PropertyValueSpecification\",\"valueRequired\":true,\"valueName\":\"search_term_string\"}}],\"inLanguage\":\"fr-FR\"},{\"@type\":\"Organization\",\"@id\":\"https:\/\/velipost.com\/#organization\",\"name\":\"VeliPost\",\"url\":\"https:\/\/velipost.com\/\",\"logo\":{\"@type\":\"ImageObject\",\"inLanguage\":\"fr-FR\",\"@id\":\"https:\/\/velipost.com\/#\/schema\/logo\/image\/\",\"url\":\"https:\/\/velipost.com\/wp-content\/uploads\/2024\/08\/cropped-VP-logo-piti.png\",\"contentUrl\":\"https:\/\/velipost.com\/wp-content\/uploads\/2024\/08\/cropped-VP-logo-piti.png\",\"width\":201,\"height\":69,\"caption\":\"VeliPost\"},\"image\":{\"@id\":\"https:\/\/velipost.com\/#\/schema\/logo\/image\/\"},\"sameAs\":[\"https:\/\/www.facebook.com\/veliposthaiti\",\"https:\/\/x.com\/veliposthaiti\",\"https:\/\/www.instagram.com\/veliposthaiti\"]},{\"@type\":\"Person\",\"@id\":\"https:\/\/velipost.com\/#\/schema\/person\/32ff49a53c9c1bb24302ee8ece058096\",\"name\":\"VeliPost\",\"image\":{\"@type\":\"ImageObject\",\"inLanguage\":\"fr-FR\",\"@id\":\"https:\/\/velipost.com\/#\/schema\/person\/image\/\",\"url\":\"https:\/\/secure.gravatar.com\/avatar\/57c226c264de62f794185a89596d4a37b85a5ad20aca30d9d5a478b27d8c8d9d?s=96&d=mm&r=g\",\"contentUrl\":\"https:\/\/secure.gravatar.com\/avatar\/57c226c264de62f794185a89596d4a37b85a5ad20aca30d9d5a478b27d8c8d9d?s=96&d=mm&r=g\",\"caption\":\"VeliPost\"},\"sameAs\":[\"https:\/\/velipost.com\"],\"url\":\"https:\/\/velipost.com\/?author=1\"}]}<\/script>\n<!-- \/ Yoast SEO plugin. -->","yoast_head_json":{"title":"John Herrick Dessources mobilise les m\u00e9dias pour reconstruire l\u2019image d\u2019Ha\u00efti &#8211; VeliPost","robots":{"index":"index","follow":"follow","max-snippet":"max-snippet:-1","max-image-preview":"max-image-preview:large","max-video-preview":"max-video-preview:-1"},"canonical":"https:\/\/velipost.com\/?p=3533","og_locale":"fr_FR","og_type":"article","og_title":"John Herrick Dessources mobilise les m\u00e9dias pour reconstruire l\u2019image d\u2019Ha\u00efti &#8211; VeliPost","og_description":"Le ministre du Tourisme, John Herrick Dessources, a rencontr\u00e9 des journalistes ce mercredi 28 mai 2025, \u00e0 l\u2019\u00c9cole H\u00f4teli\u00e8re d\u2019Ha\u00efti. Il a anim\u00e9 une","og_url":"https:\/\/velipost.com\/?p=3533","og_site_name":"VeliPost","article_publisher":"https:\/\/www.facebook.com\/veliposthaiti","article_published_time":"2025-05-29T17:46:59+00:00","article_modified_time":"2025-05-29T17:47:00+00:00","og_image":[{"width":1170,"height":603,"url":"https:\/\/velipost.com\/wp-content\/uploads\/2025\/05\/tou.jpg","type":"image\/jpeg"}],"author":"VeliPost","twitter_card":"summary_large_image","twitter_creator":"@veliposthaiti","twitter_site":"@veliposthaiti","twitter_misc":{"\u00c9crit par":"VeliPost","Dur\u00e9e de lecture estim\u00e9e":"2 minutes"},"schema":{"@context":"https:\/\/schema.org","@graph":[{"@type":"Article","@id":"https:\/\/velipost.com\/?p=3533#article","isPartOf":{"@id":"https:\/\/velipost.com\/?p=3533"},"author":{"name":"VeliPost","@id":"https:\/\/velipost.com\/#\/schema\/person\/32ff49a53c9c1bb24302ee8ece058096"},"headline":"John Herrick Dessources mobilise les m\u00e9dias pour reconstruire l\u2019image d\u2019Ha\u00efti","datePublished":"2025-05-29T17:46:59+00:00","dateModified":"2025-05-29T17:47:00+00:00","mainEntityOfPage":{"@id":"https:\/\/velipost.com\/?p=3533"},"wordCount":330,"commentCount":0,"publisher":{"@id":"https:\/\/velipost.com\/#organization"},"image":{"@id":"https:\/\/velipost.com\/?p=3533#primaryimage"},"thumbnailUrl":"https:\/\/velipost.com\/wp-content\/uploads\/2025\/05\/tou.jpg","articleSection":["Tourism"],"inLanguage":"fr-FR","potentialAction":[{"@type":"CommentAction","name":"Comment","target":["https:\/\/velipost.com\/?p=3533#respond"]}]},{"@type":"WebPage","@id":"https:\/\/velipost.com\/?p=3533","url":"https:\/\/velipost.com\/?p=3533","name":"John Herrick Dessources mobilise les m\u00e9dias pour reconstruire l\u2019image d\u2019Ha\u00efti &#8211; VeliPost","isPartOf":{"@id":"https:\/\/velipost.com\/#website"},"primaryImageOfPage":{"@id":"https:\/\/velipost.com\/?p=3533#primaryimage"},"image":{"@id":"https:\/\/velipost.com\/?p=3533#primaryimage"},"thumbnailUrl":"https:\/\/velipost.com\/wp-content\/uploads\/2025\/05\/tou.jpg","datePublished":"2025-05-29T17:46:59+00:00","dateModified":"2025-05-29T17:47:00+00:00","breadcrumb":{"@id":"https:\/\/velipost.com\/?p=3533#breadcrumb"},"inLanguage":"fr-FR","potentialAction":[{"@type":"ReadAction","target":["https:\/\/velipost.com\/?p=3533"]}]},{"@type":"ImageObject","inLanguage":"fr-FR","@id":"https:\/\/velipost.com\/?p=3533#primaryimage","url":"https:\/\/velipost.com\/wp-content\/uploads\/2025\/05\/tou.jpg","contentUrl":"https:\/\/velipost.com\/wp-content\/uploads\/2025\/05\/tou.jpg","width":1170,"height":603},{"@type":"BreadcrumbList","@id":"https:\/\/velipost.com\/?p=3533#breadcrumb","itemListElement":[{"@type":"ListItem","position":1,"name":"Accueil","item":"https:\/\/velipost.com\/"},{"@type":"ListItem","position":2,"name":"John Herrick Dessources mobilise les m\u00e9dias pour reconstruire l\u2019image d\u2019Ha\u00efti"}]},{"@type":"WebSite","@id":"https:\/\/velipost.com\/#website","url":"https:\/\/velipost.com\/","name":"VeliPost","description":"L\u2019info en un clic","publisher":{"@id":"https:\/\/velipost.com\/#organization"},"potentialAction":[{"@type":"SearchAction","target":{"@type":"EntryPoint","urlTemplate":"https:\/\/velipost.com\/?s={search_term_string}"},"query-input":{"@type":"PropertyValueSpecification","valueRequired":true,"valueName":"search_term_string"}}],"inLanguage":"fr-FR"},{"@type":"Organization","@id":"https:\/\/velipost.com\/#organization","name":"VeliPost","url":"https:\/\/velipost.com\/","logo":{"@type":"ImageObject","inLanguage":"fr-FR","@id":"https:\/\/velipost.com\/#\/schema\/logo\/image\/","url":"https:\/\/velipost.com\/wp-content\/uploads\/2024\/08\/cropped-VP-logo-piti.png","contentUrl":"https:\/\/velipost.com\/wp-content\/uploads\/2024\/08\/cropped-VP-logo-piti.png","width":201,"height":69,"caption":"VeliPost"},"image":{"@id":"https:\/\/velipost.com\/#\/schema\/logo\/image\/"},"sameAs":["https:\/\/www.facebook.com\/veliposthaiti","https:\/\/x.com\/veliposthaiti","https:\/\/www.instagram.com\/veliposthaiti"]},{"@type":"Person","@id":"https:\/\/velipost.com\/#\/schema\/person\/32ff49a53c9c1bb24302ee8ece058096","name":"VeliPost","image":{"@type":"ImageObject","inLanguage":"fr-FR","@id":"https:\/\/velipost.com\/#\/schema\/person\/image\/","url":"https:\/\/secure.gravatar.com\/avatar\/57c226c264de62f794185a89596d4a37b85a5ad20aca30d9d5a478b27d8c8d9d?s=96&d=mm&r=g","contentUrl":"https:\/\/secure.gravatar.com\/avatar\/57c226c264de62f794185a89596d4a37b85a5ad20aca30d9d5a478b27d8c8d9d?s=96&d=mm&r=g","caption":"VeliPost"},"sameAs":["https:\/\/velipost.com"],"url":"https:\/\/velipost.com\/?author=1"}]}},"views":0,"jetpack_publicize_connections":[],"uagb_featured_image_src":{"full":["https:\/\/velipost.com\/wp-content\/uploads\/2025\/05\/tou.jpg",1170,603,false],"thumbnail":["https:\/\/velipost.com\/wp-content\/uploads\/2025\/05\/tou-150x150.jpg",150,150,true],"medium":["https:\/\/velipost.com\/wp-content\/uploads\/2025\/05\/tou-300x155.jpg",300,155,true],"medium_large":["https:\/\/velipost.com\/wp-content\/uploads\/2025\/05\/tou-768x396.jpg",715,369,true],"large":["https:\/\/velipost.com\/wp-content\/uploads\/2025\/05\/tou-1024x528.jpg",715,369,true],"1536x1536":["https:\/\/velipost.com\/wp-content\/uploads\/2025\/05\/tou.jpg",1170,603,false],"2048x2048":["https:\/\/velipost.com\/wp-content\/uploads\/2025\/05\/tou.jpg",1170,603,false],"colornews-big-slider":["https:\/\/velipost.com\/wp-content\/uploads\/2025\/05\/tou-1070x470.jpg",1070,470,true],"colornews-big-slider-thumb":["https:\/\/velipost.com\/wp-content\/uploads\/2025\/05\/tou-184x109.jpg",184,109,true],"colornews-featured-post-medium":["https:\/\/velipost.com\/wp-content\/uploads\/2025\/05\/tou-345x265.jpg",345,265,true],"colornews-featured-post-small":["https:\/\/velipost.com\/wp-content\/uploads\/2025\/05\/tou-115x73.jpg",115,73,true],"colornews-random-posts":["https:\/\/velipost.com\/wp-content\/uploads\/2025\/05\/tou-215x215.jpg",215,215,true],"colornews-featured-image":["https:\/\/velipost.com\/wp-content\/uploads\/2025\/05\/tou-715x400.jpg",715,400,true],"mailpoet_newsletter_max":["https:\/\/velipost.com\/wp-content\/uploads\/2025\/05\/tou.jpg",1170,603,false]},"uagb_author_info":{"display_name":"VeliPost","author_link":"https:\/\/velipost.com\/?author=1"},"uagb_comment_info":0,"uagb_excerpt":"Le ministre du Tourisme, John Herrick Dessources, a rencontr\u00e9 des journalistes ce mercredi 28 mai 2025, \u00e0 l\u2019\u00c9cole H\u00f4teli\u00e8re d\u2019Ha\u00efti. Il a anim\u00e9 une","_links":{"self":[{"href":"https:\/\/velipost.com\/index.php?rest_route=\/wp\/v2\/posts\/3533","targetHints":{"allow":["GET"]}}],"collection":[{"href":"https:\/\/velipost.com\/index.php?rest_route=\/wp\/v2\/posts"}],"about":[{"href":"https:\/\/velipost.com\/index.php?rest_route=\/wp\/v2\/types\/post"}],"author":[{"embeddable":true,"href":"https:\/\/velipost.com\/index.php?rest_route=\/wp\/v2\/users\/1"}],"replies":[{"embeddable":true,"href":"https:\/\/velipost.com\/index.php?rest_route=%2Fwp%2Fv2%2Fcomments&post=3533"}],"version-history":[{"count":1,"href":"https:\/\/velipost.com\/index.php?rest_route=\/wp\/v2\/posts\/3533\/revisions"}],"predecessor-version":[{"id":3536,"href":"https:\/\/velipost.com\/index.php?rest_route=\/wp\/v2\/posts\/3533\/revisions\/3536"}],"wp:featuredmedia":[{"embeddable":true,"href":"https:\/\/velipost.com\/index.php?rest_route=\/wp\/v2\/media\/3534"}],"wp:attachment":[{"href":"https:\/\/velipost.com\/index.php?rest_route=%2Fwp%2Fv2%2Fmedia&parent=3533"}],"wp:term":[{"taxonomy":"category","embeddable":true,"href":"https:\/\/velipost.com\/index.php?rest_route=%2Fwp%2Fv2%2Fcategories&post=3533"},{"taxonomy":"post_tag","embeddable":true,"href":"https:\/\/velipost.com\/index.php?rest_route=%2Fwp%2Fv2%2Ftags&post=3533"}],"curies":[{"name":"wp","href":"https:\/\/api.w.org\/{rel}","templated":true}]}}