{"id":3525,"date":"2025-05-28T04:13:20","date_gmt":"2025-05-28T02:13:20","guid":{"rendered":"https:\/\/velipost.com\/?p=3525"},"modified":"2025-05-28T04:16:06","modified_gmt":"2025-05-28T02:16:06","slug":"cap-sur-les-finances-une-jeunesse-outillee-pour-penser-linclusion-financiere","status":"publish","type":"post","link":"https:\/\/velipost.com\/?p=3525","title":{"rendered":"Cap sur les Finances : Une jeunesse outill\u00e9e pour penser l\u2019inclusion financi\u00e8re"},"content":{"rendered":"\n<p>Cap-Ha\u00eftien, 26 mai 2025 \u2014 C\u2019est dans les jardins charg\u00e9s d\u2019histoire de Lakou Breda qu\u2019a eu lieu, ce dimanche 25 mai, la c\u00e9r\u00e9monie de cl\u00f4ture du projet Cap Sur Les Finances, port\u00e9 par EVEIL_Ha\u00efti avec l\u2019appui de FondAction, bras social du Groupe ProFin. L\u2019\u00e9v\u00e9nement a rassembl\u00e9 jeunes, professionnels du secteur financier, \u00e9ducateurs, journalistes et repr\u00e9sentants d\u2019organisations partenaires autour d\u2019un objectif clair : continuer \u00e0 semer une culture d\u2019inclusion financi\u00e8re au sein de la jeunesse ha\u00eftienne.<\/p>\n\n\n\n<p>Pendant six mois, Cap Sur Les Finances a sillonn\u00e9 les d\u00e9partements du Nord et du Nord-Est, avec des interventions dans 11 \u00e9coles secondaires, 2 \u00e9coles professionnelles et 2 \u00e9glises, touchant directement plus de 1300 jeunes. \u00c0 travers des causeries, des ateliers pratiques et des conf\u00e9rences virtuelles, les participants ont pu s\u2019initier \u00e0 des notions cl\u00e9s comme le budget personnel, la gestion de dettes, l\u2019\u00e9pargne et surtout, l\u2019investissement \u00e0 petite \u00e9chelle.<\/p>\n\n\n\n<div class=\"wp-block-uagb-image uagb-block-1db52e7c wp-block-uagb-image--layout-default wp-block-uagb-image--effect-static wp-block-uagb-image--align-none\"><figure class=\"wp-block-uagb-image__figure\"><a class=\"\" href=\"https:\/\/velipost.com\/wp-content\/uploads\/2025\/05\/Cap1.jpg\" target=\"\" rel=\"noopener\"><img loading=\"lazy\" decoding=\"async\" srcset=\"https:\/\/velipost.com\/wp-content\/uploads\/2025\/05\/Cap1-1024x528.jpg ,https:\/\/velipost.com\/wp-content\/uploads\/2025\/05\/Cap1.jpg 780w, https:\/\/velipost.com\/wp-content\/uploads\/2025\/05\/Cap1.jpg 360w\" sizes=\"auto, (max-width: 480px) 150px\" src=\"https:\/\/velipost.com\/wp-content\/uploads\/2025\/05\/Cap1-1024x528.jpg\" alt=\"\" class=\"uag-image-3528\" width=\"1170\" height=\"603\" title=\"Cap1\" loading=\"lazy\" role=\"img\"\/><\/a><\/figure><\/div>\n\n\n\n<p>La c\u00e9r\u00e9monie de cl\u00f4ture a \u00e9t\u00e9 marqu\u00e9e par un panel inspirant anim\u00e9 par Me Robert Paret Junior, pr\u00e9sident du Groupe ProFin, Me Dieulin Joanis, directeur national de recouvrement \u00e0 SOGESOL, et Me Herold Decius, professeur d\u2019universit\u00e9. Ces trois intervenants ont abord\u00e9 avec lucidit\u00e9 le th\u00e8me : \u00ab Inclusion financi\u00e8re en Ha\u00efti : d\u00e9fis, opportunit\u00e9s et solutions pour une jeunesse autonome \u00bb.<\/p>\n\n\n\n<p>Un moment fort de la journ\u00e9e a \u00e9t\u00e9 la remise des prix du concours de texte, qui a invit\u00e9 les jeunes \u00e0 proposer des id\u00e9es concr\u00e8tes pour une meilleure inclusion financi\u00e8re. Parmi les 78 textes soumis, c\u2019est Na\u00efka Sta\u00ebl Charles Pierre qui a remport\u00e9 le premier prix, gr\u00e2ce \u00e0 un texte puissant, structur\u00e9 et porteur d\u2019une vision ambitieuse pour une Ha\u00efti o\u00f9 chaque jeune peut avoir acc\u00e8s aux outils financiers n\u00e9cessaires \u00e0 sa propre autonomie.<\/p>\n\n\n\n<p>\u00ab Ce concours nous a permis de constater que la jeunesse ha\u00eftienne est pr\u00eate \u00e0 r\u00e9fl\u00e9chir sur des sujets complexes, \u00e0 proposer des pistes de changement et \u00e0 d\u00e9fendre une vision plus juste du d\u00e9veloppement. Nous avons le devoir de continuer \u00e0 les accompagner \u00bb, a d\u00e9clar\u00e9 Nixon Mesadieu, vice-coordonnateur de EVEIL_Ha\u00efti.<\/p>\n\n\n\n<p>\u00ab Ce projet est une graine plant\u00e9e dans la conscience de la jeunesse. Nous croyons en leur pouvoir de changer les choses \u00e0 travers la connaissance et l\u2019action \u00bb, a rench\u00e9ri Frantz Azemar, secr\u00e9taire g\u00e9n\u00e9ral de l\u2019organisation.<\/p>\n\n\n\n<p>En s\u2019attaquant \u00e0 un sujet souvent n\u00e9glig\u00e9 dans l\u2019\u00e9ducation classique, Cap Sur Les Finances a permis d\u2019ouvrir un espace de r\u00e9flexion et d\u2019engagement, tout en posant les premi\u00e8res pierres d\u2019un mouvement citoyen autour de l\u2019autonomie \u00e9conomique des jeunes.<\/p>\n\n\n\n<div class=\"wp-block-uagb-image uagb-block-626d9e2b wp-block-uagb-image--layout-default wp-block-uagb-image--effect-static wp-block-uagb-image--align-none\"><figure class=\"wp-block-uagb-image__figure\"><a class=\"\" href=\"https:\/\/velipost.com\/wp-content\/uploads\/2025\/05\/Cap2.jpg\" target=\"\" rel=\"noopener\"><img loading=\"lazy\" decoding=\"async\" srcset=\"https:\/\/velipost.com\/wp-content\/uploads\/2025\/05\/Cap2-1024x528.jpg ,https:\/\/velipost.com\/wp-content\/uploads\/2025\/05\/Cap2.jpg 780w, https:\/\/velipost.com\/wp-content\/uploads\/2025\/05\/Cap2.jpg 360w\" sizes=\"auto, (max-width: 480px) 150px\" src=\"https:\/\/velipost.com\/wp-content\/uploads\/2025\/05\/Cap2-1024x528.jpg\" alt=\"\" class=\"uag-image-3530\" width=\"1170\" height=\"603\" title=\"Cap2\" loading=\"lazy\" role=\"img\"\/><\/a><\/figure><\/div>\n\n    <div class=\"xs_social_share_widget xs_share_url after_content \t\tmain_content  wslu-style-3 wslu-share-box-shaped wslu-fill-brand-hover-colored wslu-share-m-5 wslu-none wslu-share-horizontal wslu-theme-font-no wslu-main_content\">\n\n\t\t\n        <ul>\n\t\t\t                    <li class=\"xs-share-li twitter                        wslu-no-extra-data\">\n                        <a href=\"javascript:void(0);\"\n                           id=\"xs_feed_twitter\"\n                           onclick=\"xs_social_sharer(this);\"\n                           data-pid=\"3525\"\n                           data-uri_hash=\"515e550679595d4930a31d61d5149448\"\n                           data-key=\"twitter\"\n                           data-xs-href=\"https:\/\/twitter.com\/intent\/tweet?text=Cap+sur+les+Finances+%3A+Une+jeunesse+outill%C3%A9e+pour+penser+l%E2%80%99inclusion+financi%C3%A8re+https%3A%2F%2Fvelipost.com%2Findex.php%3Frest_route%3D%252Fwp%252Fv2%252Fposts%252F3525&amp;original_referer=https%3A%2F%2Fvelipost.com%2Findex.php%3Frest_route%3D%252Fwp%252Fv2%252Fposts%252F3525&amp;related=xpeedstudio\">\n\n                            <div class=\"xs-social-icon\">\n                                <span class=\"met-social met-social-twitter\"><\/span>\n                            <\/div>\n\n\t\t\t\t\t\t\t\n                            <div class=\"wslu-hover-content\">\n                                <div class=\"xs-social-followers\">\n\t\t\t\t\t\t\t\t\t10                                <\/div>\n                                <div class=\"xs-social-follower-text\">\n\t\t\t\t\t\t\t\t\tShare                                <\/div>\n                                <div class=\"xs-social-follower-label\">\n\t\t\t\t\t\t\t\t\tTwitter                                <\/div>\n                            <\/div>\n                        <\/a>\n                    <\/li>\n\t\t\t\t\t                    <li class=\"xs-share-li telegram                        wslu-no-extra-data\">\n                        <a href=\"javascript:void(0);\"\n                           id=\"xs_feed_telegram\"\n                           onclick=\"xs_social_sharer(this);\"\n                           data-pid=\"3525\"\n                           data-uri_hash=\"515e550679595d4930a31d61d5149448\"\n                           data-key=\"telegram\"\n                           data-xs-href=\"https:\/\/telegram.me\/share\/url?url=https%3A%2F%2Fvelipost.com%2Findex.php%3Frest_route%3D%252Fwp%252Fv2%252Fposts%252F3525&amp;text=Cap+sur+les+Finances+%3A+Une+jeunesse+outill%C3%A9e+pour+penser+l%E2%80%99inclusion+financi%C3%A8re\">\n\n                            <div class=\"xs-social-icon\">\n                                <span class=\"met-social met-social-telegram\"><\/span>\n                            <\/div>\n\n\t\t\t\t\t\t\t\n                            <div class=\"wslu-hover-content\">\n                                <div class=\"xs-social-followers\">\n\t\t\t\t\t\t\t\t\t0                                <\/div>\n                                <div class=\"xs-social-follower-text\">\n\t\t\t\t\t\t\t\t\tShare                                <\/div>\n                                <div class=\"xs-social-follower-label\">\n\t\t\t\t\t\t\t\t\tTelegram                                <\/div>\n                            <\/div>\n                        <\/a>\n                    <\/li>\n\t\t\t\t\t                    <li class=\"xs-share-li email                        wslu-no-extra-data\">\n                        <a href=\"javascript:void(0);\"\n                           id=\"xs_feed_email\"\n                           onclick=\"xs_social_sharer(this);\"\n                           data-pid=\"3525\"\n                           data-uri_hash=\"515e550679595d4930a31d61d5149448\"\n                           data-key=\"email\"\n                           data-xs-href=\"mailto:?body=Title%3A+Cap+sur+les+Finances+%3A+Une+jeunesse+outill%C3%A9e+pour+penser+l%E2%80%99inclusion+financi%C3%A8re+%5Cn%5Cn+URL%3A+https%3A%2F%2Fvelipost.com%2Findex.php%3Frest_route%3D%252Fwp%252Fv2%252Fposts%252F3525&amp;subject=Cap+sur+les+Finances+%3A+Une+jeunesse+outill%C3%A9e+pour+penser+l%E2%80%99inclusion+financi%C3%A8re\">\n\n                            <div class=\"xs-social-icon\">\n                                <span class=\"met-social met-social-email\"><\/span>\n                            <\/div>\n\n\t\t\t\t\t\t\t\n                            <div class=\"wslu-hover-content\">\n                                <div class=\"xs-social-followers\">\n\t\t\t\t\t\t\t\t\t0                                <\/div>\n                                <div class=\"xs-social-follower-text\">\n\t\t\t\t\t\t\t\t\tShare                                <\/div>\n                                <div class=\"xs-social-follower-label\">\n\t\t\t\t\t\t\t\t\tEmail                                <\/div>\n                            <\/div>\n                        <\/a>\n                    <\/li>\n\t\t\t\t\t        <\/ul>\n    <\/div> \n","protected":false},"excerpt":{"rendered":"<p>Cap-Ha\u00eftien, 26 mai 2025 \u2014 C\u2019est dans les jardins charg\u00e9s d\u2019histoire de Lakou Breda qu\u2019a eu lieu, ce dimanche 25 mai, la c\u00e9r\u00e9monie de<\/p>\n","protected":false},"author":1,"featured_media":3526,"comment_status":"open","ping_status":"open","sticky":false,"template":"","format":"standard","meta":{"_uag_custom_page_level_css":"","footnotes":"","jetpack_publicize_message":"","jetpack_publicize_feature_enabled":true,"jetpack_social_post_already_shared":false,"jetpack_social_options":{"image_generator_settings":{"template":"highway","default_image_id":0,"font":"","enabled":false},"version":2}},"categories":[96],"tags":[],"class_list":["post-3525","post","type-post","status-publish","format-standard","has-post-thumbnail","hentry","category-economie"],"yoast_head":"<!-- This site is optimized with the Yoast SEO plugin v25.3.1 - https:\/\/yoast.com\/wordpress\/plugins\/seo\/ -->\n<title>Cap sur les Finances : Une jeunesse outill\u00e9e pour penser l\u2019inclusion financi\u00e8re &#8211; VeliPost<\/title>\n<meta name=\"robots\" content=\"index, follow, max-snippet:-1, max-image-preview:large, max-video-preview:-1\" \/>\n<link rel=\"canonical\" href=\"https:\/\/velipost.com\/?p=3525\" \/>\n<meta property=\"og:locale\" content=\"fr_FR\" \/>\n<meta property=\"og:type\" content=\"article\" \/>\n<meta property=\"og:title\" content=\"Cap sur les Finances : Une jeunesse outill\u00e9e pour penser l\u2019inclusion financi\u00e8re &#8211; VeliPost\" \/>\n<meta property=\"og:description\" content=\"Cap-Ha\u00eftien, 26 mai 2025 \u2014 C\u2019est dans les jardins charg\u00e9s d\u2019histoire de Lakou Breda qu\u2019a eu lieu, ce dimanche 25 mai, la c\u00e9r\u00e9monie de\" \/>\n<meta property=\"og:url\" content=\"https:\/\/velipost.com\/?p=3525\" \/>\n<meta property=\"og:site_name\" content=\"VeliPost\" \/>\n<meta property=\"article:publisher\" content=\"https:\/\/www.facebook.com\/veliposthaiti\" \/>\n<meta property=\"article:published_time\" content=\"2025-05-28T02:13:20+00:00\" \/>\n<meta property=\"article:modified_time\" content=\"2025-05-28T02:16:06+00:00\" \/>\n<meta property=\"og:image\" content=\"https:\/\/velipost.com\/wp-content\/uploads\/2025\/05\/Cap.jpg\" \/>\n\t<meta property=\"og:image:width\" content=\"1170\" \/>\n\t<meta property=\"og:image:height\" content=\"603\" \/>\n\t<meta property=\"og:image:type\" content=\"image\/jpeg\" \/>\n<meta name=\"author\" content=\"VeliPost\" \/>\n<meta name=\"twitter:card\" content=\"summary_large_image\" \/>\n<meta name=\"twitter:creator\" content=\"@veliposthaiti\" \/>\n<meta name=\"twitter:site\" content=\"@veliposthaiti\" \/>\n<meta name=\"twitter:label1\" content=\"\u00c9crit par\" \/>\n\t<meta name=\"twitter:data1\" content=\"VeliPost\" \/>\n\t<meta name=\"twitter:label2\" content=\"Dur\u00e9e de lecture estim\u00e9e\" \/>\n\t<meta name=\"twitter:data2\" content=\"3 minutes\" \/>\n<script type=\"application\/ld+json\" class=\"yoast-schema-graph\">{\"@context\":\"https:\/\/schema.org\",\"@graph\":[{\"@type\":\"Article\",\"@id\":\"https:\/\/velipost.com\/?p=3525#article\",\"isPartOf\":{\"@id\":\"https:\/\/velipost.com\/?p=3525\"},\"author\":{\"name\":\"VeliPost\",\"@id\":\"https:\/\/velipost.com\/#\/schema\/person\/32ff49a53c9c1bb24302ee8ece058096\"},\"headline\":\"Cap sur les Finances : Une jeunesse outill\u00e9e pour penser l\u2019inclusion financi\u00e8re\",\"datePublished\":\"2025-05-28T02:13:20+00:00\",\"dateModified\":\"2025-05-28T02:16:06+00:00\",\"mainEntityOfPage\":{\"@id\":\"https:\/\/velipost.com\/?p=3525\"},\"wordCount\":463,\"commentCount\":0,\"publisher\":{\"@id\":\"https:\/\/velipost.com\/#organization\"},\"image\":{\"@id\":\"https:\/\/velipost.com\/?p=3525#primaryimage\"},\"thumbnailUrl\":\"https:\/\/velipost.com\/wp-content\/uploads\/2025\/05\/Cap.jpg\",\"articleSection\":[\"\u00c9conomie\"],\"inLanguage\":\"fr-FR\",\"potentialAction\":[{\"@type\":\"CommentAction\",\"name\":\"Comment\",\"target\":[\"https:\/\/velipost.com\/?p=3525#respond\"]}]},{\"@type\":\"WebPage\",\"@id\":\"https:\/\/velipost.com\/?p=3525\",\"url\":\"https:\/\/velipost.com\/?p=3525\",\"name\":\"Cap sur les Finances : Une jeunesse outill\u00e9e pour penser l\u2019inclusion financi\u00e8re &#8211; VeliPost\",\"isPartOf\":{\"@id\":\"https:\/\/velipost.com\/#website\"},\"primaryImageOfPage\":{\"@id\":\"https:\/\/velipost.com\/?p=3525#primaryimage\"},\"image\":{\"@id\":\"https:\/\/velipost.com\/?p=3525#primaryimage\"},\"thumbnailUrl\":\"https:\/\/velipost.com\/wp-content\/uploads\/2025\/05\/Cap.jpg\",\"datePublished\":\"2025-05-28T02:13:20+00:00\",\"dateModified\":\"2025-05-28T02:16:06+00:00\",\"breadcrumb\":{\"@id\":\"https:\/\/velipost.com\/?p=3525#breadcrumb\"},\"inLanguage\":\"fr-FR\",\"potentialAction\":[{\"@type\":\"ReadAction\",\"target\":[\"https:\/\/velipost.com\/?p=3525\"]}]},{\"@type\":\"ImageObject\",\"inLanguage\":\"fr-FR\",\"@id\":\"https:\/\/velipost.com\/?p=3525#primaryimage\",\"url\":\"https:\/\/velipost.com\/wp-content\/uploads\/2025\/05\/Cap.jpg\",\"contentUrl\":\"https:\/\/velipost.com\/wp-content\/uploads\/2025\/05\/Cap.jpg\",\"width\":1170,\"height\":603},{\"@type\":\"BreadcrumbList\",\"@id\":\"https:\/\/velipost.com\/?p=3525#breadcrumb\",\"itemListElement\":[{\"@type\":\"ListItem\",\"position\":1,\"name\":\"Accueil\",\"item\":\"https:\/\/velipost.com\/\"},{\"@type\":\"ListItem\",\"position\":2,\"name\":\"Cap sur les Finances : Une jeunesse outill\u00e9e pour penser l\u2019inclusion financi\u00e8re\"}]},{\"@type\":\"WebSite\",\"@id\":\"https:\/\/velipost.com\/#website\",\"url\":\"https:\/\/velipost.com\/\",\"name\":\"VeliPost\",\"description\":\"L\u2019info en un clic\",\"publisher\":{\"@id\":\"https:\/\/velipost.com\/#organization\"},\"potentialAction\":[{\"@type\":\"SearchAction\",\"target\":{\"@type\":\"EntryPoint\",\"urlTemplate\":\"https:\/\/velipost.com\/?s={search_term_string}\"},\"query-input\":{\"@type\":\"PropertyValueSpecification\",\"valueRequired\":true,\"valueName\":\"search_term_string\"}}],\"inLanguage\":\"fr-FR\"},{\"@type\":\"Organization\",\"@id\":\"https:\/\/velipost.com\/#organization\",\"name\":\"VeliPost\",\"url\":\"https:\/\/velipost.com\/\",\"logo\":{\"@type\":\"ImageObject\",\"inLanguage\":\"fr-FR\",\"@id\":\"https:\/\/velipost.com\/#\/schema\/logo\/image\/\",\"url\":\"https:\/\/velipost.com\/wp-content\/uploads\/2024\/08\/cropped-VP-logo-piti.png\",\"contentUrl\":\"https:\/\/velipost.com\/wp-content\/uploads\/2024\/08\/cropped-VP-logo-piti.png\",\"width\":201,\"height\":69,\"caption\":\"VeliPost\"},\"image\":{\"@id\":\"https:\/\/velipost.com\/#\/schema\/logo\/image\/\"},\"sameAs\":[\"https:\/\/www.facebook.com\/veliposthaiti\",\"https:\/\/x.com\/veliposthaiti\",\"https:\/\/www.instagram.com\/veliposthaiti\"]},{\"@type\":\"Person\",\"@id\":\"https:\/\/velipost.com\/#\/schema\/person\/32ff49a53c9c1bb24302ee8ece058096\",\"name\":\"VeliPost\",\"image\":{\"@type\":\"ImageObject\",\"inLanguage\":\"fr-FR\",\"@id\":\"https:\/\/velipost.com\/#\/schema\/person\/image\/\",\"url\":\"https:\/\/secure.gravatar.com\/avatar\/57c226c264de62f794185a89596d4a37b85a5ad20aca30d9d5a478b27d8c8d9d?s=96&d=mm&r=g\",\"contentUrl\":\"https:\/\/secure.gravatar.com\/avatar\/57c226c264de62f794185a89596d4a37b85a5ad20aca30d9d5a478b27d8c8d9d?s=96&d=mm&r=g\",\"caption\":\"VeliPost\"},\"sameAs\":[\"https:\/\/velipost.com\"],\"url\":\"https:\/\/velipost.com\/?author=1\"}]}<\/script>\n<!-- \/ Yoast SEO plugin. -->","yoast_head_json":{"title":"Cap sur les Finances : Une jeunesse outill\u00e9e pour penser l\u2019inclusion financi\u00e8re &#8211; VeliPost","robots":{"index":"index","follow":"follow","max-snippet":"max-snippet:-1","max-image-preview":"max-image-preview:large","max-video-preview":"max-video-preview:-1"},"canonical":"https:\/\/velipost.com\/?p=3525","og_locale":"fr_FR","og_type":"article","og_title":"Cap sur les Finances : Une jeunesse outill\u00e9e pour penser l\u2019inclusion financi\u00e8re &#8211; VeliPost","og_description":"Cap-Ha\u00eftien, 26 mai 2025 \u2014 C\u2019est dans les jardins charg\u00e9s d\u2019histoire de Lakou Breda qu\u2019a eu lieu, ce dimanche 25 mai, la c\u00e9r\u00e9monie de","og_url":"https:\/\/velipost.com\/?p=3525","og_site_name":"VeliPost","article_publisher":"https:\/\/www.facebook.com\/veliposthaiti","article_published_time":"2025-05-28T02:13:20+00:00","article_modified_time":"2025-05-28T02:16:06+00:00","og_image":[{"width":1170,"height":603,"url":"https:\/\/velipost.com\/wp-content\/uploads\/2025\/05\/Cap.jpg","type":"image\/jpeg"}],"author":"VeliPost","twitter_card":"summary_large_image","twitter_creator":"@veliposthaiti","twitter_site":"@veliposthaiti","twitter_misc":{"\u00c9crit par":"VeliPost","Dur\u00e9e de lecture estim\u00e9e":"3 minutes"},"schema":{"@context":"https:\/\/schema.org","@graph":[{"@type":"Article","@id":"https:\/\/velipost.com\/?p=3525#article","isPartOf":{"@id":"https:\/\/velipost.com\/?p=3525"},"author":{"name":"VeliPost","@id":"https:\/\/velipost.com\/#\/schema\/person\/32ff49a53c9c1bb24302ee8ece058096"},"headline":"Cap sur les Finances : Une jeunesse outill\u00e9e pour penser l\u2019inclusion financi\u00e8re","datePublished":"2025-05-28T02:13:20+00:00","dateModified":"2025-05-28T02:16:06+00:00","mainEntityOfPage":{"@id":"https:\/\/velipost.com\/?p=3525"},"wordCount":463,"commentCount":0,"publisher":{"@id":"https:\/\/velipost.com\/#organization"},"image":{"@id":"https:\/\/velipost.com\/?p=3525#primaryimage"},"thumbnailUrl":"https:\/\/velipost.com\/wp-content\/uploads\/2025\/05\/Cap.jpg","articleSection":["\u00c9conomie"],"inLanguage":"fr-FR","potentialAction":[{"@type":"CommentAction","name":"Comment","target":["https:\/\/velipost.com\/?p=3525#respond"]}]},{"@type":"WebPage","@id":"https:\/\/velipost.com\/?p=3525","url":"https:\/\/velipost.com\/?p=3525","name":"Cap sur les Finances : Une jeunesse outill\u00e9e pour penser l\u2019inclusion financi\u00e8re &#8211; VeliPost","isPartOf":{"@id":"https:\/\/velipost.com\/#website"},"primaryImageOfPage":{"@id":"https:\/\/velipost.com\/?p=3525#primaryimage"},"image":{"@id":"https:\/\/velipost.com\/?p=3525#primaryimage"},"thumbnailUrl":"https:\/\/velipost.com\/wp-content\/uploads\/2025\/05\/Cap.jpg","datePublished":"2025-05-28T02:13:20+00:00","dateModified":"2025-05-28T02:16:06+00:00","breadcrumb":{"@id":"https:\/\/velipost.com\/?p=3525#breadcrumb"},"inLanguage":"fr-FR","potentialAction":[{"@type":"ReadAction","target":["https:\/\/velipost.com\/?p=3525"]}]},{"@type":"ImageObject","inLanguage":"fr-FR","@id":"https:\/\/velipost.com\/?p=3525#primaryimage","url":"https:\/\/velipost.com\/wp-content\/uploads\/2025\/05\/Cap.jpg","contentUrl":"https:\/\/velipost.com\/wp-content\/uploads\/2025\/05\/Cap.jpg","width":1170,"height":603},{"@type":"BreadcrumbList","@id":"https:\/\/velipost.com\/?p=3525#breadcrumb","itemListElement":[{"@type":"ListItem","position":1,"name":"Accueil","item":"https:\/\/velipost.com\/"},{"@type":"ListItem","position":2,"name":"Cap sur les Finances : Une jeunesse outill\u00e9e pour penser l\u2019inclusion financi\u00e8re"}]},{"@type":"WebSite","@id":"https:\/\/velipost.com\/#website","url":"https:\/\/velipost.com\/","name":"VeliPost","description":"L\u2019info en un clic","publisher":{"@id":"https:\/\/velipost.com\/#organization"},"potentialAction":[{"@type":"SearchAction","target":{"@type":"EntryPoint","urlTemplate":"https:\/\/velipost.com\/?s={search_term_string}"},"query-input":{"@type":"PropertyValueSpecification","valueRequired":true,"valueName":"search_term_string"}}],"inLanguage":"fr-FR"},{"@type":"Organization","@id":"https:\/\/velipost.com\/#organization","name":"VeliPost","url":"https:\/\/velipost.com\/","logo":{"@type":"ImageObject","inLanguage":"fr-FR","@id":"https:\/\/velipost.com\/#\/schema\/logo\/image\/","url":"https:\/\/velipost.com\/wp-content\/uploads\/2024\/08\/cropped-VP-logo-piti.png","contentUrl":"https:\/\/velipost.com\/wp-content\/uploads\/2024\/08\/cropped-VP-logo-piti.png","width":201,"height":69,"caption":"VeliPost"},"image":{"@id":"https:\/\/velipost.com\/#\/schema\/logo\/image\/"},"sameAs":["https:\/\/www.facebook.com\/veliposthaiti","https:\/\/x.com\/veliposthaiti","https:\/\/www.instagram.com\/veliposthaiti"]},{"@type":"Person","@id":"https:\/\/velipost.com\/#\/schema\/person\/32ff49a53c9c1bb24302ee8ece058096","name":"VeliPost","image":{"@type":"ImageObject","inLanguage":"fr-FR","@id":"https:\/\/velipost.com\/#\/schema\/person\/image\/","url":"https:\/\/secure.gravatar.com\/avatar\/57c226c264de62f794185a89596d4a37b85a5ad20aca30d9d5a478b27d8c8d9d?s=96&d=mm&r=g","contentUrl":"https:\/\/secure.gravatar.com\/avatar\/57c226c264de62f794185a89596d4a37b85a5ad20aca30d9d5a478b27d8c8d9d?s=96&d=mm&r=g","caption":"VeliPost"},"sameAs":["https:\/\/velipost.com"],"url":"https:\/\/velipost.com\/?author=1"}]}},"views":3,"jetpack_publicize_connections":[],"uagb_featured_image_src":{"full":["https:\/\/velipost.com\/wp-content\/uploads\/2025\/05\/Cap.jpg",1170,603,false],"thumbnail":["https:\/\/velipost.com\/wp-content\/uploads\/2025\/05\/Cap-150x150.jpg",150,150,true],"medium":["https:\/\/velipost.com\/wp-content\/uploads\/2025\/05\/Cap-300x155.jpg",300,155,true],"medium_large":["https:\/\/velipost.com\/wp-content\/uploads\/2025\/05\/Cap-768x396.jpg",715,369,true],"large":["https:\/\/velipost.com\/wp-content\/uploads\/2025\/05\/Cap-1024x528.jpg",715,369,true],"1536x1536":["https:\/\/velipost.com\/wp-content\/uploads\/2025\/05\/Cap.jpg",1170,603,false],"2048x2048":["https:\/\/velipost.com\/wp-content\/uploads\/2025\/05\/Cap.jpg",1170,603,false],"colornews-big-slider":["https:\/\/velipost.com\/wp-content\/uploads\/2025\/05\/Cap-1070x470.jpg",1070,470,true],"colornews-big-slider-thumb":["https:\/\/velipost.com\/wp-content\/uploads\/2025\/05\/Cap-184x109.jpg",184,109,true],"colornews-featured-post-medium":["https:\/\/velipost.com\/wp-content\/uploads\/2025\/05\/Cap-345x265.jpg",345,265,true],"colornews-featured-post-small":["https:\/\/velipost.com\/wp-content\/uploads\/2025\/05\/Cap-115x73.jpg",115,73,true],"colornews-random-posts":["https:\/\/velipost.com\/wp-content\/uploads\/2025\/05\/Cap-215x215.jpg",215,215,true],"colornews-featured-image":["https:\/\/velipost.com\/wp-content\/uploads\/2025\/05\/Cap-715x400.jpg",715,400,true],"mailpoet_newsletter_max":["https:\/\/velipost.com\/wp-content\/uploads\/2025\/05\/Cap.jpg",1170,603,false]},"uagb_author_info":{"display_name":"VeliPost","author_link":"https:\/\/velipost.com\/?author=1"},"uagb_comment_info":0,"uagb_excerpt":"Cap-Ha\u00eftien, 26 mai 2025 \u2014 C\u2019est dans les jardins charg\u00e9s d\u2019histoire de Lakou Breda qu\u2019a eu lieu, ce dimanche 25 mai, la c\u00e9r\u00e9monie de","_links":{"self":[{"href":"https:\/\/velipost.com\/index.php?rest_route=\/wp\/v2\/posts\/3525","targetHints":{"allow":["GET"]}}],"collection":[{"href":"https:\/\/velipost.com\/index.php?rest_route=\/wp\/v2\/posts"}],"about":[{"href":"https:\/\/velipost.com\/index.php?rest_route=\/wp\/v2\/types\/post"}],"author":[{"embeddable":true,"href":"https:\/\/velipost.com\/index.php?rest_route=\/wp\/v2\/users\/1"}],"replies":[{"embeddable":true,"href":"https:\/\/velipost.com\/index.php?rest_route=%2Fwp%2Fv2%2Fcomments&post=3525"}],"version-history":[{"count":2,"href":"https:\/\/velipost.com\/index.php?rest_route=\/wp\/v2\/posts\/3525\/revisions"}],"predecessor-version":[{"id":3531,"href":"https:\/\/velipost.com\/index.php?rest_route=\/wp\/v2\/posts\/3525\/revisions\/3531"}],"wp:featuredmedia":[{"embeddable":true,"href":"https:\/\/velipost.com\/index.php?rest_route=\/wp\/v2\/media\/3526"}],"wp:attachment":[{"href":"https:\/\/velipost.com\/index.php?rest_route=%2Fwp%2Fv2%2Fmedia&parent=3525"}],"wp:term":[{"taxonomy":"category","embeddable":true,"href":"https:\/\/velipost.com\/index.php?rest_route=%2Fwp%2Fv2%2Fcategories&post=3525"},{"taxonomy":"post_tag","embeddable":true,"href":"https:\/\/velipost.com\/index.php?rest_route=%2Fwp%2Fv2%2Ftags&post=3525"}],"curies":[{"name":"wp","href":"https:\/\/api.w.org\/{rel}","templated":true}]}}