{"id":3474,"date":"2025-05-20T00:17:05","date_gmt":"2025-05-19T22:17:05","guid":{"rendered":"https:\/\/velipost.com\/?p=3474"},"modified":"2025-05-20T00:17:07","modified_gmt":"2025-05-19T22:17:07","slug":"societe-au-debat-condamne-deux-derives-lors-de-la-fete-du-drapeau-a-cap-haitien","status":"publish","type":"post","link":"https:\/\/velipost.com\/?p=3474","title":{"rendered":"SOCI\u00c9T\u00c9 AU D\u00c9BAT condamne deux d\u00e9rives lors de la f\u00eate du drapeau \u00e0 Cap-Ha\u00eftien"},"content":{"rendered":"\n<p>Dans une d\u00e9claration officielle rendue publique ce lundi ce 19 mai 2025 , l\u2019organisation citoyenne\u00a0<strong>SOCI\u00c9T\u00c9 AU D\u00c9BAT<\/strong>\u00a0a exprim\u00e9 son\u00a0indignation\u00a0face \u00e0 deux \u00e9v\u00e9nements qu\u2019elle qualifie de \u201cgraves sur les plans symbolique et moral\u201d, survenus dans la ville du Cap-Ha\u00eftien \u00e0 l\u2019occasion de la c\u00e9l\u00e9bration du 18 mai, F\u00eate du drapeau.<\/p>\n\n\n\n<p>La premi\u00e8re situation mise en cause concerne une\u00a0initiative de certains \u00e9tudiants de l\u2019Universit\u00e9 Publique du Nord au Cap-Ha\u00eftien (UPNCH), qui ont rendu hommage \u00e0 des membres du gouvernement en place. Une d\u00e9cision vivement critiqu\u00e9e par SOCI\u00c9T\u00c9 AU D\u00c9BAT, qui y voit une\u00a0rupture avec la mission critique et citoyenne de l\u2019universit\u00e9.<\/p>\n\n\n\n<p>Le second fait d\u00e9nonc\u00e9 concerne l\u2019agression physique d\u2019un professeur\u00a0par un agent de la\u00a0Police nationale d\u2019Ha\u00efti (PNH), au cours de la messe solennelle \u00e0 la Cath\u00e9drale du Cap-Ha\u00eftien, en pleine c\u00e9l\u00e9bration nationale. Selon la d\u00e9claration, le professeur exprimait pacifiquement ses revendications pour de meilleures conditions de travail. SOCI\u00c9T\u00c9 AU D\u00c9BAT consid\u00e8re cet acte comme une\u00a0violation grave des droits fondamentaux et de la libert\u00e9 d\u2019expression.<\/p>\n\n\n\n<blockquote class=\"wp-block-quote is-layout-flow wp-block-quote-is-layout-flow\">\n<p><em>\u201cNous condamnons fermement cet acte de brutalit\u00e9 et r\u00e9affirmons que nul ne doit \u00eatre inqui\u00e9t\u00e9 pour ses opinions ou ses revendications l\u00e9gitimes\u201d,<\/em><\/p>\n<\/blockquote>\n\n\n\n<p>\u00a0soutient l\u2019organisation.<\/p>\n\n\n\n<p>L\u2019organisme citoyen appelle \u00e0 des\u00a0sanctions exemplaires\u00a0contre les agents impliqu\u00e9s, tout en r\u00e9affirmant son engagement pour\u00a0une soci\u00e9t\u00e9 ha\u00eftienne fond\u00e9e sur la justice, la dignit\u00e9 et le dialogue, une\u00a0universit\u00e9 libre et critique, et\u00a0un \u00c9tat respectueux des droits humains.<\/p>\n\n\n\n<p>En guise d\u2019avertissement symbolique, la d\u00e9claration se conclut par une phrase forte :<\/p>\n\n\n\n<p><em>\u00ab Quand l\u2019honneur se d\u00e9voie et que la justice est bafou\u00e9e, c\u2019est la conscience nationale qui vacille. \u00bb<\/em><\/p>\n\n    <div class=\"xs_social_share_widget xs_share_url after_content \t\tmain_content  wslu-style-3 wslu-share-box-shaped wslu-fill-brand-hover-colored wslu-share-m-5 wslu-none wslu-share-horizontal wslu-theme-font-no wslu-main_content\">\n\n\t\t\n        <ul>\n\t\t\t                    <li class=\"xs-share-li twitter                        wslu-no-extra-data\">\n                        <a href=\"javascript:void(0);\"\n                           id=\"xs_feed_twitter\"\n                           onclick=\"xs_social_sharer(this);\"\n                           data-pid=\"3474\"\n                           data-uri_hash=\"ad498be59a87c5c70e3f6a5bc21b97db\"\n                           data-key=\"twitter\"\n                           data-xs-href=\"https:\/\/twitter.com\/intent\/tweet?text=SOCI%C3%89T%C3%89+AU+D%C3%89BAT+condamne+deux+d%C3%A9rives+lors+de+la+f%C3%AAte+du+drapeau+%C3%A0+Cap-Ha%C3%AFtien+https%3A%2F%2Fvelipost.com%2Findex.php%3Frest_route%3D%252Fwp%252Fv2%252Fposts%252F3474&amp;original_referer=https%3A%2F%2Fvelipost.com%2Findex.php%3Frest_route%3D%252Fwp%252Fv2%252Fposts%252F3474&amp;related=xpeedstudio\">\n\n                            <div class=\"xs-social-icon\">\n                                <span class=\"met-social met-social-twitter\"><\/span>\n                            <\/div>\n\n\t\t\t\t\t\t\t\n                            <div class=\"wslu-hover-content\">\n                                <div class=\"xs-social-followers\">\n\t\t\t\t\t\t\t\t\t10                                <\/div>\n                                <div class=\"xs-social-follower-text\">\n\t\t\t\t\t\t\t\t\tShare                                <\/div>\n                                <div class=\"xs-social-follower-label\">\n\t\t\t\t\t\t\t\t\tTwitter                                <\/div>\n                            <\/div>\n                        <\/a>\n                    <\/li>\n\t\t\t\t\t                    <li class=\"xs-share-li telegram                        wslu-no-extra-data\">\n                        <a href=\"javascript:void(0);\"\n                           id=\"xs_feed_telegram\"\n                           onclick=\"xs_social_sharer(this);\"\n                           data-pid=\"3474\"\n                           data-uri_hash=\"ad498be59a87c5c70e3f6a5bc21b97db\"\n                           data-key=\"telegram\"\n                           data-xs-href=\"https:\/\/telegram.me\/share\/url?url=https%3A%2F%2Fvelipost.com%2Findex.php%3Frest_route%3D%252Fwp%252Fv2%252Fposts%252F3474&amp;text=SOCI%C3%89T%C3%89+AU+D%C3%89BAT+condamne+deux+d%C3%A9rives+lors+de+la+f%C3%AAte+du+drapeau+%C3%A0+Cap-Ha%C3%AFtien\">\n\n                            <div class=\"xs-social-icon\">\n                                <span class=\"met-social met-social-telegram\"><\/span>\n                            <\/div>\n\n\t\t\t\t\t\t\t\n                            <div class=\"wslu-hover-content\">\n                                <div class=\"xs-social-followers\">\n\t\t\t\t\t\t\t\t\t0                                <\/div>\n                                <div class=\"xs-social-follower-text\">\n\t\t\t\t\t\t\t\t\tShare                                <\/div>\n                                <div class=\"xs-social-follower-label\">\n\t\t\t\t\t\t\t\t\tTelegram                                <\/div>\n                            <\/div>\n                        <\/a>\n                    <\/li>\n\t\t\t\t\t                    <li class=\"xs-share-li email                        wslu-no-extra-data\">\n                        <a href=\"javascript:void(0);\"\n                           id=\"xs_feed_email\"\n                           onclick=\"xs_social_sharer(this);\"\n                           data-pid=\"3474\"\n                           data-uri_hash=\"ad498be59a87c5c70e3f6a5bc21b97db\"\n                           data-key=\"email\"\n                           data-xs-href=\"mailto:?body=Title%3A+SOCI%C3%89T%C3%89+AU+D%C3%89BAT+condamne+deux+d%C3%A9rives+lors+de+la+f%C3%AAte+du+drapeau+%C3%A0+Cap-Ha%C3%AFtien+%5Cn%5Cn+URL%3A+https%3A%2F%2Fvelipost.com%2Findex.php%3Frest_route%3D%252Fwp%252Fv2%252Fposts%252F3474&amp;subject=SOCI%C3%89T%C3%89+AU+D%C3%89BAT+condamne+deux+d%C3%A9rives+lors+de+la+f%C3%AAte+du+drapeau+%C3%A0+Cap-Ha%C3%AFtien\">\n\n                            <div class=\"xs-social-icon\">\n                                <span class=\"met-social met-social-email\"><\/span>\n                            <\/div>\n\n\t\t\t\t\t\t\t\n                            <div class=\"wslu-hover-content\">\n                                <div class=\"xs-social-followers\">\n\t\t\t\t\t\t\t\t\t0                                <\/div>\n                                <div class=\"xs-social-follower-text\">\n\t\t\t\t\t\t\t\t\tShare                                <\/div>\n                                <div class=\"xs-social-follower-label\">\n\t\t\t\t\t\t\t\t\tEmail                                <\/div>\n                            <\/div>\n                        <\/a>\n                    <\/li>\n\t\t\t\t\t        <\/ul>\n    <\/div> \n","protected":false},"excerpt":{"rendered":"<p>Dans une d\u00e9claration officielle rendue publique ce lundi ce 19 mai 2025 , l\u2019organisation citoyenne\u00a0SOCI\u00c9T\u00c9 AU D\u00c9BAT\u00a0a exprim\u00e9 son\u00a0indignation\u00a0face \u00e0 deux \u00e9v\u00e9nements qu\u2019elle qualifie<\/p>\n","protected":false},"author":1,"featured_media":3475,"comment_status":"open","ping_status":"open","sticky":false,"template":"","format":"standard","meta":{"_uag_custom_page_level_css":"","footnotes":"","jetpack_publicize_message":"","jetpack_publicize_feature_enabled":true,"jetpack_social_post_already_shared":false,"jetpack_social_options":{"image_generator_settings":{"template":"highway","default_image_id":0,"font":"","enabled":false},"version":2}},"categories":[94],"tags":[],"class_list":["post-3474","post","type-post","status-publish","format-standard","has-post-thumbnail","hentry","category-a-la-une"],"yoast_head":"<!-- This site is optimized with the Yoast SEO plugin v25.3.1 - https:\/\/yoast.com\/wordpress\/plugins\/seo\/ -->\n<title>SOCI\u00c9T\u00c9 AU D\u00c9BAT condamne deux d\u00e9rives lors de la f\u00eate du drapeau \u00e0 Cap-Ha\u00eftien &#8211; VeliPost<\/title>\n<meta name=\"robots\" content=\"index, follow, max-snippet:-1, max-image-preview:large, max-video-preview:-1\" \/>\n<link rel=\"canonical\" href=\"https:\/\/velipost.com\/?p=3474\" \/>\n<meta property=\"og:locale\" content=\"fr_FR\" \/>\n<meta property=\"og:type\" content=\"article\" \/>\n<meta property=\"og:title\" content=\"SOCI\u00c9T\u00c9 AU D\u00c9BAT condamne deux d\u00e9rives lors de la f\u00eate du drapeau \u00e0 Cap-Ha\u00eftien &#8211; VeliPost\" \/>\n<meta property=\"og:description\" content=\"Dans une d\u00e9claration officielle rendue publique ce lundi ce 19 mai 2025 , l\u2019organisation citoyenne\u00a0SOCI\u00c9T\u00c9 AU D\u00c9BAT\u00a0a exprim\u00e9 son\u00a0indignation\u00a0face \u00e0 deux \u00e9v\u00e9nements qu\u2019elle qualifie\" \/>\n<meta property=\"og:url\" content=\"https:\/\/velipost.com\/?p=3474\" \/>\n<meta property=\"og:site_name\" content=\"VeliPost\" \/>\n<meta property=\"article:publisher\" content=\"https:\/\/www.facebook.com\/veliposthaiti\" \/>\n<meta property=\"article:published_time\" content=\"2025-05-19T22:17:05+00:00\" \/>\n<meta property=\"article:modified_time\" content=\"2025-05-19T22:17:07+00:00\" \/>\n<meta property=\"og:image\" content=\"https:\/\/velipost.com\/wp-content\/uploads\/2025\/05\/SOCIETE-AU-DEBAT.jpg\" \/>\n\t<meta property=\"og:image:width\" content=\"1170\" \/>\n\t<meta property=\"og:image:height\" content=\"603\" \/>\n\t<meta property=\"og:image:type\" content=\"image\/jpeg\" \/>\n<meta name=\"author\" content=\"VeliPost\" \/>\n<meta name=\"twitter:card\" content=\"summary_large_image\" \/>\n<meta name=\"twitter:creator\" content=\"@veliposthaiti\" \/>\n<meta name=\"twitter:site\" content=\"@veliposthaiti\" \/>\n<meta name=\"twitter:label1\" content=\"\u00c9crit par\" \/>\n\t<meta name=\"twitter:data1\" content=\"VeliPost\" \/>\n\t<meta name=\"twitter:label2\" content=\"Dur\u00e9e de lecture estim\u00e9e\" \/>\n\t<meta name=\"twitter:data2\" content=\"2 minutes\" \/>\n<script type=\"application\/ld+json\" class=\"yoast-schema-graph\">{\"@context\":\"https:\/\/schema.org\",\"@graph\":[{\"@type\":\"Article\",\"@id\":\"https:\/\/velipost.com\/?p=3474#article\",\"isPartOf\":{\"@id\":\"https:\/\/velipost.com\/?p=3474\"},\"author\":{\"name\":\"VeliPost\",\"@id\":\"https:\/\/velipost.com\/#\/schema\/person\/32ff49a53c9c1bb24302ee8ece058096\"},\"headline\":\"SOCI\u00c9T\u00c9 AU D\u00c9BAT condamne deux d\u00e9rives lors de la f\u00eate du drapeau \u00e0 Cap-Ha\u00eftien\",\"datePublished\":\"2025-05-19T22:17:05+00:00\",\"dateModified\":\"2025-05-19T22:17:07+00:00\",\"mainEntityOfPage\":{\"@id\":\"https:\/\/velipost.com\/?p=3474\"},\"wordCount\":322,\"commentCount\":0,\"publisher\":{\"@id\":\"https:\/\/velipost.com\/#organization\"},\"image\":{\"@id\":\"https:\/\/velipost.com\/?p=3474#primaryimage\"},\"thumbnailUrl\":\"https:\/\/velipost.com\/wp-content\/uploads\/2025\/05\/SOCIETE-AU-DEBAT.jpg\",\"articleSection\":[\"A la Une\"],\"inLanguage\":\"fr-FR\",\"potentialAction\":[{\"@type\":\"CommentAction\",\"name\":\"Comment\",\"target\":[\"https:\/\/velipost.com\/?p=3474#respond\"]}]},{\"@type\":\"WebPage\",\"@id\":\"https:\/\/velipost.com\/?p=3474\",\"url\":\"https:\/\/velipost.com\/?p=3474\",\"name\":\"SOCI\u00c9T\u00c9 AU D\u00c9BAT condamne deux d\u00e9rives lors de la f\u00eate du drapeau \u00e0 Cap-Ha\u00eftien &#8211; VeliPost\",\"isPartOf\":{\"@id\":\"https:\/\/velipost.com\/#website\"},\"primaryImageOfPage\":{\"@id\":\"https:\/\/velipost.com\/?p=3474#primaryimage\"},\"image\":{\"@id\":\"https:\/\/velipost.com\/?p=3474#primaryimage\"},\"thumbnailUrl\":\"https:\/\/velipost.com\/wp-content\/uploads\/2025\/05\/SOCIETE-AU-DEBAT.jpg\",\"datePublished\":\"2025-05-19T22:17:05+00:00\",\"dateModified\":\"2025-05-19T22:17:07+00:00\",\"breadcrumb\":{\"@id\":\"https:\/\/velipost.com\/?p=3474#breadcrumb\"},\"inLanguage\":\"fr-FR\",\"potentialAction\":[{\"@type\":\"ReadAction\",\"target\":[\"https:\/\/velipost.com\/?p=3474\"]}]},{\"@type\":\"ImageObject\",\"inLanguage\":\"fr-FR\",\"@id\":\"https:\/\/velipost.com\/?p=3474#primaryimage\",\"url\":\"https:\/\/velipost.com\/wp-content\/uploads\/2025\/05\/SOCIETE-AU-DEBAT.jpg\",\"contentUrl\":\"https:\/\/velipost.com\/wp-content\/uploads\/2025\/05\/SOCIETE-AU-DEBAT.jpg\",\"width\":1170,\"height\":603},{\"@type\":\"BreadcrumbList\",\"@id\":\"https:\/\/velipost.com\/?p=3474#breadcrumb\",\"itemListElement\":[{\"@type\":\"ListItem\",\"position\":1,\"name\":\"Accueil\",\"item\":\"https:\/\/velipost.com\/\"},{\"@type\":\"ListItem\",\"position\":2,\"name\":\"SOCI\u00c9T\u00c9 AU D\u00c9BAT condamne deux d\u00e9rives lors de la f\u00eate du drapeau \u00e0 Cap-Ha\u00eftien\"}]},{\"@type\":\"WebSite\",\"@id\":\"https:\/\/velipost.com\/#website\",\"url\":\"https:\/\/velipost.com\/\",\"name\":\"VeliPost\",\"description\":\"L\u2019info en un clic\",\"publisher\":{\"@id\":\"https:\/\/velipost.com\/#organization\"},\"potentialAction\":[{\"@type\":\"SearchAction\",\"target\":{\"@type\":\"EntryPoint\",\"urlTemplate\":\"https:\/\/velipost.com\/?s={search_term_string}\"},\"query-input\":{\"@type\":\"PropertyValueSpecification\",\"valueRequired\":true,\"valueName\":\"search_term_string\"}}],\"inLanguage\":\"fr-FR\"},{\"@type\":\"Organization\",\"@id\":\"https:\/\/velipost.com\/#organization\",\"name\":\"VeliPost\",\"url\":\"https:\/\/velipost.com\/\",\"logo\":{\"@type\":\"ImageObject\",\"inLanguage\":\"fr-FR\",\"@id\":\"https:\/\/velipost.com\/#\/schema\/logo\/image\/\",\"url\":\"https:\/\/velipost.com\/wp-content\/uploads\/2024\/08\/cropped-VP-logo-piti.png\",\"contentUrl\":\"https:\/\/velipost.com\/wp-content\/uploads\/2024\/08\/cropped-VP-logo-piti.png\",\"width\":201,\"height\":69,\"caption\":\"VeliPost\"},\"image\":{\"@id\":\"https:\/\/velipost.com\/#\/schema\/logo\/image\/\"},\"sameAs\":[\"https:\/\/www.facebook.com\/veliposthaiti\",\"https:\/\/x.com\/veliposthaiti\",\"https:\/\/www.instagram.com\/veliposthaiti\"]},{\"@type\":\"Person\",\"@id\":\"https:\/\/velipost.com\/#\/schema\/person\/32ff49a53c9c1bb24302ee8ece058096\",\"name\":\"VeliPost\",\"image\":{\"@type\":\"ImageObject\",\"inLanguage\":\"fr-FR\",\"@id\":\"https:\/\/velipost.com\/#\/schema\/person\/image\/\",\"url\":\"https:\/\/secure.gravatar.com\/avatar\/57c226c264de62f794185a89596d4a37b85a5ad20aca30d9d5a478b27d8c8d9d?s=96&d=mm&r=g\",\"contentUrl\":\"https:\/\/secure.gravatar.com\/avatar\/57c226c264de62f794185a89596d4a37b85a5ad20aca30d9d5a478b27d8c8d9d?s=96&d=mm&r=g\",\"caption\":\"VeliPost\"},\"sameAs\":[\"https:\/\/velipost.com\"],\"url\":\"https:\/\/velipost.com\/?author=1\"}]}<\/script>\n<!-- \/ Yoast SEO plugin. -->","yoast_head_json":{"title":"SOCI\u00c9T\u00c9 AU D\u00c9BAT condamne deux d\u00e9rives lors de la f\u00eate du drapeau \u00e0 Cap-Ha\u00eftien &#8211; VeliPost","robots":{"index":"index","follow":"follow","max-snippet":"max-snippet:-1","max-image-preview":"max-image-preview:large","max-video-preview":"max-video-preview:-1"},"canonical":"https:\/\/velipost.com\/?p=3474","og_locale":"fr_FR","og_type":"article","og_title":"SOCI\u00c9T\u00c9 AU D\u00c9BAT condamne deux d\u00e9rives lors de la f\u00eate du drapeau \u00e0 Cap-Ha\u00eftien &#8211; VeliPost","og_description":"Dans une d\u00e9claration officielle rendue publique ce lundi ce 19 mai 2025 , l\u2019organisation citoyenne\u00a0SOCI\u00c9T\u00c9 AU D\u00c9BAT\u00a0a exprim\u00e9 son\u00a0indignation\u00a0face \u00e0 deux \u00e9v\u00e9nements qu\u2019elle qualifie","og_url":"https:\/\/velipost.com\/?p=3474","og_site_name":"VeliPost","article_publisher":"https:\/\/www.facebook.com\/veliposthaiti","article_published_time":"2025-05-19T22:17:05+00:00","article_modified_time":"2025-05-19T22:17:07+00:00","og_image":[{"width":1170,"height":603,"url":"https:\/\/velipost.com\/wp-content\/uploads\/2025\/05\/SOCIETE-AU-DEBAT.jpg","type":"image\/jpeg"}],"author":"VeliPost","twitter_card":"summary_large_image","twitter_creator":"@veliposthaiti","twitter_site":"@veliposthaiti","twitter_misc":{"\u00c9crit par":"VeliPost","Dur\u00e9e de lecture estim\u00e9e":"2 minutes"},"schema":{"@context":"https:\/\/schema.org","@graph":[{"@type":"Article","@id":"https:\/\/velipost.com\/?p=3474#article","isPartOf":{"@id":"https:\/\/velipost.com\/?p=3474"},"author":{"name":"VeliPost","@id":"https:\/\/velipost.com\/#\/schema\/person\/32ff49a53c9c1bb24302ee8ece058096"},"headline":"SOCI\u00c9T\u00c9 AU D\u00c9BAT condamne deux d\u00e9rives lors de la f\u00eate du drapeau \u00e0 Cap-Ha\u00eftien","datePublished":"2025-05-19T22:17:05+00:00","dateModified":"2025-05-19T22:17:07+00:00","mainEntityOfPage":{"@id":"https:\/\/velipost.com\/?p=3474"},"wordCount":322,"commentCount":0,"publisher":{"@id":"https:\/\/velipost.com\/#organization"},"image":{"@id":"https:\/\/velipost.com\/?p=3474#primaryimage"},"thumbnailUrl":"https:\/\/velipost.com\/wp-content\/uploads\/2025\/05\/SOCIETE-AU-DEBAT.jpg","articleSection":["A la Une"],"inLanguage":"fr-FR","potentialAction":[{"@type":"CommentAction","name":"Comment","target":["https:\/\/velipost.com\/?p=3474#respond"]}]},{"@type":"WebPage","@id":"https:\/\/velipost.com\/?p=3474","url":"https:\/\/velipost.com\/?p=3474","name":"SOCI\u00c9T\u00c9 AU D\u00c9BAT condamne deux d\u00e9rives lors de la f\u00eate du drapeau \u00e0 Cap-Ha\u00eftien &#8211; VeliPost","isPartOf":{"@id":"https:\/\/velipost.com\/#website"},"primaryImageOfPage":{"@id":"https:\/\/velipost.com\/?p=3474#primaryimage"},"image":{"@id":"https:\/\/velipost.com\/?p=3474#primaryimage"},"thumbnailUrl":"https:\/\/velipost.com\/wp-content\/uploads\/2025\/05\/SOCIETE-AU-DEBAT.jpg","datePublished":"2025-05-19T22:17:05+00:00","dateModified":"2025-05-19T22:17:07+00:00","breadcrumb":{"@id":"https:\/\/velipost.com\/?p=3474#breadcrumb"},"inLanguage":"fr-FR","potentialAction":[{"@type":"ReadAction","target":["https:\/\/velipost.com\/?p=3474"]}]},{"@type":"ImageObject","inLanguage":"fr-FR","@id":"https:\/\/velipost.com\/?p=3474#primaryimage","url":"https:\/\/velipost.com\/wp-content\/uploads\/2025\/05\/SOCIETE-AU-DEBAT.jpg","contentUrl":"https:\/\/velipost.com\/wp-content\/uploads\/2025\/05\/SOCIETE-AU-DEBAT.jpg","width":1170,"height":603},{"@type":"BreadcrumbList","@id":"https:\/\/velipost.com\/?p=3474#breadcrumb","itemListElement":[{"@type":"ListItem","position":1,"name":"Accueil","item":"https:\/\/velipost.com\/"},{"@type":"ListItem","position":2,"name":"SOCI\u00c9T\u00c9 AU D\u00c9BAT condamne deux d\u00e9rives lors de la f\u00eate du drapeau \u00e0 Cap-Ha\u00eftien"}]},{"@type":"WebSite","@id":"https:\/\/velipost.com\/#website","url":"https:\/\/velipost.com\/","name":"VeliPost","description":"L\u2019info en un clic","publisher":{"@id":"https:\/\/velipost.com\/#organization"},"potentialAction":[{"@type":"SearchAction","target":{"@type":"EntryPoint","urlTemplate":"https:\/\/velipost.com\/?s={search_term_string}"},"query-input":{"@type":"PropertyValueSpecification","valueRequired":true,"valueName":"search_term_string"}}],"inLanguage":"fr-FR"},{"@type":"Organization","@id":"https:\/\/velipost.com\/#organization","name":"VeliPost","url":"https:\/\/velipost.com\/","logo":{"@type":"ImageObject","inLanguage":"fr-FR","@id":"https:\/\/velipost.com\/#\/schema\/logo\/image\/","url":"https:\/\/velipost.com\/wp-content\/uploads\/2024\/08\/cropped-VP-logo-piti.png","contentUrl":"https:\/\/velipost.com\/wp-content\/uploads\/2024\/08\/cropped-VP-logo-piti.png","width":201,"height":69,"caption":"VeliPost"},"image":{"@id":"https:\/\/velipost.com\/#\/schema\/logo\/image\/"},"sameAs":["https:\/\/www.facebook.com\/veliposthaiti","https:\/\/x.com\/veliposthaiti","https:\/\/www.instagram.com\/veliposthaiti"]},{"@type":"Person","@id":"https:\/\/velipost.com\/#\/schema\/person\/32ff49a53c9c1bb24302ee8ece058096","name":"VeliPost","image":{"@type":"ImageObject","inLanguage":"fr-FR","@id":"https:\/\/velipost.com\/#\/schema\/person\/image\/","url":"https:\/\/secure.gravatar.com\/avatar\/57c226c264de62f794185a89596d4a37b85a5ad20aca30d9d5a478b27d8c8d9d?s=96&d=mm&r=g","contentUrl":"https:\/\/secure.gravatar.com\/avatar\/57c226c264de62f794185a89596d4a37b85a5ad20aca30d9d5a478b27d8c8d9d?s=96&d=mm&r=g","caption":"VeliPost"},"sameAs":["https:\/\/velipost.com"],"url":"https:\/\/velipost.com\/?author=1"}]}},"views":1,"jetpack_publicize_connections":[],"uagb_featured_image_src":{"full":["https:\/\/velipost.com\/wp-content\/uploads\/2025\/05\/SOCIETE-AU-DEBAT.jpg",1170,603,false],"thumbnail":["https:\/\/velipost.com\/wp-content\/uploads\/2025\/05\/SOCIETE-AU-DEBAT-150x150.jpg",150,150,true],"medium":["https:\/\/velipost.com\/wp-content\/uploads\/2025\/05\/SOCIETE-AU-DEBAT-300x155.jpg",300,155,true],"medium_large":["https:\/\/velipost.com\/wp-content\/uploads\/2025\/05\/SOCIETE-AU-DEBAT-768x396.jpg",715,369,true],"large":["https:\/\/velipost.com\/wp-content\/uploads\/2025\/05\/SOCIETE-AU-DEBAT-1024x528.jpg",715,369,true],"1536x1536":["https:\/\/velipost.com\/wp-content\/uploads\/2025\/05\/SOCIETE-AU-DEBAT.jpg",1170,603,false],"2048x2048":["https:\/\/velipost.com\/wp-content\/uploads\/2025\/05\/SOCIETE-AU-DEBAT.jpg",1170,603,false],"colornews-big-slider":["https:\/\/velipost.com\/wp-content\/uploads\/2025\/05\/SOCIETE-AU-DEBAT-1070x470.jpg",1070,470,true],"colornews-big-slider-thumb":["https:\/\/velipost.com\/wp-content\/uploads\/2025\/05\/SOCIETE-AU-DEBAT-184x109.jpg",184,109,true],"colornews-featured-post-medium":["https:\/\/velipost.com\/wp-content\/uploads\/2025\/05\/SOCIETE-AU-DEBAT-345x265.jpg",345,265,true],"colornews-featured-post-small":["https:\/\/velipost.com\/wp-content\/uploads\/2025\/05\/SOCIETE-AU-DEBAT-115x73.jpg",115,73,true],"colornews-random-posts":["https:\/\/velipost.com\/wp-content\/uploads\/2025\/05\/SOCIETE-AU-DEBAT-215x215.jpg",215,215,true],"colornews-featured-image":["https:\/\/velipost.com\/wp-content\/uploads\/2025\/05\/SOCIETE-AU-DEBAT-715x400.jpg",715,400,true],"mailpoet_newsletter_max":["https:\/\/velipost.com\/wp-content\/uploads\/2025\/05\/SOCIETE-AU-DEBAT.jpg",1170,603,false]},"uagb_author_info":{"display_name":"VeliPost","author_link":"https:\/\/velipost.com\/?author=1"},"uagb_comment_info":0,"uagb_excerpt":"Dans une d\u00e9claration officielle rendue publique ce lundi ce 19 mai 2025 , l\u2019organisation citoyenne\u00a0SOCI\u00c9T\u00c9 AU D\u00c9BAT\u00a0a exprim\u00e9 son\u00a0indignation\u00a0face \u00e0 deux \u00e9v\u00e9nements qu\u2019elle qualifie","_links":{"self":[{"href":"https:\/\/velipost.com\/index.php?rest_route=\/wp\/v2\/posts\/3474","targetHints":{"allow":["GET"]}}],"collection":[{"href":"https:\/\/velipost.com\/index.php?rest_route=\/wp\/v2\/posts"}],"about":[{"href":"https:\/\/velipost.com\/index.php?rest_route=\/wp\/v2\/types\/post"}],"author":[{"embeddable":true,"href":"https:\/\/velipost.com\/index.php?rest_route=\/wp\/v2\/users\/1"}],"replies":[{"embeddable":true,"href":"https:\/\/velipost.com\/index.php?rest_route=%2Fwp%2Fv2%2Fcomments&post=3474"}],"version-history":[{"count":1,"href":"https:\/\/velipost.com\/index.php?rest_route=\/wp\/v2\/posts\/3474\/revisions"}],"predecessor-version":[{"id":3476,"href":"https:\/\/velipost.com\/index.php?rest_route=\/wp\/v2\/posts\/3474\/revisions\/3476"}],"wp:featuredmedia":[{"embeddable":true,"href":"https:\/\/velipost.com\/index.php?rest_route=\/wp\/v2\/media\/3475"}],"wp:attachment":[{"href":"https:\/\/velipost.com\/index.php?rest_route=%2Fwp%2Fv2%2Fmedia&parent=3474"}],"wp:term":[{"taxonomy":"category","embeddable":true,"href":"https:\/\/velipost.com\/index.php?rest_route=%2Fwp%2Fv2%2Fcategories&post=3474"},{"taxonomy":"post_tag","embeddable":true,"href":"https:\/\/velipost.com\/index.php?rest_route=%2Fwp%2Fv2%2Ftags&post=3474"}],"curies":[{"name":"wp","href":"https:\/\/api.w.org\/{rel}","templated":true}]}}