{"id":3436,"date":"2025-05-13T22:56:32","date_gmt":"2025-05-13T20:56:32","guid":{"rendered":"https:\/\/velipost.com\/?p=3436"},"modified":"2025-05-13T22:56:36","modified_gmt":"2025-05-13T20:56:36","slug":"deux-jeunes-tues-par-un-policier-a-anse-dhainault-le-commissariat-incendie-par-la-population","status":"publish","type":"post","link":"https:\/\/velipost.com\/?p=3436","title":{"rendered":"Deux jeunes tu\u00e9s par un policier \u00e0 Anse-d\u2019Hainault, le commissariat incendi\u00e9 par la population"},"content":{"rendered":"\n<p><strong>Anse-d\u2019Hainault, 12 mai 2025<\/strong>&nbsp;\u2013 Une nouvelle trag\u00e9die secoue la commune d\u2019Anse-d\u2019Hainault, dans le d\u00e9partement de la Grand\u2019Anse. Une op\u00e9ration polici\u00e8re controvers\u00e9e a tourn\u00e9 au drame ce lundi, faisant deux morts par balles, un bless\u00e9, et provoquant l\u2019incendie du commissariat local par des habitants en col\u00e8re.<\/p>\n\n\n\n<p>Selon plusieurs sources concordantes et des t\u00e9moignages recueillis sur place, les faits ont d\u00e9but\u00e9 dans la matin\u00e9e lorsqu\u2019un jeune homme a \u00e9t\u00e9 arr\u00eat\u00e9 par la police. Un de ses proches, identifi\u00e9 sous le pr\u00e9nom\u00a0Brunelson, se serait vivement oppos\u00e9 \u00e0 cette arrestation. Une altercation aurait \u00e9clat\u00e9 avec un policier, qui aurait ensuite fait usage de son arme \u00e0 feu, blessant mortellement Brunelson. Ce dernier est d\u00e9c\u00e9d\u00e9 peu apr\u00e8s son transport \u00e0 l\u2019h\u00f4pital.<\/p>\n\n\n\n<p>Peu apr\u00e8s, un oncle de la victime, connu sous le nom de\u00a0Sonson, aurait tent\u00e9 de venger la mort de son neveu. Arm\u00e9 d\u2019une machette, il aurait poursuivi l\u2019agent impliqu\u00e9 dans la fusillade jusqu\u2019\u00e0 une zone isol\u00e9e de la localit\u00e9 appel\u00e9e\u00a0m\u00f2n Kalv\u00e8. Le policier, selon nos sources, ne connaissant pas bien la zone et se sentant en danger, aurait ouvert le feu \u00e0 nouveau, tuant Sonson sur le coup.<\/p>\n\n\n\n<p>Dans cette escalade de violence, une troisi\u00e8me personne \u2014 un membre de la m\u00eame famille \u2014 a \u00e9t\u00e9 touch\u00e9e par balle au pied. Il re\u00e7oit actuellement des soins \u00e0 l\u2019h\u00f4pital d\u2019Anse-d\u2019Hainault.<\/p>\n\n\n\n<p>\u00c0 l\u2019annonce de ces morts, la tension est mont\u00e9e d\u2019un cran dans la commune. Des r\u00e9sidents en col\u00e8re ont pris d\u2019assaut le commissariat, y mettant le feu. Une voiture de police et plusieurs motos ont \u00e9galement \u00e9t\u00e9 incendi\u00e9es.<\/p>\n\n\n\n<p>Velipost continue de suivre l\u2019\u00e9volution de cette affaire et reste \u00e0 l\u2019\u00e9coute de tout t\u00e9moignage.<\/p>\n\n    <div class=\"xs_social_share_widget xs_share_url after_content \t\tmain_content  wslu-style-3 wslu-share-box-shaped wslu-fill-brand-hover-colored wslu-share-m-5 wslu-none wslu-share-horizontal wslu-theme-font-no wslu-main_content\">\n\n\t\t\n        <ul>\n\t\t\t                    <li class=\"xs-share-li twitter                        wslu-no-extra-data\">\n                        <a href=\"javascript:void(0);\"\n                           id=\"xs_feed_twitter\"\n                           onclick=\"xs_social_sharer(this);\"\n                           data-pid=\"3436\"\n                           data-uri_hash=\"2c62722bbae7cabbae869eca1c764e4e\"\n                           data-key=\"twitter\"\n                           data-xs-href=\"https:\/\/twitter.com\/intent\/tweet?text=Deux+jeunes+tu%C3%A9s+par+un+policier+%C3%A0+Anse-d%E2%80%99Hainault%2C+le+commissariat+incendi%C3%A9+par+la+population+https%3A%2F%2Fvelipost.com%2Findex.php%3Frest_route%3D%252Fwp%252Fv2%252Fposts%252F3436&amp;original_referer=https%3A%2F%2Fvelipost.com%2Findex.php%3Frest_route%3D%252Fwp%252Fv2%252Fposts%252F3436&amp;related=xpeedstudio\">\n\n                            <div class=\"xs-social-icon\">\n                                <span class=\"met-social met-social-twitter\"><\/span>\n                            <\/div>\n\n\t\t\t\t\t\t\t\n                            <div class=\"wslu-hover-content\">\n                                <div class=\"xs-social-followers\">\n\t\t\t\t\t\t\t\t\t10                                <\/div>\n                                <div class=\"xs-social-follower-text\">\n\t\t\t\t\t\t\t\t\tShare                                <\/div>\n                                <div class=\"xs-social-follower-label\">\n\t\t\t\t\t\t\t\t\tTwitter                                <\/div>\n                            <\/div>\n                        <\/a>\n                    <\/li>\n\t\t\t\t\t                    <li class=\"xs-share-li telegram                        wslu-no-extra-data\">\n                        <a href=\"javascript:void(0);\"\n                           id=\"xs_feed_telegram\"\n                           onclick=\"xs_social_sharer(this);\"\n                           data-pid=\"3436\"\n                           data-uri_hash=\"2c62722bbae7cabbae869eca1c764e4e\"\n                           data-key=\"telegram\"\n                           data-xs-href=\"https:\/\/telegram.me\/share\/url?url=https%3A%2F%2Fvelipost.com%2Findex.php%3Frest_route%3D%252Fwp%252Fv2%252Fposts%252F3436&amp;text=Deux+jeunes+tu%C3%A9s+par+un+policier+%C3%A0+Anse-d%E2%80%99Hainault%2C+le+commissariat+incendi%C3%A9+par+la+population\">\n\n                            <div class=\"xs-social-icon\">\n                                <span class=\"met-social met-social-telegram\"><\/span>\n                            <\/div>\n\n\t\t\t\t\t\t\t\n                            <div class=\"wslu-hover-content\">\n                                <div class=\"xs-social-followers\">\n\t\t\t\t\t\t\t\t\t0                                <\/div>\n                                <div class=\"xs-social-follower-text\">\n\t\t\t\t\t\t\t\t\tShare                                <\/div>\n                                <div class=\"xs-social-follower-label\">\n\t\t\t\t\t\t\t\t\tTelegram                                <\/div>\n                            <\/div>\n                        <\/a>\n                    <\/li>\n\t\t\t\t\t                    <li class=\"xs-share-li email                        wslu-no-extra-data\">\n                        <a href=\"javascript:void(0);\"\n                           id=\"xs_feed_email\"\n                           onclick=\"xs_social_sharer(this);\"\n                           data-pid=\"3436\"\n                           data-uri_hash=\"2c62722bbae7cabbae869eca1c764e4e\"\n                           data-key=\"email\"\n                           data-xs-href=\"mailto:?body=Title%3A+Deux+jeunes+tu%C3%A9s+par+un+policier+%C3%A0+Anse-d%E2%80%99Hainault%2C+le+commissariat+incendi%C3%A9+par+la+population+%5Cn%5Cn+URL%3A+https%3A%2F%2Fvelipost.com%2Findex.php%3Frest_route%3D%252Fwp%252Fv2%252Fposts%252F3436&amp;subject=Deux+jeunes+tu%C3%A9s+par+un+policier+%C3%A0+Anse-d%E2%80%99Hainault%2C+le+commissariat+incendi%C3%A9+par+la+population\">\n\n                            <div class=\"xs-social-icon\">\n                                <span class=\"met-social met-social-email\"><\/span>\n                            <\/div>\n\n\t\t\t\t\t\t\t\n                            <div class=\"wslu-hover-content\">\n                                <div class=\"xs-social-followers\">\n\t\t\t\t\t\t\t\t\t0                                <\/div>\n                                <div class=\"xs-social-follower-text\">\n\t\t\t\t\t\t\t\t\tShare                                <\/div>\n                                <div class=\"xs-social-follower-label\">\n\t\t\t\t\t\t\t\t\tEmail                                <\/div>\n                            <\/div>\n                        <\/a>\n                    <\/li>\n\t\t\t\t\t        <\/ul>\n    <\/div> \n","protected":false},"excerpt":{"rendered":"<p>Anse-d\u2019Hainault, 12 mai 2025&nbsp;\u2013 Une nouvelle trag\u00e9die secoue la commune d\u2019Anse-d\u2019Hainault, dans le d\u00e9partement de la Grand\u2019Anse. Une op\u00e9ration polici\u00e8re controvers\u00e9e a tourn\u00e9 au<\/p>\n","protected":false},"author":1,"featured_media":0,"comment_status":"open","ping_status":"open","sticky":false,"template":"","format":"standard","meta":{"_uag_custom_page_level_css":"","footnotes":"","jetpack_publicize_message":"","jetpack_publicize_feature_enabled":true,"jetpack_social_post_already_shared":false,"jetpack_social_options":{"image_generator_settings":{"template":"highway","default_image_id":0,"font":"","enabled":false},"version":2}},"categories":[267],"tags":[],"class_list":["post-3436","post","type-post","status-publish","format-standard","hentry","category-non-classe-fr"],"yoast_head":"<!-- This site is optimized with the Yoast SEO plugin v25.3.1 - https:\/\/yoast.com\/wordpress\/plugins\/seo\/ -->\n<title>Deux jeunes tu\u00e9s par un policier \u00e0 Anse-d\u2019Hainault, le commissariat incendi\u00e9 par la population &#8211; VeliPost<\/title>\n<meta name=\"robots\" content=\"index, follow, max-snippet:-1, max-image-preview:large, max-video-preview:-1\" \/>\n<link rel=\"canonical\" href=\"https:\/\/velipost.com\/?p=3436\" \/>\n<meta property=\"og:locale\" content=\"fr_FR\" \/>\n<meta property=\"og:type\" content=\"article\" \/>\n<meta property=\"og:title\" content=\"Deux jeunes tu\u00e9s par un policier \u00e0 Anse-d\u2019Hainault, le commissariat incendi\u00e9 par la population &#8211; VeliPost\" \/>\n<meta property=\"og:description\" content=\"Anse-d\u2019Hainault, 12 mai 2025&nbsp;\u2013 Une nouvelle trag\u00e9die secoue la commune d\u2019Anse-d\u2019Hainault, dans le d\u00e9partement de la Grand\u2019Anse. Une op\u00e9ration polici\u00e8re controvers\u00e9e a tourn\u00e9 au\" \/>\n<meta property=\"og:url\" content=\"https:\/\/velipost.com\/?p=3436\" \/>\n<meta property=\"og:site_name\" content=\"VeliPost\" \/>\n<meta property=\"article:publisher\" content=\"https:\/\/www.facebook.com\/veliposthaiti\" \/>\n<meta property=\"article:published_time\" content=\"2025-05-13T20:56:32+00:00\" \/>\n<meta property=\"article:modified_time\" content=\"2025-05-13T20:56:36+00:00\" \/>\n<meta name=\"author\" content=\"VeliPost\" \/>\n<meta name=\"twitter:card\" content=\"summary_large_image\" \/>\n<meta name=\"twitter:creator\" content=\"@veliposthaiti\" \/>\n<meta name=\"twitter:site\" content=\"@veliposthaiti\" \/>\n<meta name=\"twitter:label1\" content=\"\u00c9crit par\" \/>\n\t<meta name=\"twitter:data1\" content=\"VeliPost\" \/>\n\t<meta name=\"twitter:label2\" content=\"Dur\u00e9e de lecture estim\u00e9e\" \/>\n\t<meta name=\"twitter:data2\" content=\"2 minutes\" \/>\n<script type=\"application\/ld+json\" class=\"yoast-schema-graph\">{\"@context\":\"https:\/\/schema.org\",\"@graph\":[{\"@type\":\"Article\",\"@id\":\"https:\/\/velipost.com\/?p=3436#article\",\"isPartOf\":{\"@id\":\"https:\/\/velipost.com\/?p=3436\"},\"author\":{\"name\":\"VeliPost\",\"@id\":\"https:\/\/velipost.com\/#\/schema\/person\/32ff49a53c9c1bb24302ee8ece058096\"},\"headline\":\"Deux jeunes tu\u00e9s par un policier \u00e0 Anse-d\u2019Hainault, le commissariat incendi\u00e9 par la population\",\"datePublished\":\"2025-05-13T20:56:32+00:00\",\"dateModified\":\"2025-05-13T20:56:36+00:00\",\"mainEntityOfPage\":{\"@id\":\"https:\/\/velipost.com\/?p=3436\"},\"wordCount\":322,\"commentCount\":0,\"publisher\":{\"@id\":\"https:\/\/velipost.com\/#organization\"},\"inLanguage\":\"fr-FR\",\"potentialAction\":[{\"@type\":\"CommentAction\",\"name\":\"Comment\",\"target\":[\"https:\/\/velipost.com\/?p=3436#respond\"]}]},{\"@type\":\"WebPage\",\"@id\":\"https:\/\/velipost.com\/?p=3436\",\"url\":\"https:\/\/velipost.com\/?p=3436\",\"name\":\"Deux jeunes tu\u00e9s par un policier \u00e0 Anse-d\u2019Hainault, le commissariat incendi\u00e9 par la population &#8211; VeliPost\",\"isPartOf\":{\"@id\":\"https:\/\/velipost.com\/#website\"},\"datePublished\":\"2025-05-13T20:56:32+00:00\",\"dateModified\":\"2025-05-13T20:56:36+00:00\",\"breadcrumb\":{\"@id\":\"https:\/\/velipost.com\/?p=3436#breadcrumb\"},\"inLanguage\":\"fr-FR\",\"potentialAction\":[{\"@type\":\"ReadAction\",\"target\":[\"https:\/\/velipost.com\/?p=3436\"]}]},{\"@type\":\"BreadcrumbList\",\"@id\":\"https:\/\/velipost.com\/?p=3436#breadcrumb\",\"itemListElement\":[{\"@type\":\"ListItem\",\"position\":1,\"name\":\"Accueil\",\"item\":\"https:\/\/velipost.com\/\"},{\"@type\":\"ListItem\",\"position\":2,\"name\":\"Deux jeunes tu\u00e9s par un policier \u00e0 Anse-d\u2019Hainault, le commissariat incendi\u00e9 par la population\"}]},{\"@type\":\"WebSite\",\"@id\":\"https:\/\/velipost.com\/#website\",\"url\":\"https:\/\/velipost.com\/\",\"name\":\"VeliPost\",\"description\":\"L\u2019info en un clic\",\"publisher\":{\"@id\":\"https:\/\/velipost.com\/#organization\"},\"potentialAction\":[{\"@type\":\"SearchAction\",\"target\":{\"@type\":\"EntryPoint\",\"urlTemplate\":\"https:\/\/velipost.com\/?s={search_term_string}\"},\"query-input\":{\"@type\":\"PropertyValueSpecification\",\"valueRequired\":true,\"valueName\":\"search_term_string\"}}],\"inLanguage\":\"fr-FR\"},{\"@type\":\"Organization\",\"@id\":\"https:\/\/velipost.com\/#organization\",\"name\":\"VeliPost\",\"url\":\"https:\/\/velipost.com\/\",\"logo\":{\"@type\":\"ImageObject\",\"inLanguage\":\"fr-FR\",\"@id\":\"https:\/\/velipost.com\/#\/schema\/logo\/image\/\",\"url\":\"https:\/\/velipost.com\/wp-content\/uploads\/2024\/08\/cropped-VP-logo-piti.png\",\"contentUrl\":\"https:\/\/velipost.com\/wp-content\/uploads\/2024\/08\/cropped-VP-logo-piti.png\",\"width\":201,\"height\":69,\"caption\":\"VeliPost\"},\"image\":{\"@id\":\"https:\/\/velipost.com\/#\/schema\/logo\/image\/\"},\"sameAs\":[\"https:\/\/www.facebook.com\/veliposthaiti\",\"https:\/\/x.com\/veliposthaiti\",\"https:\/\/www.instagram.com\/veliposthaiti\"]},{\"@type\":\"Person\",\"@id\":\"https:\/\/velipost.com\/#\/schema\/person\/32ff49a53c9c1bb24302ee8ece058096\",\"name\":\"VeliPost\",\"image\":{\"@type\":\"ImageObject\",\"inLanguage\":\"fr-FR\",\"@id\":\"https:\/\/velipost.com\/#\/schema\/person\/image\/\",\"url\":\"https:\/\/secure.gravatar.com\/avatar\/57c226c264de62f794185a89596d4a37b85a5ad20aca30d9d5a478b27d8c8d9d?s=96&d=mm&r=g\",\"contentUrl\":\"https:\/\/secure.gravatar.com\/avatar\/57c226c264de62f794185a89596d4a37b85a5ad20aca30d9d5a478b27d8c8d9d?s=96&d=mm&r=g\",\"caption\":\"VeliPost\"},\"sameAs\":[\"https:\/\/velipost.com\"],\"url\":\"https:\/\/velipost.com\/?author=1\"}]}<\/script>\n<!-- \/ Yoast SEO plugin. -->","yoast_head_json":{"title":"Deux jeunes tu\u00e9s par un policier \u00e0 Anse-d\u2019Hainault, le commissariat incendi\u00e9 par la population &#8211; VeliPost","robots":{"index":"index","follow":"follow","max-snippet":"max-snippet:-1","max-image-preview":"max-image-preview:large","max-video-preview":"max-video-preview:-1"},"canonical":"https:\/\/velipost.com\/?p=3436","og_locale":"fr_FR","og_type":"article","og_title":"Deux jeunes tu\u00e9s par un policier \u00e0 Anse-d\u2019Hainault, le commissariat incendi\u00e9 par la population &#8211; VeliPost","og_description":"Anse-d\u2019Hainault, 12 mai 2025&nbsp;\u2013 Une nouvelle trag\u00e9die secoue la commune d\u2019Anse-d\u2019Hainault, dans le d\u00e9partement de la Grand\u2019Anse. Une op\u00e9ration polici\u00e8re controvers\u00e9e a tourn\u00e9 au","og_url":"https:\/\/velipost.com\/?p=3436","og_site_name":"VeliPost","article_publisher":"https:\/\/www.facebook.com\/veliposthaiti","article_published_time":"2025-05-13T20:56:32+00:00","article_modified_time":"2025-05-13T20:56:36+00:00","author":"VeliPost","twitter_card":"summary_large_image","twitter_creator":"@veliposthaiti","twitter_site":"@veliposthaiti","twitter_misc":{"\u00c9crit par":"VeliPost","Dur\u00e9e de lecture estim\u00e9e":"2 minutes"},"schema":{"@context":"https:\/\/schema.org","@graph":[{"@type":"Article","@id":"https:\/\/velipost.com\/?p=3436#article","isPartOf":{"@id":"https:\/\/velipost.com\/?p=3436"},"author":{"name":"VeliPost","@id":"https:\/\/velipost.com\/#\/schema\/person\/32ff49a53c9c1bb24302ee8ece058096"},"headline":"Deux jeunes tu\u00e9s par un policier \u00e0 Anse-d\u2019Hainault, le commissariat incendi\u00e9 par la population","datePublished":"2025-05-13T20:56:32+00:00","dateModified":"2025-05-13T20:56:36+00:00","mainEntityOfPage":{"@id":"https:\/\/velipost.com\/?p=3436"},"wordCount":322,"commentCount":0,"publisher":{"@id":"https:\/\/velipost.com\/#organization"},"inLanguage":"fr-FR","potentialAction":[{"@type":"CommentAction","name":"Comment","target":["https:\/\/velipost.com\/?p=3436#respond"]}]},{"@type":"WebPage","@id":"https:\/\/velipost.com\/?p=3436","url":"https:\/\/velipost.com\/?p=3436","name":"Deux jeunes tu\u00e9s par un policier \u00e0 Anse-d\u2019Hainault, le commissariat incendi\u00e9 par la population &#8211; VeliPost","isPartOf":{"@id":"https:\/\/velipost.com\/#website"},"datePublished":"2025-05-13T20:56:32+00:00","dateModified":"2025-05-13T20:56:36+00:00","breadcrumb":{"@id":"https:\/\/velipost.com\/?p=3436#breadcrumb"},"inLanguage":"fr-FR","potentialAction":[{"@type":"ReadAction","target":["https:\/\/velipost.com\/?p=3436"]}]},{"@type":"BreadcrumbList","@id":"https:\/\/velipost.com\/?p=3436#breadcrumb","itemListElement":[{"@type":"ListItem","position":1,"name":"Accueil","item":"https:\/\/velipost.com\/"},{"@type":"ListItem","position":2,"name":"Deux jeunes tu\u00e9s par un policier \u00e0 Anse-d\u2019Hainault, le commissariat incendi\u00e9 par la population"}]},{"@type":"WebSite","@id":"https:\/\/velipost.com\/#website","url":"https:\/\/velipost.com\/","name":"VeliPost","description":"L\u2019info en un clic","publisher":{"@id":"https:\/\/velipost.com\/#organization"},"potentialAction":[{"@type":"SearchAction","target":{"@type":"EntryPoint","urlTemplate":"https:\/\/velipost.com\/?s={search_term_string}"},"query-input":{"@type":"PropertyValueSpecification","valueRequired":true,"valueName":"search_term_string"}}],"inLanguage":"fr-FR"},{"@type":"Organization","@id":"https:\/\/velipost.com\/#organization","name":"VeliPost","url":"https:\/\/velipost.com\/","logo":{"@type":"ImageObject","inLanguage":"fr-FR","@id":"https:\/\/velipost.com\/#\/schema\/logo\/image\/","url":"https:\/\/velipost.com\/wp-content\/uploads\/2024\/08\/cropped-VP-logo-piti.png","contentUrl":"https:\/\/velipost.com\/wp-content\/uploads\/2024\/08\/cropped-VP-logo-piti.png","width":201,"height":69,"caption":"VeliPost"},"image":{"@id":"https:\/\/velipost.com\/#\/schema\/logo\/image\/"},"sameAs":["https:\/\/www.facebook.com\/veliposthaiti","https:\/\/x.com\/veliposthaiti","https:\/\/www.instagram.com\/veliposthaiti"]},{"@type":"Person","@id":"https:\/\/velipost.com\/#\/schema\/person\/32ff49a53c9c1bb24302ee8ece058096","name":"VeliPost","image":{"@type":"ImageObject","inLanguage":"fr-FR","@id":"https:\/\/velipost.com\/#\/schema\/person\/image\/","url":"https:\/\/secure.gravatar.com\/avatar\/57c226c264de62f794185a89596d4a37b85a5ad20aca30d9d5a478b27d8c8d9d?s=96&d=mm&r=g","contentUrl":"https:\/\/secure.gravatar.com\/avatar\/57c226c264de62f794185a89596d4a37b85a5ad20aca30d9d5a478b27d8c8d9d?s=96&d=mm&r=g","caption":"VeliPost"},"sameAs":["https:\/\/velipost.com"],"url":"https:\/\/velipost.com\/?author=1"}]}},"views":2,"jetpack_publicize_connections":[],"uagb_featured_image_src":{"full":false,"thumbnail":false,"medium":false,"medium_large":false,"large":false,"1536x1536":false,"2048x2048":false,"colornews-big-slider":false,"colornews-big-slider-thumb":false,"colornews-featured-post-medium":false,"colornews-featured-post-small":false,"colornews-random-posts":false,"colornews-featured-image":false,"mailpoet_newsletter_max":false},"uagb_author_info":{"display_name":"VeliPost","author_link":"https:\/\/velipost.com\/?author=1"},"uagb_comment_info":0,"uagb_excerpt":"Anse-d\u2019Hainault, 12 mai 2025&nbsp;\u2013 Une nouvelle trag\u00e9die secoue la commune d\u2019Anse-d\u2019Hainault, dans le d\u00e9partement de la Grand\u2019Anse. Une op\u00e9ration polici\u00e8re controvers\u00e9e a tourn\u00e9 au","_links":{"self":[{"href":"https:\/\/velipost.com\/index.php?rest_route=\/wp\/v2\/posts\/3436","targetHints":{"allow":["GET"]}}],"collection":[{"href":"https:\/\/velipost.com\/index.php?rest_route=\/wp\/v2\/posts"}],"about":[{"href":"https:\/\/velipost.com\/index.php?rest_route=\/wp\/v2\/types\/post"}],"author":[{"embeddable":true,"href":"https:\/\/velipost.com\/index.php?rest_route=\/wp\/v2\/users\/1"}],"replies":[{"embeddable":true,"href":"https:\/\/velipost.com\/index.php?rest_route=%2Fwp%2Fv2%2Fcomments&post=3436"}],"version-history":[{"count":1,"href":"https:\/\/velipost.com\/index.php?rest_route=\/wp\/v2\/posts\/3436\/revisions"}],"predecessor-version":[{"id":3439,"href":"https:\/\/velipost.com\/index.php?rest_route=\/wp\/v2\/posts\/3436\/revisions\/3439"}],"wp:attachment":[{"href":"https:\/\/velipost.com\/index.php?rest_route=%2Fwp%2Fv2%2Fmedia&parent=3436"}],"wp:term":[{"taxonomy":"category","embeddable":true,"href":"https:\/\/velipost.com\/index.php?rest_route=%2Fwp%2Fv2%2Fcategories&post=3436"},{"taxonomy":"post_tag","embeddable":true,"href":"https:\/\/velipost.com\/index.php?rest_route=%2Fwp%2Fv2%2Ftags&post=3436"}],"curies":[{"name":"wp","href":"https:\/\/api.w.org\/{rel}","templated":true}]}}