{"id":3423,"date":"2025-05-10T19:56:52","date_gmt":"2025-05-10T17:56:52","guid":{"rendered":"https:\/\/velipost.com\/?p=3423"},"modified":"2025-05-10T19:56:54","modified_gmt":"2025-05-10T17:56:54","slug":"le-college-regina-assumpta-sacre-champion-de-la-7e-edition-de-precis-genie","status":"publish","type":"post","link":"https:\/\/velipost.com\/?p=3423","title":{"rendered":"Le Coll\u00e8ge Regina Assumpta sacr\u00e9 champion de la 7e \u00e9dition de Pr\u00e9cis G\u00e9nie"},"content":{"rendered":"\n<p>Le vendredi 9 mai 2025, l\u2019auditorium du Coll\u00e8ge Regina Assumpta a accueilli la grande finale de la 7e \u00e9dition de Pr\u00e9cis G\u00e9nie dans une ambiance \u00e9lectrique et une salle comble. Ce concours interscolaire de culture g\u00e9n\u00e9rale, devenu une r\u00e9f\u00e9rence dans le Nord d\u2019Ha\u00efti, a couronn\u00e9 cette ann\u00e9e le Coll\u00e8ge Regina Assumpta, qui s\u2019est impos\u00e9 face au Lyc\u00e9e National Dutty Boukman avec un score de 200 \u00e0 155.<\/p>\n\n\n\n<p>Une finale intense, disput\u00e9e, et marqu\u00e9e par l\u2019intelligence strat\u00e9gique des deux \u00e9quipes, mais aussi par un esprit de discipline et de fair-play qui t\u00e9moigne de la maturit\u00e9 grandissante des jeunes engag\u00e9s.<\/p>\n\n\n\n<p>Le th\u00e8me de cette 7e \u00e9dition, \u201cEngagement\u201d, a trouv\u00e9 tout son sens dans les discours d\u2019ouverture qui ont pr\u00e9c\u00e9d\u00e9 la finale. Le secr\u00e9taire g\u00e9n\u00e9ral de Pr\u00e9cis, Frantz Azemar, est revenu sur le processus rigoureux qui a permis \u00e0 21 \u00e9coles de s\u2019affronter pendant plusieurs semaines dans un esprit de comp\u00e9tition saine. Il a soulign\u00e9 l\u2019importance de l\u2019engagement personnel et collectif dans un contexte \u00e9ducatif souvent fragilis\u00e9, appelant \u00e0 continuer de croire en la force du savoir.<\/p>\n\n\n\n<p>Pour sa part, le coordonnateur g\u00e9n\u00e9ral, R\u00e9ginald Destin, a tenu \u00e0 mettre l\u2019accent sur les efforts exceptionnels consentis, non seulement par les deux \u00e9quipes finalistes, mais aussi par tous les membres du staff, les coachs, les b\u00e9n\u00e9voles et les partenaires qui ont rendu possible cette \u00e9dition. \u00ab C\u2019est une victoire pour tout le monde. Une victoire du sacrifice, de la pers\u00e9v\u00e9rance et du collectif \u00bb, a-t-il d\u00e9clar\u00e9.<\/p>\n\n\n\n<p>Pr\u00e9cis G\u00e9nie continue ainsi d\u2019\u00eatre plus qu\u2019un concours : un espace d\u2019expression intellectuelle, de d\u00e9passement de soi, et de promotion de la m\u00e9ritocratie. La jeunesse ha\u00eftienne y trouve une sc\u00e8ne pour briller autrement, en \u00e9levant la parole, la r\u00e9flexion et la passion d\u2019apprendre.<\/p>\n\n    <div class=\"xs_social_share_widget xs_share_url after_content \t\tmain_content  wslu-style-3 wslu-share-box-shaped wslu-fill-brand-hover-colored wslu-share-m-5 wslu-none wslu-share-horizontal wslu-theme-font-no wslu-main_content\">\n\n\t\t\n        <ul>\n\t\t\t                    <li class=\"xs-share-li twitter                        wslu-no-extra-data\">\n                        <a href=\"javascript:void(0);\"\n                           id=\"xs_feed_twitter\"\n                           onclick=\"xs_social_sharer(this);\"\n                           data-pid=\"3423\"\n                           data-uri_hash=\"894b857a9f0403d00c8136c1dbb5d307\"\n                           data-key=\"twitter\"\n                           data-xs-href=\"https:\/\/twitter.com\/intent\/tweet?text=Le+Coll%C3%A8ge+Regina+Assumpta+sacr%C3%A9+champion+de+la+7e+%C3%A9dition+de+Pr%C3%A9cis+G%C3%A9nie+https%3A%2F%2Fvelipost.com%2Findex.php%3Frest_route%3D%252Fwp%252Fv2%252Fposts%252F3423&amp;original_referer=https%3A%2F%2Fvelipost.com%2Findex.php%3Frest_route%3D%252Fwp%252Fv2%252Fposts%252F3423&amp;related=xpeedstudio\">\n\n                            <div class=\"xs-social-icon\">\n                                <span class=\"met-social met-social-twitter\"><\/span>\n                            <\/div>\n\n\t\t\t\t\t\t\t\n                            <div class=\"wslu-hover-content\">\n                                <div class=\"xs-social-followers\">\n\t\t\t\t\t\t\t\t\t10                                <\/div>\n                                <div class=\"xs-social-follower-text\">\n\t\t\t\t\t\t\t\t\tShare                                <\/div>\n                                <div class=\"xs-social-follower-label\">\n\t\t\t\t\t\t\t\t\tTwitter                                <\/div>\n                            <\/div>\n                        <\/a>\n                    <\/li>\n\t\t\t\t\t                    <li class=\"xs-share-li telegram                        wslu-no-extra-data\">\n                        <a href=\"javascript:void(0);\"\n                           id=\"xs_feed_telegram\"\n                           onclick=\"xs_social_sharer(this);\"\n                           data-pid=\"3423\"\n                           data-uri_hash=\"894b857a9f0403d00c8136c1dbb5d307\"\n                           data-key=\"telegram\"\n                           data-xs-href=\"https:\/\/telegram.me\/share\/url?url=https%3A%2F%2Fvelipost.com%2Findex.php%3Frest_route%3D%252Fwp%252Fv2%252Fposts%252F3423&amp;text=Le+Coll%C3%A8ge+Regina+Assumpta+sacr%C3%A9+champion+de+la+7e+%C3%A9dition+de+Pr%C3%A9cis+G%C3%A9nie\">\n\n                            <div class=\"xs-social-icon\">\n                                <span class=\"met-social met-social-telegram\"><\/span>\n                            <\/div>\n\n\t\t\t\t\t\t\t\n                            <div class=\"wslu-hover-content\">\n                                <div class=\"xs-social-followers\">\n\t\t\t\t\t\t\t\t\t0                                <\/div>\n                                <div class=\"xs-social-follower-text\">\n\t\t\t\t\t\t\t\t\tShare                                <\/div>\n                                <div class=\"xs-social-follower-label\">\n\t\t\t\t\t\t\t\t\tTelegram                                <\/div>\n                            <\/div>\n                        <\/a>\n                    <\/li>\n\t\t\t\t\t                    <li class=\"xs-share-li email                        wslu-no-extra-data\">\n                        <a href=\"javascript:void(0);\"\n                           id=\"xs_feed_email\"\n                           onclick=\"xs_social_sharer(this);\"\n                           data-pid=\"3423\"\n                           data-uri_hash=\"894b857a9f0403d00c8136c1dbb5d307\"\n                           data-key=\"email\"\n                           data-xs-href=\"mailto:?body=Title%3A+Le+Coll%C3%A8ge+Regina+Assumpta+sacr%C3%A9+champion+de+la+7e+%C3%A9dition+de+Pr%C3%A9cis+G%C3%A9nie+%5Cn%5Cn+URL%3A+https%3A%2F%2Fvelipost.com%2Findex.php%3Frest_route%3D%252Fwp%252Fv2%252Fposts%252F3423&amp;subject=Le+Coll%C3%A8ge+Regina+Assumpta+sacr%C3%A9+champion+de+la+7e+%C3%A9dition+de+Pr%C3%A9cis+G%C3%A9nie\">\n\n                            <div class=\"xs-social-icon\">\n                                <span class=\"met-social met-social-email\"><\/span>\n                            <\/div>\n\n\t\t\t\t\t\t\t\n                            <div class=\"wslu-hover-content\">\n                                <div class=\"xs-social-followers\">\n\t\t\t\t\t\t\t\t\t0                                <\/div>\n                                <div class=\"xs-social-follower-text\">\n\t\t\t\t\t\t\t\t\tShare                                <\/div>\n                                <div class=\"xs-social-follower-label\">\n\t\t\t\t\t\t\t\t\tEmail                                <\/div>\n                            <\/div>\n                        <\/a>\n                    <\/li>\n\t\t\t\t\t        <\/ul>\n    <\/div> \n","protected":false},"excerpt":{"rendered":"<p>Le vendredi 9 mai 2025, l\u2019auditorium du Coll\u00e8ge Regina Assumpta a accueilli la grande finale de la 7e \u00e9dition de Pr\u00e9cis G\u00e9nie dans une<\/p>\n","protected":false},"author":1,"featured_media":3424,"comment_status":"open","ping_status":"open","sticky":false,"template":"","format":"standard","meta":{"_uag_custom_page_level_css":"","footnotes":"","jetpack_publicize_message":"","jetpack_publicize_feature_enabled":true,"jetpack_social_post_already_shared":false,"jetpack_social_options":{"image_generator_settings":{"template":"highway","default_image_id":0,"font":"","enabled":false},"version":2}},"categories":[260],"tags":[],"class_list":["post-3423","post","type-post","status-publish","format-standard","has-post-thumbnail","hentry","category-education"],"yoast_head":"<!-- This site is optimized with the Yoast SEO plugin v25.3.1 - https:\/\/yoast.com\/wordpress\/plugins\/seo\/ -->\n<title>Le Coll\u00e8ge Regina Assumpta sacr\u00e9 champion de la 7e \u00e9dition de Pr\u00e9cis G\u00e9nie &#8211; VeliPost<\/title>\n<meta name=\"robots\" content=\"index, follow, max-snippet:-1, max-image-preview:large, max-video-preview:-1\" \/>\n<link rel=\"canonical\" href=\"https:\/\/velipost.com\/?p=3423\" \/>\n<meta property=\"og:locale\" content=\"fr_FR\" \/>\n<meta property=\"og:type\" content=\"article\" \/>\n<meta property=\"og:title\" content=\"Le Coll\u00e8ge Regina Assumpta sacr\u00e9 champion de la 7e \u00e9dition de Pr\u00e9cis G\u00e9nie &#8211; VeliPost\" \/>\n<meta property=\"og:description\" content=\"Le vendredi 9 mai 2025, l\u2019auditorium du Coll\u00e8ge Regina Assumpta a accueilli la grande finale de la 7e \u00e9dition de Pr\u00e9cis G\u00e9nie dans une\" \/>\n<meta property=\"og:url\" content=\"https:\/\/velipost.com\/?p=3423\" \/>\n<meta property=\"og:site_name\" content=\"VeliPost\" \/>\n<meta property=\"article:publisher\" content=\"https:\/\/www.facebook.com\/veliposthaiti\" \/>\n<meta property=\"article:published_time\" content=\"2025-05-10T17:56:52+00:00\" \/>\n<meta property=\"article:modified_time\" content=\"2025-05-10T17:56:54+00:00\" \/>\n<meta property=\"og:image\" content=\"https:\/\/velipost.com\/wp-content\/uploads\/2025\/05\/precis.jpg\" \/>\n\t<meta property=\"og:image:width\" content=\"1170\" \/>\n\t<meta property=\"og:image:height\" content=\"603\" \/>\n\t<meta property=\"og:image:type\" content=\"image\/jpeg\" \/>\n<meta name=\"author\" content=\"VeliPost\" \/>\n<meta name=\"twitter:card\" content=\"summary_large_image\" \/>\n<meta name=\"twitter:creator\" content=\"@veliposthaiti\" \/>\n<meta name=\"twitter:site\" content=\"@veliposthaiti\" \/>\n<meta name=\"twitter:label1\" content=\"\u00c9crit par\" \/>\n\t<meta name=\"twitter:data1\" content=\"VeliPost\" \/>\n\t<meta name=\"twitter:label2\" content=\"Dur\u00e9e de lecture estim\u00e9e\" \/>\n\t<meta name=\"twitter:data2\" content=\"2 minutes\" \/>\n<script type=\"application\/ld+json\" class=\"yoast-schema-graph\">{\"@context\":\"https:\/\/schema.org\",\"@graph\":[{\"@type\":\"Article\",\"@id\":\"https:\/\/velipost.com\/?p=3423#article\",\"isPartOf\":{\"@id\":\"https:\/\/velipost.com\/?p=3423\"},\"author\":{\"name\":\"VeliPost\",\"@id\":\"https:\/\/velipost.com\/#\/schema\/person\/32ff49a53c9c1bb24302ee8ece058096\"},\"headline\":\"Le Coll\u00e8ge Regina Assumpta sacr\u00e9 champion de la 7e \u00e9dition de Pr\u00e9cis G\u00e9nie\",\"datePublished\":\"2025-05-10T17:56:52+00:00\",\"dateModified\":\"2025-05-10T17:56:54+00:00\",\"mainEntityOfPage\":{\"@id\":\"https:\/\/velipost.com\/?p=3423\"},\"wordCount\":341,\"commentCount\":0,\"publisher\":{\"@id\":\"https:\/\/velipost.com\/#organization\"},\"image\":{\"@id\":\"https:\/\/velipost.com\/?p=3423#primaryimage\"},\"thumbnailUrl\":\"https:\/\/velipost.com\/wp-content\/uploads\/2025\/05\/precis.jpg\",\"articleSection\":[\"Education\"],\"inLanguage\":\"fr-FR\",\"potentialAction\":[{\"@type\":\"CommentAction\",\"name\":\"Comment\",\"target\":[\"https:\/\/velipost.com\/?p=3423#respond\"]}]},{\"@type\":\"WebPage\",\"@id\":\"https:\/\/velipost.com\/?p=3423\",\"url\":\"https:\/\/velipost.com\/?p=3423\",\"name\":\"Le Coll\u00e8ge Regina Assumpta sacr\u00e9 champion de la 7e \u00e9dition de Pr\u00e9cis G\u00e9nie &#8211; VeliPost\",\"isPartOf\":{\"@id\":\"https:\/\/velipost.com\/#website\"},\"primaryImageOfPage\":{\"@id\":\"https:\/\/velipost.com\/?p=3423#primaryimage\"},\"image\":{\"@id\":\"https:\/\/velipost.com\/?p=3423#primaryimage\"},\"thumbnailUrl\":\"https:\/\/velipost.com\/wp-content\/uploads\/2025\/05\/precis.jpg\",\"datePublished\":\"2025-05-10T17:56:52+00:00\",\"dateModified\":\"2025-05-10T17:56:54+00:00\",\"breadcrumb\":{\"@id\":\"https:\/\/velipost.com\/?p=3423#breadcrumb\"},\"inLanguage\":\"fr-FR\",\"potentialAction\":[{\"@type\":\"ReadAction\",\"target\":[\"https:\/\/velipost.com\/?p=3423\"]}]},{\"@type\":\"ImageObject\",\"inLanguage\":\"fr-FR\",\"@id\":\"https:\/\/velipost.com\/?p=3423#primaryimage\",\"url\":\"https:\/\/velipost.com\/wp-content\/uploads\/2025\/05\/precis.jpg\",\"contentUrl\":\"https:\/\/velipost.com\/wp-content\/uploads\/2025\/05\/precis.jpg\",\"width\":1170,\"height\":603},{\"@type\":\"BreadcrumbList\",\"@id\":\"https:\/\/velipost.com\/?p=3423#breadcrumb\",\"itemListElement\":[{\"@type\":\"ListItem\",\"position\":1,\"name\":\"Accueil\",\"item\":\"https:\/\/velipost.com\/\"},{\"@type\":\"ListItem\",\"position\":2,\"name\":\"Le Coll\u00e8ge Regina Assumpta sacr\u00e9 champion de la 7e \u00e9dition de Pr\u00e9cis G\u00e9nie\"}]},{\"@type\":\"WebSite\",\"@id\":\"https:\/\/velipost.com\/#website\",\"url\":\"https:\/\/velipost.com\/\",\"name\":\"VeliPost\",\"description\":\"L\u2019info en un clic\",\"publisher\":{\"@id\":\"https:\/\/velipost.com\/#organization\"},\"potentialAction\":[{\"@type\":\"SearchAction\",\"target\":{\"@type\":\"EntryPoint\",\"urlTemplate\":\"https:\/\/velipost.com\/?s={search_term_string}\"},\"query-input\":{\"@type\":\"PropertyValueSpecification\",\"valueRequired\":true,\"valueName\":\"search_term_string\"}}],\"inLanguage\":\"fr-FR\"},{\"@type\":\"Organization\",\"@id\":\"https:\/\/velipost.com\/#organization\",\"name\":\"VeliPost\",\"url\":\"https:\/\/velipost.com\/\",\"logo\":{\"@type\":\"ImageObject\",\"inLanguage\":\"fr-FR\",\"@id\":\"https:\/\/velipost.com\/#\/schema\/logo\/image\/\",\"url\":\"https:\/\/velipost.com\/wp-content\/uploads\/2024\/08\/cropped-VP-logo-piti.png\",\"contentUrl\":\"https:\/\/velipost.com\/wp-content\/uploads\/2024\/08\/cropped-VP-logo-piti.png\",\"width\":201,\"height\":69,\"caption\":\"VeliPost\"},\"image\":{\"@id\":\"https:\/\/velipost.com\/#\/schema\/logo\/image\/\"},\"sameAs\":[\"https:\/\/www.facebook.com\/veliposthaiti\",\"https:\/\/x.com\/veliposthaiti\",\"https:\/\/www.instagram.com\/veliposthaiti\"]},{\"@type\":\"Person\",\"@id\":\"https:\/\/velipost.com\/#\/schema\/person\/32ff49a53c9c1bb24302ee8ece058096\",\"name\":\"VeliPost\",\"image\":{\"@type\":\"ImageObject\",\"inLanguage\":\"fr-FR\",\"@id\":\"https:\/\/velipost.com\/#\/schema\/person\/image\/\",\"url\":\"https:\/\/secure.gravatar.com\/avatar\/57c226c264de62f794185a89596d4a37b85a5ad20aca30d9d5a478b27d8c8d9d?s=96&d=mm&r=g\",\"contentUrl\":\"https:\/\/secure.gravatar.com\/avatar\/57c226c264de62f794185a89596d4a37b85a5ad20aca30d9d5a478b27d8c8d9d?s=96&d=mm&r=g\",\"caption\":\"VeliPost\"},\"sameAs\":[\"https:\/\/velipost.com\"],\"url\":\"https:\/\/velipost.com\/?author=1\"}]}<\/script>\n<!-- \/ Yoast SEO plugin. -->","yoast_head_json":{"title":"Le Coll\u00e8ge Regina Assumpta sacr\u00e9 champion de la 7e \u00e9dition de Pr\u00e9cis G\u00e9nie &#8211; VeliPost","robots":{"index":"index","follow":"follow","max-snippet":"max-snippet:-1","max-image-preview":"max-image-preview:large","max-video-preview":"max-video-preview:-1"},"canonical":"https:\/\/velipost.com\/?p=3423","og_locale":"fr_FR","og_type":"article","og_title":"Le Coll\u00e8ge Regina Assumpta sacr\u00e9 champion de la 7e \u00e9dition de Pr\u00e9cis G\u00e9nie &#8211; VeliPost","og_description":"Le vendredi 9 mai 2025, l\u2019auditorium du Coll\u00e8ge Regina Assumpta a accueilli la grande finale de la 7e \u00e9dition de Pr\u00e9cis G\u00e9nie dans une","og_url":"https:\/\/velipost.com\/?p=3423","og_site_name":"VeliPost","article_publisher":"https:\/\/www.facebook.com\/veliposthaiti","article_published_time":"2025-05-10T17:56:52+00:00","article_modified_time":"2025-05-10T17:56:54+00:00","og_image":[{"width":1170,"height":603,"url":"https:\/\/velipost.com\/wp-content\/uploads\/2025\/05\/precis.jpg","type":"image\/jpeg"}],"author":"VeliPost","twitter_card":"summary_large_image","twitter_creator":"@veliposthaiti","twitter_site":"@veliposthaiti","twitter_misc":{"\u00c9crit par":"VeliPost","Dur\u00e9e de lecture estim\u00e9e":"2 minutes"},"schema":{"@context":"https:\/\/schema.org","@graph":[{"@type":"Article","@id":"https:\/\/velipost.com\/?p=3423#article","isPartOf":{"@id":"https:\/\/velipost.com\/?p=3423"},"author":{"name":"VeliPost","@id":"https:\/\/velipost.com\/#\/schema\/person\/32ff49a53c9c1bb24302ee8ece058096"},"headline":"Le Coll\u00e8ge Regina Assumpta sacr\u00e9 champion de la 7e \u00e9dition de Pr\u00e9cis G\u00e9nie","datePublished":"2025-05-10T17:56:52+00:00","dateModified":"2025-05-10T17:56:54+00:00","mainEntityOfPage":{"@id":"https:\/\/velipost.com\/?p=3423"},"wordCount":341,"commentCount":0,"publisher":{"@id":"https:\/\/velipost.com\/#organization"},"image":{"@id":"https:\/\/velipost.com\/?p=3423#primaryimage"},"thumbnailUrl":"https:\/\/velipost.com\/wp-content\/uploads\/2025\/05\/precis.jpg","articleSection":["Education"],"inLanguage":"fr-FR","potentialAction":[{"@type":"CommentAction","name":"Comment","target":["https:\/\/velipost.com\/?p=3423#respond"]}]},{"@type":"WebPage","@id":"https:\/\/velipost.com\/?p=3423","url":"https:\/\/velipost.com\/?p=3423","name":"Le Coll\u00e8ge Regina Assumpta sacr\u00e9 champion de la 7e \u00e9dition de Pr\u00e9cis G\u00e9nie &#8211; VeliPost","isPartOf":{"@id":"https:\/\/velipost.com\/#website"},"primaryImageOfPage":{"@id":"https:\/\/velipost.com\/?p=3423#primaryimage"},"image":{"@id":"https:\/\/velipost.com\/?p=3423#primaryimage"},"thumbnailUrl":"https:\/\/velipost.com\/wp-content\/uploads\/2025\/05\/precis.jpg","datePublished":"2025-05-10T17:56:52+00:00","dateModified":"2025-05-10T17:56:54+00:00","breadcrumb":{"@id":"https:\/\/velipost.com\/?p=3423#breadcrumb"},"inLanguage":"fr-FR","potentialAction":[{"@type":"ReadAction","target":["https:\/\/velipost.com\/?p=3423"]}]},{"@type":"ImageObject","inLanguage":"fr-FR","@id":"https:\/\/velipost.com\/?p=3423#primaryimage","url":"https:\/\/velipost.com\/wp-content\/uploads\/2025\/05\/precis.jpg","contentUrl":"https:\/\/velipost.com\/wp-content\/uploads\/2025\/05\/precis.jpg","width":1170,"height":603},{"@type":"BreadcrumbList","@id":"https:\/\/velipost.com\/?p=3423#breadcrumb","itemListElement":[{"@type":"ListItem","position":1,"name":"Accueil","item":"https:\/\/velipost.com\/"},{"@type":"ListItem","position":2,"name":"Le Coll\u00e8ge Regina Assumpta sacr\u00e9 champion de la 7e \u00e9dition de Pr\u00e9cis G\u00e9nie"}]},{"@type":"WebSite","@id":"https:\/\/velipost.com\/#website","url":"https:\/\/velipost.com\/","name":"VeliPost","description":"L\u2019info en un clic","publisher":{"@id":"https:\/\/velipost.com\/#organization"},"potentialAction":[{"@type":"SearchAction","target":{"@type":"EntryPoint","urlTemplate":"https:\/\/velipost.com\/?s={search_term_string}"},"query-input":{"@type":"PropertyValueSpecification","valueRequired":true,"valueName":"search_term_string"}}],"inLanguage":"fr-FR"},{"@type":"Organization","@id":"https:\/\/velipost.com\/#organization","name":"VeliPost","url":"https:\/\/velipost.com\/","logo":{"@type":"ImageObject","inLanguage":"fr-FR","@id":"https:\/\/velipost.com\/#\/schema\/logo\/image\/","url":"https:\/\/velipost.com\/wp-content\/uploads\/2024\/08\/cropped-VP-logo-piti.png","contentUrl":"https:\/\/velipost.com\/wp-content\/uploads\/2024\/08\/cropped-VP-logo-piti.png","width":201,"height":69,"caption":"VeliPost"},"image":{"@id":"https:\/\/velipost.com\/#\/schema\/logo\/image\/"},"sameAs":["https:\/\/www.facebook.com\/veliposthaiti","https:\/\/x.com\/veliposthaiti","https:\/\/www.instagram.com\/veliposthaiti"]},{"@type":"Person","@id":"https:\/\/velipost.com\/#\/schema\/person\/32ff49a53c9c1bb24302ee8ece058096","name":"VeliPost","image":{"@type":"ImageObject","inLanguage":"fr-FR","@id":"https:\/\/velipost.com\/#\/schema\/person\/image\/","url":"https:\/\/secure.gravatar.com\/avatar\/57c226c264de62f794185a89596d4a37b85a5ad20aca30d9d5a478b27d8c8d9d?s=96&d=mm&r=g","contentUrl":"https:\/\/secure.gravatar.com\/avatar\/57c226c264de62f794185a89596d4a37b85a5ad20aca30d9d5a478b27d8c8d9d?s=96&d=mm&r=g","caption":"VeliPost"},"sameAs":["https:\/\/velipost.com"],"url":"https:\/\/velipost.com\/?author=1"}]}},"views":2,"jetpack_publicize_connections":[],"uagb_featured_image_src":{"full":["https:\/\/velipost.com\/wp-content\/uploads\/2025\/05\/precis.jpg",1170,603,false],"thumbnail":["https:\/\/velipost.com\/wp-content\/uploads\/2025\/05\/precis-150x150.jpg",150,150,true],"medium":["https:\/\/velipost.com\/wp-content\/uploads\/2025\/05\/precis-300x155.jpg",300,155,true],"medium_large":["https:\/\/velipost.com\/wp-content\/uploads\/2025\/05\/precis-768x396.jpg",715,369,true],"large":["https:\/\/velipost.com\/wp-content\/uploads\/2025\/05\/precis-1024x528.jpg",715,369,true],"1536x1536":["https:\/\/velipost.com\/wp-content\/uploads\/2025\/05\/precis.jpg",1170,603,false],"2048x2048":["https:\/\/velipost.com\/wp-content\/uploads\/2025\/05\/precis.jpg",1170,603,false],"colornews-big-slider":["https:\/\/velipost.com\/wp-content\/uploads\/2025\/05\/precis-1070x470.jpg",1070,470,true],"colornews-big-slider-thumb":["https:\/\/velipost.com\/wp-content\/uploads\/2025\/05\/precis-184x109.jpg",184,109,true],"colornews-featured-post-medium":["https:\/\/velipost.com\/wp-content\/uploads\/2025\/05\/precis-345x265.jpg",345,265,true],"colornews-featured-post-small":["https:\/\/velipost.com\/wp-content\/uploads\/2025\/05\/precis-115x73.jpg",115,73,true],"colornews-random-posts":["https:\/\/velipost.com\/wp-content\/uploads\/2025\/05\/precis-215x215.jpg",215,215,true],"colornews-featured-image":["https:\/\/velipost.com\/wp-content\/uploads\/2025\/05\/precis-715x400.jpg",715,400,true],"mailpoet_newsletter_max":["https:\/\/velipost.com\/wp-content\/uploads\/2025\/05\/precis.jpg",1170,603,false]},"uagb_author_info":{"display_name":"VeliPost","author_link":"https:\/\/velipost.com\/?author=1"},"uagb_comment_info":0,"uagb_excerpt":"Le vendredi 9 mai 2025, l\u2019auditorium du Coll\u00e8ge Regina Assumpta a accueilli la grande finale de la 7e \u00e9dition de Pr\u00e9cis G\u00e9nie dans une","_links":{"self":[{"href":"https:\/\/velipost.com\/index.php?rest_route=\/wp\/v2\/posts\/3423","targetHints":{"allow":["GET"]}}],"collection":[{"href":"https:\/\/velipost.com\/index.php?rest_route=\/wp\/v2\/posts"}],"about":[{"href":"https:\/\/velipost.com\/index.php?rest_route=\/wp\/v2\/types\/post"}],"author":[{"embeddable":true,"href":"https:\/\/velipost.com\/index.php?rest_route=\/wp\/v2\/users\/1"}],"replies":[{"embeddable":true,"href":"https:\/\/velipost.com\/index.php?rest_route=%2Fwp%2Fv2%2Fcomments&post=3423"}],"version-history":[{"count":1,"href":"https:\/\/velipost.com\/index.php?rest_route=\/wp\/v2\/posts\/3423\/revisions"}],"predecessor-version":[{"id":3425,"href":"https:\/\/velipost.com\/index.php?rest_route=\/wp\/v2\/posts\/3423\/revisions\/3425"}],"wp:featuredmedia":[{"embeddable":true,"href":"https:\/\/velipost.com\/index.php?rest_route=\/wp\/v2\/media\/3424"}],"wp:attachment":[{"href":"https:\/\/velipost.com\/index.php?rest_route=%2Fwp%2Fv2%2Fmedia&parent=3423"}],"wp:term":[{"taxonomy":"category","embeddable":true,"href":"https:\/\/velipost.com\/index.php?rest_route=%2Fwp%2Fv2%2Fcategories&post=3423"},{"taxonomy":"post_tag","embeddable":true,"href":"https:\/\/velipost.com\/index.php?rest_route=%2Fwp%2Fv2%2Ftags&post=3423"}],"curies":[{"name":"wp","href":"https:\/\/api.w.org\/{rel}","templated":true}]}}