{"id":3391,"date":"2025-05-05T19:09:35","date_gmt":"2025-05-05T17:09:35","guid":{"rendered":"https:\/\/velipost.com\/?p=3391"},"modified":"2025-05-05T19:09:36","modified_gmt":"2025-05-05T17:09:36","slug":"repression-ciblee-limmigration-dominicaine-traque-exclusivement-les-haitiens-sur-lavenue-duarte","status":"publish","type":"post","link":"https:\/\/velipost.com\/?p=3391","title":{"rendered":"R\u00e9pression cibl\u00e9e : l\u2019immigration dominicaine traque exclusivement les Ha\u00eftiens sur l\u2019avenue Duarte"},"content":{"rendered":"\n<p>Ce vendredi, la Direction G\u00e9n\u00e9rale de la Migration (DGM) a men\u00e9 une nouvelle op\u00e9ration sur l\u2019avenue Duarte, \u00e0 Saint-Domingue, qui soul\u00e8ve de vives critiques en raison de son caract\u00e8re ouvertement discriminatoire. Officiellement pr\u00e9sent\u00e9e comme une v\u00e9rification de routine du statut migratoire des \u00e9trangers, l\u2019op\u00e9ration s\u2019est en r\u00e9alit\u00e9 transform\u00e9e en une chasse cibl\u00e9e aux ressortissants ha\u00eftiens.<\/p>\n\n\n\n<p>Selon de nombreux t\u00e9moins, les agents de la Direction G\u00e9n\u00e9rale de la Migration ont investi les commerces de la zone \u2014 principalement des magasins d\u2019origine chinoise et des entrep\u00f4ts \u2014 en interrogeant uniquement les travailleurs ayant des traits physiques associ\u00e9s \u00e0 l\u2019origine ha\u00eftienne. D\u2019autres \u00e9trangers pr\u00e9sents dans les m\u00eames lieux, notamment d\u2019origine asiatique ou sud-am\u00e9ricaine, n\u2019ont fait l\u2019objet d\u2019aucune v\u00e9rification. Cette s\u00e9lection ethnique apparente a choqu\u00e9 plusieurs passants et commer\u00e7ants, qui d\u00e9noncent une pratique arbitraire et x\u00e9nophobe.<\/p>\n\n\n\n<p>Les personnes d\u2019origine ha\u00eftienne qui n\u2019ont pas pu pr\u00e9senter de documents l\u00e9gaux ont \u00e9t\u00e9 brutalement interpell\u00e9es, escort\u00e9es par les agents, puis entass\u00e9es dans des unit\u00e9s mobiles de d\u00e9tention, sans explication claire ni garantie de proc\u00e9dure \u00e9quitable.<\/p>\n\n\n\n<p>Des organisations de d\u00e9fense des droits humains ha\u00eftiens et dominicains condamnent fermement cette op\u00e9ration, qu\u2019elles qualifient de \u201crafle raciale\u201d, contraire aux principes de justice, d\u2019\u00e9galit\u00e9 et aux engagements internationaux de la R\u00e9publique dominicaine.<\/p>\n\n\n\n<p>La persistance de telles pratiques soul\u00e8ve une question br\u00fblante : dans un pays o\u00f9 plusieurs communaut\u00e9s \u00e9trang\u00e8res vivent et travaillent, pourquoi seules les personnes d\u2019origine ha\u00eftienne sont-elles syst\u00e9matiquement cibl\u00e9es et humili\u00e9es publiquement par les autorit\u00e9s migratoires ?<\/p>\n\n    <div class=\"xs_social_share_widget xs_share_url after_content \t\tmain_content  wslu-style-3 wslu-share-box-shaped wslu-fill-brand-hover-colored wslu-share-m-5 wslu-none wslu-share-horizontal wslu-theme-font-no wslu-main_content\">\n\n\t\t\n        <ul>\n\t\t\t                    <li class=\"xs-share-li twitter                        wslu-no-extra-data\">\n                        <a href=\"javascript:void(0);\"\n                           id=\"xs_feed_twitter\"\n                           onclick=\"xs_social_sharer(this);\"\n                           data-pid=\"3391\"\n                           data-uri_hash=\"fcf78c62bbbdf41a929ba1122d68a2c9\"\n                           data-key=\"twitter\"\n                           data-xs-href=\"https:\/\/twitter.com\/intent\/tweet?text=R%C3%A9pression+cibl%C3%A9e+%3A+l%E2%80%99immigration+dominicaine+traque+exclusivement+les+Ha%C3%AFtiens+sur+l%E2%80%99avenue+Duarte+https%3A%2F%2Fvelipost.com%2Findex.php%3Frest_route%3D%252Fwp%252Fv2%252Fposts%252F3391&amp;original_referer=https%3A%2F%2Fvelipost.com%2Findex.php%3Frest_route%3D%252Fwp%252Fv2%252Fposts%252F3391&amp;related=xpeedstudio\">\n\n                            <div class=\"xs-social-icon\">\n                                <span class=\"met-social met-social-twitter\"><\/span>\n                            <\/div>\n\n\t\t\t\t\t\t\t\n                            <div class=\"wslu-hover-content\">\n                                <div class=\"xs-social-followers\">\n\t\t\t\t\t\t\t\t\t10                                <\/div>\n                                <div class=\"xs-social-follower-text\">\n\t\t\t\t\t\t\t\t\tShare                                <\/div>\n                                <div class=\"xs-social-follower-label\">\n\t\t\t\t\t\t\t\t\tTwitter                                <\/div>\n                            <\/div>\n                        <\/a>\n                    <\/li>\n\t\t\t\t\t                    <li class=\"xs-share-li telegram                        wslu-no-extra-data\">\n                        <a href=\"javascript:void(0);\"\n                           id=\"xs_feed_telegram\"\n                           onclick=\"xs_social_sharer(this);\"\n                           data-pid=\"3391\"\n                           data-uri_hash=\"fcf78c62bbbdf41a929ba1122d68a2c9\"\n                           data-key=\"telegram\"\n                           data-xs-href=\"https:\/\/telegram.me\/share\/url?url=https%3A%2F%2Fvelipost.com%2Findex.php%3Frest_route%3D%252Fwp%252Fv2%252Fposts%252F3391&amp;text=R%C3%A9pression+cibl%C3%A9e+%3A+l%E2%80%99immigration+dominicaine+traque+exclusivement+les+Ha%C3%AFtiens+sur+l%E2%80%99avenue+Duarte\">\n\n                            <div class=\"xs-social-icon\">\n                                <span class=\"met-social met-social-telegram\"><\/span>\n                            <\/div>\n\n\t\t\t\t\t\t\t\n                            <div class=\"wslu-hover-content\">\n                                <div class=\"xs-social-followers\">\n\t\t\t\t\t\t\t\t\t0                                <\/div>\n                                <div class=\"xs-social-follower-text\">\n\t\t\t\t\t\t\t\t\tShare                                <\/div>\n                                <div class=\"xs-social-follower-label\">\n\t\t\t\t\t\t\t\t\tTelegram                                <\/div>\n                            <\/div>\n                        <\/a>\n                    <\/li>\n\t\t\t\t\t                    <li class=\"xs-share-li email                        wslu-no-extra-data\">\n                        <a href=\"javascript:void(0);\"\n                           id=\"xs_feed_email\"\n                           onclick=\"xs_social_sharer(this);\"\n                           data-pid=\"3391\"\n                           data-uri_hash=\"fcf78c62bbbdf41a929ba1122d68a2c9\"\n                           data-key=\"email\"\n                           data-xs-href=\"mailto:?body=Title%3A+R%C3%A9pression+cibl%C3%A9e+%3A+l%E2%80%99immigration+dominicaine+traque+exclusivement+les+Ha%C3%AFtiens+sur+l%E2%80%99avenue+Duarte+%5Cn%5Cn+URL%3A+https%3A%2F%2Fvelipost.com%2Findex.php%3Frest_route%3D%252Fwp%252Fv2%252Fposts%252F3391&amp;subject=R%C3%A9pression+cibl%C3%A9e+%3A+l%E2%80%99immigration+dominicaine+traque+exclusivement+les+Ha%C3%AFtiens+sur+l%E2%80%99avenue+Duarte\">\n\n                            <div class=\"xs-social-icon\">\n                                <span class=\"met-social met-social-email\"><\/span>\n                            <\/div>\n\n\t\t\t\t\t\t\t\n                            <div class=\"wslu-hover-content\">\n                                <div class=\"xs-social-followers\">\n\t\t\t\t\t\t\t\t\t0                                <\/div>\n                                <div class=\"xs-social-follower-text\">\n\t\t\t\t\t\t\t\t\tShare                                <\/div>\n                                <div class=\"xs-social-follower-label\">\n\t\t\t\t\t\t\t\t\tEmail                                <\/div>\n                            <\/div>\n                        <\/a>\n                    <\/li>\n\t\t\t\t\t        <\/ul>\n    <\/div> \n","protected":false},"excerpt":{"rendered":"<p>Ce vendredi, la Direction G\u00e9n\u00e9rale de la Migration (DGM) a men\u00e9 une nouvelle op\u00e9ration sur l\u2019avenue Duarte, \u00e0 Saint-Domingue, qui soul\u00e8ve de vives critiques<\/p>\n","protected":false},"author":1,"featured_media":3392,"comment_status":"open","ping_status":"open","sticky":false,"template":"","format":"standard","meta":{"_uag_custom_page_level_css":"","footnotes":"","jetpack_publicize_message":"","jetpack_publicize_feature_enabled":true,"jetpack_social_post_already_shared":false,"jetpack_social_options":{"image_generator_settings":{"template":"highway","default_image_id":0,"font":"","enabled":false},"version":2}},"categories":[94],"tags":[],"class_list":["post-3391","post","type-post","status-publish","format-standard","has-post-thumbnail","hentry","category-a-la-une"],"yoast_head":"<!-- This site is optimized with the Yoast SEO plugin v25.3.1 - https:\/\/yoast.com\/wordpress\/plugins\/seo\/ -->\n<title>R\u00e9pression cibl\u00e9e : l\u2019immigration dominicaine traque exclusivement les Ha\u00eftiens sur l\u2019avenue Duarte &#8211; VeliPost<\/title>\n<meta name=\"robots\" content=\"index, follow, max-snippet:-1, max-image-preview:large, max-video-preview:-1\" \/>\n<link rel=\"canonical\" href=\"https:\/\/velipost.com\/?p=3391\" \/>\n<meta property=\"og:locale\" content=\"fr_FR\" \/>\n<meta property=\"og:type\" content=\"article\" \/>\n<meta property=\"og:title\" content=\"R\u00e9pression cibl\u00e9e : l\u2019immigration dominicaine traque exclusivement les Ha\u00eftiens sur l\u2019avenue Duarte &#8211; VeliPost\" \/>\n<meta property=\"og:description\" content=\"Ce vendredi, la Direction G\u00e9n\u00e9rale de la Migration (DGM) a men\u00e9 une nouvelle op\u00e9ration sur l\u2019avenue Duarte, \u00e0 Saint-Domingue, qui soul\u00e8ve de vives critiques\" \/>\n<meta property=\"og:url\" content=\"https:\/\/velipost.com\/?p=3391\" \/>\n<meta property=\"og:site_name\" content=\"VeliPost\" \/>\n<meta property=\"article:publisher\" content=\"https:\/\/www.facebook.com\/veliposthaiti\" \/>\n<meta property=\"article:published_time\" content=\"2025-05-05T17:09:35+00:00\" \/>\n<meta property=\"article:modified_time\" content=\"2025-05-05T17:09:36+00:00\" \/>\n<meta property=\"og:image\" content=\"https:\/\/velipost.com\/wp-content\/uploads\/2025\/05\/duarte.jpg\" \/>\n\t<meta property=\"og:image:width\" content=\"1170\" \/>\n\t<meta property=\"og:image:height\" content=\"603\" \/>\n\t<meta property=\"og:image:type\" content=\"image\/jpeg\" \/>\n<meta name=\"author\" content=\"VeliPost\" \/>\n<meta name=\"twitter:card\" content=\"summary_large_image\" \/>\n<meta name=\"twitter:creator\" content=\"@veliposthaiti\" \/>\n<meta name=\"twitter:site\" content=\"@veliposthaiti\" \/>\n<meta name=\"twitter:label1\" content=\"\u00c9crit par\" \/>\n\t<meta name=\"twitter:data1\" content=\"VeliPost\" \/>\n\t<meta name=\"twitter:label2\" content=\"Dur\u00e9e de lecture estim\u00e9e\" \/>\n\t<meta name=\"twitter:data2\" content=\"2 minutes\" \/>\n<script type=\"application\/ld+json\" class=\"yoast-schema-graph\">{\"@context\":\"https:\/\/schema.org\",\"@graph\":[{\"@type\":\"Article\",\"@id\":\"https:\/\/velipost.com\/?p=3391#article\",\"isPartOf\":{\"@id\":\"https:\/\/velipost.com\/?p=3391\"},\"author\":{\"name\":\"VeliPost\",\"@id\":\"https:\/\/velipost.com\/#\/schema\/person\/32ff49a53c9c1bb24302ee8ece058096\"},\"headline\":\"R\u00e9pression cibl\u00e9e : l\u2019immigration dominicaine traque exclusivement les Ha\u00eftiens sur l\u2019avenue Duarte\",\"datePublished\":\"2025-05-05T17:09:35+00:00\",\"dateModified\":\"2025-05-05T17:09:36+00:00\",\"mainEntityOfPage\":{\"@id\":\"https:\/\/velipost.com\/?p=3391\"},\"wordCount\":312,\"commentCount\":0,\"publisher\":{\"@id\":\"https:\/\/velipost.com\/#organization\"},\"image\":{\"@id\":\"https:\/\/velipost.com\/?p=3391#primaryimage\"},\"thumbnailUrl\":\"https:\/\/velipost.com\/wp-content\/uploads\/2025\/05\/duarte.jpg\",\"articleSection\":[\"A la Une\"],\"inLanguage\":\"fr-FR\",\"potentialAction\":[{\"@type\":\"CommentAction\",\"name\":\"Comment\",\"target\":[\"https:\/\/velipost.com\/?p=3391#respond\"]}]},{\"@type\":\"WebPage\",\"@id\":\"https:\/\/velipost.com\/?p=3391\",\"url\":\"https:\/\/velipost.com\/?p=3391\",\"name\":\"R\u00e9pression cibl\u00e9e : l\u2019immigration dominicaine traque exclusivement les Ha\u00eftiens sur l\u2019avenue Duarte &#8211; VeliPost\",\"isPartOf\":{\"@id\":\"https:\/\/velipost.com\/#website\"},\"primaryImageOfPage\":{\"@id\":\"https:\/\/velipost.com\/?p=3391#primaryimage\"},\"image\":{\"@id\":\"https:\/\/velipost.com\/?p=3391#primaryimage\"},\"thumbnailUrl\":\"https:\/\/velipost.com\/wp-content\/uploads\/2025\/05\/duarte.jpg\",\"datePublished\":\"2025-05-05T17:09:35+00:00\",\"dateModified\":\"2025-05-05T17:09:36+00:00\",\"breadcrumb\":{\"@id\":\"https:\/\/velipost.com\/?p=3391#breadcrumb\"},\"inLanguage\":\"fr-FR\",\"potentialAction\":[{\"@type\":\"ReadAction\",\"target\":[\"https:\/\/velipost.com\/?p=3391\"]}]},{\"@type\":\"ImageObject\",\"inLanguage\":\"fr-FR\",\"@id\":\"https:\/\/velipost.com\/?p=3391#primaryimage\",\"url\":\"https:\/\/velipost.com\/wp-content\/uploads\/2025\/05\/duarte.jpg\",\"contentUrl\":\"https:\/\/velipost.com\/wp-content\/uploads\/2025\/05\/duarte.jpg\",\"width\":1170,\"height\":603},{\"@type\":\"BreadcrumbList\",\"@id\":\"https:\/\/velipost.com\/?p=3391#breadcrumb\",\"itemListElement\":[{\"@type\":\"ListItem\",\"position\":1,\"name\":\"Accueil\",\"item\":\"https:\/\/velipost.com\/\"},{\"@type\":\"ListItem\",\"position\":2,\"name\":\"R\u00e9pression cibl\u00e9e : l\u2019immigration dominicaine traque exclusivement les Ha\u00eftiens sur l\u2019avenue Duarte\"}]},{\"@type\":\"WebSite\",\"@id\":\"https:\/\/velipost.com\/#website\",\"url\":\"https:\/\/velipost.com\/\",\"name\":\"VeliPost\",\"description\":\"L\u2019info en un clic\",\"publisher\":{\"@id\":\"https:\/\/velipost.com\/#organization\"},\"potentialAction\":[{\"@type\":\"SearchAction\",\"target\":{\"@type\":\"EntryPoint\",\"urlTemplate\":\"https:\/\/velipost.com\/?s={search_term_string}\"},\"query-input\":{\"@type\":\"PropertyValueSpecification\",\"valueRequired\":true,\"valueName\":\"search_term_string\"}}],\"inLanguage\":\"fr-FR\"},{\"@type\":\"Organization\",\"@id\":\"https:\/\/velipost.com\/#organization\",\"name\":\"VeliPost\",\"url\":\"https:\/\/velipost.com\/\",\"logo\":{\"@type\":\"ImageObject\",\"inLanguage\":\"fr-FR\",\"@id\":\"https:\/\/velipost.com\/#\/schema\/logo\/image\/\",\"url\":\"https:\/\/velipost.com\/wp-content\/uploads\/2024\/08\/cropped-VP-logo-piti.png\",\"contentUrl\":\"https:\/\/velipost.com\/wp-content\/uploads\/2024\/08\/cropped-VP-logo-piti.png\",\"width\":201,\"height\":69,\"caption\":\"VeliPost\"},\"image\":{\"@id\":\"https:\/\/velipost.com\/#\/schema\/logo\/image\/\"},\"sameAs\":[\"https:\/\/www.facebook.com\/veliposthaiti\",\"https:\/\/x.com\/veliposthaiti\",\"https:\/\/www.instagram.com\/veliposthaiti\"]},{\"@type\":\"Person\",\"@id\":\"https:\/\/velipost.com\/#\/schema\/person\/32ff49a53c9c1bb24302ee8ece058096\",\"name\":\"VeliPost\",\"image\":{\"@type\":\"ImageObject\",\"inLanguage\":\"fr-FR\",\"@id\":\"https:\/\/velipost.com\/#\/schema\/person\/image\/\",\"url\":\"https:\/\/secure.gravatar.com\/avatar\/57c226c264de62f794185a89596d4a37b85a5ad20aca30d9d5a478b27d8c8d9d?s=96&d=mm&r=g\",\"contentUrl\":\"https:\/\/secure.gravatar.com\/avatar\/57c226c264de62f794185a89596d4a37b85a5ad20aca30d9d5a478b27d8c8d9d?s=96&d=mm&r=g\",\"caption\":\"VeliPost\"},\"sameAs\":[\"https:\/\/velipost.com\"],\"url\":\"https:\/\/velipost.com\/?author=1\"}]}<\/script>\n<!-- \/ Yoast SEO plugin. -->","yoast_head_json":{"title":"R\u00e9pression cibl\u00e9e : l\u2019immigration dominicaine traque exclusivement les Ha\u00eftiens sur l\u2019avenue Duarte &#8211; VeliPost","robots":{"index":"index","follow":"follow","max-snippet":"max-snippet:-1","max-image-preview":"max-image-preview:large","max-video-preview":"max-video-preview:-1"},"canonical":"https:\/\/velipost.com\/?p=3391","og_locale":"fr_FR","og_type":"article","og_title":"R\u00e9pression cibl\u00e9e : l\u2019immigration dominicaine traque exclusivement les Ha\u00eftiens sur l\u2019avenue Duarte &#8211; VeliPost","og_description":"Ce vendredi, la Direction G\u00e9n\u00e9rale de la Migration (DGM) a men\u00e9 une nouvelle op\u00e9ration sur l\u2019avenue Duarte, \u00e0 Saint-Domingue, qui soul\u00e8ve de vives critiques","og_url":"https:\/\/velipost.com\/?p=3391","og_site_name":"VeliPost","article_publisher":"https:\/\/www.facebook.com\/veliposthaiti","article_published_time":"2025-05-05T17:09:35+00:00","article_modified_time":"2025-05-05T17:09:36+00:00","og_image":[{"width":1170,"height":603,"url":"https:\/\/velipost.com\/wp-content\/uploads\/2025\/05\/duarte.jpg","type":"image\/jpeg"}],"author":"VeliPost","twitter_card":"summary_large_image","twitter_creator":"@veliposthaiti","twitter_site":"@veliposthaiti","twitter_misc":{"\u00c9crit par":"VeliPost","Dur\u00e9e de lecture estim\u00e9e":"2 minutes"},"schema":{"@context":"https:\/\/schema.org","@graph":[{"@type":"Article","@id":"https:\/\/velipost.com\/?p=3391#article","isPartOf":{"@id":"https:\/\/velipost.com\/?p=3391"},"author":{"name":"VeliPost","@id":"https:\/\/velipost.com\/#\/schema\/person\/32ff49a53c9c1bb24302ee8ece058096"},"headline":"R\u00e9pression cibl\u00e9e : l\u2019immigration dominicaine traque exclusivement les Ha\u00eftiens sur l\u2019avenue Duarte","datePublished":"2025-05-05T17:09:35+00:00","dateModified":"2025-05-05T17:09:36+00:00","mainEntityOfPage":{"@id":"https:\/\/velipost.com\/?p=3391"},"wordCount":312,"commentCount":0,"publisher":{"@id":"https:\/\/velipost.com\/#organization"},"image":{"@id":"https:\/\/velipost.com\/?p=3391#primaryimage"},"thumbnailUrl":"https:\/\/velipost.com\/wp-content\/uploads\/2025\/05\/duarte.jpg","articleSection":["A la Une"],"inLanguage":"fr-FR","potentialAction":[{"@type":"CommentAction","name":"Comment","target":["https:\/\/velipost.com\/?p=3391#respond"]}]},{"@type":"WebPage","@id":"https:\/\/velipost.com\/?p=3391","url":"https:\/\/velipost.com\/?p=3391","name":"R\u00e9pression cibl\u00e9e : l\u2019immigration dominicaine traque exclusivement les Ha\u00eftiens sur l\u2019avenue Duarte &#8211; VeliPost","isPartOf":{"@id":"https:\/\/velipost.com\/#website"},"primaryImageOfPage":{"@id":"https:\/\/velipost.com\/?p=3391#primaryimage"},"image":{"@id":"https:\/\/velipost.com\/?p=3391#primaryimage"},"thumbnailUrl":"https:\/\/velipost.com\/wp-content\/uploads\/2025\/05\/duarte.jpg","datePublished":"2025-05-05T17:09:35+00:00","dateModified":"2025-05-05T17:09:36+00:00","breadcrumb":{"@id":"https:\/\/velipost.com\/?p=3391#breadcrumb"},"inLanguage":"fr-FR","potentialAction":[{"@type":"ReadAction","target":["https:\/\/velipost.com\/?p=3391"]}]},{"@type":"ImageObject","inLanguage":"fr-FR","@id":"https:\/\/velipost.com\/?p=3391#primaryimage","url":"https:\/\/velipost.com\/wp-content\/uploads\/2025\/05\/duarte.jpg","contentUrl":"https:\/\/velipost.com\/wp-content\/uploads\/2025\/05\/duarte.jpg","width":1170,"height":603},{"@type":"BreadcrumbList","@id":"https:\/\/velipost.com\/?p=3391#breadcrumb","itemListElement":[{"@type":"ListItem","position":1,"name":"Accueil","item":"https:\/\/velipost.com\/"},{"@type":"ListItem","position":2,"name":"R\u00e9pression cibl\u00e9e : l\u2019immigration dominicaine traque exclusivement les Ha\u00eftiens sur l\u2019avenue Duarte"}]},{"@type":"WebSite","@id":"https:\/\/velipost.com\/#website","url":"https:\/\/velipost.com\/","name":"VeliPost","description":"L\u2019info en un clic","publisher":{"@id":"https:\/\/velipost.com\/#organization"},"potentialAction":[{"@type":"SearchAction","target":{"@type":"EntryPoint","urlTemplate":"https:\/\/velipost.com\/?s={search_term_string}"},"query-input":{"@type":"PropertyValueSpecification","valueRequired":true,"valueName":"search_term_string"}}],"inLanguage":"fr-FR"},{"@type":"Organization","@id":"https:\/\/velipost.com\/#organization","name":"VeliPost","url":"https:\/\/velipost.com\/","logo":{"@type":"ImageObject","inLanguage":"fr-FR","@id":"https:\/\/velipost.com\/#\/schema\/logo\/image\/","url":"https:\/\/velipost.com\/wp-content\/uploads\/2024\/08\/cropped-VP-logo-piti.png","contentUrl":"https:\/\/velipost.com\/wp-content\/uploads\/2024\/08\/cropped-VP-logo-piti.png","width":201,"height":69,"caption":"VeliPost"},"image":{"@id":"https:\/\/velipost.com\/#\/schema\/logo\/image\/"},"sameAs":["https:\/\/www.facebook.com\/veliposthaiti","https:\/\/x.com\/veliposthaiti","https:\/\/www.instagram.com\/veliposthaiti"]},{"@type":"Person","@id":"https:\/\/velipost.com\/#\/schema\/person\/32ff49a53c9c1bb24302ee8ece058096","name":"VeliPost","image":{"@type":"ImageObject","inLanguage":"fr-FR","@id":"https:\/\/velipost.com\/#\/schema\/person\/image\/","url":"https:\/\/secure.gravatar.com\/avatar\/57c226c264de62f794185a89596d4a37b85a5ad20aca30d9d5a478b27d8c8d9d?s=96&d=mm&r=g","contentUrl":"https:\/\/secure.gravatar.com\/avatar\/57c226c264de62f794185a89596d4a37b85a5ad20aca30d9d5a478b27d8c8d9d?s=96&d=mm&r=g","caption":"VeliPost"},"sameAs":["https:\/\/velipost.com"],"url":"https:\/\/velipost.com\/?author=1"}]}},"views":0,"jetpack_publicize_connections":[],"uagb_featured_image_src":{"full":["https:\/\/velipost.com\/wp-content\/uploads\/2025\/05\/duarte.jpg",1170,603,false],"thumbnail":["https:\/\/velipost.com\/wp-content\/uploads\/2025\/05\/duarte-150x150.jpg",150,150,true],"medium":["https:\/\/velipost.com\/wp-content\/uploads\/2025\/05\/duarte-300x155.jpg",300,155,true],"medium_large":["https:\/\/velipost.com\/wp-content\/uploads\/2025\/05\/duarte-768x396.jpg",715,369,true],"large":["https:\/\/velipost.com\/wp-content\/uploads\/2025\/05\/duarte-1024x528.jpg",715,369,true],"1536x1536":["https:\/\/velipost.com\/wp-content\/uploads\/2025\/05\/duarte.jpg",1170,603,false],"2048x2048":["https:\/\/velipost.com\/wp-content\/uploads\/2025\/05\/duarte.jpg",1170,603,false],"colornews-big-slider":["https:\/\/velipost.com\/wp-content\/uploads\/2025\/05\/duarte-1070x470.jpg",1070,470,true],"colornews-big-slider-thumb":["https:\/\/velipost.com\/wp-content\/uploads\/2025\/05\/duarte-184x109.jpg",184,109,true],"colornews-featured-post-medium":["https:\/\/velipost.com\/wp-content\/uploads\/2025\/05\/duarte-345x265.jpg",345,265,true],"colornews-featured-post-small":["https:\/\/velipost.com\/wp-content\/uploads\/2025\/05\/duarte-115x73.jpg",115,73,true],"colornews-random-posts":["https:\/\/velipost.com\/wp-content\/uploads\/2025\/05\/duarte-215x215.jpg",215,215,true],"colornews-featured-image":["https:\/\/velipost.com\/wp-content\/uploads\/2025\/05\/duarte-715x400.jpg",715,400,true],"mailpoet_newsletter_max":["https:\/\/velipost.com\/wp-content\/uploads\/2025\/05\/duarte.jpg",1170,603,false]},"uagb_author_info":{"display_name":"VeliPost","author_link":"https:\/\/velipost.com\/?author=1"},"uagb_comment_info":0,"uagb_excerpt":"Ce vendredi, la Direction G\u00e9n\u00e9rale de la Migration (DGM) a men\u00e9 une nouvelle op\u00e9ration sur l\u2019avenue Duarte, \u00e0 Saint-Domingue, qui soul\u00e8ve de vives critiques","_links":{"self":[{"href":"https:\/\/velipost.com\/index.php?rest_route=\/wp\/v2\/posts\/3391","targetHints":{"allow":["GET"]}}],"collection":[{"href":"https:\/\/velipost.com\/index.php?rest_route=\/wp\/v2\/posts"}],"about":[{"href":"https:\/\/velipost.com\/index.php?rest_route=\/wp\/v2\/types\/post"}],"author":[{"embeddable":true,"href":"https:\/\/velipost.com\/index.php?rest_route=\/wp\/v2\/users\/1"}],"replies":[{"embeddable":true,"href":"https:\/\/velipost.com\/index.php?rest_route=%2Fwp%2Fv2%2Fcomments&post=3391"}],"version-history":[{"count":1,"href":"https:\/\/velipost.com\/index.php?rest_route=\/wp\/v2\/posts\/3391\/revisions"}],"predecessor-version":[{"id":3393,"href":"https:\/\/velipost.com\/index.php?rest_route=\/wp\/v2\/posts\/3391\/revisions\/3393"}],"wp:featuredmedia":[{"embeddable":true,"href":"https:\/\/velipost.com\/index.php?rest_route=\/wp\/v2\/media\/3392"}],"wp:attachment":[{"href":"https:\/\/velipost.com\/index.php?rest_route=%2Fwp%2Fv2%2Fmedia&parent=3391"}],"wp:term":[{"taxonomy":"category","embeddable":true,"href":"https:\/\/velipost.com\/index.php?rest_route=%2Fwp%2Fv2%2Fcategories&post=3391"},{"taxonomy":"post_tag","embeddable":true,"href":"https:\/\/velipost.com\/index.php?rest_route=%2Fwp%2Fv2%2Ftags&post=3391"}],"curies":[{"name":"wp","href":"https:\/\/api.w.org\/{rel}","templated":true}]}}