{"id":3382,"date":"2025-05-03T01:58:36","date_gmt":"2025-05-02T23:58:36","guid":{"rendered":"https:\/\/velipost.com\/?p=3382"},"modified":"2025-05-03T01:58:37","modified_gmt":"2025-05-02T23:58:37","slug":"la-designation-de-viv-ansanm-comme-groupe-terroriste-change-t-elle-la-donne","status":"publish","type":"post","link":"https:\/\/velipost.com\/?p=3382","title":{"rendered":"La d\u00e9signation de \u00ab Viv Ansanm \u00bb comme groupe terroriste change-t-elle la donne ?"},"content":{"rendered":"\n<p>Le couperet est tomb\u00e9. Ce 2 mai 2025, les \u00c9tats-Unis ont officiellement inscrit le gang ha\u00eftien \u00ab Viv Ansanm \u00bb sur leur liste des organisations terroristes. Un signal fort envoy\u00e9 par l\u2019administration am\u00e9ricaine \u00e0 ceux qui, depuis 2023, s\u00e8ment la terreur \u00e0 Port-au-Prince sous les noms de G9, G-PEP ou F\u00f2s Revolisyon\u00e8. D\u00e9sormais, tout lien avec ce groupe expose \u00e0 des sanctions s\u00e9v\u00e8res, et ses avoirs sont gel\u00e9s sur le territoire am\u00e9ricain.<\/p>\n\n\n\n<p>Mais la vraie question est ailleurs :&nbsp;<strong>cette d\u00e9signation changera-t-elle quelque chose sur le terrain ?<\/strong><\/p>\n\n\n\n<p>Le symbole est puissant. Washington reconna\u00eet que ce gang n\u2019est pas qu\u2019une bande arm\u00e9e locale, mais bien\u00a0un r\u00e9seau criminel transnational, structur\u00e9, violent, et dot\u00e9 de connexions tentaculaires. Ce geste envoie aussi un message clair \u00e0 ceux qui, dans l\u2019ombre, les soutiennent ou en profitent : vous \u00eates d\u00e9sormais dans le viseur.<\/p>\n\n\n\n<p><strong>Mais un symbole, aussi fort soit-il, ne suffit pas.<\/strong><\/p>\n\n\n\n<p>\u00c0 Port-au-Prince, les habitants vivent sous le joug de ces groupes. Enl\u00e8vements, extorsions, violences sexuelles sont leur quotidien. Tant que l\u2019\u00c9tat ha\u00eftien n\u2019aura pas les moyens (ou la volont\u00e9) de reprendre le contr\u00f4le des territoires occup\u00e9s, cette d\u00e9signation risque de n\u2019\u00eatre qu\u2019un coup d\u2019\u00e9p\u00e9e dans l\u2019eau.<\/p>\n\n\n\n<p>Oui, la communaut\u00e9 internationale se mobilise. Oui, la CARICOM et Washington annoncent leur volont\u00e9 de stabiliser Ha\u00efti. Mais\u00a0aucune mission \u00e9trang\u00e8re ne pourra reconstruire un \u00c9tat qui ne tient plus debout, ni garantir la s\u00e9curit\u00e9 sans une refondation profonde des institutions ha\u00eftiennes.<\/p>\n\n\n\n<p>Ce geste des \u00c9tats-Unis est une opportunit\u00e9. \u00c0 Ha\u00efti maintenant de la saisir.<\/p>\n\n\n\n<p>Sinon, la d\u00e9signation de Viv Ansanm comme groupe terroriste ne changera rien pour ceux qui, chaque jour, vivent avec la peur.<\/p>\n\n    <div class=\"xs_social_share_widget xs_share_url after_content \t\tmain_content  wslu-style-3 wslu-share-box-shaped wslu-fill-brand-hover-colored wslu-share-m-5 wslu-none wslu-share-horizontal wslu-theme-font-no wslu-main_content\">\n\n\t\t\n        <ul>\n\t\t\t                    <li class=\"xs-share-li twitter                        wslu-no-extra-data\">\n                        <a href=\"javascript:void(0);\"\n                           id=\"xs_feed_twitter\"\n                           onclick=\"xs_social_sharer(this);\"\n                           data-pid=\"3382\"\n                           data-uri_hash=\"e89a715b2c6073a354ece33a72edd2a5\"\n                           data-key=\"twitter\"\n                           data-xs-href=\"https:\/\/twitter.com\/intent\/tweet?text=La+d%C3%A9signation+de+%C2%AB+Viv+Ansanm+%C2%BB+comme+groupe+terroriste+change-t-elle+la+donne+%3F+https%3A%2F%2Fvelipost.com%2Findex.php%3Frest_route%3D%252Fwp%252Fv2%252Fposts%252F3382&amp;original_referer=https%3A%2F%2Fvelipost.com%2Findex.php%3Frest_route%3D%252Fwp%252Fv2%252Fposts%252F3382&amp;related=xpeedstudio\">\n\n                            <div class=\"xs-social-icon\">\n                                <span class=\"met-social met-social-twitter\"><\/span>\n                            <\/div>\n\n\t\t\t\t\t\t\t\n                            <div class=\"wslu-hover-content\">\n                                <div class=\"xs-social-followers\">\n\t\t\t\t\t\t\t\t\t10                                <\/div>\n                                <div class=\"xs-social-follower-text\">\n\t\t\t\t\t\t\t\t\tShare                                <\/div>\n                                <div class=\"xs-social-follower-label\">\n\t\t\t\t\t\t\t\t\tTwitter                                <\/div>\n                            <\/div>\n                        <\/a>\n                    <\/li>\n\t\t\t\t\t                    <li class=\"xs-share-li telegram                        wslu-no-extra-data\">\n                        <a href=\"javascript:void(0);\"\n                           id=\"xs_feed_telegram\"\n                           onclick=\"xs_social_sharer(this);\"\n                           data-pid=\"3382\"\n                           data-uri_hash=\"e89a715b2c6073a354ece33a72edd2a5\"\n                           data-key=\"telegram\"\n                           data-xs-href=\"https:\/\/telegram.me\/share\/url?url=https%3A%2F%2Fvelipost.com%2Findex.php%3Frest_route%3D%252Fwp%252Fv2%252Fposts%252F3382&amp;text=La+d%C3%A9signation+de+%C2%AB+Viv+Ansanm+%C2%BB+comme+groupe+terroriste+change-t-elle+la+donne+%3F\">\n\n                            <div class=\"xs-social-icon\">\n                                <span class=\"met-social met-social-telegram\"><\/span>\n                            <\/div>\n\n\t\t\t\t\t\t\t\n                            <div class=\"wslu-hover-content\">\n                                <div class=\"xs-social-followers\">\n\t\t\t\t\t\t\t\t\t0                                <\/div>\n                                <div class=\"xs-social-follower-text\">\n\t\t\t\t\t\t\t\t\tShare                                <\/div>\n                                <div class=\"xs-social-follower-label\">\n\t\t\t\t\t\t\t\t\tTelegram                                <\/div>\n                            <\/div>\n                        <\/a>\n                    <\/li>\n\t\t\t\t\t                    <li class=\"xs-share-li email                        wslu-no-extra-data\">\n                        <a href=\"javascript:void(0);\"\n                           id=\"xs_feed_email\"\n                           onclick=\"xs_social_sharer(this);\"\n                           data-pid=\"3382\"\n                           data-uri_hash=\"e89a715b2c6073a354ece33a72edd2a5\"\n                           data-key=\"email\"\n                           data-xs-href=\"mailto:?body=Title%3A+La+d%C3%A9signation+de+%C2%AB+Viv+Ansanm+%C2%BB+comme+groupe+terroriste+change-t-elle+la+donne+%3F+%5Cn%5Cn+URL%3A+https%3A%2F%2Fvelipost.com%2Findex.php%3Frest_route%3D%252Fwp%252Fv2%252Fposts%252F3382&amp;subject=La+d%C3%A9signation+de+%C2%AB+Viv+Ansanm+%C2%BB+comme+groupe+terroriste+change-t-elle+la+donne+%3F\">\n\n                            <div class=\"xs-social-icon\">\n                                <span class=\"met-social met-social-email\"><\/span>\n                            <\/div>\n\n\t\t\t\t\t\t\t\n                            <div class=\"wslu-hover-content\">\n                                <div class=\"xs-social-followers\">\n\t\t\t\t\t\t\t\t\t0                                <\/div>\n                                <div class=\"xs-social-follower-text\">\n\t\t\t\t\t\t\t\t\tShare                                <\/div>\n                                <div class=\"xs-social-follower-label\">\n\t\t\t\t\t\t\t\t\tEmail                                <\/div>\n                            <\/div>\n                        <\/a>\n                    <\/li>\n\t\t\t\t\t        <\/ul>\n    <\/div> \n","protected":false},"excerpt":{"rendered":"<p>Le couperet est tomb\u00e9. Ce 2 mai 2025, les \u00c9tats-Unis ont officiellement inscrit le gang ha\u00eftien \u00ab Viv Ansanm \u00bb sur leur liste des<\/p>\n","protected":false},"author":1,"featured_media":3383,"comment_status":"open","ping_status":"open","sticky":false,"template":"","format":"standard","meta":{"_uag_custom_page_level_css":"","footnotes":"","jetpack_publicize_message":"","jetpack_publicize_feature_enabled":true,"jetpack_social_post_already_shared":false,"jetpack_social_options":{"image_generator_settings":{"template":"highway","default_image_id":0,"font":"","enabled":false},"version":2}},"categories":[253],"tags":[],"class_list":["post-3382","post","type-post","status-publish","format-standard","has-post-thumbnail","hentry","category-insecurite"],"yoast_head":"<!-- This site is optimized with the Yoast SEO plugin v25.3.1 - https:\/\/yoast.com\/wordpress\/plugins\/seo\/ -->\n<title>La d\u00e9signation de \u00ab Viv Ansanm \u00bb comme groupe terroriste change-t-elle la donne ? &#8211; VeliPost<\/title>\n<meta name=\"robots\" content=\"index, follow, max-snippet:-1, max-image-preview:large, max-video-preview:-1\" \/>\n<link rel=\"canonical\" href=\"https:\/\/velipost.com\/?p=3382\" \/>\n<meta property=\"og:locale\" content=\"fr_FR\" \/>\n<meta property=\"og:type\" content=\"article\" \/>\n<meta property=\"og:title\" content=\"La d\u00e9signation de \u00ab Viv Ansanm \u00bb comme groupe terroriste change-t-elle la donne ? &#8211; VeliPost\" \/>\n<meta property=\"og:description\" content=\"Le couperet est tomb\u00e9. Ce 2 mai 2025, les \u00c9tats-Unis ont officiellement inscrit le gang ha\u00eftien \u00ab Viv Ansanm \u00bb sur leur liste des\" \/>\n<meta property=\"og:url\" content=\"https:\/\/velipost.com\/?p=3382\" \/>\n<meta property=\"og:site_name\" content=\"VeliPost\" \/>\n<meta property=\"article:publisher\" content=\"https:\/\/www.facebook.com\/veliposthaiti\" \/>\n<meta property=\"article:published_time\" content=\"2025-05-02T23:58:36+00:00\" \/>\n<meta property=\"article:modified_time\" content=\"2025-05-02T23:58:37+00:00\" \/>\n<meta property=\"og:image\" content=\"https:\/\/velipost.com\/wp-content\/uploads\/2025\/05\/viv-ansanm.jpg\" \/>\n\t<meta property=\"og:image:width\" content=\"1170\" \/>\n\t<meta property=\"og:image:height\" content=\"603\" \/>\n\t<meta property=\"og:image:type\" content=\"image\/jpeg\" \/>\n<meta name=\"author\" content=\"VeliPost\" \/>\n<meta name=\"twitter:card\" content=\"summary_large_image\" \/>\n<meta name=\"twitter:creator\" content=\"@veliposthaiti\" \/>\n<meta name=\"twitter:site\" content=\"@veliposthaiti\" \/>\n<meta name=\"twitter:label1\" content=\"\u00c9crit par\" \/>\n\t<meta name=\"twitter:data1\" content=\"VeliPost\" \/>\n\t<meta name=\"twitter:label2\" content=\"Dur\u00e9e de lecture estim\u00e9e\" \/>\n\t<meta name=\"twitter:data2\" content=\"2 minutes\" \/>\n<script type=\"application\/ld+json\" class=\"yoast-schema-graph\">{\"@context\":\"https:\/\/schema.org\",\"@graph\":[{\"@type\":\"Article\",\"@id\":\"https:\/\/velipost.com\/?p=3382#article\",\"isPartOf\":{\"@id\":\"https:\/\/velipost.com\/?p=3382\"},\"author\":{\"name\":\"VeliPost\",\"@id\":\"https:\/\/velipost.com\/#\/schema\/person\/32ff49a53c9c1bb24302ee8ece058096\"},\"headline\":\"La d\u00e9signation de \u00ab Viv Ansanm \u00bb comme groupe terroriste change-t-elle la donne ?\",\"datePublished\":\"2025-05-02T23:58:36+00:00\",\"dateModified\":\"2025-05-02T23:58:37+00:00\",\"mainEntityOfPage\":{\"@id\":\"https:\/\/velipost.com\/?p=3382\"},\"wordCount\":306,\"commentCount\":0,\"publisher\":{\"@id\":\"https:\/\/velipost.com\/#organization\"},\"image\":{\"@id\":\"https:\/\/velipost.com\/?p=3382#primaryimage\"},\"thumbnailUrl\":\"https:\/\/velipost.com\/wp-content\/uploads\/2025\/05\/viv-ansanm.jpg\",\"articleSection\":[\"Ins\u00e9curit\u00e9\"],\"inLanguage\":\"fr-FR\",\"potentialAction\":[{\"@type\":\"CommentAction\",\"name\":\"Comment\",\"target\":[\"https:\/\/velipost.com\/?p=3382#respond\"]}]},{\"@type\":\"WebPage\",\"@id\":\"https:\/\/velipost.com\/?p=3382\",\"url\":\"https:\/\/velipost.com\/?p=3382\",\"name\":\"La d\u00e9signation de \u00ab Viv Ansanm \u00bb comme groupe terroriste change-t-elle la donne ? &#8211; VeliPost\",\"isPartOf\":{\"@id\":\"https:\/\/velipost.com\/#website\"},\"primaryImageOfPage\":{\"@id\":\"https:\/\/velipost.com\/?p=3382#primaryimage\"},\"image\":{\"@id\":\"https:\/\/velipost.com\/?p=3382#primaryimage\"},\"thumbnailUrl\":\"https:\/\/velipost.com\/wp-content\/uploads\/2025\/05\/viv-ansanm.jpg\",\"datePublished\":\"2025-05-02T23:58:36+00:00\",\"dateModified\":\"2025-05-02T23:58:37+00:00\",\"breadcrumb\":{\"@id\":\"https:\/\/velipost.com\/?p=3382#breadcrumb\"},\"inLanguage\":\"fr-FR\",\"potentialAction\":[{\"@type\":\"ReadAction\",\"target\":[\"https:\/\/velipost.com\/?p=3382\"]}]},{\"@type\":\"ImageObject\",\"inLanguage\":\"fr-FR\",\"@id\":\"https:\/\/velipost.com\/?p=3382#primaryimage\",\"url\":\"https:\/\/velipost.com\/wp-content\/uploads\/2025\/05\/viv-ansanm.jpg\",\"contentUrl\":\"https:\/\/velipost.com\/wp-content\/uploads\/2025\/05\/viv-ansanm.jpg\",\"width\":1170,\"height\":603},{\"@type\":\"BreadcrumbList\",\"@id\":\"https:\/\/velipost.com\/?p=3382#breadcrumb\",\"itemListElement\":[{\"@type\":\"ListItem\",\"position\":1,\"name\":\"Accueil\",\"item\":\"https:\/\/velipost.com\/\"},{\"@type\":\"ListItem\",\"position\":2,\"name\":\"La d\u00e9signation de \u00ab Viv Ansanm \u00bb comme groupe terroriste change-t-elle la donne ?\"}]},{\"@type\":\"WebSite\",\"@id\":\"https:\/\/velipost.com\/#website\",\"url\":\"https:\/\/velipost.com\/\",\"name\":\"VeliPost\",\"description\":\"L\u2019info en un clic\",\"publisher\":{\"@id\":\"https:\/\/velipost.com\/#organization\"},\"potentialAction\":[{\"@type\":\"SearchAction\",\"target\":{\"@type\":\"EntryPoint\",\"urlTemplate\":\"https:\/\/velipost.com\/?s={search_term_string}\"},\"query-input\":{\"@type\":\"PropertyValueSpecification\",\"valueRequired\":true,\"valueName\":\"search_term_string\"}}],\"inLanguage\":\"fr-FR\"},{\"@type\":\"Organization\",\"@id\":\"https:\/\/velipost.com\/#organization\",\"name\":\"VeliPost\",\"url\":\"https:\/\/velipost.com\/\",\"logo\":{\"@type\":\"ImageObject\",\"inLanguage\":\"fr-FR\",\"@id\":\"https:\/\/velipost.com\/#\/schema\/logo\/image\/\",\"url\":\"https:\/\/velipost.com\/wp-content\/uploads\/2024\/08\/cropped-VP-logo-piti.png\",\"contentUrl\":\"https:\/\/velipost.com\/wp-content\/uploads\/2024\/08\/cropped-VP-logo-piti.png\",\"width\":201,\"height\":69,\"caption\":\"VeliPost\"},\"image\":{\"@id\":\"https:\/\/velipost.com\/#\/schema\/logo\/image\/\"},\"sameAs\":[\"https:\/\/www.facebook.com\/veliposthaiti\",\"https:\/\/x.com\/veliposthaiti\",\"https:\/\/www.instagram.com\/veliposthaiti\"]},{\"@type\":\"Person\",\"@id\":\"https:\/\/velipost.com\/#\/schema\/person\/32ff49a53c9c1bb24302ee8ece058096\",\"name\":\"VeliPost\",\"image\":{\"@type\":\"ImageObject\",\"inLanguage\":\"fr-FR\",\"@id\":\"https:\/\/velipost.com\/#\/schema\/person\/image\/\",\"url\":\"https:\/\/secure.gravatar.com\/avatar\/57c226c264de62f794185a89596d4a37b85a5ad20aca30d9d5a478b27d8c8d9d?s=96&d=mm&r=g\",\"contentUrl\":\"https:\/\/secure.gravatar.com\/avatar\/57c226c264de62f794185a89596d4a37b85a5ad20aca30d9d5a478b27d8c8d9d?s=96&d=mm&r=g\",\"caption\":\"VeliPost\"},\"sameAs\":[\"https:\/\/velipost.com\"],\"url\":\"https:\/\/velipost.com\/?author=1\"}]}<\/script>\n<!-- \/ Yoast SEO plugin. -->","yoast_head_json":{"title":"La d\u00e9signation de \u00ab Viv Ansanm \u00bb comme groupe terroriste change-t-elle la donne ? &#8211; VeliPost","robots":{"index":"index","follow":"follow","max-snippet":"max-snippet:-1","max-image-preview":"max-image-preview:large","max-video-preview":"max-video-preview:-1"},"canonical":"https:\/\/velipost.com\/?p=3382","og_locale":"fr_FR","og_type":"article","og_title":"La d\u00e9signation de \u00ab Viv Ansanm \u00bb comme groupe terroriste change-t-elle la donne ? &#8211; VeliPost","og_description":"Le couperet est tomb\u00e9. Ce 2 mai 2025, les \u00c9tats-Unis ont officiellement inscrit le gang ha\u00eftien \u00ab Viv Ansanm \u00bb sur leur liste des","og_url":"https:\/\/velipost.com\/?p=3382","og_site_name":"VeliPost","article_publisher":"https:\/\/www.facebook.com\/veliposthaiti","article_published_time":"2025-05-02T23:58:36+00:00","article_modified_time":"2025-05-02T23:58:37+00:00","og_image":[{"width":1170,"height":603,"url":"https:\/\/velipost.com\/wp-content\/uploads\/2025\/05\/viv-ansanm.jpg","type":"image\/jpeg"}],"author":"VeliPost","twitter_card":"summary_large_image","twitter_creator":"@veliposthaiti","twitter_site":"@veliposthaiti","twitter_misc":{"\u00c9crit par":"VeliPost","Dur\u00e9e de lecture estim\u00e9e":"2 minutes"},"schema":{"@context":"https:\/\/schema.org","@graph":[{"@type":"Article","@id":"https:\/\/velipost.com\/?p=3382#article","isPartOf":{"@id":"https:\/\/velipost.com\/?p=3382"},"author":{"name":"VeliPost","@id":"https:\/\/velipost.com\/#\/schema\/person\/32ff49a53c9c1bb24302ee8ece058096"},"headline":"La d\u00e9signation de \u00ab Viv Ansanm \u00bb comme groupe terroriste change-t-elle la donne ?","datePublished":"2025-05-02T23:58:36+00:00","dateModified":"2025-05-02T23:58:37+00:00","mainEntityOfPage":{"@id":"https:\/\/velipost.com\/?p=3382"},"wordCount":306,"commentCount":0,"publisher":{"@id":"https:\/\/velipost.com\/#organization"},"image":{"@id":"https:\/\/velipost.com\/?p=3382#primaryimage"},"thumbnailUrl":"https:\/\/velipost.com\/wp-content\/uploads\/2025\/05\/viv-ansanm.jpg","articleSection":["Ins\u00e9curit\u00e9"],"inLanguage":"fr-FR","potentialAction":[{"@type":"CommentAction","name":"Comment","target":["https:\/\/velipost.com\/?p=3382#respond"]}]},{"@type":"WebPage","@id":"https:\/\/velipost.com\/?p=3382","url":"https:\/\/velipost.com\/?p=3382","name":"La d\u00e9signation de \u00ab Viv Ansanm \u00bb comme groupe terroriste change-t-elle la donne ? &#8211; VeliPost","isPartOf":{"@id":"https:\/\/velipost.com\/#website"},"primaryImageOfPage":{"@id":"https:\/\/velipost.com\/?p=3382#primaryimage"},"image":{"@id":"https:\/\/velipost.com\/?p=3382#primaryimage"},"thumbnailUrl":"https:\/\/velipost.com\/wp-content\/uploads\/2025\/05\/viv-ansanm.jpg","datePublished":"2025-05-02T23:58:36+00:00","dateModified":"2025-05-02T23:58:37+00:00","breadcrumb":{"@id":"https:\/\/velipost.com\/?p=3382#breadcrumb"},"inLanguage":"fr-FR","potentialAction":[{"@type":"ReadAction","target":["https:\/\/velipost.com\/?p=3382"]}]},{"@type":"ImageObject","inLanguage":"fr-FR","@id":"https:\/\/velipost.com\/?p=3382#primaryimage","url":"https:\/\/velipost.com\/wp-content\/uploads\/2025\/05\/viv-ansanm.jpg","contentUrl":"https:\/\/velipost.com\/wp-content\/uploads\/2025\/05\/viv-ansanm.jpg","width":1170,"height":603},{"@type":"BreadcrumbList","@id":"https:\/\/velipost.com\/?p=3382#breadcrumb","itemListElement":[{"@type":"ListItem","position":1,"name":"Accueil","item":"https:\/\/velipost.com\/"},{"@type":"ListItem","position":2,"name":"La d\u00e9signation de \u00ab Viv Ansanm \u00bb comme groupe terroriste change-t-elle la donne ?"}]},{"@type":"WebSite","@id":"https:\/\/velipost.com\/#website","url":"https:\/\/velipost.com\/","name":"VeliPost","description":"L\u2019info en un clic","publisher":{"@id":"https:\/\/velipost.com\/#organization"},"potentialAction":[{"@type":"SearchAction","target":{"@type":"EntryPoint","urlTemplate":"https:\/\/velipost.com\/?s={search_term_string}"},"query-input":{"@type":"PropertyValueSpecification","valueRequired":true,"valueName":"search_term_string"}}],"inLanguage":"fr-FR"},{"@type":"Organization","@id":"https:\/\/velipost.com\/#organization","name":"VeliPost","url":"https:\/\/velipost.com\/","logo":{"@type":"ImageObject","inLanguage":"fr-FR","@id":"https:\/\/velipost.com\/#\/schema\/logo\/image\/","url":"https:\/\/velipost.com\/wp-content\/uploads\/2024\/08\/cropped-VP-logo-piti.png","contentUrl":"https:\/\/velipost.com\/wp-content\/uploads\/2024\/08\/cropped-VP-logo-piti.png","width":201,"height":69,"caption":"VeliPost"},"image":{"@id":"https:\/\/velipost.com\/#\/schema\/logo\/image\/"},"sameAs":["https:\/\/www.facebook.com\/veliposthaiti","https:\/\/x.com\/veliposthaiti","https:\/\/www.instagram.com\/veliposthaiti"]},{"@type":"Person","@id":"https:\/\/velipost.com\/#\/schema\/person\/32ff49a53c9c1bb24302ee8ece058096","name":"VeliPost","image":{"@type":"ImageObject","inLanguage":"fr-FR","@id":"https:\/\/velipost.com\/#\/schema\/person\/image\/","url":"https:\/\/secure.gravatar.com\/avatar\/57c226c264de62f794185a89596d4a37b85a5ad20aca30d9d5a478b27d8c8d9d?s=96&d=mm&r=g","contentUrl":"https:\/\/secure.gravatar.com\/avatar\/57c226c264de62f794185a89596d4a37b85a5ad20aca30d9d5a478b27d8c8d9d?s=96&d=mm&r=g","caption":"VeliPost"},"sameAs":["https:\/\/velipost.com"],"url":"https:\/\/velipost.com\/?author=1"}]}},"views":1,"jetpack_publicize_connections":[],"uagb_featured_image_src":{"full":["https:\/\/velipost.com\/wp-content\/uploads\/2025\/05\/viv-ansanm.jpg",1170,603,false],"thumbnail":["https:\/\/velipost.com\/wp-content\/uploads\/2025\/05\/viv-ansanm-150x150.jpg",150,150,true],"medium":["https:\/\/velipost.com\/wp-content\/uploads\/2025\/05\/viv-ansanm-300x155.jpg",300,155,true],"medium_large":["https:\/\/velipost.com\/wp-content\/uploads\/2025\/05\/viv-ansanm-768x396.jpg",715,369,true],"large":["https:\/\/velipost.com\/wp-content\/uploads\/2025\/05\/viv-ansanm-1024x528.jpg",715,369,true],"1536x1536":["https:\/\/velipost.com\/wp-content\/uploads\/2025\/05\/viv-ansanm.jpg",1170,603,false],"2048x2048":["https:\/\/velipost.com\/wp-content\/uploads\/2025\/05\/viv-ansanm.jpg",1170,603,false],"colornews-big-slider":["https:\/\/velipost.com\/wp-content\/uploads\/2025\/05\/viv-ansanm-1070x470.jpg",1070,470,true],"colornews-big-slider-thumb":["https:\/\/velipost.com\/wp-content\/uploads\/2025\/05\/viv-ansanm-184x109.jpg",184,109,true],"colornews-featured-post-medium":["https:\/\/velipost.com\/wp-content\/uploads\/2025\/05\/viv-ansanm-345x265.jpg",345,265,true],"colornews-featured-post-small":["https:\/\/velipost.com\/wp-content\/uploads\/2025\/05\/viv-ansanm-115x73.jpg",115,73,true],"colornews-random-posts":["https:\/\/velipost.com\/wp-content\/uploads\/2025\/05\/viv-ansanm-215x215.jpg",215,215,true],"colornews-featured-image":["https:\/\/velipost.com\/wp-content\/uploads\/2025\/05\/viv-ansanm-715x400.jpg",715,400,true],"mailpoet_newsletter_max":["https:\/\/velipost.com\/wp-content\/uploads\/2025\/05\/viv-ansanm.jpg",1170,603,false]},"uagb_author_info":{"display_name":"VeliPost","author_link":"https:\/\/velipost.com\/?author=1"},"uagb_comment_info":0,"uagb_excerpt":"Le couperet est tomb\u00e9. Ce 2 mai 2025, les \u00c9tats-Unis ont officiellement inscrit le gang ha\u00eftien \u00ab Viv Ansanm \u00bb sur leur liste des","_links":{"self":[{"href":"https:\/\/velipost.com\/index.php?rest_route=\/wp\/v2\/posts\/3382","targetHints":{"allow":["GET"]}}],"collection":[{"href":"https:\/\/velipost.com\/index.php?rest_route=\/wp\/v2\/posts"}],"about":[{"href":"https:\/\/velipost.com\/index.php?rest_route=\/wp\/v2\/types\/post"}],"author":[{"embeddable":true,"href":"https:\/\/velipost.com\/index.php?rest_route=\/wp\/v2\/users\/1"}],"replies":[{"embeddable":true,"href":"https:\/\/velipost.com\/index.php?rest_route=%2Fwp%2Fv2%2Fcomments&post=3382"}],"version-history":[{"count":1,"href":"https:\/\/velipost.com\/index.php?rest_route=\/wp\/v2\/posts\/3382\/revisions"}],"predecessor-version":[{"id":3384,"href":"https:\/\/velipost.com\/index.php?rest_route=\/wp\/v2\/posts\/3382\/revisions\/3384"}],"wp:featuredmedia":[{"embeddable":true,"href":"https:\/\/velipost.com\/index.php?rest_route=\/wp\/v2\/media\/3383"}],"wp:attachment":[{"href":"https:\/\/velipost.com\/index.php?rest_route=%2Fwp%2Fv2%2Fmedia&parent=3382"}],"wp:term":[{"taxonomy":"category","embeddable":true,"href":"https:\/\/velipost.com\/index.php?rest_route=%2Fwp%2Fv2%2Fcategories&post=3382"},{"taxonomy":"post_tag","embeddable":true,"href":"https:\/\/velipost.com\/index.php?rest_route=%2Fwp%2Fv2%2Ftags&post=3382"}],"curies":[{"name":"wp","href":"https:\/\/api.w.org\/{rel}","templated":true}]}}