{"id":3351,"date":"2025-04-21T15:07:14","date_gmt":"2025-04-21T13:07:14","guid":{"rendered":"https:\/\/velipost.com\/?p=3351"},"modified":"2025-04-21T15:07:15","modified_gmt":"2025-04-21T13:07:15","slug":"le-pape-francois-un-pontificat-tourne-vers-les-peripheries-avec-une-attention-particuliere-pour-haiti","status":"publish","type":"post","link":"https:\/\/velipost.com\/?p=3351","title":{"rendered":"Le pape Fran\u00e7ois : un pontificat tourn\u00e9 vers les p\u00e9riph\u00e9ries, avec une attention particuli\u00e8re pour Ha\u00efti"},"content":{"rendered":"\n<p><strong>Vatican, 21 avril 2025<\/strong>\u00a0\u2013 Le pape Fran\u00e7ois, de son vrai nom Jorge Mario Bergoglio, s\u2019est \u00e9teint paisiblement ce lundi de P\u00e2ques \u00e0 7h35, dans sa r\u00e9sidence de la Casa Santa Marta, au Vatican. Il avait 88 ans.<\/p>\n\n\n\n<p>Le pape Fran\u00e7ois, premier j\u00e9suite et premier pontife originaire d\u2019Am\u00e9rique latine, restera dans l\u2019histoire comme un pape des p\u00e9riph\u00e9ries, un homme de foi proche des exclus et profond\u00e9ment engag\u00e9 dans les grands d\u00e9fis contemporains. Depuis son \u00e9lection en mars 2013, il n\u2019a cess\u00e9 de surprendre par sa simplicit\u00e9, sa proximit\u00e9 avec le peuple, et sa volont\u00e9 de r\u00e9former une \u00c9glise souvent per\u00e7ue comme \u00e9loign\u00e9e des r\u00e9alit\u00e9s humaines.<\/p>\n\n\n\n<p>Son pontificat a \u00e9t\u00e9 marqu\u00e9 par des gestes puissants : une r\u00e9forme de la Curie romaine, une attention renouvel\u00e9e pour les questions sociales et climatiques, l\u2019insistance sur la mis\u00e9ricorde divine, et surtout, un plaidoyer constant pour les migrants, les pauvres, les victimes d\u2019injustice et les populations oubli\u00e9es. Fran\u00e7ois a red\u00e9fini le style papal : moins monarchique, plus pastoral. Son langage direct et parfois d\u00e9rangeant pour certaines sph\u00e8res conservatrices a n\u00e9anmoins rendu l\u2019\u00c9glise plus audible dans le d\u00e9bat mondial.<\/p>\n\n\n\n<p>Parmi les zones du monde qui ont le plus b\u00e9n\u00e9fici\u00e9 de cette \u00ab pastorale des p\u00e9riph\u00e9ries \u00bb,&nbsp;<strong>Ha\u00efti<\/strong>&nbsp;occupe une place singuli\u00e8re. Fran\u00e7ois a toujours t\u00e9moign\u00e9 d\u2019un attachement profond pour le peuple ha\u00eftien, frapp\u00e9 de plein fouet par des s\u00e9ismes, des cyclones, l\u2019instabilit\u00e9 politique et une pauvret\u00e9 chronique. Fid\u00e8le \u00e0 sa ligne directrice d\u2019\u00ab une \u00c9glise pauvre pour les pauvres \u00bb, il a souvent d\u00e9nonc\u00e9 l\u2019oubli dont Ha\u00efti est victime dans les m\u00e9dias et sur la sc\u00e8ne internationale.<\/p>\n\n\n\n<p>Apr\u00e8s le tremblement de terre d\u2019ao\u00fbt 2021, le pape Fran\u00e7ois a lanc\u00e9 un appel vibrant \u00e0 la solidarit\u00e9 mondiale, invitant \u00e0 une aide \u00ab concr\u00e8te et durable \u00bb et d\u00e9bloquant une assistance d\u2019urgence via le Dicast\u00e8re pour le service du d\u00e9veloppement humain int\u00e9gral. \u00c0 travers de nombreuses interventions publiques, il a rappel\u00e9 que Ha\u00efti n\u2019\u00e9tait pas un peuple \u00e0 plaindre, mais un peuple digne, r\u00e9silient et porteur d\u2019esp\u00e9rance.<\/p>\n\n\n\n<p>Sous sa gouvernance, le Vatican a soutenu des initiatives locales dans les domaines de l\u2019\u00e9ducation, de la sant\u00e9 et du d\u00e9veloppement rural. Il a aussi salu\u00e9 \u00e0 plusieurs reprises le travail pastoral de l\u2019\u00c9glise catholique ha\u00eftienne, malgr\u00e9 un contexte de grande ins\u00e9curit\u00e9. En 2023, il \u00e9crivait une lettre poignante aux \u00e9v\u00eaques ha\u00eftiens, louant leur \u00ab courage \u00e9vang\u00e9lique \u00bb et les exhortant \u00e0 pers\u00e9v\u00e9rer dans leur mission malgr\u00e9 les obstacles.<\/p>\n\n\n\n<p>Enfin, dans un monde o\u00f9 la tentation du repli nationaliste s\u2019accentue, le pape Fran\u00e7ois a plaid\u00e9 pour une approche humaine et solidaire des politiques migratoires, appelant \u00e0 un accueil digne des Ha\u00eftiens forc\u00e9s de fuir leur pays.<\/p>\n\n\n\n<p>Son regard paternel pos\u00e9 sur Ha\u00efti n\u2019\u00e9tait pas condescendant, mais fraternel. Et \u00e0 travers lui, des milliers d\u2019Ha\u00eftiens ont trouv\u00e9 dans l\u2019\u00c9glise un espace d\u2019\u00e9coute, de consolation et de mobilisation. Le pape Fran\u00e7ois aura laiss\u00e9 l\u2019image d\u2019un pasteur universel, mais aussi d\u2019un&nbsp;<strong>ami sinc\u00e8re du peuple ha\u00eftien<\/strong>, fid\u00e8le \u00e0 sa vocation de \u00ab pasteur des p\u00e9riph\u00e9ries du monde \u00bb.<\/p>\n\n    <div class=\"xs_social_share_widget xs_share_url after_content \t\tmain_content  wslu-style-3 wslu-share-box-shaped wslu-fill-brand-hover-colored wslu-share-m-5 wslu-none wslu-share-horizontal wslu-theme-font-no wslu-main_content\">\n\n\t\t\n        <ul>\n\t\t\t                    <li class=\"xs-share-li twitter                        wslu-no-extra-data\">\n                        <a href=\"javascript:void(0);\"\n                           id=\"xs_feed_twitter\"\n                           onclick=\"xs_social_sharer(this);\"\n                           data-pid=\"3351\"\n                           data-uri_hash=\"d288fc0c75735910c57e6f75001de2de\"\n                           data-key=\"twitter\"\n                           data-xs-href=\"https:\/\/twitter.com\/intent\/tweet?text=Le+pape+Fran%C3%A7ois+%3A+un+pontificat+tourn%C3%A9+vers+les+p%C3%A9riph%C3%A9ries%2C+avec+une+attention+particuli%C3%A8re+pour+Ha%C3%AFti+https%3A%2F%2Fvelipost.com%2Findex.php%3Frest_route%3D%252Fwp%252Fv2%252Fposts%252F3351&amp;original_referer=https%3A%2F%2Fvelipost.com%2Findex.php%3Frest_route%3D%252Fwp%252Fv2%252Fposts%252F3351&amp;related=xpeedstudio\">\n\n                            <div class=\"xs-social-icon\">\n                                <span class=\"met-social met-social-twitter\"><\/span>\n                            <\/div>\n\n\t\t\t\t\t\t\t\n                            <div class=\"wslu-hover-content\">\n                                <div class=\"xs-social-followers\">\n\t\t\t\t\t\t\t\t\t10                                <\/div>\n                                <div class=\"xs-social-follower-text\">\n\t\t\t\t\t\t\t\t\tShare                                <\/div>\n                                <div class=\"xs-social-follower-label\">\n\t\t\t\t\t\t\t\t\tTwitter                                <\/div>\n                            <\/div>\n                        <\/a>\n                    <\/li>\n\t\t\t\t\t                    <li class=\"xs-share-li telegram                        wslu-no-extra-data\">\n                        <a href=\"javascript:void(0);\"\n                           id=\"xs_feed_telegram\"\n                           onclick=\"xs_social_sharer(this);\"\n                           data-pid=\"3351\"\n                           data-uri_hash=\"d288fc0c75735910c57e6f75001de2de\"\n                           data-key=\"telegram\"\n                           data-xs-href=\"https:\/\/telegram.me\/share\/url?url=https%3A%2F%2Fvelipost.com%2Findex.php%3Frest_route%3D%252Fwp%252Fv2%252Fposts%252F3351&amp;text=Le+pape+Fran%C3%A7ois+%3A+un+pontificat+tourn%C3%A9+vers+les+p%C3%A9riph%C3%A9ries%2C+avec+une+attention+particuli%C3%A8re+pour+Ha%C3%AFti\">\n\n                            <div class=\"xs-social-icon\">\n                                <span class=\"met-social met-social-telegram\"><\/span>\n                            <\/div>\n\n\t\t\t\t\t\t\t\n                            <div class=\"wslu-hover-content\">\n                                <div class=\"xs-social-followers\">\n\t\t\t\t\t\t\t\t\t0                                <\/div>\n                                <div class=\"xs-social-follower-text\">\n\t\t\t\t\t\t\t\t\tShare                                <\/div>\n                                <div class=\"xs-social-follower-label\">\n\t\t\t\t\t\t\t\t\tTelegram                                <\/div>\n                            <\/div>\n                        <\/a>\n                    <\/li>\n\t\t\t\t\t                    <li class=\"xs-share-li email                        wslu-no-extra-data\">\n                        <a href=\"javascript:void(0);\"\n                           id=\"xs_feed_email\"\n                           onclick=\"xs_social_sharer(this);\"\n                           data-pid=\"3351\"\n                           data-uri_hash=\"d288fc0c75735910c57e6f75001de2de\"\n                           data-key=\"email\"\n                           data-xs-href=\"mailto:?body=Title%3A+Le+pape+Fran%C3%A7ois+%3A+un+pontificat+tourn%C3%A9+vers+les+p%C3%A9riph%C3%A9ries%2C+avec+une+attention+particuli%C3%A8re+pour+Ha%C3%AFti+%5Cn%5Cn+URL%3A+https%3A%2F%2Fvelipost.com%2Findex.php%3Frest_route%3D%252Fwp%252Fv2%252Fposts%252F3351&amp;subject=Le+pape+Fran%C3%A7ois+%3A+un+pontificat+tourn%C3%A9+vers+les+p%C3%A9riph%C3%A9ries%2C+avec+une+attention+particuli%C3%A8re+pour+Ha%C3%AFti\">\n\n                            <div class=\"xs-social-icon\">\n                                <span class=\"met-social met-social-email\"><\/span>\n                            <\/div>\n\n\t\t\t\t\t\t\t\n                            <div class=\"wslu-hover-content\">\n                                <div class=\"xs-social-followers\">\n\t\t\t\t\t\t\t\t\t0                                <\/div>\n                                <div class=\"xs-social-follower-text\">\n\t\t\t\t\t\t\t\t\tShare                                <\/div>\n                                <div class=\"xs-social-follower-label\">\n\t\t\t\t\t\t\t\t\tEmail                                <\/div>\n                            <\/div>\n                        <\/a>\n                    <\/li>\n\t\t\t\t\t        <\/ul>\n    <\/div> \n","protected":false},"excerpt":{"rendered":"<p>Vatican, 21 avril 2025\u00a0\u2013 Le pape Fran\u00e7ois, de son vrai nom Jorge Mario Bergoglio, s\u2019est \u00e9teint paisiblement ce lundi de P\u00e2ques \u00e0 7h35, dans<\/p>\n","protected":false},"author":1,"featured_media":3352,"comment_status":"open","ping_status":"open","sticky":false,"template":"","format":"standard","meta":{"_uag_custom_page_level_css":"","footnotes":"","jetpack_publicize_message":"","jetpack_publicize_feature_enabled":true,"jetpack_social_post_already_shared":false,"jetpack_social_options":{"image_generator_settings":{"template":"highway","default_image_id":0,"font":"","enabled":false},"version":2}},"categories":[438],"tags":[],"class_list":["post-3351","post","type-post","status-publish","format-standard","has-post-thumbnail","hentry","category-necrologie"],"yoast_head":"<!-- This site is optimized with the Yoast SEO plugin v25.3.1 - https:\/\/yoast.com\/wordpress\/plugins\/seo\/ -->\n<title>Le pape Fran\u00e7ois : un pontificat tourn\u00e9 vers les p\u00e9riph\u00e9ries, avec une attention particuli\u00e8re pour Ha\u00efti &#8211; VeliPost<\/title>\n<meta name=\"robots\" content=\"index, follow, max-snippet:-1, max-image-preview:large, max-video-preview:-1\" \/>\n<link rel=\"canonical\" href=\"https:\/\/velipost.com\/?p=3351\" \/>\n<meta property=\"og:locale\" content=\"fr_FR\" \/>\n<meta property=\"og:type\" content=\"article\" \/>\n<meta property=\"og:title\" content=\"Le pape Fran\u00e7ois : un pontificat tourn\u00e9 vers les p\u00e9riph\u00e9ries, avec une attention particuli\u00e8re pour Ha\u00efti &#8211; VeliPost\" \/>\n<meta property=\"og:description\" content=\"Vatican, 21 avril 2025\u00a0\u2013 Le pape Fran\u00e7ois, de son vrai nom Jorge Mario Bergoglio, s\u2019est \u00e9teint paisiblement ce lundi de P\u00e2ques \u00e0 7h35, dans\" \/>\n<meta property=\"og:url\" content=\"https:\/\/velipost.com\/?p=3351\" \/>\n<meta property=\"og:site_name\" content=\"VeliPost\" \/>\n<meta property=\"article:publisher\" content=\"https:\/\/www.facebook.com\/veliposthaiti\" \/>\n<meta property=\"article:published_time\" content=\"2025-04-21T13:07:14+00:00\" \/>\n<meta property=\"article:modified_time\" content=\"2025-04-21T13:07:15+00:00\" \/>\n<meta property=\"og:image\" content=\"https:\/\/velipost.com\/wp-content\/uploads\/2025\/04\/PAPE.jpg\" \/>\n\t<meta property=\"og:image:width\" content=\"1170\" \/>\n\t<meta property=\"og:image:height\" content=\"603\" \/>\n\t<meta property=\"og:image:type\" content=\"image\/jpeg\" \/>\n<meta name=\"author\" content=\"VeliPost\" \/>\n<meta name=\"twitter:card\" content=\"summary_large_image\" \/>\n<meta name=\"twitter:creator\" content=\"@veliposthaiti\" \/>\n<meta name=\"twitter:site\" content=\"@veliposthaiti\" \/>\n<meta name=\"twitter:label1\" content=\"\u00c9crit par\" \/>\n\t<meta name=\"twitter:data1\" content=\"VeliPost\" \/>\n\t<meta name=\"twitter:label2\" content=\"Dur\u00e9e de lecture estim\u00e9e\" \/>\n\t<meta name=\"twitter:data2\" content=\"3 minutes\" \/>\n<script type=\"application\/ld+json\" class=\"yoast-schema-graph\">{\"@context\":\"https:\/\/schema.org\",\"@graph\":[{\"@type\":\"Article\",\"@id\":\"https:\/\/velipost.com\/?p=3351#article\",\"isPartOf\":{\"@id\":\"https:\/\/velipost.com\/?p=3351\"},\"author\":{\"name\":\"VeliPost\",\"@id\":\"https:\/\/velipost.com\/#\/schema\/person\/32ff49a53c9c1bb24302ee8ece058096\"},\"headline\":\"Le pape Fran\u00e7ois : un pontificat tourn\u00e9 vers les p\u00e9riph\u00e9ries, avec une attention particuli\u00e8re pour Ha\u00efti\",\"datePublished\":\"2025-04-21T13:07:14+00:00\",\"dateModified\":\"2025-04-21T13:07:15+00:00\",\"mainEntityOfPage\":{\"@id\":\"https:\/\/velipost.com\/?p=3351\"},\"wordCount\":582,\"commentCount\":0,\"publisher\":{\"@id\":\"https:\/\/velipost.com\/#organization\"},\"image\":{\"@id\":\"https:\/\/velipost.com\/?p=3351#primaryimage\"},\"thumbnailUrl\":\"https:\/\/velipost.com\/wp-content\/uploads\/2025\/04\/PAPE.jpg\",\"articleSection\":[\"N\u00e9crologie\"],\"inLanguage\":\"fr-FR\",\"potentialAction\":[{\"@type\":\"CommentAction\",\"name\":\"Comment\",\"target\":[\"https:\/\/velipost.com\/?p=3351#respond\"]}]},{\"@type\":\"WebPage\",\"@id\":\"https:\/\/velipost.com\/?p=3351\",\"url\":\"https:\/\/velipost.com\/?p=3351\",\"name\":\"Le pape Fran\u00e7ois : un pontificat tourn\u00e9 vers les p\u00e9riph\u00e9ries, avec une attention particuli\u00e8re pour Ha\u00efti &#8211; VeliPost\",\"isPartOf\":{\"@id\":\"https:\/\/velipost.com\/#website\"},\"primaryImageOfPage\":{\"@id\":\"https:\/\/velipost.com\/?p=3351#primaryimage\"},\"image\":{\"@id\":\"https:\/\/velipost.com\/?p=3351#primaryimage\"},\"thumbnailUrl\":\"https:\/\/velipost.com\/wp-content\/uploads\/2025\/04\/PAPE.jpg\",\"datePublished\":\"2025-04-21T13:07:14+00:00\",\"dateModified\":\"2025-04-21T13:07:15+00:00\",\"breadcrumb\":{\"@id\":\"https:\/\/velipost.com\/?p=3351#breadcrumb\"},\"inLanguage\":\"fr-FR\",\"potentialAction\":[{\"@type\":\"ReadAction\",\"target\":[\"https:\/\/velipost.com\/?p=3351\"]}]},{\"@type\":\"ImageObject\",\"inLanguage\":\"fr-FR\",\"@id\":\"https:\/\/velipost.com\/?p=3351#primaryimage\",\"url\":\"https:\/\/velipost.com\/wp-content\/uploads\/2025\/04\/PAPE.jpg\",\"contentUrl\":\"https:\/\/velipost.com\/wp-content\/uploads\/2025\/04\/PAPE.jpg\",\"width\":1170,\"height\":603},{\"@type\":\"BreadcrumbList\",\"@id\":\"https:\/\/velipost.com\/?p=3351#breadcrumb\",\"itemListElement\":[{\"@type\":\"ListItem\",\"position\":1,\"name\":\"Accueil\",\"item\":\"https:\/\/velipost.com\/\"},{\"@type\":\"ListItem\",\"position\":2,\"name\":\"Le pape Fran\u00e7ois : un pontificat tourn\u00e9 vers les p\u00e9riph\u00e9ries, avec une attention particuli\u00e8re pour Ha\u00efti\"}]},{\"@type\":\"WebSite\",\"@id\":\"https:\/\/velipost.com\/#website\",\"url\":\"https:\/\/velipost.com\/\",\"name\":\"VeliPost\",\"description\":\"L\u2019info en un clic\",\"publisher\":{\"@id\":\"https:\/\/velipost.com\/#organization\"},\"potentialAction\":[{\"@type\":\"SearchAction\",\"target\":{\"@type\":\"EntryPoint\",\"urlTemplate\":\"https:\/\/velipost.com\/?s={search_term_string}\"},\"query-input\":{\"@type\":\"PropertyValueSpecification\",\"valueRequired\":true,\"valueName\":\"search_term_string\"}}],\"inLanguage\":\"fr-FR\"},{\"@type\":\"Organization\",\"@id\":\"https:\/\/velipost.com\/#organization\",\"name\":\"VeliPost\",\"url\":\"https:\/\/velipost.com\/\",\"logo\":{\"@type\":\"ImageObject\",\"inLanguage\":\"fr-FR\",\"@id\":\"https:\/\/velipost.com\/#\/schema\/logo\/image\/\",\"url\":\"https:\/\/velipost.com\/wp-content\/uploads\/2024\/08\/cropped-VP-logo-piti.png\",\"contentUrl\":\"https:\/\/velipost.com\/wp-content\/uploads\/2024\/08\/cropped-VP-logo-piti.png\",\"width\":201,\"height\":69,\"caption\":\"VeliPost\"},\"image\":{\"@id\":\"https:\/\/velipost.com\/#\/schema\/logo\/image\/\"},\"sameAs\":[\"https:\/\/www.facebook.com\/veliposthaiti\",\"https:\/\/x.com\/veliposthaiti\",\"https:\/\/www.instagram.com\/veliposthaiti\"]},{\"@type\":\"Person\",\"@id\":\"https:\/\/velipost.com\/#\/schema\/person\/32ff49a53c9c1bb24302ee8ece058096\",\"name\":\"VeliPost\",\"image\":{\"@type\":\"ImageObject\",\"inLanguage\":\"fr-FR\",\"@id\":\"https:\/\/velipost.com\/#\/schema\/person\/image\/\",\"url\":\"https:\/\/secure.gravatar.com\/avatar\/57c226c264de62f794185a89596d4a37b85a5ad20aca30d9d5a478b27d8c8d9d?s=96&d=mm&r=g\",\"contentUrl\":\"https:\/\/secure.gravatar.com\/avatar\/57c226c264de62f794185a89596d4a37b85a5ad20aca30d9d5a478b27d8c8d9d?s=96&d=mm&r=g\",\"caption\":\"VeliPost\"},\"sameAs\":[\"https:\/\/velipost.com\"],\"url\":\"https:\/\/velipost.com\/?author=1\"}]}<\/script>\n<!-- \/ Yoast SEO plugin. -->","yoast_head_json":{"title":"Le pape Fran\u00e7ois : un pontificat tourn\u00e9 vers les p\u00e9riph\u00e9ries, avec une attention particuli\u00e8re pour Ha\u00efti &#8211; VeliPost","robots":{"index":"index","follow":"follow","max-snippet":"max-snippet:-1","max-image-preview":"max-image-preview:large","max-video-preview":"max-video-preview:-1"},"canonical":"https:\/\/velipost.com\/?p=3351","og_locale":"fr_FR","og_type":"article","og_title":"Le pape Fran\u00e7ois : un pontificat tourn\u00e9 vers les p\u00e9riph\u00e9ries, avec une attention particuli\u00e8re pour Ha\u00efti &#8211; VeliPost","og_description":"Vatican, 21 avril 2025\u00a0\u2013 Le pape Fran\u00e7ois, de son vrai nom Jorge Mario Bergoglio, s\u2019est \u00e9teint paisiblement ce lundi de P\u00e2ques \u00e0 7h35, dans","og_url":"https:\/\/velipost.com\/?p=3351","og_site_name":"VeliPost","article_publisher":"https:\/\/www.facebook.com\/veliposthaiti","article_published_time":"2025-04-21T13:07:14+00:00","article_modified_time":"2025-04-21T13:07:15+00:00","og_image":[{"width":1170,"height":603,"url":"https:\/\/velipost.com\/wp-content\/uploads\/2025\/04\/PAPE.jpg","type":"image\/jpeg"}],"author":"VeliPost","twitter_card":"summary_large_image","twitter_creator":"@veliposthaiti","twitter_site":"@veliposthaiti","twitter_misc":{"\u00c9crit par":"VeliPost","Dur\u00e9e de lecture estim\u00e9e":"3 minutes"},"schema":{"@context":"https:\/\/schema.org","@graph":[{"@type":"Article","@id":"https:\/\/velipost.com\/?p=3351#article","isPartOf":{"@id":"https:\/\/velipost.com\/?p=3351"},"author":{"name":"VeliPost","@id":"https:\/\/velipost.com\/#\/schema\/person\/32ff49a53c9c1bb24302ee8ece058096"},"headline":"Le pape Fran\u00e7ois : un pontificat tourn\u00e9 vers les p\u00e9riph\u00e9ries, avec une attention particuli\u00e8re pour Ha\u00efti","datePublished":"2025-04-21T13:07:14+00:00","dateModified":"2025-04-21T13:07:15+00:00","mainEntityOfPage":{"@id":"https:\/\/velipost.com\/?p=3351"},"wordCount":582,"commentCount":0,"publisher":{"@id":"https:\/\/velipost.com\/#organization"},"image":{"@id":"https:\/\/velipost.com\/?p=3351#primaryimage"},"thumbnailUrl":"https:\/\/velipost.com\/wp-content\/uploads\/2025\/04\/PAPE.jpg","articleSection":["N\u00e9crologie"],"inLanguage":"fr-FR","potentialAction":[{"@type":"CommentAction","name":"Comment","target":["https:\/\/velipost.com\/?p=3351#respond"]}]},{"@type":"WebPage","@id":"https:\/\/velipost.com\/?p=3351","url":"https:\/\/velipost.com\/?p=3351","name":"Le pape Fran\u00e7ois : un pontificat tourn\u00e9 vers les p\u00e9riph\u00e9ries, avec une attention particuli\u00e8re pour Ha\u00efti &#8211; VeliPost","isPartOf":{"@id":"https:\/\/velipost.com\/#website"},"primaryImageOfPage":{"@id":"https:\/\/velipost.com\/?p=3351#primaryimage"},"image":{"@id":"https:\/\/velipost.com\/?p=3351#primaryimage"},"thumbnailUrl":"https:\/\/velipost.com\/wp-content\/uploads\/2025\/04\/PAPE.jpg","datePublished":"2025-04-21T13:07:14+00:00","dateModified":"2025-04-21T13:07:15+00:00","breadcrumb":{"@id":"https:\/\/velipost.com\/?p=3351#breadcrumb"},"inLanguage":"fr-FR","potentialAction":[{"@type":"ReadAction","target":["https:\/\/velipost.com\/?p=3351"]}]},{"@type":"ImageObject","inLanguage":"fr-FR","@id":"https:\/\/velipost.com\/?p=3351#primaryimage","url":"https:\/\/velipost.com\/wp-content\/uploads\/2025\/04\/PAPE.jpg","contentUrl":"https:\/\/velipost.com\/wp-content\/uploads\/2025\/04\/PAPE.jpg","width":1170,"height":603},{"@type":"BreadcrumbList","@id":"https:\/\/velipost.com\/?p=3351#breadcrumb","itemListElement":[{"@type":"ListItem","position":1,"name":"Accueil","item":"https:\/\/velipost.com\/"},{"@type":"ListItem","position":2,"name":"Le pape Fran\u00e7ois : un pontificat tourn\u00e9 vers les p\u00e9riph\u00e9ries, avec une attention particuli\u00e8re pour Ha\u00efti"}]},{"@type":"WebSite","@id":"https:\/\/velipost.com\/#website","url":"https:\/\/velipost.com\/","name":"VeliPost","description":"L\u2019info en un clic","publisher":{"@id":"https:\/\/velipost.com\/#organization"},"potentialAction":[{"@type":"SearchAction","target":{"@type":"EntryPoint","urlTemplate":"https:\/\/velipost.com\/?s={search_term_string}"},"query-input":{"@type":"PropertyValueSpecification","valueRequired":true,"valueName":"search_term_string"}}],"inLanguage":"fr-FR"},{"@type":"Organization","@id":"https:\/\/velipost.com\/#organization","name":"VeliPost","url":"https:\/\/velipost.com\/","logo":{"@type":"ImageObject","inLanguage":"fr-FR","@id":"https:\/\/velipost.com\/#\/schema\/logo\/image\/","url":"https:\/\/velipost.com\/wp-content\/uploads\/2024\/08\/cropped-VP-logo-piti.png","contentUrl":"https:\/\/velipost.com\/wp-content\/uploads\/2024\/08\/cropped-VP-logo-piti.png","width":201,"height":69,"caption":"VeliPost"},"image":{"@id":"https:\/\/velipost.com\/#\/schema\/logo\/image\/"},"sameAs":["https:\/\/www.facebook.com\/veliposthaiti","https:\/\/x.com\/veliposthaiti","https:\/\/www.instagram.com\/veliposthaiti"]},{"@type":"Person","@id":"https:\/\/velipost.com\/#\/schema\/person\/32ff49a53c9c1bb24302ee8ece058096","name":"VeliPost","image":{"@type":"ImageObject","inLanguage":"fr-FR","@id":"https:\/\/velipost.com\/#\/schema\/person\/image\/","url":"https:\/\/secure.gravatar.com\/avatar\/57c226c264de62f794185a89596d4a37b85a5ad20aca30d9d5a478b27d8c8d9d?s=96&d=mm&r=g","contentUrl":"https:\/\/secure.gravatar.com\/avatar\/57c226c264de62f794185a89596d4a37b85a5ad20aca30d9d5a478b27d8c8d9d?s=96&d=mm&r=g","caption":"VeliPost"},"sameAs":["https:\/\/velipost.com"],"url":"https:\/\/velipost.com\/?author=1"}]}},"views":2,"jetpack_publicize_connections":[],"uagb_featured_image_src":{"full":["https:\/\/velipost.com\/wp-content\/uploads\/2025\/04\/PAPE.jpg",1170,603,false],"thumbnail":["https:\/\/velipost.com\/wp-content\/uploads\/2025\/04\/PAPE-150x150.jpg",150,150,true],"medium":["https:\/\/velipost.com\/wp-content\/uploads\/2025\/04\/PAPE-300x155.jpg",300,155,true],"medium_large":["https:\/\/velipost.com\/wp-content\/uploads\/2025\/04\/PAPE-768x396.jpg",715,369,true],"large":["https:\/\/velipost.com\/wp-content\/uploads\/2025\/04\/PAPE-1024x528.jpg",715,369,true],"1536x1536":["https:\/\/velipost.com\/wp-content\/uploads\/2025\/04\/PAPE.jpg",1170,603,false],"2048x2048":["https:\/\/velipost.com\/wp-content\/uploads\/2025\/04\/PAPE.jpg",1170,603,false],"colornews-big-slider":["https:\/\/velipost.com\/wp-content\/uploads\/2025\/04\/PAPE-1070x470.jpg",1070,470,true],"colornews-big-slider-thumb":["https:\/\/velipost.com\/wp-content\/uploads\/2025\/04\/PAPE-184x109.jpg",184,109,true],"colornews-featured-post-medium":["https:\/\/velipost.com\/wp-content\/uploads\/2025\/04\/PAPE-345x265.jpg",345,265,true],"colornews-featured-post-small":["https:\/\/velipost.com\/wp-content\/uploads\/2025\/04\/PAPE-115x73.jpg",115,73,true],"colornews-random-posts":["https:\/\/velipost.com\/wp-content\/uploads\/2025\/04\/PAPE-215x215.jpg",215,215,true],"colornews-featured-image":["https:\/\/velipost.com\/wp-content\/uploads\/2025\/04\/PAPE-715x400.jpg",715,400,true],"mailpoet_newsletter_max":["https:\/\/velipost.com\/wp-content\/uploads\/2025\/04\/PAPE.jpg",1170,603,false]},"uagb_author_info":{"display_name":"VeliPost","author_link":"https:\/\/velipost.com\/?author=1"},"uagb_comment_info":0,"uagb_excerpt":"Vatican, 21 avril 2025\u00a0\u2013 Le pape Fran\u00e7ois, de son vrai nom Jorge Mario Bergoglio, s\u2019est \u00e9teint paisiblement ce lundi de P\u00e2ques \u00e0 7h35, dans","_links":{"self":[{"href":"https:\/\/velipost.com\/index.php?rest_route=\/wp\/v2\/posts\/3351","targetHints":{"allow":["GET"]}}],"collection":[{"href":"https:\/\/velipost.com\/index.php?rest_route=\/wp\/v2\/posts"}],"about":[{"href":"https:\/\/velipost.com\/index.php?rest_route=\/wp\/v2\/types\/post"}],"author":[{"embeddable":true,"href":"https:\/\/velipost.com\/index.php?rest_route=\/wp\/v2\/users\/1"}],"replies":[{"embeddable":true,"href":"https:\/\/velipost.com\/index.php?rest_route=%2Fwp%2Fv2%2Fcomments&post=3351"}],"version-history":[{"count":1,"href":"https:\/\/velipost.com\/index.php?rest_route=\/wp\/v2\/posts\/3351\/revisions"}],"predecessor-version":[{"id":3353,"href":"https:\/\/velipost.com\/index.php?rest_route=\/wp\/v2\/posts\/3351\/revisions\/3353"}],"wp:featuredmedia":[{"embeddable":true,"href":"https:\/\/velipost.com\/index.php?rest_route=\/wp\/v2\/media\/3352"}],"wp:attachment":[{"href":"https:\/\/velipost.com\/index.php?rest_route=%2Fwp%2Fv2%2Fmedia&parent=3351"}],"wp:term":[{"taxonomy":"category","embeddable":true,"href":"https:\/\/velipost.com\/index.php?rest_route=%2Fwp%2Fv2%2Fcategories&post=3351"},{"taxonomy":"post_tag","embeddable":true,"href":"https:\/\/velipost.com\/index.php?rest_route=%2Fwp%2Fv2%2Ftags&post=3351"}],"curies":[{"name":"wp","href":"https:\/\/api.w.org\/{rel}","templated":true}]}}