{"id":3345,"date":"2025-04-20T22:49:24","date_gmt":"2025-04-20T20:49:24","guid":{"rendered":"https:\/\/velipost.com\/?p=3345"},"modified":"2025-04-20T22:49:27","modified_gmt":"2025-04-20T20:49:27","slug":"lex-senateur-kely-bastien-sorganise-et-pose-les-bases-dun-nouveau-projet-politique","status":"publish","type":"post","link":"https:\/\/velipost.com\/?p=3345","title":{"rendered":"L\u2019ex-s\u00e9nateur Kely Bastien s\u2019organise et pose les bases d\u2019un nouveau projet politique"},"content":{"rendered":"\n<p>Ce samedi 19 mars 2025, l\u2019ancien s\u00e9nateur et pr\u00e9sident de l\u2019Assembl\u00e9e nationale, Kely C. Bastien, a r\u00e9uni divers repr\u00e9sentants, sympathisants et membres de la communaut\u00e9 capoise ainsi que du d\u00e9partement du Nord pour \u00e9laborer et valider l\u2019ensemble des documents administratifs et juridiques n\u00e9cessaires \u00e0 l\u2019obtention de la reconnaissance l\u00e9gale de son nouveau projet politique aupr\u00e8s des autorit\u00e9s ha\u00eftiennes.<\/p>\n\n\n\n<p>D\u00e9nomm\u00e9&nbsp;<strong>T\u00c8T ANSANM POUR LA JUSTICE ET LE PROGR\u00c8S D\u2019HA\u00cfTI<\/strong>, ce mouvement ambitionne de raviver l\u2019esprit d\u2019unit\u00e9 qui animait les p\u00e8res fondateurs de la nation ha\u00eftienne. Les responsables de ce projet s\u2019appuient \u00e0 la fois sur les luttes ayant conduit \u00e0 l\u2019ind\u00e9pendance nationale et sur les soul\u00e8vements populaires contre la dictature des Duvalier, qui ont permis l\u2019instauration de la d\u00e9mocratie en Ha\u00efti.<\/p>\n\n\n\n<p>Le s\u00e9nateur Bastien d\u00e9crit cette initiative comme une nouvelle page de l\u2019histoire nationale, tirant les le\u00e7ons du pass\u00e9 et refusant les querelles de clans. Le parti&nbsp;<strong>T\u00e8t Ansanm<\/strong>&nbsp;aspire \u00e0 rassembler tous les citoyens, toutes g\u00e9n\u00e9rations confondues, autour d\u2019un grand projet de reconstruction nationale, valorisant l\u2019exp\u00e9rience, le dynamisme, le courage et la d\u00e9termination de chacun.<\/p>\n\n\n\n<p>Alors que la crise ha\u00eftienne perdure et que la classe politique fait l\u2019objet de critiques constantes de la part de la population, Kely Bastien mise sur la volont\u00e9 collective pour remettre le pays sur la voie du progr\u00e8s. \u00c0 travers cette initiative, l\u2019ancien parlementaire plaide pour une alliance politique entre les forces progressistes du pays en vue d\u2019une prise de pouvoir d\u00e9mocratique, \u00e0 travers les urnes.<\/p>\n\n    <div class=\"xs_social_share_widget xs_share_url after_content \t\tmain_content  wslu-style-3 wslu-share-box-shaped wslu-fill-brand-hover-colored wslu-share-m-5 wslu-none wslu-share-horizontal wslu-theme-font-no wslu-main_content\">\n\n\t\t\n        <ul>\n\t\t\t                    <li class=\"xs-share-li twitter                        wslu-no-extra-data\">\n                        <a href=\"javascript:void(0);\"\n                           id=\"xs_feed_twitter\"\n                           onclick=\"xs_social_sharer(this);\"\n                           data-pid=\"3345\"\n                           data-uri_hash=\"93b4897fea968428b4df42d6fccf4317\"\n                           data-key=\"twitter\"\n                           data-xs-href=\"https:\/\/twitter.com\/intent\/tweet?text=L%E2%80%99ex-s%C3%A9nateur+Kely+Bastien+s%E2%80%99organise+et+pose+les+bases+d%E2%80%99un+nouveau+projet+politique+https%3A%2F%2Fvelipost.com%2Findex.php%3Frest_route%3D%252Fwp%252Fv2%252Fposts%252F3345&amp;original_referer=https%3A%2F%2Fvelipost.com%2Findex.php%3Frest_route%3D%252Fwp%252Fv2%252Fposts%252F3345&amp;related=xpeedstudio\">\n\n                            <div class=\"xs-social-icon\">\n                                <span class=\"met-social met-social-twitter\"><\/span>\n                            <\/div>\n\n\t\t\t\t\t\t\t\n                            <div class=\"wslu-hover-content\">\n                                <div class=\"xs-social-followers\">\n\t\t\t\t\t\t\t\t\t10                                <\/div>\n                                <div class=\"xs-social-follower-text\">\n\t\t\t\t\t\t\t\t\tShare                                <\/div>\n                                <div class=\"xs-social-follower-label\">\n\t\t\t\t\t\t\t\t\tTwitter                                <\/div>\n                            <\/div>\n                        <\/a>\n                    <\/li>\n\t\t\t\t\t                    <li class=\"xs-share-li telegram                        wslu-no-extra-data\">\n                        <a href=\"javascript:void(0);\"\n                           id=\"xs_feed_telegram\"\n                           onclick=\"xs_social_sharer(this);\"\n                           data-pid=\"3345\"\n                           data-uri_hash=\"93b4897fea968428b4df42d6fccf4317\"\n                           data-key=\"telegram\"\n                           data-xs-href=\"https:\/\/telegram.me\/share\/url?url=https%3A%2F%2Fvelipost.com%2Findex.php%3Frest_route%3D%252Fwp%252Fv2%252Fposts%252F3345&amp;text=L%E2%80%99ex-s%C3%A9nateur+Kely+Bastien+s%E2%80%99organise+et+pose+les+bases+d%E2%80%99un+nouveau+projet+politique\">\n\n                            <div class=\"xs-social-icon\">\n                                <span class=\"met-social met-social-telegram\"><\/span>\n                            <\/div>\n\n\t\t\t\t\t\t\t\n                            <div class=\"wslu-hover-content\">\n                                <div class=\"xs-social-followers\">\n\t\t\t\t\t\t\t\t\t0                                <\/div>\n                                <div class=\"xs-social-follower-text\">\n\t\t\t\t\t\t\t\t\tShare                                <\/div>\n                                <div class=\"xs-social-follower-label\">\n\t\t\t\t\t\t\t\t\tTelegram                                <\/div>\n                            <\/div>\n                        <\/a>\n                    <\/li>\n\t\t\t\t\t                    <li class=\"xs-share-li email                        wslu-no-extra-data\">\n                        <a href=\"javascript:void(0);\"\n                           id=\"xs_feed_email\"\n                           onclick=\"xs_social_sharer(this);\"\n                           data-pid=\"3345\"\n                           data-uri_hash=\"93b4897fea968428b4df42d6fccf4317\"\n                           data-key=\"email\"\n                           data-xs-href=\"mailto:?body=Title%3A+L%E2%80%99ex-s%C3%A9nateur+Kely+Bastien+s%E2%80%99organise+et+pose+les+bases+d%E2%80%99un+nouveau+projet+politique+%5Cn%5Cn+URL%3A+https%3A%2F%2Fvelipost.com%2Findex.php%3Frest_route%3D%252Fwp%252Fv2%252Fposts%252F3345&amp;subject=L%E2%80%99ex-s%C3%A9nateur+Kely+Bastien+s%E2%80%99organise+et+pose+les+bases+d%E2%80%99un+nouveau+projet+politique\">\n\n                            <div class=\"xs-social-icon\">\n                                <span class=\"met-social met-social-email\"><\/span>\n                            <\/div>\n\n\t\t\t\t\t\t\t\n                            <div class=\"wslu-hover-content\">\n                                <div class=\"xs-social-followers\">\n\t\t\t\t\t\t\t\t\t0                                <\/div>\n                                <div class=\"xs-social-follower-text\">\n\t\t\t\t\t\t\t\t\tShare                                <\/div>\n                                <div class=\"xs-social-follower-label\">\n\t\t\t\t\t\t\t\t\tEmail                                <\/div>\n                            <\/div>\n                        <\/a>\n                    <\/li>\n\t\t\t\t\t        <\/ul>\n    <\/div> \n","protected":false},"excerpt":{"rendered":"<p>Ce samedi 19 mars 2025, l\u2019ancien s\u00e9nateur et pr\u00e9sident de l\u2019Assembl\u00e9e nationale, Kely C. Bastien, a r\u00e9uni divers repr\u00e9sentants, sympathisants et membres de la<\/p>\n","protected":false},"author":1,"featured_media":3346,"comment_status":"open","ping_status":"open","sticky":false,"template":"","format":"standard","meta":{"_uag_custom_page_level_css":"","footnotes":"","jetpack_publicize_message":"","jetpack_publicize_feature_enabled":true,"jetpack_social_post_already_shared":false,"jetpack_social_options":{"image_generator_settings":{"template":"highway","default_image_id":0,"font":"","enabled":false},"version":2}},"categories":[115],"tags":[],"class_list":["post-3345","post","type-post","status-publish","format-standard","has-post-thumbnail","hentry","category-politique"],"yoast_head":"<!-- This site is optimized with the Yoast SEO plugin v25.3.1 - https:\/\/yoast.com\/wordpress\/plugins\/seo\/ -->\n<title>L\u2019ex-s\u00e9nateur Kely Bastien s\u2019organise et pose les bases d\u2019un nouveau projet politique &#8211; VeliPost<\/title>\n<meta name=\"robots\" content=\"index, follow, max-snippet:-1, max-image-preview:large, max-video-preview:-1\" \/>\n<link rel=\"canonical\" href=\"https:\/\/velipost.com\/?p=3345\" \/>\n<meta property=\"og:locale\" content=\"fr_FR\" \/>\n<meta property=\"og:type\" content=\"article\" \/>\n<meta property=\"og:title\" content=\"L\u2019ex-s\u00e9nateur Kely Bastien s\u2019organise et pose les bases d\u2019un nouveau projet politique &#8211; VeliPost\" \/>\n<meta property=\"og:description\" content=\"Ce samedi 19 mars 2025, l\u2019ancien s\u00e9nateur et pr\u00e9sident de l\u2019Assembl\u00e9e nationale, Kely C. Bastien, a r\u00e9uni divers repr\u00e9sentants, sympathisants et membres de la\" \/>\n<meta property=\"og:url\" content=\"https:\/\/velipost.com\/?p=3345\" \/>\n<meta property=\"og:site_name\" content=\"VeliPost\" \/>\n<meta property=\"article:publisher\" content=\"https:\/\/www.facebook.com\/veliposthaiti\" \/>\n<meta property=\"article:published_time\" content=\"2025-04-20T20:49:24+00:00\" \/>\n<meta property=\"article:modified_time\" content=\"2025-04-20T20:49:27+00:00\" \/>\n<meta property=\"og:image\" content=\"https:\/\/velipost.com\/wp-content\/uploads\/2025\/04\/tet-ansanm.jpg\" \/>\n\t<meta property=\"og:image:width\" content=\"1170\" \/>\n\t<meta property=\"og:image:height\" content=\"603\" \/>\n\t<meta property=\"og:image:type\" content=\"image\/jpeg\" \/>\n<meta name=\"author\" content=\"VeliPost\" \/>\n<meta name=\"twitter:card\" content=\"summary_large_image\" \/>\n<meta name=\"twitter:creator\" content=\"@veliposthaiti\" \/>\n<meta name=\"twitter:site\" content=\"@veliposthaiti\" \/>\n<meta name=\"twitter:label1\" content=\"\u00c9crit par\" \/>\n\t<meta name=\"twitter:data1\" content=\"VeliPost\" \/>\n\t<meta name=\"twitter:label2\" content=\"Dur\u00e9e de lecture estim\u00e9e\" \/>\n\t<meta name=\"twitter:data2\" content=\"2 minutes\" \/>\n<script type=\"application\/ld+json\" class=\"yoast-schema-graph\">{\"@context\":\"https:\/\/schema.org\",\"@graph\":[{\"@type\":\"Article\",\"@id\":\"https:\/\/velipost.com\/?p=3345#article\",\"isPartOf\":{\"@id\":\"https:\/\/velipost.com\/?p=3345\"},\"author\":{\"name\":\"VeliPost\",\"@id\":\"https:\/\/velipost.com\/#\/schema\/person\/32ff49a53c9c1bb24302ee8ece058096\"},\"headline\":\"L\u2019ex-s\u00e9nateur Kely Bastien s\u2019organise et pose les bases d\u2019un nouveau projet politique\",\"datePublished\":\"2025-04-20T20:49:24+00:00\",\"dateModified\":\"2025-04-20T20:49:27+00:00\",\"mainEntityOfPage\":{\"@id\":\"https:\/\/velipost.com\/?p=3345\"},\"wordCount\":300,\"commentCount\":0,\"publisher\":{\"@id\":\"https:\/\/velipost.com\/#organization\"},\"image\":{\"@id\":\"https:\/\/velipost.com\/?p=3345#primaryimage\"},\"thumbnailUrl\":\"https:\/\/velipost.com\/wp-content\/uploads\/2025\/04\/tet-ansanm.jpg\",\"articleSection\":[\"Politique\"],\"inLanguage\":\"fr-FR\",\"potentialAction\":[{\"@type\":\"CommentAction\",\"name\":\"Comment\",\"target\":[\"https:\/\/velipost.com\/?p=3345#respond\"]}]},{\"@type\":\"WebPage\",\"@id\":\"https:\/\/velipost.com\/?p=3345\",\"url\":\"https:\/\/velipost.com\/?p=3345\",\"name\":\"L\u2019ex-s\u00e9nateur Kely Bastien s\u2019organise et pose les bases d\u2019un nouveau projet politique &#8211; VeliPost\",\"isPartOf\":{\"@id\":\"https:\/\/velipost.com\/#website\"},\"primaryImageOfPage\":{\"@id\":\"https:\/\/velipost.com\/?p=3345#primaryimage\"},\"image\":{\"@id\":\"https:\/\/velipost.com\/?p=3345#primaryimage\"},\"thumbnailUrl\":\"https:\/\/velipost.com\/wp-content\/uploads\/2025\/04\/tet-ansanm.jpg\",\"datePublished\":\"2025-04-20T20:49:24+00:00\",\"dateModified\":\"2025-04-20T20:49:27+00:00\",\"breadcrumb\":{\"@id\":\"https:\/\/velipost.com\/?p=3345#breadcrumb\"},\"inLanguage\":\"fr-FR\",\"potentialAction\":[{\"@type\":\"ReadAction\",\"target\":[\"https:\/\/velipost.com\/?p=3345\"]}]},{\"@type\":\"ImageObject\",\"inLanguage\":\"fr-FR\",\"@id\":\"https:\/\/velipost.com\/?p=3345#primaryimage\",\"url\":\"https:\/\/velipost.com\/wp-content\/uploads\/2025\/04\/tet-ansanm.jpg\",\"contentUrl\":\"https:\/\/velipost.com\/wp-content\/uploads\/2025\/04\/tet-ansanm.jpg\",\"width\":1170,\"height\":603},{\"@type\":\"BreadcrumbList\",\"@id\":\"https:\/\/velipost.com\/?p=3345#breadcrumb\",\"itemListElement\":[{\"@type\":\"ListItem\",\"position\":1,\"name\":\"Accueil\",\"item\":\"https:\/\/velipost.com\/\"},{\"@type\":\"ListItem\",\"position\":2,\"name\":\"L\u2019ex-s\u00e9nateur Kely Bastien s\u2019organise et pose les bases d\u2019un nouveau projet politique\"}]},{\"@type\":\"WebSite\",\"@id\":\"https:\/\/velipost.com\/#website\",\"url\":\"https:\/\/velipost.com\/\",\"name\":\"VeliPost\",\"description\":\"L\u2019info en un clic\",\"publisher\":{\"@id\":\"https:\/\/velipost.com\/#organization\"},\"potentialAction\":[{\"@type\":\"SearchAction\",\"target\":{\"@type\":\"EntryPoint\",\"urlTemplate\":\"https:\/\/velipost.com\/?s={search_term_string}\"},\"query-input\":{\"@type\":\"PropertyValueSpecification\",\"valueRequired\":true,\"valueName\":\"search_term_string\"}}],\"inLanguage\":\"fr-FR\"},{\"@type\":\"Organization\",\"@id\":\"https:\/\/velipost.com\/#organization\",\"name\":\"VeliPost\",\"url\":\"https:\/\/velipost.com\/\",\"logo\":{\"@type\":\"ImageObject\",\"inLanguage\":\"fr-FR\",\"@id\":\"https:\/\/velipost.com\/#\/schema\/logo\/image\/\",\"url\":\"https:\/\/velipost.com\/wp-content\/uploads\/2024\/08\/cropped-VP-logo-piti.png\",\"contentUrl\":\"https:\/\/velipost.com\/wp-content\/uploads\/2024\/08\/cropped-VP-logo-piti.png\",\"width\":201,\"height\":69,\"caption\":\"VeliPost\"},\"image\":{\"@id\":\"https:\/\/velipost.com\/#\/schema\/logo\/image\/\"},\"sameAs\":[\"https:\/\/www.facebook.com\/veliposthaiti\",\"https:\/\/x.com\/veliposthaiti\",\"https:\/\/www.instagram.com\/veliposthaiti\"]},{\"@type\":\"Person\",\"@id\":\"https:\/\/velipost.com\/#\/schema\/person\/32ff49a53c9c1bb24302ee8ece058096\",\"name\":\"VeliPost\",\"image\":{\"@type\":\"ImageObject\",\"inLanguage\":\"fr-FR\",\"@id\":\"https:\/\/velipost.com\/#\/schema\/person\/image\/\",\"url\":\"https:\/\/secure.gravatar.com\/avatar\/57c226c264de62f794185a89596d4a37b85a5ad20aca30d9d5a478b27d8c8d9d?s=96&d=mm&r=g\",\"contentUrl\":\"https:\/\/secure.gravatar.com\/avatar\/57c226c264de62f794185a89596d4a37b85a5ad20aca30d9d5a478b27d8c8d9d?s=96&d=mm&r=g\",\"caption\":\"VeliPost\"},\"sameAs\":[\"https:\/\/velipost.com\"],\"url\":\"https:\/\/velipost.com\/?author=1\"}]}<\/script>\n<!-- \/ Yoast SEO plugin. -->","yoast_head_json":{"title":"L\u2019ex-s\u00e9nateur Kely Bastien s\u2019organise et pose les bases d\u2019un nouveau projet politique &#8211; VeliPost","robots":{"index":"index","follow":"follow","max-snippet":"max-snippet:-1","max-image-preview":"max-image-preview:large","max-video-preview":"max-video-preview:-1"},"canonical":"https:\/\/velipost.com\/?p=3345","og_locale":"fr_FR","og_type":"article","og_title":"L\u2019ex-s\u00e9nateur Kely Bastien s\u2019organise et pose les bases d\u2019un nouveau projet politique &#8211; VeliPost","og_description":"Ce samedi 19 mars 2025, l\u2019ancien s\u00e9nateur et pr\u00e9sident de l\u2019Assembl\u00e9e nationale, Kely C. Bastien, a r\u00e9uni divers repr\u00e9sentants, sympathisants et membres de la","og_url":"https:\/\/velipost.com\/?p=3345","og_site_name":"VeliPost","article_publisher":"https:\/\/www.facebook.com\/veliposthaiti","article_published_time":"2025-04-20T20:49:24+00:00","article_modified_time":"2025-04-20T20:49:27+00:00","og_image":[{"width":1170,"height":603,"url":"https:\/\/velipost.com\/wp-content\/uploads\/2025\/04\/tet-ansanm.jpg","type":"image\/jpeg"}],"author":"VeliPost","twitter_card":"summary_large_image","twitter_creator":"@veliposthaiti","twitter_site":"@veliposthaiti","twitter_misc":{"\u00c9crit par":"VeliPost","Dur\u00e9e de lecture estim\u00e9e":"2 minutes"},"schema":{"@context":"https:\/\/schema.org","@graph":[{"@type":"Article","@id":"https:\/\/velipost.com\/?p=3345#article","isPartOf":{"@id":"https:\/\/velipost.com\/?p=3345"},"author":{"name":"VeliPost","@id":"https:\/\/velipost.com\/#\/schema\/person\/32ff49a53c9c1bb24302ee8ece058096"},"headline":"L\u2019ex-s\u00e9nateur Kely Bastien s\u2019organise et pose les bases d\u2019un nouveau projet politique","datePublished":"2025-04-20T20:49:24+00:00","dateModified":"2025-04-20T20:49:27+00:00","mainEntityOfPage":{"@id":"https:\/\/velipost.com\/?p=3345"},"wordCount":300,"commentCount":0,"publisher":{"@id":"https:\/\/velipost.com\/#organization"},"image":{"@id":"https:\/\/velipost.com\/?p=3345#primaryimage"},"thumbnailUrl":"https:\/\/velipost.com\/wp-content\/uploads\/2025\/04\/tet-ansanm.jpg","articleSection":["Politique"],"inLanguage":"fr-FR","potentialAction":[{"@type":"CommentAction","name":"Comment","target":["https:\/\/velipost.com\/?p=3345#respond"]}]},{"@type":"WebPage","@id":"https:\/\/velipost.com\/?p=3345","url":"https:\/\/velipost.com\/?p=3345","name":"L\u2019ex-s\u00e9nateur Kely Bastien s\u2019organise et pose les bases d\u2019un nouveau projet politique &#8211; VeliPost","isPartOf":{"@id":"https:\/\/velipost.com\/#website"},"primaryImageOfPage":{"@id":"https:\/\/velipost.com\/?p=3345#primaryimage"},"image":{"@id":"https:\/\/velipost.com\/?p=3345#primaryimage"},"thumbnailUrl":"https:\/\/velipost.com\/wp-content\/uploads\/2025\/04\/tet-ansanm.jpg","datePublished":"2025-04-20T20:49:24+00:00","dateModified":"2025-04-20T20:49:27+00:00","breadcrumb":{"@id":"https:\/\/velipost.com\/?p=3345#breadcrumb"},"inLanguage":"fr-FR","potentialAction":[{"@type":"ReadAction","target":["https:\/\/velipost.com\/?p=3345"]}]},{"@type":"ImageObject","inLanguage":"fr-FR","@id":"https:\/\/velipost.com\/?p=3345#primaryimage","url":"https:\/\/velipost.com\/wp-content\/uploads\/2025\/04\/tet-ansanm.jpg","contentUrl":"https:\/\/velipost.com\/wp-content\/uploads\/2025\/04\/tet-ansanm.jpg","width":1170,"height":603},{"@type":"BreadcrumbList","@id":"https:\/\/velipost.com\/?p=3345#breadcrumb","itemListElement":[{"@type":"ListItem","position":1,"name":"Accueil","item":"https:\/\/velipost.com\/"},{"@type":"ListItem","position":2,"name":"L\u2019ex-s\u00e9nateur Kely Bastien s\u2019organise et pose les bases d\u2019un nouveau projet politique"}]},{"@type":"WebSite","@id":"https:\/\/velipost.com\/#website","url":"https:\/\/velipost.com\/","name":"VeliPost","description":"L\u2019info en un clic","publisher":{"@id":"https:\/\/velipost.com\/#organization"},"potentialAction":[{"@type":"SearchAction","target":{"@type":"EntryPoint","urlTemplate":"https:\/\/velipost.com\/?s={search_term_string}"},"query-input":{"@type":"PropertyValueSpecification","valueRequired":true,"valueName":"search_term_string"}}],"inLanguage":"fr-FR"},{"@type":"Organization","@id":"https:\/\/velipost.com\/#organization","name":"VeliPost","url":"https:\/\/velipost.com\/","logo":{"@type":"ImageObject","inLanguage":"fr-FR","@id":"https:\/\/velipost.com\/#\/schema\/logo\/image\/","url":"https:\/\/velipost.com\/wp-content\/uploads\/2024\/08\/cropped-VP-logo-piti.png","contentUrl":"https:\/\/velipost.com\/wp-content\/uploads\/2024\/08\/cropped-VP-logo-piti.png","width":201,"height":69,"caption":"VeliPost"},"image":{"@id":"https:\/\/velipost.com\/#\/schema\/logo\/image\/"},"sameAs":["https:\/\/www.facebook.com\/veliposthaiti","https:\/\/x.com\/veliposthaiti","https:\/\/www.instagram.com\/veliposthaiti"]},{"@type":"Person","@id":"https:\/\/velipost.com\/#\/schema\/person\/32ff49a53c9c1bb24302ee8ece058096","name":"VeliPost","image":{"@type":"ImageObject","inLanguage":"fr-FR","@id":"https:\/\/velipost.com\/#\/schema\/person\/image\/","url":"https:\/\/secure.gravatar.com\/avatar\/57c226c264de62f794185a89596d4a37b85a5ad20aca30d9d5a478b27d8c8d9d?s=96&d=mm&r=g","contentUrl":"https:\/\/secure.gravatar.com\/avatar\/57c226c264de62f794185a89596d4a37b85a5ad20aca30d9d5a478b27d8c8d9d?s=96&d=mm&r=g","caption":"VeliPost"},"sameAs":["https:\/\/velipost.com"],"url":"https:\/\/velipost.com\/?author=1"}]}},"views":2,"jetpack_publicize_connections":[],"uagb_featured_image_src":{"full":["https:\/\/velipost.com\/wp-content\/uploads\/2025\/04\/tet-ansanm.jpg",1170,603,false],"thumbnail":["https:\/\/velipost.com\/wp-content\/uploads\/2025\/04\/tet-ansanm-150x150.jpg",150,150,true],"medium":["https:\/\/velipost.com\/wp-content\/uploads\/2025\/04\/tet-ansanm-300x155.jpg",300,155,true],"medium_large":["https:\/\/velipost.com\/wp-content\/uploads\/2025\/04\/tet-ansanm-768x396.jpg",715,369,true],"large":["https:\/\/velipost.com\/wp-content\/uploads\/2025\/04\/tet-ansanm-1024x528.jpg",715,369,true],"1536x1536":["https:\/\/velipost.com\/wp-content\/uploads\/2025\/04\/tet-ansanm.jpg",1170,603,false],"2048x2048":["https:\/\/velipost.com\/wp-content\/uploads\/2025\/04\/tet-ansanm.jpg",1170,603,false],"colornews-big-slider":["https:\/\/velipost.com\/wp-content\/uploads\/2025\/04\/tet-ansanm-1070x470.jpg",1070,470,true],"colornews-big-slider-thumb":["https:\/\/velipost.com\/wp-content\/uploads\/2025\/04\/tet-ansanm-184x109.jpg",184,109,true],"colornews-featured-post-medium":["https:\/\/velipost.com\/wp-content\/uploads\/2025\/04\/tet-ansanm-345x265.jpg",345,265,true],"colornews-featured-post-small":["https:\/\/velipost.com\/wp-content\/uploads\/2025\/04\/tet-ansanm-115x73.jpg",115,73,true],"colornews-random-posts":["https:\/\/velipost.com\/wp-content\/uploads\/2025\/04\/tet-ansanm-215x215.jpg",215,215,true],"colornews-featured-image":["https:\/\/velipost.com\/wp-content\/uploads\/2025\/04\/tet-ansanm-715x400.jpg",715,400,true],"mailpoet_newsletter_max":["https:\/\/velipost.com\/wp-content\/uploads\/2025\/04\/tet-ansanm.jpg",1170,603,false]},"uagb_author_info":{"display_name":"VeliPost","author_link":"https:\/\/velipost.com\/?author=1"},"uagb_comment_info":0,"uagb_excerpt":"Ce samedi 19 mars 2025, l\u2019ancien s\u00e9nateur et pr\u00e9sident de l\u2019Assembl\u00e9e nationale, Kely C. Bastien, a r\u00e9uni divers repr\u00e9sentants, sympathisants et membres de la","_links":{"self":[{"href":"https:\/\/velipost.com\/index.php?rest_route=\/wp\/v2\/posts\/3345","targetHints":{"allow":["GET"]}}],"collection":[{"href":"https:\/\/velipost.com\/index.php?rest_route=\/wp\/v2\/posts"}],"about":[{"href":"https:\/\/velipost.com\/index.php?rest_route=\/wp\/v2\/types\/post"}],"author":[{"embeddable":true,"href":"https:\/\/velipost.com\/index.php?rest_route=\/wp\/v2\/users\/1"}],"replies":[{"embeddable":true,"href":"https:\/\/velipost.com\/index.php?rest_route=%2Fwp%2Fv2%2Fcomments&post=3345"}],"version-history":[{"count":1,"href":"https:\/\/velipost.com\/index.php?rest_route=\/wp\/v2\/posts\/3345\/revisions"}],"predecessor-version":[{"id":3347,"href":"https:\/\/velipost.com\/index.php?rest_route=\/wp\/v2\/posts\/3345\/revisions\/3347"}],"wp:featuredmedia":[{"embeddable":true,"href":"https:\/\/velipost.com\/index.php?rest_route=\/wp\/v2\/media\/3346"}],"wp:attachment":[{"href":"https:\/\/velipost.com\/index.php?rest_route=%2Fwp%2Fv2%2Fmedia&parent=3345"}],"wp:term":[{"taxonomy":"category","embeddable":true,"href":"https:\/\/velipost.com\/index.php?rest_route=%2Fwp%2Fv2%2Fcategories&post=3345"},{"taxonomy":"post_tag","embeddable":true,"href":"https:\/\/velipost.com\/index.php?rest_route=%2Fwp%2Fv2%2Ftags&post=3345"}],"curies":[{"name":"wp","href":"https:\/\/api.w.org\/{rel}","templated":true}]}}