{"id":3339,"date":"2025-04-18T00:38:07","date_gmt":"2025-04-17T22:38:07","guid":{"rendered":"https:\/\/velipost.com\/?p=3339"},"modified":"2025-04-18T00:38:09","modified_gmt":"2025-04-17T22:38:09","slug":"haiti-commemore-les-200-ans-de-la-reconnaissance-de-son-independance-par-la-france-le-cpt-exige-restitution-et-reparation","status":"publish","type":"post","link":"https:\/\/velipost.com\/?p=3339","title":{"rendered":"Ha\u00efti comm\u00e9more les 200 ans de la reconnaissance de son Ind\u00e9pendance par la France : Le CPT exige restitution et r\u00e9paration"},"content":{"rendered":"\n<p>Port-au-Prince, 17 avril 2025\u00a0\u2013 Deux si\u00e8cles apr\u00e8s la c\u00e9l\u00e8bre ordonnance du roi Charles X reconnaissant l\u2019Ind\u00e9pendance d\u2019Ha\u00efti, le Conseil Pr\u00e9sidentiel de Transition (CPT) a marqu\u00e9 cette date historique par une c\u00e9r\u00e9monie solennelle \u00e0 la Villa d\u2019Accueil. Cette ordonnance, publi\u00e9e le 17 avril 1825, bien qu\u2019elle ait officialis\u00e9 la souverainet\u00e9 du premier \u00c9tat noir libre du monde, a impos\u00e9 \u00e0 Ha\u00efti une ran\u00e7on inique de 150 millions de francs-or \u2013 un fardeau \u00e9conomique qui a hypoth\u00e9qu\u00e9 son avenir pendant plus d\u2019un si\u00e8cle.<\/p>\n\n\n\n<p>Autour du Pr\u00e9sident du CPT, S.E.M. Fritz Alphonse Jean, plusieurs hautes personnalit\u00e9s \u00e9taient pr\u00e9sentes : le Premier ministre Alix Didier Fils Aim\u00e9, les membres du gouvernement, le lieutenant-g\u00e9n\u00e9ral Derby Guerrier, chef des Forces Arm\u00e9es d\u2019Ha\u00efti, le DG a.i. de la PNH Rameau Normil, ainsi que le recteur de l\u2019UEH, Dieuseul Pr\u00e9d\u00e9lus.<\/p>\n\n\n\n<p>Dans son discours, le pr\u00e9sident Jean a rappel\u00e9 les douloureuses conditions dans lesquelles la France a reconnu Ha\u00efti, soulignant que cette \u201creconnaissance\u201d \u00e9tait en r\u00e9alit\u00e9 une punition inflig\u00e9e \u00e0 un peuple qui avait os\u00e9 briser les cha\u00eenes de l\u2019esclavage. Il a aussi \u00e9voqu\u00e9 le rapport du pr\u00e9sident Emmanuel Macron appelant \u00e0 renforcer la coop\u00e9ration franco-ha\u00eftienne, tout en insistant sur la n\u00e9cessit\u00e9 d\u2019ancrer ces relations dans la justice et la v\u00e9rit\u00e9 historique.<\/p>\n\n\n\n<p>Le conseiller-pr\u00e9sident Leslie Voltaire a, quant \u00e0 lui, lanc\u00e9 un appel fort \u00e0 la communaut\u00e9 internationale pour r\u00e9clamer\u00a0la restitution de la ran\u00e7on\u00a0et\u00a0des r\u00e9parations\u00a0dues \u00e0 Ha\u00efti pour les si\u00e8cles d\u2019esclavage et les cons\u00e9quences de cette dette impos\u00e9e. Il a invit\u00e9 les Ha\u00eftiens, de l\u2019int\u00e9rieur comme de la diaspora, \u00e0 s\u2019unir autour de cette cause.<\/p>\n\n\n\n<p>En cl\u00f4ture, le secr\u00e9taire g\u00e9n\u00e9ral du Conseil des ministres, Odilien Charles, a annonc\u00e9 la\u00a0cr\u00e9ation du Comit\u00e9 national ha\u00eftien de restitution et de r\u00e9paration, compos\u00e9 de 21 membres, plac\u00e9 sous l\u2019\u00e9gide du rectorat de l\u2019UEH et du minist\u00e8re des Affaires \u00e9trang\u00e8res. Il a \u00e9galement officialis\u00e9 la nomination de Mme\u00a0Gusti-Klara Gaillard\u00a0au sein du\u00a0Comit\u00e9 mixte franco-ha\u00eftien sur la dette.<\/p>\n\n\n\n<p>Cette comm\u00e9moration du bicentenaire marque un tournant symbolique dans la qu\u00eate ha\u00eftienne de justice historique et d\u2019indemnisation. Le CPT affirme sa d\u00e9termination \u00e0 poursuivre le dialogue avec la France, dans un esprit de respect, de m\u00e9moire et de r\u00e9paration.<\/p>\n\n    <div class=\"xs_social_share_widget xs_share_url after_content \t\tmain_content  wslu-style-3 wslu-share-box-shaped wslu-fill-brand-hover-colored wslu-share-m-5 wslu-none wslu-share-horizontal wslu-theme-font-no wslu-main_content\">\n\n\t\t\n        <ul>\n\t\t\t                    <li class=\"xs-share-li twitter                        wslu-no-extra-data\">\n                        <a href=\"javascript:void(0);\"\n                           id=\"xs_feed_twitter\"\n                           onclick=\"xs_social_sharer(this);\"\n                           data-pid=\"3339\"\n                           data-uri_hash=\"0351c7f0d3c59e6de0a074a8e6a7ddaa\"\n                           data-key=\"twitter\"\n                           data-xs-href=\"https:\/\/twitter.com\/intent\/tweet?text=Ha%C3%AFti+comm%C3%A9more+les+200+ans+de+la+reconnaissance+de+son+Ind%C3%A9pendance+par+la+France+%3A+Le+CPT+exige+restitution+et+r%C3%A9paration+https%3A%2F%2Fvelipost.com%2Findex.php%3Frest_route%3D%252Fwp%252Fv2%252Fposts%252F3339&amp;original_referer=https%3A%2F%2Fvelipost.com%2Findex.php%3Frest_route%3D%252Fwp%252Fv2%252Fposts%252F3339&amp;related=xpeedstudio\">\n\n                            <div class=\"xs-social-icon\">\n                                <span class=\"met-social met-social-twitter\"><\/span>\n                            <\/div>\n\n\t\t\t\t\t\t\t\n                            <div class=\"wslu-hover-content\">\n                                <div class=\"xs-social-followers\">\n\t\t\t\t\t\t\t\t\t10                                <\/div>\n                                <div class=\"xs-social-follower-text\">\n\t\t\t\t\t\t\t\t\tShare                                <\/div>\n                                <div class=\"xs-social-follower-label\">\n\t\t\t\t\t\t\t\t\tTwitter                                <\/div>\n                            <\/div>\n                        <\/a>\n                    <\/li>\n\t\t\t\t\t                    <li class=\"xs-share-li telegram                        wslu-no-extra-data\">\n                        <a href=\"javascript:void(0);\"\n                           id=\"xs_feed_telegram\"\n                           onclick=\"xs_social_sharer(this);\"\n                           data-pid=\"3339\"\n                           data-uri_hash=\"0351c7f0d3c59e6de0a074a8e6a7ddaa\"\n                           data-key=\"telegram\"\n                           data-xs-href=\"https:\/\/telegram.me\/share\/url?url=https%3A%2F%2Fvelipost.com%2Findex.php%3Frest_route%3D%252Fwp%252Fv2%252Fposts%252F3339&amp;text=Ha%C3%AFti+comm%C3%A9more+les+200+ans+de+la+reconnaissance+de+son+Ind%C3%A9pendance+par+la+France+%3A+Le+CPT+exige+restitution+et+r%C3%A9paration\">\n\n                            <div class=\"xs-social-icon\">\n                                <span class=\"met-social met-social-telegram\"><\/span>\n                            <\/div>\n\n\t\t\t\t\t\t\t\n                            <div class=\"wslu-hover-content\">\n                                <div class=\"xs-social-followers\">\n\t\t\t\t\t\t\t\t\t0                                <\/div>\n                                <div class=\"xs-social-follower-text\">\n\t\t\t\t\t\t\t\t\tShare                                <\/div>\n                                <div class=\"xs-social-follower-label\">\n\t\t\t\t\t\t\t\t\tTelegram                                <\/div>\n                            <\/div>\n                        <\/a>\n                    <\/li>\n\t\t\t\t\t                    <li class=\"xs-share-li email                        wslu-no-extra-data\">\n                        <a href=\"javascript:void(0);\"\n                           id=\"xs_feed_email\"\n                           onclick=\"xs_social_sharer(this);\"\n                           data-pid=\"3339\"\n                           data-uri_hash=\"0351c7f0d3c59e6de0a074a8e6a7ddaa\"\n                           data-key=\"email\"\n                           data-xs-href=\"mailto:?body=Title%3A+Ha%C3%AFti+comm%C3%A9more+les+200+ans+de+la+reconnaissance+de+son+Ind%C3%A9pendance+par+la+France+%3A+Le+CPT+exige+restitution+et+r%C3%A9paration+%5Cn%5Cn+URL%3A+https%3A%2F%2Fvelipost.com%2Findex.php%3Frest_route%3D%252Fwp%252Fv2%252Fposts%252F3339&amp;subject=Ha%C3%AFti+comm%C3%A9more+les+200+ans+de+la+reconnaissance+de+son+Ind%C3%A9pendance+par+la+France+%3A+Le+CPT+exige+restitution+et+r%C3%A9paration\">\n\n                            <div class=\"xs-social-icon\">\n                                <span class=\"met-social met-social-email\"><\/span>\n                            <\/div>\n\n\t\t\t\t\t\t\t\n                            <div class=\"wslu-hover-content\">\n                                <div class=\"xs-social-followers\">\n\t\t\t\t\t\t\t\t\t0                                <\/div>\n                                <div class=\"xs-social-follower-text\">\n\t\t\t\t\t\t\t\t\tShare                                <\/div>\n                                <div class=\"xs-social-follower-label\">\n\t\t\t\t\t\t\t\t\tEmail                                <\/div>\n                            <\/div>\n                        <\/a>\n                    <\/li>\n\t\t\t\t\t        <\/ul>\n    <\/div> \n","protected":false},"excerpt":{"rendered":"<p>Port-au-Prince, 17 avril 2025\u00a0\u2013 Deux si\u00e8cles apr\u00e8s la c\u00e9l\u00e8bre ordonnance du roi Charles X reconnaissant l\u2019Ind\u00e9pendance d\u2019Ha\u00efti, le Conseil Pr\u00e9sidentiel de Transition (CPT) a<\/p>\n","protected":false},"author":1,"featured_media":3340,"comment_status":"open","ping_status":"open","sticky":false,"template":"","format":"standard","meta":{"_uag_custom_page_level_css":"","footnotes":"","jetpack_publicize_message":"","jetpack_publicize_feature_enabled":true,"jetpack_social_post_already_shared":false,"jetpack_social_options":{"image_generator_settings":{"template":"highway","default_image_id":0,"font":"","enabled":false},"version":2}},"categories":[94,256],"tags":[],"class_list":["post-3339","post","type-post","status-publish","format-standard","has-post-thumbnail","hentry","category-a-la-une","category-histoire"],"yoast_head":"<!-- This site is optimized with the Yoast SEO plugin v25.3.1 - https:\/\/yoast.com\/wordpress\/plugins\/seo\/ -->\n<title>Ha\u00efti comm\u00e9more les 200 ans de la reconnaissance de son Ind\u00e9pendance par la France : Le CPT exige restitution et r\u00e9paration &#8211; VeliPost<\/title>\n<meta name=\"robots\" content=\"index, follow, max-snippet:-1, max-image-preview:large, max-video-preview:-1\" \/>\n<link rel=\"canonical\" href=\"https:\/\/velipost.com\/?p=3339\" \/>\n<meta property=\"og:locale\" content=\"fr_FR\" \/>\n<meta property=\"og:type\" content=\"article\" \/>\n<meta property=\"og:title\" content=\"Ha\u00efti comm\u00e9more les 200 ans de la reconnaissance de son Ind\u00e9pendance par la France : Le CPT exige restitution et r\u00e9paration &#8211; VeliPost\" \/>\n<meta property=\"og:description\" content=\"Port-au-Prince, 17 avril 2025\u00a0\u2013 Deux si\u00e8cles apr\u00e8s la c\u00e9l\u00e8bre ordonnance du roi Charles X reconnaissant l\u2019Ind\u00e9pendance d\u2019Ha\u00efti, le Conseil Pr\u00e9sidentiel de Transition (CPT) a\" \/>\n<meta property=\"og:url\" content=\"https:\/\/velipost.com\/?p=3339\" \/>\n<meta property=\"og:site_name\" content=\"VeliPost\" \/>\n<meta property=\"article:publisher\" content=\"https:\/\/www.facebook.com\/veliposthaiti\" \/>\n<meta property=\"article:published_time\" content=\"2025-04-17T22:38:07+00:00\" \/>\n<meta property=\"article:modified_time\" content=\"2025-04-17T22:38:09+00:00\" \/>\n<meta property=\"og:image\" content=\"https:\/\/velipost.com\/wp-content\/uploads\/2025\/04\/cptrancon.jpg\" \/>\n\t<meta property=\"og:image:width\" content=\"1170\" \/>\n\t<meta property=\"og:image:height\" content=\"603\" \/>\n\t<meta property=\"og:image:type\" content=\"image\/jpeg\" \/>\n<meta name=\"author\" content=\"VeliPost\" \/>\n<meta name=\"twitter:card\" content=\"summary_large_image\" \/>\n<meta name=\"twitter:creator\" content=\"@veliposthaiti\" \/>\n<meta name=\"twitter:site\" content=\"@veliposthaiti\" \/>\n<meta name=\"twitter:label1\" content=\"\u00c9crit par\" \/>\n\t<meta name=\"twitter:data1\" content=\"VeliPost\" \/>\n\t<meta name=\"twitter:label2\" content=\"Dur\u00e9e de lecture estim\u00e9e\" \/>\n\t<meta name=\"twitter:data2\" content=\"3 minutes\" \/>\n<script type=\"application\/ld+json\" class=\"yoast-schema-graph\">{\"@context\":\"https:\/\/schema.org\",\"@graph\":[{\"@type\":\"Article\",\"@id\":\"https:\/\/velipost.com\/?p=3339#article\",\"isPartOf\":{\"@id\":\"https:\/\/velipost.com\/?p=3339\"},\"author\":{\"name\":\"VeliPost\",\"@id\":\"https:\/\/velipost.com\/#\/schema\/person\/32ff49a53c9c1bb24302ee8ece058096\"},\"headline\":\"Ha\u00efti comm\u00e9more les 200 ans de la reconnaissance de son Ind\u00e9pendance par la France : Le CPT exige restitution et r\u00e9paration\",\"datePublished\":\"2025-04-17T22:38:07+00:00\",\"dateModified\":\"2025-04-17T22:38:09+00:00\",\"mainEntityOfPage\":{\"@id\":\"https:\/\/velipost.com\/?p=3339\"},\"wordCount\":442,\"commentCount\":0,\"publisher\":{\"@id\":\"https:\/\/velipost.com\/#organization\"},\"image\":{\"@id\":\"https:\/\/velipost.com\/?p=3339#primaryimage\"},\"thumbnailUrl\":\"https:\/\/velipost.com\/wp-content\/uploads\/2025\/04\/cptrancon.jpg\",\"articleSection\":[\"A la Une\",\"Histoire\"],\"inLanguage\":\"fr-FR\",\"potentialAction\":[{\"@type\":\"CommentAction\",\"name\":\"Comment\",\"target\":[\"https:\/\/velipost.com\/?p=3339#respond\"]}]},{\"@type\":\"WebPage\",\"@id\":\"https:\/\/velipost.com\/?p=3339\",\"url\":\"https:\/\/velipost.com\/?p=3339\",\"name\":\"Ha\u00efti comm\u00e9more les 200 ans de la reconnaissance de son Ind\u00e9pendance par la France : Le CPT exige restitution et r\u00e9paration &#8211; VeliPost\",\"isPartOf\":{\"@id\":\"https:\/\/velipost.com\/#website\"},\"primaryImageOfPage\":{\"@id\":\"https:\/\/velipost.com\/?p=3339#primaryimage\"},\"image\":{\"@id\":\"https:\/\/velipost.com\/?p=3339#primaryimage\"},\"thumbnailUrl\":\"https:\/\/velipost.com\/wp-content\/uploads\/2025\/04\/cptrancon.jpg\",\"datePublished\":\"2025-04-17T22:38:07+00:00\",\"dateModified\":\"2025-04-17T22:38:09+00:00\",\"breadcrumb\":{\"@id\":\"https:\/\/velipost.com\/?p=3339#breadcrumb\"},\"inLanguage\":\"fr-FR\",\"potentialAction\":[{\"@type\":\"ReadAction\",\"target\":[\"https:\/\/velipost.com\/?p=3339\"]}]},{\"@type\":\"ImageObject\",\"inLanguage\":\"fr-FR\",\"@id\":\"https:\/\/velipost.com\/?p=3339#primaryimage\",\"url\":\"https:\/\/velipost.com\/wp-content\/uploads\/2025\/04\/cptrancon.jpg\",\"contentUrl\":\"https:\/\/velipost.com\/wp-content\/uploads\/2025\/04\/cptrancon.jpg\",\"width\":1170,\"height\":603},{\"@type\":\"BreadcrumbList\",\"@id\":\"https:\/\/velipost.com\/?p=3339#breadcrumb\",\"itemListElement\":[{\"@type\":\"ListItem\",\"position\":1,\"name\":\"Accueil\",\"item\":\"https:\/\/velipost.com\/\"},{\"@type\":\"ListItem\",\"position\":2,\"name\":\"Ha\u00efti comm\u00e9more les 200 ans de la reconnaissance de son Ind\u00e9pendance par la France : Le CPT exige restitution et r\u00e9paration\"}]},{\"@type\":\"WebSite\",\"@id\":\"https:\/\/velipost.com\/#website\",\"url\":\"https:\/\/velipost.com\/\",\"name\":\"VeliPost\",\"description\":\"L\u2019info en un clic\",\"publisher\":{\"@id\":\"https:\/\/velipost.com\/#organization\"},\"potentialAction\":[{\"@type\":\"SearchAction\",\"target\":{\"@type\":\"EntryPoint\",\"urlTemplate\":\"https:\/\/velipost.com\/?s={search_term_string}\"},\"query-input\":{\"@type\":\"PropertyValueSpecification\",\"valueRequired\":true,\"valueName\":\"search_term_string\"}}],\"inLanguage\":\"fr-FR\"},{\"@type\":\"Organization\",\"@id\":\"https:\/\/velipost.com\/#organization\",\"name\":\"VeliPost\",\"url\":\"https:\/\/velipost.com\/\",\"logo\":{\"@type\":\"ImageObject\",\"inLanguage\":\"fr-FR\",\"@id\":\"https:\/\/velipost.com\/#\/schema\/logo\/image\/\",\"url\":\"https:\/\/velipost.com\/wp-content\/uploads\/2024\/08\/cropped-VP-logo-piti.png\",\"contentUrl\":\"https:\/\/velipost.com\/wp-content\/uploads\/2024\/08\/cropped-VP-logo-piti.png\",\"width\":201,\"height\":69,\"caption\":\"VeliPost\"},\"image\":{\"@id\":\"https:\/\/velipost.com\/#\/schema\/logo\/image\/\"},\"sameAs\":[\"https:\/\/www.facebook.com\/veliposthaiti\",\"https:\/\/x.com\/veliposthaiti\",\"https:\/\/www.instagram.com\/veliposthaiti\"]},{\"@type\":\"Person\",\"@id\":\"https:\/\/velipost.com\/#\/schema\/person\/32ff49a53c9c1bb24302ee8ece058096\",\"name\":\"VeliPost\",\"image\":{\"@type\":\"ImageObject\",\"inLanguage\":\"fr-FR\",\"@id\":\"https:\/\/velipost.com\/#\/schema\/person\/image\/\",\"url\":\"https:\/\/secure.gravatar.com\/avatar\/57c226c264de62f794185a89596d4a37b85a5ad20aca30d9d5a478b27d8c8d9d?s=96&d=mm&r=g\",\"contentUrl\":\"https:\/\/secure.gravatar.com\/avatar\/57c226c264de62f794185a89596d4a37b85a5ad20aca30d9d5a478b27d8c8d9d?s=96&d=mm&r=g\",\"caption\":\"VeliPost\"},\"sameAs\":[\"https:\/\/velipost.com\"],\"url\":\"https:\/\/velipost.com\/?author=1\"}]}<\/script>\n<!-- \/ Yoast SEO plugin. -->","yoast_head_json":{"title":"Ha\u00efti comm\u00e9more les 200 ans de la reconnaissance de son Ind\u00e9pendance par la France : Le CPT exige restitution et r\u00e9paration &#8211; VeliPost","robots":{"index":"index","follow":"follow","max-snippet":"max-snippet:-1","max-image-preview":"max-image-preview:large","max-video-preview":"max-video-preview:-1"},"canonical":"https:\/\/velipost.com\/?p=3339","og_locale":"fr_FR","og_type":"article","og_title":"Ha\u00efti comm\u00e9more les 200 ans de la reconnaissance de son Ind\u00e9pendance par la France : Le CPT exige restitution et r\u00e9paration &#8211; VeliPost","og_description":"Port-au-Prince, 17 avril 2025\u00a0\u2013 Deux si\u00e8cles apr\u00e8s la c\u00e9l\u00e8bre ordonnance du roi Charles X reconnaissant l\u2019Ind\u00e9pendance d\u2019Ha\u00efti, le Conseil Pr\u00e9sidentiel de Transition (CPT) a","og_url":"https:\/\/velipost.com\/?p=3339","og_site_name":"VeliPost","article_publisher":"https:\/\/www.facebook.com\/veliposthaiti","article_published_time":"2025-04-17T22:38:07+00:00","article_modified_time":"2025-04-17T22:38:09+00:00","og_image":[{"width":1170,"height":603,"url":"https:\/\/velipost.com\/wp-content\/uploads\/2025\/04\/cptrancon.jpg","type":"image\/jpeg"}],"author":"VeliPost","twitter_card":"summary_large_image","twitter_creator":"@veliposthaiti","twitter_site":"@veliposthaiti","twitter_misc":{"\u00c9crit par":"VeliPost","Dur\u00e9e de lecture estim\u00e9e":"3 minutes"},"schema":{"@context":"https:\/\/schema.org","@graph":[{"@type":"Article","@id":"https:\/\/velipost.com\/?p=3339#article","isPartOf":{"@id":"https:\/\/velipost.com\/?p=3339"},"author":{"name":"VeliPost","@id":"https:\/\/velipost.com\/#\/schema\/person\/32ff49a53c9c1bb24302ee8ece058096"},"headline":"Ha\u00efti comm\u00e9more les 200 ans de la reconnaissance de son Ind\u00e9pendance par la France : Le CPT exige restitution et r\u00e9paration","datePublished":"2025-04-17T22:38:07+00:00","dateModified":"2025-04-17T22:38:09+00:00","mainEntityOfPage":{"@id":"https:\/\/velipost.com\/?p=3339"},"wordCount":442,"commentCount":0,"publisher":{"@id":"https:\/\/velipost.com\/#organization"},"image":{"@id":"https:\/\/velipost.com\/?p=3339#primaryimage"},"thumbnailUrl":"https:\/\/velipost.com\/wp-content\/uploads\/2025\/04\/cptrancon.jpg","articleSection":["A la Une","Histoire"],"inLanguage":"fr-FR","potentialAction":[{"@type":"CommentAction","name":"Comment","target":["https:\/\/velipost.com\/?p=3339#respond"]}]},{"@type":"WebPage","@id":"https:\/\/velipost.com\/?p=3339","url":"https:\/\/velipost.com\/?p=3339","name":"Ha\u00efti comm\u00e9more les 200 ans de la reconnaissance de son Ind\u00e9pendance par la France : Le CPT exige restitution et r\u00e9paration &#8211; VeliPost","isPartOf":{"@id":"https:\/\/velipost.com\/#website"},"primaryImageOfPage":{"@id":"https:\/\/velipost.com\/?p=3339#primaryimage"},"image":{"@id":"https:\/\/velipost.com\/?p=3339#primaryimage"},"thumbnailUrl":"https:\/\/velipost.com\/wp-content\/uploads\/2025\/04\/cptrancon.jpg","datePublished":"2025-04-17T22:38:07+00:00","dateModified":"2025-04-17T22:38:09+00:00","breadcrumb":{"@id":"https:\/\/velipost.com\/?p=3339#breadcrumb"},"inLanguage":"fr-FR","potentialAction":[{"@type":"ReadAction","target":["https:\/\/velipost.com\/?p=3339"]}]},{"@type":"ImageObject","inLanguage":"fr-FR","@id":"https:\/\/velipost.com\/?p=3339#primaryimage","url":"https:\/\/velipost.com\/wp-content\/uploads\/2025\/04\/cptrancon.jpg","contentUrl":"https:\/\/velipost.com\/wp-content\/uploads\/2025\/04\/cptrancon.jpg","width":1170,"height":603},{"@type":"BreadcrumbList","@id":"https:\/\/velipost.com\/?p=3339#breadcrumb","itemListElement":[{"@type":"ListItem","position":1,"name":"Accueil","item":"https:\/\/velipost.com\/"},{"@type":"ListItem","position":2,"name":"Ha\u00efti comm\u00e9more les 200 ans de la reconnaissance de son Ind\u00e9pendance par la France : Le CPT exige restitution et r\u00e9paration"}]},{"@type":"WebSite","@id":"https:\/\/velipost.com\/#website","url":"https:\/\/velipost.com\/","name":"VeliPost","description":"L\u2019info en un clic","publisher":{"@id":"https:\/\/velipost.com\/#organization"},"potentialAction":[{"@type":"SearchAction","target":{"@type":"EntryPoint","urlTemplate":"https:\/\/velipost.com\/?s={search_term_string}"},"query-input":{"@type":"PropertyValueSpecification","valueRequired":true,"valueName":"search_term_string"}}],"inLanguage":"fr-FR"},{"@type":"Organization","@id":"https:\/\/velipost.com\/#organization","name":"VeliPost","url":"https:\/\/velipost.com\/","logo":{"@type":"ImageObject","inLanguage":"fr-FR","@id":"https:\/\/velipost.com\/#\/schema\/logo\/image\/","url":"https:\/\/velipost.com\/wp-content\/uploads\/2024\/08\/cropped-VP-logo-piti.png","contentUrl":"https:\/\/velipost.com\/wp-content\/uploads\/2024\/08\/cropped-VP-logo-piti.png","width":201,"height":69,"caption":"VeliPost"},"image":{"@id":"https:\/\/velipost.com\/#\/schema\/logo\/image\/"},"sameAs":["https:\/\/www.facebook.com\/veliposthaiti","https:\/\/x.com\/veliposthaiti","https:\/\/www.instagram.com\/veliposthaiti"]},{"@type":"Person","@id":"https:\/\/velipost.com\/#\/schema\/person\/32ff49a53c9c1bb24302ee8ece058096","name":"VeliPost","image":{"@type":"ImageObject","inLanguage":"fr-FR","@id":"https:\/\/velipost.com\/#\/schema\/person\/image\/","url":"https:\/\/secure.gravatar.com\/avatar\/57c226c264de62f794185a89596d4a37b85a5ad20aca30d9d5a478b27d8c8d9d?s=96&d=mm&r=g","contentUrl":"https:\/\/secure.gravatar.com\/avatar\/57c226c264de62f794185a89596d4a37b85a5ad20aca30d9d5a478b27d8c8d9d?s=96&d=mm&r=g","caption":"VeliPost"},"sameAs":["https:\/\/velipost.com"],"url":"https:\/\/velipost.com\/?author=1"}]}},"views":1,"jetpack_publicize_connections":[],"uagb_featured_image_src":{"full":["https:\/\/velipost.com\/wp-content\/uploads\/2025\/04\/cptrancon.jpg",1170,603,false],"thumbnail":["https:\/\/velipost.com\/wp-content\/uploads\/2025\/04\/cptrancon-150x150.jpg",150,150,true],"medium":["https:\/\/velipost.com\/wp-content\/uploads\/2025\/04\/cptrancon-300x155.jpg",300,155,true],"medium_large":["https:\/\/velipost.com\/wp-content\/uploads\/2025\/04\/cptrancon-768x396.jpg",715,369,true],"large":["https:\/\/velipost.com\/wp-content\/uploads\/2025\/04\/cptrancon-1024x528.jpg",715,369,true],"1536x1536":["https:\/\/velipost.com\/wp-content\/uploads\/2025\/04\/cptrancon.jpg",1170,603,false],"2048x2048":["https:\/\/velipost.com\/wp-content\/uploads\/2025\/04\/cptrancon.jpg",1170,603,false],"colornews-big-slider":["https:\/\/velipost.com\/wp-content\/uploads\/2025\/04\/cptrancon-1070x470.jpg",1070,470,true],"colornews-big-slider-thumb":["https:\/\/velipost.com\/wp-content\/uploads\/2025\/04\/cptrancon-184x109.jpg",184,109,true],"colornews-featured-post-medium":["https:\/\/velipost.com\/wp-content\/uploads\/2025\/04\/cptrancon-345x265.jpg",345,265,true],"colornews-featured-post-small":["https:\/\/velipost.com\/wp-content\/uploads\/2025\/04\/cptrancon-115x73.jpg",115,73,true],"colornews-random-posts":["https:\/\/velipost.com\/wp-content\/uploads\/2025\/04\/cptrancon-215x215.jpg",215,215,true],"colornews-featured-image":["https:\/\/velipost.com\/wp-content\/uploads\/2025\/04\/cptrancon-715x400.jpg",715,400,true],"mailpoet_newsletter_max":["https:\/\/velipost.com\/wp-content\/uploads\/2025\/04\/cptrancon.jpg",1170,603,false]},"uagb_author_info":{"display_name":"VeliPost","author_link":"https:\/\/velipost.com\/?author=1"},"uagb_comment_info":0,"uagb_excerpt":"Port-au-Prince, 17 avril 2025\u00a0\u2013 Deux si\u00e8cles apr\u00e8s la c\u00e9l\u00e8bre ordonnance du roi Charles X reconnaissant l\u2019Ind\u00e9pendance d\u2019Ha\u00efti, le Conseil Pr\u00e9sidentiel de Transition (CPT) a","_links":{"self":[{"href":"https:\/\/velipost.com\/index.php?rest_route=\/wp\/v2\/posts\/3339","targetHints":{"allow":["GET"]}}],"collection":[{"href":"https:\/\/velipost.com\/index.php?rest_route=\/wp\/v2\/posts"}],"about":[{"href":"https:\/\/velipost.com\/index.php?rest_route=\/wp\/v2\/types\/post"}],"author":[{"embeddable":true,"href":"https:\/\/velipost.com\/index.php?rest_route=\/wp\/v2\/users\/1"}],"replies":[{"embeddable":true,"href":"https:\/\/velipost.com\/index.php?rest_route=%2Fwp%2Fv2%2Fcomments&post=3339"}],"version-history":[{"count":1,"href":"https:\/\/velipost.com\/index.php?rest_route=\/wp\/v2\/posts\/3339\/revisions"}],"predecessor-version":[{"id":3341,"href":"https:\/\/velipost.com\/index.php?rest_route=\/wp\/v2\/posts\/3339\/revisions\/3341"}],"wp:featuredmedia":[{"embeddable":true,"href":"https:\/\/velipost.com\/index.php?rest_route=\/wp\/v2\/media\/3340"}],"wp:attachment":[{"href":"https:\/\/velipost.com\/index.php?rest_route=%2Fwp%2Fv2%2Fmedia&parent=3339"}],"wp:term":[{"taxonomy":"category","embeddable":true,"href":"https:\/\/velipost.com\/index.php?rest_route=%2Fwp%2Fv2%2Fcategories&post=3339"},{"taxonomy":"post_tag","embeddable":true,"href":"https:\/\/velipost.com\/index.php?rest_route=%2Fwp%2Fv2%2Ftags&post=3339"}],"curies":[{"name":"wp","href":"https:\/\/api.w.org\/{rel}","templated":true}]}}