{"id":3258,"date":"2025-04-01T01:45:16","date_gmt":"2025-03-31T23:45:16","guid":{"rendered":"https:\/\/velipost.com\/?p=3258"},"modified":"2025-04-01T01:45:17","modified_gmt":"2025-03-31T23:45:17","slug":"luis-abinader-maintient-la-fermeture-de-lespace-aerien-avec-haiti-pour-raisons-de-securite","status":"publish","type":"post","link":"https:\/\/velipost.com\/?p=3258","title":{"rendered":"Luis Abinader maintient la fermeture de l\u2019espace a\u00e9rien avec Ha\u00efti pour raisons de s\u00e9curit\u00e9"},"content":{"rendered":"\n<p>Le pr\u00e9sident dominicain <strong>Luis Abinader<\/strong> a annonc\u00e9 ce lundi 31 mars 2025 que l\u2019espace a\u00e9rien entre la R\u00e9publique dominicaine et Ha\u00efti restera ferm\u00e9 en raison du climat d\u2019ins\u00e9curit\u00e9 et d\u2019instabilit\u00e9 qui r\u00e8gne chez son voisin. Cette d\u00e9cision a \u00e9t\u00e9 confirm\u00e9e par le chef d\u2019\u00c9tat lors du <strong>Semanal de Los Angeles<\/strong>, en r\u00e9ponse \u00e0 une interrogation sur une \u00e9ventuelle reprise des vols entre les deux pays.<\/p>\n\n\n\n<p>Cette r\u00e9action intervient apr\u00e8s que Fritz Alphonse Jean, pr\u00e9sident du Conseil pr\u00e9sidentiel de transition, a exprim\u00e9 son souhait de rouvrir le trafic a\u00e9rien, notamment via le Cap-Ha\u00eftien et certaines villes frontali\u00e8res. Toutefois, Luis Abinader a \u00e9t\u00e9 cat\u00e9gorique : \u00ab Nous appr\u00e9cions ces d\u00e9clarations. Nous n\u2019allons pas ouvrir l\u2019espace a\u00e9rien, m\u00eame via Cap-Ha\u00eftien, ce qui serait la seule option compte tenu de la situation \u00e0 Port-au-Prince. \u00bb<\/p>\n\n\n\n<p>Le gouvernement dominicain estime que les conditions ne sont pas encore r\u00e9unies pour une telle reprise. Depuis le <strong>5 mars 2024<\/strong>, la R\u00e9publique dominicaine a suspendu tous les vols en provenance et \u00e0 destination d\u2019Ha\u00efti, une mesure prise dans un contexte de d\u00e9t\u00e9rioration s\u00e9curitaire marqu\u00e9e par la mont\u00e9e en puissance des groupes arm\u00e9s dans plusieurs r\u00e9gions ha\u00eftiennes.<\/p>\n\n\n\n<p>Cette fermeture de l\u2019espace a\u00e9rien repr\u00e9sente un nouveau coup dur pour les \u00e9changes entre les deux nations, qui partagent une fronti\u00e8re terrestre d\u00e9j\u00e0 sous haute surveillance. De nombreux voyageurs, hommes d\u2019affaires et \u00e9tudiants ha\u00eftiens en R\u00e9publique dominicaine esp\u00e9raient un assouplissement de ces restrictions. Cependant, \u00e0 en croire la position ferme du pr\u00e9sident Abinader, une r\u00e9ouverture des vols ne semble pas envisageable \u00e0 court terme.<\/p>\n\n    <div class=\"xs_social_share_widget xs_share_url after_content \t\tmain_content  wslu-style-3 wslu-share-box-shaped wslu-fill-brand-hover-colored wslu-share-m-5 wslu-none wslu-share-horizontal wslu-theme-font-no wslu-main_content\">\n\n\t\t\n        <ul>\n\t\t\t                    <li class=\"xs-share-li twitter                        wslu-no-extra-data\">\n                        <a href=\"javascript:void(0);\"\n                           id=\"xs_feed_twitter\"\n                           onclick=\"xs_social_sharer(this);\"\n                           data-pid=\"3258\"\n                           data-uri_hash=\"aeb5ae54a123706ce1a66c4532c0849e\"\n                           data-key=\"twitter\"\n                           data-xs-href=\"https:\/\/twitter.com\/intent\/tweet?text=Luis+Abinader+maintient+la+fermeture+de+l%E2%80%99espace+a%C3%A9rien+avec+Ha%C3%AFti+pour+raisons+de+s%C3%A9curit%C3%A9+https%3A%2F%2Fvelipost.com%2Findex.php%3Frest_route%3D%252Fwp%252Fv2%252Fposts%252F3258&amp;original_referer=https%3A%2F%2Fvelipost.com%2Findex.php%3Frest_route%3D%252Fwp%252Fv2%252Fposts%252F3258&amp;related=xpeedstudio\">\n\n                            <div class=\"xs-social-icon\">\n                                <span class=\"met-social met-social-twitter\"><\/span>\n                            <\/div>\n\n\t\t\t\t\t\t\t\n                            <div class=\"wslu-hover-content\">\n                                <div class=\"xs-social-followers\">\n\t\t\t\t\t\t\t\t\t10                                <\/div>\n                                <div class=\"xs-social-follower-text\">\n\t\t\t\t\t\t\t\t\tShare                                <\/div>\n                                <div class=\"xs-social-follower-label\">\n\t\t\t\t\t\t\t\t\tTwitter                                <\/div>\n                            <\/div>\n                        <\/a>\n                    <\/li>\n\t\t\t\t\t                    <li class=\"xs-share-li telegram                        wslu-no-extra-data\">\n                        <a href=\"javascript:void(0);\"\n                           id=\"xs_feed_telegram\"\n                           onclick=\"xs_social_sharer(this);\"\n                           data-pid=\"3258\"\n                           data-uri_hash=\"aeb5ae54a123706ce1a66c4532c0849e\"\n                           data-key=\"telegram\"\n                           data-xs-href=\"https:\/\/telegram.me\/share\/url?url=https%3A%2F%2Fvelipost.com%2Findex.php%3Frest_route%3D%252Fwp%252Fv2%252Fposts%252F3258&amp;text=Luis+Abinader+maintient+la+fermeture+de+l%E2%80%99espace+a%C3%A9rien+avec+Ha%C3%AFti+pour+raisons+de+s%C3%A9curit%C3%A9\">\n\n                            <div class=\"xs-social-icon\">\n                                <span class=\"met-social met-social-telegram\"><\/span>\n                            <\/div>\n\n\t\t\t\t\t\t\t\n                            <div class=\"wslu-hover-content\">\n                                <div class=\"xs-social-followers\">\n\t\t\t\t\t\t\t\t\t0                                <\/div>\n                                <div class=\"xs-social-follower-text\">\n\t\t\t\t\t\t\t\t\tShare                                <\/div>\n                                <div class=\"xs-social-follower-label\">\n\t\t\t\t\t\t\t\t\tTelegram                                <\/div>\n                            <\/div>\n                        <\/a>\n                    <\/li>\n\t\t\t\t\t                    <li class=\"xs-share-li email                        wslu-no-extra-data\">\n                        <a href=\"javascript:void(0);\"\n                           id=\"xs_feed_email\"\n                           onclick=\"xs_social_sharer(this);\"\n                           data-pid=\"3258\"\n                           data-uri_hash=\"aeb5ae54a123706ce1a66c4532c0849e\"\n                           data-key=\"email\"\n                           data-xs-href=\"mailto:?body=Title%3A+Luis+Abinader+maintient+la+fermeture+de+l%E2%80%99espace+a%C3%A9rien+avec+Ha%C3%AFti+pour+raisons+de+s%C3%A9curit%C3%A9+%5Cn%5Cn+URL%3A+https%3A%2F%2Fvelipost.com%2Findex.php%3Frest_route%3D%252Fwp%252Fv2%252Fposts%252F3258&amp;subject=Luis+Abinader+maintient+la+fermeture+de+l%E2%80%99espace+a%C3%A9rien+avec+Ha%C3%AFti+pour+raisons+de+s%C3%A9curit%C3%A9\">\n\n                            <div class=\"xs-social-icon\">\n                                <span class=\"met-social met-social-email\"><\/span>\n                            <\/div>\n\n\t\t\t\t\t\t\t\n                            <div class=\"wslu-hover-content\">\n                                <div class=\"xs-social-followers\">\n\t\t\t\t\t\t\t\t\t0                                <\/div>\n                                <div class=\"xs-social-follower-text\">\n\t\t\t\t\t\t\t\t\tShare                                <\/div>\n                                <div class=\"xs-social-follower-label\">\n\t\t\t\t\t\t\t\t\tEmail                                <\/div>\n                            <\/div>\n                        <\/a>\n                    <\/li>\n\t\t\t\t\t        <\/ul>\n    <\/div> \n","protected":false},"excerpt":{"rendered":"<p>Le pr\u00e9sident dominicain Luis Abinader a annonc\u00e9 ce lundi 31 mars 2025 que l\u2019espace a\u00e9rien entre la R\u00e9publique dominicaine et Ha\u00efti restera ferm\u00e9 en<\/p>\n","protected":false},"author":1,"featured_media":3259,"comment_status":"open","ping_status":"open","sticky":false,"template":"","format":"standard","meta":{"_uag_custom_page_level_css":"","footnotes":"","jetpack_publicize_message":"","jetpack_publicize_feature_enabled":true,"jetpack_social_post_already_shared":false,"jetpack_social_options":{"image_generator_settings":{"template":"highway","default_image_id":0,"font":"","enabled":false},"version":2}},"categories":[94],"tags":[],"class_list":["post-3258","post","type-post","status-publish","format-standard","has-post-thumbnail","hentry","category-a-la-une"],"yoast_head":"<!-- This site is optimized with the Yoast SEO plugin v25.3.1 - https:\/\/yoast.com\/wordpress\/plugins\/seo\/ -->\n<title>Luis Abinader maintient la fermeture de l\u2019espace a\u00e9rien avec Ha\u00efti pour raisons de s\u00e9curit\u00e9 &#8211; VeliPost<\/title>\n<meta name=\"robots\" content=\"index, follow, max-snippet:-1, max-image-preview:large, max-video-preview:-1\" \/>\n<link rel=\"canonical\" href=\"https:\/\/velipost.com\/?p=3258\" \/>\n<meta property=\"og:locale\" content=\"fr_FR\" \/>\n<meta property=\"og:type\" content=\"article\" \/>\n<meta property=\"og:title\" content=\"Luis Abinader maintient la fermeture de l\u2019espace a\u00e9rien avec Ha\u00efti pour raisons de s\u00e9curit\u00e9 &#8211; VeliPost\" \/>\n<meta property=\"og:description\" content=\"Le pr\u00e9sident dominicain Luis Abinader a annonc\u00e9 ce lundi 31 mars 2025 que l\u2019espace a\u00e9rien entre la R\u00e9publique dominicaine et Ha\u00efti restera ferm\u00e9 en\" \/>\n<meta property=\"og:url\" content=\"https:\/\/velipost.com\/?p=3258\" \/>\n<meta property=\"og:site_name\" content=\"VeliPost\" \/>\n<meta property=\"article:publisher\" content=\"https:\/\/www.facebook.com\/veliposthaiti\" \/>\n<meta property=\"article:published_time\" content=\"2025-03-31T23:45:16+00:00\" \/>\n<meta property=\"article:modified_time\" content=\"2025-03-31T23:45:17+00:00\" \/>\n<meta property=\"og:image\" content=\"https:\/\/velipost.com\/wp-content\/uploads\/2025\/04\/Luis.jpg\" \/>\n\t<meta property=\"og:image:width\" content=\"1170\" \/>\n\t<meta property=\"og:image:height\" content=\"603\" \/>\n\t<meta property=\"og:image:type\" content=\"image\/jpeg\" \/>\n<meta name=\"author\" content=\"VeliPost\" \/>\n<meta name=\"twitter:card\" content=\"summary_large_image\" \/>\n<meta name=\"twitter:creator\" content=\"@veliposthaiti\" \/>\n<meta name=\"twitter:site\" content=\"@veliposthaiti\" \/>\n<meta name=\"twitter:label1\" content=\"\u00c9crit par\" \/>\n\t<meta name=\"twitter:data1\" content=\"VeliPost\" \/>\n\t<meta name=\"twitter:label2\" content=\"Dur\u00e9e de lecture estim\u00e9e\" \/>\n\t<meta name=\"twitter:data2\" content=\"2 minutes\" \/>\n<script type=\"application\/ld+json\" class=\"yoast-schema-graph\">{\"@context\":\"https:\/\/schema.org\",\"@graph\":[{\"@type\":\"Article\",\"@id\":\"https:\/\/velipost.com\/?p=3258#article\",\"isPartOf\":{\"@id\":\"https:\/\/velipost.com\/?p=3258\"},\"author\":{\"name\":\"VeliPost\",\"@id\":\"https:\/\/velipost.com\/#\/schema\/person\/32ff49a53c9c1bb24302ee8ece058096\"},\"headline\":\"Luis Abinader maintient la fermeture de l\u2019espace a\u00e9rien avec Ha\u00efti pour raisons de s\u00e9curit\u00e9\",\"datePublished\":\"2025-03-31T23:45:16+00:00\",\"dateModified\":\"2025-03-31T23:45:17+00:00\",\"mainEntityOfPage\":{\"@id\":\"https:\/\/velipost.com\/?p=3258\"},\"wordCount\":309,\"commentCount\":0,\"publisher\":{\"@id\":\"https:\/\/velipost.com\/#organization\"},\"image\":{\"@id\":\"https:\/\/velipost.com\/?p=3258#primaryimage\"},\"thumbnailUrl\":\"https:\/\/velipost.com\/wp-content\/uploads\/2025\/04\/Luis.jpg\",\"articleSection\":[\"A la Une\"],\"inLanguage\":\"fr-FR\",\"potentialAction\":[{\"@type\":\"CommentAction\",\"name\":\"Comment\",\"target\":[\"https:\/\/velipost.com\/?p=3258#respond\"]}]},{\"@type\":\"WebPage\",\"@id\":\"https:\/\/velipost.com\/?p=3258\",\"url\":\"https:\/\/velipost.com\/?p=3258\",\"name\":\"Luis Abinader maintient la fermeture de l\u2019espace a\u00e9rien avec Ha\u00efti pour raisons de s\u00e9curit\u00e9 &#8211; VeliPost\",\"isPartOf\":{\"@id\":\"https:\/\/velipost.com\/#website\"},\"primaryImageOfPage\":{\"@id\":\"https:\/\/velipost.com\/?p=3258#primaryimage\"},\"image\":{\"@id\":\"https:\/\/velipost.com\/?p=3258#primaryimage\"},\"thumbnailUrl\":\"https:\/\/velipost.com\/wp-content\/uploads\/2025\/04\/Luis.jpg\",\"datePublished\":\"2025-03-31T23:45:16+00:00\",\"dateModified\":\"2025-03-31T23:45:17+00:00\",\"breadcrumb\":{\"@id\":\"https:\/\/velipost.com\/?p=3258#breadcrumb\"},\"inLanguage\":\"fr-FR\",\"potentialAction\":[{\"@type\":\"ReadAction\",\"target\":[\"https:\/\/velipost.com\/?p=3258\"]}]},{\"@type\":\"ImageObject\",\"inLanguage\":\"fr-FR\",\"@id\":\"https:\/\/velipost.com\/?p=3258#primaryimage\",\"url\":\"https:\/\/velipost.com\/wp-content\/uploads\/2025\/04\/Luis.jpg\",\"contentUrl\":\"https:\/\/velipost.com\/wp-content\/uploads\/2025\/04\/Luis.jpg\",\"width\":1170,\"height\":603},{\"@type\":\"BreadcrumbList\",\"@id\":\"https:\/\/velipost.com\/?p=3258#breadcrumb\",\"itemListElement\":[{\"@type\":\"ListItem\",\"position\":1,\"name\":\"Accueil\",\"item\":\"https:\/\/velipost.com\/\"},{\"@type\":\"ListItem\",\"position\":2,\"name\":\"Luis Abinader maintient la fermeture de l\u2019espace a\u00e9rien avec Ha\u00efti pour raisons de s\u00e9curit\u00e9\"}]},{\"@type\":\"WebSite\",\"@id\":\"https:\/\/velipost.com\/#website\",\"url\":\"https:\/\/velipost.com\/\",\"name\":\"VeliPost\",\"description\":\"L\u2019info en un clic\",\"publisher\":{\"@id\":\"https:\/\/velipost.com\/#organization\"},\"potentialAction\":[{\"@type\":\"SearchAction\",\"target\":{\"@type\":\"EntryPoint\",\"urlTemplate\":\"https:\/\/velipost.com\/?s={search_term_string}\"},\"query-input\":{\"@type\":\"PropertyValueSpecification\",\"valueRequired\":true,\"valueName\":\"search_term_string\"}}],\"inLanguage\":\"fr-FR\"},{\"@type\":\"Organization\",\"@id\":\"https:\/\/velipost.com\/#organization\",\"name\":\"VeliPost\",\"url\":\"https:\/\/velipost.com\/\",\"logo\":{\"@type\":\"ImageObject\",\"inLanguage\":\"fr-FR\",\"@id\":\"https:\/\/velipost.com\/#\/schema\/logo\/image\/\",\"url\":\"https:\/\/velipost.com\/wp-content\/uploads\/2024\/08\/cropped-VP-logo-piti.png\",\"contentUrl\":\"https:\/\/velipost.com\/wp-content\/uploads\/2024\/08\/cropped-VP-logo-piti.png\",\"width\":201,\"height\":69,\"caption\":\"VeliPost\"},\"image\":{\"@id\":\"https:\/\/velipost.com\/#\/schema\/logo\/image\/\"},\"sameAs\":[\"https:\/\/www.facebook.com\/veliposthaiti\",\"https:\/\/x.com\/veliposthaiti\",\"https:\/\/www.instagram.com\/veliposthaiti\"]},{\"@type\":\"Person\",\"@id\":\"https:\/\/velipost.com\/#\/schema\/person\/32ff49a53c9c1bb24302ee8ece058096\",\"name\":\"VeliPost\",\"image\":{\"@type\":\"ImageObject\",\"inLanguage\":\"fr-FR\",\"@id\":\"https:\/\/velipost.com\/#\/schema\/person\/image\/\",\"url\":\"https:\/\/secure.gravatar.com\/avatar\/57c226c264de62f794185a89596d4a37b85a5ad20aca30d9d5a478b27d8c8d9d?s=96&d=mm&r=g\",\"contentUrl\":\"https:\/\/secure.gravatar.com\/avatar\/57c226c264de62f794185a89596d4a37b85a5ad20aca30d9d5a478b27d8c8d9d?s=96&d=mm&r=g\",\"caption\":\"VeliPost\"},\"sameAs\":[\"https:\/\/velipost.com\"],\"url\":\"https:\/\/velipost.com\/?author=1\"}]}<\/script>\n<!-- \/ Yoast SEO plugin. -->","yoast_head_json":{"title":"Luis Abinader maintient la fermeture de l\u2019espace a\u00e9rien avec Ha\u00efti pour raisons de s\u00e9curit\u00e9 &#8211; VeliPost","robots":{"index":"index","follow":"follow","max-snippet":"max-snippet:-1","max-image-preview":"max-image-preview:large","max-video-preview":"max-video-preview:-1"},"canonical":"https:\/\/velipost.com\/?p=3258","og_locale":"fr_FR","og_type":"article","og_title":"Luis Abinader maintient la fermeture de l\u2019espace a\u00e9rien avec Ha\u00efti pour raisons de s\u00e9curit\u00e9 &#8211; VeliPost","og_description":"Le pr\u00e9sident dominicain Luis Abinader a annonc\u00e9 ce lundi 31 mars 2025 que l\u2019espace a\u00e9rien entre la R\u00e9publique dominicaine et Ha\u00efti restera ferm\u00e9 en","og_url":"https:\/\/velipost.com\/?p=3258","og_site_name":"VeliPost","article_publisher":"https:\/\/www.facebook.com\/veliposthaiti","article_published_time":"2025-03-31T23:45:16+00:00","article_modified_time":"2025-03-31T23:45:17+00:00","og_image":[{"width":1170,"height":603,"url":"https:\/\/velipost.com\/wp-content\/uploads\/2025\/04\/Luis.jpg","type":"image\/jpeg"}],"author":"VeliPost","twitter_card":"summary_large_image","twitter_creator":"@veliposthaiti","twitter_site":"@veliposthaiti","twitter_misc":{"\u00c9crit par":"VeliPost","Dur\u00e9e de lecture estim\u00e9e":"2 minutes"},"schema":{"@context":"https:\/\/schema.org","@graph":[{"@type":"Article","@id":"https:\/\/velipost.com\/?p=3258#article","isPartOf":{"@id":"https:\/\/velipost.com\/?p=3258"},"author":{"name":"VeliPost","@id":"https:\/\/velipost.com\/#\/schema\/person\/32ff49a53c9c1bb24302ee8ece058096"},"headline":"Luis Abinader maintient la fermeture de l\u2019espace a\u00e9rien avec Ha\u00efti pour raisons de s\u00e9curit\u00e9","datePublished":"2025-03-31T23:45:16+00:00","dateModified":"2025-03-31T23:45:17+00:00","mainEntityOfPage":{"@id":"https:\/\/velipost.com\/?p=3258"},"wordCount":309,"commentCount":0,"publisher":{"@id":"https:\/\/velipost.com\/#organization"},"image":{"@id":"https:\/\/velipost.com\/?p=3258#primaryimage"},"thumbnailUrl":"https:\/\/velipost.com\/wp-content\/uploads\/2025\/04\/Luis.jpg","articleSection":["A la Une"],"inLanguage":"fr-FR","potentialAction":[{"@type":"CommentAction","name":"Comment","target":["https:\/\/velipost.com\/?p=3258#respond"]}]},{"@type":"WebPage","@id":"https:\/\/velipost.com\/?p=3258","url":"https:\/\/velipost.com\/?p=3258","name":"Luis Abinader maintient la fermeture de l\u2019espace a\u00e9rien avec Ha\u00efti pour raisons de s\u00e9curit\u00e9 &#8211; VeliPost","isPartOf":{"@id":"https:\/\/velipost.com\/#website"},"primaryImageOfPage":{"@id":"https:\/\/velipost.com\/?p=3258#primaryimage"},"image":{"@id":"https:\/\/velipost.com\/?p=3258#primaryimage"},"thumbnailUrl":"https:\/\/velipost.com\/wp-content\/uploads\/2025\/04\/Luis.jpg","datePublished":"2025-03-31T23:45:16+00:00","dateModified":"2025-03-31T23:45:17+00:00","breadcrumb":{"@id":"https:\/\/velipost.com\/?p=3258#breadcrumb"},"inLanguage":"fr-FR","potentialAction":[{"@type":"ReadAction","target":["https:\/\/velipost.com\/?p=3258"]}]},{"@type":"ImageObject","inLanguage":"fr-FR","@id":"https:\/\/velipost.com\/?p=3258#primaryimage","url":"https:\/\/velipost.com\/wp-content\/uploads\/2025\/04\/Luis.jpg","contentUrl":"https:\/\/velipost.com\/wp-content\/uploads\/2025\/04\/Luis.jpg","width":1170,"height":603},{"@type":"BreadcrumbList","@id":"https:\/\/velipost.com\/?p=3258#breadcrumb","itemListElement":[{"@type":"ListItem","position":1,"name":"Accueil","item":"https:\/\/velipost.com\/"},{"@type":"ListItem","position":2,"name":"Luis Abinader maintient la fermeture de l\u2019espace a\u00e9rien avec Ha\u00efti pour raisons de s\u00e9curit\u00e9"}]},{"@type":"WebSite","@id":"https:\/\/velipost.com\/#website","url":"https:\/\/velipost.com\/","name":"VeliPost","description":"L\u2019info en un clic","publisher":{"@id":"https:\/\/velipost.com\/#organization"},"potentialAction":[{"@type":"SearchAction","target":{"@type":"EntryPoint","urlTemplate":"https:\/\/velipost.com\/?s={search_term_string}"},"query-input":{"@type":"PropertyValueSpecification","valueRequired":true,"valueName":"search_term_string"}}],"inLanguage":"fr-FR"},{"@type":"Organization","@id":"https:\/\/velipost.com\/#organization","name":"VeliPost","url":"https:\/\/velipost.com\/","logo":{"@type":"ImageObject","inLanguage":"fr-FR","@id":"https:\/\/velipost.com\/#\/schema\/logo\/image\/","url":"https:\/\/velipost.com\/wp-content\/uploads\/2024\/08\/cropped-VP-logo-piti.png","contentUrl":"https:\/\/velipost.com\/wp-content\/uploads\/2024\/08\/cropped-VP-logo-piti.png","width":201,"height":69,"caption":"VeliPost"},"image":{"@id":"https:\/\/velipost.com\/#\/schema\/logo\/image\/"},"sameAs":["https:\/\/www.facebook.com\/veliposthaiti","https:\/\/x.com\/veliposthaiti","https:\/\/www.instagram.com\/veliposthaiti"]},{"@type":"Person","@id":"https:\/\/velipost.com\/#\/schema\/person\/32ff49a53c9c1bb24302ee8ece058096","name":"VeliPost","image":{"@type":"ImageObject","inLanguage":"fr-FR","@id":"https:\/\/velipost.com\/#\/schema\/person\/image\/","url":"https:\/\/secure.gravatar.com\/avatar\/57c226c264de62f794185a89596d4a37b85a5ad20aca30d9d5a478b27d8c8d9d?s=96&d=mm&r=g","contentUrl":"https:\/\/secure.gravatar.com\/avatar\/57c226c264de62f794185a89596d4a37b85a5ad20aca30d9d5a478b27d8c8d9d?s=96&d=mm&r=g","caption":"VeliPost"},"sameAs":["https:\/\/velipost.com"],"url":"https:\/\/velipost.com\/?author=1"}]}},"views":2,"jetpack_publicize_connections":[],"uagb_featured_image_src":{"full":["https:\/\/velipost.com\/wp-content\/uploads\/2025\/04\/Luis.jpg",1170,603,false],"thumbnail":["https:\/\/velipost.com\/wp-content\/uploads\/2025\/04\/Luis-150x150.jpg",150,150,true],"medium":["https:\/\/velipost.com\/wp-content\/uploads\/2025\/04\/Luis-300x155.jpg",300,155,true],"medium_large":["https:\/\/velipost.com\/wp-content\/uploads\/2025\/04\/Luis-768x396.jpg",715,369,true],"large":["https:\/\/velipost.com\/wp-content\/uploads\/2025\/04\/Luis-1024x528.jpg",715,369,true],"1536x1536":["https:\/\/velipost.com\/wp-content\/uploads\/2025\/04\/Luis.jpg",1170,603,false],"2048x2048":["https:\/\/velipost.com\/wp-content\/uploads\/2025\/04\/Luis.jpg",1170,603,false],"colornews-big-slider":["https:\/\/velipost.com\/wp-content\/uploads\/2025\/04\/Luis-1070x470.jpg",1070,470,true],"colornews-big-slider-thumb":["https:\/\/velipost.com\/wp-content\/uploads\/2025\/04\/Luis-184x109.jpg",184,109,true],"colornews-featured-post-medium":["https:\/\/velipost.com\/wp-content\/uploads\/2025\/04\/Luis-345x265.jpg",345,265,true],"colornews-featured-post-small":["https:\/\/velipost.com\/wp-content\/uploads\/2025\/04\/Luis-115x73.jpg",115,73,true],"colornews-random-posts":["https:\/\/velipost.com\/wp-content\/uploads\/2025\/04\/Luis-215x215.jpg",215,215,true],"colornews-featured-image":["https:\/\/velipost.com\/wp-content\/uploads\/2025\/04\/Luis-715x400.jpg",715,400,true],"mailpoet_newsletter_max":["https:\/\/velipost.com\/wp-content\/uploads\/2025\/04\/Luis.jpg",1170,603,false]},"uagb_author_info":{"display_name":"VeliPost","author_link":"https:\/\/velipost.com\/?author=1"},"uagb_comment_info":0,"uagb_excerpt":"Le pr\u00e9sident dominicain Luis Abinader a annonc\u00e9 ce lundi 31 mars 2025 que l\u2019espace a\u00e9rien entre la R\u00e9publique dominicaine et Ha\u00efti restera ferm\u00e9 en","_links":{"self":[{"href":"https:\/\/velipost.com\/index.php?rest_route=\/wp\/v2\/posts\/3258","targetHints":{"allow":["GET"]}}],"collection":[{"href":"https:\/\/velipost.com\/index.php?rest_route=\/wp\/v2\/posts"}],"about":[{"href":"https:\/\/velipost.com\/index.php?rest_route=\/wp\/v2\/types\/post"}],"author":[{"embeddable":true,"href":"https:\/\/velipost.com\/index.php?rest_route=\/wp\/v2\/users\/1"}],"replies":[{"embeddable":true,"href":"https:\/\/velipost.com\/index.php?rest_route=%2Fwp%2Fv2%2Fcomments&post=3258"}],"version-history":[{"count":1,"href":"https:\/\/velipost.com\/index.php?rest_route=\/wp\/v2\/posts\/3258\/revisions"}],"predecessor-version":[{"id":3260,"href":"https:\/\/velipost.com\/index.php?rest_route=\/wp\/v2\/posts\/3258\/revisions\/3260"}],"wp:featuredmedia":[{"embeddable":true,"href":"https:\/\/velipost.com\/index.php?rest_route=\/wp\/v2\/media\/3259"}],"wp:attachment":[{"href":"https:\/\/velipost.com\/index.php?rest_route=%2Fwp%2Fv2%2Fmedia&parent=3258"}],"wp:term":[{"taxonomy":"category","embeddable":true,"href":"https:\/\/velipost.com\/index.php?rest_route=%2Fwp%2Fv2%2Fcategories&post=3258"},{"taxonomy":"post_tag","embeddable":true,"href":"https:\/\/velipost.com\/index.php?rest_route=%2Fwp%2Fv2%2Ftags&post=3258"}],"curies":[{"name":"wp","href":"https:\/\/api.w.org\/{rel}","templated":true}]}}