{"id":3252,"date":"2025-03-31T15:41:57","date_gmt":"2025-03-31T13:41:57","guid":{"rendered":"https:\/\/velipost.com\/?p=3252"},"modified":"2025-03-31T15:41:59","modified_gmt":"2025-03-31T13:41:59","slug":"marine-le-pen-estcondamnee-a-2-ans-de-prison-ferme-et-5-ans-dineligibilite","status":"publish","type":"post","link":"https:\/\/velipost.com\/?p=3252","title":{"rendered":"Marine Le Pen estcondamn\u00e9e \u00e0 2 ans de prison ferme, et 5 ans d\u2019in\u00e9ligibilit\u00e9"},"content":{"rendered":"\n<p>Marine Le Pen, pr\u00e9sidente du groupe Rassemblement national (RN) \u00e0 l\u2019Assembl\u00e9e nationale, a \u00e9t\u00e9 reconnue coupable de d\u00e9tournement de fonds publics dans l\u2019affaire des assistants parlementaires du Front national (FN). Le tribunal correctionnel de Paris l\u2019a condamn\u00e9e \u00e0 quatre ans de prison, dont deux avec sursis, am\u00e9nageables sous bracelet \u00e9lectronique, \u00e0 une amende de 100&nbsp;000&nbsp;euros, et \u00e0 cinq ans d\u2019in\u00e9ligibilit\u00e9 avec application imm\u00e9diate. Cette d\u00e9cision compromet sa candidature aux \u00e9lections pr\u00e9sidentielle de 2027 et l\u00e9gislatives \u00e0 venir.<\/p>\n\n\n\n<p>Le tribunal a soulign\u00e9 le \u00ab&nbsp;r\u00f4le central&nbsp;\u00bb de Marine Le Pen dans le syst\u00e8me visant \u00e0 d\u00e9tourner des fonds du Parlement europ\u00e9en. Ce syst\u00e8me, en place entre 2004 et 2016, aurait caus\u00e9 un pr\u00e9judice \u00e9valu\u00e9 \u00e0 pr\u00e8s de 7&nbsp;millions d\u2019euros, selon le Parlement europ\u00e9en.&nbsp;&nbsp;<\/p>\n\n\n\n<p>Cette condamnation repr\u00e9sente un s\u00e9isme politique en France, affectant le RN \u00e0 deux ans de l\u2019\u00e9lection pr\u00e9sidentielle. Jordan Bardella, actuel pr\u00e9sident du parti, pourrait \u00eatre amen\u00e9 \u00e0 jouer un r\u00f4le accru en l\u2019absence de Le Pen. Malgr\u00e9 le scandale, il est possible que les partisans de Le Pen se mobilisent en sa faveur, renfor\u00e7ant potentiellement le soutien \u00e0 l\u2019extr\u00eame droite.&nbsp;&nbsp;<\/p>\n\n    <div class=\"xs_social_share_widget xs_share_url after_content \t\tmain_content  wslu-style-3 wslu-share-box-shaped wslu-fill-brand-hover-colored wslu-share-m-5 wslu-none wslu-share-horizontal wslu-theme-font-no wslu-main_content\">\n\n\t\t\n        <ul>\n\t\t\t                    <li class=\"xs-share-li twitter                        wslu-no-extra-data\">\n                        <a href=\"javascript:void(0);\"\n                           id=\"xs_feed_twitter\"\n                           onclick=\"xs_social_sharer(this);\"\n                           data-pid=\"3252\"\n                           data-uri_hash=\"5f1fc52871733e5f9bd7f6c0a11a29cb\"\n                           data-key=\"twitter\"\n                           data-xs-href=\"https:\/\/twitter.com\/intent\/tweet?text=Marine+Le+Pen+estcondamn%C3%A9e+%C3%A0+2+ans+de+prison+ferme%2C+et+5+ans+d%E2%80%99in%C3%A9ligibilit%C3%A9+https%3A%2F%2Fvelipost.com%2Findex.php%3Frest_route%3D%252Fwp%252Fv2%252Fposts%252F3252&amp;original_referer=https%3A%2F%2Fvelipost.com%2Findex.php%3Frest_route%3D%252Fwp%252Fv2%252Fposts%252F3252&amp;related=xpeedstudio\">\n\n                            <div class=\"xs-social-icon\">\n                                <span class=\"met-social met-social-twitter\"><\/span>\n                            <\/div>\n\n\t\t\t\t\t\t\t\n                            <div class=\"wslu-hover-content\">\n                                <div class=\"xs-social-followers\">\n\t\t\t\t\t\t\t\t\t10                                <\/div>\n                                <div class=\"xs-social-follower-text\">\n\t\t\t\t\t\t\t\t\tShare                                <\/div>\n                                <div class=\"xs-social-follower-label\">\n\t\t\t\t\t\t\t\t\tTwitter                                <\/div>\n                            <\/div>\n                        <\/a>\n                    <\/li>\n\t\t\t\t\t                    <li class=\"xs-share-li telegram                        wslu-no-extra-data\">\n                        <a href=\"javascript:void(0);\"\n                           id=\"xs_feed_telegram\"\n                           onclick=\"xs_social_sharer(this);\"\n                           data-pid=\"3252\"\n                           data-uri_hash=\"5f1fc52871733e5f9bd7f6c0a11a29cb\"\n                           data-key=\"telegram\"\n                           data-xs-href=\"https:\/\/telegram.me\/share\/url?url=https%3A%2F%2Fvelipost.com%2Findex.php%3Frest_route%3D%252Fwp%252Fv2%252Fposts%252F3252&amp;text=Marine+Le+Pen+estcondamn%C3%A9e+%C3%A0+2+ans+de+prison+ferme%2C+et+5+ans+d%E2%80%99in%C3%A9ligibilit%C3%A9\">\n\n                            <div class=\"xs-social-icon\">\n                                <span class=\"met-social met-social-telegram\"><\/span>\n                            <\/div>\n\n\t\t\t\t\t\t\t\n                            <div class=\"wslu-hover-content\">\n                                <div class=\"xs-social-followers\">\n\t\t\t\t\t\t\t\t\t0                                <\/div>\n                                <div class=\"xs-social-follower-text\">\n\t\t\t\t\t\t\t\t\tShare                                <\/div>\n                                <div class=\"xs-social-follower-label\">\n\t\t\t\t\t\t\t\t\tTelegram                                <\/div>\n                            <\/div>\n                        <\/a>\n                    <\/li>\n\t\t\t\t\t                    <li class=\"xs-share-li email                        wslu-no-extra-data\">\n                        <a href=\"javascript:void(0);\"\n                           id=\"xs_feed_email\"\n                           onclick=\"xs_social_sharer(this);\"\n                           data-pid=\"3252\"\n                           data-uri_hash=\"5f1fc52871733e5f9bd7f6c0a11a29cb\"\n                           data-key=\"email\"\n                           data-xs-href=\"mailto:?body=Title%3A+Marine+Le+Pen+estcondamn%C3%A9e+%C3%A0+2+ans+de+prison+ferme%2C+et+5+ans+d%E2%80%99in%C3%A9ligibilit%C3%A9+%5Cn%5Cn+URL%3A+https%3A%2F%2Fvelipost.com%2Findex.php%3Frest_route%3D%252Fwp%252Fv2%252Fposts%252F3252&amp;subject=Marine+Le+Pen+estcondamn%C3%A9e+%C3%A0+2+ans+de+prison+ferme%2C+et+5+ans+d%E2%80%99in%C3%A9ligibilit%C3%A9\">\n\n                            <div class=\"xs-social-icon\">\n                                <span class=\"met-social met-social-email\"><\/span>\n                            <\/div>\n\n\t\t\t\t\t\t\t\n                            <div class=\"wslu-hover-content\">\n                                <div class=\"xs-social-followers\">\n\t\t\t\t\t\t\t\t\t0                                <\/div>\n                                <div class=\"xs-social-follower-text\">\n\t\t\t\t\t\t\t\t\tShare                                <\/div>\n                                <div class=\"xs-social-follower-label\">\n\t\t\t\t\t\t\t\t\tEmail                                <\/div>\n                            <\/div>\n                        <\/a>\n                    <\/li>\n\t\t\t\t\t        <\/ul>\n    <\/div> \n","protected":false},"excerpt":{"rendered":"<p>Marine Le Pen, pr\u00e9sidente du groupe Rassemblement national (RN) \u00e0 l\u2019Assembl\u00e9e nationale, a \u00e9t\u00e9 reconnue coupable de d\u00e9tournement de fonds publics dans l\u2019affaire des<\/p>\n","protected":false},"author":1,"featured_media":3253,"comment_status":"open","ping_status":"open","sticky":false,"template":"","format":"standard","meta":{"_uag_custom_page_level_css":"","footnotes":"","jetpack_publicize_message":"","jetpack_publicize_feature_enabled":true,"jetpack_social_post_already_shared":false,"jetpack_social_options":{"image_generator_settings":{"template":"highway","default_image_id":0,"font":"","enabled":false},"version":2}},"categories":[107],"tags":[],"class_list":["post-3252","post","type-post","status-publish","format-standard","has-post-thumbnail","hentry","category-international"],"yoast_head":"<!-- This site is optimized with the Yoast SEO plugin v25.3.1 - https:\/\/yoast.com\/wordpress\/plugins\/seo\/ -->\n<title>Marine Le Pen estcondamn\u00e9e \u00e0 2 ans de prison ferme, et 5 ans d\u2019in\u00e9ligibilit\u00e9 &#8211; VeliPost<\/title>\n<meta name=\"robots\" content=\"index, follow, max-snippet:-1, max-image-preview:large, max-video-preview:-1\" \/>\n<link rel=\"canonical\" href=\"https:\/\/velipost.com\/?p=3252\" \/>\n<meta property=\"og:locale\" content=\"fr_FR\" \/>\n<meta property=\"og:type\" content=\"article\" \/>\n<meta property=\"og:title\" content=\"Marine Le Pen estcondamn\u00e9e \u00e0 2 ans de prison ferme, et 5 ans d\u2019in\u00e9ligibilit\u00e9 &#8211; VeliPost\" \/>\n<meta property=\"og:description\" content=\"Marine Le Pen, pr\u00e9sidente du groupe Rassemblement national (RN) \u00e0 l\u2019Assembl\u00e9e nationale, a \u00e9t\u00e9 reconnue coupable de d\u00e9tournement de fonds publics dans l\u2019affaire des\" \/>\n<meta property=\"og:url\" content=\"https:\/\/velipost.com\/?p=3252\" \/>\n<meta property=\"og:site_name\" content=\"VeliPost\" \/>\n<meta property=\"article:publisher\" content=\"https:\/\/www.facebook.com\/veliposthaiti\" \/>\n<meta property=\"article:published_time\" content=\"2025-03-31T13:41:57+00:00\" \/>\n<meta property=\"article:modified_time\" content=\"2025-03-31T13:41:59+00:00\" \/>\n<meta property=\"og:image\" content=\"https:\/\/velipost.com\/wp-content\/uploads\/2025\/03\/Le-Pen.jpg\" \/>\n\t<meta property=\"og:image:width\" content=\"1170\" \/>\n\t<meta property=\"og:image:height\" content=\"603\" \/>\n\t<meta property=\"og:image:type\" content=\"image\/jpeg\" \/>\n<meta name=\"author\" content=\"VeliPost\" \/>\n<meta name=\"twitter:card\" content=\"summary_large_image\" \/>\n<meta name=\"twitter:creator\" content=\"@veliposthaiti\" \/>\n<meta name=\"twitter:site\" content=\"@veliposthaiti\" \/>\n<meta name=\"twitter:label1\" content=\"\u00c9crit par\" \/>\n\t<meta name=\"twitter:data1\" content=\"VeliPost\" \/>\n\t<meta name=\"twitter:label2\" content=\"Dur\u00e9e de lecture estim\u00e9e\" \/>\n\t<meta name=\"twitter:data2\" content=\"2 minutes\" \/>\n<script type=\"application\/ld+json\" class=\"yoast-schema-graph\">{\"@context\":\"https:\/\/schema.org\",\"@graph\":[{\"@type\":\"Article\",\"@id\":\"https:\/\/velipost.com\/?p=3252#article\",\"isPartOf\":{\"@id\":\"https:\/\/velipost.com\/?p=3252\"},\"author\":{\"name\":\"VeliPost\",\"@id\":\"https:\/\/velipost.com\/#\/schema\/person\/32ff49a53c9c1bb24302ee8ece058096\"},\"headline\":\"Marine Le Pen estcondamn\u00e9e \u00e0 2 ans de prison ferme, et 5 ans d\u2019in\u00e9ligibilit\u00e9\",\"datePublished\":\"2025-03-31T13:41:57+00:00\",\"dateModified\":\"2025-03-31T13:41:59+00:00\",\"mainEntityOfPage\":{\"@id\":\"https:\/\/velipost.com\/?p=3252\"},\"wordCount\":224,\"commentCount\":0,\"publisher\":{\"@id\":\"https:\/\/velipost.com\/#organization\"},\"image\":{\"@id\":\"https:\/\/velipost.com\/?p=3252#primaryimage\"},\"thumbnailUrl\":\"https:\/\/velipost.com\/wp-content\/uploads\/2025\/03\/Le-Pen.jpg\",\"articleSection\":[\"International\"],\"inLanguage\":\"fr-FR\",\"potentialAction\":[{\"@type\":\"CommentAction\",\"name\":\"Comment\",\"target\":[\"https:\/\/velipost.com\/?p=3252#respond\"]}]},{\"@type\":\"WebPage\",\"@id\":\"https:\/\/velipost.com\/?p=3252\",\"url\":\"https:\/\/velipost.com\/?p=3252\",\"name\":\"Marine Le Pen estcondamn\u00e9e \u00e0 2 ans de prison ferme, et 5 ans d\u2019in\u00e9ligibilit\u00e9 &#8211; VeliPost\",\"isPartOf\":{\"@id\":\"https:\/\/velipost.com\/#website\"},\"primaryImageOfPage\":{\"@id\":\"https:\/\/velipost.com\/?p=3252#primaryimage\"},\"image\":{\"@id\":\"https:\/\/velipost.com\/?p=3252#primaryimage\"},\"thumbnailUrl\":\"https:\/\/velipost.com\/wp-content\/uploads\/2025\/03\/Le-Pen.jpg\",\"datePublished\":\"2025-03-31T13:41:57+00:00\",\"dateModified\":\"2025-03-31T13:41:59+00:00\",\"breadcrumb\":{\"@id\":\"https:\/\/velipost.com\/?p=3252#breadcrumb\"},\"inLanguage\":\"fr-FR\",\"potentialAction\":[{\"@type\":\"ReadAction\",\"target\":[\"https:\/\/velipost.com\/?p=3252\"]}]},{\"@type\":\"ImageObject\",\"inLanguage\":\"fr-FR\",\"@id\":\"https:\/\/velipost.com\/?p=3252#primaryimage\",\"url\":\"https:\/\/velipost.com\/wp-content\/uploads\/2025\/03\/Le-Pen.jpg\",\"contentUrl\":\"https:\/\/velipost.com\/wp-content\/uploads\/2025\/03\/Le-Pen.jpg\",\"width\":1170,\"height\":603},{\"@type\":\"BreadcrumbList\",\"@id\":\"https:\/\/velipost.com\/?p=3252#breadcrumb\",\"itemListElement\":[{\"@type\":\"ListItem\",\"position\":1,\"name\":\"Accueil\",\"item\":\"https:\/\/velipost.com\/\"},{\"@type\":\"ListItem\",\"position\":2,\"name\":\"Marine Le Pen estcondamn\u00e9e \u00e0 2 ans de prison ferme, et 5 ans d\u2019in\u00e9ligibilit\u00e9\"}]},{\"@type\":\"WebSite\",\"@id\":\"https:\/\/velipost.com\/#website\",\"url\":\"https:\/\/velipost.com\/\",\"name\":\"VeliPost\",\"description\":\"L\u2019info en un clic\",\"publisher\":{\"@id\":\"https:\/\/velipost.com\/#organization\"},\"potentialAction\":[{\"@type\":\"SearchAction\",\"target\":{\"@type\":\"EntryPoint\",\"urlTemplate\":\"https:\/\/velipost.com\/?s={search_term_string}\"},\"query-input\":{\"@type\":\"PropertyValueSpecification\",\"valueRequired\":true,\"valueName\":\"search_term_string\"}}],\"inLanguage\":\"fr-FR\"},{\"@type\":\"Organization\",\"@id\":\"https:\/\/velipost.com\/#organization\",\"name\":\"VeliPost\",\"url\":\"https:\/\/velipost.com\/\",\"logo\":{\"@type\":\"ImageObject\",\"inLanguage\":\"fr-FR\",\"@id\":\"https:\/\/velipost.com\/#\/schema\/logo\/image\/\",\"url\":\"https:\/\/velipost.com\/wp-content\/uploads\/2024\/08\/cropped-VP-logo-piti.png\",\"contentUrl\":\"https:\/\/velipost.com\/wp-content\/uploads\/2024\/08\/cropped-VP-logo-piti.png\",\"width\":201,\"height\":69,\"caption\":\"VeliPost\"},\"image\":{\"@id\":\"https:\/\/velipost.com\/#\/schema\/logo\/image\/\"},\"sameAs\":[\"https:\/\/www.facebook.com\/veliposthaiti\",\"https:\/\/x.com\/veliposthaiti\",\"https:\/\/www.instagram.com\/veliposthaiti\"]},{\"@type\":\"Person\",\"@id\":\"https:\/\/velipost.com\/#\/schema\/person\/32ff49a53c9c1bb24302ee8ece058096\",\"name\":\"VeliPost\",\"image\":{\"@type\":\"ImageObject\",\"inLanguage\":\"fr-FR\",\"@id\":\"https:\/\/velipost.com\/#\/schema\/person\/image\/\",\"url\":\"https:\/\/secure.gravatar.com\/avatar\/57c226c264de62f794185a89596d4a37b85a5ad20aca30d9d5a478b27d8c8d9d?s=96&d=mm&r=g\",\"contentUrl\":\"https:\/\/secure.gravatar.com\/avatar\/57c226c264de62f794185a89596d4a37b85a5ad20aca30d9d5a478b27d8c8d9d?s=96&d=mm&r=g\",\"caption\":\"VeliPost\"},\"sameAs\":[\"https:\/\/velipost.com\"],\"url\":\"https:\/\/velipost.com\/?author=1\"}]}<\/script>\n<!-- \/ Yoast SEO plugin. -->","yoast_head_json":{"title":"Marine Le Pen estcondamn\u00e9e \u00e0 2 ans de prison ferme, et 5 ans d\u2019in\u00e9ligibilit\u00e9 &#8211; VeliPost","robots":{"index":"index","follow":"follow","max-snippet":"max-snippet:-1","max-image-preview":"max-image-preview:large","max-video-preview":"max-video-preview:-1"},"canonical":"https:\/\/velipost.com\/?p=3252","og_locale":"fr_FR","og_type":"article","og_title":"Marine Le Pen estcondamn\u00e9e \u00e0 2 ans de prison ferme, et 5 ans d\u2019in\u00e9ligibilit\u00e9 &#8211; VeliPost","og_description":"Marine Le Pen, pr\u00e9sidente du groupe Rassemblement national (RN) \u00e0 l\u2019Assembl\u00e9e nationale, a \u00e9t\u00e9 reconnue coupable de d\u00e9tournement de fonds publics dans l\u2019affaire des","og_url":"https:\/\/velipost.com\/?p=3252","og_site_name":"VeliPost","article_publisher":"https:\/\/www.facebook.com\/veliposthaiti","article_published_time":"2025-03-31T13:41:57+00:00","article_modified_time":"2025-03-31T13:41:59+00:00","og_image":[{"width":1170,"height":603,"url":"https:\/\/velipost.com\/wp-content\/uploads\/2025\/03\/Le-Pen.jpg","type":"image\/jpeg"}],"author":"VeliPost","twitter_card":"summary_large_image","twitter_creator":"@veliposthaiti","twitter_site":"@veliposthaiti","twitter_misc":{"\u00c9crit par":"VeliPost","Dur\u00e9e de lecture estim\u00e9e":"2 minutes"},"schema":{"@context":"https:\/\/schema.org","@graph":[{"@type":"Article","@id":"https:\/\/velipost.com\/?p=3252#article","isPartOf":{"@id":"https:\/\/velipost.com\/?p=3252"},"author":{"name":"VeliPost","@id":"https:\/\/velipost.com\/#\/schema\/person\/32ff49a53c9c1bb24302ee8ece058096"},"headline":"Marine Le Pen estcondamn\u00e9e \u00e0 2 ans de prison ferme, et 5 ans d\u2019in\u00e9ligibilit\u00e9","datePublished":"2025-03-31T13:41:57+00:00","dateModified":"2025-03-31T13:41:59+00:00","mainEntityOfPage":{"@id":"https:\/\/velipost.com\/?p=3252"},"wordCount":224,"commentCount":0,"publisher":{"@id":"https:\/\/velipost.com\/#organization"},"image":{"@id":"https:\/\/velipost.com\/?p=3252#primaryimage"},"thumbnailUrl":"https:\/\/velipost.com\/wp-content\/uploads\/2025\/03\/Le-Pen.jpg","articleSection":["International"],"inLanguage":"fr-FR","potentialAction":[{"@type":"CommentAction","name":"Comment","target":["https:\/\/velipost.com\/?p=3252#respond"]}]},{"@type":"WebPage","@id":"https:\/\/velipost.com\/?p=3252","url":"https:\/\/velipost.com\/?p=3252","name":"Marine Le Pen estcondamn\u00e9e \u00e0 2 ans de prison ferme, et 5 ans d\u2019in\u00e9ligibilit\u00e9 &#8211; VeliPost","isPartOf":{"@id":"https:\/\/velipost.com\/#website"},"primaryImageOfPage":{"@id":"https:\/\/velipost.com\/?p=3252#primaryimage"},"image":{"@id":"https:\/\/velipost.com\/?p=3252#primaryimage"},"thumbnailUrl":"https:\/\/velipost.com\/wp-content\/uploads\/2025\/03\/Le-Pen.jpg","datePublished":"2025-03-31T13:41:57+00:00","dateModified":"2025-03-31T13:41:59+00:00","breadcrumb":{"@id":"https:\/\/velipost.com\/?p=3252#breadcrumb"},"inLanguage":"fr-FR","potentialAction":[{"@type":"ReadAction","target":["https:\/\/velipost.com\/?p=3252"]}]},{"@type":"ImageObject","inLanguage":"fr-FR","@id":"https:\/\/velipost.com\/?p=3252#primaryimage","url":"https:\/\/velipost.com\/wp-content\/uploads\/2025\/03\/Le-Pen.jpg","contentUrl":"https:\/\/velipost.com\/wp-content\/uploads\/2025\/03\/Le-Pen.jpg","width":1170,"height":603},{"@type":"BreadcrumbList","@id":"https:\/\/velipost.com\/?p=3252#breadcrumb","itemListElement":[{"@type":"ListItem","position":1,"name":"Accueil","item":"https:\/\/velipost.com\/"},{"@type":"ListItem","position":2,"name":"Marine Le Pen estcondamn\u00e9e \u00e0 2 ans de prison ferme, et 5 ans d\u2019in\u00e9ligibilit\u00e9"}]},{"@type":"WebSite","@id":"https:\/\/velipost.com\/#website","url":"https:\/\/velipost.com\/","name":"VeliPost","description":"L\u2019info en un clic","publisher":{"@id":"https:\/\/velipost.com\/#organization"},"potentialAction":[{"@type":"SearchAction","target":{"@type":"EntryPoint","urlTemplate":"https:\/\/velipost.com\/?s={search_term_string}"},"query-input":{"@type":"PropertyValueSpecification","valueRequired":true,"valueName":"search_term_string"}}],"inLanguage":"fr-FR"},{"@type":"Organization","@id":"https:\/\/velipost.com\/#organization","name":"VeliPost","url":"https:\/\/velipost.com\/","logo":{"@type":"ImageObject","inLanguage":"fr-FR","@id":"https:\/\/velipost.com\/#\/schema\/logo\/image\/","url":"https:\/\/velipost.com\/wp-content\/uploads\/2024\/08\/cropped-VP-logo-piti.png","contentUrl":"https:\/\/velipost.com\/wp-content\/uploads\/2024\/08\/cropped-VP-logo-piti.png","width":201,"height":69,"caption":"VeliPost"},"image":{"@id":"https:\/\/velipost.com\/#\/schema\/logo\/image\/"},"sameAs":["https:\/\/www.facebook.com\/veliposthaiti","https:\/\/x.com\/veliposthaiti","https:\/\/www.instagram.com\/veliposthaiti"]},{"@type":"Person","@id":"https:\/\/velipost.com\/#\/schema\/person\/32ff49a53c9c1bb24302ee8ece058096","name":"VeliPost","image":{"@type":"ImageObject","inLanguage":"fr-FR","@id":"https:\/\/velipost.com\/#\/schema\/person\/image\/","url":"https:\/\/secure.gravatar.com\/avatar\/57c226c264de62f794185a89596d4a37b85a5ad20aca30d9d5a478b27d8c8d9d?s=96&d=mm&r=g","contentUrl":"https:\/\/secure.gravatar.com\/avatar\/57c226c264de62f794185a89596d4a37b85a5ad20aca30d9d5a478b27d8c8d9d?s=96&d=mm&r=g","caption":"VeliPost"},"sameAs":["https:\/\/velipost.com"],"url":"https:\/\/velipost.com\/?author=1"}]}},"views":1,"jetpack_publicize_connections":[],"uagb_featured_image_src":{"full":["https:\/\/velipost.com\/wp-content\/uploads\/2025\/03\/Le-Pen.jpg",1170,603,false],"thumbnail":["https:\/\/velipost.com\/wp-content\/uploads\/2025\/03\/Le-Pen-150x150.jpg",150,150,true],"medium":["https:\/\/velipost.com\/wp-content\/uploads\/2025\/03\/Le-Pen-300x155.jpg",300,155,true],"medium_large":["https:\/\/velipost.com\/wp-content\/uploads\/2025\/03\/Le-Pen-768x396.jpg",715,369,true],"large":["https:\/\/velipost.com\/wp-content\/uploads\/2025\/03\/Le-Pen-1024x528.jpg",715,369,true],"1536x1536":["https:\/\/velipost.com\/wp-content\/uploads\/2025\/03\/Le-Pen.jpg",1170,603,false],"2048x2048":["https:\/\/velipost.com\/wp-content\/uploads\/2025\/03\/Le-Pen.jpg",1170,603,false],"colornews-big-slider":["https:\/\/velipost.com\/wp-content\/uploads\/2025\/03\/Le-Pen-1070x470.jpg",1070,470,true],"colornews-big-slider-thumb":["https:\/\/velipost.com\/wp-content\/uploads\/2025\/03\/Le-Pen-184x109.jpg",184,109,true],"colornews-featured-post-medium":["https:\/\/velipost.com\/wp-content\/uploads\/2025\/03\/Le-Pen-345x265.jpg",345,265,true],"colornews-featured-post-small":["https:\/\/velipost.com\/wp-content\/uploads\/2025\/03\/Le-Pen-115x73.jpg",115,73,true],"colornews-random-posts":["https:\/\/velipost.com\/wp-content\/uploads\/2025\/03\/Le-Pen-215x215.jpg",215,215,true],"colornews-featured-image":["https:\/\/velipost.com\/wp-content\/uploads\/2025\/03\/Le-Pen-715x400.jpg",715,400,true],"mailpoet_newsletter_max":["https:\/\/velipost.com\/wp-content\/uploads\/2025\/03\/Le-Pen.jpg",1170,603,false]},"uagb_author_info":{"display_name":"VeliPost","author_link":"https:\/\/velipost.com\/?author=1"},"uagb_comment_info":0,"uagb_excerpt":"Marine Le Pen, pr\u00e9sidente du groupe Rassemblement national (RN) \u00e0 l\u2019Assembl\u00e9e nationale, a \u00e9t\u00e9 reconnue coupable de d\u00e9tournement de fonds publics dans l\u2019affaire des","_links":{"self":[{"href":"https:\/\/velipost.com\/index.php?rest_route=\/wp\/v2\/posts\/3252","targetHints":{"allow":["GET"]}}],"collection":[{"href":"https:\/\/velipost.com\/index.php?rest_route=\/wp\/v2\/posts"}],"about":[{"href":"https:\/\/velipost.com\/index.php?rest_route=\/wp\/v2\/types\/post"}],"author":[{"embeddable":true,"href":"https:\/\/velipost.com\/index.php?rest_route=\/wp\/v2\/users\/1"}],"replies":[{"embeddable":true,"href":"https:\/\/velipost.com\/index.php?rest_route=%2Fwp%2Fv2%2Fcomments&post=3252"}],"version-history":[{"count":1,"href":"https:\/\/velipost.com\/index.php?rest_route=\/wp\/v2\/posts\/3252\/revisions"}],"predecessor-version":[{"id":3254,"href":"https:\/\/velipost.com\/index.php?rest_route=\/wp\/v2\/posts\/3252\/revisions\/3254"}],"wp:featuredmedia":[{"embeddable":true,"href":"https:\/\/velipost.com\/index.php?rest_route=\/wp\/v2\/media\/3253"}],"wp:attachment":[{"href":"https:\/\/velipost.com\/index.php?rest_route=%2Fwp%2Fv2%2Fmedia&parent=3252"}],"wp:term":[{"taxonomy":"category","embeddable":true,"href":"https:\/\/velipost.com\/index.php?rest_route=%2Fwp%2Fv2%2Fcategories&post=3252"},{"taxonomy":"post_tag","embeddable":true,"href":"https:\/\/velipost.com\/index.php?rest_route=%2Fwp%2Fv2%2Ftags&post=3252"}],"curies":[{"name":"wp","href":"https:\/\/api.w.org\/{rel}","templated":true}]}}