{"id":3214,"date":"2025-03-28T23:43:15","date_gmt":"2025-03-28T22:43:15","guid":{"rendered":"https:\/\/velipost.com\/?p=3214"},"modified":"2025-03-29T20:12:03","modified_gmt":"2025-03-29T19:12:03","slug":"bresil-dorival-junior-limoge-la-cbf-en-quete-dun-nouveau-selectionneur","status":"publish","type":"post","link":"https:\/\/velipost.com\/?p=3214","title":{"rendered":"Br\u00e9sil : Dorival J\u00fanior limog\u00e9, la CBF en qu\u00eate d\u2019un nouveau s\u00e9lectionneur"},"content":{"rendered":"\n<p>La Conf\u00e9d\u00e9ration Br\u00e9silienne de Football (CBF) a pris une d\u00e9cision radicale.\u00a0Dorival J\u00fanior\u00a0n\u2019est plus le s\u00e9lectionneur de la\u00a0Sele\u00e7\u00e3o. Ce vendredi, plusieurs sources concordantes confirment que le technicien de 62 ans a \u00e9t\u00e9 d\u00e9mis de ses fonctions, une officialisation qui devrait intervenir dans les prochaines heures.<\/p>\n\n\n\n<p>Arriv\u00e9 en janvier 2024 pour succ\u00e9der \u00e0 Fernando Diniz, Dorival J\u00fanior n\u2019a jamais vraiment r\u00e9ussi \u00e0 imprimer sa marque sur une \u00e9quipe br\u00e9silienne en perte de vitesse. Son bilan en \u00e9liminatoires de la Coupe du Monde 2026 est inqui\u00e9tant, avec des r\u00e9sultats en dents de scie et une \u00e9quipe en manque de rep\u00e8res. La d\u00e9faite contre l\u2019Argentine (1-4)\u00a0lors de la derni\u00e8re tr\u00eave internationale a \u00e9t\u00e9 per\u00e7ue comme la goutte de trop.<\/p>\n\n\n\n<p>Face \u00e0 cette situation alarmante, la CBF a pr\u00e9f\u00e9r\u00e9 trancher, quitte \u00e0 payer le\u00a0salaire de Dorival J\u00fanior jusqu\u2019en 2026, ainsi qu\u2019une indemnit\u00e9 de licenciement.<\/p>\n\n\n\n<p>Avec ce limogeage, le Br\u00e9sil entre dans une nouvelle phase d\u2019incertitude. Plusieurs noms circulent d\u00e9j\u00e0 pour reprendre les r\u00eanes de la s\u00e9lection nationale, parmi lesquels :<\/p>\n\n\n\n<p>\u2022&nbsp;<strong>Jorge Jesus<\/strong>, actuel entra\u00eeneur d\u2019Al Hilal, qui serait l\u2019un des favoris pour le poste.<\/p>\n\n\n\n<p>\u2022&nbsp;<strong>Carlo Ancelotti<\/strong>, longtemps pressenti mais qui a finalement prolong\u00e9 avec le Real Madrid.<\/p>\n\n\n\n<p>\u2022&nbsp;<strong>Pep Guardiola<\/strong>, dont l\u2019arriv\u00e9e rel\u00e8verait du r\u00eave tant son avenir semble li\u00e9 \u00e0 Manchester City.<\/p>\n\n\n\n<p>\u2022&nbsp;<strong>Luis Philippe<\/strong>, un nom \u00e9galement \u00e9voqu\u00e9 en coulisses.<\/p>\n\n\n\n<p>L\u2019objectif est clair :\u00a0trouver un entra\u00eeneur capable de relancer une Sele\u00e7\u00e3o m\u00e9connaissable, en crise de r\u00e9sultats et de confiance. Avec la\u00a0Copa Am\u00e9rica 2025\u00a0et la\u00a0Coupe du Monde 2026\u00a0en ligne de mire, la CBF n\u2019a plus de temps \u00e0 perdre.<\/p>\n\n\n\n<p>Le futur s\u00e9lectionneur devra g\u00e9rer un groupe en pleine transition, entre la g\u00e9n\u00e9ration montante (Endrick, Vitor Roque) et les cadres en perte de vitesse. Apr\u00e8s plusieurs ann\u00e9es d\u2019instabilit\u00e9, la\u00a0Sele\u00e7\u00e3o\u00a0est \u00e0 un tournant d\u00e9cisif. Reste \u00e0 savoir qui aura la lourde t\u00e2che de remettre le Br\u00e9sil sur les rails du succ\u00e8s.<\/p>\n\n\n\n<p>\u27a1\ufe0f&nbsp;<strong>Qui voyez-vous \u00e0 la t\u00eate du Br\u00e9sil ?<\/strong>&nbsp;\u26bd\ud83c\udde7\ud83c\uddf7<\/p>\n\n    <div class=\"xs_social_share_widget xs_share_url after_content \t\tmain_content  wslu-style-3 wslu-share-box-shaped wslu-fill-brand-hover-colored wslu-share-m-5 wslu-none wslu-share-horizontal wslu-theme-font-no wslu-main_content\">\n\n\t\t\n        <ul>\n\t\t\t                    <li class=\"xs-share-li twitter                        wslu-no-extra-data\">\n                        <a href=\"javascript:void(0);\"\n                           id=\"xs_feed_twitter\"\n                           onclick=\"xs_social_sharer(this);\"\n                           data-pid=\"3214\"\n                           data-uri_hash=\"ca75e5a2b71050a8032914c3bfc63add\"\n                           data-key=\"twitter\"\n                           data-xs-href=\"https:\/\/twitter.com\/intent\/tweet?text=Br%C3%A9sil+%3A+Dorival+J%C3%BAnior+limog%C3%A9%2C+la+CBF+en+qu%C3%AAte+d%E2%80%99un+nouveau+s%C3%A9lectionneur+https%3A%2F%2Fvelipost.com%2Findex.php%3Frest_route%3D%252Fwp%252Fv2%252Fposts%252F3214&amp;original_referer=https%3A%2F%2Fvelipost.com%2Findex.php%3Frest_route%3D%252Fwp%252Fv2%252Fposts%252F3214&amp;related=xpeedstudio\">\n\n                            <div class=\"xs-social-icon\">\n                                <span class=\"met-social met-social-twitter\"><\/span>\n                            <\/div>\n\n\t\t\t\t\t\t\t\n                            <div class=\"wslu-hover-content\">\n                                <div class=\"xs-social-followers\">\n\t\t\t\t\t\t\t\t\t10                                <\/div>\n                                <div class=\"xs-social-follower-text\">\n\t\t\t\t\t\t\t\t\tShare                                <\/div>\n                                <div class=\"xs-social-follower-label\">\n\t\t\t\t\t\t\t\t\tTwitter                                <\/div>\n                            <\/div>\n                        <\/a>\n                    <\/li>\n\t\t\t\t\t                    <li class=\"xs-share-li telegram                        wslu-no-extra-data\">\n                        <a href=\"javascript:void(0);\"\n                           id=\"xs_feed_telegram\"\n                           onclick=\"xs_social_sharer(this);\"\n                           data-pid=\"3214\"\n                           data-uri_hash=\"ca75e5a2b71050a8032914c3bfc63add\"\n                           data-key=\"telegram\"\n                           data-xs-href=\"https:\/\/telegram.me\/share\/url?url=https%3A%2F%2Fvelipost.com%2Findex.php%3Frest_route%3D%252Fwp%252Fv2%252Fposts%252F3214&amp;text=Br%C3%A9sil+%3A+Dorival+J%C3%BAnior+limog%C3%A9%2C+la+CBF+en+qu%C3%AAte+d%E2%80%99un+nouveau+s%C3%A9lectionneur\">\n\n                            <div class=\"xs-social-icon\">\n                                <span class=\"met-social met-social-telegram\"><\/span>\n                            <\/div>\n\n\t\t\t\t\t\t\t\n                            <div class=\"wslu-hover-content\">\n                                <div class=\"xs-social-followers\">\n\t\t\t\t\t\t\t\t\t0                                <\/div>\n                                <div class=\"xs-social-follower-text\">\n\t\t\t\t\t\t\t\t\tShare                                <\/div>\n                                <div class=\"xs-social-follower-label\">\n\t\t\t\t\t\t\t\t\tTelegram                                <\/div>\n                            <\/div>\n                        <\/a>\n                    <\/li>\n\t\t\t\t\t                    <li class=\"xs-share-li email                        wslu-no-extra-data\">\n                        <a href=\"javascript:void(0);\"\n                           id=\"xs_feed_email\"\n                           onclick=\"xs_social_sharer(this);\"\n                           data-pid=\"3214\"\n                           data-uri_hash=\"ca75e5a2b71050a8032914c3bfc63add\"\n                           data-key=\"email\"\n                           data-xs-href=\"mailto:?body=Title%3A+Br%C3%A9sil+%3A+Dorival+J%C3%BAnior+limog%C3%A9%2C+la+CBF+en+qu%C3%AAte+d%E2%80%99un+nouveau+s%C3%A9lectionneur+%5Cn%5Cn+URL%3A+https%3A%2F%2Fvelipost.com%2Findex.php%3Frest_route%3D%252Fwp%252Fv2%252Fposts%252F3214&amp;subject=Br%C3%A9sil+%3A+Dorival+J%C3%BAnior+limog%C3%A9%2C+la+CBF+en+qu%C3%AAte+d%E2%80%99un+nouveau+s%C3%A9lectionneur\">\n\n                            <div class=\"xs-social-icon\">\n                                <span class=\"met-social met-social-email\"><\/span>\n                            <\/div>\n\n\t\t\t\t\t\t\t\n                            <div class=\"wslu-hover-content\">\n                                <div class=\"xs-social-followers\">\n\t\t\t\t\t\t\t\t\t0                                <\/div>\n                                <div class=\"xs-social-follower-text\">\n\t\t\t\t\t\t\t\t\tShare                                <\/div>\n                                <div class=\"xs-social-follower-label\">\n\t\t\t\t\t\t\t\t\tEmail                                <\/div>\n                            <\/div>\n                        <\/a>\n                    <\/li>\n\t\t\t\t\t        <\/ul>\n    <\/div> \n","protected":false},"excerpt":{"rendered":"<p>La Conf\u00e9d\u00e9ration Br\u00e9silienne de Football (CBF) a pris une d\u00e9cision radicale.\u00a0Dorival J\u00fanior\u00a0n\u2019est plus le s\u00e9lectionneur de la\u00a0Sele\u00e7\u00e3o. Ce vendredi, plusieurs sources concordantes confirment que<\/p>\n","protected":false},"author":1,"featured_media":3215,"comment_status":"open","ping_status":"open","sticky":false,"template":"","format":"standard","meta":{"_uag_custom_page_level_css":"","footnotes":"","jetpack_publicize_message":"","jetpack_publicize_feature_enabled":true,"jetpack_social_post_already_shared":false,"jetpack_social_options":{"image_generator_settings":{"template":"highway","default_image_id":0,"font":"","enabled":false},"version":2}},"categories":[102],"tags":[],"class_list":["post-3214","post","type-post","status-publish","format-standard","has-post-thumbnail","hentry","category-football"],"yoast_head":"<!-- This site is optimized with the Yoast SEO plugin v25.3.1 - https:\/\/yoast.com\/wordpress\/plugins\/seo\/ -->\n<title>Br\u00e9sil : Dorival J\u00fanior limog\u00e9, la CBF en qu\u00eate d\u2019un nouveau s\u00e9lectionneur &#8211; VeliPost<\/title>\n<meta name=\"robots\" content=\"index, follow, max-snippet:-1, max-image-preview:large, max-video-preview:-1\" \/>\n<link rel=\"canonical\" href=\"https:\/\/velipost.com\/?p=3214\" \/>\n<meta property=\"og:locale\" content=\"fr_FR\" \/>\n<meta property=\"og:type\" content=\"article\" \/>\n<meta property=\"og:title\" content=\"Br\u00e9sil : Dorival J\u00fanior limog\u00e9, la CBF en qu\u00eate d\u2019un nouveau s\u00e9lectionneur &#8211; VeliPost\" \/>\n<meta property=\"og:description\" content=\"La Conf\u00e9d\u00e9ration Br\u00e9silienne de Football (CBF) a pris une d\u00e9cision radicale.\u00a0Dorival J\u00fanior\u00a0n\u2019est plus le s\u00e9lectionneur de la\u00a0Sele\u00e7\u00e3o. Ce vendredi, plusieurs sources concordantes confirment que\" \/>\n<meta property=\"og:url\" content=\"https:\/\/velipost.com\/?p=3214\" \/>\n<meta property=\"og:site_name\" content=\"VeliPost\" \/>\n<meta property=\"article:publisher\" content=\"https:\/\/www.facebook.com\/veliposthaiti\" \/>\n<meta property=\"article:published_time\" content=\"2025-03-28T22:43:15+00:00\" \/>\n<meta property=\"article:modified_time\" content=\"2025-03-29T19:12:03+00:00\" \/>\n<meta property=\"og:image\" content=\"https:\/\/velipost.com\/wp-content\/uploads\/2025\/03\/dorival.jpg\" \/>\n\t<meta property=\"og:image:width\" content=\"1170\" \/>\n\t<meta property=\"og:image:height\" content=\"603\" \/>\n\t<meta property=\"og:image:type\" content=\"image\/jpeg\" \/>\n<meta name=\"author\" content=\"VeliPost\" \/>\n<meta name=\"twitter:card\" content=\"summary_large_image\" \/>\n<meta name=\"twitter:creator\" content=\"@veliposthaiti\" \/>\n<meta name=\"twitter:site\" content=\"@veliposthaiti\" \/>\n<meta name=\"twitter:label1\" content=\"\u00c9crit par\" \/>\n\t<meta name=\"twitter:data1\" content=\"VeliPost\" \/>\n\t<meta name=\"twitter:label2\" content=\"Dur\u00e9e de lecture estim\u00e9e\" \/>\n\t<meta name=\"twitter:data2\" content=\"2 minutes\" \/>\n<script type=\"application\/ld+json\" class=\"yoast-schema-graph\">{\"@context\":\"https:\/\/schema.org\",\"@graph\":[{\"@type\":\"Article\",\"@id\":\"https:\/\/velipost.com\/?p=3214#article\",\"isPartOf\":{\"@id\":\"https:\/\/velipost.com\/?p=3214\"},\"author\":{\"name\":\"VeliPost\",\"@id\":\"https:\/\/velipost.com\/#\/schema\/person\/32ff49a53c9c1bb24302ee8ece058096\"},\"headline\":\"Br\u00e9sil : Dorival J\u00fanior limog\u00e9, la CBF en qu\u00eate d\u2019un nouveau s\u00e9lectionneur\",\"datePublished\":\"2025-03-28T22:43:15+00:00\",\"dateModified\":\"2025-03-29T19:12:03+00:00\",\"mainEntityOfPage\":{\"@id\":\"https:\/\/velipost.com\/?p=3214\"},\"wordCount\":387,\"commentCount\":0,\"publisher\":{\"@id\":\"https:\/\/velipost.com\/#organization\"},\"image\":{\"@id\":\"https:\/\/velipost.com\/?p=3214#primaryimage\"},\"thumbnailUrl\":\"https:\/\/velipost.com\/wp-content\/uploads\/2025\/03\/dorival.jpg\",\"articleSection\":[\"Football\"],\"inLanguage\":\"fr-FR\",\"potentialAction\":[{\"@type\":\"CommentAction\",\"name\":\"Comment\",\"target\":[\"https:\/\/velipost.com\/?p=3214#respond\"]}]},{\"@type\":\"WebPage\",\"@id\":\"https:\/\/velipost.com\/?p=3214\",\"url\":\"https:\/\/velipost.com\/?p=3214\",\"name\":\"Br\u00e9sil : Dorival J\u00fanior limog\u00e9, la CBF en qu\u00eate d\u2019un nouveau s\u00e9lectionneur &#8211; VeliPost\",\"isPartOf\":{\"@id\":\"https:\/\/velipost.com\/#website\"},\"primaryImageOfPage\":{\"@id\":\"https:\/\/velipost.com\/?p=3214#primaryimage\"},\"image\":{\"@id\":\"https:\/\/velipost.com\/?p=3214#primaryimage\"},\"thumbnailUrl\":\"https:\/\/velipost.com\/wp-content\/uploads\/2025\/03\/dorival.jpg\",\"datePublished\":\"2025-03-28T22:43:15+00:00\",\"dateModified\":\"2025-03-29T19:12:03+00:00\",\"breadcrumb\":{\"@id\":\"https:\/\/velipost.com\/?p=3214#breadcrumb\"},\"inLanguage\":\"fr-FR\",\"potentialAction\":[{\"@type\":\"ReadAction\",\"target\":[\"https:\/\/velipost.com\/?p=3214\"]}]},{\"@type\":\"ImageObject\",\"inLanguage\":\"fr-FR\",\"@id\":\"https:\/\/velipost.com\/?p=3214#primaryimage\",\"url\":\"https:\/\/velipost.com\/wp-content\/uploads\/2025\/03\/dorival.jpg\",\"contentUrl\":\"https:\/\/velipost.com\/wp-content\/uploads\/2025\/03\/dorival.jpg\",\"width\":1170,\"height\":603},{\"@type\":\"BreadcrumbList\",\"@id\":\"https:\/\/velipost.com\/?p=3214#breadcrumb\",\"itemListElement\":[{\"@type\":\"ListItem\",\"position\":1,\"name\":\"Accueil\",\"item\":\"https:\/\/velipost.com\/\"},{\"@type\":\"ListItem\",\"position\":2,\"name\":\"Br\u00e9sil : Dorival J\u00fanior limog\u00e9, la CBF en qu\u00eate d\u2019un nouveau s\u00e9lectionneur\"}]},{\"@type\":\"WebSite\",\"@id\":\"https:\/\/velipost.com\/#website\",\"url\":\"https:\/\/velipost.com\/\",\"name\":\"VeliPost\",\"description\":\"L\u2019info en un clic\",\"publisher\":{\"@id\":\"https:\/\/velipost.com\/#organization\"},\"potentialAction\":[{\"@type\":\"SearchAction\",\"target\":{\"@type\":\"EntryPoint\",\"urlTemplate\":\"https:\/\/velipost.com\/?s={search_term_string}\"},\"query-input\":{\"@type\":\"PropertyValueSpecification\",\"valueRequired\":true,\"valueName\":\"search_term_string\"}}],\"inLanguage\":\"fr-FR\"},{\"@type\":\"Organization\",\"@id\":\"https:\/\/velipost.com\/#organization\",\"name\":\"VeliPost\",\"url\":\"https:\/\/velipost.com\/\",\"logo\":{\"@type\":\"ImageObject\",\"inLanguage\":\"fr-FR\",\"@id\":\"https:\/\/velipost.com\/#\/schema\/logo\/image\/\",\"url\":\"https:\/\/velipost.com\/wp-content\/uploads\/2024\/08\/cropped-VP-logo-piti.png\",\"contentUrl\":\"https:\/\/velipost.com\/wp-content\/uploads\/2024\/08\/cropped-VP-logo-piti.png\",\"width\":201,\"height\":69,\"caption\":\"VeliPost\"},\"image\":{\"@id\":\"https:\/\/velipost.com\/#\/schema\/logo\/image\/\"},\"sameAs\":[\"https:\/\/www.facebook.com\/veliposthaiti\",\"https:\/\/x.com\/veliposthaiti\",\"https:\/\/www.instagram.com\/veliposthaiti\"]},{\"@type\":\"Person\",\"@id\":\"https:\/\/velipost.com\/#\/schema\/person\/32ff49a53c9c1bb24302ee8ece058096\",\"name\":\"VeliPost\",\"image\":{\"@type\":\"ImageObject\",\"inLanguage\":\"fr-FR\",\"@id\":\"https:\/\/velipost.com\/#\/schema\/person\/image\/\",\"url\":\"https:\/\/secure.gravatar.com\/avatar\/57c226c264de62f794185a89596d4a37b85a5ad20aca30d9d5a478b27d8c8d9d?s=96&d=mm&r=g\",\"contentUrl\":\"https:\/\/secure.gravatar.com\/avatar\/57c226c264de62f794185a89596d4a37b85a5ad20aca30d9d5a478b27d8c8d9d?s=96&d=mm&r=g\",\"caption\":\"VeliPost\"},\"sameAs\":[\"https:\/\/velipost.com\"],\"url\":\"https:\/\/velipost.com\/?author=1\"}]}<\/script>\n<!-- \/ Yoast SEO plugin. -->","yoast_head_json":{"title":"Br\u00e9sil : Dorival J\u00fanior limog\u00e9, la CBF en qu\u00eate d\u2019un nouveau s\u00e9lectionneur &#8211; VeliPost","robots":{"index":"index","follow":"follow","max-snippet":"max-snippet:-1","max-image-preview":"max-image-preview:large","max-video-preview":"max-video-preview:-1"},"canonical":"https:\/\/velipost.com\/?p=3214","og_locale":"fr_FR","og_type":"article","og_title":"Br\u00e9sil : Dorival J\u00fanior limog\u00e9, la CBF en qu\u00eate d\u2019un nouveau s\u00e9lectionneur &#8211; VeliPost","og_description":"La Conf\u00e9d\u00e9ration Br\u00e9silienne de Football (CBF) a pris une d\u00e9cision radicale.\u00a0Dorival J\u00fanior\u00a0n\u2019est plus le s\u00e9lectionneur de la\u00a0Sele\u00e7\u00e3o. Ce vendredi, plusieurs sources concordantes confirment que","og_url":"https:\/\/velipost.com\/?p=3214","og_site_name":"VeliPost","article_publisher":"https:\/\/www.facebook.com\/veliposthaiti","article_published_time":"2025-03-28T22:43:15+00:00","article_modified_time":"2025-03-29T19:12:03+00:00","og_image":[{"width":1170,"height":603,"url":"https:\/\/velipost.com\/wp-content\/uploads\/2025\/03\/dorival.jpg","type":"image\/jpeg"}],"author":"VeliPost","twitter_card":"summary_large_image","twitter_creator":"@veliposthaiti","twitter_site":"@veliposthaiti","twitter_misc":{"\u00c9crit par":"VeliPost","Dur\u00e9e de lecture estim\u00e9e":"2 minutes"},"schema":{"@context":"https:\/\/schema.org","@graph":[{"@type":"Article","@id":"https:\/\/velipost.com\/?p=3214#article","isPartOf":{"@id":"https:\/\/velipost.com\/?p=3214"},"author":{"name":"VeliPost","@id":"https:\/\/velipost.com\/#\/schema\/person\/32ff49a53c9c1bb24302ee8ece058096"},"headline":"Br\u00e9sil : Dorival J\u00fanior limog\u00e9, la CBF en qu\u00eate d\u2019un nouveau s\u00e9lectionneur","datePublished":"2025-03-28T22:43:15+00:00","dateModified":"2025-03-29T19:12:03+00:00","mainEntityOfPage":{"@id":"https:\/\/velipost.com\/?p=3214"},"wordCount":387,"commentCount":0,"publisher":{"@id":"https:\/\/velipost.com\/#organization"},"image":{"@id":"https:\/\/velipost.com\/?p=3214#primaryimage"},"thumbnailUrl":"https:\/\/velipost.com\/wp-content\/uploads\/2025\/03\/dorival.jpg","articleSection":["Football"],"inLanguage":"fr-FR","potentialAction":[{"@type":"CommentAction","name":"Comment","target":["https:\/\/velipost.com\/?p=3214#respond"]}]},{"@type":"WebPage","@id":"https:\/\/velipost.com\/?p=3214","url":"https:\/\/velipost.com\/?p=3214","name":"Br\u00e9sil : Dorival J\u00fanior limog\u00e9, la CBF en qu\u00eate d\u2019un nouveau s\u00e9lectionneur &#8211; VeliPost","isPartOf":{"@id":"https:\/\/velipost.com\/#website"},"primaryImageOfPage":{"@id":"https:\/\/velipost.com\/?p=3214#primaryimage"},"image":{"@id":"https:\/\/velipost.com\/?p=3214#primaryimage"},"thumbnailUrl":"https:\/\/velipost.com\/wp-content\/uploads\/2025\/03\/dorival.jpg","datePublished":"2025-03-28T22:43:15+00:00","dateModified":"2025-03-29T19:12:03+00:00","breadcrumb":{"@id":"https:\/\/velipost.com\/?p=3214#breadcrumb"},"inLanguage":"fr-FR","potentialAction":[{"@type":"ReadAction","target":["https:\/\/velipost.com\/?p=3214"]}]},{"@type":"ImageObject","inLanguage":"fr-FR","@id":"https:\/\/velipost.com\/?p=3214#primaryimage","url":"https:\/\/velipost.com\/wp-content\/uploads\/2025\/03\/dorival.jpg","contentUrl":"https:\/\/velipost.com\/wp-content\/uploads\/2025\/03\/dorival.jpg","width":1170,"height":603},{"@type":"BreadcrumbList","@id":"https:\/\/velipost.com\/?p=3214#breadcrumb","itemListElement":[{"@type":"ListItem","position":1,"name":"Accueil","item":"https:\/\/velipost.com\/"},{"@type":"ListItem","position":2,"name":"Br\u00e9sil : Dorival J\u00fanior limog\u00e9, la CBF en qu\u00eate d\u2019un nouveau s\u00e9lectionneur"}]},{"@type":"WebSite","@id":"https:\/\/velipost.com\/#website","url":"https:\/\/velipost.com\/","name":"VeliPost","description":"L\u2019info en un clic","publisher":{"@id":"https:\/\/velipost.com\/#organization"},"potentialAction":[{"@type":"SearchAction","target":{"@type":"EntryPoint","urlTemplate":"https:\/\/velipost.com\/?s={search_term_string}"},"query-input":{"@type":"PropertyValueSpecification","valueRequired":true,"valueName":"search_term_string"}}],"inLanguage":"fr-FR"},{"@type":"Organization","@id":"https:\/\/velipost.com\/#organization","name":"VeliPost","url":"https:\/\/velipost.com\/","logo":{"@type":"ImageObject","inLanguage":"fr-FR","@id":"https:\/\/velipost.com\/#\/schema\/logo\/image\/","url":"https:\/\/velipost.com\/wp-content\/uploads\/2024\/08\/cropped-VP-logo-piti.png","contentUrl":"https:\/\/velipost.com\/wp-content\/uploads\/2024\/08\/cropped-VP-logo-piti.png","width":201,"height":69,"caption":"VeliPost"},"image":{"@id":"https:\/\/velipost.com\/#\/schema\/logo\/image\/"},"sameAs":["https:\/\/www.facebook.com\/veliposthaiti","https:\/\/x.com\/veliposthaiti","https:\/\/www.instagram.com\/veliposthaiti"]},{"@type":"Person","@id":"https:\/\/velipost.com\/#\/schema\/person\/32ff49a53c9c1bb24302ee8ece058096","name":"VeliPost","image":{"@type":"ImageObject","inLanguage":"fr-FR","@id":"https:\/\/velipost.com\/#\/schema\/person\/image\/","url":"https:\/\/secure.gravatar.com\/avatar\/57c226c264de62f794185a89596d4a37b85a5ad20aca30d9d5a478b27d8c8d9d?s=96&d=mm&r=g","contentUrl":"https:\/\/secure.gravatar.com\/avatar\/57c226c264de62f794185a89596d4a37b85a5ad20aca30d9d5a478b27d8c8d9d?s=96&d=mm&r=g","caption":"VeliPost"},"sameAs":["https:\/\/velipost.com"],"url":"https:\/\/velipost.com\/?author=1"}]}},"views":3,"jetpack_publicize_connections":[],"uagb_featured_image_src":{"full":["https:\/\/velipost.com\/wp-content\/uploads\/2025\/03\/dorival.jpg",1170,603,false],"thumbnail":["https:\/\/velipost.com\/wp-content\/uploads\/2025\/03\/dorival-150x150.jpg",150,150,true],"medium":["https:\/\/velipost.com\/wp-content\/uploads\/2025\/03\/dorival-300x155.jpg",300,155,true],"medium_large":["https:\/\/velipost.com\/wp-content\/uploads\/2025\/03\/dorival-768x396.jpg",715,369,true],"large":["https:\/\/velipost.com\/wp-content\/uploads\/2025\/03\/dorival-1024x528.jpg",715,369,true],"1536x1536":["https:\/\/velipost.com\/wp-content\/uploads\/2025\/03\/dorival.jpg",1170,603,false],"2048x2048":["https:\/\/velipost.com\/wp-content\/uploads\/2025\/03\/dorival.jpg",1170,603,false],"colornews-big-slider":["https:\/\/velipost.com\/wp-content\/uploads\/2025\/03\/dorival-1070x470.jpg",1070,470,true],"colornews-big-slider-thumb":["https:\/\/velipost.com\/wp-content\/uploads\/2025\/03\/dorival-184x109.jpg",184,109,true],"colornews-featured-post-medium":["https:\/\/velipost.com\/wp-content\/uploads\/2025\/03\/dorival-345x265.jpg",345,265,true],"colornews-featured-post-small":["https:\/\/velipost.com\/wp-content\/uploads\/2025\/03\/dorival-115x73.jpg",115,73,true],"colornews-random-posts":["https:\/\/velipost.com\/wp-content\/uploads\/2025\/03\/dorival-215x215.jpg",215,215,true],"colornews-featured-image":["https:\/\/velipost.com\/wp-content\/uploads\/2025\/03\/dorival-715x400.jpg",715,400,true],"mailpoet_newsletter_max":["https:\/\/velipost.com\/wp-content\/uploads\/2025\/03\/dorival.jpg",1170,603,false]},"uagb_author_info":{"display_name":"VeliPost","author_link":"https:\/\/velipost.com\/?author=1"},"uagb_comment_info":0,"uagb_excerpt":"La Conf\u00e9d\u00e9ration Br\u00e9silienne de Football (CBF) a pris une d\u00e9cision radicale.\u00a0Dorival J\u00fanior\u00a0n\u2019est plus le s\u00e9lectionneur de la\u00a0Sele\u00e7\u00e3o. Ce vendredi, plusieurs sources concordantes confirment que","_links":{"self":[{"href":"https:\/\/velipost.com\/index.php?rest_route=\/wp\/v2\/posts\/3214","targetHints":{"allow":["GET"]}}],"collection":[{"href":"https:\/\/velipost.com\/index.php?rest_route=\/wp\/v2\/posts"}],"about":[{"href":"https:\/\/velipost.com\/index.php?rest_route=\/wp\/v2\/types\/post"}],"author":[{"embeddable":true,"href":"https:\/\/velipost.com\/index.php?rest_route=\/wp\/v2\/users\/1"}],"replies":[{"embeddable":true,"href":"https:\/\/velipost.com\/index.php?rest_route=%2Fwp%2Fv2%2Fcomments&post=3214"}],"version-history":[{"count":1,"href":"https:\/\/velipost.com\/index.php?rest_route=\/wp\/v2\/posts\/3214\/revisions"}],"predecessor-version":[{"id":3217,"href":"https:\/\/velipost.com\/index.php?rest_route=\/wp\/v2\/posts\/3214\/revisions\/3217"}],"wp:featuredmedia":[{"embeddable":true,"href":"https:\/\/velipost.com\/index.php?rest_route=\/wp\/v2\/media\/3215"}],"wp:attachment":[{"href":"https:\/\/velipost.com\/index.php?rest_route=%2Fwp%2Fv2%2Fmedia&parent=3214"}],"wp:term":[{"taxonomy":"category","embeddable":true,"href":"https:\/\/velipost.com\/index.php?rest_route=%2Fwp%2Fv2%2Fcategories&post=3214"},{"taxonomy":"post_tag","embeddable":true,"href":"https:\/\/velipost.com\/index.php?rest_route=%2Fwp%2Fv2%2Ftags&post=3214"}],"curies":[{"name":"wp","href":"https:\/\/api.w.org\/{rel}","templated":true}]}}