{"id":3194,"date":"2025-03-24T17:11:21","date_gmt":"2025-03-24T16:11:21","guid":{"rendered":"https:\/\/velipost.com\/?p=3194"},"modified":"2025-03-24T17:14:25","modified_gmt":"2025-03-24T16:14:25","slug":"le-gouvernement-annonce-la-reouverture-du-tribunal-de-premiere-instance-de-port-au-prince-et-la-creation-de-poles-judiciaires-specialises","status":"publish","type":"post","link":"https:\/\/velipost.com\/?p=3194","title":{"rendered":"Le Gouvernement annonce la r\u00e9ouverture du Tribunal de Premi\u00e8re Instance de Port-au-Prince et la cr\u00e9ation de p\u00f4les judiciaires sp\u00e9cialis\u00e9s"},"content":{"rendered":"\n<p><strong>Port-au-Prince, 24 mars 2025<\/strong>\u00a0\u2013 Dans un communiqu\u00e9 officiel, le gouvernement ha\u00eftien, en accord avec le Conseil de Protection de la Transition (CPT), a annonc\u00e9 la r\u00e9ouverture du Tribunal de Premi\u00e8re Instance (TPI) de Port-au-Prince d\u00e8s la premi\u00e8re semaine d\u2019avril.<\/p>\n\n\n\n<p>Ferm\u00e9 depuis plusieurs mois en raison de l\u2019ins\u00e9curit\u00e9 et du manque de ressources, le TPI reprend ses activit\u00e9s pour offrir \u00e0 la population un acc\u00e8s effectif \u00e0 la justice. Cette d\u00e9cision marque une volont\u00e9 affirm\u00e9e de l\u2019\u00c9tat de redonner au syst\u00e8me judiciaire les moyens d\u2019exercer pleinement sa mission.<\/p>\n\n\n\n<p>Dans le m\u00eame \u00e9lan, le gouvernement pr\u00e9voit d\u2019adopter un d\u00e9cret lors du prochain Conseil des ministres instituant deux p\u00f4les judiciaires sp\u00e9cialis\u00e9s. Le premier sera charg\u00e9 de juger les crimes de masse, notamment les actes de violence \u00e0 grande \u00e9chelle contre la population et les violences sexuelles faites aux femmes et aux filles. Le second se concentrera sur la lutte contre la criminalit\u00e9 financi\u00e8re, incluant les affaires de corruption et de d\u00e9tournement de fonds publics.<\/p>\n\n\n\n<p>Ces initiatives visent \u00e0 assurer un traitement plus rigoureux des affaires sensibles et \u00e0 restaurer la confiance des citoyens dans les institutions judiciaires. \u00ab La justice doit \u00eatre un rempart contre l\u2019impunit\u00e9 et garantir que les victimes obtiennent r\u00e9paration \u00bb, pr\u00e9cise le communiqu\u00e9.<\/p>\n\n\n\n<p>En appelant l\u2019ensemble des acteurs de la justice \u00e0 s\u2019impliquer dans ces r\u00e9formes, l\u2019\u00c9tat entend poser les bases d\u2019un syst\u00e8me plus \u00e9quitable et efficace, capable de r\u00e9pondre aux d\u00e9fis s\u00e9curitaires et judiciaires du pays.<\/p>\n\n    <div class=\"xs_social_share_widget xs_share_url after_content \t\tmain_content  wslu-style-3 wslu-share-box-shaped wslu-fill-brand-hover-colored wslu-share-m-5 wslu-none wslu-share-horizontal wslu-theme-font-no wslu-main_content\">\n\n\t\t\n        <ul>\n\t\t\t                    <li class=\"xs-share-li twitter                        wslu-no-extra-data\">\n                        <a href=\"javascript:void(0);\"\n                           id=\"xs_feed_twitter\"\n                           onclick=\"xs_social_sharer(this);\"\n                           data-pid=\"3194\"\n                           data-uri_hash=\"b6250b601a6a4c0cb55e6630f3d56f1e\"\n                           data-key=\"twitter\"\n                           data-xs-href=\"https:\/\/twitter.com\/intent\/tweet?text=Le+Gouvernement+annonce+la+r%C3%A9ouverture+du+Tribunal+de+Premi%C3%A8re+Instance+de+Port-au-Prince+et+la+cr%C3%A9ation+de+p%C3%B4les+judiciaires+sp%C3%A9cialis%C3%A9s+https%3A%2F%2Fvelipost.com%2Findex.php%3Frest_route%3D%252Fwp%252Fv2%252Fposts%252F3194&amp;original_referer=https%3A%2F%2Fvelipost.com%2Findex.php%3Frest_route%3D%252Fwp%252Fv2%252Fposts%252F3194&amp;related=xpeedstudio\">\n\n                            <div class=\"xs-social-icon\">\n                                <span class=\"met-social met-social-twitter\"><\/span>\n                            <\/div>\n\n\t\t\t\t\t\t\t\n                            <div class=\"wslu-hover-content\">\n                                <div class=\"xs-social-followers\">\n\t\t\t\t\t\t\t\t\t10                                <\/div>\n                                <div class=\"xs-social-follower-text\">\n\t\t\t\t\t\t\t\t\tShare                                <\/div>\n                                <div class=\"xs-social-follower-label\">\n\t\t\t\t\t\t\t\t\tTwitter                                <\/div>\n                            <\/div>\n                        <\/a>\n                    <\/li>\n\t\t\t\t\t                    <li class=\"xs-share-li telegram                        wslu-no-extra-data\">\n                        <a href=\"javascript:void(0);\"\n                           id=\"xs_feed_telegram\"\n                           onclick=\"xs_social_sharer(this);\"\n                           data-pid=\"3194\"\n                           data-uri_hash=\"b6250b601a6a4c0cb55e6630f3d56f1e\"\n                           data-key=\"telegram\"\n                           data-xs-href=\"https:\/\/telegram.me\/share\/url?url=https%3A%2F%2Fvelipost.com%2Findex.php%3Frest_route%3D%252Fwp%252Fv2%252Fposts%252F3194&amp;text=Le+Gouvernement+annonce+la+r%C3%A9ouverture+du+Tribunal+de+Premi%C3%A8re+Instance+de+Port-au-Prince+et+la+cr%C3%A9ation+de+p%C3%B4les+judiciaires+sp%C3%A9cialis%C3%A9s\">\n\n                            <div class=\"xs-social-icon\">\n                                <span class=\"met-social met-social-telegram\"><\/span>\n                            <\/div>\n\n\t\t\t\t\t\t\t\n                            <div class=\"wslu-hover-content\">\n                                <div class=\"xs-social-followers\">\n\t\t\t\t\t\t\t\t\t0                                <\/div>\n                                <div class=\"xs-social-follower-text\">\n\t\t\t\t\t\t\t\t\tShare                                <\/div>\n                                <div class=\"xs-social-follower-label\">\n\t\t\t\t\t\t\t\t\tTelegram                                <\/div>\n                            <\/div>\n                        <\/a>\n                    <\/li>\n\t\t\t\t\t                    <li class=\"xs-share-li email                        wslu-no-extra-data\">\n                        <a href=\"javascript:void(0);\"\n                           id=\"xs_feed_email\"\n                           onclick=\"xs_social_sharer(this);\"\n                           data-pid=\"3194\"\n                           data-uri_hash=\"b6250b601a6a4c0cb55e6630f3d56f1e\"\n                           data-key=\"email\"\n                           data-xs-href=\"mailto:?body=Title%3A+Le+Gouvernement+annonce+la+r%C3%A9ouverture+du+Tribunal+de+Premi%C3%A8re+Instance+de+Port-au-Prince+et+la+cr%C3%A9ation+de+p%C3%B4les+judiciaires+sp%C3%A9cialis%C3%A9s+%5Cn%5Cn+URL%3A+https%3A%2F%2Fvelipost.com%2Findex.php%3Frest_route%3D%252Fwp%252Fv2%252Fposts%252F3194&amp;subject=Le+Gouvernement+annonce+la+r%C3%A9ouverture+du+Tribunal+de+Premi%C3%A8re+Instance+de+Port-au-Prince+et+la+cr%C3%A9ation+de+p%C3%B4les+judiciaires+sp%C3%A9cialis%C3%A9s\">\n\n                            <div class=\"xs-social-icon\">\n                                <span class=\"met-social met-social-email\"><\/span>\n                            <\/div>\n\n\t\t\t\t\t\t\t\n                            <div class=\"wslu-hover-content\">\n                                <div class=\"xs-social-followers\">\n\t\t\t\t\t\t\t\t\t0                                <\/div>\n                                <div class=\"xs-social-follower-text\">\n\t\t\t\t\t\t\t\t\tShare                                <\/div>\n                                <div class=\"xs-social-follower-label\">\n\t\t\t\t\t\t\t\t\tEmail                                <\/div>\n                            <\/div>\n                        <\/a>\n                    <\/li>\n\t\t\t\t\t        <\/ul>\n    <\/div> \n","protected":false},"excerpt":{"rendered":"<p>Port-au-Prince, 24 mars 2025\u00a0\u2013 Dans un communiqu\u00e9 officiel, le gouvernement ha\u00eftien, en accord avec le Conseil de Protection de la Transition (CPT), a annonc\u00e9<\/p>\n","protected":false},"author":1,"featured_media":3195,"comment_status":"open","ping_status":"open","sticky":false,"template":"","format":"standard","meta":{"_uag_custom_page_level_css":"","footnotes":"","jetpack_publicize_message":"","jetpack_publicize_feature_enabled":true,"jetpack_social_post_already_shared":false,"jetpack_social_options":{"image_generator_settings":{"template":"highway","default_image_id":0,"font":"","enabled":false},"version":2}},"categories":[259],"tags":[],"class_list":["post-3194","post","type-post","status-publish","format-standard","has-post-thumbnail","hentry","category-justice"],"yoast_head":"<!-- This site is optimized with the Yoast SEO plugin v25.3.1 - https:\/\/yoast.com\/wordpress\/plugins\/seo\/ -->\n<title>Le Gouvernement annonce la r\u00e9ouverture du Tribunal de Premi\u00e8re Instance de Port-au-Prince et la cr\u00e9ation de p\u00f4les judiciaires sp\u00e9cialis\u00e9s &#8211; VeliPost<\/title>\n<meta name=\"robots\" content=\"index, follow, max-snippet:-1, max-image-preview:large, max-video-preview:-1\" \/>\n<link rel=\"canonical\" href=\"https:\/\/velipost.com\/?p=3194\" \/>\n<meta property=\"og:locale\" content=\"fr_FR\" \/>\n<meta property=\"og:type\" content=\"article\" \/>\n<meta property=\"og:title\" content=\"Le Gouvernement annonce la r\u00e9ouverture du Tribunal de Premi\u00e8re Instance de Port-au-Prince et la cr\u00e9ation de p\u00f4les judiciaires sp\u00e9cialis\u00e9s &#8211; VeliPost\" \/>\n<meta property=\"og:description\" content=\"Port-au-Prince, 24 mars 2025\u00a0\u2013 Dans un communiqu\u00e9 officiel, le gouvernement ha\u00eftien, en accord avec le Conseil de Protection de la Transition (CPT), a annonc\u00e9\" \/>\n<meta property=\"og:url\" content=\"https:\/\/velipost.com\/?p=3194\" \/>\n<meta property=\"og:site_name\" content=\"VeliPost\" \/>\n<meta property=\"article:publisher\" content=\"https:\/\/www.facebook.com\/veliposthaiti\" \/>\n<meta property=\"article:published_time\" content=\"2025-03-24T16:11:21+00:00\" \/>\n<meta property=\"article:modified_time\" content=\"2025-03-24T16:14:25+00:00\" \/>\n<meta property=\"og:image\" content=\"https:\/\/velipost.com\/wp-content\/uploads\/2025\/03\/PM.jpg\" \/>\n\t<meta property=\"og:image:width\" content=\"1170\" \/>\n\t<meta property=\"og:image:height\" content=\"603\" \/>\n\t<meta property=\"og:image:type\" content=\"image\/jpeg\" \/>\n<meta name=\"author\" content=\"VeliPost\" \/>\n<meta name=\"twitter:card\" content=\"summary_large_image\" \/>\n<meta name=\"twitter:creator\" content=\"@veliposthaiti\" \/>\n<meta name=\"twitter:site\" content=\"@veliposthaiti\" \/>\n<meta name=\"twitter:label1\" content=\"\u00c9crit par\" \/>\n\t<meta name=\"twitter:data1\" content=\"VeliPost\" \/>\n\t<meta name=\"twitter:label2\" content=\"Dur\u00e9e de lecture estim\u00e9e\" \/>\n\t<meta name=\"twitter:data2\" content=\"2 minutes\" \/>\n<script type=\"application\/ld+json\" class=\"yoast-schema-graph\">{\"@context\":\"https:\/\/schema.org\",\"@graph\":[{\"@type\":\"Article\",\"@id\":\"https:\/\/velipost.com\/?p=3194#article\",\"isPartOf\":{\"@id\":\"https:\/\/velipost.com\/?p=3194\"},\"author\":{\"name\":\"VeliPost\",\"@id\":\"https:\/\/velipost.com\/#\/schema\/person\/32ff49a53c9c1bb24302ee8ece058096\"},\"headline\":\"Le Gouvernement annonce la r\u00e9ouverture du Tribunal de Premi\u00e8re Instance de Port-au-Prince et la cr\u00e9ation de p\u00f4les judiciaires sp\u00e9cialis\u00e9s\",\"datePublished\":\"2025-03-24T16:11:21+00:00\",\"dateModified\":\"2025-03-24T16:14:25+00:00\",\"mainEntityOfPage\":{\"@id\":\"https:\/\/velipost.com\/?p=3194\"},\"wordCount\":289,\"commentCount\":0,\"publisher\":{\"@id\":\"https:\/\/velipost.com\/#organization\"},\"image\":{\"@id\":\"https:\/\/velipost.com\/?p=3194#primaryimage\"},\"thumbnailUrl\":\"https:\/\/velipost.com\/wp-content\/uploads\/2025\/03\/PM.jpg\",\"articleSection\":[\"Justice\"],\"inLanguage\":\"fr-FR\",\"potentialAction\":[{\"@type\":\"CommentAction\",\"name\":\"Comment\",\"target\":[\"https:\/\/velipost.com\/?p=3194#respond\"]}]},{\"@type\":\"WebPage\",\"@id\":\"https:\/\/velipost.com\/?p=3194\",\"url\":\"https:\/\/velipost.com\/?p=3194\",\"name\":\"Le Gouvernement annonce la r\u00e9ouverture du Tribunal de Premi\u00e8re Instance de Port-au-Prince et la cr\u00e9ation de p\u00f4les judiciaires sp\u00e9cialis\u00e9s &#8211; VeliPost\",\"isPartOf\":{\"@id\":\"https:\/\/velipost.com\/#website\"},\"primaryImageOfPage\":{\"@id\":\"https:\/\/velipost.com\/?p=3194#primaryimage\"},\"image\":{\"@id\":\"https:\/\/velipost.com\/?p=3194#primaryimage\"},\"thumbnailUrl\":\"https:\/\/velipost.com\/wp-content\/uploads\/2025\/03\/PM.jpg\",\"datePublished\":\"2025-03-24T16:11:21+00:00\",\"dateModified\":\"2025-03-24T16:14:25+00:00\",\"breadcrumb\":{\"@id\":\"https:\/\/velipost.com\/?p=3194#breadcrumb\"},\"inLanguage\":\"fr-FR\",\"potentialAction\":[{\"@type\":\"ReadAction\",\"target\":[\"https:\/\/velipost.com\/?p=3194\"]}]},{\"@type\":\"ImageObject\",\"inLanguage\":\"fr-FR\",\"@id\":\"https:\/\/velipost.com\/?p=3194#primaryimage\",\"url\":\"https:\/\/velipost.com\/wp-content\/uploads\/2025\/03\/PM.jpg\",\"contentUrl\":\"https:\/\/velipost.com\/wp-content\/uploads\/2025\/03\/PM.jpg\",\"width\":1170,\"height\":603},{\"@type\":\"BreadcrumbList\",\"@id\":\"https:\/\/velipost.com\/?p=3194#breadcrumb\",\"itemListElement\":[{\"@type\":\"ListItem\",\"position\":1,\"name\":\"Accueil\",\"item\":\"https:\/\/velipost.com\/\"},{\"@type\":\"ListItem\",\"position\":2,\"name\":\"Le Gouvernement annonce la r\u00e9ouverture du Tribunal de Premi\u00e8re Instance de Port-au-Prince et la cr\u00e9ation de p\u00f4les judiciaires sp\u00e9cialis\u00e9s\"}]},{\"@type\":\"WebSite\",\"@id\":\"https:\/\/velipost.com\/#website\",\"url\":\"https:\/\/velipost.com\/\",\"name\":\"VeliPost\",\"description\":\"L\u2019info en un clic\",\"publisher\":{\"@id\":\"https:\/\/velipost.com\/#organization\"},\"potentialAction\":[{\"@type\":\"SearchAction\",\"target\":{\"@type\":\"EntryPoint\",\"urlTemplate\":\"https:\/\/velipost.com\/?s={search_term_string}\"},\"query-input\":{\"@type\":\"PropertyValueSpecification\",\"valueRequired\":true,\"valueName\":\"search_term_string\"}}],\"inLanguage\":\"fr-FR\"},{\"@type\":\"Organization\",\"@id\":\"https:\/\/velipost.com\/#organization\",\"name\":\"VeliPost\",\"url\":\"https:\/\/velipost.com\/\",\"logo\":{\"@type\":\"ImageObject\",\"inLanguage\":\"fr-FR\",\"@id\":\"https:\/\/velipost.com\/#\/schema\/logo\/image\/\",\"url\":\"https:\/\/velipost.com\/wp-content\/uploads\/2024\/08\/cropped-VP-logo-piti.png\",\"contentUrl\":\"https:\/\/velipost.com\/wp-content\/uploads\/2024\/08\/cropped-VP-logo-piti.png\",\"width\":201,\"height\":69,\"caption\":\"VeliPost\"},\"image\":{\"@id\":\"https:\/\/velipost.com\/#\/schema\/logo\/image\/\"},\"sameAs\":[\"https:\/\/www.facebook.com\/veliposthaiti\",\"https:\/\/x.com\/veliposthaiti\",\"https:\/\/www.instagram.com\/veliposthaiti\"]},{\"@type\":\"Person\",\"@id\":\"https:\/\/velipost.com\/#\/schema\/person\/32ff49a53c9c1bb24302ee8ece058096\",\"name\":\"VeliPost\",\"image\":{\"@type\":\"ImageObject\",\"inLanguage\":\"fr-FR\",\"@id\":\"https:\/\/velipost.com\/#\/schema\/person\/image\/\",\"url\":\"https:\/\/secure.gravatar.com\/avatar\/57c226c264de62f794185a89596d4a37b85a5ad20aca30d9d5a478b27d8c8d9d?s=96&d=mm&r=g\",\"contentUrl\":\"https:\/\/secure.gravatar.com\/avatar\/57c226c264de62f794185a89596d4a37b85a5ad20aca30d9d5a478b27d8c8d9d?s=96&d=mm&r=g\",\"caption\":\"VeliPost\"},\"sameAs\":[\"https:\/\/velipost.com\"],\"url\":\"https:\/\/velipost.com\/?author=1\"}]}<\/script>\n<!-- \/ Yoast SEO plugin. -->","yoast_head_json":{"title":"Le Gouvernement annonce la r\u00e9ouverture du Tribunal de Premi\u00e8re Instance de Port-au-Prince et la cr\u00e9ation de p\u00f4les judiciaires sp\u00e9cialis\u00e9s &#8211; VeliPost","robots":{"index":"index","follow":"follow","max-snippet":"max-snippet:-1","max-image-preview":"max-image-preview:large","max-video-preview":"max-video-preview:-1"},"canonical":"https:\/\/velipost.com\/?p=3194","og_locale":"fr_FR","og_type":"article","og_title":"Le Gouvernement annonce la r\u00e9ouverture du Tribunal de Premi\u00e8re Instance de Port-au-Prince et la cr\u00e9ation de p\u00f4les judiciaires sp\u00e9cialis\u00e9s &#8211; VeliPost","og_description":"Port-au-Prince, 24 mars 2025\u00a0\u2013 Dans un communiqu\u00e9 officiel, le gouvernement ha\u00eftien, en accord avec le Conseil de Protection de la Transition (CPT), a annonc\u00e9","og_url":"https:\/\/velipost.com\/?p=3194","og_site_name":"VeliPost","article_publisher":"https:\/\/www.facebook.com\/veliposthaiti","article_published_time":"2025-03-24T16:11:21+00:00","article_modified_time":"2025-03-24T16:14:25+00:00","og_image":[{"width":1170,"height":603,"url":"https:\/\/velipost.com\/wp-content\/uploads\/2025\/03\/PM.jpg","type":"image\/jpeg"}],"author":"VeliPost","twitter_card":"summary_large_image","twitter_creator":"@veliposthaiti","twitter_site":"@veliposthaiti","twitter_misc":{"\u00c9crit par":"VeliPost","Dur\u00e9e de lecture estim\u00e9e":"2 minutes"},"schema":{"@context":"https:\/\/schema.org","@graph":[{"@type":"Article","@id":"https:\/\/velipost.com\/?p=3194#article","isPartOf":{"@id":"https:\/\/velipost.com\/?p=3194"},"author":{"name":"VeliPost","@id":"https:\/\/velipost.com\/#\/schema\/person\/32ff49a53c9c1bb24302ee8ece058096"},"headline":"Le Gouvernement annonce la r\u00e9ouverture du Tribunal de Premi\u00e8re Instance de Port-au-Prince et la cr\u00e9ation de p\u00f4les judiciaires sp\u00e9cialis\u00e9s","datePublished":"2025-03-24T16:11:21+00:00","dateModified":"2025-03-24T16:14:25+00:00","mainEntityOfPage":{"@id":"https:\/\/velipost.com\/?p=3194"},"wordCount":289,"commentCount":0,"publisher":{"@id":"https:\/\/velipost.com\/#organization"},"image":{"@id":"https:\/\/velipost.com\/?p=3194#primaryimage"},"thumbnailUrl":"https:\/\/velipost.com\/wp-content\/uploads\/2025\/03\/PM.jpg","articleSection":["Justice"],"inLanguage":"fr-FR","potentialAction":[{"@type":"CommentAction","name":"Comment","target":["https:\/\/velipost.com\/?p=3194#respond"]}]},{"@type":"WebPage","@id":"https:\/\/velipost.com\/?p=3194","url":"https:\/\/velipost.com\/?p=3194","name":"Le Gouvernement annonce la r\u00e9ouverture du Tribunal de Premi\u00e8re Instance de Port-au-Prince et la cr\u00e9ation de p\u00f4les judiciaires sp\u00e9cialis\u00e9s &#8211; VeliPost","isPartOf":{"@id":"https:\/\/velipost.com\/#website"},"primaryImageOfPage":{"@id":"https:\/\/velipost.com\/?p=3194#primaryimage"},"image":{"@id":"https:\/\/velipost.com\/?p=3194#primaryimage"},"thumbnailUrl":"https:\/\/velipost.com\/wp-content\/uploads\/2025\/03\/PM.jpg","datePublished":"2025-03-24T16:11:21+00:00","dateModified":"2025-03-24T16:14:25+00:00","breadcrumb":{"@id":"https:\/\/velipost.com\/?p=3194#breadcrumb"},"inLanguage":"fr-FR","potentialAction":[{"@type":"ReadAction","target":["https:\/\/velipost.com\/?p=3194"]}]},{"@type":"ImageObject","inLanguage":"fr-FR","@id":"https:\/\/velipost.com\/?p=3194#primaryimage","url":"https:\/\/velipost.com\/wp-content\/uploads\/2025\/03\/PM.jpg","contentUrl":"https:\/\/velipost.com\/wp-content\/uploads\/2025\/03\/PM.jpg","width":1170,"height":603},{"@type":"BreadcrumbList","@id":"https:\/\/velipost.com\/?p=3194#breadcrumb","itemListElement":[{"@type":"ListItem","position":1,"name":"Accueil","item":"https:\/\/velipost.com\/"},{"@type":"ListItem","position":2,"name":"Le Gouvernement annonce la r\u00e9ouverture du Tribunal de Premi\u00e8re Instance de Port-au-Prince et la cr\u00e9ation de p\u00f4les judiciaires sp\u00e9cialis\u00e9s"}]},{"@type":"WebSite","@id":"https:\/\/velipost.com\/#website","url":"https:\/\/velipost.com\/","name":"VeliPost","description":"L\u2019info en un clic","publisher":{"@id":"https:\/\/velipost.com\/#organization"},"potentialAction":[{"@type":"SearchAction","target":{"@type":"EntryPoint","urlTemplate":"https:\/\/velipost.com\/?s={search_term_string}"},"query-input":{"@type":"PropertyValueSpecification","valueRequired":true,"valueName":"search_term_string"}}],"inLanguage":"fr-FR"},{"@type":"Organization","@id":"https:\/\/velipost.com\/#organization","name":"VeliPost","url":"https:\/\/velipost.com\/","logo":{"@type":"ImageObject","inLanguage":"fr-FR","@id":"https:\/\/velipost.com\/#\/schema\/logo\/image\/","url":"https:\/\/velipost.com\/wp-content\/uploads\/2024\/08\/cropped-VP-logo-piti.png","contentUrl":"https:\/\/velipost.com\/wp-content\/uploads\/2024\/08\/cropped-VP-logo-piti.png","width":201,"height":69,"caption":"VeliPost"},"image":{"@id":"https:\/\/velipost.com\/#\/schema\/logo\/image\/"},"sameAs":["https:\/\/www.facebook.com\/veliposthaiti","https:\/\/x.com\/veliposthaiti","https:\/\/www.instagram.com\/veliposthaiti"]},{"@type":"Person","@id":"https:\/\/velipost.com\/#\/schema\/person\/32ff49a53c9c1bb24302ee8ece058096","name":"VeliPost","image":{"@type":"ImageObject","inLanguage":"fr-FR","@id":"https:\/\/velipost.com\/#\/schema\/person\/image\/","url":"https:\/\/secure.gravatar.com\/avatar\/57c226c264de62f794185a89596d4a37b85a5ad20aca30d9d5a478b27d8c8d9d?s=96&d=mm&r=g","contentUrl":"https:\/\/secure.gravatar.com\/avatar\/57c226c264de62f794185a89596d4a37b85a5ad20aca30d9d5a478b27d8c8d9d?s=96&d=mm&r=g","caption":"VeliPost"},"sameAs":["https:\/\/velipost.com"],"url":"https:\/\/velipost.com\/?author=1"}]}},"views":1,"jetpack_publicize_connections":[],"uagb_featured_image_src":{"full":["https:\/\/velipost.com\/wp-content\/uploads\/2025\/03\/PM.jpg",1170,603,false],"thumbnail":["https:\/\/velipost.com\/wp-content\/uploads\/2025\/03\/PM-150x150.jpg",150,150,true],"medium":["https:\/\/velipost.com\/wp-content\/uploads\/2025\/03\/PM-300x155.jpg",300,155,true],"medium_large":["https:\/\/velipost.com\/wp-content\/uploads\/2025\/03\/PM-768x396.jpg",715,369,true],"large":["https:\/\/velipost.com\/wp-content\/uploads\/2025\/03\/PM-1024x528.jpg",715,369,true],"1536x1536":["https:\/\/velipost.com\/wp-content\/uploads\/2025\/03\/PM.jpg",1170,603,false],"2048x2048":["https:\/\/velipost.com\/wp-content\/uploads\/2025\/03\/PM.jpg",1170,603,false],"colornews-big-slider":["https:\/\/velipost.com\/wp-content\/uploads\/2025\/03\/PM-1070x470.jpg",1070,470,true],"colornews-big-slider-thumb":["https:\/\/velipost.com\/wp-content\/uploads\/2025\/03\/PM-184x109.jpg",184,109,true],"colornews-featured-post-medium":["https:\/\/velipost.com\/wp-content\/uploads\/2025\/03\/PM-345x265.jpg",345,265,true],"colornews-featured-post-small":["https:\/\/velipost.com\/wp-content\/uploads\/2025\/03\/PM-115x73.jpg",115,73,true],"colornews-random-posts":["https:\/\/velipost.com\/wp-content\/uploads\/2025\/03\/PM-215x215.jpg",215,215,true],"colornews-featured-image":["https:\/\/velipost.com\/wp-content\/uploads\/2025\/03\/PM-715x400.jpg",715,400,true],"mailpoet_newsletter_max":["https:\/\/velipost.com\/wp-content\/uploads\/2025\/03\/PM.jpg",1170,603,false]},"uagb_author_info":{"display_name":"VeliPost","author_link":"https:\/\/velipost.com\/?author=1"},"uagb_comment_info":0,"uagb_excerpt":"Port-au-Prince, 24 mars 2025\u00a0\u2013 Dans un communiqu\u00e9 officiel, le gouvernement ha\u00eftien, en accord avec le Conseil de Protection de la Transition (CPT), a annonc\u00e9","_links":{"self":[{"href":"https:\/\/velipost.com\/index.php?rest_route=\/wp\/v2\/posts\/3194","targetHints":{"allow":["GET"]}}],"collection":[{"href":"https:\/\/velipost.com\/index.php?rest_route=\/wp\/v2\/posts"}],"about":[{"href":"https:\/\/velipost.com\/index.php?rest_route=\/wp\/v2\/types\/post"}],"author":[{"embeddable":true,"href":"https:\/\/velipost.com\/index.php?rest_route=\/wp\/v2\/users\/1"}],"replies":[{"embeddable":true,"href":"https:\/\/velipost.com\/index.php?rest_route=%2Fwp%2Fv2%2Fcomments&post=3194"}],"version-history":[{"count":1,"href":"https:\/\/velipost.com\/index.php?rest_route=\/wp\/v2\/posts\/3194\/revisions"}],"predecessor-version":[{"id":3196,"href":"https:\/\/velipost.com\/index.php?rest_route=\/wp\/v2\/posts\/3194\/revisions\/3196"}],"wp:featuredmedia":[{"embeddable":true,"href":"https:\/\/velipost.com\/index.php?rest_route=\/wp\/v2\/media\/3195"}],"wp:attachment":[{"href":"https:\/\/velipost.com\/index.php?rest_route=%2Fwp%2Fv2%2Fmedia&parent=3194"}],"wp:term":[{"taxonomy":"category","embeddable":true,"href":"https:\/\/velipost.com\/index.php?rest_route=%2Fwp%2Fv2%2Fcategories&post=3194"},{"taxonomy":"post_tag","embeddable":true,"href":"https:\/\/velipost.com\/index.php?rest_route=%2Fwp%2Fv2%2Ftags&post=3194"}],"curies":[{"name":"wp","href":"https:\/\/api.w.org\/{rel}","templated":true}]}}