{"id":3181,"date":"2025-03-17T18:19:03","date_gmt":"2025-03-17T17:19:03","guid":{"rendered":"https:\/\/velipost.com\/?p=3181"},"modified":"2025-03-17T18:19:04","modified_gmt":"2025-03-17T17:19:04","slug":"rudy-thomas-sanon-affirme-avoir-recu-des-menaces-dassassinat","status":"publish","type":"post","link":"https:\/\/velipost.com\/?p=3181","title":{"rendered":"Rudy Thomas Sanon affirme avoir re\u00e7u des menaces d\u2019assassinat"},"content":{"rendered":"\n<p>Dans une d\u00e9claration choc faite lors de l\u2019\u00e9mission&nbsp;<strong>\u201cSe Sa Nou Vle\u201d<\/strong>&nbsp;sur&nbsp;<strong>Team Rudy Officiel<\/strong>, le journaliste et activiste&nbsp;<strong>Rudy Thomas Sanon<\/strong>&nbsp;a r\u00e9v\u00e9l\u00e9 que de nombreuses personnes l\u2019ont contact\u00e9 ces derniers temps pour l\u2019avertir d\u2019une menace s\u00e9rieuse. Parmi ceux qui l\u2019ont appel\u00e9, l\u2019Ambassade des \u00c9tats-Unis en Ha\u00efti a pris l\u2019initiative de le joindre directement pour l\u2019informer qu\u2019un complot contre sa vie aurait \u00e9t\u00e9 d\u00e9couvert.<\/p>\n\n\n\n<p>La situation s\u00e9curitaire en Ha\u00efti est de plus en plus pr\u00e9occupante. Les m\u00e9dias, journalistes et personnalit\u00e9s publiques sont r\u00e9guli\u00e8rement confront\u00e9s \u00e0 des intimidations, des menaces, voire des attaques physiques. Rudy Thomas Sanon, en tant que journaliste et animateur influent, n\u2019a pas \u00e9chapp\u00e9 \u00e0 cette r\u00e9alit\u00e9.<\/p>\n\n\n\n<p>Les raisons de cette menace contre lui restent floues, mais il est \u00e9vident que ses prises de position publiques et ses d\u00e9nonciations sur la situation politique et sociale de l\u2019\u00eele en ont fait une cible. Le journaliste a affirm\u00e9 qu\u2019il ne comptait pas se laisser intimider. \u201cJe reste fid\u00e8le \u00e0 ma mission d\u2019informer et de d\u00e9noncer ce qui ne va pas dans notre soci\u00e9t\u00e9\u201d, a-t-il d\u00e9clar\u00e9 avec d\u00e9termination.<\/p>\n\n\n\n<p>Ce n\u2019est pas la premi\u00e8re fois qu\u2019un journaliste en Ha\u00efti est la cible de menaces de mort. Ces derni\u00e8res ann\u00e9es, plusieurs figures m\u00e9diatiques ont \u00e9t\u00e9 victimes de pressions, d\u2019intimidations, voire d\u2019agressions physiques. La situation actuelle met en lumi\u00e8re les dangers auxquels sont confront\u00e9s les journalistes qui s\u2019engagent \u00e0 r\u00e9v\u00e9ler la v\u00e9rit\u00e9.<\/p>\n\n\n\n<p>L\u2019affaire reste \u00e0 suivre. Les autorit\u00e9s ha\u00eftiennes seront-elles en mesure de garantir sa s\u00e9curit\u00e9 ? En attendant, le journaliste continue son combat, fort du soutien de nombreux Ha\u00eftiens attach\u00e9s \u00e0 la libert\u00e9 de la presse.<\/p>\n\n    <div class=\"xs_social_share_widget xs_share_url after_content \t\tmain_content  wslu-style-3 wslu-share-box-shaped wslu-fill-brand-hover-colored wslu-share-m-5 wslu-none wslu-share-horizontal wslu-theme-font-no wslu-main_content\">\n\n\t\t\n        <ul>\n\t\t\t                    <li class=\"xs-share-li twitter                        wslu-no-extra-data\">\n                        <a href=\"javascript:void(0);\"\n                           id=\"xs_feed_twitter\"\n                           onclick=\"xs_social_sharer(this);\"\n                           data-pid=\"3181\"\n                           data-uri_hash=\"2dddb55c5d6dd0ab452369f76e520a11\"\n                           data-key=\"twitter\"\n                           data-xs-href=\"https:\/\/twitter.com\/intent\/tweet?text=Rudy+Thomas+Sanon+affirme+avoir+re%C3%A7u+des+menaces+d%E2%80%99assassinat+https%3A%2F%2Fvelipost.com%2Findex.php%3Frest_route%3D%252Fwp%252Fv2%252Fposts%252F3181&amp;original_referer=https%3A%2F%2Fvelipost.com%2Findex.php%3Frest_route%3D%252Fwp%252Fv2%252Fposts%252F3181&amp;related=xpeedstudio\">\n\n                            <div class=\"xs-social-icon\">\n                                <span class=\"met-social met-social-twitter\"><\/span>\n                            <\/div>\n\n\t\t\t\t\t\t\t\n                            <div class=\"wslu-hover-content\">\n                                <div class=\"xs-social-followers\">\n\t\t\t\t\t\t\t\t\t10                                <\/div>\n                                <div class=\"xs-social-follower-text\">\n\t\t\t\t\t\t\t\t\tShare                                <\/div>\n                                <div class=\"xs-social-follower-label\">\n\t\t\t\t\t\t\t\t\tTwitter                                <\/div>\n                            <\/div>\n                        <\/a>\n                    <\/li>\n\t\t\t\t\t                    <li class=\"xs-share-li telegram                        wslu-no-extra-data\">\n                        <a href=\"javascript:void(0);\"\n                           id=\"xs_feed_telegram\"\n                           onclick=\"xs_social_sharer(this);\"\n                           data-pid=\"3181\"\n                           data-uri_hash=\"2dddb55c5d6dd0ab452369f76e520a11\"\n                           data-key=\"telegram\"\n                           data-xs-href=\"https:\/\/telegram.me\/share\/url?url=https%3A%2F%2Fvelipost.com%2Findex.php%3Frest_route%3D%252Fwp%252Fv2%252Fposts%252F3181&amp;text=Rudy+Thomas+Sanon+affirme+avoir+re%C3%A7u+des+menaces+d%E2%80%99assassinat\">\n\n                            <div class=\"xs-social-icon\">\n                                <span class=\"met-social met-social-telegram\"><\/span>\n                            <\/div>\n\n\t\t\t\t\t\t\t\n                            <div class=\"wslu-hover-content\">\n                                <div class=\"xs-social-followers\">\n\t\t\t\t\t\t\t\t\t0                                <\/div>\n                                <div class=\"xs-social-follower-text\">\n\t\t\t\t\t\t\t\t\tShare                                <\/div>\n                                <div class=\"xs-social-follower-label\">\n\t\t\t\t\t\t\t\t\tTelegram                                <\/div>\n                            <\/div>\n                        <\/a>\n                    <\/li>\n\t\t\t\t\t                    <li class=\"xs-share-li email                        wslu-no-extra-data\">\n                        <a href=\"javascript:void(0);\"\n                           id=\"xs_feed_email\"\n                           onclick=\"xs_social_sharer(this);\"\n                           data-pid=\"3181\"\n                           data-uri_hash=\"2dddb55c5d6dd0ab452369f76e520a11\"\n                           data-key=\"email\"\n                           data-xs-href=\"mailto:?body=Title%3A+Rudy+Thomas+Sanon+affirme+avoir+re%C3%A7u+des+menaces+d%E2%80%99assassinat+%5Cn%5Cn+URL%3A+https%3A%2F%2Fvelipost.com%2Findex.php%3Frest_route%3D%252Fwp%252Fv2%252Fposts%252F3181&amp;subject=Rudy+Thomas+Sanon+affirme+avoir+re%C3%A7u+des+menaces+d%E2%80%99assassinat\">\n\n                            <div class=\"xs-social-icon\">\n                                <span class=\"met-social met-social-email\"><\/span>\n                            <\/div>\n\n\t\t\t\t\t\t\t\n                            <div class=\"wslu-hover-content\">\n                                <div class=\"xs-social-followers\">\n\t\t\t\t\t\t\t\t\t0                                <\/div>\n                                <div class=\"xs-social-follower-text\">\n\t\t\t\t\t\t\t\t\tShare                                <\/div>\n                                <div class=\"xs-social-follower-label\">\n\t\t\t\t\t\t\t\t\tEmail                                <\/div>\n                            <\/div>\n                        <\/a>\n                    <\/li>\n\t\t\t\t\t        <\/ul>\n    <\/div> \n","protected":false},"excerpt":{"rendered":"<p>Dans une d\u00e9claration choc faite lors de l\u2019\u00e9mission&nbsp;\u201cSe Sa Nou Vle\u201d&nbsp;sur&nbsp;Team Rudy Officiel, le journaliste et activiste&nbsp;Rudy Thomas Sanon&nbsp;a r\u00e9v\u00e9l\u00e9 que de nombreuses personnes<\/p>\n","protected":false},"author":1,"featured_media":3182,"comment_status":"open","ping_status":"open","sticky":false,"template":"","format":"standard","meta":{"_uag_custom_page_level_css":"","footnotes":"","jetpack_publicize_message":"","jetpack_publicize_feature_enabled":true,"jetpack_social_post_already_shared":false,"jetpack_social_options":{"image_generator_settings":{"template":"highway","default_image_id":0,"font":"","enabled":false},"version":2}},"categories":[253],"tags":[],"class_list":["post-3181","post","type-post","status-publish","format-standard","has-post-thumbnail","hentry","category-insecurite"],"yoast_head":"<!-- This site is optimized with the Yoast SEO plugin v25.3.1 - https:\/\/yoast.com\/wordpress\/plugins\/seo\/ -->\n<title>Rudy Thomas Sanon affirme avoir re\u00e7u des menaces d\u2019assassinat &#8211; VeliPost<\/title>\n<meta name=\"robots\" content=\"index, follow, max-snippet:-1, max-image-preview:large, max-video-preview:-1\" \/>\n<link rel=\"canonical\" href=\"https:\/\/velipost.com\/?p=3181\" \/>\n<meta property=\"og:locale\" content=\"fr_FR\" \/>\n<meta property=\"og:type\" content=\"article\" \/>\n<meta property=\"og:title\" content=\"Rudy Thomas Sanon affirme avoir re\u00e7u des menaces d\u2019assassinat &#8211; VeliPost\" \/>\n<meta property=\"og:description\" content=\"Dans une d\u00e9claration choc faite lors de l\u2019\u00e9mission&nbsp;\u201cSe Sa Nou Vle\u201d&nbsp;sur&nbsp;Team Rudy Officiel, le journaliste et activiste&nbsp;Rudy Thomas Sanon&nbsp;a r\u00e9v\u00e9l\u00e9 que de nombreuses personnes\" \/>\n<meta property=\"og:url\" content=\"https:\/\/velipost.com\/?p=3181\" \/>\n<meta property=\"og:site_name\" content=\"VeliPost\" \/>\n<meta property=\"article:publisher\" content=\"https:\/\/www.facebook.com\/veliposthaiti\" \/>\n<meta property=\"article:published_time\" content=\"2025-03-17T17:19:03+00:00\" \/>\n<meta property=\"article:modified_time\" content=\"2025-03-17T17:19:04+00:00\" \/>\n<meta property=\"og:image\" content=\"https:\/\/velipost.com\/wp-content\/uploads\/2025\/03\/rudy.jpg\" \/>\n\t<meta property=\"og:image:width\" content=\"1170\" \/>\n\t<meta property=\"og:image:height\" content=\"603\" \/>\n\t<meta property=\"og:image:type\" content=\"image\/jpeg\" \/>\n<meta name=\"author\" content=\"VeliPost\" \/>\n<meta name=\"twitter:card\" content=\"summary_large_image\" \/>\n<meta name=\"twitter:creator\" content=\"@veliposthaiti\" \/>\n<meta name=\"twitter:site\" content=\"@veliposthaiti\" \/>\n<meta name=\"twitter:label1\" content=\"\u00c9crit par\" \/>\n\t<meta name=\"twitter:data1\" content=\"VeliPost\" \/>\n\t<meta name=\"twitter:label2\" content=\"Dur\u00e9e de lecture estim\u00e9e\" \/>\n\t<meta name=\"twitter:data2\" content=\"2 minutes\" \/>\n<script type=\"application\/ld+json\" class=\"yoast-schema-graph\">{\"@context\":\"https:\/\/schema.org\",\"@graph\":[{\"@type\":\"Article\",\"@id\":\"https:\/\/velipost.com\/?p=3181#article\",\"isPartOf\":{\"@id\":\"https:\/\/velipost.com\/?p=3181\"},\"author\":{\"name\":\"VeliPost\",\"@id\":\"https:\/\/velipost.com\/#\/schema\/person\/32ff49a53c9c1bb24302ee8ece058096\"},\"headline\":\"Rudy Thomas Sanon affirme avoir re\u00e7u des menaces d\u2019assassinat\",\"datePublished\":\"2025-03-17T17:19:03+00:00\",\"dateModified\":\"2025-03-17T17:19:04+00:00\",\"mainEntityOfPage\":{\"@id\":\"https:\/\/velipost.com\/?p=3181\"},\"wordCount\":329,\"commentCount\":0,\"publisher\":{\"@id\":\"https:\/\/velipost.com\/#organization\"},\"image\":{\"@id\":\"https:\/\/velipost.com\/?p=3181#primaryimage\"},\"thumbnailUrl\":\"https:\/\/velipost.com\/wp-content\/uploads\/2025\/03\/rudy.jpg\",\"articleSection\":[\"Ins\u00e9curit\u00e9\"],\"inLanguage\":\"fr-FR\",\"potentialAction\":[{\"@type\":\"CommentAction\",\"name\":\"Comment\",\"target\":[\"https:\/\/velipost.com\/?p=3181#respond\"]}]},{\"@type\":\"WebPage\",\"@id\":\"https:\/\/velipost.com\/?p=3181\",\"url\":\"https:\/\/velipost.com\/?p=3181\",\"name\":\"Rudy Thomas Sanon affirme avoir re\u00e7u des menaces d\u2019assassinat &#8211; VeliPost\",\"isPartOf\":{\"@id\":\"https:\/\/velipost.com\/#website\"},\"primaryImageOfPage\":{\"@id\":\"https:\/\/velipost.com\/?p=3181#primaryimage\"},\"image\":{\"@id\":\"https:\/\/velipost.com\/?p=3181#primaryimage\"},\"thumbnailUrl\":\"https:\/\/velipost.com\/wp-content\/uploads\/2025\/03\/rudy.jpg\",\"datePublished\":\"2025-03-17T17:19:03+00:00\",\"dateModified\":\"2025-03-17T17:19:04+00:00\",\"breadcrumb\":{\"@id\":\"https:\/\/velipost.com\/?p=3181#breadcrumb\"},\"inLanguage\":\"fr-FR\",\"potentialAction\":[{\"@type\":\"ReadAction\",\"target\":[\"https:\/\/velipost.com\/?p=3181\"]}]},{\"@type\":\"ImageObject\",\"inLanguage\":\"fr-FR\",\"@id\":\"https:\/\/velipost.com\/?p=3181#primaryimage\",\"url\":\"https:\/\/velipost.com\/wp-content\/uploads\/2025\/03\/rudy.jpg\",\"contentUrl\":\"https:\/\/velipost.com\/wp-content\/uploads\/2025\/03\/rudy.jpg\",\"width\":1170,\"height\":603},{\"@type\":\"BreadcrumbList\",\"@id\":\"https:\/\/velipost.com\/?p=3181#breadcrumb\",\"itemListElement\":[{\"@type\":\"ListItem\",\"position\":1,\"name\":\"Accueil\",\"item\":\"https:\/\/velipost.com\/\"},{\"@type\":\"ListItem\",\"position\":2,\"name\":\"Rudy Thomas Sanon affirme avoir re\u00e7u des menaces d\u2019assassinat\"}]},{\"@type\":\"WebSite\",\"@id\":\"https:\/\/velipost.com\/#website\",\"url\":\"https:\/\/velipost.com\/\",\"name\":\"VeliPost\",\"description\":\"L\u2019info en un clic\",\"publisher\":{\"@id\":\"https:\/\/velipost.com\/#organization\"},\"potentialAction\":[{\"@type\":\"SearchAction\",\"target\":{\"@type\":\"EntryPoint\",\"urlTemplate\":\"https:\/\/velipost.com\/?s={search_term_string}\"},\"query-input\":{\"@type\":\"PropertyValueSpecification\",\"valueRequired\":true,\"valueName\":\"search_term_string\"}}],\"inLanguage\":\"fr-FR\"},{\"@type\":\"Organization\",\"@id\":\"https:\/\/velipost.com\/#organization\",\"name\":\"VeliPost\",\"url\":\"https:\/\/velipost.com\/\",\"logo\":{\"@type\":\"ImageObject\",\"inLanguage\":\"fr-FR\",\"@id\":\"https:\/\/velipost.com\/#\/schema\/logo\/image\/\",\"url\":\"https:\/\/velipost.com\/wp-content\/uploads\/2024\/08\/cropped-VP-logo-piti.png\",\"contentUrl\":\"https:\/\/velipost.com\/wp-content\/uploads\/2024\/08\/cropped-VP-logo-piti.png\",\"width\":201,\"height\":69,\"caption\":\"VeliPost\"},\"image\":{\"@id\":\"https:\/\/velipost.com\/#\/schema\/logo\/image\/\"},\"sameAs\":[\"https:\/\/www.facebook.com\/veliposthaiti\",\"https:\/\/x.com\/veliposthaiti\",\"https:\/\/www.instagram.com\/veliposthaiti\"]},{\"@type\":\"Person\",\"@id\":\"https:\/\/velipost.com\/#\/schema\/person\/32ff49a53c9c1bb24302ee8ece058096\",\"name\":\"VeliPost\",\"image\":{\"@type\":\"ImageObject\",\"inLanguage\":\"fr-FR\",\"@id\":\"https:\/\/velipost.com\/#\/schema\/person\/image\/\",\"url\":\"https:\/\/secure.gravatar.com\/avatar\/57c226c264de62f794185a89596d4a37b85a5ad20aca30d9d5a478b27d8c8d9d?s=96&d=mm&r=g\",\"contentUrl\":\"https:\/\/secure.gravatar.com\/avatar\/57c226c264de62f794185a89596d4a37b85a5ad20aca30d9d5a478b27d8c8d9d?s=96&d=mm&r=g\",\"caption\":\"VeliPost\"},\"sameAs\":[\"https:\/\/velipost.com\"],\"url\":\"https:\/\/velipost.com\/?author=1\"}]}<\/script>\n<!-- \/ Yoast SEO plugin. -->","yoast_head_json":{"title":"Rudy Thomas Sanon affirme avoir re\u00e7u des menaces d\u2019assassinat &#8211; VeliPost","robots":{"index":"index","follow":"follow","max-snippet":"max-snippet:-1","max-image-preview":"max-image-preview:large","max-video-preview":"max-video-preview:-1"},"canonical":"https:\/\/velipost.com\/?p=3181","og_locale":"fr_FR","og_type":"article","og_title":"Rudy Thomas Sanon affirme avoir re\u00e7u des menaces d\u2019assassinat &#8211; VeliPost","og_description":"Dans une d\u00e9claration choc faite lors de l\u2019\u00e9mission&nbsp;\u201cSe Sa Nou Vle\u201d&nbsp;sur&nbsp;Team Rudy Officiel, le journaliste et activiste&nbsp;Rudy Thomas Sanon&nbsp;a r\u00e9v\u00e9l\u00e9 que de nombreuses personnes","og_url":"https:\/\/velipost.com\/?p=3181","og_site_name":"VeliPost","article_publisher":"https:\/\/www.facebook.com\/veliposthaiti","article_published_time":"2025-03-17T17:19:03+00:00","article_modified_time":"2025-03-17T17:19:04+00:00","og_image":[{"width":1170,"height":603,"url":"https:\/\/velipost.com\/wp-content\/uploads\/2025\/03\/rudy.jpg","type":"image\/jpeg"}],"author":"VeliPost","twitter_card":"summary_large_image","twitter_creator":"@veliposthaiti","twitter_site":"@veliposthaiti","twitter_misc":{"\u00c9crit par":"VeliPost","Dur\u00e9e de lecture estim\u00e9e":"2 minutes"},"schema":{"@context":"https:\/\/schema.org","@graph":[{"@type":"Article","@id":"https:\/\/velipost.com\/?p=3181#article","isPartOf":{"@id":"https:\/\/velipost.com\/?p=3181"},"author":{"name":"VeliPost","@id":"https:\/\/velipost.com\/#\/schema\/person\/32ff49a53c9c1bb24302ee8ece058096"},"headline":"Rudy Thomas Sanon affirme avoir re\u00e7u des menaces d\u2019assassinat","datePublished":"2025-03-17T17:19:03+00:00","dateModified":"2025-03-17T17:19:04+00:00","mainEntityOfPage":{"@id":"https:\/\/velipost.com\/?p=3181"},"wordCount":329,"commentCount":0,"publisher":{"@id":"https:\/\/velipost.com\/#organization"},"image":{"@id":"https:\/\/velipost.com\/?p=3181#primaryimage"},"thumbnailUrl":"https:\/\/velipost.com\/wp-content\/uploads\/2025\/03\/rudy.jpg","articleSection":["Ins\u00e9curit\u00e9"],"inLanguage":"fr-FR","potentialAction":[{"@type":"CommentAction","name":"Comment","target":["https:\/\/velipost.com\/?p=3181#respond"]}]},{"@type":"WebPage","@id":"https:\/\/velipost.com\/?p=3181","url":"https:\/\/velipost.com\/?p=3181","name":"Rudy Thomas Sanon affirme avoir re\u00e7u des menaces d\u2019assassinat &#8211; VeliPost","isPartOf":{"@id":"https:\/\/velipost.com\/#website"},"primaryImageOfPage":{"@id":"https:\/\/velipost.com\/?p=3181#primaryimage"},"image":{"@id":"https:\/\/velipost.com\/?p=3181#primaryimage"},"thumbnailUrl":"https:\/\/velipost.com\/wp-content\/uploads\/2025\/03\/rudy.jpg","datePublished":"2025-03-17T17:19:03+00:00","dateModified":"2025-03-17T17:19:04+00:00","breadcrumb":{"@id":"https:\/\/velipost.com\/?p=3181#breadcrumb"},"inLanguage":"fr-FR","potentialAction":[{"@type":"ReadAction","target":["https:\/\/velipost.com\/?p=3181"]}]},{"@type":"ImageObject","inLanguage":"fr-FR","@id":"https:\/\/velipost.com\/?p=3181#primaryimage","url":"https:\/\/velipost.com\/wp-content\/uploads\/2025\/03\/rudy.jpg","contentUrl":"https:\/\/velipost.com\/wp-content\/uploads\/2025\/03\/rudy.jpg","width":1170,"height":603},{"@type":"BreadcrumbList","@id":"https:\/\/velipost.com\/?p=3181#breadcrumb","itemListElement":[{"@type":"ListItem","position":1,"name":"Accueil","item":"https:\/\/velipost.com\/"},{"@type":"ListItem","position":2,"name":"Rudy Thomas Sanon affirme avoir re\u00e7u des menaces d\u2019assassinat"}]},{"@type":"WebSite","@id":"https:\/\/velipost.com\/#website","url":"https:\/\/velipost.com\/","name":"VeliPost","description":"L\u2019info en un clic","publisher":{"@id":"https:\/\/velipost.com\/#organization"},"potentialAction":[{"@type":"SearchAction","target":{"@type":"EntryPoint","urlTemplate":"https:\/\/velipost.com\/?s={search_term_string}"},"query-input":{"@type":"PropertyValueSpecification","valueRequired":true,"valueName":"search_term_string"}}],"inLanguage":"fr-FR"},{"@type":"Organization","@id":"https:\/\/velipost.com\/#organization","name":"VeliPost","url":"https:\/\/velipost.com\/","logo":{"@type":"ImageObject","inLanguage":"fr-FR","@id":"https:\/\/velipost.com\/#\/schema\/logo\/image\/","url":"https:\/\/velipost.com\/wp-content\/uploads\/2024\/08\/cropped-VP-logo-piti.png","contentUrl":"https:\/\/velipost.com\/wp-content\/uploads\/2024\/08\/cropped-VP-logo-piti.png","width":201,"height":69,"caption":"VeliPost"},"image":{"@id":"https:\/\/velipost.com\/#\/schema\/logo\/image\/"},"sameAs":["https:\/\/www.facebook.com\/veliposthaiti","https:\/\/x.com\/veliposthaiti","https:\/\/www.instagram.com\/veliposthaiti"]},{"@type":"Person","@id":"https:\/\/velipost.com\/#\/schema\/person\/32ff49a53c9c1bb24302ee8ece058096","name":"VeliPost","image":{"@type":"ImageObject","inLanguage":"fr-FR","@id":"https:\/\/velipost.com\/#\/schema\/person\/image\/","url":"https:\/\/secure.gravatar.com\/avatar\/57c226c264de62f794185a89596d4a37b85a5ad20aca30d9d5a478b27d8c8d9d?s=96&d=mm&r=g","contentUrl":"https:\/\/secure.gravatar.com\/avatar\/57c226c264de62f794185a89596d4a37b85a5ad20aca30d9d5a478b27d8c8d9d?s=96&d=mm&r=g","caption":"VeliPost"},"sameAs":["https:\/\/velipost.com"],"url":"https:\/\/velipost.com\/?author=1"}]}},"views":1,"jetpack_publicize_connections":[],"uagb_featured_image_src":{"full":["https:\/\/velipost.com\/wp-content\/uploads\/2025\/03\/rudy.jpg",1170,603,false],"thumbnail":["https:\/\/velipost.com\/wp-content\/uploads\/2025\/03\/rudy-150x150.jpg",150,150,true],"medium":["https:\/\/velipost.com\/wp-content\/uploads\/2025\/03\/rudy-300x155.jpg",300,155,true],"medium_large":["https:\/\/velipost.com\/wp-content\/uploads\/2025\/03\/rudy-768x396.jpg",715,369,true],"large":["https:\/\/velipost.com\/wp-content\/uploads\/2025\/03\/rudy-1024x528.jpg",715,369,true],"1536x1536":["https:\/\/velipost.com\/wp-content\/uploads\/2025\/03\/rudy.jpg",1170,603,false],"2048x2048":["https:\/\/velipost.com\/wp-content\/uploads\/2025\/03\/rudy.jpg",1170,603,false],"colornews-big-slider":["https:\/\/velipost.com\/wp-content\/uploads\/2025\/03\/rudy-1070x470.jpg",1070,470,true],"colornews-big-slider-thumb":["https:\/\/velipost.com\/wp-content\/uploads\/2025\/03\/rudy-184x109.jpg",184,109,true],"colornews-featured-post-medium":["https:\/\/velipost.com\/wp-content\/uploads\/2025\/03\/rudy-345x265.jpg",345,265,true],"colornews-featured-post-small":["https:\/\/velipost.com\/wp-content\/uploads\/2025\/03\/rudy-115x73.jpg",115,73,true],"colornews-random-posts":["https:\/\/velipost.com\/wp-content\/uploads\/2025\/03\/rudy-215x215.jpg",215,215,true],"colornews-featured-image":["https:\/\/velipost.com\/wp-content\/uploads\/2025\/03\/rudy-715x400.jpg",715,400,true],"mailpoet_newsletter_max":["https:\/\/velipost.com\/wp-content\/uploads\/2025\/03\/rudy.jpg",1170,603,false]},"uagb_author_info":{"display_name":"VeliPost","author_link":"https:\/\/velipost.com\/?author=1"},"uagb_comment_info":0,"uagb_excerpt":"Dans une d\u00e9claration choc faite lors de l\u2019\u00e9mission&nbsp;\u201cSe Sa Nou Vle\u201d&nbsp;sur&nbsp;Team Rudy Officiel, le journaliste et activiste&nbsp;Rudy Thomas Sanon&nbsp;a r\u00e9v\u00e9l\u00e9 que de nombreuses personnes","_links":{"self":[{"href":"https:\/\/velipost.com\/index.php?rest_route=\/wp\/v2\/posts\/3181","targetHints":{"allow":["GET"]}}],"collection":[{"href":"https:\/\/velipost.com\/index.php?rest_route=\/wp\/v2\/posts"}],"about":[{"href":"https:\/\/velipost.com\/index.php?rest_route=\/wp\/v2\/types\/post"}],"author":[{"embeddable":true,"href":"https:\/\/velipost.com\/index.php?rest_route=\/wp\/v2\/users\/1"}],"replies":[{"embeddable":true,"href":"https:\/\/velipost.com\/index.php?rest_route=%2Fwp%2Fv2%2Fcomments&post=3181"}],"version-history":[{"count":1,"href":"https:\/\/velipost.com\/index.php?rest_route=\/wp\/v2\/posts\/3181\/revisions"}],"predecessor-version":[{"id":3183,"href":"https:\/\/velipost.com\/index.php?rest_route=\/wp\/v2\/posts\/3181\/revisions\/3183"}],"wp:featuredmedia":[{"embeddable":true,"href":"https:\/\/velipost.com\/index.php?rest_route=\/wp\/v2\/media\/3182"}],"wp:attachment":[{"href":"https:\/\/velipost.com\/index.php?rest_route=%2Fwp%2Fv2%2Fmedia&parent=3181"}],"wp:term":[{"taxonomy":"category","embeddable":true,"href":"https:\/\/velipost.com\/index.php?rest_route=%2Fwp%2Fv2%2Fcategories&post=3181"},{"taxonomy":"post_tag","embeddable":true,"href":"https:\/\/velipost.com\/index.php?rest_route=%2Fwp%2Fv2%2Ftags&post=3181"}],"curies":[{"name":"wp","href":"https:\/\/api.w.org\/{rel}","templated":true}]}}