{"id":3100,"date":"2025-02-24T02:18:36","date_gmt":"2025-02-24T01:18:36","guid":{"rendered":"https:\/\/velipost.com\/?p=3100"},"modified":"2025-02-24T02:18:38","modified_gmt":"2025-02-24T01:18:38","slug":"le-dr-claude-francois-prend-la-tete-de-la-dsni-un-nouveau-souffle-pour-la-sante-dans-les-nippes","status":"publish","type":"post","link":"https:\/\/velipost.com\/?p=3100","title":{"rendered":"Le Dr Claude FRAN\u00c7OIS prend la t\u00eate de la DSNI : Un nouveau souffle pour la sant\u00e9 dans les Nippes."},"content":{"rendered":"\n<p><strong>Le d\u00e9partement des Nippes entre dans une nouvelle phase avec l\u2019installation du Dr Claude FRAN\u00c7OIS \u00e0 la t\u00eate de la Direction D\u00e9partementale de la Sant\u00e9 des Nippes (DSNI). Dans un contexte o\u00f9 le syst\u00e8me de sant\u00e9 fait face \u00e0 de nombreux d\u00e9fis, cette nomination marque le d\u00e9but d\u2019une dynamique tourn\u00e9e vers l\u2019am\u00e9lioration des services, le renforcement des structures existantes et une gestion plus efficiente au b\u00e9n\u00e9fice de la population.<\/strong><\/p>\n\n\n\n<p>D\u00e8s son installation, le Dr FRAN\u00c7OIS a exprim\u00e9 sa volont\u00e9 de mettre en place une approche m\u00e9thodique et concert\u00e9e pour r\u00e9pondre aux besoins sanitaires du d\u00e9partement. Son action s\u2019inscrit dans le cadre des grandes orientations du Minist\u00e8re de la Sant\u00e9 Publique et de la Population (MSPP), avec un accent particulier sur trois axes majeurs :<br>1- L\u2019acc\u00e8s aux soins pour tous : Veiller \u00e0 ce que chaque citoyen, quel que soit son lieu de r\u00e9sidence, puisse b\u00e9n\u00e9ficier de soins de qualit\u00e9 en renfor\u00e7ant les centres de sant\u00e9 existants et en s\u2019assurant que le paquet de soins complet soit accessible sur tout le territoire.<\/p>\n\n\n\n<p>2- Un appui renforc\u00e9 aux plus vuln\u00e9rables : Mettre en place des m\u00e9canismes de soutien financier pour faciliter l\u2019acc\u00e8s aux soins des femmes enceintes, des enfants et des populations en situation de pr\u00e9carit\u00e9.<\/p>\n\n\n\n<p>3- La pr\u00e9vention et la sensibilisation : D\u00e9velopper des campagnes d\u2019\u00e9ducation sanitaire, de vaccination et de d\u00e9pistage pour lutter contre les maladies \u00e9vitables et promouvoir une meilleure prise en charge communautaire de la sant\u00e9.<\/p>\n\n\n\n<p>Conscient des nombreuses difficult\u00e9s auxquelles fait face le syst\u00e8me de sant\u00e9 dans les Nippes, le Dr FRAN\u00c7OIS mise sur une gestion rigoureuse et une collaboration \u00e9troite entre tous les acteurs du secteur. Il a insist\u00e9 sur l\u2019importance de l\u2019esprit d\u2019\u00e9quipe, affirmant que la r\u00e9ussite de cette mission repose sur une implication collective et un engagement sans faille de tous les professionnels de sant\u00e9.<\/p>\n\n\n\n<p>\u00ab Nous avons tous un r\u00f4le \u00e0 jouer. La sant\u00e9 est un bien commun qui n\u00e9cessite l\u2019engagement de chacun, du personnel soignant aux partenaires institutionnels. C\u2019est ensemble, dans un climat de solidarit\u00e9 et de concertation, que nous pourrons relever les d\u00e9fis qui nous attendent. \u00bb a-t-il d\u00e9clar\u00e9.<br>Avec cette nouvelle direction, une dynamique plus structur\u00e9e et plus proactive se met en place pour faire \u00e9voluer la sant\u00e9 dans les Nippes. Il s\u2019engage \u00e0 travailler sans rel\u00e2che pour am\u00e9liorer l\u2019offre de soins et garantir une prise en charge plus \u00e9quitable des patients.<\/p>\n\n\n\n<p><em>Les mois \u00e0 venir seront d\u00e9cisifs pour la mise en \u0153uvre de cette vision. Mais avec de la m\u00e9thode, de la d\u00e9termination et un v\u00e9ritable esprit d\u2019\u00e9quipe, les Nippes peuvent esp\u00e9rer un syst\u00e8me de sant\u00e9 plus efficace et plus adapt\u00e9 aux besoins de la population.<\/em><\/p>\n\n\n\n<p>\u00c0 suivre\u2026<\/p>\n\n\n\n<p>DIEUFORT Danove Jose Karly, M\u00e9decin.<\/p>\n\n    <div class=\"xs_social_share_widget xs_share_url after_content \t\tmain_content  wslu-style-3 wslu-share-box-shaped wslu-fill-brand-hover-colored wslu-share-m-5 wslu-none wslu-share-horizontal wslu-theme-font-no wslu-main_content\">\n\n\t\t\n        <ul>\n\t\t\t                    <li class=\"xs-share-li twitter                        wslu-no-extra-data\">\n                        <a href=\"javascript:void(0);\"\n                           id=\"xs_feed_twitter\"\n                           onclick=\"xs_social_sharer(this);\"\n                           data-pid=\"3100\"\n                           data-uri_hash=\"b5c948f95b9a83f392b101076d73af41\"\n                           data-key=\"twitter\"\n                           data-xs-href=\"https:\/\/twitter.com\/intent\/tweet?text=Le+Dr+Claude+FRAN%C3%87OIS+prend+la+t%C3%AAte+de+la+DSNI+%3A+Un+nouveau+souffle+pour+la+sant%C3%A9+dans+les+Nippes.+https%3A%2F%2Fvelipost.com%2Findex.php%3Frest_route%3D%252Fwp%252Fv2%252Fposts%252F3100&amp;original_referer=https%3A%2F%2Fvelipost.com%2Findex.php%3Frest_route%3D%252Fwp%252Fv2%252Fposts%252F3100&amp;related=xpeedstudio\">\n\n                            <div class=\"xs-social-icon\">\n                                <span class=\"met-social met-social-twitter\"><\/span>\n                            <\/div>\n\n\t\t\t\t\t\t\t\n                            <div class=\"wslu-hover-content\">\n                                <div class=\"xs-social-followers\">\n\t\t\t\t\t\t\t\t\t10                                <\/div>\n                                <div class=\"xs-social-follower-text\">\n\t\t\t\t\t\t\t\t\tShare                                <\/div>\n                                <div class=\"xs-social-follower-label\">\n\t\t\t\t\t\t\t\t\tTwitter                                <\/div>\n                            <\/div>\n                        <\/a>\n                    <\/li>\n\t\t\t\t\t                    <li class=\"xs-share-li telegram                        wslu-no-extra-data\">\n                        <a href=\"javascript:void(0);\"\n                           id=\"xs_feed_telegram\"\n                           onclick=\"xs_social_sharer(this);\"\n                           data-pid=\"3100\"\n                           data-uri_hash=\"b5c948f95b9a83f392b101076d73af41\"\n                           data-key=\"telegram\"\n                           data-xs-href=\"https:\/\/telegram.me\/share\/url?url=https%3A%2F%2Fvelipost.com%2Findex.php%3Frest_route%3D%252Fwp%252Fv2%252Fposts%252F3100&amp;text=Le+Dr+Claude+FRAN%C3%87OIS+prend+la+t%C3%AAte+de+la+DSNI+%3A+Un+nouveau+souffle+pour+la+sant%C3%A9+dans+les+Nippes.\">\n\n                            <div class=\"xs-social-icon\">\n                                <span class=\"met-social met-social-telegram\"><\/span>\n                            <\/div>\n\n\t\t\t\t\t\t\t\n                            <div class=\"wslu-hover-content\">\n                                <div class=\"xs-social-followers\">\n\t\t\t\t\t\t\t\t\t0                                <\/div>\n                                <div class=\"xs-social-follower-text\">\n\t\t\t\t\t\t\t\t\tShare                                <\/div>\n                                <div class=\"xs-social-follower-label\">\n\t\t\t\t\t\t\t\t\tTelegram                                <\/div>\n                            <\/div>\n                        <\/a>\n                    <\/li>\n\t\t\t\t\t                    <li class=\"xs-share-li email                        wslu-no-extra-data\">\n                        <a href=\"javascript:void(0);\"\n                           id=\"xs_feed_email\"\n                           onclick=\"xs_social_sharer(this);\"\n                           data-pid=\"3100\"\n                           data-uri_hash=\"b5c948f95b9a83f392b101076d73af41\"\n                           data-key=\"email\"\n                           data-xs-href=\"mailto:?body=Title%3A+Le+Dr+Claude+FRAN%C3%87OIS+prend+la+t%C3%AAte+de+la+DSNI+%3A+Un+nouveau+souffle+pour+la+sant%C3%A9+dans+les+Nippes.+%5Cn%5Cn+URL%3A+https%3A%2F%2Fvelipost.com%2Findex.php%3Frest_route%3D%252Fwp%252Fv2%252Fposts%252F3100&amp;subject=Le+Dr+Claude+FRAN%C3%87OIS+prend+la+t%C3%AAte+de+la+DSNI+%3A+Un+nouveau+souffle+pour+la+sant%C3%A9+dans+les+Nippes.\">\n\n                            <div class=\"xs-social-icon\">\n                                <span class=\"met-social met-social-email\"><\/span>\n                            <\/div>\n\n\t\t\t\t\t\t\t\n                            <div class=\"wslu-hover-content\">\n                                <div class=\"xs-social-followers\">\n\t\t\t\t\t\t\t\t\t0                                <\/div>\n                                <div class=\"xs-social-follower-text\">\n\t\t\t\t\t\t\t\t\tShare                                <\/div>\n                                <div class=\"xs-social-follower-label\">\n\t\t\t\t\t\t\t\t\tEmail                                <\/div>\n                            <\/div>\n                        <\/a>\n                    <\/li>\n\t\t\t\t\t        <\/ul>\n    <\/div> \n","protected":false},"excerpt":{"rendered":"<p>Le d\u00e9partement des Nippes entre dans une nouvelle phase avec l\u2019installation du Dr Claude FRAN\u00c7OIS \u00e0 la t\u00eate de la Direction D\u00e9partementale de la<\/p>\n","protected":false},"author":1,"featured_media":3101,"comment_status":"open","ping_status":"open","sticky":false,"template":"","format":"standard","meta":{"_uag_custom_page_level_css":"","footnotes":"","jetpack_publicize_message":"","jetpack_publicize_feature_enabled":true,"jetpack_social_post_already_shared":false,"jetpack_social_options":{"image_generator_settings":{"template":"highway","default_image_id":0,"font":"","enabled":false},"version":2}},"categories":[190],"tags":[],"class_list":["post-3100","post","type-post","status-publish","format-standard","has-post-thumbnail","hentry","category-sante"],"yoast_head":"<!-- This site is optimized with the Yoast SEO plugin v25.3.1 - https:\/\/yoast.com\/wordpress\/plugins\/seo\/ -->\n<title>Le Dr Claude FRAN\u00c7OIS prend la t\u00eate de la DSNI : Un nouveau souffle pour la sant\u00e9 dans les Nippes. &#8211; VeliPost<\/title>\n<meta name=\"robots\" content=\"index, follow, max-snippet:-1, max-image-preview:large, max-video-preview:-1\" \/>\n<link rel=\"canonical\" href=\"https:\/\/velipost.com\/?p=3100\" \/>\n<meta property=\"og:locale\" content=\"fr_FR\" \/>\n<meta property=\"og:type\" content=\"article\" \/>\n<meta property=\"og:title\" content=\"Le Dr Claude FRAN\u00c7OIS prend la t\u00eate de la DSNI : Un nouveau souffle pour la sant\u00e9 dans les Nippes. &#8211; VeliPost\" \/>\n<meta property=\"og:description\" content=\"Le d\u00e9partement des Nippes entre dans une nouvelle phase avec l\u2019installation du Dr Claude FRAN\u00c7OIS \u00e0 la t\u00eate de la Direction D\u00e9partementale de la\" \/>\n<meta property=\"og:url\" content=\"https:\/\/velipost.com\/?p=3100\" \/>\n<meta property=\"og:site_name\" content=\"VeliPost\" \/>\n<meta property=\"article:publisher\" content=\"https:\/\/www.facebook.com\/veliposthaiti\" \/>\n<meta property=\"article:published_time\" content=\"2025-02-24T01:18:36+00:00\" \/>\n<meta property=\"article:modified_time\" content=\"2025-02-24T01:18:38+00:00\" \/>\n<meta property=\"og:image\" content=\"https:\/\/velipost.com\/wp-content\/uploads\/2025\/02\/MSPP.jpg\" \/>\n\t<meta property=\"og:image:width\" content=\"1170\" \/>\n\t<meta property=\"og:image:height\" content=\"603\" \/>\n\t<meta property=\"og:image:type\" content=\"image\/jpeg\" \/>\n<meta name=\"author\" content=\"VeliPost\" \/>\n<meta name=\"twitter:card\" content=\"summary_large_image\" \/>\n<meta name=\"twitter:creator\" content=\"@veliposthaiti\" \/>\n<meta name=\"twitter:site\" content=\"@veliposthaiti\" \/>\n<meta name=\"twitter:label1\" content=\"\u00c9crit par\" \/>\n\t<meta name=\"twitter:data1\" content=\"VeliPost\" \/>\n\t<meta name=\"twitter:label2\" content=\"Dur\u00e9e de lecture estim\u00e9e\" \/>\n\t<meta name=\"twitter:data2\" content=\"3 minutes\" \/>\n<script type=\"application\/ld+json\" class=\"yoast-schema-graph\">{\"@context\":\"https:\/\/schema.org\",\"@graph\":[{\"@type\":\"Article\",\"@id\":\"https:\/\/velipost.com\/?p=3100#article\",\"isPartOf\":{\"@id\":\"https:\/\/velipost.com\/?p=3100\"},\"author\":{\"name\":\"VeliPost\",\"@id\":\"https:\/\/velipost.com\/#\/schema\/person\/32ff49a53c9c1bb24302ee8ece058096\"},\"headline\":\"Le Dr Claude FRAN\u00c7OIS prend la t\u00eate de la DSNI : Un nouveau souffle pour la sant\u00e9 dans les Nippes.\",\"datePublished\":\"2025-02-24T01:18:36+00:00\",\"dateModified\":\"2025-02-24T01:18:38+00:00\",\"mainEntityOfPage\":{\"@id\":\"https:\/\/velipost.com\/?p=3100\"},\"wordCount\":517,\"commentCount\":0,\"publisher\":{\"@id\":\"https:\/\/velipost.com\/#organization\"},\"image\":{\"@id\":\"https:\/\/velipost.com\/?p=3100#primaryimage\"},\"thumbnailUrl\":\"https:\/\/velipost.com\/wp-content\/uploads\/2025\/02\/MSPP.jpg\",\"articleSection\":[\"Sant\u00e9\"],\"inLanguage\":\"fr-FR\",\"potentialAction\":[{\"@type\":\"CommentAction\",\"name\":\"Comment\",\"target\":[\"https:\/\/velipost.com\/?p=3100#respond\"]}]},{\"@type\":\"WebPage\",\"@id\":\"https:\/\/velipost.com\/?p=3100\",\"url\":\"https:\/\/velipost.com\/?p=3100\",\"name\":\"Le Dr Claude FRAN\u00c7OIS prend la t\u00eate de la DSNI : Un nouveau souffle pour la sant\u00e9 dans les Nippes. &#8211; VeliPost\",\"isPartOf\":{\"@id\":\"https:\/\/velipost.com\/#website\"},\"primaryImageOfPage\":{\"@id\":\"https:\/\/velipost.com\/?p=3100#primaryimage\"},\"image\":{\"@id\":\"https:\/\/velipost.com\/?p=3100#primaryimage\"},\"thumbnailUrl\":\"https:\/\/velipost.com\/wp-content\/uploads\/2025\/02\/MSPP.jpg\",\"datePublished\":\"2025-02-24T01:18:36+00:00\",\"dateModified\":\"2025-02-24T01:18:38+00:00\",\"breadcrumb\":{\"@id\":\"https:\/\/velipost.com\/?p=3100#breadcrumb\"},\"inLanguage\":\"fr-FR\",\"potentialAction\":[{\"@type\":\"ReadAction\",\"target\":[\"https:\/\/velipost.com\/?p=3100\"]}]},{\"@type\":\"ImageObject\",\"inLanguage\":\"fr-FR\",\"@id\":\"https:\/\/velipost.com\/?p=3100#primaryimage\",\"url\":\"https:\/\/velipost.com\/wp-content\/uploads\/2025\/02\/MSPP.jpg\",\"contentUrl\":\"https:\/\/velipost.com\/wp-content\/uploads\/2025\/02\/MSPP.jpg\",\"width\":1170,\"height\":603},{\"@type\":\"BreadcrumbList\",\"@id\":\"https:\/\/velipost.com\/?p=3100#breadcrumb\",\"itemListElement\":[{\"@type\":\"ListItem\",\"position\":1,\"name\":\"Accueil\",\"item\":\"https:\/\/velipost.com\/\"},{\"@type\":\"ListItem\",\"position\":2,\"name\":\"Le Dr Claude FRAN\u00c7OIS prend la t\u00eate de la DSNI : Un nouveau souffle pour la sant\u00e9 dans les Nippes.\"}]},{\"@type\":\"WebSite\",\"@id\":\"https:\/\/velipost.com\/#website\",\"url\":\"https:\/\/velipost.com\/\",\"name\":\"VeliPost\",\"description\":\"L\u2019info en un clic\",\"publisher\":{\"@id\":\"https:\/\/velipost.com\/#organization\"},\"potentialAction\":[{\"@type\":\"SearchAction\",\"target\":{\"@type\":\"EntryPoint\",\"urlTemplate\":\"https:\/\/velipost.com\/?s={search_term_string}\"},\"query-input\":{\"@type\":\"PropertyValueSpecification\",\"valueRequired\":true,\"valueName\":\"search_term_string\"}}],\"inLanguage\":\"fr-FR\"},{\"@type\":\"Organization\",\"@id\":\"https:\/\/velipost.com\/#organization\",\"name\":\"VeliPost\",\"url\":\"https:\/\/velipost.com\/\",\"logo\":{\"@type\":\"ImageObject\",\"inLanguage\":\"fr-FR\",\"@id\":\"https:\/\/velipost.com\/#\/schema\/logo\/image\/\",\"url\":\"https:\/\/velipost.com\/wp-content\/uploads\/2024\/08\/cropped-VP-logo-piti.png\",\"contentUrl\":\"https:\/\/velipost.com\/wp-content\/uploads\/2024\/08\/cropped-VP-logo-piti.png\",\"width\":201,\"height\":69,\"caption\":\"VeliPost\"},\"image\":{\"@id\":\"https:\/\/velipost.com\/#\/schema\/logo\/image\/\"},\"sameAs\":[\"https:\/\/www.facebook.com\/veliposthaiti\",\"https:\/\/x.com\/veliposthaiti\",\"https:\/\/www.instagram.com\/veliposthaiti\"]},{\"@type\":\"Person\",\"@id\":\"https:\/\/velipost.com\/#\/schema\/person\/32ff49a53c9c1bb24302ee8ece058096\",\"name\":\"VeliPost\",\"image\":{\"@type\":\"ImageObject\",\"inLanguage\":\"fr-FR\",\"@id\":\"https:\/\/velipost.com\/#\/schema\/person\/image\/\",\"url\":\"https:\/\/secure.gravatar.com\/avatar\/57c226c264de62f794185a89596d4a37b85a5ad20aca30d9d5a478b27d8c8d9d?s=96&d=mm&r=g\",\"contentUrl\":\"https:\/\/secure.gravatar.com\/avatar\/57c226c264de62f794185a89596d4a37b85a5ad20aca30d9d5a478b27d8c8d9d?s=96&d=mm&r=g\",\"caption\":\"VeliPost\"},\"sameAs\":[\"https:\/\/velipost.com\"],\"url\":\"https:\/\/velipost.com\/?author=1\"}]}<\/script>\n<!-- \/ Yoast SEO plugin. -->","yoast_head_json":{"title":"Le Dr Claude FRAN\u00c7OIS prend la t\u00eate de la DSNI : Un nouveau souffle pour la sant\u00e9 dans les Nippes. &#8211; VeliPost","robots":{"index":"index","follow":"follow","max-snippet":"max-snippet:-1","max-image-preview":"max-image-preview:large","max-video-preview":"max-video-preview:-1"},"canonical":"https:\/\/velipost.com\/?p=3100","og_locale":"fr_FR","og_type":"article","og_title":"Le Dr Claude FRAN\u00c7OIS prend la t\u00eate de la DSNI : Un nouveau souffle pour la sant\u00e9 dans les Nippes. &#8211; VeliPost","og_description":"Le d\u00e9partement des Nippes entre dans une nouvelle phase avec l\u2019installation du Dr Claude FRAN\u00c7OIS \u00e0 la t\u00eate de la Direction D\u00e9partementale de la","og_url":"https:\/\/velipost.com\/?p=3100","og_site_name":"VeliPost","article_publisher":"https:\/\/www.facebook.com\/veliposthaiti","article_published_time":"2025-02-24T01:18:36+00:00","article_modified_time":"2025-02-24T01:18:38+00:00","og_image":[{"width":1170,"height":603,"url":"https:\/\/velipost.com\/wp-content\/uploads\/2025\/02\/MSPP.jpg","type":"image\/jpeg"}],"author":"VeliPost","twitter_card":"summary_large_image","twitter_creator":"@veliposthaiti","twitter_site":"@veliposthaiti","twitter_misc":{"\u00c9crit par":"VeliPost","Dur\u00e9e de lecture estim\u00e9e":"3 minutes"},"schema":{"@context":"https:\/\/schema.org","@graph":[{"@type":"Article","@id":"https:\/\/velipost.com\/?p=3100#article","isPartOf":{"@id":"https:\/\/velipost.com\/?p=3100"},"author":{"name":"VeliPost","@id":"https:\/\/velipost.com\/#\/schema\/person\/32ff49a53c9c1bb24302ee8ece058096"},"headline":"Le Dr Claude FRAN\u00c7OIS prend la t\u00eate de la DSNI : Un nouveau souffle pour la sant\u00e9 dans les Nippes.","datePublished":"2025-02-24T01:18:36+00:00","dateModified":"2025-02-24T01:18:38+00:00","mainEntityOfPage":{"@id":"https:\/\/velipost.com\/?p=3100"},"wordCount":517,"commentCount":0,"publisher":{"@id":"https:\/\/velipost.com\/#organization"},"image":{"@id":"https:\/\/velipost.com\/?p=3100#primaryimage"},"thumbnailUrl":"https:\/\/velipost.com\/wp-content\/uploads\/2025\/02\/MSPP.jpg","articleSection":["Sant\u00e9"],"inLanguage":"fr-FR","potentialAction":[{"@type":"CommentAction","name":"Comment","target":["https:\/\/velipost.com\/?p=3100#respond"]}]},{"@type":"WebPage","@id":"https:\/\/velipost.com\/?p=3100","url":"https:\/\/velipost.com\/?p=3100","name":"Le Dr Claude FRAN\u00c7OIS prend la t\u00eate de la DSNI : Un nouveau souffle pour la sant\u00e9 dans les Nippes. &#8211; VeliPost","isPartOf":{"@id":"https:\/\/velipost.com\/#website"},"primaryImageOfPage":{"@id":"https:\/\/velipost.com\/?p=3100#primaryimage"},"image":{"@id":"https:\/\/velipost.com\/?p=3100#primaryimage"},"thumbnailUrl":"https:\/\/velipost.com\/wp-content\/uploads\/2025\/02\/MSPP.jpg","datePublished":"2025-02-24T01:18:36+00:00","dateModified":"2025-02-24T01:18:38+00:00","breadcrumb":{"@id":"https:\/\/velipost.com\/?p=3100#breadcrumb"},"inLanguage":"fr-FR","potentialAction":[{"@type":"ReadAction","target":["https:\/\/velipost.com\/?p=3100"]}]},{"@type":"ImageObject","inLanguage":"fr-FR","@id":"https:\/\/velipost.com\/?p=3100#primaryimage","url":"https:\/\/velipost.com\/wp-content\/uploads\/2025\/02\/MSPP.jpg","contentUrl":"https:\/\/velipost.com\/wp-content\/uploads\/2025\/02\/MSPP.jpg","width":1170,"height":603},{"@type":"BreadcrumbList","@id":"https:\/\/velipost.com\/?p=3100#breadcrumb","itemListElement":[{"@type":"ListItem","position":1,"name":"Accueil","item":"https:\/\/velipost.com\/"},{"@type":"ListItem","position":2,"name":"Le Dr Claude FRAN\u00c7OIS prend la t\u00eate de la DSNI : Un nouveau souffle pour la sant\u00e9 dans les Nippes."}]},{"@type":"WebSite","@id":"https:\/\/velipost.com\/#website","url":"https:\/\/velipost.com\/","name":"VeliPost","description":"L\u2019info en un clic","publisher":{"@id":"https:\/\/velipost.com\/#organization"},"potentialAction":[{"@type":"SearchAction","target":{"@type":"EntryPoint","urlTemplate":"https:\/\/velipost.com\/?s={search_term_string}"},"query-input":{"@type":"PropertyValueSpecification","valueRequired":true,"valueName":"search_term_string"}}],"inLanguage":"fr-FR"},{"@type":"Organization","@id":"https:\/\/velipost.com\/#organization","name":"VeliPost","url":"https:\/\/velipost.com\/","logo":{"@type":"ImageObject","inLanguage":"fr-FR","@id":"https:\/\/velipost.com\/#\/schema\/logo\/image\/","url":"https:\/\/velipost.com\/wp-content\/uploads\/2024\/08\/cropped-VP-logo-piti.png","contentUrl":"https:\/\/velipost.com\/wp-content\/uploads\/2024\/08\/cropped-VP-logo-piti.png","width":201,"height":69,"caption":"VeliPost"},"image":{"@id":"https:\/\/velipost.com\/#\/schema\/logo\/image\/"},"sameAs":["https:\/\/www.facebook.com\/veliposthaiti","https:\/\/x.com\/veliposthaiti","https:\/\/www.instagram.com\/veliposthaiti"]},{"@type":"Person","@id":"https:\/\/velipost.com\/#\/schema\/person\/32ff49a53c9c1bb24302ee8ece058096","name":"VeliPost","image":{"@type":"ImageObject","inLanguage":"fr-FR","@id":"https:\/\/velipost.com\/#\/schema\/person\/image\/","url":"https:\/\/secure.gravatar.com\/avatar\/57c226c264de62f794185a89596d4a37b85a5ad20aca30d9d5a478b27d8c8d9d?s=96&d=mm&r=g","contentUrl":"https:\/\/secure.gravatar.com\/avatar\/57c226c264de62f794185a89596d4a37b85a5ad20aca30d9d5a478b27d8c8d9d?s=96&d=mm&r=g","caption":"VeliPost"},"sameAs":["https:\/\/velipost.com"],"url":"https:\/\/velipost.com\/?author=1"}]}},"views":1,"jetpack_publicize_connections":[],"uagb_featured_image_src":{"full":["https:\/\/velipost.com\/wp-content\/uploads\/2025\/02\/MSPP.jpg",1170,603,false],"thumbnail":["https:\/\/velipost.com\/wp-content\/uploads\/2025\/02\/MSPP-150x150.jpg",150,150,true],"medium":["https:\/\/velipost.com\/wp-content\/uploads\/2025\/02\/MSPP-300x155.jpg",300,155,true],"medium_large":["https:\/\/velipost.com\/wp-content\/uploads\/2025\/02\/MSPP-768x396.jpg",715,369,true],"large":["https:\/\/velipost.com\/wp-content\/uploads\/2025\/02\/MSPP-1024x528.jpg",715,369,true],"1536x1536":["https:\/\/velipost.com\/wp-content\/uploads\/2025\/02\/MSPP.jpg",1170,603,false],"2048x2048":["https:\/\/velipost.com\/wp-content\/uploads\/2025\/02\/MSPP.jpg",1170,603,false],"colornews-big-slider":["https:\/\/velipost.com\/wp-content\/uploads\/2025\/02\/MSPP-1070x470.jpg",1070,470,true],"colornews-big-slider-thumb":["https:\/\/velipost.com\/wp-content\/uploads\/2025\/02\/MSPP-184x109.jpg",184,109,true],"colornews-featured-post-medium":["https:\/\/velipost.com\/wp-content\/uploads\/2025\/02\/MSPP-345x265.jpg",345,265,true],"colornews-featured-post-small":["https:\/\/velipost.com\/wp-content\/uploads\/2025\/02\/MSPP-115x73.jpg",115,73,true],"colornews-random-posts":["https:\/\/velipost.com\/wp-content\/uploads\/2025\/02\/MSPP-215x215.jpg",215,215,true],"colornews-featured-image":["https:\/\/velipost.com\/wp-content\/uploads\/2025\/02\/MSPP-715x400.jpg",715,400,true],"mailpoet_newsletter_max":["https:\/\/velipost.com\/wp-content\/uploads\/2025\/02\/MSPP.jpg",1170,603,false]},"uagb_author_info":{"display_name":"VeliPost","author_link":"https:\/\/velipost.com\/?author=1"},"uagb_comment_info":0,"uagb_excerpt":"Le d\u00e9partement des Nippes entre dans une nouvelle phase avec l\u2019installation du Dr Claude FRAN\u00c7OIS \u00e0 la t\u00eate de la Direction D\u00e9partementale de la","_links":{"self":[{"href":"https:\/\/velipost.com\/index.php?rest_route=\/wp\/v2\/posts\/3100","targetHints":{"allow":["GET"]}}],"collection":[{"href":"https:\/\/velipost.com\/index.php?rest_route=\/wp\/v2\/posts"}],"about":[{"href":"https:\/\/velipost.com\/index.php?rest_route=\/wp\/v2\/types\/post"}],"author":[{"embeddable":true,"href":"https:\/\/velipost.com\/index.php?rest_route=\/wp\/v2\/users\/1"}],"replies":[{"embeddable":true,"href":"https:\/\/velipost.com\/index.php?rest_route=%2Fwp%2Fv2%2Fcomments&post=3100"}],"version-history":[{"count":1,"href":"https:\/\/velipost.com\/index.php?rest_route=\/wp\/v2\/posts\/3100\/revisions"}],"predecessor-version":[{"id":3102,"href":"https:\/\/velipost.com\/index.php?rest_route=\/wp\/v2\/posts\/3100\/revisions\/3102"}],"wp:featuredmedia":[{"embeddable":true,"href":"https:\/\/velipost.com\/index.php?rest_route=\/wp\/v2\/media\/3101"}],"wp:attachment":[{"href":"https:\/\/velipost.com\/index.php?rest_route=%2Fwp%2Fv2%2Fmedia&parent=3100"}],"wp:term":[{"taxonomy":"category","embeddable":true,"href":"https:\/\/velipost.com\/index.php?rest_route=%2Fwp%2Fv2%2Fcategories&post=3100"},{"taxonomy":"post_tag","embeddable":true,"href":"https:\/\/velipost.com\/index.php?rest_route=%2Fwp%2Fv2%2Ftags&post=3100"}],"curies":[{"name":"wp","href":"https:\/\/api.w.org\/{rel}","templated":true}]}}