{"id":3084,"date":"2025-02-21T20:56:31","date_gmt":"2025-02-21T19:56:31","guid":{"rendered":"https:\/\/velipost.com\/?p=3084"},"modified":"2025-02-21T20:56:32","modified_gmt":"2025-02-21T19:56:32","slug":"un-dialogue-constructif-pour-lavenir-professionnel-des-jeunes-du-cfsos-du-cap-haitien","status":"publish","type":"post","link":"https:\/\/velipost.com\/?p=3084","title":{"rendered":"Un dialogue constructif pour l\u2019avenir professionnel des jeunes du CFSOS du Cap-Ha\u00eftien"},"content":{"rendered":"\n<p>Le 19 f\u00e9vrier 2025, le Centre de Formation SOS (CFSOS) a accueilli la deuxi\u00e8me \u00e9dition du Dialogue sur la formation professionnelle, l\u2019int\u00e9gration professionnelle, l\u2019engagement citoyen et la sant\u00e9 mentale. L\u2019\u00e9v\u00e9nement a r\u00e9uni plus de 200 \u00e9tudiants issus de diverses formations techniques (plomberie, \u00e9lectricit\u00e9, coupe-couture, m\u00e9canique auto, r\u00e9frig\u00e9ration, cosm\u00e9tologie, construction batiment etc.), offrant un espace d\u2019\u00e9change enrichissant entre jeunes et experts.<\/p>\n\n\n\n<p><strong>Le CFSOS, une r\u00e9f\u00e9rence en formation professionnelle<\/strong><\/p>\n\n\n\n<p>Le CFSOS du Cap-ha\u00eftien s\u2019impose comme une institution cl\u00e9 en Ha\u00efti, offrant des formations adapt\u00e9es aux r\u00e9alit\u00e9s du march\u00e9 du travail. Cette conf\u00e9rence visait \u00e0 encourager les jeunes \u00e0 s\u2019impliquer activement dans leur d\u00e9veloppement professionnel et citoyen.<\/p>\n\n\n\n<p><strong>Interventions marquantes<\/strong><\/p>\n\n\n\n<p>L\u2019\u00e9v\u00e9nement a d\u00e9but\u00e9 avec Sandy GABRIEL, homme de terrain et leader inspirant, il a partag\u00e9 avec les jeunes son exp\u00e9rience personnelle, marqu\u00e9e par un retour au pays apr\u00e8s des \u00e9tudes \u00e0 l\u2019\u00e9tranger. Son intervention a mis en lumi\u00e8re l\u2019importance pour les jeunes de s\u2019investir dans des activit\u00e9s sociales, de participer \u00e0 des conf\u00e9rences et de b\u00e2tir des r\u00e9seaux solides. \u00ab L\u2019avenir ne se construit pas en solitaire. Les relations, les \u00e9changes et l\u2019engagement dans la communaut\u00e9 sont des cl\u00e9s essentielles pour toute carri\u00e8re r\u00e9ussie \u00bb, a-t-il affirm\u00e9 avec conviction.<\/p>\n\n\n\n<p>Ensuite, Nixon MESADIEU, form\u00e9 en sciences politiques et vice-coordonnateur de EVEIL_Ha\u00efti. Dans sa prise de parole, il a soulign\u00e9 la valeur inestimable du d\u00e9vouement dans le parcours professionnel. \u00ab Une personne d\u00e9vou\u00e9e investit du temps et de l\u2019effort dans son apprentissage continu, se d\u00e9veloppe sans rel\u00e2che et fait preuve de r\u00e9silience face aux d\u00e9fis \u00bb, a-t-il soutenu.<\/p>\n\n\n\n<p>Il a \u00e9galement exhort\u00e9 les jeunes \u00e0 embrasser l\u2019engagement citoyen, un imp\u00e9ratif dans un pays comme Ha\u00efti o\u00f9 la jeunesse repr\u00e9sente la majorit\u00e9 de la population. \u00ab S\u2019impliquer dans sa communaut\u00e9, int\u00e9grer des associations et se battre pour un mieux-\u00eatre collectif, voil\u00e0 comment nous pourrons esp\u00e9rer une transformation profonde de notre soci\u00e9t\u00e9 \u00bb, a-t-il martel\u00e9, sous les applaudissements de l\u2019auditoire.<\/p>\n\n\n\n<p>Le psychologue Edny PIERRE a mis en avant l\u2019impact de la sant\u00e9 mentale sur la formation et l\u2019employabilit\u00e9 des jeunes. Il a soulign\u00e9 la n\u00e9cessit\u00e9 de g\u00e9rer le stress et d\u2019adopter des strat\u00e9gies de r\u00e9silience pour mieux r\u00e9ussir dans un contexte socio-\u00e9conomique difficile.<\/p>\n\n\n\n<p>Enfin, Walens ElMORIN, travailleur social et secr\u00e9taire g\u00e9n\u00e9ral de TSA, a trait\u00e9 de l\u2019employabilit\u00e9 des jeunes. Il a compar\u00e9 le syst\u00e8me de formation professionnelle ha\u00eftien \u00e0 d\u2019autres mod\u00e8les, tout en proposant des strat\u00e9gies pour aider les \u00e9tudiants \u00e0 mieux s\u2019int\u00e9grer sur le march\u00e9 du travail, notamment en d\u00e9veloppant leurs comp\u00e9tences transversales (communication, adaptabilit\u00e9, initiative).<\/p>\n\n\n\n<p><strong>Un \u00e9v\u00e9nement \u00e0 p\u00e9renniser<\/strong><\/p>\n\n\n\n<p>Cette deuxi\u00e8me \u00e9dition du Dialogue sur la formation professionnelle a \u00e9t\u00e9 un succ\u00e8s, offrant aux jeunes des outils concrets pour mieux se positionner professionnellement et socialement. Le CFSOS continue de prouver qu\u2019il joue un r\u00f4le cl\u00e9 dans la formation des futurs professionnels ha\u00eftiens et m\u00e9rite d\u2019\u00eatre soutenu pour ses initiatives en faveur de la jeunesse.<\/p>\n\n\n\n<p><\/p>\n\n    <div class=\"xs_social_share_widget xs_share_url after_content \t\tmain_content  wslu-style-3 wslu-share-box-shaped wslu-fill-brand-hover-colored wslu-share-m-5 wslu-none wslu-share-horizontal wslu-theme-font-no wslu-main_content\">\n\n\t\t\n        <ul>\n\t\t\t                    <li class=\"xs-share-li twitter                        wslu-no-extra-data\">\n                        <a href=\"javascript:void(0);\"\n                           id=\"xs_feed_twitter\"\n                           onclick=\"xs_social_sharer(this);\"\n                           data-pid=\"3084\"\n                           data-uri_hash=\"15c5e710582c03ca5f8fb901440b025d\"\n                           data-key=\"twitter\"\n                           data-xs-href=\"https:\/\/twitter.com\/intent\/tweet?text=Un+dialogue+constructif+pour+l%E2%80%99avenir+professionnel+des+jeunes+du+CFSOS+du+Cap-Ha%C3%AFtien+https%3A%2F%2Fvelipost.com%2Findex.php%3Frest_route%3D%252Fwp%252Fv2%252Fposts%252F3084&amp;original_referer=https%3A%2F%2Fvelipost.com%2Findex.php%3Frest_route%3D%252Fwp%252Fv2%252Fposts%252F3084&amp;related=xpeedstudio\">\n\n                            <div class=\"xs-social-icon\">\n                                <span class=\"met-social met-social-twitter\"><\/span>\n                            <\/div>\n\n\t\t\t\t\t\t\t\n                            <div class=\"wslu-hover-content\">\n                                <div class=\"xs-social-followers\">\n\t\t\t\t\t\t\t\t\t10                                <\/div>\n                                <div class=\"xs-social-follower-text\">\n\t\t\t\t\t\t\t\t\tShare                                <\/div>\n                                <div class=\"xs-social-follower-label\">\n\t\t\t\t\t\t\t\t\tTwitter                                <\/div>\n                            <\/div>\n                        <\/a>\n                    <\/li>\n\t\t\t\t\t                    <li class=\"xs-share-li telegram                        wslu-no-extra-data\">\n                        <a href=\"javascript:void(0);\"\n                           id=\"xs_feed_telegram\"\n                           onclick=\"xs_social_sharer(this);\"\n                           data-pid=\"3084\"\n                           data-uri_hash=\"15c5e710582c03ca5f8fb901440b025d\"\n                           data-key=\"telegram\"\n                           data-xs-href=\"https:\/\/telegram.me\/share\/url?url=https%3A%2F%2Fvelipost.com%2Findex.php%3Frest_route%3D%252Fwp%252Fv2%252Fposts%252F3084&amp;text=Un+dialogue+constructif+pour+l%E2%80%99avenir+professionnel+des+jeunes+du+CFSOS+du+Cap-Ha%C3%AFtien\">\n\n                            <div class=\"xs-social-icon\">\n                                <span class=\"met-social met-social-telegram\"><\/span>\n                            <\/div>\n\n\t\t\t\t\t\t\t\n                            <div class=\"wslu-hover-content\">\n                                <div class=\"xs-social-followers\">\n\t\t\t\t\t\t\t\t\t0                                <\/div>\n                                <div class=\"xs-social-follower-text\">\n\t\t\t\t\t\t\t\t\tShare                                <\/div>\n                                <div class=\"xs-social-follower-label\">\n\t\t\t\t\t\t\t\t\tTelegram                                <\/div>\n                            <\/div>\n                        <\/a>\n                    <\/li>\n\t\t\t\t\t                    <li class=\"xs-share-li email                        wslu-no-extra-data\">\n                        <a href=\"javascript:void(0);\"\n                           id=\"xs_feed_email\"\n                           onclick=\"xs_social_sharer(this);\"\n                           data-pid=\"3084\"\n                           data-uri_hash=\"15c5e710582c03ca5f8fb901440b025d\"\n                           data-key=\"email\"\n                           data-xs-href=\"mailto:?body=Title%3A+Un+dialogue+constructif+pour+l%E2%80%99avenir+professionnel+des+jeunes+du+CFSOS+du+Cap-Ha%C3%AFtien+%5Cn%5Cn+URL%3A+https%3A%2F%2Fvelipost.com%2Findex.php%3Frest_route%3D%252Fwp%252Fv2%252Fposts%252F3084&amp;subject=Un+dialogue+constructif+pour+l%E2%80%99avenir+professionnel+des+jeunes+du+CFSOS+du+Cap-Ha%C3%AFtien\">\n\n                            <div class=\"xs-social-icon\">\n                                <span class=\"met-social met-social-email\"><\/span>\n                            <\/div>\n\n\t\t\t\t\t\t\t\n                            <div class=\"wslu-hover-content\">\n                                <div class=\"xs-social-followers\">\n\t\t\t\t\t\t\t\t\t0                                <\/div>\n                                <div class=\"xs-social-follower-text\">\n\t\t\t\t\t\t\t\t\tShare                                <\/div>\n                                <div class=\"xs-social-follower-label\">\n\t\t\t\t\t\t\t\t\tEmail                                <\/div>\n                            <\/div>\n                        <\/a>\n                    <\/li>\n\t\t\t\t\t        <\/ul>\n    <\/div> \n","protected":false},"excerpt":{"rendered":"<p>Le 19 f\u00e9vrier 2025, le Centre de Formation SOS (CFSOS) a accueilli la deuxi\u00e8me \u00e9dition du Dialogue sur la formation professionnelle, l\u2019int\u00e9gration professionnelle, l\u2019engagement<\/p>\n","protected":false},"author":1,"featured_media":3085,"comment_status":"open","ping_status":"open","sticky":false,"template":"","format":"standard","meta":{"_uag_custom_page_level_css":"","footnotes":"","jetpack_publicize_message":"","jetpack_publicize_feature_enabled":true,"jetpack_social_post_already_shared":false,"jetpack_social_options":{"image_generator_settings":{"template":"highway","default_image_id":0,"font":"","enabled":false},"version":2}},"categories":[94],"tags":[],"class_list":["post-3084","post","type-post","status-publish","format-standard","has-post-thumbnail","hentry","category-a-la-une"],"yoast_head":"<!-- This site is optimized with the Yoast SEO plugin v25.3.1 - https:\/\/yoast.com\/wordpress\/plugins\/seo\/ -->\n<title>Un dialogue constructif pour l\u2019avenir professionnel des jeunes du CFSOS du Cap-Ha\u00eftien &#8211; VeliPost<\/title>\n<meta name=\"robots\" content=\"index, follow, max-snippet:-1, max-image-preview:large, max-video-preview:-1\" \/>\n<link rel=\"canonical\" href=\"https:\/\/velipost.com\/?p=3084\" \/>\n<meta property=\"og:locale\" content=\"fr_FR\" \/>\n<meta property=\"og:type\" content=\"article\" \/>\n<meta property=\"og:title\" content=\"Un dialogue constructif pour l\u2019avenir professionnel des jeunes du CFSOS du Cap-Ha\u00eftien &#8211; VeliPost\" \/>\n<meta property=\"og:description\" content=\"Le 19 f\u00e9vrier 2025, le Centre de Formation SOS (CFSOS) a accueilli la deuxi\u00e8me \u00e9dition du Dialogue sur la formation professionnelle, l\u2019int\u00e9gration professionnelle, l\u2019engagement\" \/>\n<meta property=\"og:url\" content=\"https:\/\/velipost.com\/?p=3084\" \/>\n<meta property=\"og:site_name\" content=\"VeliPost\" \/>\n<meta property=\"article:publisher\" content=\"https:\/\/www.facebook.com\/veliposthaiti\" \/>\n<meta property=\"article:published_time\" content=\"2025-02-21T19:56:31+00:00\" \/>\n<meta property=\"article:modified_time\" content=\"2025-02-21T19:56:32+00:00\" \/>\n<meta property=\"og:image\" content=\"https:\/\/velipost.com\/wp-content\/uploads\/2025\/02\/Cap.jpg\" \/>\n\t<meta property=\"og:image:width\" content=\"1170\" \/>\n\t<meta property=\"og:image:height\" content=\"603\" \/>\n\t<meta property=\"og:image:type\" content=\"image\/jpeg\" \/>\n<meta name=\"author\" content=\"VeliPost\" \/>\n<meta name=\"twitter:card\" content=\"summary_large_image\" \/>\n<meta name=\"twitter:creator\" content=\"@veliposthaiti\" \/>\n<meta name=\"twitter:site\" content=\"@veliposthaiti\" \/>\n<meta name=\"twitter:label1\" content=\"\u00c9crit par\" \/>\n\t<meta name=\"twitter:data1\" content=\"VeliPost\" \/>\n\t<meta name=\"twitter:label2\" content=\"Dur\u00e9e de lecture estim\u00e9e\" \/>\n\t<meta name=\"twitter:data2\" content=\"3 minutes\" \/>\n<script type=\"application\/ld+json\" class=\"yoast-schema-graph\">{\"@context\":\"https:\/\/schema.org\",\"@graph\":[{\"@type\":\"Article\",\"@id\":\"https:\/\/velipost.com\/?p=3084#article\",\"isPartOf\":{\"@id\":\"https:\/\/velipost.com\/?p=3084\"},\"author\":{\"name\":\"VeliPost\",\"@id\":\"https:\/\/velipost.com\/#\/schema\/person\/32ff49a53c9c1bb24302ee8ece058096\"},\"headline\":\"Un dialogue constructif pour l\u2019avenir professionnel des jeunes du CFSOS du Cap-Ha\u00eftien\",\"datePublished\":\"2025-02-21T19:56:31+00:00\",\"dateModified\":\"2025-02-21T19:56:32+00:00\",\"mainEntityOfPage\":{\"@id\":\"https:\/\/velipost.com\/?p=3084\"},\"wordCount\":559,\"commentCount\":0,\"publisher\":{\"@id\":\"https:\/\/velipost.com\/#organization\"},\"image\":{\"@id\":\"https:\/\/velipost.com\/?p=3084#primaryimage\"},\"thumbnailUrl\":\"https:\/\/velipost.com\/wp-content\/uploads\/2025\/02\/Cap.jpg\",\"articleSection\":[\"A la Une\"],\"inLanguage\":\"fr-FR\",\"potentialAction\":[{\"@type\":\"CommentAction\",\"name\":\"Comment\",\"target\":[\"https:\/\/velipost.com\/?p=3084#respond\"]}]},{\"@type\":\"WebPage\",\"@id\":\"https:\/\/velipost.com\/?p=3084\",\"url\":\"https:\/\/velipost.com\/?p=3084\",\"name\":\"Un dialogue constructif pour l\u2019avenir professionnel des jeunes du CFSOS du Cap-Ha\u00eftien &#8211; VeliPost\",\"isPartOf\":{\"@id\":\"https:\/\/velipost.com\/#website\"},\"primaryImageOfPage\":{\"@id\":\"https:\/\/velipost.com\/?p=3084#primaryimage\"},\"image\":{\"@id\":\"https:\/\/velipost.com\/?p=3084#primaryimage\"},\"thumbnailUrl\":\"https:\/\/velipost.com\/wp-content\/uploads\/2025\/02\/Cap.jpg\",\"datePublished\":\"2025-02-21T19:56:31+00:00\",\"dateModified\":\"2025-02-21T19:56:32+00:00\",\"breadcrumb\":{\"@id\":\"https:\/\/velipost.com\/?p=3084#breadcrumb\"},\"inLanguage\":\"fr-FR\",\"potentialAction\":[{\"@type\":\"ReadAction\",\"target\":[\"https:\/\/velipost.com\/?p=3084\"]}]},{\"@type\":\"ImageObject\",\"inLanguage\":\"fr-FR\",\"@id\":\"https:\/\/velipost.com\/?p=3084#primaryimage\",\"url\":\"https:\/\/velipost.com\/wp-content\/uploads\/2025\/02\/Cap.jpg\",\"contentUrl\":\"https:\/\/velipost.com\/wp-content\/uploads\/2025\/02\/Cap.jpg\",\"width\":1170,\"height\":603},{\"@type\":\"BreadcrumbList\",\"@id\":\"https:\/\/velipost.com\/?p=3084#breadcrumb\",\"itemListElement\":[{\"@type\":\"ListItem\",\"position\":1,\"name\":\"Accueil\",\"item\":\"https:\/\/velipost.com\/\"},{\"@type\":\"ListItem\",\"position\":2,\"name\":\"Un dialogue constructif pour l\u2019avenir professionnel des jeunes du CFSOS du Cap-Ha\u00eftien\"}]},{\"@type\":\"WebSite\",\"@id\":\"https:\/\/velipost.com\/#website\",\"url\":\"https:\/\/velipost.com\/\",\"name\":\"VeliPost\",\"description\":\"L\u2019info en un clic\",\"publisher\":{\"@id\":\"https:\/\/velipost.com\/#organization\"},\"potentialAction\":[{\"@type\":\"SearchAction\",\"target\":{\"@type\":\"EntryPoint\",\"urlTemplate\":\"https:\/\/velipost.com\/?s={search_term_string}\"},\"query-input\":{\"@type\":\"PropertyValueSpecification\",\"valueRequired\":true,\"valueName\":\"search_term_string\"}}],\"inLanguage\":\"fr-FR\"},{\"@type\":\"Organization\",\"@id\":\"https:\/\/velipost.com\/#organization\",\"name\":\"VeliPost\",\"url\":\"https:\/\/velipost.com\/\",\"logo\":{\"@type\":\"ImageObject\",\"inLanguage\":\"fr-FR\",\"@id\":\"https:\/\/velipost.com\/#\/schema\/logo\/image\/\",\"url\":\"https:\/\/velipost.com\/wp-content\/uploads\/2024\/08\/cropped-VP-logo-piti.png\",\"contentUrl\":\"https:\/\/velipost.com\/wp-content\/uploads\/2024\/08\/cropped-VP-logo-piti.png\",\"width\":201,\"height\":69,\"caption\":\"VeliPost\"},\"image\":{\"@id\":\"https:\/\/velipost.com\/#\/schema\/logo\/image\/\"},\"sameAs\":[\"https:\/\/www.facebook.com\/veliposthaiti\",\"https:\/\/x.com\/veliposthaiti\",\"https:\/\/www.instagram.com\/veliposthaiti\"]},{\"@type\":\"Person\",\"@id\":\"https:\/\/velipost.com\/#\/schema\/person\/32ff49a53c9c1bb24302ee8ece058096\",\"name\":\"VeliPost\",\"image\":{\"@type\":\"ImageObject\",\"inLanguage\":\"fr-FR\",\"@id\":\"https:\/\/velipost.com\/#\/schema\/person\/image\/\",\"url\":\"https:\/\/secure.gravatar.com\/avatar\/57c226c264de62f794185a89596d4a37b85a5ad20aca30d9d5a478b27d8c8d9d?s=96&d=mm&r=g\",\"contentUrl\":\"https:\/\/secure.gravatar.com\/avatar\/57c226c264de62f794185a89596d4a37b85a5ad20aca30d9d5a478b27d8c8d9d?s=96&d=mm&r=g\",\"caption\":\"VeliPost\"},\"sameAs\":[\"https:\/\/velipost.com\"],\"url\":\"https:\/\/velipost.com\/?author=1\"}]}<\/script>\n<!-- \/ Yoast SEO plugin. -->","yoast_head_json":{"title":"Un dialogue constructif pour l\u2019avenir professionnel des jeunes du CFSOS du Cap-Ha\u00eftien &#8211; VeliPost","robots":{"index":"index","follow":"follow","max-snippet":"max-snippet:-1","max-image-preview":"max-image-preview:large","max-video-preview":"max-video-preview:-1"},"canonical":"https:\/\/velipost.com\/?p=3084","og_locale":"fr_FR","og_type":"article","og_title":"Un dialogue constructif pour l\u2019avenir professionnel des jeunes du CFSOS du Cap-Ha\u00eftien &#8211; VeliPost","og_description":"Le 19 f\u00e9vrier 2025, le Centre de Formation SOS (CFSOS) a accueilli la deuxi\u00e8me \u00e9dition du Dialogue sur la formation professionnelle, l\u2019int\u00e9gration professionnelle, l\u2019engagement","og_url":"https:\/\/velipost.com\/?p=3084","og_site_name":"VeliPost","article_publisher":"https:\/\/www.facebook.com\/veliposthaiti","article_published_time":"2025-02-21T19:56:31+00:00","article_modified_time":"2025-02-21T19:56:32+00:00","og_image":[{"width":1170,"height":603,"url":"https:\/\/velipost.com\/wp-content\/uploads\/2025\/02\/Cap.jpg","type":"image\/jpeg"}],"author":"VeliPost","twitter_card":"summary_large_image","twitter_creator":"@veliposthaiti","twitter_site":"@veliposthaiti","twitter_misc":{"\u00c9crit par":"VeliPost","Dur\u00e9e de lecture estim\u00e9e":"3 minutes"},"schema":{"@context":"https:\/\/schema.org","@graph":[{"@type":"Article","@id":"https:\/\/velipost.com\/?p=3084#article","isPartOf":{"@id":"https:\/\/velipost.com\/?p=3084"},"author":{"name":"VeliPost","@id":"https:\/\/velipost.com\/#\/schema\/person\/32ff49a53c9c1bb24302ee8ece058096"},"headline":"Un dialogue constructif pour l\u2019avenir professionnel des jeunes du CFSOS du Cap-Ha\u00eftien","datePublished":"2025-02-21T19:56:31+00:00","dateModified":"2025-02-21T19:56:32+00:00","mainEntityOfPage":{"@id":"https:\/\/velipost.com\/?p=3084"},"wordCount":559,"commentCount":0,"publisher":{"@id":"https:\/\/velipost.com\/#organization"},"image":{"@id":"https:\/\/velipost.com\/?p=3084#primaryimage"},"thumbnailUrl":"https:\/\/velipost.com\/wp-content\/uploads\/2025\/02\/Cap.jpg","articleSection":["A la Une"],"inLanguage":"fr-FR","potentialAction":[{"@type":"CommentAction","name":"Comment","target":["https:\/\/velipost.com\/?p=3084#respond"]}]},{"@type":"WebPage","@id":"https:\/\/velipost.com\/?p=3084","url":"https:\/\/velipost.com\/?p=3084","name":"Un dialogue constructif pour l\u2019avenir professionnel des jeunes du CFSOS du Cap-Ha\u00eftien &#8211; VeliPost","isPartOf":{"@id":"https:\/\/velipost.com\/#website"},"primaryImageOfPage":{"@id":"https:\/\/velipost.com\/?p=3084#primaryimage"},"image":{"@id":"https:\/\/velipost.com\/?p=3084#primaryimage"},"thumbnailUrl":"https:\/\/velipost.com\/wp-content\/uploads\/2025\/02\/Cap.jpg","datePublished":"2025-02-21T19:56:31+00:00","dateModified":"2025-02-21T19:56:32+00:00","breadcrumb":{"@id":"https:\/\/velipost.com\/?p=3084#breadcrumb"},"inLanguage":"fr-FR","potentialAction":[{"@type":"ReadAction","target":["https:\/\/velipost.com\/?p=3084"]}]},{"@type":"ImageObject","inLanguage":"fr-FR","@id":"https:\/\/velipost.com\/?p=3084#primaryimage","url":"https:\/\/velipost.com\/wp-content\/uploads\/2025\/02\/Cap.jpg","contentUrl":"https:\/\/velipost.com\/wp-content\/uploads\/2025\/02\/Cap.jpg","width":1170,"height":603},{"@type":"BreadcrumbList","@id":"https:\/\/velipost.com\/?p=3084#breadcrumb","itemListElement":[{"@type":"ListItem","position":1,"name":"Accueil","item":"https:\/\/velipost.com\/"},{"@type":"ListItem","position":2,"name":"Un dialogue constructif pour l\u2019avenir professionnel des jeunes du CFSOS du Cap-Ha\u00eftien"}]},{"@type":"WebSite","@id":"https:\/\/velipost.com\/#website","url":"https:\/\/velipost.com\/","name":"VeliPost","description":"L\u2019info en un clic","publisher":{"@id":"https:\/\/velipost.com\/#organization"},"potentialAction":[{"@type":"SearchAction","target":{"@type":"EntryPoint","urlTemplate":"https:\/\/velipost.com\/?s={search_term_string}"},"query-input":{"@type":"PropertyValueSpecification","valueRequired":true,"valueName":"search_term_string"}}],"inLanguage":"fr-FR"},{"@type":"Organization","@id":"https:\/\/velipost.com\/#organization","name":"VeliPost","url":"https:\/\/velipost.com\/","logo":{"@type":"ImageObject","inLanguage":"fr-FR","@id":"https:\/\/velipost.com\/#\/schema\/logo\/image\/","url":"https:\/\/velipost.com\/wp-content\/uploads\/2024\/08\/cropped-VP-logo-piti.png","contentUrl":"https:\/\/velipost.com\/wp-content\/uploads\/2024\/08\/cropped-VP-logo-piti.png","width":201,"height":69,"caption":"VeliPost"},"image":{"@id":"https:\/\/velipost.com\/#\/schema\/logo\/image\/"},"sameAs":["https:\/\/www.facebook.com\/veliposthaiti","https:\/\/x.com\/veliposthaiti","https:\/\/www.instagram.com\/veliposthaiti"]},{"@type":"Person","@id":"https:\/\/velipost.com\/#\/schema\/person\/32ff49a53c9c1bb24302ee8ece058096","name":"VeliPost","image":{"@type":"ImageObject","inLanguage":"fr-FR","@id":"https:\/\/velipost.com\/#\/schema\/person\/image\/","url":"https:\/\/secure.gravatar.com\/avatar\/57c226c264de62f794185a89596d4a37b85a5ad20aca30d9d5a478b27d8c8d9d?s=96&d=mm&r=g","contentUrl":"https:\/\/secure.gravatar.com\/avatar\/57c226c264de62f794185a89596d4a37b85a5ad20aca30d9d5a478b27d8c8d9d?s=96&d=mm&r=g","caption":"VeliPost"},"sameAs":["https:\/\/velipost.com"],"url":"https:\/\/velipost.com\/?author=1"}]}},"views":1,"jetpack_publicize_connections":[],"uagb_featured_image_src":{"full":["https:\/\/velipost.com\/wp-content\/uploads\/2025\/02\/Cap.jpg",1170,603,false],"thumbnail":["https:\/\/velipost.com\/wp-content\/uploads\/2025\/02\/Cap-150x150.jpg",150,150,true],"medium":["https:\/\/velipost.com\/wp-content\/uploads\/2025\/02\/Cap-300x155.jpg",300,155,true],"medium_large":["https:\/\/velipost.com\/wp-content\/uploads\/2025\/02\/Cap-768x396.jpg",715,369,true],"large":["https:\/\/velipost.com\/wp-content\/uploads\/2025\/02\/Cap-1024x528.jpg",715,369,true],"1536x1536":["https:\/\/velipost.com\/wp-content\/uploads\/2025\/02\/Cap.jpg",1170,603,false],"2048x2048":["https:\/\/velipost.com\/wp-content\/uploads\/2025\/02\/Cap.jpg",1170,603,false],"colornews-big-slider":["https:\/\/velipost.com\/wp-content\/uploads\/2025\/02\/Cap-1070x470.jpg",1070,470,true],"colornews-big-slider-thumb":["https:\/\/velipost.com\/wp-content\/uploads\/2025\/02\/Cap-184x109.jpg",184,109,true],"colornews-featured-post-medium":["https:\/\/velipost.com\/wp-content\/uploads\/2025\/02\/Cap-345x265.jpg",345,265,true],"colornews-featured-post-small":["https:\/\/velipost.com\/wp-content\/uploads\/2025\/02\/Cap-115x73.jpg",115,73,true],"colornews-random-posts":["https:\/\/velipost.com\/wp-content\/uploads\/2025\/02\/Cap-215x215.jpg",215,215,true],"colornews-featured-image":["https:\/\/velipost.com\/wp-content\/uploads\/2025\/02\/Cap-715x400.jpg",715,400,true],"mailpoet_newsletter_max":["https:\/\/velipost.com\/wp-content\/uploads\/2025\/02\/Cap.jpg",1170,603,false]},"uagb_author_info":{"display_name":"VeliPost","author_link":"https:\/\/velipost.com\/?author=1"},"uagb_comment_info":0,"uagb_excerpt":"Le 19 f\u00e9vrier 2025, le Centre de Formation SOS (CFSOS) a accueilli la deuxi\u00e8me \u00e9dition du Dialogue sur la formation professionnelle, l\u2019int\u00e9gration professionnelle, l\u2019engagement","_links":{"self":[{"href":"https:\/\/velipost.com\/index.php?rest_route=\/wp\/v2\/posts\/3084","targetHints":{"allow":["GET"]}}],"collection":[{"href":"https:\/\/velipost.com\/index.php?rest_route=\/wp\/v2\/posts"}],"about":[{"href":"https:\/\/velipost.com\/index.php?rest_route=\/wp\/v2\/types\/post"}],"author":[{"embeddable":true,"href":"https:\/\/velipost.com\/index.php?rest_route=\/wp\/v2\/users\/1"}],"replies":[{"embeddable":true,"href":"https:\/\/velipost.com\/index.php?rest_route=%2Fwp%2Fv2%2Fcomments&post=3084"}],"version-history":[{"count":1,"href":"https:\/\/velipost.com\/index.php?rest_route=\/wp\/v2\/posts\/3084\/revisions"}],"predecessor-version":[{"id":3086,"href":"https:\/\/velipost.com\/index.php?rest_route=\/wp\/v2\/posts\/3084\/revisions\/3086"}],"wp:featuredmedia":[{"embeddable":true,"href":"https:\/\/velipost.com\/index.php?rest_route=\/wp\/v2\/media\/3085"}],"wp:attachment":[{"href":"https:\/\/velipost.com\/index.php?rest_route=%2Fwp%2Fv2%2Fmedia&parent=3084"}],"wp:term":[{"taxonomy":"category","embeddable":true,"href":"https:\/\/velipost.com\/index.php?rest_route=%2Fwp%2Fv2%2Fcategories&post=3084"},{"taxonomy":"post_tag","embeddable":true,"href":"https:\/\/velipost.com\/index.php?rest_route=%2Fwp%2Fv2%2Ftags&post=3084"}],"curies":[{"name":"wp","href":"https:\/\/api.w.org\/{rel}","templated":true}]}}