{"id":3075,"date":"2025-02-20T03:26:54","date_gmt":"2025-02-20T02:26:54","guid":{"rendered":"https:\/\/velipost.com\/?p=3075"},"modified":"2025-02-20T03:26:56","modified_gmt":"2025-02-20T02:26:56","slug":"pierre-andre-et-une-delegation-ministerielle-evaluent-lalimentation-scolaire-dans-le-nord","status":"publish","type":"post","link":"https:\/\/velipost.com\/?p=3075","title":{"rendered":"Pierre Andr\u00e9 et une d\u00e9l\u00e9gation minist\u00e9rielle \u00e9valuent l\u2019alimentation scolaire dans le Nord"},"content":{"rendered":"\n<p><em>Cap-Ha\u00eftien, 13 f\u00e9vrier 2025 \u2013 Dans le cadre du suivi et de l\u2019\u00e9valuation du Programme National de Cantines Scolaires (PNCS), le Coordonnateur d\u00e9partemental Nord du PNCS, Pierre Andr\u00e9, a conduit une s\u00e9rie de visites dans plusieurs \u00e9coles du d\u00e9partement, en compagnie du ministre de l\u2019Agriculture et du Responsable du Programme Alimentaire Mondial (PAM) en Ha\u00efti.<\/em><\/p>\n\n\n\n<p>Ces visites avaient pour objectif d\u2019\u00e9valuer les conditions d\u2019alimentation des enfants dans les \u00e9coles b\u00e9n\u00e9ficiaires du programme. La d\u00e9l\u00e9gation a pu observer l\u2019\u00e9tat des infrastructures, la qualit\u00e9 des repas servis et les d\u00e9fis rencontr\u00e9s par les \u00e9tablissements scolaires dans la mise en \u0153uvre de ce programme essentiel pour la nutrition et l\u2019\u00e9ducation des \u00e9l\u00e8ves.<\/p>\n\n\n\n<p>Pierre Andr\u00e9 a soulign\u00e9 l\u2019importance de ce suivi pour am\u00e9liorer l\u2019efficacit\u00e9 du programme et assurer que chaque enfant b\u00e9n\u00e9ficie d\u2019un repas de qualit\u00e9. De son c\u00f4t\u00e9, le ministre de l\u2019Agriculture a insist\u00e9 sur la n\u00e9cessit\u00e9 de renforcer l\u2019approvisionnement en produits locaux pour soutenir les agriculteurs ha\u00eftiens et garantir des repas nutritifs. Le repr\u00e9sentant du PAM a, quant \u00e0 lui, r\u00e9affirm\u00e9 l\u2019engagement de son organisation \u00e0 accompagner les efforts du gouvernement en mati\u00e8re de s\u00e9curit\u00e9 alimentaire.<\/p>\n\n\n\n<p>Les directeurs d\u2019\u00e9coles et responsables locaux ont profit\u00e9 de cette visite pour exprimer leurs pr\u00e9occupations, notamment les retards de livraison des denr\u00e9es et le manque de ressources pour am\u00e9liorer les infrastructures de cuisine. La d\u00e9l\u00e9gation a pris note de ces dol\u00e9ances et s\u2019est engag\u00e9e \u00e0 travailler sur des solutions adapt\u00e9es.<\/p>\n\n\n\n<p><em>Cette initiative s\u2019inscrit dans une volont\u00e9 de renforcer l\u2019efficacit\u00e9 du PNCS et d\u2019assurer \u00e0 chaque \u00e9l\u00e8ve ha\u00eftien l\u2019acc\u00e8s \u00e0 un repas chaud et \u00e9quilibr\u00e9 \u00e0 l\u2019\u00e9cole.<\/em><\/p>\n\n    <div class=\"xs_social_share_widget xs_share_url after_content \t\tmain_content  wslu-style-3 wslu-share-box-shaped wslu-fill-brand-hover-colored wslu-share-m-5 wslu-none wslu-share-horizontal wslu-theme-font-no wslu-main_content\">\n\n\t\t\n        <ul>\n\t\t\t                    <li class=\"xs-share-li twitter                        wslu-no-extra-data\">\n                        <a href=\"javascript:void(0);\"\n                           id=\"xs_feed_twitter\"\n                           onclick=\"xs_social_sharer(this);\"\n                           data-pid=\"3075\"\n                           data-uri_hash=\"0d6810539a91d7f15114ef64cf97b1d8\"\n                           data-key=\"twitter\"\n                           data-xs-href=\"https:\/\/twitter.com\/intent\/tweet?text=Pierre+Andr%C3%A9+et+une+d%C3%A9l%C3%A9gation+minist%C3%A9rielle+%C3%A9valuent+l%E2%80%99alimentation+scolaire+dans+le+Nord+https%3A%2F%2Fvelipost.com%2Findex.php%3Frest_route%3D%252Fwp%252Fv2%252Fposts%252F3075&amp;original_referer=https%3A%2F%2Fvelipost.com%2Findex.php%3Frest_route%3D%252Fwp%252Fv2%252Fposts%252F3075&amp;related=xpeedstudio\">\n\n                            <div class=\"xs-social-icon\">\n                                <span class=\"met-social met-social-twitter\"><\/span>\n                            <\/div>\n\n\t\t\t\t\t\t\t\n                            <div class=\"wslu-hover-content\">\n                                <div class=\"xs-social-followers\">\n\t\t\t\t\t\t\t\t\t10                                <\/div>\n                                <div class=\"xs-social-follower-text\">\n\t\t\t\t\t\t\t\t\tShare                                <\/div>\n                                <div class=\"xs-social-follower-label\">\n\t\t\t\t\t\t\t\t\tTwitter                                <\/div>\n                            <\/div>\n                        <\/a>\n                    <\/li>\n\t\t\t\t\t                    <li class=\"xs-share-li telegram                        wslu-no-extra-data\">\n                        <a href=\"javascript:void(0);\"\n                           id=\"xs_feed_telegram\"\n                           onclick=\"xs_social_sharer(this);\"\n                           data-pid=\"3075\"\n                           data-uri_hash=\"0d6810539a91d7f15114ef64cf97b1d8\"\n                           data-key=\"telegram\"\n                           data-xs-href=\"https:\/\/telegram.me\/share\/url?url=https%3A%2F%2Fvelipost.com%2Findex.php%3Frest_route%3D%252Fwp%252Fv2%252Fposts%252F3075&amp;text=Pierre+Andr%C3%A9+et+une+d%C3%A9l%C3%A9gation+minist%C3%A9rielle+%C3%A9valuent+l%E2%80%99alimentation+scolaire+dans+le+Nord\">\n\n                            <div class=\"xs-social-icon\">\n                                <span class=\"met-social met-social-telegram\"><\/span>\n                            <\/div>\n\n\t\t\t\t\t\t\t\n                            <div class=\"wslu-hover-content\">\n                                <div class=\"xs-social-followers\">\n\t\t\t\t\t\t\t\t\t0                                <\/div>\n                                <div class=\"xs-social-follower-text\">\n\t\t\t\t\t\t\t\t\tShare                                <\/div>\n                                <div class=\"xs-social-follower-label\">\n\t\t\t\t\t\t\t\t\tTelegram                                <\/div>\n                            <\/div>\n                        <\/a>\n                    <\/li>\n\t\t\t\t\t                    <li class=\"xs-share-li email                        wslu-no-extra-data\">\n                        <a href=\"javascript:void(0);\"\n                           id=\"xs_feed_email\"\n                           onclick=\"xs_social_sharer(this);\"\n                           data-pid=\"3075\"\n                           data-uri_hash=\"0d6810539a91d7f15114ef64cf97b1d8\"\n                           data-key=\"email\"\n                           data-xs-href=\"mailto:?body=Title%3A+Pierre+Andr%C3%A9+et+une+d%C3%A9l%C3%A9gation+minist%C3%A9rielle+%C3%A9valuent+l%E2%80%99alimentation+scolaire+dans+le+Nord+%5Cn%5Cn+URL%3A+https%3A%2F%2Fvelipost.com%2Findex.php%3Frest_route%3D%252Fwp%252Fv2%252Fposts%252F3075&amp;subject=Pierre+Andr%C3%A9+et+une+d%C3%A9l%C3%A9gation+minist%C3%A9rielle+%C3%A9valuent+l%E2%80%99alimentation+scolaire+dans+le+Nord\">\n\n                            <div class=\"xs-social-icon\">\n                                <span class=\"met-social met-social-email\"><\/span>\n                            <\/div>\n\n\t\t\t\t\t\t\t\n                            <div class=\"wslu-hover-content\">\n                                <div class=\"xs-social-followers\">\n\t\t\t\t\t\t\t\t\t0                                <\/div>\n                                <div class=\"xs-social-follower-text\">\n\t\t\t\t\t\t\t\t\tShare                                <\/div>\n                                <div class=\"xs-social-follower-label\">\n\t\t\t\t\t\t\t\t\tEmail                                <\/div>\n                            <\/div>\n                        <\/a>\n                    <\/li>\n\t\t\t\t\t        <\/ul>\n    <\/div> \n","protected":false},"excerpt":{"rendered":"<p>Cap-Ha\u00eftien, 13 f\u00e9vrier 2025 \u2013 Dans le cadre du suivi et de l\u2019\u00e9valuation du Programme National de Cantines Scolaires (PNCS), le Coordonnateur d\u00e9partemental Nord<\/p>\n","protected":false},"author":1,"featured_media":3076,"comment_status":"open","ping_status":"open","sticky":false,"template":"","format":"standard","meta":{"_uag_custom_page_level_css":"","footnotes":"","jetpack_publicize_message":"","jetpack_publicize_feature_enabled":true,"jetpack_social_post_already_shared":false,"jetpack_social_options":{"image_generator_settings":{"template":"highway","default_image_id":0,"font":"","enabled":false},"version":2}},"categories":[260],"tags":[],"class_list":["post-3075","post","type-post","status-publish","format-standard","has-post-thumbnail","hentry","category-education"],"yoast_head":"<!-- This site is optimized with the Yoast SEO plugin v25.3.1 - https:\/\/yoast.com\/wordpress\/plugins\/seo\/ -->\n<title>Pierre Andr\u00e9 et une d\u00e9l\u00e9gation minist\u00e9rielle \u00e9valuent l\u2019alimentation scolaire dans le Nord &#8211; VeliPost<\/title>\n<meta name=\"robots\" content=\"index, follow, max-snippet:-1, max-image-preview:large, max-video-preview:-1\" \/>\n<link rel=\"canonical\" href=\"https:\/\/velipost.com\/?p=3075\" \/>\n<meta property=\"og:locale\" content=\"fr_FR\" \/>\n<meta property=\"og:type\" content=\"article\" \/>\n<meta property=\"og:title\" content=\"Pierre Andr\u00e9 et une d\u00e9l\u00e9gation minist\u00e9rielle \u00e9valuent l\u2019alimentation scolaire dans le Nord &#8211; VeliPost\" \/>\n<meta property=\"og:description\" content=\"Cap-Ha\u00eftien, 13 f\u00e9vrier 2025 \u2013 Dans le cadre du suivi et de l\u2019\u00e9valuation du Programme National de Cantines Scolaires (PNCS), le Coordonnateur d\u00e9partemental Nord\" \/>\n<meta property=\"og:url\" content=\"https:\/\/velipost.com\/?p=3075\" \/>\n<meta property=\"og:site_name\" content=\"VeliPost\" \/>\n<meta property=\"article:publisher\" content=\"https:\/\/www.facebook.com\/veliposthaiti\" \/>\n<meta property=\"article:published_time\" content=\"2025-02-20T02:26:54+00:00\" \/>\n<meta property=\"article:modified_time\" content=\"2025-02-20T02:26:56+00:00\" \/>\n<meta property=\"og:image\" content=\"https:\/\/velipost.com\/wp-content\/uploads\/2025\/02\/Cantines.jpg\" \/>\n\t<meta property=\"og:image:width\" content=\"1170\" \/>\n\t<meta property=\"og:image:height\" content=\"603\" \/>\n\t<meta property=\"og:image:type\" content=\"image\/jpeg\" \/>\n<meta name=\"author\" content=\"VeliPost\" \/>\n<meta name=\"twitter:card\" content=\"summary_large_image\" \/>\n<meta name=\"twitter:creator\" content=\"@veliposthaiti\" \/>\n<meta name=\"twitter:site\" content=\"@veliposthaiti\" \/>\n<meta name=\"twitter:label1\" content=\"\u00c9crit par\" \/>\n\t<meta name=\"twitter:data1\" content=\"VeliPost\" \/>\n\t<meta name=\"twitter:label2\" content=\"Dur\u00e9e de lecture estim\u00e9e\" \/>\n\t<meta name=\"twitter:data2\" content=\"2 minutes\" \/>\n<script type=\"application\/ld+json\" class=\"yoast-schema-graph\">{\"@context\":\"https:\/\/schema.org\",\"@graph\":[{\"@type\":\"Article\",\"@id\":\"https:\/\/velipost.com\/?p=3075#article\",\"isPartOf\":{\"@id\":\"https:\/\/velipost.com\/?p=3075\"},\"author\":{\"name\":\"VeliPost\",\"@id\":\"https:\/\/velipost.com\/#\/schema\/person\/32ff49a53c9c1bb24302ee8ece058096\"},\"headline\":\"Pierre Andr\u00e9 et une d\u00e9l\u00e9gation minist\u00e9rielle \u00e9valuent l\u2019alimentation scolaire dans le Nord\",\"datePublished\":\"2025-02-20T02:26:54+00:00\",\"dateModified\":\"2025-02-20T02:26:56+00:00\",\"mainEntityOfPage\":{\"@id\":\"https:\/\/velipost.com\/?p=3075\"},\"wordCount\":320,\"commentCount\":0,\"publisher\":{\"@id\":\"https:\/\/velipost.com\/#organization\"},\"image\":{\"@id\":\"https:\/\/velipost.com\/?p=3075#primaryimage\"},\"thumbnailUrl\":\"https:\/\/velipost.com\/wp-content\/uploads\/2025\/02\/Cantines.jpg\",\"articleSection\":[\"Education\"],\"inLanguage\":\"fr-FR\",\"potentialAction\":[{\"@type\":\"CommentAction\",\"name\":\"Comment\",\"target\":[\"https:\/\/velipost.com\/?p=3075#respond\"]}]},{\"@type\":\"WebPage\",\"@id\":\"https:\/\/velipost.com\/?p=3075\",\"url\":\"https:\/\/velipost.com\/?p=3075\",\"name\":\"Pierre Andr\u00e9 et une d\u00e9l\u00e9gation minist\u00e9rielle \u00e9valuent l\u2019alimentation scolaire dans le Nord &#8211; VeliPost\",\"isPartOf\":{\"@id\":\"https:\/\/velipost.com\/#website\"},\"primaryImageOfPage\":{\"@id\":\"https:\/\/velipost.com\/?p=3075#primaryimage\"},\"image\":{\"@id\":\"https:\/\/velipost.com\/?p=3075#primaryimage\"},\"thumbnailUrl\":\"https:\/\/velipost.com\/wp-content\/uploads\/2025\/02\/Cantines.jpg\",\"datePublished\":\"2025-02-20T02:26:54+00:00\",\"dateModified\":\"2025-02-20T02:26:56+00:00\",\"breadcrumb\":{\"@id\":\"https:\/\/velipost.com\/?p=3075#breadcrumb\"},\"inLanguage\":\"fr-FR\",\"potentialAction\":[{\"@type\":\"ReadAction\",\"target\":[\"https:\/\/velipost.com\/?p=3075\"]}]},{\"@type\":\"ImageObject\",\"inLanguage\":\"fr-FR\",\"@id\":\"https:\/\/velipost.com\/?p=3075#primaryimage\",\"url\":\"https:\/\/velipost.com\/wp-content\/uploads\/2025\/02\/Cantines.jpg\",\"contentUrl\":\"https:\/\/velipost.com\/wp-content\/uploads\/2025\/02\/Cantines.jpg\",\"width\":1170,\"height\":603},{\"@type\":\"BreadcrumbList\",\"@id\":\"https:\/\/velipost.com\/?p=3075#breadcrumb\",\"itemListElement\":[{\"@type\":\"ListItem\",\"position\":1,\"name\":\"Accueil\",\"item\":\"https:\/\/velipost.com\/\"},{\"@type\":\"ListItem\",\"position\":2,\"name\":\"Pierre Andr\u00e9 et une d\u00e9l\u00e9gation minist\u00e9rielle \u00e9valuent l\u2019alimentation scolaire dans le Nord\"}]},{\"@type\":\"WebSite\",\"@id\":\"https:\/\/velipost.com\/#website\",\"url\":\"https:\/\/velipost.com\/\",\"name\":\"VeliPost\",\"description\":\"L\u2019info en un clic\",\"publisher\":{\"@id\":\"https:\/\/velipost.com\/#organization\"},\"potentialAction\":[{\"@type\":\"SearchAction\",\"target\":{\"@type\":\"EntryPoint\",\"urlTemplate\":\"https:\/\/velipost.com\/?s={search_term_string}\"},\"query-input\":{\"@type\":\"PropertyValueSpecification\",\"valueRequired\":true,\"valueName\":\"search_term_string\"}}],\"inLanguage\":\"fr-FR\"},{\"@type\":\"Organization\",\"@id\":\"https:\/\/velipost.com\/#organization\",\"name\":\"VeliPost\",\"url\":\"https:\/\/velipost.com\/\",\"logo\":{\"@type\":\"ImageObject\",\"inLanguage\":\"fr-FR\",\"@id\":\"https:\/\/velipost.com\/#\/schema\/logo\/image\/\",\"url\":\"https:\/\/velipost.com\/wp-content\/uploads\/2024\/08\/cropped-VP-logo-piti.png\",\"contentUrl\":\"https:\/\/velipost.com\/wp-content\/uploads\/2024\/08\/cropped-VP-logo-piti.png\",\"width\":201,\"height\":69,\"caption\":\"VeliPost\"},\"image\":{\"@id\":\"https:\/\/velipost.com\/#\/schema\/logo\/image\/\"},\"sameAs\":[\"https:\/\/www.facebook.com\/veliposthaiti\",\"https:\/\/x.com\/veliposthaiti\",\"https:\/\/www.instagram.com\/veliposthaiti\"]},{\"@type\":\"Person\",\"@id\":\"https:\/\/velipost.com\/#\/schema\/person\/32ff49a53c9c1bb24302ee8ece058096\",\"name\":\"VeliPost\",\"image\":{\"@type\":\"ImageObject\",\"inLanguage\":\"fr-FR\",\"@id\":\"https:\/\/velipost.com\/#\/schema\/person\/image\/\",\"url\":\"https:\/\/secure.gravatar.com\/avatar\/57c226c264de62f794185a89596d4a37b85a5ad20aca30d9d5a478b27d8c8d9d?s=96&d=mm&r=g\",\"contentUrl\":\"https:\/\/secure.gravatar.com\/avatar\/57c226c264de62f794185a89596d4a37b85a5ad20aca30d9d5a478b27d8c8d9d?s=96&d=mm&r=g\",\"caption\":\"VeliPost\"},\"sameAs\":[\"https:\/\/velipost.com\"],\"url\":\"https:\/\/velipost.com\/?author=1\"}]}<\/script>\n<!-- \/ Yoast SEO plugin. -->","yoast_head_json":{"title":"Pierre Andr\u00e9 et une d\u00e9l\u00e9gation minist\u00e9rielle \u00e9valuent l\u2019alimentation scolaire dans le Nord &#8211; VeliPost","robots":{"index":"index","follow":"follow","max-snippet":"max-snippet:-1","max-image-preview":"max-image-preview:large","max-video-preview":"max-video-preview:-1"},"canonical":"https:\/\/velipost.com\/?p=3075","og_locale":"fr_FR","og_type":"article","og_title":"Pierre Andr\u00e9 et une d\u00e9l\u00e9gation minist\u00e9rielle \u00e9valuent l\u2019alimentation scolaire dans le Nord &#8211; VeliPost","og_description":"Cap-Ha\u00eftien, 13 f\u00e9vrier 2025 \u2013 Dans le cadre du suivi et de l\u2019\u00e9valuation du Programme National de Cantines Scolaires (PNCS), le Coordonnateur d\u00e9partemental Nord","og_url":"https:\/\/velipost.com\/?p=3075","og_site_name":"VeliPost","article_publisher":"https:\/\/www.facebook.com\/veliposthaiti","article_published_time":"2025-02-20T02:26:54+00:00","article_modified_time":"2025-02-20T02:26:56+00:00","og_image":[{"width":1170,"height":603,"url":"https:\/\/velipost.com\/wp-content\/uploads\/2025\/02\/Cantines.jpg","type":"image\/jpeg"}],"author":"VeliPost","twitter_card":"summary_large_image","twitter_creator":"@veliposthaiti","twitter_site":"@veliposthaiti","twitter_misc":{"\u00c9crit par":"VeliPost","Dur\u00e9e de lecture estim\u00e9e":"2 minutes"},"schema":{"@context":"https:\/\/schema.org","@graph":[{"@type":"Article","@id":"https:\/\/velipost.com\/?p=3075#article","isPartOf":{"@id":"https:\/\/velipost.com\/?p=3075"},"author":{"name":"VeliPost","@id":"https:\/\/velipost.com\/#\/schema\/person\/32ff49a53c9c1bb24302ee8ece058096"},"headline":"Pierre Andr\u00e9 et une d\u00e9l\u00e9gation minist\u00e9rielle \u00e9valuent l\u2019alimentation scolaire dans le Nord","datePublished":"2025-02-20T02:26:54+00:00","dateModified":"2025-02-20T02:26:56+00:00","mainEntityOfPage":{"@id":"https:\/\/velipost.com\/?p=3075"},"wordCount":320,"commentCount":0,"publisher":{"@id":"https:\/\/velipost.com\/#organization"},"image":{"@id":"https:\/\/velipost.com\/?p=3075#primaryimage"},"thumbnailUrl":"https:\/\/velipost.com\/wp-content\/uploads\/2025\/02\/Cantines.jpg","articleSection":["Education"],"inLanguage":"fr-FR","potentialAction":[{"@type":"CommentAction","name":"Comment","target":["https:\/\/velipost.com\/?p=3075#respond"]}]},{"@type":"WebPage","@id":"https:\/\/velipost.com\/?p=3075","url":"https:\/\/velipost.com\/?p=3075","name":"Pierre Andr\u00e9 et une d\u00e9l\u00e9gation minist\u00e9rielle \u00e9valuent l\u2019alimentation scolaire dans le Nord &#8211; VeliPost","isPartOf":{"@id":"https:\/\/velipost.com\/#website"},"primaryImageOfPage":{"@id":"https:\/\/velipost.com\/?p=3075#primaryimage"},"image":{"@id":"https:\/\/velipost.com\/?p=3075#primaryimage"},"thumbnailUrl":"https:\/\/velipost.com\/wp-content\/uploads\/2025\/02\/Cantines.jpg","datePublished":"2025-02-20T02:26:54+00:00","dateModified":"2025-02-20T02:26:56+00:00","breadcrumb":{"@id":"https:\/\/velipost.com\/?p=3075#breadcrumb"},"inLanguage":"fr-FR","potentialAction":[{"@type":"ReadAction","target":["https:\/\/velipost.com\/?p=3075"]}]},{"@type":"ImageObject","inLanguage":"fr-FR","@id":"https:\/\/velipost.com\/?p=3075#primaryimage","url":"https:\/\/velipost.com\/wp-content\/uploads\/2025\/02\/Cantines.jpg","contentUrl":"https:\/\/velipost.com\/wp-content\/uploads\/2025\/02\/Cantines.jpg","width":1170,"height":603},{"@type":"BreadcrumbList","@id":"https:\/\/velipost.com\/?p=3075#breadcrumb","itemListElement":[{"@type":"ListItem","position":1,"name":"Accueil","item":"https:\/\/velipost.com\/"},{"@type":"ListItem","position":2,"name":"Pierre Andr\u00e9 et une d\u00e9l\u00e9gation minist\u00e9rielle \u00e9valuent l\u2019alimentation scolaire dans le Nord"}]},{"@type":"WebSite","@id":"https:\/\/velipost.com\/#website","url":"https:\/\/velipost.com\/","name":"VeliPost","description":"L\u2019info en un clic","publisher":{"@id":"https:\/\/velipost.com\/#organization"},"potentialAction":[{"@type":"SearchAction","target":{"@type":"EntryPoint","urlTemplate":"https:\/\/velipost.com\/?s={search_term_string}"},"query-input":{"@type":"PropertyValueSpecification","valueRequired":true,"valueName":"search_term_string"}}],"inLanguage":"fr-FR"},{"@type":"Organization","@id":"https:\/\/velipost.com\/#organization","name":"VeliPost","url":"https:\/\/velipost.com\/","logo":{"@type":"ImageObject","inLanguage":"fr-FR","@id":"https:\/\/velipost.com\/#\/schema\/logo\/image\/","url":"https:\/\/velipost.com\/wp-content\/uploads\/2024\/08\/cropped-VP-logo-piti.png","contentUrl":"https:\/\/velipost.com\/wp-content\/uploads\/2024\/08\/cropped-VP-logo-piti.png","width":201,"height":69,"caption":"VeliPost"},"image":{"@id":"https:\/\/velipost.com\/#\/schema\/logo\/image\/"},"sameAs":["https:\/\/www.facebook.com\/veliposthaiti","https:\/\/x.com\/veliposthaiti","https:\/\/www.instagram.com\/veliposthaiti"]},{"@type":"Person","@id":"https:\/\/velipost.com\/#\/schema\/person\/32ff49a53c9c1bb24302ee8ece058096","name":"VeliPost","image":{"@type":"ImageObject","inLanguage":"fr-FR","@id":"https:\/\/velipost.com\/#\/schema\/person\/image\/","url":"https:\/\/secure.gravatar.com\/avatar\/57c226c264de62f794185a89596d4a37b85a5ad20aca30d9d5a478b27d8c8d9d?s=96&d=mm&r=g","contentUrl":"https:\/\/secure.gravatar.com\/avatar\/57c226c264de62f794185a89596d4a37b85a5ad20aca30d9d5a478b27d8c8d9d?s=96&d=mm&r=g","caption":"VeliPost"},"sameAs":["https:\/\/velipost.com"],"url":"https:\/\/velipost.com\/?author=1"}]}},"views":1,"jetpack_publicize_connections":[],"uagb_featured_image_src":{"full":["https:\/\/velipost.com\/wp-content\/uploads\/2025\/02\/Cantines.jpg",1170,603,false],"thumbnail":["https:\/\/velipost.com\/wp-content\/uploads\/2025\/02\/Cantines-150x150.jpg",150,150,true],"medium":["https:\/\/velipost.com\/wp-content\/uploads\/2025\/02\/Cantines-300x155.jpg",300,155,true],"medium_large":["https:\/\/velipost.com\/wp-content\/uploads\/2025\/02\/Cantines-768x396.jpg",715,369,true],"large":["https:\/\/velipost.com\/wp-content\/uploads\/2025\/02\/Cantines-1024x528.jpg",715,369,true],"1536x1536":["https:\/\/velipost.com\/wp-content\/uploads\/2025\/02\/Cantines.jpg",1170,603,false],"2048x2048":["https:\/\/velipost.com\/wp-content\/uploads\/2025\/02\/Cantines.jpg",1170,603,false],"colornews-big-slider":["https:\/\/velipost.com\/wp-content\/uploads\/2025\/02\/Cantines-1070x470.jpg",1070,470,true],"colornews-big-slider-thumb":["https:\/\/velipost.com\/wp-content\/uploads\/2025\/02\/Cantines-184x109.jpg",184,109,true],"colornews-featured-post-medium":["https:\/\/velipost.com\/wp-content\/uploads\/2025\/02\/Cantines-345x265.jpg",345,265,true],"colornews-featured-post-small":["https:\/\/velipost.com\/wp-content\/uploads\/2025\/02\/Cantines-115x73.jpg",115,73,true],"colornews-random-posts":["https:\/\/velipost.com\/wp-content\/uploads\/2025\/02\/Cantines-215x215.jpg",215,215,true],"colornews-featured-image":["https:\/\/velipost.com\/wp-content\/uploads\/2025\/02\/Cantines-715x400.jpg",715,400,true],"mailpoet_newsletter_max":["https:\/\/velipost.com\/wp-content\/uploads\/2025\/02\/Cantines.jpg",1170,603,false]},"uagb_author_info":{"display_name":"VeliPost","author_link":"https:\/\/velipost.com\/?author=1"},"uagb_comment_info":0,"uagb_excerpt":"Cap-Ha\u00eftien, 13 f\u00e9vrier 2025 \u2013 Dans le cadre du suivi et de l\u2019\u00e9valuation du Programme National de Cantines Scolaires (PNCS), le Coordonnateur d\u00e9partemental Nord","_links":{"self":[{"href":"https:\/\/velipost.com\/index.php?rest_route=\/wp\/v2\/posts\/3075","targetHints":{"allow":["GET"]}}],"collection":[{"href":"https:\/\/velipost.com\/index.php?rest_route=\/wp\/v2\/posts"}],"about":[{"href":"https:\/\/velipost.com\/index.php?rest_route=\/wp\/v2\/types\/post"}],"author":[{"embeddable":true,"href":"https:\/\/velipost.com\/index.php?rest_route=\/wp\/v2\/users\/1"}],"replies":[{"embeddable":true,"href":"https:\/\/velipost.com\/index.php?rest_route=%2Fwp%2Fv2%2Fcomments&post=3075"}],"version-history":[{"count":1,"href":"https:\/\/velipost.com\/index.php?rest_route=\/wp\/v2\/posts\/3075\/revisions"}],"predecessor-version":[{"id":3077,"href":"https:\/\/velipost.com\/index.php?rest_route=\/wp\/v2\/posts\/3075\/revisions\/3077"}],"wp:featuredmedia":[{"embeddable":true,"href":"https:\/\/velipost.com\/index.php?rest_route=\/wp\/v2\/media\/3076"}],"wp:attachment":[{"href":"https:\/\/velipost.com\/index.php?rest_route=%2Fwp%2Fv2%2Fmedia&parent=3075"}],"wp:term":[{"taxonomy":"category","embeddable":true,"href":"https:\/\/velipost.com\/index.php?rest_route=%2Fwp%2Fv2%2Fcategories&post=3075"},{"taxonomy":"post_tag","embeddable":true,"href":"https:\/\/velipost.com\/index.php?rest_route=%2Fwp%2Fv2%2Ftags&post=3075"}],"curies":[{"name":"wp","href":"https:\/\/api.w.org\/{rel}","templated":true}]}}