{"id":3070,"date":"2025-02-15T02:40:31","date_gmt":"2025-02-15T01:40:31","guid":{"rendered":"https:\/\/velipost.com\/?p=3070"},"modified":"2025-02-15T02:40:32","modified_gmt":"2025-02-15T01:40:32","slug":"un-agronome-a-la-tete-de-lofatma-une-nomination-qui-interroge","status":"publish","type":"post","link":"https:\/\/velipost.com\/?p=3070","title":{"rendered":"Un agronome \u00e0 la t\u00eate de l\u2019OFATMA : une nomination qui interroge"},"content":{"rendered":"\n<p>La nomination de Vikerson Garnier, ancien d\u00e9put\u00e9 et agronome, \u00e0 la t\u00eate de l\u2019OFATMA (Office d\u2019Assurance Accidents du Travail, Maladie et Maternit\u00e9) suscite un d\u00e9bat au sein de l\u2019opinion publique. Si certains saluent un choix strat\u00e9gique, d\u2019autres s\u2019interrogent sur la pertinence de confier un organisme de sant\u00e9 \u00e0 un non-m\u00e9decin.<\/p>\n\n\n\n<p>Ce questionnement est l\u00e9gitime : l\u2019OFATMA joue un r\u00f4le cl\u00e9 dans le syst\u00e8me de protection sociale en Ha\u00efti, et l\u2019on pourrait s\u2019attendre \u00e0 ce qu\u2019un professionnel du domaine m\u00e9dical en prenne les r\u00eanes. Cependant, cette institution ne se limite pas \u00e0 la prestation de soins. Son bon fonctionnement repose avant tout sur une gestion rigoureuse, une administration efficace et une capacit\u00e9 \u00e0 mobiliser des ressources.<\/p>\n\n\n\n<p><strong>Gestion ou expertise m\u00e9dicale : o\u00f9 placer la priorit\u00e9 ?<\/strong><\/p>\n\n\n\n<p>Dans de nombreux pays, les structures de sant\u00e9 et les assurances sociales sont dirig\u00e9es par des gestionnaires exp\u00e9riment\u00e9s, souvent issus du monde de l\u2019administration publique, de l\u2019\u00e9conomie ou du droit. Aux \u00c9tats-Unis, la plupart des directeurs d\u2019h\u00f4pitaux sont des administrateurs sp\u00e9cialis\u00e9s en gestion hospitali\u00e8re. En France, plusieurs agences de sant\u00e9 sont dirig\u00e9es par des hauts fonctionnaires ou des \u00e9conomistes. Ha\u00efti pourrait donc s\u2019inscrire dans une dynamique similaire en misant sur des profils ayant une solide exp\u00e9rience en administration publique.<\/p>\n\n\n\n<p>Vikerson Garnier, en tant qu\u2019ancien d\u00e9put\u00e9, a \u00e9t\u00e9 au c\u0153ur des d\u00e9cisions politiques et des grands dossiers de l\u2019\u00c9tat. Son parcours lui conf\u00e8re une compr\u00e9hension approfondie des m\u00e9canismes institutionnels, un atout non n\u00e9gligeable pour g\u00e9rer une structure aussi strat\u00e9gique que l\u2019OFATMA. Sa nomination repose ainsi sur une logique de gouvernance plus que sur une expertise strictement m\u00e9dicale.<\/p>\n\n\n\n<p><strong>Les attentes face \u00e0 ce nouveau leadership<\/strong><\/p>\n\n\n\n<p>Toutefois, cette approche n\u2019est pas sans d\u00e9fis. Si un m\u00e9decin aurait pu apporter une vision plus technique des besoins de l\u2019OFATMA, Garnier devra quant \u00e0 lui prouver que ses comp\u00e9tences en gestion suffisent \u00e0 am\u00e9liorer les services de l\u2019institution. Les attentes sont grandes : acc\u00e8s aux soins, couverture des accidents de travail, am\u00e9lioration des services pour les assur\u00e9s.<\/p>\n\n\n\n<p>La question essentielle reste donc celle des r\u00e9sultats. Peu importe le d\u00e9bat sur son profil, l\u2019\u00e9l\u00e9ment cl\u00e9 sera sa capacit\u00e9 \u00e0 r\u00e9former et \u00e0 moderniser l\u2019OFATMA. Si son passage \u00e0 la t\u00eate de l\u2019institution se traduit par une gestion plus efficace et des services am\u00e9lior\u00e9s, ce choix pourra \u00eatre jug\u00e9 pertinent. Dans le cas contraire, les critiques d\u2019aujourd\u2019hui deviendront des arguments plus forts contre cette approche de gouvernance.<\/p>\n\n\n\n<p><strong>Une opportunit\u00e9 pour repenser les nominations en Ha\u00efti ?<\/strong><\/p>\n\n\n\n<p>Ce d\u00e9bat met en lumi\u00e8re un enjeu plus large : comment choisir les dirigeants des institutions publiques en Ha\u00efti ? Faut-il privil\u00e9gier une expertise technique ou des comp\u00e9tences en administration et en gestion des ressources ? La nomination de Vikerson Garnier pourrait, \u00e0 terme, ouvrir la voie \u00e0 une r\u00e9forme plus globale sur les crit\u00e8res de s\u00e9lection des responsables d\u2019institutions strat\u00e9giques.<\/p>\n\n\n\n<p><em>En attendant, seul le bilan de cette nouvelle administration pourra trancher le d\u00e9bat.<\/em><\/p>\n\n    <div class=\"xs_social_share_widget xs_share_url after_content \t\tmain_content  wslu-style-3 wslu-share-box-shaped wslu-fill-brand-hover-colored wslu-share-m-5 wslu-none wslu-share-horizontal wslu-theme-font-no wslu-main_content\">\n\n\t\t\n        <ul>\n\t\t\t                    <li class=\"xs-share-li twitter                        wslu-no-extra-data\">\n                        <a href=\"javascript:void(0);\"\n                           id=\"xs_feed_twitter\"\n                           onclick=\"xs_social_sharer(this);\"\n                           data-pid=\"3070\"\n                           data-uri_hash=\"3b8999e2caa915a2d20c7f1880f12fc3\"\n                           data-key=\"twitter\"\n                           data-xs-href=\"https:\/\/twitter.com\/intent\/tweet?text=Un+agronome+%C3%A0+la+t%C3%AAte+de+l%E2%80%99OFATMA+%3A+une+nomination+qui+interroge+https%3A%2F%2Fvelipost.com%2Findex.php%3Frest_route%3D%252Fwp%252Fv2%252Fposts%252F3070&amp;original_referer=https%3A%2F%2Fvelipost.com%2Findex.php%3Frest_route%3D%252Fwp%252Fv2%252Fposts%252F3070&amp;related=xpeedstudio\">\n\n                            <div class=\"xs-social-icon\">\n                                <span class=\"met-social met-social-twitter\"><\/span>\n                            <\/div>\n\n\t\t\t\t\t\t\t\n                            <div class=\"wslu-hover-content\">\n                                <div class=\"xs-social-followers\">\n\t\t\t\t\t\t\t\t\t10                                <\/div>\n                                <div class=\"xs-social-follower-text\">\n\t\t\t\t\t\t\t\t\tShare                                <\/div>\n                                <div class=\"xs-social-follower-label\">\n\t\t\t\t\t\t\t\t\tTwitter                                <\/div>\n                            <\/div>\n                        <\/a>\n                    <\/li>\n\t\t\t\t\t                    <li class=\"xs-share-li telegram                        wslu-no-extra-data\">\n                        <a href=\"javascript:void(0);\"\n                           id=\"xs_feed_telegram\"\n                           onclick=\"xs_social_sharer(this);\"\n                           data-pid=\"3070\"\n                           data-uri_hash=\"3b8999e2caa915a2d20c7f1880f12fc3\"\n                           data-key=\"telegram\"\n                           data-xs-href=\"https:\/\/telegram.me\/share\/url?url=https%3A%2F%2Fvelipost.com%2Findex.php%3Frest_route%3D%252Fwp%252Fv2%252Fposts%252F3070&amp;text=Un+agronome+%C3%A0+la+t%C3%AAte+de+l%E2%80%99OFATMA+%3A+une+nomination+qui+interroge\">\n\n                            <div class=\"xs-social-icon\">\n                                <span class=\"met-social met-social-telegram\"><\/span>\n                            <\/div>\n\n\t\t\t\t\t\t\t\n                            <div class=\"wslu-hover-content\">\n                                <div class=\"xs-social-followers\">\n\t\t\t\t\t\t\t\t\t0                                <\/div>\n                                <div class=\"xs-social-follower-text\">\n\t\t\t\t\t\t\t\t\tShare                                <\/div>\n                                <div class=\"xs-social-follower-label\">\n\t\t\t\t\t\t\t\t\tTelegram                                <\/div>\n                            <\/div>\n                        <\/a>\n                    <\/li>\n\t\t\t\t\t                    <li class=\"xs-share-li email                        wslu-no-extra-data\">\n                        <a href=\"javascript:void(0);\"\n                           id=\"xs_feed_email\"\n                           onclick=\"xs_social_sharer(this);\"\n                           data-pid=\"3070\"\n                           data-uri_hash=\"3b8999e2caa915a2d20c7f1880f12fc3\"\n                           data-key=\"email\"\n                           data-xs-href=\"mailto:?body=Title%3A+Un+agronome+%C3%A0+la+t%C3%AAte+de+l%E2%80%99OFATMA+%3A+une+nomination+qui+interroge+%5Cn%5Cn+URL%3A+https%3A%2F%2Fvelipost.com%2Findex.php%3Frest_route%3D%252Fwp%252Fv2%252Fposts%252F3070&amp;subject=Un+agronome+%C3%A0+la+t%C3%AAte+de+l%E2%80%99OFATMA+%3A+une+nomination+qui+interroge\">\n\n                            <div class=\"xs-social-icon\">\n                                <span class=\"met-social met-social-email\"><\/span>\n                            <\/div>\n\n\t\t\t\t\t\t\t\n                            <div class=\"wslu-hover-content\">\n                                <div class=\"xs-social-followers\">\n\t\t\t\t\t\t\t\t\t0                                <\/div>\n                                <div class=\"xs-social-follower-text\">\n\t\t\t\t\t\t\t\t\tShare                                <\/div>\n                                <div class=\"xs-social-follower-label\">\n\t\t\t\t\t\t\t\t\tEmail                                <\/div>\n                            <\/div>\n                        <\/a>\n                    <\/li>\n\t\t\t\t\t        <\/ul>\n    <\/div> \n","protected":false},"excerpt":{"rendered":"<p>La nomination de Vikerson Garnier, ancien d\u00e9put\u00e9 et agronome, \u00e0 la t\u00eate de l\u2019OFATMA (Office d\u2019Assurance Accidents du Travail, Maladie et Maternit\u00e9) suscite un<\/p>\n","protected":false},"author":1,"featured_media":3071,"comment_status":"open","ping_status":"open","sticky":false,"template":"","format":"standard","meta":{"_uag_custom_page_level_css":"","footnotes":"","jetpack_publicize_message":"","jetpack_publicize_feature_enabled":true,"jetpack_social_post_already_shared":false,"jetpack_social_options":{"image_generator_settings":{"template":"highway","default_image_id":0,"font":"","enabled":false},"version":2}},"categories":[238],"tags":[],"class_list":["post-3070","post","type-post","status-publish","format-standard","has-post-thumbnail","hentry","category-opinion"],"yoast_head":"<!-- This site is optimized with the Yoast SEO plugin v25.3.1 - https:\/\/yoast.com\/wordpress\/plugins\/seo\/ -->\n<title>Un agronome \u00e0 la t\u00eate de l\u2019OFATMA : une nomination qui interroge &#8211; VeliPost<\/title>\n<meta name=\"robots\" content=\"index, follow, max-snippet:-1, max-image-preview:large, max-video-preview:-1\" \/>\n<link rel=\"canonical\" href=\"https:\/\/velipost.com\/?p=3070\" \/>\n<meta property=\"og:locale\" content=\"fr_FR\" \/>\n<meta property=\"og:type\" content=\"article\" \/>\n<meta property=\"og:title\" content=\"Un agronome \u00e0 la t\u00eate de l\u2019OFATMA : une nomination qui interroge &#8211; VeliPost\" \/>\n<meta property=\"og:description\" content=\"La nomination de Vikerson Garnier, ancien d\u00e9put\u00e9 et agronome, \u00e0 la t\u00eate de l\u2019OFATMA (Office d\u2019Assurance Accidents du Travail, Maladie et Maternit\u00e9) suscite un\" \/>\n<meta property=\"og:url\" content=\"https:\/\/velipost.com\/?p=3070\" \/>\n<meta property=\"og:site_name\" content=\"VeliPost\" \/>\n<meta property=\"article:publisher\" content=\"https:\/\/www.facebook.com\/veliposthaiti\" \/>\n<meta property=\"article:published_time\" content=\"2025-02-15T01:40:31+00:00\" \/>\n<meta property=\"article:modified_time\" content=\"2025-02-15T01:40:32+00:00\" \/>\n<meta property=\"og:image\" content=\"https:\/\/velipost.com\/wp-content\/uploads\/2025\/02\/GARNIER.jpg\" \/>\n\t<meta property=\"og:image:width\" content=\"1170\" \/>\n\t<meta property=\"og:image:height\" content=\"603\" \/>\n\t<meta property=\"og:image:type\" content=\"image\/jpeg\" \/>\n<meta name=\"author\" content=\"VeliPost\" \/>\n<meta name=\"twitter:card\" content=\"summary_large_image\" \/>\n<meta name=\"twitter:creator\" content=\"@veliposthaiti\" \/>\n<meta name=\"twitter:site\" content=\"@veliposthaiti\" \/>\n<meta name=\"twitter:label1\" content=\"\u00c9crit par\" \/>\n\t<meta name=\"twitter:data1\" content=\"VeliPost\" \/>\n\t<meta name=\"twitter:label2\" content=\"Dur\u00e9e de lecture estim\u00e9e\" \/>\n\t<meta name=\"twitter:data2\" content=\"3 minutes\" \/>\n<script type=\"application\/ld+json\" class=\"yoast-schema-graph\">{\"@context\":\"https:\/\/schema.org\",\"@graph\":[{\"@type\":\"Article\",\"@id\":\"https:\/\/velipost.com\/?p=3070#article\",\"isPartOf\":{\"@id\":\"https:\/\/velipost.com\/?p=3070\"},\"author\":{\"name\":\"VeliPost\",\"@id\":\"https:\/\/velipost.com\/#\/schema\/person\/32ff49a53c9c1bb24302ee8ece058096\"},\"headline\":\"Un agronome \u00e0 la t\u00eate de l\u2019OFATMA : une nomination qui interroge\",\"datePublished\":\"2025-02-15T01:40:31+00:00\",\"dateModified\":\"2025-02-15T01:40:32+00:00\",\"mainEntityOfPage\":{\"@id\":\"https:\/\/velipost.com\/?p=3070\"},\"wordCount\":550,\"commentCount\":0,\"publisher\":{\"@id\":\"https:\/\/velipost.com\/#organization\"},\"image\":{\"@id\":\"https:\/\/velipost.com\/?p=3070#primaryimage\"},\"thumbnailUrl\":\"https:\/\/velipost.com\/wp-content\/uploads\/2025\/02\/GARNIER.jpg\",\"articleSection\":[\"Opinion\"],\"inLanguage\":\"fr-FR\",\"potentialAction\":[{\"@type\":\"CommentAction\",\"name\":\"Comment\",\"target\":[\"https:\/\/velipost.com\/?p=3070#respond\"]}]},{\"@type\":\"WebPage\",\"@id\":\"https:\/\/velipost.com\/?p=3070\",\"url\":\"https:\/\/velipost.com\/?p=3070\",\"name\":\"Un agronome \u00e0 la t\u00eate de l\u2019OFATMA : une nomination qui interroge &#8211; VeliPost\",\"isPartOf\":{\"@id\":\"https:\/\/velipost.com\/#website\"},\"primaryImageOfPage\":{\"@id\":\"https:\/\/velipost.com\/?p=3070#primaryimage\"},\"image\":{\"@id\":\"https:\/\/velipost.com\/?p=3070#primaryimage\"},\"thumbnailUrl\":\"https:\/\/velipost.com\/wp-content\/uploads\/2025\/02\/GARNIER.jpg\",\"datePublished\":\"2025-02-15T01:40:31+00:00\",\"dateModified\":\"2025-02-15T01:40:32+00:00\",\"breadcrumb\":{\"@id\":\"https:\/\/velipost.com\/?p=3070#breadcrumb\"},\"inLanguage\":\"fr-FR\",\"potentialAction\":[{\"@type\":\"ReadAction\",\"target\":[\"https:\/\/velipost.com\/?p=3070\"]}]},{\"@type\":\"ImageObject\",\"inLanguage\":\"fr-FR\",\"@id\":\"https:\/\/velipost.com\/?p=3070#primaryimage\",\"url\":\"https:\/\/velipost.com\/wp-content\/uploads\/2025\/02\/GARNIER.jpg\",\"contentUrl\":\"https:\/\/velipost.com\/wp-content\/uploads\/2025\/02\/GARNIER.jpg\",\"width\":1170,\"height\":603},{\"@type\":\"BreadcrumbList\",\"@id\":\"https:\/\/velipost.com\/?p=3070#breadcrumb\",\"itemListElement\":[{\"@type\":\"ListItem\",\"position\":1,\"name\":\"Accueil\",\"item\":\"https:\/\/velipost.com\/\"},{\"@type\":\"ListItem\",\"position\":2,\"name\":\"Un agronome \u00e0 la t\u00eate de l\u2019OFATMA : une nomination qui interroge\"}]},{\"@type\":\"WebSite\",\"@id\":\"https:\/\/velipost.com\/#website\",\"url\":\"https:\/\/velipost.com\/\",\"name\":\"VeliPost\",\"description\":\"L\u2019info en un clic\",\"publisher\":{\"@id\":\"https:\/\/velipost.com\/#organization\"},\"potentialAction\":[{\"@type\":\"SearchAction\",\"target\":{\"@type\":\"EntryPoint\",\"urlTemplate\":\"https:\/\/velipost.com\/?s={search_term_string}\"},\"query-input\":{\"@type\":\"PropertyValueSpecification\",\"valueRequired\":true,\"valueName\":\"search_term_string\"}}],\"inLanguage\":\"fr-FR\"},{\"@type\":\"Organization\",\"@id\":\"https:\/\/velipost.com\/#organization\",\"name\":\"VeliPost\",\"url\":\"https:\/\/velipost.com\/\",\"logo\":{\"@type\":\"ImageObject\",\"inLanguage\":\"fr-FR\",\"@id\":\"https:\/\/velipost.com\/#\/schema\/logo\/image\/\",\"url\":\"https:\/\/velipost.com\/wp-content\/uploads\/2024\/08\/cropped-VP-logo-piti.png\",\"contentUrl\":\"https:\/\/velipost.com\/wp-content\/uploads\/2024\/08\/cropped-VP-logo-piti.png\",\"width\":201,\"height\":69,\"caption\":\"VeliPost\"},\"image\":{\"@id\":\"https:\/\/velipost.com\/#\/schema\/logo\/image\/\"},\"sameAs\":[\"https:\/\/www.facebook.com\/veliposthaiti\",\"https:\/\/x.com\/veliposthaiti\",\"https:\/\/www.instagram.com\/veliposthaiti\"]},{\"@type\":\"Person\",\"@id\":\"https:\/\/velipost.com\/#\/schema\/person\/32ff49a53c9c1bb24302ee8ece058096\",\"name\":\"VeliPost\",\"image\":{\"@type\":\"ImageObject\",\"inLanguage\":\"fr-FR\",\"@id\":\"https:\/\/velipost.com\/#\/schema\/person\/image\/\",\"url\":\"https:\/\/secure.gravatar.com\/avatar\/57c226c264de62f794185a89596d4a37b85a5ad20aca30d9d5a478b27d8c8d9d?s=96&d=mm&r=g\",\"contentUrl\":\"https:\/\/secure.gravatar.com\/avatar\/57c226c264de62f794185a89596d4a37b85a5ad20aca30d9d5a478b27d8c8d9d?s=96&d=mm&r=g\",\"caption\":\"VeliPost\"},\"sameAs\":[\"https:\/\/velipost.com\"],\"url\":\"https:\/\/velipost.com\/?author=1\"}]}<\/script>\n<!-- \/ Yoast SEO plugin. -->","yoast_head_json":{"title":"Un agronome \u00e0 la t\u00eate de l\u2019OFATMA : une nomination qui interroge &#8211; VeliPost","robots":{"index":"index","follow":"follow","max-snippet":"max-snippet:-1","max-image-preview":"max-image-preview:large","max-video-preview":"max-video-preview:-1"},"canonical":"https:\/\/velipost.com\/?p=3070","og_locale":"fr_FR","og_type":"article","og_title":"Un agronome \u00e0 la t\u00eate de l\u2019OFATMA : une nomination qui interroge &#8211; VeliPost","og_description":"La nomination de Vikerson Garnier, ancien d\u00e9put\u00e9 et agronome, \u00e0 la t\u00eate de l\u2019OFATMA (Office d\u2019Assurance Accidents du Travail, Maladie et Maternit\u00e9) suscite un","og_url":"https:\/\/velipost.com\/?p=3070","og_site_name":"VeliPost","article_publisher":"https:\/\/www.facebook.com\/veliposthaiti","article_published_time":"2025-02-15T01:40:31+00:00","article_modified_time":"2025-02-15T01:40:32+00:00","og_image":[{"width":1170,"height":603,"url":"https:\/\/velipost.com\/wp-content\/uploads\/2025\/02\/GARNIER.jpg","type":"image\/jpeg"}],"author":"VeliPost","twitter_card":"summary_large_image","twitter_creator":"@veliposthaiti","twitter_site":"@veliposthaiti","twitter_misc":{"\u00c9crit par":"VeliPost","Dur\u00e9e de lecture estim\u00e9e":"3 minutes"},"schema":{"@context":"https:\/\/schema.org","@graph":[{"@type":"Article","@id":"https:\/\/velipost.com\/?p=3070#article","isPartOf":{"@id":"https:\/\/velipost.com\/?p=3070"},"author":{"name":"VeliPost","@id":"https:\/\/velipost.com\/#\/schema\/person\/32ff49a53c9c1bb24302ee8ece058096"},"headline":"Un agronome \u00e0 la t\u00eate de l\u2019OFATMA : une nomination qui interroge","datePublished":"2025-02-15T01:40:31+00:00","dateModified":"2025-02-15T01:40:32+00:00","mainEntityOfPage":{"@id":"https:\/\/velipost.com\/?p=3070"},"wordCount":550,"commentCount":0,"publisher":{"@id":"https:\/\/velipost.com\/#organization"},"image":{"@id":"https:\/\/velipost.com\/?p=3070#primaryimage"},"thumbnailUrl":"https:\/\/velipost.com\/wp-content\/uploads\/2025\/02\/GARNIER.jpg","articleSection":["Opinion"],"inLanguage":"fr-FR","potentialAction":[{"@type":"CommentAction","name":"Comment","target":["https:\/\/velipost.com\/?p=3070#respond"]}]},{"@type":"WebPage","@id":"https:\/\/velipost.com\/?p=3070","url":"https:\/\/velipost.com\/?p=3070","name":"Un agronome \u00e0 la t\u00eate de l\u2019OFATMA : une nomination qui interroge &#8211; VeliPost","isPartOf":{"@id":"https:\/\/velipost.com\/#website"},"primaryImageOfPage":{"@id":"https:\/\/velipost.com\/?p=3070#primaryimage"},"image":{"@id":"https:\/\/velipost.com\/?p=3070#primaryimage"},"thumbnailUrl":"https:\/\/velipost.com\/wp-content\/uploads\/2025\/02\/GARNIER.jpg","datePublished":"2025-02-15T01:40:31+00:00","dateModified":"2025-02-15T01:40:32+00:00","breadcrumb":{"@id":"https:\/\/velipost.com\/?p=3070#breadcrumb"},"inLanguage":"fr-FR","potentialAction":[{"@type":"ReadAction","target":["https:\/\/velipost.com\/?p=3070"]}]},{"@type":"ImageObject","inLanguage":"fr-FR","@id":"https:\/\/velipost.com\/?p=3070#primaryimage","url":"https:\/\/velipost.com\/wp-content\/uploads\/2025\/02\/GARNIER.jpg","contentUrl":"https:\/\/velipost.com\/wp-content\/uploads\/2025\/02\/GARNIER.jpg","width":1170,"height":603},{"@type":"BreadcrumbList","@id":"https:\/\/velipost.com\/?p=3070#breadcrumb","itemListElement":[{"@type":"ListItem","position":1,"name":"Accueil","item":"https:\/\/velipost.com\/"},{"@type":"ListItem","position":2,"name":"Un agronome \u00e0 la t\u00eate de l\u2019OFATMA : une nomination qui interroge"}]},{"@type":"WebSite","@id":"https:\/\/velipost.com\/#website","url":"https:\/\/velipost.com\/","name":"VeliPost","description":"L\u2019info en un clic","publisher":{"@id":"https:\/\/velipost.com\/#organization"},"potentialAction":[{"@type":"SearchAction","target":{"@type":"EntryPoint","urlTemplate":"https:\/\/velipost.com\/?s={search_term_string}"},"query-input":{"@type":"PropertyValueSpecification","valueRequired":true,"valueName":"search_term_string"}}],"inLanguage":"fr-FR"},{"@type":"Organization","@id":"https:\/\/velipost.com\/#organization","name":"VeliPost","url":"https:\/\/velipost.com\/","logo":{"@type":"ImageObject","inLanguage":"fr-FR","@id":"https:\/\/velipost.com\/#\/schema\/logo\/image\/","url":"https:\/\/velipost.com\/wp-content\/uploads\/2024\/08\/cropped-VP-logo-piti.png","contentUrl":"https:\/\/velipost.com\/wp-content\/uploads\/2024\/08\/cropped-VP-logo-piti.png","width":201,"height":69,"caption":"VeliPost"},"image":{"@id":"https:\/\/velipost.com\/#\/schema\/logo\/image\/"},"sameAs":["https:\/\/www.facebook.com\/veliposthaiti","https:\/\/x.com\/veliposthaiti","https:\/\/www.instagram.com\/veliposthaiti"]},{"@type":"Person","@id":"https:\/\/velipost.com\/#\/schema\/person\/32ff49a53c9c1bb24302ee8ece058096","name":"VeliPost","image":{"@type":"ImageObject","inLanguage":"fr-FR","@id":"https:\/\/velipost.com\/#\/schema\/person\/image\/","url":"https:\/\/secure.gravatar.com\/avatar\/57c226c264de62f794185a89596d4a37b85a5ad20aca30d9d5a478b27d8c8d9d?s=96&d=mm&r=g","contentUrl":"https:\/\/secure.gravatar.com\/avatar\/57c226c264de62f794185a89596d4a37b85a5ad20aca30d9d5a478b27d8c8d9d?s=96&d=mm&r=g","caption":"VeliPost"},"sameAs":["https:\/\/velipost.com"],"url":"https:\/\/velipost.com\/?author=1"}]}},"views":1,"jetpack_publicize_connections":[],"uagb_featured_image_src":{"full":["https:\/\/velipost.com\/wp-content\/uploads\/2025\/02\/GARNIER.jpg",1170,603,false],"thumbnail":["https:\/\/velipost.com\/wp-content\/uploads\/2025\/02\/GARNIER-150x150.jpg",150,150,true],"medium":["https:\/\/velipost.com\/wp-content\/uploads\/2025\/02\/GARNIER-300x155.jpg",300,155,true],"medium_large":["https:\/\/velipost.com\/wp-content\/uploads\/2025\/02\/GARNIER-768x396.jpg",715,369,true],"large":["https:\/\/velipost.com\/wp-content\/uploads\/2025\/02\/GARNIER-1024x528.jpg",715,369,true],"1536x1536":["https:\/\/velipost.com\/wp-content\/uploads\/2025\/02\/GARNIER.jpg",1170,603,false],"2048x2048":["https:\/\/velipost.com\/wp-content\/uploads\/2025\/02\/GARNIER.jpg",1170,603,false],"colornews-big-slider":["https:\/\/velipost.com\/wp-content\/uploads\/2025\/02\/GARNIER-1070x470.jpg",1070,470,true],"colornews-big-slider-thumb":["https:\/\/velipost.com\/wp-content\/uploads\/2025\/02\/GARNIER-184x109.jpg",184,109,true],"colornews-featured-post-medium":["https:\/\/velipost.com\/wp-content\/uploads\/2025\/02\/GARNIER-345x265.jpg",345,265,true],"colornews-featured-post-small":["https:\/\/velipost.com\/wp-content\/uploads\/2025\/02\/GARNIER-115x73.jpg",115,73,true],"colornews-random-posts":["https:\/\/velipost.com\/wp-content\/uploads\/2025\/02\/GARNIER-215x215.jpg",215,215,true],"colornews-featured-image":["https:\/\/velipost.com\/wp-content\/uploads\/2025\/02\/GARNIER-715x400.jpg",715,400,true],"mailpoet_newsletter_max":["https:\/\/velipost.com\/wp-content\/uploads\/2025\/02\/GARNIER.jpg",1170,603,false]},"uagb_author_info":{"display_name":"VeliPost","author_link":"https:\/\/velipost.com\/?author=1"},"uagb_comment_info":0,"uagb_excerpt":"La nomination de Vikerson Garnier, ancien d\u00e9put\u00e9 et agronome, \u00e0 la t\u00eate de l\u2019OFATMA (Office d\u2019Assurance Accidents du Travail, Maladie et Maternit\u00e9) suscite un","_links":{"self":[{"href":"https:\/\/velipost.com\/index.php?rest_route=\/wp\/v2\/posts\/3070","targetHints":{"allow":["GET"]}}],"collection":[{"href":"https:\/\/velipost.com\/index.php?rest_route=\/wp\/v2\/posts"}],"about":[{"href":"https:\/\/velipost.com\/index.php?rest_route=\/wp\/v2\/types\/post"}],"author":[{"embeddable":true,"href":"https:\/\/velipost.com\/index.php?rest_route=\/wp\/v2\/users\/1"}],"replies":[{"embeddable":true,"href":"https:\/\/velipost.com\/index.php?rest_route=%2Fwp%2Fv2%2Fcomments&post=3070"}],"version-history":[{"count":1,"href":"https:\/\/velipost.com\/index.php?rest_route=\/wp\/v2\/posts\/3070\/revisions"}],"predecessor-version":[{"id":3072,"href":"https:\/\/velipost.com\/index.php?rest_route=\/wp\/v2\/posts\/3070\/revisions\/3072"}],"wp:featuredmedia":[{"embeddable":true,"href":"https:\/\/velipost.com\/index.php?rest_route=\/wp\/v2\/media\/3071"}],"wp:attachment":[{"href":"https:\/\/velipost.com\/index.php?rest_route=%2Fwp%2Fv2%2Fmedia&parent=3070"}],"wp:term":[{"taxonomy":"category","embeddable":true,"href":"https:\/\/velipost.com\/index.php?rest_route=%2Fwp%2Fv2%2Fcategories&post=3070"},{"taxonomy":"post_tag","embeddable":true,"href":"https:\/\/velipost.com\/index.php?rest_route=%2Fwp%2Fv2%2Ftags&post=3070"}],"curies":[{"name":"wp","href":"https:\/\/api.w.org\/{rel}","templated":true}]}}