{"id":3043,"date":"2025-02-07T20:44:26","date_gmt":"2025-02-07T19:44:26","guid":{"rendered":"https:\/\/velipost.com\/?p=3043"},"modified":"2025-02-07T20:44:28","modified_gmt":"2025-02-07T19:44:28","slug":"haiti-carnaval-2025-le-comite-national-est-en-place-pour-une-edition-historique-a-fort-liberte","status":"publish","type":"post","link":"https:\/\/velipost.com\/?p=3043","title":{"rendered":"Ha\u00efti &#8211; Carnaval 2025 : le comit\u00e9 national est en place pour une \u00e9dition historique \u00e0 Fort-Libert\u00e9 !"},"content":{"rendered":"\n<p>Le Carnaval national 2025 se pr\u00e9pare activement avec la formation officielle du\u00a0Comit\u00e9 national d\u2019organisation. Cette ann\u00e9e, c\u2019est\u00a0Fort-Libert\u00e9\u00a0qui accueillera l\u2019un des plus grands \u00e9v\u00e9nements culturels du pays, sous le th\u00e8me :\u00a0\u00ab <strong>HA\u00cfTI DEBOUT ! AYITI KANPE <\/strong>! \u00bb.<\/p>\n\n\n\n<p>Le Comit\u00e9 National charg\u00e9 de l\u2019organisation de cet \u00e9v\u00e9nement est compos\u00e9 des membres suivants :<\/p>\n\n\n\n<p>1- Pr\u00e9sidente : Madame Josette DARGUSTE<\/p>\n\n\n\n<p>2- Vice-Pr\u00e9sidente: Madame Johanne B. CLEBERT<\/p>\n\n\n\n<p>3. Secr\u00e9taire G\u00e9n\u00e9rale: Madame Hellen ALEXANDRE<\/p>\n\n\n\n<p>4. Directeur Financier: Monsieur Hendy LAMOTHE<\/p>\n\n\n\n<p>5. Tr\u00e9sorier: Monsieur Jean Laury LUC<\/p>\n\n\n\n<p>6. Responsable Cr\u00e9ation Artistique: Monsieur Michel CHATAIGNE<\/p>\n\n\n\n<p>7. Responsable Mise en Sc\u00e8ne Artistique:&nbsp;&nbsp;Madame Yvrose GREEN<\/p>\n\n\n\n<p>8. Responsable Communication: Monsieur Patrice SALOMON<\/p>\n\n\n\n<p>9. Responsable Logistique Technique: Monsieur Sa\u00fcl GAUTHIER<\/p>\n\n\n\n<p>10. Responsable Logistique \u00c9v\u00e8nementiel: Monsieur Akinson BELIZAIRE<\/p>\n\n\n\n<p>11. Responsable Urgences et Secours: Dr Martial BENECHE<\/p>\n\n\n\n<p>12. Membre: Madame Sabrina CHAPERON<\/p>\n\n\n\n<p>Dans un contexte o\u00f9 le pays fait face \u00e0 de nombreux d\u00e9fis, ce carnaval se veut un symbole de\u00a0solidarit\u00e9, de culture et de renouveau. Les festivit\u00e9s promettent de rassembler les Ha\u00eftiens autour d\u2019une fiert\u00e9 commune, mettant en avant la richesse artistique et le dynamisme du peuple.<\/p>\n\n\n\n<p>Cette ville historique du Nord-Est se pr\u00e9pare \u00e0 vibrer aux rythmes des bandes \u00e0 pied, des chars musicaux et des performances spectaculaires. Un rendez-vous incontournable qui s\u2019annonce grandiose !<\/p>\n\n\n\n<p>Restez connect\u00e9s pour plus de d\u00e9tails sur la programmation et les artistes qui feront de ce Carnaval 2025 !<\/p>\n\n    <div class=\"xs_social_share_widget xs_share_url after_content \t\tmain_content  wslu-style-3 wslu-share-box-shaped wslu-fill-brand-hover-colored wslu-share-m-5 wslu-none wslu-share-horizontal wslu-theme-font-no wslu-main_content\">\n\n\t\t\n        <ul>\n\t\t\t                    <li class=\"xs-share-li twitter                        wslu-no-extra-data\">\n                        <a href=\"javascript:void(0);\"\n                           id=\"xs_feed_twitter\"\n                           onclick=\"xs_social_sharer(this);\"\n                           data-pid=\"3043\"\n                           data-uri_hash=\"11f95f23d88cf95025b3c7250b91f0dc\"\n                           data-key=\"twitter\"\n                           data-xs-href=\"https:\/\/twitter.com\/intent\/tweet?text=Ha%C3%AFti+%26%238211%3B+Carnaval+2025+%3A+le+comit%C3%A9+national+est+en+place+pour+une+%C3%A9dition+historique+%C3%A0+Fort-Libert%C3%A9+%21+https%3A%2F%2Fvelipost.com%2Findex.php%3Frest_route%3D%252Fwp%252Fv2%252Fposts%252F3043&amp;original_referer=https%3A%2F%2Fvelipost.com%2Findex.php%3Frest_route%3D%252Fwp%252Fv2%252Fposts%252F3043&amp;related=xpeedstudio\">\n\n                            <div class=\"xs-social-icon\">\n                                <span class=\"met-social met-social-twitter\"><\/span>\n                            <\/div>\n\n\t\t\t\t\t\t\t\n                            <div class=\"wslu-hover-content\">\n                                <div class=\"xs-social-followers\">\n\t\t\t\t\t\t\t\t\t10                                <\/div>\n                                <div class=\"xs-social-follower-text\">\n\t\t\t\t\t\t\t\t\tShare                                <\/div>\n                                <div class=\"xs-social-follower-label\">\n\t\t\t\t\t\t\t\t\tTwitter                                <\/div>\n                            <\/div>\n                        <\/a>\n                    <\/li>\n\t\t\t\t\t                    <li class=\"xs-share-li telegram                        wslu-no-extra-data\">\n                        <a href=\"javascript:void(0);\"\n                           id=\"xs_feed_telegram\"\n                           onclick=\"xs_social_sharer(this);\"\n                           data-pid=\"3043\"\n                           data-uri_hash=\"11f95f23d88cf95025b3c7250b91f0dc\"\n                           data-key=\"telegram\"\n                           data-xs-href=\"https:\/\/telegram.me\/share\/url?url=https%3A%2F%2Fvelipost.com%2Findex.php%3Frest_route%3D%252Fwp%252Fv2%252Fposts%252F3043&amp;text=Ha%C3%AFti+%26%238211%3B+Carnaval+2025+%3A+le+comit%C3%A9+national+est+en+place+pour+une+%C3%A9dition+historique+%C3%A0+Fort-Libert%C3%A9+%21\">\n\n                            <div class=\"xs-social-icon\">\n                                <span class=\"met-social met-social-telegram\"><\/span>\n                            <\/div>\n\n\t\t\t\t\t\t\t\n                            <div class=\"wslu-hover-content\">\n                                <div class=\"xs-social-followers\">\n\t\t\t\t\t\t\t\t\t0                                <\/div>\n                                <div class=\"xs-social-follower-text\">\n\t\t\t\t\t\t\t\t\tShare                                <\/div>\n                                <div class=\"xs-social-follower-label\">\n\t\t\t\t\t\t\t\t\tTelegram                                <\/div>\n                            <\/div>\n                        <\/a>\n                    <\/li>\n\t\t\t\t\t                    <li class=\"xs-share-li email                        wslu-no-extra-data\">\n                        <a href=\"javascript:void(0);\"\n                           id=\"xs_feed_email\"\n                           onclick=\"xs_social_sharer(this);\"\n                           data-pid=\"3043\"\n                           data-uri_hash=\"11f95f23d88cf95025b3c7250b91f0dc\"\n                           data-key=\"email\"\n                           data-xs-href=\"mailto:?body=Title%3A+Ha%C3%AFti+%26%238211%3B+Carnaval+2025+%3A+le+comit%C3%A9+national+est+en+place+pour+une+%C3%A9dition+historique+%C3%A0+Fort-Libert%C3%A9+%21+%5Cn%5Cn+URL%3A+https%3A%2F%2Fvelipost.com%2Findex.php%3Frest_route%3D%252Fwp%252Fv2%252Fposts%252F3043&amp;subject=Ha%C3%AFti+%26%238211%3B+Carnaval+2025+%3A+le+comit%C3%A9+national+est+en+place+pour+une+%C3%A9dition+historique+%C3%A0+Fort-Libert%C3%A9+%21\">\n\n                            <div class=\"xs-social-icon\">\n                                <span class=\"met-social met-social-email\"><\/span>\n                            <\/div>\n\n\t\t\t\t\t\t\t\n                            <div class=\"wslu-hover-content\">\n                                <div class=\"xs-social-followers\">\n\t\t\t\t\t\t\t\t\t0                                <\/div>\n                                <div class=\"xs-social-follower-text\">\n\t\t\t\t\t\t\t\t\tShare                                <\/div>\n                                <div class=\"xs-social-follower-label\">\n\t\t\t\t\t\t\t\t\tEmail                                <\/div>\n                            <\/div>\n                        <\/a>\n                    <\/li>\n\t\t\t\t\t        <\/ul>\n    <\/div> \n","protected":false},"excerpt":{"rendered":"<p>Le Carnaval national 2025 se pr\u00e9pare activement avec la formation officielle du\u00a0Comit\u00e9 national d\u2019organisation. Cette ann\u00e9e, c\u2019est\u00a0Fort-Libert\u00e9\u00a0qui accueillera l\u2019un des plus grands \u00e9v\u00e9nements culturels<\/p>\n","protected":false},"author":1,"featured_media":3044,"comment_status":"open","ping_status":"open","sticky":false,"template":"","format":"standard","meta":{"_uag_custom_page_level_css":"","footnotes":"","jetpack_publicize_message":"","jetpack_publicize_feature_enabled":true,"jetpack_social_post_already_shared":false,"jetpack_social_options":{"image_generator_settings":{"template":"highway","default_image_id":0,"font":"","enabled":false},"version":2}},"categories":[54],"tags":[],"class_list":["post-3043","post","type-post","status-publish","format-standard","has-post-thumbnail","hentry","category-culture"],"yoast_head":"<!-- This site is optimized with the Yoast SEO plugin v25.3.1 - https:\/\/yoast.com\/wordpress\/plugins\/seo\/ -->\n<title>Ha\u00efti - Carnaval 2025 : le comit\u00e9 national est en place pour une \u00e9dition historique \u00e0 Fort-Libert\u00e9 ! &#8211; VeliPost<\/title>\n<meta name=\"robots\" content=\"index, follow, max-snippet:-1, max-image-preview:large, max-video-preview:-1\" \/>\n<link rel=\"canonical\" href=\"https:\/\/velipost.com\/?p=3043\" \/>\n<meta property=\"og:locale\" content=\"fr_FR\" \/>\n<meta property=\"og:type\" content=\"article\" \/>\n<meta property=\"og:title\" content=\"Ha\u00efti - Carnaval 2025 : le comit\u00e9 national est en place pour une \u00e9dition historique \u00e0 Fort-Libert\u00e9 ! &#8211; VeliPost\" \/>\n<meta property=\"og:description\" content=\"Le Carnaval national 2025 se pr\u00e9pare activement avec la formation officielle du\u00a0Comit\u00e9 national d\u2019organisation. Cette ann\u00e9e, c\u2019est\u00a0Fort-Libert\u00e9\u00a0qui accueillera l\u2019un des plus grands \u00e9v\u00e9nements culturels\" \/>\n<meta property=\"og:url\" content=\"https:\/\/velipost.com\/?p=3043\" \/>\n<meta property=\"og:site_name\" content=\"VeliPost\" \/>\n<meta property=\"article:publisher\" content=\"https:\/\/www.facebook.com\/veliposthaiti\" \/>\n<meta property=\"article:published_time\" content=\"2025-02-07T19:44:26+00:00\" \/>\n<meta property=\"article:modified_time\" content=\"2025-02-07T19:44:28+00:00\" \/>\n<meta property=\"og:image\" content=\"https:\/\/velipost.com\/wp-content\/uploads\/2025\/02\/Cover-VP.jpg\" \/>\n\t<meta property=\"og:image:width\" content=\"1170\" \/>\n\t<meta property=\"og:image:height\" content=\"603\" \/>\n\t<meta property=\"og:image:type\" content=\"image\/jpeg\" \/>\n<meta name=\"author\" content=\"VeliPost\" \/>\n<meta name=\"twitter:card\" content=\"summary_large_image\" \/>\n<meta name=\"twitter:creator\" content=\"@veliposthaiti\" \/>\n<meta name=\"twitter:site\" content=\"@veliposthaiti\" \/>\n<meta name=\"twitter:label1\" content=\"\u00c9crit par\" \/>\n\t<meta name=\"twitter:data1\" content=\"VeliPost\" \/>\n\t<meta name=\"twitter:label2\" content=\"Dur\u00e9e de lecture estim\u00e9e\" \/>\n\t<meta name=\"twitter:data2\" content=\"2 minutes\" \/>\n<script type=\"application\/ld+json\" class=\"yoast-schema-graph\">{\"@context\":\"https:\/\/schema.org\",\"@graph\":[{\"@type\":\"Article\",\"@id\":\"https:\/\/velipost.com\/?p=3043#article\",\"isPartOf\":{\"@id\":\"https:\/\/velipost.com\/?p=3043\"},\"author\":{\"name\":\"VeliPost\",\"@id\":\"https:\/\/velipost.com\/#\/schema\/person\/32ff49a53c9c1bb24302ee8ece058096\"},\"headline\":\"Ha\u00efti &#8211; Carnaval 2025 : le comit\u00e9 national est en place pour une \u00e9dition historique \u00e0 Fort-Libert\u00e9 !\",\"datePublished\":\"2025-02-07T19:44:26+00:00\",\"dateModified\":\"2025-02-07T19:44:28+00:00\",\"mainEntityOfPage\":{\"@id\":\"https:\/\/velipost.com\/?p=3043\"},\"wordCount\":251,\"commentCount\":0,\"publisher\":{\"@id\":\"https:\/\/velipost.com\/#organization\"},\"image\":{\"@id\":\"https:\/\/velipost.com\/?p=3043#primaryimage\"},\"thumbnailUrl\":\"https:\/\/velipost.com\/wp-content\/uploads\/2025\/02\/Cover-VP.jpg\",\"articleSection\":[\"Culture\"],\"inLanguage\":\"fr-FR\",\"potentialAction\":[{\"@type\":\"CommentAction\",\"name\":\"Comment\",\"target\":[\"https:\/\/velipost.com\/?p=3043#respond\"]}]},{\"@type\":\"WebPage\",\"@id\":\"https:\/\/velipost.com\/?p=3043\",\"url\":\"https:\/\/velipost.com\/?p=3043\",\"name\":\"Ha\u00efti - Carnaval 2025 : le comit\u00e9 national est en place pour une \u00e9dition historique \u00e0 Fort-Libert\u00e9 ! &#8211; VeliPost\",\"isPartOf\":{\"@id\":\"https:\/\/velipost.com\/#website\"},\"primaryImageOfPage\":{\"@id\":\"https:\/\/velipost.com\/?p=3043#primaryimage\"},\"image\":{\"@id\":\"https:\/\/velipost.com\/?p=3043#primaryimage\"},\"thumbnailUrl\":\"https:\/\/velipost.com\/wp-content\/uploads\/2025\/02\/Cover-VP.jpg\",\"datePublished\":\"2025-02-07T19:44:26+00:00\",\"dateModified\":\"2025-02-07T19:44:28+00:00\",\"breadcrumb\":{\"@id\":\"https:\/\/velipost.com\/?p=3043#breadcrumb\"},\"inLanguage\":\"fr-FR\",\"potentialAction\":[{\"@type\":\"ReadAction\",\"target\":[\"https:\/\/velipost.com\/?p=3043\"]}]},{\"@type\":\"ImageObject\",\"inLanguage\":\"fr-FR\",\"@id\":\"https:\/\/velipost.com\/?p=3043#primaryimage\",\"url\":\"https:\/\/velipost.com\/wp-content\/uploads\/2025\/02\/Cover-VP.jpg\",\"contentUrl\":\"https:\/\/velipost.com\/wp-content\/uploads\/2025\/02\/Cover-VP.jpg\",\"width\":1170,\"height\":603},{\"@type\":\"BreadcrumbList\",\"@id\":\"https:\/\/velipost.com\/?p=3043#breadcrumb\",\"itemListElement\":[{\"@type\":\"ListItem\",\"position\":1,\"name\":\"Accueil\",\"item\":\"https:\/\/velipost.com\/\"},{\"@type\":\"ListItem\",\"position\":2,\"name\":\"Ha\u00efti &#8211; Carnaval 2025 : le comit\u00e9 national est en place pour une \u00e9dition historique \u00e0 Fort-Libert\u00e9 !\"}]},{\"@type\":\"WebSite\",\"@id\":\"https:\/\/velipost.com\/#website\",\"url\":\"https:\/\/velipost.com\/\",\"name\":\"VeliPost\",\"description\":\"L\u2019info en un clic\",\"publisher\":{\"@id\":\"https:\/\/velipost.com\/#organization\"},\"potentialAction\":[{\"@type\":\"SearchAction\",\"target\":{\"@type\":\"EntryPoint\",\"urlTemplate\":\"https:\/\/velipost.com\/?s={search_term_string}\"},\"query-input\":{\"@type\":\"PropertyValueSpecification\",\"valueRequired\":true,\"valueName\":\"search_term_string\"}}],\"inLanguage\":\"fr-FR\"},{\"@type\":\"Organization\",\"@id\":\"https:\/\/velipost.com\/#organization\",\"name\":\"VeliPost\",\"url\":\"https:\/\/velipost.com\/\",\"logo\":{\"@type\":\"ImageObject\",\"inLanguage\":\"fr-FR\",\"@id\":\"https:\/\/velipost.com\/#\/schema\/logo\/image\/\",\"url\":\"https:\/\/velipost.com\/wp-content\/uploads\/2024\/08\/cropped-VP-logo-piti.png\",\"contentUrl\":\"https:\/\/velipost.com\/wp-content\/uploads\/2024\/08\/cropped-VP-logo-piti.png\",\"width\":201,\"height\":69,\"caption\":\"VeliPost\"},\"image\":{\"@id\":\"https:\/\/velipost.com\/#\/schema\/logo\/image\/\"},\"sameAs\":[\"https:\/\/www.facebook.com\/veliposthaiti\",\"https:\/\/x.com\/veliposthaiti\",\"https:\/\/www.instagram.com\/veliposthaiti\"]},{\"@type\":\"Person\",\"@id\":\"https:\/\/velipost.com\/#\/schema\/person\/32ff49a53c9c1bb24302ee8ece058096\",\"name\":\"VeliPost\",\"image\":{\"@type\":\"ImageObject\",\"inLanguage\":\"fr-FR\",\"@id\":\"https:\/\/velipost.com\/#\/schema\/person\/image\/\",\"url\":\"https:\/\/secure.gravatar.com\/avatar\/57c226c264de62f794185a89596d4a37b85a5ad20aca30d9d5a478b27d8c8d9d?s=96&d=mm&r=g\",\"contentUrl\":\"https:\/\/secure.gravatar.com\/avatar\/57c226c264de62f794185a89596d4a37b85a5ad20aca30d9d5a478b27d8c8d9d?s=96&d=mm&r=g\",\"caption\":\"VeliPost\"},\"sameAs\":[\"https:\/\/velipost.com\"],\"url\":\"https:\/\/velipost.com\/?author=1\"}]}<\/script>\n<!-- \/ Yoast SEO plugin. -->","yoast_head_json":{"title":"Ha\u00efti - Carnaval 2025 : le comit\u00e9 national est en place pour une \u00e9dition historique \u00e0 Fort-Libert\u00e9 ! &#8211; VeliPost","robots":{"index":"index","follow":"follow","max-snippet":"max-snippet:-1","max-image-preview":"max-image-preview:large","max-video-preview":"max-video-preview:-1"},"canonical":"https:\/\/velipost.com\/?p=3043","og_locale":"fr_FR","og_type":"article","og_title":"Ha\u00efti - Carnaval 2025 : le comit\u00e9 national est en place pour une \u00e9dition historique \u00e0 Fort-Libert\u00e9 ! &#8211; VeliPost","og_description":"Le Carnaval national 2025 se pr\u00e9pare activement avec la formation officielle du\u00a0Comit\u00e9 national d\u2019organisation. Cette ann\u00e9e, c\u2019est\u00a0Fort-Libert\u00e9\u00a0qui accueillera l\u2019un des plus grands \u00e9v\u00e9nements culturels","og_url":"https:\/\/velipost.com\/?p=3043","og_site_name":"VeliPost","article_publisher":"https:\/\/www.facebook.com\/veliposthaiti","article_published_time":"2025-02-07T19:44:26+00:00","article_modified_time":"2025-02-07T19:44:28+00:00","og_image":[{"width":1170,"height":603,"url":"https:\/\/velipost.com\/wp-content\/uploads\/2025\/02\/Cover-VP.jpg","type":"image\/jpeg"}],"author":"VeliPost","twitter_card":"summary_large_image","twitter_creator":"@veliposthaiti","twitter_site":"@veliposthaiti","twitter_misc":{"\u00c9crit par":"VeliPost","Dur\u00e9e de lecture estim\u00e9e":"2 minutes"},"schema":{"@context":"https:\/\/schema.org","@graph":[{"@type":"Article","@id":"https:\/\/velipost.com\/?p=3043#article","isPartOf":{"@id":"https:\/\/velipost.com\/?p=3043"},"author":{"name":"VeliPost","@id":"https:\/\/velipost.com\/#\/schema\/person\/32ff49a53c9c1bb24302ee8ece058096"},"headline":"Ha\u00efti &#8211; Carnaval 2025 : le comit\u00e9 national est en place pour une \u00e9dition historique \u00e0 Fort-Libert\u00e9 !","datePublished":"2025-02-07T19:44:26+00:00","dateModified":"2025-02-07T19:44:28+00:00","mainEntityOfPage":{"@id":"https:\/\/velipost.com\/?p=3043"},"wordCount":251,"commentCount":0,"publisher":{"@id":"https:\/\/velipost.com\/#organization"},"image":{"@id":"https:\/\/velipost.com\/?p=3043#primaryimage"},"thumbnailUrl":"https:\/\/velipost.com\/wp-content\/uploads\/2025\/02\/Cover-VP.jpg","articleSection":["Culture"],"inLanguage":"fr-FR","potentialAction":[{"@type":"CommentAction","name":"Comment","target":["https:\/\/velipost.com\/?p=3043#respond"]}]},{"@type":"WebPage","@id":"https:\/\/velipost.com\/?p=3043","url":"https:\/\/velipost.com\/?p=3043","name":"Ha\u00efti - Carnaval 2025 : le comit\u00e9 national est en place pour une \u00e9dition historique \u00e0 Fort-Libert\u00e9 ! &#8211; VeliPost","isPartOf":{"@id":"https:\/\/velipost.com\/#website"},"primaryImageOfPage":{"@id":"https:\/\/velipost.com\/?p=3043#primaryimage"},"image":{"@id":"https:\/\/velipost.com\/?p=3043#primaryimage"},"thumbnailUrl":"https:\/\/velipost.com\/wp-content\/uploads\/2025\/02\/Cover-VP.jpg","datePublished":"2025-02-07T19:44:26+00:00","dateModified":"2025-02-07T19:44:28+00:00","breadcrumb":{"@id":"https:\/\/velipost.com\/?p=3043#breadcrumb"},"inLanguage":"fr-FR","potentialAction":[{"@type":"ReadAction","target":["https:\/\/velipost.com\/?p=3043"]}]},{"@type":"ImageObject","inLanguage":"fr-FR","@id":"https:\/\/velipost.com\/?p=3043#primaryimage","url":"https:\/\/velipost.com\/wp-content\/uploads\/2025\/02\/Cover-VP.jpg","contentUrl":"https:\/\/velipost.com\/wp-content\/uploads\/2025\/02\/Cover-VP.jpg","width":1170,"height":603},{"@type":"BreadcrumbList","@id":"https:\/\/velipost.com\/?p=3043#breadcrumb","itemListElement":[{"@type":"ListItem","position":1,"name":"Accueil","item":"https:\/\/velipost.com\/"},{"@type":"ListItem","position":2,"name":"Ha\u00efti &#8211; Carnaval 2025 : le comit\u00e9 national est en place pour une \u00e9dition historique \u00e0 Fort-Libert\u00e9 !"}]},{"@type":"WebSite","@id":"https:\/\/velipost.com\/#website","url":"https:\/\/velipost.com\/","name":"VeliPost","description":"L\u2019info en un clic","publisher":{"@id":"https:\/\/velipost.com\/#organization"},"potentialAction":[{"@type":"SearchAction","target":{"@type":"EntryPoint","urlTemplate":"https:\/\/velipost.com\/?s={search_term_string}"},"query-input":{"@type":"PropertyValueSpecification","valueRequired":true,"valueName":"search_term_string"}}],"inLanguage":"fr-FR"},{"@type":"Organization","@id":"https:\/\/velipost.com\/#organization","name":"VeliPost","url":"https:\/\/velipost.com\/","logo":{"@type":"ImageObject","inLanguage":"fr-FR","@id":"https:\/\/velipost.com\/#\/schema\/logo\/image\/","url":"https:\/\/velipost.com\/wp-content\/uploads\/2024\/08\/cropped-VP-logo-piti.png","contentUrl":"https:\/\/velipost.com\/wp-content\/uploads\/2024\/08\/cropped-VP-logo-piti.png","width":201,"height":69,"caption":"VeliPost"},"image":{"@id":"https:\/\/velipost.com\/#\/schema\/logo\/image\/"},"sameAs":["https:\/\/www.facebook.com\/veliposthaiti","https:\/\/x.com\/veliposthaiti","https:\/\/www.instagram.com\/veliposthaiti"]},{"@type":"Person","@id":"https:\/\/velipost.com\/#\/schema\/person\/32ff49a53c9c1bb24302ee8ece058096","name":"VeliPost","image":{"@type":"ImageObject","inLanguage":"fr-FR","@id":"https:\/\/velipost.com\/#\/schema\/person\/image\/","url":"https:\/\/secure.gravatar.com\/avatar\/57c226c264de62f794185a89596d4a37b85a5ad20aca30d9d5a478b27d8c8d9d?s=96&d=mm&r=g","contentUrl":"https:\/\/secure.gravatar.com\/avatar\/57c226c264de62f794185a89596d4a37b85a5ad20aca30d9d5a478b27d8c8d9d?s=96&d=mm&r=g","caption":"VeliPost"},"sameAs":["https:\/\/velipost.com"],"url":"https:\/\/velipost.com\/?author=1"}]}},"views":2,"jetpack_publicize_connections":[],"uagb_featured_image_src":{"full":["https:\/\/velipost.com\/wp-content\/uploads\/2025\/02\/Cover-VP.jpg",1170,603,false],"thumbnail":["https:\/\/velipost.com\/wp-content\/uploads\/2025\/02\/Cover-VP-150x150.jpg",150,150,true],"medium":["https:\/\/velipost.com\/wp-content\/uploads\/2025\/02\/Cover-VP-300x155.jpg",300,155,true],"medium_large":["https:\/\/velipost.com\/wp-content\/uploads\/2025\/02\/Cover-VP-768x396.jpg",715,369,true],"large":["https:\/\/velipost.com\/wp-content\/uploads\/2025\/02\/Cover-VP-1024x528.jpg",715,369,true],"1536x1536":["https:\/\/velipost.com\/wp-content\/uploads\/2025\/02\/Cover-VP.jpg",1170,603,false],"2048x2048":["https:\/\/velipost.com\/wp-content\/uploads\/2025\/02\/Cover-VP.jpg",1170,603,false],"colornews-big-slider":["https:\/\/velipost.com\/wp-content\/uploads\/2025\/02\/Cover-VP-1070x470.jpg",1070,470,true],"colornews-big-slider-thumb":["https:\/\/velipost.com\/wp-content\/uploads\/2025\/02\/Cover-VP-184x109.jpg",184,109,true],"colornews-featured-post-medium":["https:\/\/velipost.com\/wp-content\/uploads\/2025\/02\/Cover-VP-345x265.jpg",345,265,true],"colornews-featured-post-small":["https:\/\/velipost.com\/wp-content\/uploads\/2025\/02\/Cover-VP-115x73.jpg",115,73,true],"colornews-random-posts":["https:\/\/velipost.com\/wp-content\/uploads\/2025\/02\/Cover-VP-215x215.jpg",215,215,true],"colornews-featured-image":["https:\/\/velipost.com\/wp-content\/uploads\/2025\/02\/Cover-VP-715x400.jpg",715,400,true],"mailpoet_newsletter_max":["https:\/\/velipost.com\/wp-content\/uploads\/2025\/02\/Cover-VP.jpg",1170,603,false]},"uagb_author_info":{"display_name":"VeliPost","author_link":"https:\/\/velipost.com\/?author=1"},"uagb_comment_info":0,"uagb_excerpt":"Le Carnaval national 2025 se pr\u00e9pare activement avec la formation officielle du\u00a0Comit\u00e9 national d\u2019organisation. Cette ann\u00e9e, c\u2019est\u00a0Fort-Libert\u00e9\u00a0qui accueillera l\u2019un des plus grands \u00e9v\u00e9nements culturels","_links":{"self":[{"href":"https:\/\/velipost.com\/index.php?rest_route=\/wp\/v2\/posts\/3043","targetHints":{"allow":["GET"]}}],"collection":[{"href":"https:\/\/velipost.com\/index.php?rest_route=\/wp\/v2\/posts"}],"about":[{"href":"https:\/\/velipost.com\/index.php?rest_route=\/wp\/v2\/types\/post"}],"author":[{"embeddable":true,"href":"https:\/\/velipost.com\/index.php?rest_route=\/wp\/v2\/users\/1"}],"replies":[{"embeddable":true,"href":"https:\/\/velipost.com\/index.php?rest_route=%2Fwp%2Fv2%2Fcomments&post=3043"}],"version-history":[{"count":1,"href":"https:\/\/velipost.com\/index.php?rest_route=\/wp\/v2\/posts\/3043\/revisions"}],"predecessor-version":[{"id":3045,"href":"https:\/\/velipost.com\/index.php?rest_route=\/wp\/v2\/posts\/3043\/revisions\/3045"}],"wp:featuredmedia":[{"embeddable":true,"href":"https:\/\/velipost.com\/index.php?rest_route=\/wp\/v2\/media\/3044"}],"wp:attachment":[{"href":"https:\/\/velipost.com\/index.php?rest_route=%2Fwp%2Fv2%2Fmedia&parent=3043"}],"wp:term":[{"taxonomy":"category","embeddable":true,"href":"https:\/\/velipost.com\/index.php?rest_route=%2Fwp%2Fv2%2Fcategories&post=3043"},{"taxonomy":"post_tag","embeddable":true,"href":"https:\/\/velipost.com\/index.php?rest_route=%2Fwp%2Fv2%2Ftags&post=3043"}],"curies":[{"name":"wp","href":"https:\/\/api.w.org\/{rel}","templated":true}]}}