{"id":3037,"date":"2025-02-07T16:53:26","date_gmt":"2025-02-07T15:53:26","guid":{"rendered":"https:\/\/velipost.com\/?p=3037"},"modified":"2025-02-08T02:31:14","modified_gmt":"2025-02-08T01:31:14","slug":"donald-trump-accuse-lusaid-et-les-medias-dun-scandale-financier-majeur","status":"publish","type":"post","link":"https:\/\/velipost.com\/?p=3037","title":{"rendered":"Donald Trump accuse l&rsquo;USAID et les m\u00e9dias d&rsquo;un scandale financier majeur"},"content":{"rendered":"\n<p>Dans un tweet r\u00e9cent, le pr\u00e9sident am\u00e9ricain Donald Trump a lanc\u00e9 des accusations explosives, affirmant que des milliards de dollars auraient \u00e9t\u00e9 d\u00e9tourn\u00e9s de l&rsquo;USAID  et d&rsquo;autres agences gouvernementales. Selon lui, une partie importante de ces fonds aurait \u00e9t\u00e9 vers\u00e9e \u00e0 des m\u00e9dias, en \u00e9change de reportages favorables aux d\u00e9mocrates.<\/p>\n\n\n\n<p>Trump a sp\u00e9cifiquement point\u00e9 du doigt le m\u00e9dia Politico, qu&rsquo;il a d\u00e9crit comme un \u00ab\u00a0torchon de gauche\u00a0\u00bb, affirmant qu&rsquo;il aurait re\u00e7u 8 millions de dollars. Il a \u00e9galement soulev\u00e9 des questions sur d&rsquo;autres m\u00e9dias, demandant si le <em>New York Times<\/em> avait \u00e9galement b\u00e9n\u00e9fici\u00e9 de ces fonds. \u00ab\u00a0Qui d&rsquo;autre a re\u00e7u de l&rsquo;argent ???\u00a0\u00bb, a-t-il ajout\u00e9, laissant planer le doute sur d&rsquo;autres organes de presse.<\/p>\n\n\n\n<p>Dans son style caract\u00e9ristique, Trump a qualifi\u00e9 cette affaire potentielle de \u00ab\u00a0plus grand scandale de tous les temps\u00a0\u00bb, ajoutant que les d\u00e9mocrates ne pourraient pas s&rsquo;en cacher. \u00ab\u00a0Trop gros, trop sale !\u00a0\u00bb, a-t-il conclu, insistant sur l&rsquo;ampleur et la gravit\u00e9 des all\u00e9gations.<\/p>\n\n\n\n<p>Ces accusations interviennent dans un contexte politique tendu, o\u00f9 les relations entre les m\u00e9dias et les partis politiques restent un sujet de d\u00e9bat intense. Cependant, \u00e0 ce stade, aucune preuve concr\u00e8te n&rsquo;a \u00e9t\u00e9 fournie pour \u00e9tayer les affirmations de Trump. Les m\u00e9dias mentionn\u00e9s, ainsi que l&rsquo;USAID, n&rsquo;ont pas encore r\u00e9pondu officiellement \u00e0 ces all\u00e9gations.<\/p>\n\n\n\n<p>Si ces accusations devaient \u00eatre confirm\u00e9es, elles pourraient effectivement constituer l&rsquo;un des plus grands scandales financiers et m\u00e9diatiques de l&rsquo;histoire r\u00e9cente. Pour l&rsquo;instant, elles restent des d\u00e9clarations non v\u00e9rifi\u00e9es, mais elles illustrent une fois de plus la polarisation et les tensions qui continuent de dominer le paysage politique am\u00e9ricain.<\/p>\n\n    <div class=\"xs_social_share_widget xs_share_url after_content \t\tmain_content  wslu-style-3 wslu-share-box-shaped wslu-fill-brand-hover-colored wslu-share-m-5 wslu-none wslu-share-horizontal wslu-theme-font-no wslu-main_content\">\n\n\t\t\n        <ul>\n\t\t\t                    <li class=\"xs-share-li twitter                        wslu-no-extra-data\">\n                        <a href=\"javascript:void(0);\"\n                           id=\"xs_feed_twitter\"\n                           onclick=\"xs_social_sharer(this);\"\n                           data-pid=\"3037\"\n                           data-uri_hash=\"bbd46648e615ae95cc69f18d04dc20c4\"\n                           data-key=\"twitter\"\n                           data-xs-href=\"https:\/\/twitter.com\/intent\/tweet?text=Donald+Trump+accuse+l%26rsquo%3BUSAID+et+les+m%C3%A9dias+d%26rsquo%3Bun+scandale+financier+majeur+https%3A%2F%2Fvelipost.com%2Findex.php%3Frest_route%3D%252Fwp%252Fv2%252Fposts%252F3037&amp;original_referer=https%3A%2F%2Fvelipost.com%2Findex.php%3Frest_route%3D%252Fwp%252Fv2%252Fposts%252F3037&amp;related=xpeedstudio\">\n\n                            <div class=\"xs-social-icon\">\n                                <span class=\"met-social met-social-twitter\"><\/span>\n                            <\/div>\n\n\t\t\t\t\t\t\t\n                            <div class=\"wslu-hover-content\">\n                                <div class=\"xs-social-followers\">\n\t\t\t\t\t\t\t\t\t10                                <\/div>\n                                <div class=\"xs-social-follower-text\">\n\t\t\t\t\t\t\t\t\tShare                                <\/div>\n                                <div class=\"xs-social-follower-label\">\n\t\t\t\t\t\t\t\t\tTwitter                                <\/div>\n                            <\/div>\n                        <\/a>\n                    <\/li>\n\t\t\t\t\t                    <li class=\"xs-share-li telegram                        wslu-no-extra-data\">\n                        <a href=\"javascript:void(0);\"\n                           id=\"xs_feed_telegram\"\n                           onclick=\"xs_social_sharer(this);\"\n                           data-pid=\"3037\"\n                           data-uri_hash=\"bbd46648e615ae95cc69f18d04dc20c4\"\n                           data-key=\"telegram\"\n                           data-xs-href=\"https:\/\/telegram.me\/share\/url?url=https%3A%2F%2Fvelipost.com%2Findex.php%3Frest_route%3D%252Fwp%252Fv2%252Fposts%252F3037&amp;text=Donald+Trump+accuse+l%26rsquo%3BUSAID+et+les+m%C3%A9dias+d%26rsquo%3Bun+scandale+financier+majeur\">\n\n                            <div class=\"xs-social-icon\">\n                                <span class=\"met-social met-social-telegram\"><\/span>\n                            <\/div>\n\n\t\t\t\t\t\t\t\n                            <div class=\"wslu-hover-content\">\n                                <div class=\"xs-social-followers\">\n\t\t\t\t\t\t\t\t\t0                                <\/div>\n                                <div class=\"xs-social-follower-text\">\n\t\t\t\t\t\t\t\t\tShare                                <\/div>\n                                <div class=\"xs-social-follower-label\">\n\t\t\t\t\t\t\t\t\tTelegram                                <\/div>\n                            <\/div>\n                        <\/a>\n                    <\/li>\n\t\t\t\t\t                    <li class=\"xs-share-li email                        wslu-no-extra-data\">\n                        <a href=\"javascript:void(0);\"\n                           id=\"xs_feed_email\"\n                           onclick=\"xs_social_sharer(this);\"\n                           data-pid=\"3037\"\n                           data-uri_hash=\"bbd46648e615ae95cc69f18d04dc20c4\"\n                           data-key=\"email\"\n                           data-xs-href=\"mailto:?body=Title%3A+Donald+Trump+accuse+l%26rsquo%3BUSAID+et+les+m%C3%A9dias+d%26rsquo%3Bun+scandale+financier+majeur+%5Cn%5Cn+URL%3A+https%3A%2F%2Fvelipost.com%2Findex.php%3Frest_route%3D%252Fwp%252Fv2%252Fposts%252F3037&amp;subject=Donald+Trump+accuse+l%26rsquo%3BUSAID+et+les+m%C3%A9dias+d%26rsquo%3Bun+scandale+financier+majeur\">\n\n                            <div class=\"xs-social-icon\">\n                                <span class=\"met-social met-social-email\"><\/span>\n                            <\/div>\n\n\t\t\t\t\t\t\t\n                            <div class=\"wslu-hover-content\">\n                                <div class=\"xs-social-followers\">\n\t\t\t\t\t\t\t\t\t0                                <\/div>\n                                <div class=\"xs-social-follower-text\">\n\t\t\t\t\t\t\t\t\tShare                                <\/div>\n                                <div class=\"xs-social-follower-label\">\n\t\t\t\t\t\t\t\t\tEmail                                <\/div>\n                            <\/div>\n                        <\/a>\n                    <\/li>\n\t\t\t\t\t        <\/ul>\n    <\/div> \n","protected":false},"excerpt":{"rendered":"<p>Dans un tweet r\u00e9cent, le pr\u00e9sident am\u00e9ricain Donald Trump a lanc\u00e9 des accusations explosives, affirmant que des milliards de dollars auraient \u00e9t\u00e9 d\u00e9tourn\u00e9s de<\/p>\n","protected":false},"author":1,"featured_media":3038,"comment_status":"open","ping_status":"open","sticky":false,"template":"","format":"standard","meta":{"_uag_custom_page_level_css":"","footnotes":"","jetpack_publicize_message":"","jetpack_publicize_feature_enabled":true,"jetpack_social_post_already_shared":false,"jetpack_social_options":{"image_generator_settings":{"template":"highway","default_image_id":0,"font":"","enabled":false},"version":2}},"categories":[107],"tags":[],"class_list":["post-3037","post","type-post","status-publish","format-standard","has-post-thumbnail","hentry","category-international"],"yoast_head":"<!-- This site is optimized with the Yoast SEO plugin v25.3.1 - https:\/\/yoast.com\/wordpress\/plugins\/seo\/ -->\n<title>Donald Trump accuse l&#039;USAID et les m\u00e9dias d&#039;un scandale financier majeur &#8211; VeliPost<\/title>\n<meta name=\"robots\" content=\"index, follow, max-snippet:-1, max-image-preview:large, max-video-preview:-1\" \/>\n<link rel=\"canonical\" href=\"https:\/\/velipost.com\/?p=3037\" \/>\n<meta property=\"og:locale\" content=\"fr_FR\" \/>\n<meta property=\"og:type\" content=\"article\" \/>\n<meta property=\"og:title\" content=\"Donald Trump accuse l&#039;USAID et les m\u00e9dias d&#039;un scandale financier majeur &#8211; VeliPost\" \/>\n<meta property=\"og:description\" content=\"Dans un tweet r\u00e9cent, le pr\u00e9sident am\u00e9ricain Donald Trump a lanc\u00e9 des accusations explosives, affirmant que des milliards de dollars auraient \u00e9t\u00e9 d\u00e9tourn\u00e9s de\" \/>\n<meta property=\"og:url\" content=\"https:\/\/velipost.com\/?p=3037\" \/>\n<meta property=\"og:site_name\" content=\"VeliPost\" \/>\n<meta property=\"article:publisher\" content=\"https:\/\/www.facebook.com\/veliposthaiti\" \/>\n<meta property=\"article:published_time\" content=\"2025-02-07T15:53:26+00:00\" \/>\n<meta property=\"article:modified_time\" content=\"2025-02-08T01:31:14+00:00\" \/>\n<meta property=\"og:image\" content=\"https:\/\/velipost.com\/wp-content\/uploads\/2025\/02\/DT.jpg\" \/>\n\t<meta property=\"og:image:width\" content=\"1170\" \/>\n\t<meta property=\"og:image:height\" content=\"603\" \/>\n\t<meta property=\"og:image:type\" content=\"image\/jpeg\" \/>\n<meta name=\"author\" content=\"VeliPost\" \/>\n<meta name=\"twitter:card\" content=\"summary_large_image\" \/>\n<meta name=\"twitter:creator\" content=\"@veliposthaiti\" \/>\n<meta name=\"twitter:site\" content=\"@veliposthaiti\" \/>\n<meta name=\"twitter:label1\" content=\"\u00c9crit par\" \/>\n\t<meta name=\"twitter:data1\" content=\"VeliPost\" \/>\n\t<meta name=\"twitter:label2\" content=\"Dur\u00e9e de lecture estim\u00e9e\" \/>\n\t<meta name=\"twitter:data2\" content=\"2 minutes\" \/>\n<script type=\"application\/ld+json\" class=\"yoast-schema-graph\">{\"@context\":\"https:\/\/schema.org\",\"@graph\":[{\"@type\":\"Article\",\"@id\":\"https:\/\/velipost.com\/?p=3037#article\",\"isPartOf\":{\"@id\":\"https:\/\/velipost.com\/?p=3037\"},\"author\":{\"name\":\"VeliPost\",\"@id\":\"https:\/\/velipost.com\/#\/schema\/person\/32ff49a53c9c1bb24302ee8ece058096\"},\"headline\":\"Donald Trump accuse l&rsquo;USAID et les m\u00e9dias d&rsquo;un scandale financier majeur\",\"datePublished\":\"2025-02-07T15:53:26+00:00\",\"dateModified\":\"2025-02-08T01:31:14+00:00\",\"mainEntityOfPage\":{\"@id\":\"https:\/\/velipost.com\/?p=3037\"},\"wordCount\":316,\"commentCount\":0,\"publisher\":{\"@id\":\"https:\/\/velipost.com\/#organization\"},\"image\":{\"@id\":\"https:\/\/velipost.com\/?p=3037#primaryimage\"},\"thumbnailUrl\":\"https:\/\/velipost.com\/wp-content\/uploads\/2025\/02\/DT.jpg\",\"articleSection\":[\"International\"],\"inLanguage\":\"fr-FR\",\"potentialAction\":[{\"@type\":\"CommentAction\",\"name\":\"Comment\",\"target\":[\"https:\/\/velipost.com\/?p=3037#respond\"]}]},{\"@type\":\"WebPage\",\"@id\":\"https:\/\/velipost.com\/?p=3037\",\"url\":\"https:\/\/velipost.com\/?p=3037\",\"name\":\"Donald Trump accuse l'USAID et les m\u00e9dias d'un scandale financier majeur &#8211; VeliPost\",\"isPartOf\":{\"@id\":\"https:\/\/velipost.com\/#website\"},\"primaryImageOfPage\":{\"@id\":\"https:\/\/velipost.com\/?p=3037#primaryimage\"},\"image\":{\"@id\":\"https:\/\/velipost.com\/?p=3037#primaryimage\"},\"thumbnailUrl\":\"https:\/\/velipost.com\/wp-content\/uploads\/2025\/02\/DT.jpg\",\"datePublished\":\"2025-02-07T15:53:26+00:00\",\"dateModified\":\"2025-02-08T01:31:14+00:00\",\"breadcrumb\":{\"@id\":\"https:\/\/velipost.com\/?p=3037#breadcrumb\"},\"inLanguage\":\"fr-FR\",\"potentialAction\":[{\"@type\":\"ReadAction\",\"target\":[\"https:\/\/velipost.com\/?p=3037\"]}]},{\"@type\":\"ImageObject\",\"inLanguage\":\"fr-FR\",\"@id\":\"https:\/\/velipost.com\/?p=3037#primaryimage\",\"url\":\"https:\/\/velipost.com\/wp-content\/uploads\/2025\/02\/DT.jpg\",\"contentUrl\":\"https:\/\/velipost.com\/wp-content\/uploads\/2025\/02\/DT.jpg\",\"width\":1170,\"height\":603},{\"@type\":\"BreadcrumbList\",\"@id\":\"https:\/\/velipost.com\/?p=3037#breadcrumb\",\"itemListElement\":[{\"@type\":\"ListItem\",\"position\":1,\"name\":\"Accueil\",\"item\":\"https:\/\/velipost.com\/\"},{\"@type\":\"ListItem\",\"position\":2,\"name\":\"Donald Trump accuse l&#8217;USAID et les m\u00e9dias d&#8217;un scandale financier majeur\"}]},{\"@type\":\"WebSite\",\"@id\":\"https:\/\/velipost.com\/#website\",\"url\":\"https:\/\/velipost.com\/\",\"name\":\"VeliPost\",\"description\":\"L\u2019info en un clic\",\"publisher\":{\"@id\":\"https:\/\/velipost.com\/#organization\"},\"potentialAction\":[{\"@type\":\"SearchAction\",\"target\":{\"@type\":\"EntryPoint\",\"urlTemplate\":\"https:\/\/velipost.com\/?s={search_term_string}\"},\"query-input\":{\"@type\":\"PropertyValueSpecification\",\"valueRequired\":true,\"valueName\":\"search_term_string\"}}],\"inLanguage\":\"fr-FR\"},{\"@type\":\"Organization\",\"@id\":\"https:\/\/velipost.com\/#organization\",\"name\":\"VeliPost\",\"url\":\"https:\/\/velipost.com\/\",\"logo\":{\"@type\":\"ImageObject\",\"inLanguage\":\"fr-FR\",\"@id\":\"https:\/\/velipost.com\/#\/schema\/logo\/image\/\",\"url\":\"https:\/\/velipost.com\/wp-content\/uploads\/2024\/08\/cropped-VP-logo-piti.png\",\"contentUrl\":\"https:\/\/velipost.com\/wp-content\/uploads\/2024\/08\/cropped-VP-logo-piti.png\",\"width\":201,\"height\":69,\"caption\":\"VeliPost\"},\"image\":{\"@id\":\"https:\/\/velipost.com\/#\/schema\/logo\/image\/\"},\"sameAs\":[\"https:\/\/www.facebook.com\/veliposthaiti\",\"https:\/\/x.com\/veliposthaiti\",\"https:\/\/www.instagram.com\/veliposthaiti\"]},{\"@type\":\"Person\",\"@id\":\"https:\/\/velipost.com\/#\/schema\/person\/32ff49a53c9c1bb24302ee8ece058096\",\"name\":\"VeliPost\",\"image\":{\"@type\":\"ImageObject\",\"inLanguage\":\"fr-FR\",\"@id\":\"https:\/\/velipost.com\/#\/schema\/person\/image\/\",\"url\":\"https:\/\/secure.gravatar.com\/avatar\/57c226c264de62f794185a89596d4a37b85a5ad20aca30d9d5a478b27d8c8d9d?s=96&d=mm&r=g\",\"contentUrl\":\"https:\/\/secure.gravatar.com\/avatar\/57c226c264de62f794185a89596d4a37b85a5ad20aca30d9d5a478b27d8c8d9d?s=96&d=mm&r=g\",\"caption\":\"VeliPost\"},\"sameAs\":[\"https:\/\/velipost.com\"],\"url\":\"https:\/\/velipost.com\/?author=1\"}]}<\/script>\n<!-- \/ Yoast SEO plugin. -->","yoast_head_json":{"title":"Donald Trump accuse l'USAID et les m\u00e9dias d'un scandale financier majeur &#8211; VeliPost","robots":{"index":"index","follow":"follow","max-snippet":"max-snippet:-1","max-image-preview":"max-image-preview:large","max-video-preview":"max-video-preview:-1"},"canonical":"https:\/\/velipost.com\/?p=3037","og_locale":"fr_FR","og_type":"article","og_title":"Donald Trump accuse l'USAID et les m\u00e9dias d'un scandale financier majeur &#8211; VeliPost","og_description":"Dans un tweet r\u00e9cent, le pr\u00e9sident am\u00e9ricain Donald Trump a lanc\u00e9 des accusations explosives, affirmant que des milliards de dollars auraient \u00e9t\u00e9 d\u00e9tourn\u00e9s de","og_url":"https:\/\/velipost.com\/?p=3037","og_site_name":"VeliPost","article_publisher":"https:\/\/www.facebook.com\/veliposthaiti","article_published_time":"2025-02-07T15:53:26+00:00","article_modified_time":"2025-02-08T01:31:14+00:00","og_image":[{"width":1170,"height":603,"url":"https:\/\/velipost.com\/wp-content\/uploads\/2025\/02\/DT.jpg","type":"image\/jpeg"}],"author":"VeliPost","twitter_card":"summary_large_image","twitter_creator":"@veliposthaiti","twitter_site":"@veliposthaiti","twitter_misc":{"\u00c9crit par":"VeliPost","Dur\u00e9e de lecture estim\u00e9e":"2 minutes"},"schema":{"@context":"https:\/\/schema.org","@graph":[{"@type":"Article","@id":"https:\/\/velipost.com\/?p=3037#article","isPartOf":{"@id":"https:\/\/velipost.com\/?p=3037"},"author":{"name":"VeliPost","@id":"https:\/\/velipost.com\/#\/schema\/person\/32ff49a53c9c1bb24302ee8ece058096"},"headline":"Donald Trump accuse l&rsquo;USAID et les m\u00e9dias d&rsquo;un scandale financier majeur","datePublished":"2025-02-07T15:53:26+00:00","dateModified":"2025-02-08T01:31:14+00:00","mainEntityOfPage":{"@id":"https:\/\/velipost.com\/?p=3037"},"wordCount":316,"commentCount":0,"publisher":{"@id":"https:\/\/velipost.com\/#organization"},"image":{"@id":"https:\/\/velipost.com\/?p=3037#primaryimage"},"thumbnailUrl":"https:\/\/velipost.com\/wp-content\/uploads\/2025\/02\/DT.jpg","articleSection":["International"],"inLanguage":"fr-FR","potentialAction":[{"@type":"CommentAction","name":"Comment","target":["https:\/\/velipost.com\/?p=3037#respond"]}]},{"@type":"WebPage","@id":"https:\/\/velipost.com\/?p=3037","url":"https:\/\/velipost.com\/?p=3037","name":"Donald Trump accuse l'USAID et les m\u00e9dias d'un scandale financier majeur &#8211; VeliPost","isPartOf":{"@id":"https:\/\/velipost.com\/#website"},"primaryImageOfPage":{"@id":"https:\/\/velipost.com\/?p=3037#primaryimage"},"image":{"@id":"https:\/\/velipost.com\/?p=3037#primaryimage"},"thumbnailUrl":"https:\/\/velipost.com\/wp-content\/uploads\/2025\/02\/DT.jpg","datePublished":"2025-02-07T15:53:26+00:00","dateModified":"2025-02-08T01:31:14+00:00","breadcrumb":{"@id":"https:\/\/velipost.com\/?p=3037#breadcrumb"},"inLanguage":"fr-FR","potentialAction":[{"@type":"ReadAction","target":["https:\/\/velipost.com\/?p=3037"]}]},{"@type":"ImageObject","inLanguage":"fr-FR","@id":"https:\/\/velipost.com\/?p=3037#primaryimage","url":"https:\/\/velipost.com\/wp-content\/uploads\/2025\/02\/DT.jpg","contentUrl":"https:\/\/velipost.com\/wp-content\/uploads\/2025\/02\/DT.jpg","width":1170,"height":603},{"@type":"BreadcrumbList","@id":"https:\/\/velipost.com\/?p=3037#breadcrumb","itemListElement":[{"@type":"ListItem","position":1,"name":"Accueil","item":"https:\/\/velipost.com\/"},{"@type":"ListItem","position":2,"name":"Donald Trump accuse l&#8217;USAID et les m\u00e9dias d&#8217;un scandale financier majeur"}]},{"@type":"WebSite","@id":"https:\/\/velipost.com\/#website","url":"https:\/\/velipost.com\/","name":"VeliPost","description":"L\u2019info en un clic","publisher":{"@id":"https:\/\/velipost.com\/#organization"},"potentialAction":[{"@type":"SearchAction","target":{"@type":"EntryPoint","urlTemplate":"https:\/\/velipost.com\/?s={search_term_string}"},"query-input":{"@type":"PropertyValueSpecification","valueRequired":true,"valueName":"search_term_string"}}],"inLanguage":"fr-FR"},{"@type":"Organization","@id":"https:\/\/velipost.com\/#organization","name":"VeliPost","url":"https:\/\/velipost.com\/","logo":{"@type":"ImageObject","inLanguage":"fr-FR","@id":"https:\/\/velipost.com\/#\/schema\/logo\/image\/","url":"https:\/\/velipost.com\/wp-content\/uploads\/2024\/08\/cropped-VP-logo-piti.png","contentUrl":"https:\/\/velipost.com\/wp-content\/uploads\/2024\/08\/cropped-VP-logo-piti.png","width":201,"height":69,"caption":"VeliPost"},"image":{"@id":"https:\/\/velipost.com\/#\/schema\/logo\/image\/"},"sameAs":["https:\/\/www.facebook.com\/veliposthaiti","https:\/\/x.com\/veliposthaiti","https:\/\/www.instagram.com\/veliposthaiti"]},{"@type":"Person","@id":"https:\/\/velipost.com\/#\/schema\/person\/32ff49a53c9c1bb24302ee8ece058096","name":"VeliPost","image":{"@type":"ImageObject","inLanguage":"fr-FR","@id":"https:\/\/velipost.com\/#\/schema\/person\/image\/","url":"https:\/\/secure.gravatar.com\/avatar\/57c226c264de62f794185a89596d4a37b85a5ad20aca30d9d5a478b27d8c8d9d?s=96&d=mm&r=g","contentUrl":"https:\/\/secure.gravatar.com\/avatar\/57c226c264de62f794185a89596d4a37b85a5ad20aca30d9d5a478b27d8c8d9d?s=96&d=mm&r=g","caption":"VeliPost"},"sameAs":["https:\/\/velipost.com"],"url":"https:\/\/velipost.com\/?author=1"}]}},"views":3,"jetpack_publicize_connections":[],"uagb_featured_image_src":{"full":["https:\/\/velipost.com\/wp-content\/uploads\/2025\/02\/DT.jpg",1170,603,false],"thumbnail":["https:\/\/velipost.com\/wp-content\/uploads\/2025\/02\/DT-150x150.jpg",150,150,true],"medium":["https:\/\/velipost.com\/wp-content\/uploads\/2025\/02\/DT-300x155.jpg",300,155,true],"medium_large":["https:\/\/velipost.com\/wp-content\/uploads\/2025\/02\/DT-768x396.jpg",715,369,true],"large":["https:\/\/velipost.com\/wp-content\/uploads\/2025\/02\/DT-1024x528.jpg",715,369,true],"1536x1536":["https:\/\/velipost.com\/wp-content\/uploads\/2025\/02\/DT.jpg",1170,603,false],"2048x2048":["https:\/\/velipost.com\/wp-content\/uploads\/2025\/02\/DT.jpg",1170,603,false],"colornews-big-slider":["https:\/\/velipost.com\/wp-content\/uploads\/2025\/02\/DT-1070x470.jpg",1070,470,true],"colornews-big-slider-thumb":["https:\/\/velipost.com\/wp-content\/uploads\/2025\/02\/DT-184x109.jpg",184,109,true],"colornews-featured-post-medium":["https:\/\/velipost.com\/wp-content\/uploads\/2025\/02\/DT-345x265.jpg",345,265,true],"colornews-featured-post-small":["https:\/\/velipost.com\/wp-content\/uploads\/2025\/02\/DT-115x73.jpg",115,73,true],"colornews-random-posts":["https:\/\/velipost.com\/wp-content\/uploads\/2025\/02\/DT-215x215.jpg",215,215,true],"colornews-featured-image":["https:\/\/velipost.com\/wp-content\/uploads\/2025\/02\/DT-715x400.jpg",715,400,true],"mailpoet_newsletter_max":["https:\/\/velipost.com\/wp-content\/uploads\/2025\/02\/DT.jpg",1170,603,false]},"uagb_author_info":{"display_name":"VeliPost","author_link":"https:\/\/velipost.com\/?author=1"},"uagb_comment_info":0,"uagb_excerpt":"Dans un tweet r\u00e9cent, le pr\u00e9sident am\u00e9ricain Donald Trump a lanc\u00e9 des accusations explosives, affirmant que des milliards de dollars auraient \u00e9t\u00e9 d\u00e9tourn\u00e9s de","_links":{"self":[{"href":"https:\/\/velipost.com\/index.php?rest_route=\/wp\/v2\/posts\/3037","targetHints":{"allow":["GET"]}}],"collection":[{"href":"https:\/\/velipost.com\/index.php?rest_route=\/wp\/v2\/posts"}],"about":[{"href":"https:\/\/velipost.com\/index.php?rest_route=\/wp\/v2\/types\/post"}],"author":[{"embeddable":true,"href":"https:\/\/velipost.com\/index.php?rest_route=\/wp\/v2\/users\/1"}],"replies":[{"embeddable":true,"href":"https:\/\/velipost.com\/index.php?rest_route=%2Fwp%2Fv2%2Fcomments&post=3037"}],"version-history":[{"count":3,"href":"https:\/\/velipost.com\/index.php?rest_route=\/wp\/v2\/posts\/3037\/revisions"}],"predecessor-version":[{"id":3042,"href":"https:\/\/velipost.com\/index.php?rest_route=\/wp\/v2\/posts\/3037\/revisions\/3042"}],"wp:featuredmedia":[{"embeddable":true,"href":"https:\/\/velipost.com\/index.php?rest_route=\/wp\/v2\/media\/3038"}],"wp:attachment":[{"href":"https:\/\/velipost.com\/index.php?rest_route=%2Fwp%2Fv2%2Fmedia&parent=3037"}],"wp:term":[{"taxonomy":"category","embeddable":true,"href":"https:\/\/velipost.com\/index.php?rest_route=%2Fwp%2Fv2%2Fcategories&post=3037"},{"taxonomy":"post_tag","embeddable":true,"href":"https:\/\/velipost.com\/index.php?rest_route=%2Fwp%2Fv2%2Ftags&post=3037"}],"curies":[{"name":"wp","href":"https:\/\/api.w.org\/{rel}","templated":true}]}}