{"id":3019,"date":"2025-02-06T15:46:41","date_gmt":"2025-02-06T14:46:41","guid":{"rendered":"https:\/\/velipost.com\/?p=3019"},"modified":"2025-02-06T19:29:20","modified_gmt":"2025-02-06T18:29:20","slug":"pierre-nesly-un-modele-dengagement-et-dinspiration-pour-la-jeunesse-de-pilate","status":"publish","type":"post","link":"https:\/\/velipost.com\/?p=3019","title":{"rendered":"Pierre Nesly : un mod\u00e8le d\u2019engagement et d\u2019inspiration pour la jeunesse de Pilate"},"content":{"rendered":"\n<p>Dans un contexte o\u00f9 l\u2019acc\u00e8s \u00e0 la formation professionnelle demeure un d\u00e9fi en Ha\u00efti, certains jeunes se d\u00e9marquent par leur d\u00e9termination \u00e0 apporter des solutions concr\u00e8tes \u00e0 leur communaut\u00e9.&nbsp;<strong>Pierre Nesly<\/strong>, ing\u00e9nieur \u00e9lectricien et technicien en installation de panneaux solaires photovolta\u00efques, fait partie de ces acteurs du changement qui, \u00e0 force de travail et de pers\u00e9v\u00e9rance, fa\u00e7onnent un avenir meilleur pour leur g\u00e9n\u00e9ration.<\/p>\n\n\n\n<p>Originaire de&nbsp;Ballon (Paspye B\u00e8f), une localit\u00e9 de Pilate, Pierre Nesly, \u00e2g\u00e9 de&nbsp;30 ans, a suivi des \u00e9tudes en&nbsp;Administration \u00c9conomique et Sociale (AES)&nbsp;et en&nbsp;\u00e9lectricit\u00e9. Tr\u00e8s t\u00f4t, il prend conscience des difficult\u00e9s que rencontrent les jeunes de sa commune pour acc\u00e9der \u00e0 une formation qualifiante et trouver un emploi stable.<\/p>\n\n\n\n<p>D\u00e9termin\u00e9 \u00e0 agir, il se sp\u00e9cialise dans le domaine de l\u2019\u00e9nergie solaire et commence,&nbsp;il y a trois ans, \u00e0 former des jeunes \u00e0 l\u2019installation de panneaux solaires photovolta\u00efques. Son initiative suscite rapidement l\u2019int\u00e9r\u00eat et de nombreuses institutions commencent \u00e0 le solliciter pour organiser des formations.<\/p>\n\n\n\n<p>Aujourd\u2019hui, il est&nbsp;coordonnateur d\u2019un centre de formation professionnelle&nbsp;o\u00f9 il a d\u00e9j\u00e0&nbsp;form\u00e9 et certifi\u00e9 80 jeunes, leur permettant ainsi de se lancer dans le domaine de l\u2019\u00e9lectricit\u00e9 et des \u00e9nergies renouvelables.<\/p>\n\n\n\n<p>Si Pierre Nesly s\u2019est investi avec autant de passion dans la formation, c\u2019est parce qu\u2019il a constat\u00e9 que&nbsp;de nombreux jeunes, hommes et femmes, n\u2019avaient pas la possibilit\u00e9 de subvenir \u00e0 leurs besoins. Son objectif est donc clair :&nbsp;offrir une alternative au ch\u00f4mage en donnant aux jeunes les outils n\u00e9cessaires pour apprendre un m\u00e9tier et s\u2019ins\u00e9rer dans la vie active.<\/p>\n\n\n\n<blockquote class=\"wp-block-quote is-layout-flow wp-block-quote-is-layout-flow\">\n<p><strong>\u201cQuand je vois mes anciens \u00e9tudiants exercer leur m\u00e9tier et gagner leur vie, c\u2019est une immense fiert\u00e9 pour moi. Lorsqu\u2019ils m\u2019appellent \u2018Ma\u00eetre\u2019 et me disent qu\u2019ils commencent \u00e0 \u00eatre ind\u00e9pendants financi\u00e8rement, je ressens une profonde satisfaction.\u201d<\/strong><\/p>\n<\/blockquote>\n\n\n\n<p>Pierre Nesly place son engagement sous le signe de&nbsp;la sagesse, de la ponctualit\u00e9 et du travail bien fait. Il est convaincu que la cl\u00e9 du succ\u00e8s r\u00e9side dans la pers\u00e9v\u00e9rance et l\u2019apprentissage.<\/p>\n\n\n\n<p>Il reconna\u00eet que son parcours n\u2019a pas \u00e9t\u00e9 sans emb\u00fbches : la mise en place de son&nbsp;centre de formation&nbsp;a \u00e9t\u00e9 un v\u00e9ritable d\u00e9fi, confront\u00e9 \u00e0 un manque de ressources et d\u2019infrastructures adapt\u00e9es. Cependant, il a su faire preuve de&nbsp;patience et de r\u00e9silience, conscient de l\u2019impact positif que son projet pouvait avoir sur sa communaut\u00e9.<\/p>\n\n\n\n<p>Au-del\u00e0 de son travail dans la formation professionnelle, Pierre Nesly nourrit de&nbsp;grandes ambitions pour Pilate. Il estime que les jeunes doivent&nbsp;s\u2019unir et collaborer&nbsp;pour construire un environnement plus dynamique et prosp\u00e8re.<\/p>\n\n\n\n<p>Son prochain projet est de&nbsp;cr\u00e9er une entreprise de vente d\u2019appareils \u00e9lectrom\u00e9nagers dans la commune, afin d\u2019apporter une solution aux besoins locaux tout en cr\u00e9ant de l\u2019emploi. Mais son r\u00eave ultime reste encore plus ambitieux :&nbsp;<strong>former 1 000 jeunes en six ans<\/strong>, en leur permettant d\u2019apprendre un m\u00e9tier et de se prendre en charge financi\u00e8rement.<\/p>\n\n\n\n<blockquote class=\"wp-block-quote is-layout-flow wp-block-quote-is-layout-flow\">\n<p><strong>\u201cPilate n\u2019\u00e9tait pas habitu\u00e9e aux \u00e9coles professionnelles. J\u2019ai donc appris \u00e0 \u00eatre patient et \u00e0 faire preuve de sagesse pour mener ce projet \u00e0 bien.\u201d<\/strong><\/p>\n<\/blockquote>\n\n\n\n<p>L\u2019histoire de Pierre Nesly est une preuve que, m\u00eame dans un environnement difficile, il est possible de&nbsp;r\u00e9ussir gr\u00e2ce au travail, \u00e0 la d\u00e9termination et \u00e0 la volont\u00e9 d\u2019aider les autres.<\/p>\n\n\n\n<blockquote class=\"wp-block-quote is-layout-flow wp-block-quote-is-layout-flow\">\n<p><strong>\u201cLe temps est la plus s\u00fbre de toutes les ressources\u201d,<\/strong>&nbsp;aime-t-il rappeler, soulignant ainsi l\u2019importance de la patience et de la pers\u00e9v\u00e9rance dans la r\u00e9ussite.<\/p>\n<\/blockquote>\n\n\n\n<p>Gr\u00e2ce \u00e0 son engagement, il laisse une empreinte durable dans sa communaut\u00e9 et inspire d\u2019autres jeunes \u00e0 suivre son exemple. Il prouve qu\u2019avec du courage et de la vision, chacun peut contribuer \u00e0 b\u00e2tir un avenir meilleur pour sa g\u00e9n\u00e9ration et les suivantes.<\/p>\n\n\n\n<p><em>\ud83d\udccc\u00a0Ce texte est une adaptation d\u2019un article initialement \u00e9crit par Dr Danove Dieufort.<\/em><\/p>\n\n\n\n<p><\/p>\n\n    <div class=\"xs_social_share_widget xs_share_url after_content \t\tmain_content  wslu-style-3 wslu-share-box-shaped wslu-fill-brand-hover-colored wslu-share-m-5 wslu-none wslu-share-horizontal wslu-theme-font-no wslu-main_content\">\n\n\t\t\n        <ul>\n\t\t\t                    <li class=\"xs-share-li twitter                        wslu-no-extra-data\">\n                        <a href=\"javascript:void(0);\"\n                           id=\"xs_feed_twitter\"\n                           onclick=\"xs_social_sharer(this);\"\n                           data-pid=\"3019\"\n                           data-uri_hash=\"63f9840c0c7319f970fdb683ebe200e8\"\n                           data-key=\"twitter\"\n                           data-xs-href=\"https:\/\/twitter.com\/intent\/tweet?text=Pierre+Nesly+%3A+un+mod%C3%A8le+d%E2%80%99engagement+et+d%E2%80%99inspiration+pour+la+jeunesse+de+Pilate+https%3A%2F%2Fvelipost.com%2Findex.php%3Frest_route%3D%252Fwp%252Fv2%252Fposts%252F3019&amp;original_referer=https%3A%2F%2Fvelipost.com%2Findex.php%3Frest_route%3D%252Fwp%252Fv2%252Fposts%252F3019&amp;related=xpeedstudio\">\n\n                            <div class=\"xs-social-icon\">\n                                <span class=\"met-social met-social-twitter\"><\/span>\n                            <\/div>\n\n\t\t\t\t\t\t\t\n                            <div class=\"wslu-hover-content\">\n                                <div class=\"xs-social-followers\">\n\t\t\t\t\t\t\t\t\t10                                <\/div>\n                                <div class=\"xs-social-follower-text\">\n\t\t\t\t\t\t\t\t\tShare                                <\/div>\n                                <div class=\"xs-social-follower-label\">\n\t\t\t\t\t\t\t\t\tTwitter                                <\/div>\n                            <\/div>\n                        <\/a>\n                    <\/li>\n\t\t\t\t\t                    <li class=\"xs-share-li telegram                        wslu-no-extra-data\">\n                        <a href=\"javascript:void(0);\"\n                           id=\"xs_feed_telegram\"\n                           onclick=\"xs_social_sharer(this);\"\n                           data-pid=\"3019\"\n                           data-uri_hash=\"63f9840c0c7319f970fdb683ebe200e8\"\n                           data-key=\"telegram\"\n                           data-xs-href=\"https:\/\/telegram.me\/share\/url?url=https%3A%2F%2Fvelipost.com%2Findex.php%3Frest_route%3D%252Fwp%252Fv2%252Fposts%252F3019&amp;text=Pierre+Nesly+%3A+un+mod%C3%A8le+d%E2%80%99engagement+et+d%E2%80%99inspiration+pour+la+jeunesse+de+Pilate\">\n\n                            <div class=\"xs-social-icon\">\n                                <span class=\"met-social met-social-telegram\"><\/span>\n                            <\/div>\n\n\t\t\t\t\t\t\t\n                            <div class=\"wslu-hover-content\">\n                                <div class=\"xs-social-followers\">\n\t\t\t\t\t\t\t\t\t0                                <\/div>\n                                <div class=\"xs-social-follower-text\">\n\t\t\t\t\t\t\t\t\tShare                                <\/div>\n                                <div class=\"xs-social-follower-label\">\n\t\t\t\t\t\t\t\t\tTelegram                                <\/div>\n                            <\/div>\n                        <\/a>\n                    <\/li>\n\t\t\t\t\t                    <li class=\"xs-share-li email                        wslu-no-extra-data\">\n                        <a href=\"javascript:void(0);\"\n                           id=\"xs_feed_email\"\n                           onclick=\"xs_social_sharer(this);\"\n                           data-pid=\"3019\"\n                           data-uri_hash=\"63f9840c0c7319f970fdb683ebe200e8\"\n                           data-key=\"email\"\n                           data-xs-href=\"mailto:?body=Title%3A+Pierre+Nesly+%3A+un+mod%C3%A8le+d%E2%80%99engagement+et+d%E2%80%99inspiration+pour+la+jeunesse+de+Pilate+%5Cn%5Cn+URL%3A+https%3A%2F%2Fvelipost.com%2Findex.php%3Frest_route%3D%252Fwp%252Fv2%252Fposts%252F3019&amp;subject=Pierre+Nesly+%3A+un+mod%C3%A8le+d%E2%80%99engagement+et+d%E2%80%99inspiration+pour+la+jeunesse+de+Pilate\">\n\n                            <div class=\"xs-social-icon\">\n                                <span class=\"met-social met-social-email\"><\/span>\n                            <\/div>\n\n\t\t\t\t\t\t\t\n                            <div class=\"wslu-hover-content\">\n                                <div class=\"xs-social-followers\">\n\t\t\t\t\t\t\t\t\t0                                <\/div>\n                                <div class=\"xs-social-follower-text\">\n\t\t\t\t\t\t\t\t\tShare                                <\/div>\n                                <div class=\"xs-social-follower-label\">\n\t\t\t\t\t\t\t\t\tEmail                                <\/div>\n                            <\/div>\n                        <\/a>\n                    <\/li>\n\t\t\t\t\t        <\/ul>\n    <\/div> \n","protected":false},"excerpt":{"rendered":"<p>Dans un contexte o\u00f9 l\u2019acc\u00e8s \u00e0 la formation professionnelle demeure un d\u00e9fi en Ha\u00efti, certains jeunes se d\u00e9marquent par leur d\u00e9termination \u00e0 apporter des<\/p>\n","protected":false},"author":1,"featured_media":3032,"comment_status":"open","ping_status":"open","sticky":false,"template":"","format":"standard","meta":{"_uag_custom_page_level_css":"","footnotes":"","jetpack_publicize_message":"","jetpack_publicize_feature_enabled":true,"jetpack_social_post_already_shared":false,"jetpack_social_options":{"image_generator_settings":{"template":"highway","default_image_id":0,"font":"","enabled":false},"version":2}},"categories":[94],"tags":[],"class_list":["post-3019","post","type-post","status-publish","format-standard","has-post-thumbnail","hentry","category-a-la-une"],"yoast_head":"<!-- This site is optimized with the Yoast SEO plugin v25.3.1 - https:\/\/yoast.com\/wordpress\/plugins\/seo\/ -->\n<title>Pierre Nesly : un mod\u00e8le d\u2019engagement et d\u2019inspiration pour la jeunesse de Pilate &#8211; VeliPost<\/title>\n<meta name=\"robots\" content=\"index, follow, max-snippet:-1, max-image-preview:large, max-video-preview:-1\" \/>\n<link rel=\"canonical\" href=\"https:\/\/velipost.com\/?p=3019\" \/>\n<meta property=\"og:locale\" content=\"fr_FR\" \/>\n<meta property=\"og:type\" content=\"article\" \/>\n<meta property=\"og:title\" content=\"Pierre Nesly : un mod\u00e8le d\u2019engagement et d\u2019inspiration pour la jeunesse de Pilate &#8211; VeliPost\" \/>\n<meta property=\"og:description\" content=\"Dans un contexte o\u00f9 l\u2019acc\u00e8s \u00e0 la formation professionnelle demeure un d\u00e9fi en Ha\u00efti, certains jeunes se d\u00e9marquent par leur d\u00e9termination \u00e0 apporter des\" \/>\n<meta property=\"og:url\" content=\"https:\/\/velipost.com\/?p=3019\" \/>\n<meta property=\"og:site_name\" content=\"VeliPost\" \/>\n<meta property=\"article:publisher\" content=\"https:\/\/www.facebook.com\/veliposthaiti\" \/>\n<meta property=\"article:published_time\" content=\"2025-02-06T14:46:41+00:00\" \/>\n<meta property=\"article:modified_time\" content=\"2025-02-06T18:29:20+00:00\" \/>\n<meta property=\"og:image\" content=\"https:\/\/velipost.com\/wp-content\/uploads\/2025\/02\/Pierre-Nesly.jpg\" \/>\n\t<meta property=\"og:image:width\" content=\"1170\" \/>\n\t<meta property=\"og:image:height\" content=\"603\" \/>\n\t<meta property=\"og:image:type\" content=\"image\/jpeg\" \/>\n<meta name=\"author\" content=\"VeliPost\" \/>\n<meta name=\"twitter:card\" content=\"summary_large_image\" \/>\n<meta name=\"twitter:creator\" content=\"@veliposthaiti\" \/>\n<meta name=\"twitter:site\" content=\"@veliposthaiti\" \/>\n<meta name=\"twitter:label1\" content=\"\u00c9crit par\" \/>\n\t<meta name=\"twitter:data1\" content=\"VeliPost\" \/>\n\t<meta name=\"twitter:label2\" content=\"Dur\u00e9e de lecture estim\u00e9e\" \/>\n\t<meta name=\"twitter:data2\" content=\"3 minutes\" \/>\n<script type=\"application\/ld+json\" class=\"yoast-schema-graph\">{\"@context\":\"https:\/\/schema.org\",\"@graph\":[{\"@type\":\"Article\",\"@id\":\"https:\/\/velipost.com\/?p=3019#article\",\"isPartOf\":{\"@id\":\"https:\/\/velipost.com\/?p=3019\"},\"author\":{\"name\":\"VeliPost\",\"@id\":\"https:\/\/velipost.com\/#\/schema\/person\/32ff49a53c9c1bb24302ee8ece058096\"},\"headline\":\"Pierre Nesly : un mod\u00e8le d\u2019engagement et d\u2019inspiration pour la jeunesse de Pilate\",\"datePublished\":\"2025-02-06T14:46:41+00:00\",\"dateModified\":\"2025-02-06T18:29:20+00:00\",\"mainEntityOfPage\":{\"@id\":\"https:\/\/velipost.com\/?p=3019\"},\"wordCount\":714,\"commentCount\":0,\"publisher\":{\"@id\":\"https:\/\/velipost.com\/#organization\"},\"image\":{\"@id\":\"https:\/\/velipost.com\/?p=3019#primaryimage\"},\"thumbnailUrl\":\"https:\/\/velipost.com\/wp-content\/uploads\/2025\/02\/Pierre-Nesly.jpg\",\"articleSection\":[\"A la Une\"],\"inLanguage\":\"fr-FR\",\"potentialAction\":[{\"@type\":\"CommentAction\",\"name\":\"Comment\",\"target\":[\"https:\/\/velipost.com\/?p=3019#respond\"]}]},{\"@type\":\"WebPage\",\"@id\":\"https:\/\/velipost.com\/?p=3019\",\"url\":\"https:\/\/velipost.com\/?p=3019\",\"name\":\"Pierre Nesly : un mod\u00e8le d\u2019engagement et d\u2019inspiration pour la jeunesse de Pilate &#8211; VeliPost\",\"isPartOf\":{\"@id\":\"https:\/\/velipost.com\/#website\"},\"primaryImageOfPage\":{\"@id\":\"https:\/\/velipost.com\/?p=3019#primaryimage\"},\"image\":{\"@id\":\"https:\/\/velipost.com\/?p=3019#primaryimage\"},\"thumbnailUrl\":\"https:\/\/velipost.com\/wp-content\/uploads\/2025\/02\/Pierre-Nesly.jpg\",\"datePublished\":\"2025-02-06T14:46:41+00:00\",\"dateModified\":\"2025-02-06T18:29:20+00:00\",\"breadcrumb\":{\"@id\":\"https:\/\/velipost.com\/?p=3019#breadcrumb\"},\"inLanguage\":\"fr-FR\",\"potentialAction\":[{\"@type\":\"ReadAction\",\"target\":[\"https:\/\/velipost.com\/?p=3019\"]}]},{\"@type\":\"ImageObject\",\"inLanguage\":\"fr-FR\",\"@id\":\"https:\/\/velipost.com\/?p=3019#primaryimage\",\"url\":\"https:\/\/velipost.com\/wp-content\/uploads\/2025\/02\/Pierre-Nesly.jpg\",\"contentUrl\":\"https:\/\/velipost.com\/wp-content\/uploads\/2025\/02\/Pierre-Nesly.jpg\",\"width\":1170,\"height\":603},{\"@type\":\"BreadcrumbList\",\"@id\":\"https:\/\/velipost.com\/?p=3019#breadcrumb\",\"itemListElement\":[{\"@type\":\"ListItem\",\"position\":1,\"name\":\"Accueil\",\"item\":\"https:\/\/velipost.com\/\"},{\"@type\":\"ListItem\",\"position\":2,\"name\":\"Pierre Nesly : un mod\u00e8le d\u2019engagement et d\u2019inspiration pour la jeunesse de Pilate\"}]},{\"@type\":\"WebSite\",\"@id\":\"https:\/\/velipost.com\/#website\",\"url\":\"https:\/\/velipost.com\/\",\"name\":\"VeliPost\",\"description\":\"L\u2019info en un clic\",\"publisher\":{\"@id\":\"https:\/\/velipost.com\/#organization\"},\"potentialAction\":[{\"@type\":\"SearchAction\",\"target\":{\"@type\":\"EntryPoint\",\"urlTemplate\":\"https:\/\/velipost.com\/?s={search_term_string}\"},\"query-input\":{\"@type\":\"PropertyValueSpecification\",\"valueRequired\":true,\"valueName\":\"search_term_string\"}}],\"inLanguage\":\"fr-FR\"},{\"@type\":\"Organization\",\"@id\":\"https:\/\/velipost.com\/#organization\",\"name\":\"VeliPost\",\"url\":\"https:\/\/velipost.com\/\",\"logo\":{\"@type\":\"ImageObject\",\"inLanguage\":\"fr-FR\",\"@id\":\"https:\/\/velipost.com\/#\/schema\/logo\/image\/\",\"url\":\"https:\/\/velipost.com\/wp-content\/uploads\/2024\/08\/cropped-VP-logo-piti.png\",\"contentUrl\":\"https:\/\/velipost.com\/wp-content\/uploads\/2024\/08\/cropped-VP-logo-piti.png\",\"width\":201,\"height\":69,\"caption\":\"VeliPost\"},\"image\":{\"@id\":\"https:\/\/velipost.com\/#\/schema\/logo\/image\/\"},\"sameAs\":[\"https:\/\/www.facebook.com\/veliposthaiti\",\"https:\/\/x.com\/veliposthaiti\",\"https:\/\/www.instagram.com\/veliposthaiti\"]},{\"@type\":\"Person\",\"@id\":\"https:\/\/velipost.com\/#\/schema\/person\/32ff49a53c9c1bb24302ee8ece058096\",\"name\":\"VeliPost\",\"image\":{\"@type\":\"ImageObject\",\"inLanguage\":\"fr-FR\",\"@id\":\"https:\/\/velipost.com\/#\/schema\/person\/image\/\",\"url\":\"https:\/\/secure.gravatar.com\/avatar\/57c226c264de62f794185a89596d4a37b85a5ad20aca30d9d5a478b27d8c8d9d?s=96&d=mm&r=g\",\"contentUrl\":\"https:\/\/secure.gravatar.com\/avatar\/57c226c264de62f794185a89596d4a37b85a5ad20aca30d9d5a478b27d8c8d9d?s=96&d=mm&r=g\",\"caption\":\"VeliPost\"},\"sameAs\":[\"https:\/\/velipost.com\"],\"url\":\"https:\/\/velipost.com\/?author=1\"}]}<\/script>\n<!-- \/ Yoast SEO plugin. -->","yoast_head_json":{"title":"Pierre Nesly : un mod\u00e8le d\u2019engagement et d\u2019inspiration pour la jeunesse de Pilate &#8211; VeliPost","robots":{"index":"index","follow":"follow","max-snippet":"max-snippet:-1","max-image-preview":"max-image-preview:large","max-video-preview":"max-video-preview:-1"},"canonical":"https:\/\/velipost.com\/?p=3019","og_locale":"fr_FR","og_type":"article","og_title":"Pierre Nesly : un mod\u00e8le d\u2019engagement et d\u2019inspiration pour la jeunesse de Pilate &#8211; VeliPost","og_description":"Dans un contexte o\u00f9 l\u2019acc\u00e8s \u00e0 la formation professionnelle demeure un d\u00e9fi en Ha\u00efti, certains jeunes se d\u00e9marquent par leur d\u00e9termination \u00e0 apporter des","og_url":"https:\/\/velipost.com\/?p=3019","og_site_name":"VeliPost","article_publisher":"https:\/\/www.facebook.com\/veliposthaiti","article_published_time":"2025-02-06T14:46:41+00:00","article_modified_time":"2025-02-06T18:29:20+00:00","og_image":[{"width":1170,"height":603,"url":"https:\/\/velipost.com\/wp-content\/uploads\/2025\/02\/Pierre-Nesly.jpg","type":"image\/jpeg"}],"author":"VeliPost","twitter_card":"summary_large_image","twitter_creator":"@veliposthaiti","twitter_site":"@veliposthaiti","twitter_misc":{"\u00c9crit par":"VeliPost","Dur\u00e9e de lecture estim\u00e9e":"3 minutes"},"schema":{"@context":"https:\/\/schema.org","@graph":[{"@type":"Article","@id":"https:\/\/velipost.com\/?p=3019#article","isPartOf":{"@id":"https:\/\/velipost.com\/?p=3019"},"author":{"name":"VeliPost","@id":"https:\/\/velipost.com\/#\/schema\/person\/32ff49a53c9c1bb24302ee8ece058096"},"headline":"Pierre Nesly : un mod\u00e8le d\u2019engagement et d\u2019inspiration pour la jeunesse de Pilate","datePublished":"2025-02-06T14:46:41+00:00","dateModified":"2025-02-06T18:29:20+00:00","mainEntityOfPage":{"@id":"https:\/\/velipost.com\/?p=3019"},"wordCount":714,"commentCount":0,"publisher":{"@id":"https:\/\/velipost.com\/#organization"},"image":{"@id":"https:\/\/velipost.com\/?p=3019#primaryimage"},"thumbnailUrl":"https:\/\/velipost.com\/wp-content\/uploads\/2025\/02\/Pierre-Nesly.jpg","articleSection":["A la Une"],"inLanguage":"fr-FR","potentialAction":[{"@type":"CommentAction","name":"Comment","target":["https:\/\/velipost.com\/?p=3019#respond"]}]},{"@type":"WebPage","@id":"https:\/\/velipost.com\/?p=3019","url":"https:\/\/velipost.com\/?p=3019","name":"Pierre Nesly : un mod\u00e8le d\u2019engagement et d\u2019inspiration pour la jeunesse de Pilate &#8211; VeliPost","isPartOf":{"@id":"https:\/\/velipost.com\/#website"},"primaryImageOfPage":{"@id":"https:\/\/velipost.com\/?p=3019#primaryimage"},"image":{"@id":"https:\/\/velipost.com\/?p=3019#primaryimage"},"thumbnailUrl":"https:\/\/velipost.com\/wp-content\/uploads\/2025\/02\/Pierre-Nesly.jpg","datePublished":"2025-02-06T14:46:41+00:00","dateModified":"2025-02-06T18:29:20+00:00","breadcrumb":{"@id":"https:\/\/velipost.com\/?p=3019#breadcrumb"},"inLanguage":"fr-FR","potentialAction":[{"@type":"ReadAction","target":["https:\/\/velipost.com\/?p=3019"]}]},{"@type":"ImageObject","inLanguage":"fr-FR","@id":"https:\/\/velipost.com\/?p=3019#primaryimage","url":"https:\/\/velipost.com\/wp-content\/uploads\/2025\/02\/Pierre-Nesly.jpg","contentUrl":"https:\/\/velipost.com\/wp-content\/uploads\/2025\/02\/Pierre-Nesly.jpg","width":1170,"height":603},{"@type":"BreadcrumbList","@id":"https:\/\/velipost.com\/?p=3019#breadcrumb","itemListElement":[{"@type":"ListItem","position":1,"name":"Accueil","item":"https:\/\/velipost.com\/"},{"@type":"ListItem","position":2,"name":"Pierre Nesly : un mod\u00e8le d\u2019engagement et d\u2019inspiration pour la jeunesse de Pilate"}]},{"@type":"WebSite","@id":"https:\/\/velipost.com\/#website","url":"https:\/\/velipost.com\/","name":"VeliPost","description":"L\u2019info en un clic","publisher":{"@id":"https:\/\/velipost.com\/#organization"},"potentialAction":[{"@type":"SearchAction","target":{"@type":"EntryPoint","urlTemplate":"https:\/\/velipost.com\/?s={search_term_string}"},"query-input":{"@type":"PropertyValueSpecification","valueRequired":true,"valueName":"search_term_string"}}],"inLanguage":"fr-FR"},{"@type":"Organization","@id":"https:\/\/velipost.com\/#organization","name":"VeliPost","url":"https:\/\/velipost.com\/","logo":{"@type":"ImageObject","inLanguage":"fr-FR","@id":"https:\/\/velipost.com\/#\/schema\/logo\/image\/","url":"https:\/\/velipost.com\/wp-content\/uploads\/2024\/08\/cropped-VP-logo-piti.png","contentUrl":"https:\/\/velipost.com\/wp-content\/uploads\/2024\/08\/cropped-VP-logo-piti.png","width":201,"height":69,"caption":"VeliPost"},"image":{"@id":"https:\/\/velipost.com\/#\/schema\/logo\/image\/"},"sameAs":["https:\/\/www.facebook.com\/veliposthaiti","https:\/\/x.com\/veliposthaiti","https:\/\/www.instagram.com\/veliposthaiti"]},{"@type":"Person","@id":"https:\/\/velipost.com\/#\/schema\/person\/32ff49a53c9c1bb24302ee8ece058096","name":"VeliPost","image":{"@type":"ImageObject","inLanguage":"fr-FR","@id":"https:\/\/velipost.com\/#\/schema\/person\/image\/","url":"https:\/\/secure.gravatar.com\/avatar\/57c226c264de62f794185a89596d4a37b85a5ad20aca30d9d5a478b27d8c8d9d?s=96&d=mm&r=g","contentUrl":"https:\/\/secure.gravatar.com\/avatar\/57c226c264de62f794185a89596d4a37b85a5ad20aca30d9d5a478b27d8c8d9d?s=96&d=mm&r=g","caption":"VeliPost"},"sameAs":["https:\/\/velipost.com"],"url":"https:\/\/velipost.com\/?author=1"}]}},"views":1,"jetpack_publicize_connections":[],"uagb_featured_image_src":{"full":["https:\/\/velipost.com\/wp-content\/uploads\/2025\/02\/Pierre-Nesly.jpg",1170,603,false],"thumbnail":["https:\/\/velipost.com\/wp-content\/uploads\/2025\/02\/Pierre-Nesly-150x150.jpg",150,150,true],"medium":["https:\/\/velipost.com\/wp-content\/uploads\/2025\/02\/Pierre-Nesly-300x155.jpg",300,155,true],"medium_large":["https:\/\/velipost.com\/wp-content\/uploads\/2025\/02\/Pierre-Nesly-768x396.jpg",715,369,true],"large":["https:\/\/velipost.com\/wp-content\/uploads\/2025\/02\/Pierre-Nesly-1024x528.jpg",715,369,true],"1536x1536":["https:\/\/velipost.com\/wp-content\/uploads\/2025\/02\/Pierre-Nesly.jpg",1170,603,false],"2048x2048":["https:\/\/velipost.com\/wp-content\/uploads\/2025\/02\/Pierre-Nesly.jpg",1170,603,false],"colornews-big-slider":["https:\/\/velipost.com\/wp-content\/uploads\/2025\/02\/Pierre-Nesly-1070x470.jpg",1070,470,true],"colornews-big-slider-thumb":["https:\/\/velipost.com\/wp-content\/uploads\/2025\/02\/Pierre-Nesly-184x109.jpg",184,109,true],"colornews-featured-post-medium":["https:\/\/velipost.com\/wp-content\/uploads\/2025\/02\/Pierre-Nesly-345x265.jpg",345,265,true],"colornews-featured-post-small":["https:\/\/velipost.com\/wp-content\/uploads\/2025\/02\/Pierre-Nesly-115x73.jpg",115,73,true],"colornews-random-posts":["https:\/\/velipost.com\/wp-content\/uploads\/2025\/02\/Pierre-Nesly-215x215.jpg",215,215,true],"colornews-featured-image":["https:\/\/velipost.com\/wp-content\/uploads\/2025\/02\/Pierre-Nesly-715x400.jpg",715,400,true],"mailpoet_newsletter_max":["https:\/\/velipost.com\/wp-content\/uploads\/2025\/02\/Pierre-Nesly.jpg",1170,603,false]},"uagb_author_info":{"display_name":"VeliPost","author_link":"https:\/\/velipost.com\/?author=1"},"uagb_comment_info":0,"uagb_excerpt":"Dans un contexte o\u00f9 l\u2019acc\u00e8s \u00e0 la formation professionnelle demeure un d\u00e9fi en Ha\u00efti, certains jeunes se d\u00e9marquent par leur d\u00e9termination \u00e0 apporter des","_links":{"self":[{"href":"https:\/\/velipost.com\/index.php?rest_route=\/wp\/v2\/posts\/3019","targetHints":{"allow":["GET"]}}],"collection":[{"href":"https:\/\/velipost.com\/index.php?rest_route=\/wp\/v2\/posts"}],"about":[{"href":"https:\/\/velipost.com\/index.php?rest_route=\/wp\/v2\/types\/post"}],"author":[{"embeddable":true,"href":"https:\/\/velipost.com\/index.php?rest_route=\/wp\/v2\/users\/1"}],"replies":[{"embeddable":true,"href":"https:\/\/velipost.com\/index.php?rest_route=%2Fwp%2Fv2%2Fcomments&post=3019"}],"version-history":[{"count":3,"href":"https:\/\/velipost.com\/index.php?rest_route=\/wp\/v2\/posts\/3019\/revisions"}],"predecessor-version":[{"id":3034,"href":"https:\/\/velipost.com\/index.php?rest_route=\/wp\/v2\/posts\/3019\/revisions\/3034"}],"wp:featuredmedia":[{"embeddable":true,"href":"https:\/\/velipost.com\/index.php?rest_route=\/wp\/v2\/media\/3032"}],"wp:attachment":[{"href":"https:\/\/velipost.com\/index.php?rest_route=%2Fwp%2Fv2%2Fmedia&parent=3019"}],"wp:term":[{"taxonomy":"category","embeddable":true,"href":"https:\/\/velipost.com\/index.php?rest_route=%2Fwp%2Fv2%2Fcategories&post=3019"},{"taxonomy":"post_tag","embeddable":true,"href":"https:\/\/velipost.com\/index.php?rest_route=%2Fwp%2Fv2%2Ftags&post=3019"}],"curies":[{"name":"wp","href":"https:\/\/api.w.org\/{rel}","templated":true}]}}