{"id":2915,"date":"2025-01-13T15:54:12","date_gmt":"2025-01-13T14:54:12","guid":{"rendered":"https:\/\/velipost.com\/?p=2915"},"modified":"2025-01-13T15:54:14","modified_gmt":"2025-01-13T14:54:14","slug":"legacy-leadership-award-une-premiere-edition-sous-le-signe-du-leadership-jeune-et-de-la-resilience","status":"publish","type":"post","link":"https:\/\/velipost.com\/?p=2915","title":{"rendered":"\u201cLegacy Leadership Award\u201d : Une Premi\u00e8re \u00c9dition sous le Signe du Leadership Jeune et de la R\u00e9silience"},"content":{"rendered":"\n<p>Le&nbsp;<strong>26 janvier 2025<\/strong>, la ville de&nbsp;<strong>Carrefour<\/strong>&nbsp;vivra un moment historique avec la c\u00e9r\u00e9monie de la toute premi\u00e8re \u00e9dition du&nbsp;<strong>\u201cLEGACY LEADERSHIP AWARD\u201d<\/strong>. Cet \u00e9v\u00e9nement marquera un tournant dans la reconnaissance de la jeunesse ha\u00eftienne, c\u00e9l\u00e9brant les jeunes leaders dont la r\u00e9silience et l\u2019engagement social font honneur \u00e0 notre pays.<\/p>\n\n\n\n<p>Au c\u0153ur de cet \u00e9v\u00e9nement exceptionnel, les laur\u00e9ats de cette premi\u00e8re \u00e9dition seront honor\u00e9s pour leur sens du leadership, leur capacit\u00e9 \u00e0 inspirer les autres, et leur d\u00e9termination \u00e0 construire un avenir meilleur pour leurs communaut\u00e9s. Ces jeunes, porteurs de valeurs d\u2019espoir, repr\u00e9sentent une source d\u2019inspiration et de motivation pour les g\u00e9n\u00e9rations \u00e0 venir.<\/p>\n\n\n\n<p>Le&nbsp;<strong>\u201cLEGACY LEADERSHIP AWARD\u201d<\/strong>&nbsp;n\u2019est pas simplement une c\u00e9r\u00e9monie de r\u00e9compenses, mais une v\u00e9ritable c\u00e9l\u00e9bration de l\u2019h\u00e9ritage que ces jeunes leaders sont en train de b\u00e2tir \u00e0 travers leurs actions, leurs projets et leur vision pour un futur plus solidaire et prosp\u00e8re. L\u2019\u00e9v\u00e9nement s\u2019inscrit dans une dynamique plus large de transformation positive, visant \u00e0 insuffler un changement durable et b\u00e9n\u00e9fique pour nos communaut\u00e9s.<\/p>\n\n\n\n<p>Cet \u00e9v\u00e9nement offrira \u00e9galement une plateforme pour \u00e9changer sur les d\u00e9fis auxquels les jeunes font face dans leur parcours, tout en mettant en lumi\u00e8re les initiatives et projets innovants qui contribuent \u00e0 l\u2019am\u00e9lioration de la soci\u00e9t\u00e9 ha\u00eftienne. La c\u00e9r\u00e9monie, attendue avec impatience, sera l\u2019occasion pour les jeunes leaders d\u2019\u00eatre c\u00e9l\u00e9br\u00e9s et pour le public de se joindre \u00e0 ce mouvement de changement.<\/p>\n\n\n\n<p>Avec le&nbsp;<strong>\u201cLEGACY LEADERSHIP AWARD\u201d<\/strong>, une nouvelle \u00e8re de leadership et d\u2019engagement social \u00e9merge, et le 26 janvier 2025, Carrefour deviendra le centre d\u2019un \u00e9v\u00e9nement m\u00e9morable, \u00e0 la fois un hommage aux laur\u00e9ats et un appel \u00e0 l\u2019action pour b\u00e2tir ensemble un avenir meilleur.<\/p>\n\n\n\n<p><strong>Un \u00e9v\u00e9nement \u00e0 ne pas manquer.<\/strong><\/p>\n\n    <div class=\"xs_social_share_widget xs_share_url after_content \t\tmain_content  wslu-style-3 wslu-share-box-shaped wslu-fill-brand-hover-colored wslu-share-m-5 wslu-none wslu-share-horizontal wslu-theme-font-no wslu-main_content\">\n\n\t\t\n        <ul>\n\t\t\t                    <li class=\"xs-share-li twitter                        wslu-no-extra-data\">\n                        <a href=\"javascript:void(0);\"\n                           id=\"xs_feed_twitter\"\n                           onclick=\"xs_social_sharer(this);\"\n                           data-pid=\"2915\"\n                           data-uri_hash=\"47168e7bd4aa4f63330192547d7d0d8b\"\n                           data-key=\"twitter\"\n                           data-xs-href=\"https:\/\/twitter.com\/intent\/tweet?text=%E2%80%9CLegacy+Leadership+Award%E2%80%9D+%3A+Une+Premi%C3%A8re+%C3%89dition+sous+le+Signe+du+Leadership+Jeune+et+de+la+R%C3%A9silience+https%3A%2F%2Fvelipost.com%2Findex.php%3Frest_route%3D%252Fwp%252Fv2%252Fposts%252F2915&amp;original_referer=https%3A%2F%2Fvelipost.com%2Findex.php%3Frest_route%3D%252Fwp%252Fv2%252Fposts%252F2915&amp;related=xpeedstudio\">\n\n                            <div class=\"xs-social-icon\">\n                                <span class=\"met-social met-social-twitter\"><\/span>\n                            <\/div>\n\n\t\t\t\t\t\t\t\n                            <div class=\"wslu-hover-content\">\n                                <div class=\"xs-social-followers\">\n\t\t\t\t\t\t\t\t\t10                                <\/div>\n                                <div class=\"xs-social-follower-text\">\n\t\t\t\t\t\t\t\t\tShare                                <\/div>\n                                <div class=\"xs-social-follower-label\">\n\t\t\t\t\t\t\t\t\tTwitter                                <\/div>\n                            <\/div>\n                        <\/a>\n                    <\/li>\n\t\t\t\t\t                    <li class=\"xs-share-li telegram                        wslu-no-extra-data\">\n                        <a href=\"javascript:void(0);\"\n                           id=\"xs_feed_telegram\"\n                           onclick=\"xs_social_sharer(this);\"\n                           data-pid=\"2915\"\n                           data-uri_hash=\"47168e7bd4aa4f63330192547d7d0d8b\"\n                           data-key=\"telegram\"\n                           data-xs-href=\"https:\/\/telegram.me\/share\/url?url=https%3A%2F%2Fvelipost.com%2Findex.php%3Frest_route%3D%252Fwp%252Fv2%252Fposts%252F2915&amp;text=%E2%80%9CLegacy+Leadership+Award%E2%80%9D+%3A+Une+Premi%C3%A8re+%C3%89dition+sous+le+Signe+du+Leadership+Jeune+et+de+la+R%C3%A9silience\">\n\n                            <div class=\"xs-social-icon\">\n                                <span class=\"met-social met-social-telegram\"><\/span>\n                            <\/div>\n\n\t\t\t\t\t\t\t\n                            <div class=\"wslu-hover-content\">\n                                <div class=\"xs-social-followers\">\n\t\t\t\t\t\t\t\t\t0                                <\/div>\n                                <div class=\"xs-social-follower-text\">\n\t\t\t\t\t\t\t\t\tShare                                <\/div>\n                                <div class=\"xs-social-follower-label\">\n\t\t\t\t\t\t\t\t\tTelegram                                <\/div>\n                            <\/div>\n                        <\/a>\n                    <\/li>\n\t\t\t\t\t                    <li class=\"xs-share-li email                        wslu-no-extra-data\">\n                        <a href=\"javascript:void(0);\"\n                           id=\"xs_feed_email\"\n                           onclick=\"xs_social_sharer(this);\"\n                           data-pid=\"2915\"\n                           data-uri_hash=\"47168e7bd4aa4f63330192547d7d0d8b\"\n                           data-key=\"email\"\n                           data-xs-href=\"mailto:?body=Title%3A+%E2%80%9CLegacy+Leadership+Award%E2%80%9D+%3A+Une+Premi%C3%A8re+%C3%89dition+sous+le+Signe+du+Leadership+Jeune+et+de+la+R%C3%A9silience+%5Cn%5Cn+URL%3A+https%3A%2F%2Fvelipost.com%2Findex.php%3Frest_route%3D%252Fwp%252Fv2%252Fposts%252F2915&amp;subject=%E2%80%9CLegacy+Leadership+Award%E2%80%9D+%3A+Une+Premi%C3%A8re+%C3%89dition+sous+le+Signe+du+Leadership+Jeune+et+de+la+R%C3%A9silience\">\n\n                            <div class=\"xs-social-icon\">\n                                <span class=\"met-social met-social-email\"><\/span>\n                            <\/div>\n\n\t\t\t\t\t\t\t\n                            <div class=\"wslu-hover-content\">\n                                <div class=\"xs-social-followers\">\n\t\t\t\t\t\t\t\t\t0                                <\/div>\n                                <div class=\"xs-social-follower-text\">\n\t\t\t\t\t\t\t\t\tShare                                <\/div>\n                                <div class=\"xs-social-follower-label\">\n\t\t\t\t\t\t\t\t\tEmail                                <\/div>\n                            <\/div>\n                        <\/a>\n                    <\/li>\n\t\t\t\t\t        <\/ul>\n    <\/div> \n","protected":false},"excerpt":{"rendered":"<p>Le&nbsp;26 janvier 2025, la ville de&nbsp;Carrefour&nbsp;vivra un moment historique avec la c\u00e9r\u00e9monie de la toute premi\u00e8re \u00e9dition du&nbsp;\u201cLEGACY LEADERSHIP AWARD\u201d. Cet \u00e9v\u00e9nement marquera un<\/p>\n","protected":false},"author":1,"featured_media":2921,"comment_status":"open","ping_status":"open","sticky":false,"template":"","format":"standard","meta":{"_uag_custom_page_level_css":"","footnotes":"","jetpack_publicize_message":"","jetpack_publicize_feature_enabled":true,"jetpack_social_post_already_shared":false,"jetpack_social_options":{"image_generator_settings":{"template":"highway","default_image_id":0,"font":"","enabled":false},"version":2}},"categories":[3],"tags":[],"class_list":["post-2915","post","type-post","status-publish","format-standard","has-post-thumbnail","hentry","category-societe"],"yoast_head":"<!-- This site is optimized with the Yoast SEO plugin v25.3.1 - https:\/\/yoast.com\/wordpress\/plugins\/seo\/ -->\n<title>\u201cLegacy Leadership Award\u201d : Une Premi\u00e8re \u00c9dition sous le Signe du Leadership Jeune et de la R\u00e9silience &#8211; VeliPost<\/title>\n<meta name=\"robots\" content=\"index, follow, max-snippet:-1, max-image-preview:large, max-video-preview:-1\" \/>\n<link rel=\"canonical\" href=\"https:\/\/velipost.com\/?p=2915\" \/>\n<meta property=\"og:locale\" content=\"fr_FR\" \/>\n<meta property=\"og:type\" content=\"article\" \/>\n<meta property=\"og:title\" content=\"\u201cLegacy Leadership Award\u201d : Une Premi\u00e8re \u00c9dition sous le Signe du Leadership Jeune et de la R\u00e9silience &#8211; VeliPost\" \/>\n<meta property=\"og:description\" content=\"Le&nbsp;26 janvier 2025, la ville de&nbsp;Carrefour&nbsp;vivra un moment historique avec la c\u00e9r\u00e9monie de la toute premi\u00e8re \u00e9dition du&nbsp;\u201cLEGACY LEADERSHIP AWARD\u201d. Cet \u00e9v\u00e9nement marquera un\" \/>\n<meta property=\"og:url\" content=\"https:\/\/velipost.com\/?p=2915\" \/>\n<meta property=\"og:site_name\" content=\"VeliPost\" \/>\n<meta property=\"article:publisher\" content=\"https:\/\/www.facebook.com\/veliposthaiti\" \/>\n<meta property=\"article:published_time\" content=\"2025-01-13T14:54:12+00:00\" \/>\n<meta property=\"article:modified_time\" content=\"2025-01-13T14:54:14+00:00\" \/>\n<meta property=\"og:image\" content=\"https:\/\/velipost.com\/wp-content\/uploads\/2025\/01\/legacy.jpg\" \/>\n\t<meta property=\"og:image:width\" content=\"1170\" \/>\n\t<meta property=\"og:image:height\" content=\"603\" \/>\n\t<meta property=\"og:image:type\" content=\"image\/jpeg\" \/>\n<meta name=\"author\" content=\"VeliPost\" \/>\n<meta name=\"twitter:card\" content=\"summary_large_image\" \/>\n<meta name=\"twitter:creator\" content=\"@veliposthaiti\" \/>\n<meta name=\"twitter:site\" content=\"@veliposthaiti\" \/>\n<meta name=\"twitter:label1\" content=\"\u00c9crit par\" \/>\n\t<meta name=\"twitter:data1\" content=\"VeliPost\" \/>\n\t<meta name=\"twitter:label2\" content=\"Dur\u00e9e de lecture estim\u00e9e\" \/>\n\t<meta name=\"twitter:data2\" content=\"2 minutes\" \/>\n<script type=\"application\/ld+json\" class=\"yoast-schema-graph\">{\"@context\":\"https:\/\/schema.org\",\"@graph\":[{\"@type\":\"Article\",\"@id\":\"https:\/\/velipost.com\/?p=2915#article\",\"isPartOf\":{\"@id\":\"https:\/\/velipost.com\/?p=2915\"},\"author\":{\"name\":\"VeliPost\",\"@id\":\"https:\/\/velipost.com\/#\/schema\/person\/32ff49a53c9c1bb24302ee8ece058096\"},\"headline\":\"\u201cLegacy Leadership Award\u201d : Une Premi\u00e8re \u00c9dition sous le Signe du Leadership Jeune et de la R\u00e9silience\",\"datePublished\":\"2025-01-13T14:54:12+00:00\",\"dateModified\":\"2025-01-13T14:54:14+00:00\",\"mainEntityOfPage\":{\"@id\":\"https:\/\/velipost.com\/?p=2915\"},\"wordCount\":350,\"commentCount\":2,\"publisher\":{\"@id\":\"https:\/\/velipost.com\/#organization\"},\"image\":{\"@id\":\"https:\/\/velipost.com\/?p=2915#primaryimage\"},\"thumbnailUrl\":\"https:\/\/velipost.com\/wp-content\/uploads\/2025\/01\/legacy.jpg\",\"articleSection\":[\"Soci\u00e9t\u00e9\"],\"inLanguage\":\"fr-FR\",\"potentialAction\":[{\"@type\":\"CommentAction\",\"name\":\"Comment\",\"target\":[\"https:\/\/velipost.com\/?p=2915#respond\"]}]},{\"@type\":\"WebPage\",\"@id\":\"https:\/\/velipost.com\/?p=2915\",\"url\":\"https:\/\/velipost.com\/?p=2915\",\"name\":\"\u201cLegacy Leadership Award\u201d : Une Premi\u00e8re \u00c9dition sous le Signe du Leadership Jeune et de la R\u00e9silience &#8211; VeliPost\",\"isPartOf\":{\"@id\":\"https:\/\/velipost.com\/#website\"},\"primaryImageOfPage\":{\"@id\":\"https:\/\/velipost.com\/?p=2915#primaryimage\"},\"image\":{\"@id\":\"https:\/\/velipost.com\/?p=2915#primaryimage\"},\"thumbnailUrl\":\"https:\/\/velipost.com\/wp-content\/uploads\/2025\/01\/legacy.jpg\",\"datePublished\":\"2025-01-13T14:54:12+00:00\",\"dateModified\":\"2025-01-13T14:54:14+00:00\",\"breadcrumb\":{\"@id\":\"https:\/\/velipost.com\/?p=2915#breadcrumb\"},\"inLanguage\":\"fr-FR\",\"potentialAction\":[{\"@type\":\"ReadAction\",\"target\":[\"https:\/\/velipost.com\/?p=2915\"]}]},{\"@type\":\"ImageObject\",\"inLanguage\":\"fr-FR\",\"@id\":\"https:\/\/velipost.com\/?p=2915#primaryimage\",\"url\":\"https:\/\/velipost.com\/wp-content\/uploads\/2025\/01\/legacy.jpg\",\"contentUrl\":\"https:\/\/velipost.com\/wp-content\/uploads\/2025\/01\/legacy.jpg\",\"width\":1170,\"height\":603},{\"@type\":\"BreadcrumbList\",\"@id\":\"https:\/\/velipost.com\/?p=2915#breadcrumb\",\"itemListElement\":[{\"@type\":\"ListItem\",\"position\":1,\"name\":\"Accueil\",\"item\":\"https:\/\/velipost.com\/\"},{\"@type\":\"ListItem\",\"position\":2,\"name\":\"\u201cLegacy Leadership Award\u201d : Une Premi\u00e8re \u00c9dition sous le Signe du Leadership Jeune et de la R\u00e9silience\"}]},{\"@type\":\"WebSite\",\"@id\":\"https:\/\/velipost.com\/#website\",\"url\":\"https:\/\/velipost.com\/\",\"name\":\"VeliPost\",\"description\":\"L\u2019info en un clic\",\"publisher\":{\"@id\":\"https:\/\/velipost.com\/#organization\"},\"potentialAction\":[{\"@type\":\"SearchAction\",\"target\":{\"@type\":\"EntryPoint\",\"urlTemplate\":\"https:\/\/velipost.com\/?s={search_term_string}\"},\"query-input\":{\"@type\":\"PropertyValueSpecification\",\"valueRequired\":true,\"valueName\":\"search_term_string\"}}],\"inLanguage\":\"fr-FR\"},{\"@type\":\"Organization\",\"@id\":\"https:\/\/velipost.com\/#organization\",\"name\":\"VeliPost\",\"url\":\"https:\/\/velipost.com\/\",\"logo\":{\"@type\":\"ImageObject\",\"inLanguage\":\"fr-FR\",\"@id\":\"https:\/\/velipost.com\/#\/schema\/logo\/image\/\",\"url\":\"https:\/\/velipost.com\/wp-content\/uploads\/2024\/08\/cropped-VP-logo-piti.png\",\"contentUrl\":\"https:\/\/velipost.com\/wp-content\/uploads\/2024\/08\/cropped-VP-logo-piti.png\",\"width\":201,\"height\":69,\"caption\":\"VeliPost\"},\"image\":{\"@id\":\"https:\/\/velipost.com\/#\/schema\/logo\/image\/\"},\"sameAs\":[\"https:\/\/www.facebook.com\/veliposthaiti\",\"https:\/\/x.com\/veliposthaiti\",\"https:\/\/www.instagram.com\/veliposthaiti\"]},{\"@type\":\"Person\",\"@id\":\"https:\/\/velipost.com\/#\/schema\/person\/32ff49a53c9c1bb24302ee8ece058096\",\"name\":\"VeliPost\",\"image\":{\"@type\":\"ImageObject\",\"inLanguage\":\"fr-FR\",\"@id\":\"https:\/\/velipost.com\/#\/schema\/person\/image\/\",\"url\":\"https:\/\/secure.gravatar.com\/avatar\/57c226c264de62f794185a89596d4a37b85a5ad20aca30d9d5a478b27d8c8d9d?s=96&d=mm&r=g\",\"contentUrl\":\"https:\/\/secure.gravatar.com\/avatar\/57c226c264de62f794185a89596d4a37b85a5ad20aca30d9d5a478b27d8c8d9d?s=96&d=mm&r=g\",\"caption\":\"VeliPost\"},\"sameAs\":[\"https:\/\/velipost.com\"],\"url\":\"https:\/\/velipost.com\/?author=1\"}]}<\/script>\n<!-- \/ Yoast SEO plugin. -->","yoast_head_json":{"title":"\u201cLegacy Leadership Award\u201d : Une Premi\u00e8re \u00c9dition sous le Signe du Leadership Jeune et de la R\u00e9silience &#8211; VeliPost","robots":{"index":"index","follow":"follow","max-snippet":"max-snippet:-1","max-image-preview":"max-image-preview:large","max-video-preview":"max-video-preview:-1"},"canonical":"https:\/\/velipost.com\/?p=2915","og_locale":"fr_FR","og_type":"article","og_title":"\u201cLegacy Leadership Award\u201d : Une Premi\u00e8re \u00c9dition sous le Signe du Leadership Jeune et de la R\u00e9silience &#8211; VeliPost","og_description":"Le&nbsp;26 janvier 2025, la ville de&nbsp;Carrefour&nbsp;vivra un moment historique avec la c\u00e9r\u00e9monie de la toute premi\u00e8re \u00e9dition du&nbsp;\u201cLEGACY LEADERSHIP AWARD\u201d. Cet \u00e9v\u00e9nement marquera un","og_url":"https:\/\/velipost.com\/?p=2915","og_site_name":"VeliPost","article_publisher":"https:\/\/www.facebook.com\/veliposthaiti","article_published_time":"2025-01-13T14:54:12+00:00","article_modified_time":"2025-01-13T14:54:14+00:00","og_image":[{"width":1170,"height":603,"url":"https:\/\/velipost.com\/wp-content\/uploads\/2025\/01\/legacy.jpg","type":"image\/jpeg"}],"author":"VeliPost","twitter_card":"summary_large_image","twitter_creator":"@veliposthaiti","twitter_site":"@veliposthaiti","twitter_misc":{"\u00c9crit par":"VeliPost","Dur\u00e9e de lecture estim\u00e9e":"2 minutes"},"schema":{"@context":"https:\/\/schema.org","@graph":[{"@type":"Article","@id":"https:\/\/velipost.com\/?p=2915#article","isPartOf":{"@id":"https:\/\/velipost.com\/?p=2915"},"author":{"name":"VeliPost","@id":"https:\/\/velipost.com\/#\/schema\/person\/32ff49a53c9c1bb24302ee8ece058096"},"headline":"\u201cLegacy Leadership Award\u201d : Une Premi\u00e8re \u00c9dition sous le Signe du Leadership Jeune et de la R\u00e9silience","datePublished":"2025-01-13T14:54:12+00:00","dateModified":"2025-01-13T14:54:14+00:00","mainEntityOfPage":{"@id":"https:\/\/velipost.com\/?p=2915"},"wordCount":350,"commentCount":2,"publisher":{"@id":"https:\/\/velipost.com\/#organization"},"image":{"@id":"https:\/\/velipost.com\/?p=2915#primaryimage"},"thumbnailUrl":"https:\/\/velipost.com\/wp-content\/uploads\/2025\/01\/legacy.jpg","articleSection":["Soci\u00e9t\u00e9"],"inLanguage":"fr-FR","potentialAction":[{"@type":"CommentAction","name":"Comment","target":["https:\/\/velipost.com\/?p=2915#respond"]}]},{"@type":"WebPage","@id":"https:\/\/velipost.com\/?p=2915","url":"https:\/\/velipost.com\/?p=2915","name":"\u201cLegacy Leadership Award\u201d : Une Premi\u00e8re \u00c9dition sous le Signe du Leadership Jeune et de la R\u00e9silience &#8211; VeliPost","isPartOf":{"@id":"https:\/\/velipost.com\/#website"},"primaryImageOfPage":{"@id":"https:\/\/velipost.com\/?p=2915#primaryimage"},"image":{"@id":"https:\/\/velipost.com\/?p=2915#primaryimage"},"thumbnailUrl":"https:\/\/velipost.com\/wp-content\/uploads\/2025\/01\/legacy.jpg","datePublished":"2025-01-13T14:54:12+00:00","dateModified":"2025-01-13T14:54:14+00:00","breadcrumb":{"@id":"https:\/\/velipost.com\/?p=2915#breadcrumb"},"inLanguage":"fr-FR","potentialAction":[{"@type":"ReadAction","target":["https:\/\/velipost.com\/?p=2915"]}]},{"@type":"ImageObject","inLanguage":"fr-FR","@id":"https:\/\/velipost.com\/?p=2915#primaryimage","url":"https:\/\/velipost.com\/wp-content\/uploads\/2025\/01\/legacy.jpg","contentUrl":"https:\/\/velipost.com\/wp-content\/uploads\/2025\/01\/legacy.jpg","width":1170,"height":603},{"@type":"BreadcrumbList","@id":"https:\/\/velipost.com\/?p=2915#breadcrumb","itemListElement":[{"@type":"ListItem","position":1,"name":"Accueil","item":"https:\/\/velipost.com\/"},{"@type":"ListItem","position":2,"name":"\u201cLegacy Leadership Award\u201d : Une Premi\u00e8re \u00c9dition sous le Signe du Leadership Jeune et de la R\u00e9silience"}]},{"@type":"WebSite","@id":"https:\/\/velipost.com\/#website","url":"https:\/\/velipost.com\/","name":"VeliPost","description":"L\u2019info en un clic","publisher":{"@id":"https:\/\/velipost.com\/#organization"},"potentialAction":[{"@type":"SearchAction","target":{"@type":"EntryPoint","urlTemplate":"https:\/\/velipost.com\/?s={search_term_string}"},"query-input":{"@type":"PropertyValueSpecification","valueRequired":true,"valueName":"search_term_string"}}],"inLanguage":"fr-FR"},{"@type":"Organization","@id":"https:\/\/velipost.com\/#organization","name":"VeliPost","url":"https:\/\/velipost.com\/","logo":{"@type":"ImageObject","inLanguage":"fr-FR","@id":"https:\/\/velipost.com\/#\/schema\/logo\/image\/","url":"https:\/\/velipost.com\/wp-content\/uploads\/2024\/08\/cropped-VP-logo-piti.png","contentUrl":"https:\/\/velipost.com\/wp-content\/uploads\/2024\/08\/cropped-VP-logo-piti.png","width":201,"height":69,"caption":"VeliPost"},"image":{"@id":"https:\/\/velipost.com\/#\/schema\/logo\/image\/"},"sameAs":["https:\/\/www.facebook.com\/veliposthaiti","https:\/\/x.com\/veliposthaiti","https:\/\/www.instagram.com\/veliposthaiti"]},{"@type":"Person","@id":"https:\/\/velipost.com\/#\/schema\/person\/32ff49a53c9c1bb24302ee8ece058096","name":"VeliPost","image":{"@type":"ImageObject","inLanguage":"fr-FR","@id":"https:\/\/velipost.com\/#\/schema\/person\/image\/","url":"https:\/\/secure.gravatar.com\/avatar\/57c226c264de62f794185a89596d4a37b85a5ad20aca30d9d5a478b27d8c8d9d?s=96&d=mm&r=g","contentUrl":"https:\/\/secure.gravatar.com\/avatar\/57c226c264de62f794185a89596d4a37b85a5ad20aca30d9d5a478b27d8c8d9d?s=96&d=mm&r=g","caption":"VeliPost"},"sameAs":["https:\/\/velipost.com"],"url":"https:\/\/velipost.com\/?author=1"}]}},"views":1,"jetpack_publicize_connections":[],"uagb_featured_image_src":{"full":["https:\/\/velipost.com\/wp-content\/uploads\/2025\/01\/legacy.jpg",1170,603,false],"thumbnail":["https:\/\/velipost.com\/wp-content\/uploads\/2025\/01\/legacy-150x150.jpg",150,150,true],"medium":["https:\/\/velipost.com\/wp-content\/uploads\/2025\/01\/legacy-300x155.jpg",300,155,true],"medium_large":["https:\/\/velipost.com\/wp-content\/uploads\/2025\/01\/legacy-768x396.jpg",715,369,true],"large":["https:\/\/velipost.com\/wp-content\/uploads\/2025\/01\/legacy-1024x528.jpg",715,369,true],"1536x1536":["https:\/\/velipost.com\/wp-content\/uploads\/2025\/01\/legacy.jpg",1170,603,false],"2048x2048":["https:\/\/velipost.com\/wp-content\/uploads\/2025\/01\/legacy.jpg",1170,603,false],"colornews-big-slider":["https:\/\/velipost.com\/wp-content\/uploads\/2025\/01\/legacy-1070x470.jpg",1070,470,true],"colornews-big-slider-thumb":["https:\/\/velipost.com\/wp-content\/uploads\/2025\/01\/legacy-184x109.jpg",184,109,true],"colornews-featured-post-medium":["https:\/\/velipost.com\/wp-content\/uploads\/2025\/01\/legacy-345x265.jpg",345,265,true],"colornews-featured-post-small":["https:\/\/velipost.com\/wp-content\/uploads\/2025\/01\/legacy-115x73.jpg",115,73,true],"colornews-random-posts":["https:\/\/velipost.com\/wp-content\/uploads\/2025\/01\/legacy-215x215.jpg",215,215,true],"colornews-featured-image":["https:\/\/velipost.com\/wp-content\/uploads\/2025\/01\/legacy-715x400.jpg",715,400,true],"mailpoet_newsletter_max":["https:\/\/velipost.com\/wp-content\/uploads\/2025\/01\/legacy.jpg",1170,603,false]},"uagb_author_info":{"display_name":"VeliPost","author_link":"https:\/\/velipost.com\/?author=1"},"uagb_comment_info":3,"uagb_excerpt":"Le&nbsp;26 janvier 2025, la ville de&nbsp;Carrefour&nbsp;vivra un moment historique avec la c\u00e9r\u00e9monie de la toute premi\u00e8re \u00e9dition du&nbsp;\u201cLEGACY LEADERSHIP AWARD\u201d. Cet \u00e9v\u00e9nement marquera un","_links":{"self":[{"href":"https:\/\/velipost.com\/index.php?rest_route=\/wp\/v2\/posts\/2915","targetHints":{"allow":["GET"]}}],"collection":[{"href":"https:\/\/velipost.com\/index.php?rest_route=\/wp\/v2\/posts"}],"about":[{"href":"https:\/\/velipost.com\/index.php?rest_route=\/wp\/v2\/types\/post"}],"author":[{"embeddable":true,"href":"https:\/\/velipost.com\/index.php?rest_route=\/wp\/v2\/users\/1"}],"replies":[{"embeddable":true,"href":"https:\/\/velipost.com\/index.php?rest_route=%2Fwp%2Fv2%2Fcomments&post=2915"}],"version-history":[{"count":2,"href":"https:\/\/velipost.com\/index.php?rest_route=\/wp\/v2\/posts\/2915\/revisions"}],"predecessor-version":[{"id":2922,"href":"https:\/\/velipost.com\/index.php?rest_route=\/wp\/v2\/posts\/2915\/revisions\/2922"}],"wp:featuredmedia":[{"embeddable":true,"href":"https:\/\/velipost.com\/index.php?rest_route=\/wp\/v2\/media\/2921"}],"wp:attachment":[{"href":"https:\/\/velipost.com\/index.php?rest_route=%2Fwp%2Fv2%2Fmedia&parent=2915"}],"wp:term":[{"taxonomy":"category","embeddable":true,"href":"https:\/\/velipost.com\/index.php?rest_route=%2Fwp%2Fv2%2Fcategories&post=2915"},{"taxonomy":"post_tag","embeddable":true,"href":"https:\/\/velipost.com\/index.php?rest_route=%2Fwp%2Fv2%2Ftags&post=2915"}],"curies":[{"name":"wp","href":"https:\/\/api.w.org\/{rel}","templated":true}]}}