{"id":2902,"date":"2025-01-08T03:58:30","date_gmt":"2025-01-08T02:58:30","guid":{"rendered":"https:\/\/velipost.com\/?p=2902"},"modified":"2025-01-08T03:58:32","modified_gmt":"2025-01-08T02:58:32","slug":"reunion-strategique-du-pncs-au-cap-haitien-pour-renforcer-les-cantines-scolaires","status":"publish","type":"post","link":"https:\/\/velipost.com\/?p=2902","title":{"rendered":"R\u00e9union strat\u00e9gique du PNCS au Cap-Ha\u00eftien\u00a0pour renforcer les cantines scolaires"},"content":{"rendered":"\n<p>Ce mardi 7 janvier 2025, le Coordonnateur g\u00e9n\u00e9ral du Programme National de Cantines Scolaires (PNCS), Me Kevenot Dorvil, a pr\u00e9sid\u00e9 une r\u00e9union de travail de haut niveau \u00e0 l\u2019Hostellerie du Roi Henri, au Cap-Ha\u00eftien. Cette rencontre a r\u00e9uni les principaux partenaires du PNCS, tels que le PAM, la BND et AMURT, actifs dans les r\u00e9gions du Nord et du Nord-Est d\u2019Ha\u00efti.<\/p>\n\n\n\n<p>L\u2019objectif principal de cette s\u00e9ance \u00e9tait de pr\u00e9senter les nouveaux directeurs d\u00e9partementaux du PNCS aux partenaires, tout en \u00e9valuant les succ\u00e8s et les d\u00e9fis rencontr\u00e9s dans le cadre du programme de cantines scolaires. Cette analyse conjointe a permis de cerner les points forts et les contraintes, afin de proposer des solutions concr\u00e8tes pour am\u00e9liorer la gestion des cantines scolaires dans les \u00e9coles ha\u00eftiennes.<\/p>\n\n\n\n<p>Me Kevenot Dorvil a propos\u00e9 un programme pilote intitul\u00e9 \u00ab Yon jou lek\u00f2l, yon jou kantin \u00bb, destin\u00e9 \u00e0 certaines communes de la r\u00e9gion. Ce programme vise \u00e0 instaurer une meilleure organisation et \u00e0 renforcer l\u2019impact des cantines scolaires. Il a \u00e9galement sugg\u00e9r\u00e9 la mise en place d\u2019une rencontre r\u00e9gionale semestrielle, r\u00e9unissant tous les acteurs impliqu\u00e9s dans la gestion des cantines scolaires, afin de partager les meilleures pratiques et d\u2019ajuster les strat\u00e9gies en fonction des besoins sp\u00e9cifiques des \u00e9coles.<\/p>\n\n\n\n<p>Cette initiative s\u2019inscrit dans un cadre plus large d\u2019am\u00e9lioration de la qualit\u00e9 de l\u2019\u00e9ducation et de la s\u00e9curit\u00e9 alimentaire pour les \u00e9l\u00e8ves, avec une vision de collaboration renforc\u00e9e entre les partenaires du programme pour un impact plus durable.<\/p>\n\n    <div class=\"xs_social_share_widget xs_share_url after_content \t\tmain_content  wslu-style-3 wslu-share-box-shaped wslu-fill-brand-hover-colored wslu-share-m-5 wslu-none wslu-share-horizontal wslu-theme-font-no wslu-main_content\">\n\n\t\t\n        <ul>\n\t\t\t                    <li class=\"xs-share-li twitter                        wslu-no-extra-data\">\n                        <a href=\"javascript:void(0);\"\n                           id=\"xs_feed_twitter\"\n                           onclick=\"xs_social_sharer(this);\"\n                           data-pid=\"2902\"\n                           data-uri_hash=\"20ce0c03c4c6db08c3e37ed7e2a43029\"\n                           data-key=\"twitter\"\n                           data-xs-href=\"https:\/\/twitter.com\/intent\/tweet?text=R%C3%A9union+strat%C3%A9gique+du+PNCS+au+Cap-Ha%C3%AFtien%C2%A0pour+renforcer+les+cantines+scolaires+https%3A%2F%2Fvelipost.com%2Findex.php%3Frest_route%3D%252Fwp%252Fv2%252Fposts%252F2902&amp;original_referer=https%3A%2F%2Fvelipost.com%2Findex.php%3Frest_route%3D%252Fwp%252Fv2%252Fposts%252F2902&amp;related=xpeedstudio\">\n\n                            <div class=\"xs-social-icon\">\n                                <span class=\"met-social met-social-twitter\"><\/span>\n                            <\/div>\n\n\t\t\t\t\t\t\t\n                            <div class=\"wslu-hover-content\">\n                                <div class=\"xs-social-followers\">\n\t\t\t\t\t\t\t\t\t10                                <\/div>\n                                <div class=\"xs-social-follower-text\">\n\t\t\t\t\t\t\t\t\tShare                                <\/div>\n                                <div class=\"xs-social-follower-label\">\n\t\t\t\t\t\t\t\t\tTwitter                                <\/div>\n                            <\/div>\n                        <\/a>\n                    <\/li>\n\t\t\t\t\t                    <li class=\"xs-share-li telegram                        wslu-no-extra-data\">\n                        <a href=\"javascript:void(0);\"\n                           id=\"xs_feed_telegram\"\n                           onclick=\"xs_social_sharer(this);\"\n                           data-pid=\"2902\"\n                           data-uri_hash=\"20ce0c03c4c6db08c3e37ed7e2a43029\"\n                           data-key=\"telegram\"\n                           data-xs-href=\"https:\/\/telegram.me\/share\/url?url=https%3A%2F%2Fvelipost.com%2Findex.php%3Frest_route%3D%252Fwp%252Fv2%252Fposts%252F2902&amp;text=R%C3%A9union+strat%C3%A9gique+du+PNCS+au+Cap-Ha%C3%AFtien%C2%A0pour+renforcer+les+cantines+scolaires\">\n\n                            <div class=\"xs-social-icon\">\n                                <span class=\"met-social met-social-telegram\"><\/span>\n                            <\/div>\n\n\t\t\t\t\t\t\t\n                            <div class=\"wslu-hover-content\">\n                                <div class=\"xs-social-followers\">\n\t\t\t\t\t\t\t\t\t0                                <\/div>\n                                <div class=\"xs-social-follower-text\">\n\t\t\t\t\t\t\t\t\tShare                                <\/div>\n                                <div class=\"xs-social-follower-label\">\n\t\t\t\t\t\t\t\t\tTelegram                                <\/div>\n                            <\/div>\n                        <\/a>\n                    <\/li>\n\t\t\t\t\t                    <li class=\"xs-share-li email                        wslu-no-extra-data\">\n                        <a href=\"javascript:void(0);\"\n                           id=\"xs_feed_email\"\n                           onclick=\"xs_social_sharer(this);\"\n                           data-pid=\"2902\"\n                           data-uri_hash=\"20ce0c03c4c6db08c3e37ed7e2a43029\"\n                           data-key=\"email\"\n                           data-xs-href=\"mailto:?body=Title%3A+R%C3%A9union+strat%C3%A9gique+du+PNCS+au+Cap-Ha%C3%AFtien%C2%A0pour+renforcer+les+cantines+scolaires+%5Cn%5Cn+URL%3A+https%3A%2F%2Fvelipost.com%2Findex.php%3Frest_route%3D%252Fwp%252Fv2%252Fposts%252F2902&amp;subject=R%C3%A9union+strat%C3%A9gique+du+PNCS+au+Cap-Ha%C3%AFtien%C2%A0pour+renforcer+les+cantines+scolaires\">\n\n                            <div class=\"xs-social-icon\">\n                                <span class=\"met-social met-social-email\"><\/span>\n                            <\/div>\n\n\t\t\t\t\t\t\t\n                            <div class=\"wslu-hover-content\">\n                                <div class=\"xs-social-followers\">\n\t\t\t\t\t\t\t\t\t0                                <\/div>\n                                <div class=\"xs-social-follower-text\">\n\t\t\t\t\t\t\t\t\tShare                                <\/div>\n                                <div class=\"xs-social-follower-label\">\n\t\t\t\t\t\t\t\t\tEmail                                <\/div>\n                            <\/div>\n                        <\/a>\n                    <\/li>\n\t\t\t\t\t        <\/ul>\n    <\/div> \n","protected":false},"excerpt":{"rendered":"<p>Ce mardi 7 janvier 2025, le Coordonnateur g\u00e9n\u00e9ral du Programme National de Cantines Scolaires (PNCS), Me Kevenot Dorvil, a pr\u00e9sid\u00e9 une r\u00e9union de travail<\/p>\n","protected":false},"author":1,"featured_media":2903,"comment_status":"open","ping_status":"open","sticky":false,"template":"","format":"standard","meta":{"_uag_custom_page_level_css":"","footnotes":"","jetpack_publicize_message":"","jetpack_publicize_feature_enabled":true,"jetpack_social_post_already_shared":false,"jetpack_social_options":{"image_generator_settings":{"template":"highway","default_image_id":0,"font":"","enabled":false},"version":2}},"categories":[94],"tags":[],"class_list":["post-2902","post","type-post","status-publish","format-standard","has-post-thumbnail","hentry","category-a-la-une"],"yoast_head":"<!-- This site is optimized with the Yoast SEO plugin v25.3.1 - https:\/\/yoast.com\/wordpress\/plugins\/seo\/ -->\n<title>R\u00e9union strat\u00e9gique du PNCS au Cap-Ha\u00eftien\u00a0pour renforcer les cantines scolaires &#8211; VeliPost<\/title>\n<meta name=\"robots\" content=\"index, follow, max-snippet:-1, max-image-preview:large, max-video-preview:-1\" \/>\n<link rel=\"canonical\" href=\"https:\/\/velipost.com\/?p=2902\" \/>\n<meta property=\"og:locale\" content=\"fr_FR\" \/>\n<meta property=\"og:type\" content=\"article\" \/>\n<meta property=\"og:title\" content=\"R\u00e9union strat\u00e9gique du PNCS au Cap-Ha\u00eftien\u00a0pour renforcer les cantines scolaires &#8211; VeliPost\" \/>\n<meta property=\"og:description\" content=\"Ce mardi 7 janvier 2025, le Coordonnateur g\u00e9n\u00e9ral du Programme National de Cantines Scolaires (PNCS), Me Kevenot Dorvil, a pr\u00e9sid\u00e9 une r\u00e9union de travail\" \/>\n<meta property=\"og:url\" content=\"https:\/\/velipost.com\/?p=2902\" \/>\n<meta property=\"og:site_name\" content=\"VeliPost\" \/>\n<meta property=\"article:publisher\" content=\"https:\/\/www.facebook.com\/veliposthaiti\" \/>\n<meta property=\"article:published_time\" content=\"2025-01-08T02:58:30+00:00\" \/>\n<meta property=\"article:modified_time\" content=\"2025-01-08T02:58:32+00:00\" \/>\n<meta property=\"og:image\" content=\"https:\/\/velipost.com\/wp-content\/uploads\/2025\/01\/PNCS.jpg\" \/>\n\t<meta property=\"og:image:width\" content=\"1170\" \/>\n\t<meta property=\"og:image:height\" content=\"603\" \/>\n\t<meta property=\"og:image:type\" content=\"image\/jpeg\" \/>\n<meta name=\"author\" content=\"VeliPost\" \/>\n<meta name=\"twitter:card\" content=\"summary_large_image\" \/>\n<meta name=\"twitter:creator\" content=\"@veliposthaiti\" \/>\n<meta name=\"twitter:site\" content=\"@veliposthaiti\" \/>\n<meta name=\"twitter:label1\" content=\"\u00c9crit par\" \/>\n\t<meta name=\"twitter:data1\" content=\"VeliPost\" \/>\n\t<meta name=\"twitter:label2\" content=\"Dur\u00e9e de lecture estim\u00e9e\" \/>\n\t<meta name=\"twitter:data2\" content=\"2 minutes\" \/>\n<script type=\"application\/ld+json\" class=\"yoast-schema-graph\">{\"@context\":\"https:\/\/schema.org\",\"@graph\":[{\"@type\":\"Article\",\"@id\":\"https:\/\/velipost.com\/?p=2902#article\",\"isPartOf\":{\"@id\":\"https:\/\/velipost.com\/?p=2902\"},\"author\":{\"name\":\"VeliPost\",\"@id\":\"https:\/\/velipost.com\/#\/schema\/person\/32ff49a53c9c1bb24302ee8ece058096\"},\"headline\":\"R\u00e9union strat\u00e9gique du PNCS au Cap-Ha\u00eftien\u00a0pour renforcer les cantines scolaires\",\"datePublished\":\"2025-01-08T02:58:30+00:00\",\"dateModified\":\"2025-01-08T02:58:32+00:00\",\"mainEntityOfPage\":{\"@id\":\"https:\/\/velipost.com\/?p=2902\"},\"wordCount\":285,\"commentCount\":0,\"publisher\":{\"@id\":\"https:\/\/velipost.com\/#organization\"},\"image\":{\"@id\":\"https:\/\/velipost.com\/?p=2902#primaryimage\"},\"thumbnailUrl\":\"https:\/\/velipost.com\/wp-content\/uploads\/2025\/01\/PNCS.jpg\",\"articleSection\":[\"A la Une\"],\"inLanguage\":\"fr-FR\",\"potentialAction\":[{\"@type\":\"CommentAction\",\"name\":\"Comment\",\"target\":[\"https:\/\/velipost.com\/?p=2902#respond\"]}]},{\"@type\":\"WebPage\",\"@id\":\"https:\/\/velipost.com\/?p=2902\",\"url\":\"https:\/\/velipost.com\/?p=2902\",\"name\":\"R\u00e9union strat\u00e9gique du PNCS au Cap-Ha\u00eftien\u00a0pour renforcer les cantines scolaires &#8211; VeliPost\",\"isPartOf\":{\"@id\":\"https:\/\/velipost.com\/#website\"},\"primaryImageOfPage\":{\"@id\":\"https:\/\/velipost.com\/?p=2902#primaryimage\"},\"image\":{\"@id\":\"https:\/\/velipost.com\/?p=2902#primaryimage\"},\"thumbnailUrl\":\"https:\/\/velipost.com\/wp-content\/uploads\/2025\/01\/PNCS.jpg\",\"datePublished\":\"2025-01-08T02:58:30+00:00\",\"dateModified\":\"2025-01-08T02:58:32+00:00\",\"breadcrumb\":{\"@id\":\"https:\/\/velipost.com\/?p=2902#breadcrumb\"},\"inLanguage\":\"fr-FR\",\"potentialAction\":[{\"@type\":\"ReadAction\",\"target\":[\"https:\/\/velipost.com\/?p=2902\"]}]},{\"@type\":\"ImageObject\",\"inLanguage\":\"fr-FR\",\"@id\":\"https:\/\/velipost.com\/?p=2902#primaryimage\",\"url\":\"https:\/\/velipost.com\/wp-content\/uploads\/2025\/01\/PNCS.jpg\",\"contentUrl\":\"https:\/\/velipost.com\/wp-content\/uploads\/2025\/01\/PNCS.jpg\",\"width\":1170,\"height\":603},{\"@type\":\"BreadcrumbList\",\"@id\":\"https:\/\/velipost.com\/?p=2902#breadcrumb\",\"itemListElement\":[{\"@type\":\"ListItem\",\"position\":1,\"name\":\"Accueil\",\"item\":\"https:\/\/velipost.com\/\"},{\"@type\":\"ListItem\",\"position\":2,\"name\":\"R\u00e9union strat\u00e9gique du PNCS au Cap-Ha\u00eftien\u00a0pour renforcer les cantines scolaires\"}]},{\"@type\":\"WebSite\",\"@id\":\"https:\/\/velipost.com\/#website\",\"url\":\"https:\/\/velipost.com\/\",\"name\":\"VeliPost\",\"description\":\"L\u2019info en un clic\",\"publisher\":{\"@id\":\"https:\/\/velipost.com\/#organization\"},\"potentialAction\":[{\"@type\":\"SearchAction\",\"target\":{\"@type\":\"EntryPoint\",\"urlTemplate\":\"https:\/\/velipost.com\/?s={search_term_string}\"},\"query-input\":{\"@type\":\"PropertyValueSpecification\",\"valueRequired\":true,\"valueName\":\"search_term_string\"}}],\"inLanguage\":\"fr-FR\"},{\"@type\":\"Organization\",\"@id\":\"https:\/\/velipost.com\/#organization\",\"name\":\"VeliPost\",\"url\":\"https:\/\/velipost.com\/\",\"logo\":{\"@type\":\"ImageObject\",\"inLanguage\":\"fr-FR\",\"@id\":\"https:\/\/velipost.com\/#\/schema\/logo\/image\/\",\"url\":\"https:\/\/velipost.com\/wp-content\/uploads\/2024\/08\/cropped-VP-logo-piti.png\",\"contentUrl\":\"https:\/\/velipost.com\/wp-content\/uploads\/2024\/08\/cropped-VP-logo-piti.png\",\"width\":201,\"height\":69,\"caption\":\"VeliPost\"},\"image\":{\"@id\":\"https:\/\/velipost.com\/#\/schema\/logo\/image\/\"},\"sameAs\":[\"https:\/\/www.facebook.com\/veliposthaiti\",\"https:\/\/x.com\/veliposthaiti\",\"https:\/\/www.instagram.com\/veliposthaiti\"]},{\"@type\":\"Person\",\"@id\":\"https:\/\/velipost.com\/#\/schema\/person\/32ff49a53c9c1bb24302ee8ece058096\",\"name\":\"VeliPost\",\"image\":{\"@type\":\"ImageObject\",\"inLanguage\":\"fr-FR\",\"@id\":\"https:\/\/velipost.com\/#\/schema\/person\/image\/\",\"url\":\"https:\/\/secure.gravatar.com\/avatar\/57c226c264de62f794185a89596d4a37b85a5ad20aca30d9d5a478b27d8c8d9d?s=96&d=mm&r=g\",\"contentUrl\":\"https:\/\/secure.gravatar.com\/avatar\/57c226c264de62f794185a89596d4a37b85a5ad20aca30d9d5a478b27d8c8d9d?s=96&d=mm&r=g\",\"caption\":\"VeliPost\"},\"sameAs\":[\"https:\/\/velipost.com\"],\"url\":\"https:\/\/velipost.com\/?author=1\"}]}<\/script>\n<!-- \/ Yoast SEO plugin. -->","yoast_head_json":{"title":"R\u00e9union strat\u00e9gique du PNCS au Cap-Ha\u00eftien\u00a0pour renforcer les cantines scolaires &#8211; VeliPost","robots":{"index":"index","follow":"follow","max-snippet":"max-snippet:-1","max-image-preview":"max-image-preview:large","max-video-preview":"max-video-preview:-1"},"canonical":"https:\/\/velipost.com\/?p=2902","og_locale":"fr_FR","og_type":"article","og_title":"R\u00e9union strat\u00e9gique du PNCS au Cap-Ha\u00eftien\u00a0pour renforcer les cantines scolaires &#8211; VeliPost","og_description":"Ce mardi 7 janvier 2025, le Coordonnateur g\u00e9n\u00e9ral du Programme National de Cantines Scolaires (PNCS), Me Kevenot Dorvil, a pr\u00e9sid\u00e9 une r\u00e9union de travail","og_url":"https:\/\/velipost.com\/?p=2902","og_site_name":"VeliPost","article_publisher":"https:\/\/www.facebook.com\/veliposthaiti","article_published_time":"2025-01-08T02:58:30+00:00","article_modified_time":"2025-01-08T02:58:32+00:00","og_image":[{"width":1170,"height":603,"url":"https:\/\/velipost.com\/wp-content\/uploads\/2025\/01\/PNCS.jpg","type":"image\/jpeg"}],"author":"VeliPost","twitter_card":"summary_large_image","twitter_creator":"@veliposthaiti","twitter_site":"@veliposthaiti","twitter_misc":{"\u00c9crit par":"VeliPost","Dur\u00e9e de lecture estim\u00e9e":"2 minutes"},"schema":{"@context":"https:\/\/schema.org","@graph":[{"@type":"Article","@id":"https:\/\/velipost.com\/?p=2902#article","isPartOf":{"@id":"https:\/\/velipost.com\/?p=2902"},"author":{"name":"VeliPost","@id":"https:\/\/velipost.com\/#\/schema\/person\/32ff49a53c9c1bb24302ee8ece058096"},"headline":"R\u00e9union strat\u00e9gique du PNCS au Cap-Ha\u00eftien\u00a0pour renforcer les cantines scolaires","datePublished":"2025-01-08T02:58:30+00:00","dateModified":"2025-01-08T02:58:32+00:00","mainEntityOfPage":{"@id":"https:\/\/velipost.com\/?p=2902"},"wordCount":285,"commentCount":0,"publisher":{"@id":"https:\/\/velipost.com\/#organization"},"image":{"@id":"https:\/\/velipost.com\/?p=2902#primaryimage"},"thumbnailUrl":"https:\/\/velipost.com\/wp-content\/uploads\/2025\/01\/PNCS.jpg","articleSection":["A la Une"],"inLanguage":"fr-FR","potentialAction":[{"@type":"CommentAction","name":"Comment","target":["https:\/\/velipost.com\/?p=2902#respond"]}]},{"@type":"WebPage","@id":"https:\/\/velipost.com\/?p=2902","url":"https:\/\/velipost.com\/?p=2902","name":"R\u00e9union strat\u00e9gique du PNCS au Cap-Ha\u00eftien\u00a0pour renforcer les cantines scolaires &#8211; VeliPost","isPartOf":{"@id":"https:\/\/velipost.com\/#website"},"primaryImageOfPage":{"@id":"https:\/\/velipost.com\/?p=2902#primaryimage"},"image":{"@id":"https:\/\/velipost.com\/?p=2902#primaryimage"},"thumbnailUrl":"https:\/\/velipost.com\/wp-content\/uploads\/2025\/01\/PNCS.jpg","datePublished":"2025-01-08T02:58:30+00:00","dateModified":"2025-01-08T02:58:32+00:00","breadcrumb":{"@id":"https:\/\/velipost.com\/?p=2902#breadcrumb"},"inLanguage":"fr-FR","potentialAction":[{"@type":"ReadAction","target":["https:\/\/velipost.com\/?p=2902"]}]},{"@type":"ImageObject","inLanguage":"fr-FR","@id":"https:\/\/velipost.com\/?p=2902#primaryimage","url":"https:\/\/velipost.com\/wp-content\/uploads\/2025\/01\/PNCS.jpg","contentUrl":"https:\/\/velipost.com\/wp-content\/uploads\/2025\/01\/PNCS.jpg","width":1170,"height":603},{"@type":"BreadcrumbList","@id":"https:\/\/velipost.com\/?p=2902#breadcrumb","itemListElement":[{"@type":"ListItem","position":1,"name":"Accueil","item":"https:\/\/velipost.com\/"},{"@type":"ListItem","position":2,"name":"R\u00e9union strat\u00e9gique du PNCS au Cap-Ha\u00eftien\u00a0pour renforcer les cantines scolaires"}]},{"@type":"WebSite","@id":"https:\/\/velipost.com\/#website","url":"https:\/\/velipost.com\/","name":"VeliPost","description":"L\u2019info en un clic","publisher":{"@id":"https:\/\/velipost.com\/#organization"},"potentialAction":[{"@type":"SearchAction","target":{"@type":"EntryPoint","urlTemplate":"https:\/\/velipost.com\/?s={search_term_string}"},"query-input":{"@type":"PropertyValueSpecification","valueRequired":true,"valueName":"search_term_string"}}],"inLanguage":"fr-FR"},{"@type":"Organization","@id":"https:\/\/velipost.com\/#organization","name":"VeliPost","url":"https:\/\/velipost.com\/","logo":{"@type":"ImageObject","inLanguage":"fr-FR","@id":"https:\/\/velipost.com\/#\/schema\/logo\/image\/","url":"https:\/\/velipost.com\/wp-content\/uploads\/2024\/08\/cropped-VP-logo-piti.png","contentUrl":"https:\/\/velipost.com\/wp-content\/uploads\/2024\/08\/cropped-VP-logo-piti.png","width":201,"height":69,"caption":"VeliPost"},"image":{"@id":"https:\/\/velipost.com\/#\/schema\/logo\/image\/"},"sameAs":["https:\/\/www.facebook.com\/veliposthaiti","https:\/\/x.com\/veliposthaiti","https:\/\/www.instagram.com\/veliposthaiti"]},{"@type":"Person","@id":"https:\/\/velipost.com\/#\/schema\/person\/32ff49a53c9c1bb24302ee8ece058096","name":"VeliPost","image":{"@type":"ImageObject","inLanguage":"fr-FR","@id":"https:\/\/velipost.com\/#\/schema\/person\/image\/","url":"https:\/\/secure.gravatar.com\/avatar\/57c226c264de62f794185a89596d4a37b85a5ad20aca30d9d5a478b27d8c8d9d?s=96&d=mm&r=g","contentUrl":"https:\/\/secure.gravatar.com\/avatar\/57c226c264de62f794185a89596d4a37b85a5ad20aca30d9d5a478b27d8c8d9d?s=96&d=mm&r=g","caption":"VeliPost"},"sameAs":["https:\/\/velipost.com"],"url":"https:\/\/velipost.com\/?author=1"}]}},"views":1,"jetpack_publicize_connections":[],"uagb_featured_image_src":{"full":["https:\/\/velipost.com\/wp-content\/uploads\/2025\/01\/PNCS.jpg",1170,603,false],"thumbnail":["https:\/\/velipost.com\/wp-content\/uploads\/2025\/01\/PNCS-150x150.jpg",150,150,true],"medium":["https:\/\/velipost.com\/wp-content\/uploads\/2025\/01\/PNCS-300x155.jpg",300,155,true],"medium_large":["https:\/\/velipost.com\/wp-content\/uploads\/2025\/01\/PNCS-768x396.jpg",715,369,true],"large":["https:\/\/velipost.com\/wp-content\/uploads\/2025\/01\/PNCS-1024x528.jpg",715,369,true],"1536x1536":["https:\/\/velipost.com\/wp-content\/uploads\/2025\/01\/PNCS.jpg",1170,603,false],"2048x2048":["https:\/\/velipost.com\/wp-content\/uploads\/2025\/01\/PNCS.jpg",1170,603,false],"colornews-big-slider":["https:\/\/velipost.com\/wp-content\/uploads\/2025\/01\/PNCS-1070x470.jpg",1070,470,true],"colornews-big-slider-thumb":["https:\/\/velipost.com\/wp-content\/uploads\/2025\/01\/PNCS-184x109.jpg",184,109,true],"colornews-featured-post-medium":["https:\/\/velipost.com\/wp-content\/uploads\/2025\/01\/PNCS-345x265.jpg",345,265,true],"colornews-featured-post-small":["https:\/\/velipost.com\/wp-content\/uploads\/2025\/01\/PNCS-115x73.jpg",115,73,true],"colornews-random-posts":["https:\/\/velipost.com\/wp-content\/uploads\/2025\/01\/PNCS-215x215.jpg",215,215,true],"colornews-featured-image":["https:\/\/velipost.com\/wp-content\/uploads\/2025\/01\/PNCS-715x400.jpg",715,400,true],"mailpoet_newsletter_max":["https:\/\/velipost.com\/wp-content\/uploads\/2025\/01\/PNCS.jpg",1170,603,false]},"uagb_author_info":{"display_name":"VeliPost","author_link":"https:\/\/velipost.com\/?author=1"},"uagb_comment_info":0,"uagb_excerpt":"Ce mardi 7 janvier 2025, le Coordonnateur g\u00e9n\u00e9ral du Programme National de Cantines Scolaires (PNCS), Me Kevenot Dorvil, a pr\u00e9sid\u00e9 une r\u00e9union de travail","_links":{"self":[{"href":"https:\/\/velipost.com\/index.php?rest_route=\/wp\/v2\/posts\/2902","targetHints":{"allow":["GET"]}}],"collection":[{"href":"https:\/\/velipost.com\/index.php?rest_route=\/wp\/v2\/posts"}],"about":[{"href":"https:\/\/velipost.com\/index.php?rest_route=\/wp\/v2\/types\/post"}],"author":[{"embeddable":true,"href":"https:\/\/velipost.com\/index.php?rest_route=\/wp\/v2\/users\/1"}],"replies":[{"embeddable":true,"href":"https:\/\/velipost.com\/index.php?rest_route=%2Fwp%2Fv2%2Fcomments&post=2902"}],"version-history":[{"count":1,"href":"https:\/\/velipost.com\/index.php?rest_route=\/wp\/v2\/posts\/2902\/revisions"}],"predecessor-version":[{"id":2904,"href":"https:\/\/velipost.com\/index.php?rest_route=\/wp\/v2\/posts\/2902\/revisions\/2904"}],"wp:featuredmedia":[{"embeddable":true,"href":"https:\/\/velipost.com\/index.php?rest_route=\/wp\/v2\/media\/2903"}],"wp:attachment":[{"href":"https:\/\/velipost.com\/index.php?rest_route=%2Fwp%2Fv2%2Fmedia&parent=2902"}],"wp:term":[{"taxonomy":"category","embeddable":true,"href":"https:\/\/velipost.com\/index.php?rest_route=%2Fwp%2Fv2%2Fcategories&post=2902"},{"taxonomy":"post_tag","embeddable":true,"href":"https:\/\/velipost.com\/index.php?rest_route=%2Fwp%2Fv2%2Ftags&post=2902"}],"curies":[{"name":"wp","href":"https:\/\/api.w.org\/{rel}","templated":true}]}}