{"id":2844,"date":"2024-12-26T00:41:05","date_gmt":"2024-12-25T23:41:05","guid":{"rendered":"https:\/\/velipost.com\/?p=2844"},"modified":"2024-12-26T01:49:44","modified_gmt":"2024-12-26T00:49:44","slug":"haiti-le-cmel-condamne-fermement-lattaque-meurtriere-contre-des-journalistes-a-lhopital-general","status":"publish","type":"post","link":"https:\/\/velipost.com\/?p=2844","title":{"rendered":"Ha\u00efti : Le CMEL condamne fermement l\u2019attaque meurtri\u00e8re contre des journalistes \u00e0 l\u2019H\u00f4pital G\u00e9n\u00e9ral"},"content":{"rendered":"\n<p>Port-au-Prince, le 24 d\u00e9cembre 2024 \u2014 Une attaque sanglante perp\u00e9tr\u00e9e par la coalition de gangs \u00ab Viv Ansanm \u00bb a plong\u00e9 le pays dans l\u2019\u00e9moi, mardi, lors de la r\u00e9ouverture de l\u2019H\u00f4pital de l\u2019Universit\u00e9 d\u2019Etat d\u2019Ha\u00efti. Cet acte ignoble a co\u00fbt\u00e9 la vie \u00e0 deux journalistes et \u00e0 un policier, tandis que plusieurs autres membres de la presse ont \u00e9t\u00e9 bless\u00e9s, certains gri\u00e8vement.<\/p>\n\n\n\n<p>Face \u00e0 ce drame, le Collectif des M\u00e9dias en Ligne (CMEL) a exprim\u00e9 son indignation \u00e0 travers un communiqu\u00e9 de presse, d\u00e9non\u00e7ant avec vigueur cet acte de terrorisme et l\u2019inaction des autorit\u00e9s en mati\u00e8re de s\u00e9curit\u00e9.<\/p>\n\n\n\n<p>Parmi les victimes, deux journalistes ha\u00eftiens ont perdu la vie selon le communiqu\u00e9 du CMEL :<\/p>\n\n\n\n<p>\u2022 <strong>Markenzy Nathoux<\/strong>, affili\u00e9 \u00e0 VOA Cr\u00e9ole et Boston Caribbean Network. <strong>Jimmy Jean<\/strong>, journaliste pour \u00ab Moun Af\u00e8 Bon TV \u00bb. Leurs noms viennent s\u2019ajouter \u00e0 une liste d\u00e9j\u00e0 longue de professionnels de la presse tomb\u00e9s dans l\u2019exercice de leur m\u00e9tier.<\/p>\n\n\n\n<p>Les bless\u00e9s incluent : <strong>R\u00e9ginald Balthazar<\/strong>\u00a0(Tanbou Verit\u00e9), touch\u00e9 au thorax. <strong>Jocelyn Justin<\/strong>\u00a0(Chand\u00e8l Info), dont la m\u00e2choire inf\u00e9rieure a \u00e9t\u00e9 arrach\u00e9e. <strong>Florise Desronvil<\/strong>\u00a0(R\u00e9alit\u00e9 TV), bless\u00e9e \u00e0 la fesse gauche. <strong>V\u00e9londy Miracle<\/strong>\u00a0(Nouv\u00e8l 509), atteinte au cou.<\/p>\n\n\n\n<p>Le CMEL a point\u00e9 du doigt la n\u00e9gligence flagrante des autorit\u00e9s, en particulier du Minist\u00e8re de la Sant\u00e9 Publique et de la Population (MSPP), qui avait invit\u00e9 les m\u00e9dias \u00e0 couvrir la r\u00e9ouverture de l\u2019h\u00f4pital sans aucune mesure de s\u00e9curit\u00e9, alors que la menace des gangs \u00e9tait bien connue.<\/p>\n\n\n\n<p>\u00ab Ce massacre est inacceptable. Les journalistes ne devraient pas risquer leur vie simplement pour faire leur travail \u00bb, a d\u00e9clar\u00e9 le CMEL dans son communiqu\u00e9.<\/p>\n\n\n\n<p>Pour r\u00e9pondre \u00e0 cette trag\u00e9die, le CMEL exige :<\/p>\n\n\n\n<p>1. Une prise en charge compl\u00e8te des frais m\u00e9dicaux pour les journalistes bless\u00e9s.<\/p>\n\n\n\n<p>2. L\u2019organisation des fun\u00e9railles des d\u00e9funts, avec un soutien financier aux familles endeuill\u00e9es.<\/p>\n\n\n\n<p>3. Une enqu\u00eate ind\u00e9pendante et des sanctions exemplaires contre ceux qui ont failli \u00e0 leur devoir de protection.<\/p>\n\n\n\n<p>En s\u2019appuyant sur le Principe 9 de la D\u00e9claration de Principes sur la Libert\u00e9 d\u2019Expression de la CIDH, le CMEL a rappel\u00e9 que les violences contre les journalistes entravent le droit \u00e0 l\u2019information et installent un climat de peur.<\/p>\n\n\n\n<p>Le collectif appelle \u00e0 une mobilisation g\u00e9n\u00e9rale pour d\u00e9fendre la libert\u00e9 de la presse en Ha\u00efti et prot\u00e9ger les professionnels de l\u2019information.<\/p>\n\n\n\n<p>Cet incident met en lumi\u00e8re l\u2019escalade de la violence en Ha\u00efti, o\u00f9 les journalistes, garants de la v\u00e9rit\u00e9, deviennent des cibles. \u00ab Ce massacre ne doit pas rester impuni \u00bb, conclut le communiqu\u00e9 du CMEL, exhortant les autorit\u00e9s et la soci\u00e9t\u00e9 civile \u00e0 agir avec fermet\u00e9.<\/p>\n\n    <div class=\"xs_social_share_widget xs_share_url after_content \t\tmain_content  wslu-style-3 wslu-share-box-shaped wslu-fill-brand-hover-colored wslu-share-m-5 wslu-none wslu-share-horizontal wslu-theme-font-no wslu-main_content\">\n\n\t\t\n        <ul>\n\t\t\t                    <li class=\"xs-share-li twitter                        wslu-no-extra-data\">\n                        <a href=\"javascript:void(0);\"\n                           id=\"xs_feed_twitter\"\n                           onclick=\"xs_social_sharer(this);\"\n                           data-pid=\"2844\"\n                           data-uri_hash=\"3ba2097f23ef23b7197597d35cbec6ca\"\n                           data-key=\"twitter\"\n                           data-xs-href=\"https:\/\/twitter.com\/intent\/tweet?text=Ha%C3%AFti+%3A+Le+CMEL+condamne+fermement+l%E2%80%99attaque+meurtri%C3%A8re+contre+des+journalistes+%C3%A0+l%E2%80%99H%C3%B4pital+G%C3%A9n%C3%A9ral+https%3A%2F%2Fvelipost.com%2Findex.php%3Frest_route%3D%252Fwp%252Fv2%252Fposts%252F2844&amp;original_referer=https%3A%2F%2Fvelipost.com%2Findex.php%3Frest_route%3D%252Fwp%252Fv2%252Fposts%252F2844&amp;related=xpeedstudio\">\n\n                            <div class=\"xs-social-icon\">\n                                <span class=\"met-social met-social-twitter\"><\/span>\n                            <\/div>\n\n\t\t\t\t\t\t\t\n                            <div class=\"wslu-hover-content\">\n                                <div class=\"xs-social-followers\">\n\t\t\t\t\t\t\t\t\t10                                <\/div>\n                                <div class=\"xs-social-follower-text\">\n\t\t\t\t\t\t\t\t\tShare                                <\/div>\n                                <div class=\"xs-social-follower-label\">\n\t\t\t\t\t\t\t\t\tTwitter                                <\/div>\n                            <\/div>\n                        <\/a>\n                    <\/li>\n\t\t\t\t\t                    <li class=\"xs-share-li telegram                        wslu-no-extra-data\">\n                        <a href=\"javascript:void(0);\"\n                           id=\"xs_feed_telegram\"\n                           onclick=\"xs_social_sharer(this);\"\n                           data-pid=\"2844\"\n                           data-uri_hash=\"3ba2097f23ef23b7197597d35cbec6ca\"\n                           data-key=\"telegram\"\n                           data-xs-href=\"https:\/\/telegram.me\/share\/url?url=https%3A%2F%2Fvelipost.com%2Findex.php%3Frest_route%3D%252Fwp%252Fv2%252Fposts%252F2844&amp;text=Ha%C3%AFti+%3A+Le+CMEL+condamne+fermement+l%E2%80%99attaque+meurtri%C3%A8re+contre+des+journalistes+%C3%A0+l%E2%80%99H%C3%B4pital+G%C3%A9n%C3%A9ral\">\n\n                            <div class=\"xs-social-icon\">\n                                <span class=\"met-social met-social-telegram\"><\/span>\n                            <\/div>\n\n\t\t\t\t\t\t\t\n                            <div class=\"wslu-hover-content\">\n                                <div class=\"xs-social-followers\">\n\t\t\t\t\t\t\t\t\t0                                <\/div>\n                                <div class=\"xs-social-follower-text\">\n\t\t\t\t\t\t\t\t\tShare                                <\/div>\n                                <div class=\"xs-social-follower-label\">\n\t\t\t\t\t\t\t\t\tTelegram                                <\/div>\n                            <\/div>\n                        <\/a>\n                    <\/li>\n\t\t\t\t\t                    <li class=\"xs-share-li email                        wslu-no-extra-data\">\n                        <a href=\"javascript:void(0);\"\n                           id=\"xs_feed_email\"\n                           onclick=\"xs_social_sharer(this);\"\n                           data-pid=\"2844\"\n                           data-uri_hash=\"3ba2097f23ef23b7197597d35cbec6ca\"\n                           data-key=\"email\"\n                           data-xs-href=\"mailto:?body=Title%3A+Ha%C3%AFti+%3A+Le+CMEL+condamne+fermement+l%E2%80%99attaque+meurtri%C3%A8re+contre+des+journalistes+%C3%A0+l%E2%80%99H%C3%B4pital+G%C3%A9n%C3%A9ral+%5Cn%5Cn+URL%3A+https%3A%2F%2Fvelipost.com%2Findex.php%3Frest_route%3D%252Fwp%252Fv2%252Fposts%252F2844&amp;subject=Ha%C3%AFti+%3A+Le+CMEL+condamne+fermement+l%E2%80%99attaque+meurtri%C3%A8re+contre+des+journalistes+%C3%A0+l%E2%80%99H%C3%B4pital+G%C3%A9n%C3%A9ral\">\n\n                            <div class=\"xs-social-icon\">\n                                <span class=\"met-social met-social-email\"><\/span>\n                            <\/div>\n\n\t\t\t\t\t\t\t\n                            <div class=\"wslu-hover-content\">\n                                <div class=\"xs-social-followers\">\n\t\t\t\t\t\t\t\t\t0                                <\/div>\n                                <div class=\"xs-social-follower-text\">\n\t\t\t\t\t\t\t\t\tShare                                <\/div>\n                                <div class=\"xs-social-follower-label\">\n\t\t\t\t\t\t\t\t\tEmail                                <\/div>\n                            <\/div>\n                        <\/a>\n                    <\/li>\n\t\t\t\t\t        <\/ul>\n    <\/div> \n","protected":false},"excerpt":{"rendered":"<p>Port-au-Prince, le 24 d\u00e9cembre 2024 \u2014 Une attaque sanglante perp\u00e9tr\u00e9e par la coalition de gangs \u00ab Viv Ansanm \u00bb a plong\u00e9 le pays dans<\/p>\n","protected":false},"author":1,"featured_media":2845,"comment_status":"open","ping_status":"open","sticky":false,"template":"","format":"standard","meta":{"_uag_custom_page_level_css":"","footnotes":"","jetpack_publicize_message":"","jetpack_publicize_feature_enabled":true,"jetpack_social_post_already_shared":false,"jetpack_social_options":{"image_generator_settings":{"template":"highway","default_image_id":0,"font":"","enabled":false},"version":2}},"categories":[94],"tags":[],"class_list":["post-2844","post","type-post","status-publish","format-standard","has-post-thumbnail","hentry","category-a-la-une"],"yoast_head":"<!-- This site is optimized with the Yoast SEO plugin v25.3.1 - https:\/\/yoast.com\/wordpress\/plugins\/seo\/ -->\n<title>Ha\u00efti : Le CMEL condamne fermement l\u2019attaque meurtri\u00e8re contre des journalistes \u00e0 l\u2019H\u00f4pital G\u00e9n\u00e9ral &#8211; VeliPost<\/title>\n<meta name=\"robots\" content=\"index, follow, max-snippet:-1, max-image-preview:large, max-video-preview:-1\" \/>\n<link rel=\"canonical\" href=\"https:\/\/velipost.com\/?p=2844\" \/>\n<meta property=\"og:locale\" content=\"fr_FR\" \/>\n<meta property=\"og:type\" content=\"article\" \/>\n<meta property=\"og:title\" content=\"Ha\u00efti : Le CMEL condamne fermement l\u2019attaque meurtri\u00e8re contre des journalistes \u00e0 l\u2019H\u00f4pital G\u00e9n\u00e9ral &#8211; VeliPost\" \/>\n<meta property=\"og:description\" content=\"Port-au-Prince, le 24 d\u00e9cembre 2024 \u2014 Une attaque sanglante perp\u00e9tr\u00e9e par la coalition de gangs \u00ab Viv Ansanm \u00bb a plong\u00e9 le pays dans\" \/>\n<meta property=\"og:url\" content=\"https:\/\/velipost.com\/?p=2844\" \/>\n<meta property=\"og:site_name\" content=\"VeliPost\" \/>\n<meta property=\"article:publisher\" content=\"https:\/\/www.facebook.com\/veliposthaiti\" \/>\n<meta property=\"article:published_time\" content=\"2024-12-25T23:41:05+00:00\" \/>\n<meta property=\"article:modified_time\" content=\"2024-12-26T00:49:44+00:00\" \/>\n<meta property=\"og:image\" content=\"https:\/\/velipost.com\/wp-content\/uploads\/2024\/12\/CMEL.jpg\" \/>\n\t<meta property=\"og:image:width\" content=\"1170\" \/>\n\t<meta property=\"og:image:height\" content=\"603\" \/>\n\t<meta property=\"og:image:type\" content=\"image\/jpeg\" \/>\n<meta name=\"author\" content=\"VeliPost\" \/>\n<meta name=\"twitter:card\" content=\"summary_large_image\" \/>\n<meta name=\"twitter:creator\" content=\"@veliposthaiti\" \/>\n<meta name=\"twitter:site\" content=\"@veliposthaiti\" \/>\n<meta name=\"twitter:label1\" content=\"\u00c9crit par\" \/>\n\t<meta name=\"twitter:data1\" content=\"VeliPost\" \/>\n\t<meta name=\"twitter:label2\" content=\"Dur\u00e9e de lecture estim\u00e9e\" \/>\n\t<meta name=\"twitter:data2\" content=\"3 minutes\" \/>\n<script type=\"application\/ld+json\" class=\"yoast-schema-graph\">{\"@context\":\"https:\/\/schema.org\",\"@graph\":[{\"@type\":\"Article\",\"@id\":\"https:\/\/velipost.com\/?p=2844#article\",\"isPartOf\":{\"@id\":\"https:\/\/velipost.com\/?p=2844\"},\"author\":{\"name\":\"VeliPost\",\"@id\":\"https:\/\/velipost.com\/#\/schema\/person\/32ff49a53c9c1bb24302ee8ece058096\"},\"headline\":\"Ha\u00efti : Le CMEL condamne fermement l\u2019attaque meurtri\u00e8re contre des journalistes \u00e0 l\u2019H\u00f4pital G\u00e9n\u00e9ral\",\"datePublished\":\"2024-12-25T23:41:05+00:00\",\"dateModified\":\"2024-12-26T00:49:44+00:00\",\"mainEntityOfPage\":{\"@id\":\"https:\/\/velipost.com\/?p=2844\"},\"wordCount\":489,\"commentCount\":0,\"publisher\":{\"@id\":\"https:\/\/velipost.com\/#organization\"},\"image\":{\"@id\":\"https:\/\/velipost.com\/?p=2844#primaryimage\"},\"thumbnailUrl\":\"https:\/\/velipost.com\/wp-content\/uploads\/2024\/12\/CMEL.jpg\",\"articleSection\":[\"A la Une\"],\"inLanguage\":\"fr-FR\",\"potentialAction\":[{\"@type\":\"CommentAction\",\"name\":\"Comment\",\"target\":[\"https:\/\/velipost.com\/?p=2844#respond\"]}]},{\"@type\":\"WebPage\",\"@id\":\"https:\/\/velipost.com\/?p=2844\",\"url\":\"https:\/\/velipost.com\/?p=2844\",\"name\":\"Ha\u00efti : Le CMEL condamne fermement l\u2019attaque meurtri\u00e8re contre des journalistes \u00e0 l\u2019H\u00f4pital G\u00e9n\u00e9ral &#8211; VeliPost\",\"isPartOf\":{\"@id\":\"https:\/\/velipost.com\/#website\"},\"primaryImageOfPage\":{\"@id\":\"https:\/\/velipost.com\/?p=2844#primaryimage\"},\"image\":{\"@id\":\"https:\/\/velipost.com\/?p=2844#primaryimage\"},\"thumbnailUrl\":\"https:\/\/velipost.com\/wp-content\/uploads\/2024\/12\/CMEL.jpg\",\"datePublished\":\"2024-12-25T23:41:05+00:00\",\"dateModified\":\"2024-12-26T00:49:44+00:00\",\"breadcrumb\":{\"@id\":\"https:\/\/velipost.com\/?p=2844#breadcrumb\"},\"inLanguage\":\"fr-FR\",\"potentialAction\":[{\"@type\":\"ReadAction\",\"target\":[\"https:\/\/velipost.com\/?p=2844\"]}]},{\"@type\":\"ImageObject\",\"inLanguage\":\"fr-FR\",\"@id\":\"https:\/\/velipost.com\/?p=2844#primaryimage\",\"url\":\"https:\/\/velipost.com\/wp-content\/uploads\/2024\/12\/CMEL.jpg\",\"contentUrl\":\"https:\/\/velipost.com\/wp-content\/uploads\/2024\/12\/CMEL.jpg\",\"width\":1170,\"height\":603},{\"@type\":\"BreadcrumbList\",\"@id\":\"https:\/\/velipost.com\/?p=2844#breadcrumb\",\"itemListElement\":[{\"@type\":\"ListItem\",\"position\":1,\"name\":\"Accueil\",\"item\":\"https:\/\/velipost.com\/\"},{\"@type\":\"ListItem\",\"position\":2,\"name\":\"Ha\u00efti : Le CMEL condamne fermement l\u2019attaque meurtri\u00e8re contre des journalistes \u00e0 l\u2019H\u00f4pital G\u00e9n\u00e9ral\"}]},{\"@type\":\"WebSite\",\"@id\":\"https:\/\/velipost.com\/#website\",\"url\":\"https:\/\/velipost.com\/\",\"name\":\"VeliPost\",\"description\":\"L\u2019info en un clic\",\"publisher\":{\"@id\":\"https:\/\/velipost.com\/#organization\"},\"potentialAction\":[{\"@type\":\"SearchAction\",\"target\":{\"@type\":\"EntryPoint\",\"urlTemplate\":\"https:\/\/velipost.com\/?s={search_term_string}\"},\"query-input\":{\"@type\":\"PropertyValueSpecification\",\"valueRequired\":true,\"valueName\":\"search_term_string\"}}],\"inLanguage\":\"fr-FR\"},{\"@type\":\"Organization\",\"@id\":\"https:\/\/velipost.com\/#organization\",\"name\":\"VeliPost\",\"url\":\"https:\/\/velipost.com\/\",\"logo\":{\"@type\":\"ImageObject\",\"inLanguage\":\"fr-FR\",\"@id\":\"https:\/\/velipost.com\/#\/schema\/logo\/image\/\",\"url\":\"https:\/\/velipost.com\/wp-content\/uploads\/2024\/08\/cropped-VP-logo-piti.png\",\"contentUrl\":\"https:\/\/velipost.com\/wp-content\/uploads\/2024\/08\/cropped-VP-logo-piti.png\",\"width\":201,\"height\":69,\"caption\":\"VeliPost\"},\"image\":{\"@id\":\"https:\/\/velipost.com\/#\/schema\/logo\/image\/\"},\"sameAs\":[\"https:\/\/www.facebook.com\/veliposthaiti\",\"https:\/\/x.com\/veliposthaiti\",\"https:\/\/www.instagram.com\/veliposthaiti\"]},{\"@type\":\"Person\",\"@id\":\"https:\/\/velipost.com\/#\/schema\/person\/32ff49a53c9c1bb24302ee8ece058096\",\"name\":\"VeliPost\",\"image\":{\"@type\":\"ImageObject\",\"inLanguage\":\"fr-FR\",\"@id\":\"https:\/\/velipost.com\/#\/schema\/person\/image\/\",\"url\":\"https:\/\/secure.gravatar.com\/avatar\/57c226c264de62f794185a89596d4a37b85a5ad20aca30d9d5a478b27d8c8d9d?s=96&d=mm&r=g\",\"contentUrl\":\"https:\/\/secure.gravatar.com\/avatar\/57c226c264de62f794185a89596d4a37b85a5ad20aca30d9d5a478b27d8c8d9d?s=96&d=mm&r=g\",\"caption\":\"VeliPost\"},\"sameAs\":[\"https:\/\/velipost.com\"],\"url\":\"https:\/\/velipost.com\/?author=1\"}]}<\/script>\n<!-- \/ Yoast SEO plugin. -->","yoast_head_json":{"title":"Ha\u00efti : Le CMEL condamne fermement l\u2019attaque meurtri\u00e8re contre des journalistes \u00e0 l\u2019H\u00f4pital G\u00e9n\u00e9ral &#8211; VeliPost","robots":{"index":"index","follow":"follow","max-snippet":"max-snippet:-1","max-image-preview":"max-image-preview:large","max-video-preview":"max-video-preview:-1"},"canonical":"https:\/\/velipost.com\/?p=2844","og_locale":"fr_FR","og_type":"article","og_title":"Ha\u00efti : Le CMEL condamne fermement l\u2019attaque meurtri\u00e8re contre des journalistes \u00e0 l\u2019H\u00f4pital G\u00e9n\u00e9ral &#8211; VeliPost","og_description":"Port-au-Prince, le 24 d\u00e9cembre 2024 \u2014 Une attaque sanglante perp\u00e9tr\u00e9e par la coalition de gangs \u00ab Viv Ansanm \u00bb a plong\u00e9 le pays dans","og_url":"https:\/\/velipost.com\/?p=2844","og_site_name":"VeliPost","article_publisher":"https:\/\/www.facebook.com\/veliposthaiti","article_published_time":"2024-12-25T23:41:05+00:00","article_modified_time":"2024-12-26T00:49:44+00:00","og_image":[{"width":1170,"height":603,"url":"https:\/\/velipost.com\/wp-content\/uploads\/2024\/12\/CMEL.jpg","type":"image\/jpeg"}],"author":"VeliPost","twitter_card":"summary_large_image","twitter_creator":"@veliposthaiti","twitter_site":"@veliposthaiti","twitter_misc":{"\u00c9crit par":"VeliPost","Dur\u00e9e de lecture estim\u00e9e":"3 minutes"},"schema":{"@context":"https:\/\/schema.org","@graph":[{"@type":"Article","@id":"https:\/\/velipost.com\/?p=2844#article","isPartOf":{"@id":"https:\/\/velipost.com\/?p=2844"},"author":{"name":"VeliPost","@id":"https:\/\/velipost.com\/#\/schema\/person\/32ff49a53c9c1bb24302ee8ece058096"},"headline":"Ha\u00efti : Le CMEL condamne fermement l\u2019attaque meurtri\u00e8re contre des journalistes \u00e0 l\u2019H\u00f4pital G\u00e9n\u00e9ral","datePublished":"2024-12-25T23:41:05+00:00","dateModified":"2024-12-26T00:49:44+00:00","mainEntityOfPage":{"@id":"https:\/\/velipost.com\/?p=2844"},"wordCount":489,"commentCount":0,"publisher":{"@id":"https:\/\/velipost.com\/#organization"},"image":{"@id":"https:\/\/velipost.com\/?p=2844#primaryimage"},"thumbnailUrl":"https:\/\/velipost.com\/wp-content\/uploads\/2024\/12\/CMEL.jpg","articleSection":["A la Une"],"inLanguage":"fr-FR","potentialAction":[{"@type":"CommentAction","name":"Comment","target":["https:\/\/velipost.com\/?p=2844#respond"]}]},{"@type":"WebPage","@id":"https:\/\/velipost.com\/?p=2844","url":"https:\/\/velipost.com\/?p=2844","name":"Ha\u00efti : Le CMEL condamne fermement l\u2019attaque meurtri\u00e8re contre des journalistes \u00e0 l\u2019H\u00f4pital G\u00e9n\u00e9ral &#8211; VeliPost","isPartOf":{"@id":"https:\/\/velipost.com\/#website"},"primaryImageOfPage":{"@id":"https:\/\/velipost.com\/?p=2844#primaryimage"},"image":{"@id":"https:\/\/velipost.com\/?p=2844#primaryimage"},"thumbnailUrl":"https:\/\/velipost.com\/wp-content\/uploads\/2024\/12\/CMEL.jpg","datePublished":"2024-12-25T23:41:05+00:00","dateModified":"2024-12-26T00:49:44+00:00","breadcrumb":{"@id":"https:\/\/velipost.com\/?p=2844#breadcrumb"},"inLanguage":"fr-FR","potentialAction":[{"@type":"ReadAction","target":["https:\/\/velipost.com\/?p=2844"]}]},{"@type":"ImageObject","inLanguage":"fr-FR","@id":"https:\/\/velipost.com\/?p=2844#primaryimage","url":"https:\/\/velipost.com\/wp-content\/uploads\/2024\/12\/CMEL.jpg","contentUrl":"https:\/\/velipost.com\/wp-content\/uploads\/2024\/12\/CMEL.jpg","width":1170,"height":603},{"@type":"BreadcrumbList","@id":"https:\/\/velipost.com\/?p=2844#breadcrumb","itemListElement":[{"@type":"ListItem","position":1,"name":"Accueil","item":"https:\/\/velipost.com\/"},{"@type":"ListItem","position":2,"name":"Ha\u00efti : Le CMEL condamne fermement l\u2019attaque meurtri\u00e8re contre des journalistes \u00e0 l\u2019H\u00f4pital G\u00e9n\u00e9ral"}]},{"@type":"WebSite","@id":"https:\/\/velipost.com\/#website","url":"https:\/\/velipost.com\/","name":"VeliPost","description":"L\u2019info en un clic","publisher":{"@id":"https:\/\/velipost.com\/#organization"},"potentialAction":[{"@type":"SearchAction","target":{"@type":"EntryPoint","urlTemplate":"https:\/\/velipost.com\/?s={search_term_string}"},"query-input":{"@type":"PropertyValueSpecification","valueRequired":true,"valueName":"search_term_string"}}],"inLanguage":"fr-FR"},{"@type":"Organization","@id":"https:\/\/velipost.com\/#organization","name":"VeliPost","url":"https:\/\/velipost.com\/","logo":{"@type":"ImageObject","inLanguage":"fr-FR","@id":"https:\/\/velipost.com\/#\/schema\/logo\/image\/","url":"https:\/\/velipost.com\/wp-content\/uploads\/2024\/08\/cropped-VP-logo-piti.png","contentUrl":"https:\/\/velipost.com\/wp-content\/uploads\/2024\/08\/cropped-VP-logo-piti.png","width":201,"height":69,"caption":"VeliPost"},"image":{"@id":"https:\/\/velipost.com\/#\/schema\/logo\/image\/"},"sameAs":["https:\/\/www.facebook.com\/veliposthaiti","https:\/\/x.com\/veliposthaiti","https:\/\/www.instagram.com\/veliposthaiti"]},{"@type":"Person","@id":"https:\/\/velipost.com\/#\/schema\/person\/32ff49a53c9c1bb24302ee8ece058096","name":"VeliPost","image":{"@type":"ImageObject","inLanguage":"fr-FR","@id":"https:\/\/velipost.com\/#\/schema\/person\/image\/","url":"https:\/\/secure.gravatar.com\/avatar\/57c226c264de62f794185a89596d4a37b85a5ad20aca30d9d5a478b27d8c8d9d?s=96&d=mm&r=g","contentUrl":"https:\/\/secure.gravatar.com\/avatar\/57c226c264de62f794185a89596d4a37b85a5ad20aca30d9d5a478b27d8c8d9d?s=96&d=mm&r=g","caption":"VeliPost"},"sameAs":["https:\/\/velipost.com"],"url":"https:\/\/velipost.com\/?author=1"}]}},"views":4,"jetpack_publicize_connections":[],"uagb_featured_image_src":{"full":["https:\/\/velipost.com\/wp-content\/uploads\/2024\/12\/CMEL.jpg",1170,603,false],"thumbnail":["https:\/\/velipost.com\/wp-content\/uploads\/2024\/12\/CMEL-150x150.jpg",150,150,true],"medium":["https:\/\/velipost.com\/wp-content\/uploads\/2024\/12\/CMEL-300x155.jpg",300,155,true],"medium_large":["https:\/\/velipost.com\/wp-content\/uploads\/2024\/12\/CMEL-768x396.jpg",715,369,true],"large":["https:\/\/velipost.com\/wp-content\/uploads\/2024\/12\/CMEL-1024x528.jpg",715,369,true],"1536x1536":["https:\/\/velipost.com\/wp-content\/uploads\/2024\/12\/CMEL.jpg",1170,603,false],"2048x2048":["https:\/\/velipost.com\/wp-content\/uploads\/2024\/12\/CMEL.jpg",1170,603,false],"colornews-big-slider":["https:\/\/velipost.com\/wp-content\/uploads\/2024\/12\/CMEL-1070x470.jpg",1070,470,true],"colornews-big-slider-thumb":["https:\/\/velipost.com\/wp-content\/uploads\/2024\/12\/CMEL-184x109.jpg",184,109,true],"colornews-featured-post-medium":["https:\/\/velipost.com\/wp-content\/uploads\/2024\/12\/CMEL-345x265.jpg",345,265,true],"colornews-featured-post-small":["https:\/\/velipost.com\/wp-content\/uploads\/2024\/12\/CMEL-115x73.jpg",115,73,true],"colornews-random-posts":["https:\/\/velipost.com\/wp-content\/uploads\/2024\/12\/CMEL-215x215.jpg",215,215,true],"colornews-featured-image":["https:\/\/velipost.com\/wp-content\/uploads\/2024\/12\/CMEL-715x400.jpg",715,400,true],"mailpoet_newsletter_max":["https:\/\/velipost.com\/wp-content\/uploads\/2024\/12\/CMEL.jpg",1170,603,false]},"uagb_author_info":{"display_name":"VeliPost","author_link":"https:\/\/velipost.com\/?author=1"},"uagb_comment_info":0,"uagb_excerpt":"Port-au-Prince, le 24 d\u00e9cembre 2024 \u2014 Une attaque sanglante perp\u00e9tr\u00e9e par la coalition de gangs \u00ab Viv Ansanm \u00bb a plong\u00e9 le pays dans","_links":{"self":[{"href":"https:\/\/velipost.com\/index.php?rest_route=\/wp\/v2\/posts\/2844","targetHints":{"allow":["GET"]}}],"collection":[{"href":"https:\/\/velipost.com\/index.php?rest_route=\/wp\/v2\/posts"}],"about":[{"href":"https:\/\/velipost.com\/index.php?rest_route=\/wp\/v2\/types\/post"}],"author":[{"embeddable":true,"href":"https:\/\/velipost.com\/index.php?rest_route=\/wp\/v2\/users\/1"}],"replies":[{"embeddable":true,"href":"https:\/\/velipost.com\/index.php?rest_route=%2Fwp%2Fv2%2Fcomments&post=2844"}],"version-history":[{"count":1,"href":"https:\/\/velipost.com\/index.php?rest_route=\/wp\/v2\/posts\/2844\/revisions"}],"predecessor-version":[{"id":2846,"href":"https:\/\/velipost.com\/index.php?rest_route=\/wp\/v2\/posts\/2844\/revisions\/2846"}],"wp:featuredmedia":[{"embeddable":true,"href":"https:\/\/velipost.com\/index.php?rest_route=\/wp\/v2\/media\/2845"}],"wp:attachment":[{"href":"https:\/\/velipost.com\/index.php?rest_route=%2Fwp%2Fv2%2Fmedia&parent=2844"}],"wp:term":[{"taxonomy":"category","embeddable":true,"href":"https:\/\/velipost.com\/index.php?rest_route=%2Fwp%2Fv2%2Fcategories&post=2844"},{"taxonomy":"post_tag","embeddable":true,"href":"https:\/\/velipost.com\/index.php?rest_route=%2Fwp%2Fv2%2Ftags&post=2844"}],"curies":[{"name":"wp","href":"https:\/\/api.w.org\/{rel}","templated":true}]}}