{"id":2761,"date":"2024-12-11T06:01:51","date_gmt":"2024-12-11T05:01:51","guid":{"rendered":"https:\/\/velipost.com\/?p=2761"},"modified":"2024-12-11T06:01:52","modified_gmt":"2024-12-11T05:01:52","slug":"massacre-a-cite-soleil-la-communaute-internationale-exprime-son-indignation","status":"publish","type":"post","link":"https:\/\/velipost.com\/?p=2761","title":{"rendered":"Massacre \u00e0 Cit\u00e9 Soleil : la communaut\u00e9 internationale exprime son indignation"},"content":{"rendered":"\n<p>Une attaque d\u2019une brutalit\u00e9 rare a frapp\u00e9 le quartier de Wharf J\u00e9r\u00e9mie \u00e0 Cit\u00e9 Soleil les 6 et 7 d\u00e9cembre derniers. Plus de 184 personnes, majoritairement des personnes \u00e2g\u00e9es, ont \u00e9t\u00e9 sauvagement assassin\u00e9es par des membres du gang dirig\u00e9 par Micanor Alt\u00e8s. Ce massacre, marqu\u00e9 par des violences insoutenables, a suscit\u00e9 une vague d\u2019indignation internationale.<\/p>\n\n\n\n<p>Selon des t\u00e9moignages recueillis par le R\u00e9seau National de D\u00e9fense des Droits Humains (RNDDH), 110 des victimes \u00e9taient \u00e2g\u00e9es de plus de 60 ans. Le massacre aurait \u00e9t\u00e9 d\u00e9clench\u00e9 apr\u00e8s que Micanor Alt\u00e8s, le chef du gang, a consult\u00e9 un pr\u00eatre vaudou. Ce dernier aurait accus\u00e9 les personnes \u00e2g\u00e9es d\u2019avoir jet\u00e9 un sort \u00e0 son fils, causant ses probl\u00e8mes de sant\u00e9. Les assaillants, arm\u00e9s de machettes et de couteaux, ont ex\u00e9cut\u00e9 leurs victimes sur deux jours, semant la terreur et laissant une communaut\u00e9 d\u00e9vast\u00e9e.<\/p>\n\n\n\n<p>Face \u00e0 cette trag\u00e9die, la communaut\u00e9 internationale a exprim\u00e9 son indignation :<\/p>\n\n\n\n<p>\u2022 <strong>La France<\/strong> a fermement condamn\u00e9 cet acte barbare et r\u00e9it\u00e9r\u00e9 son soutien aux autorit\u00e9s ha\u00eftiennes. Elle appelle \u00e0 une justice rapide et \u00e0 des efforts accrus pour s\u00e9curiser le territoire.<\/p>\n\n\n\n<p>\u2022 <strong>Les Nations Unies<\/strong>, par la voix d\u2019Ant\u00f3nio Guterres, ont d\u00e9nonc\u00e9 ces atrocit\u00e9s, exhortant les \u00c9tats membres \u00e0 renforcer leur appui \u00e0 la Mission Multinationale de Soutien \u00e0 la S\u00e9curit\u00e9 (MMSS) pour aider Ha\u00efti \u00e0 faire face \u00e0 la violence des gangs.<\/p>\n\n\n\n<p>\u2022 <strong>L\u2019Union Europ\u00e9enne (UE)<\/strong> a d\u00e9nonc\u00e9 cette atrocit\u00e9 et appel\u00e9 au d\u00e9ploiement complet de la MMSS pour restaurer la s\u00e9curit\u00e9 en Ha\u00efti.<\/p>\n\n\n\n<p>\u2022 <strong>Les \u00c9tats-Unis<\/strong>, \u00e0 travers un communiqu\u00e9 de leur ambassade \u00e0 Port-au-Prince, ont exprim\u00e9 leurs condol\u00e9ances et assur\u00e9 de leur engagement \u00e0 soutenir la Police Nationale d\u2019Ha\u00efti (PNH) et la MMSS.<\/p>\n\n\n\n<p>En 2024, la violence des gangs a d\u00e9j\u00e0 co\u00fbt\u00e9 la vie \u00e0 plus de 5 000 personnes en Ha\u00efti, selon les Nations Unies. Ce dernier massacre souligne l\u2019urgence d\u2019une intervention plus coordonn\u00e9e pour contrer l\u2019emprise des groupes arm\u00e9s et prot\u00e9ger les populations vuln\u00e9rables.<\/p>\n\n\n\n<p>Les autorit\u00e9s ha\u00eftiennes, soutenues par leurs partenaires internationaux, s\u2019engagent \u00e0 traduire en justice les auteurs de ces crimes. Cependant, pour restaurer la confiance et reconstruire une nation en crise, des mesures plus fermes et une mobilisation collective sont indispensables.<\/p>\n\n    <div class=\"xs_social_share_widget xs_share_url after_content \t\tmain_content  wslu-style-3 wslu-share-box-shaped wslu-fill-brand-hover-colored wslu-share-m-5 wslu-none wslu-share-horizontal wslu-theme-font-no wslu-main_content\">\n\n\t\t\n        <ul>\n\t\t\t                    <li class=\"xs-share-li twitter                        wslu-no-extra-data\">\n                        <a href=\"javascript:void(0);\"\n                           id=\"xs_feed_twitter\"\n                           onclick=\"xs_social_sharer(this);\"\n                           data-pid=\"2761\"\n                           data-uri_hash=\"4c9eda0856007529f224d0f5e3cbb939\"\n                           data-key=\"twitter\"\n                           data-xs-href=\"https:\/\/twitter.com\/intent\/tweet?text=Massacre+%C3%A0+Cit%C3%A9+Soleil+%3A+la+communaut%C3%A9+internationale+exprime+son+indignation+https%3A%2F%2Fvelipost.com%2Findex.php%3Frest_route%3D%252Fwp%252Fv2%252Fposts%252F2761&amp;original_referer=https%3A%2F%2Fvelipost.com%2Findex.php%3Frest_route%3D%252Fwp%252Fv2%252Fposts%252F2761&amp;related=xpeedstudio\">\n\n                            <div class=\"xs-social-icon\">\n                                <span class=\"met-social met-social-twitter\"><\/span>\n                            <\/div>\n\n\t\t\t\t\t\t\t\n                            <div class=\"wslu-hover-content\">\n                                <div class=\"xs-social-followers\">\n\t\t\t\t\t\t\t\t\t10                                <\/div>\n                                <div class=\"xs-social-follower-text\">\n\t\t\t\t\t\t\t\t\tShare                                <\/div>\n                                <div class=\"xs-social-follower-label\">\n\t\t\t\t\t\t\t\t\tTwitter                                <\/div>\n                            <\/div>\n                        <\/a>\n                    <\/li>\n\t\t\t\t\t                    <li class=\"xs-share-li telegram                        wslu-no-extra-data\">\n                        <a href=\"javascript:void(0);\"\n                           id=\"xs_feed_telegram\"\n                           onclick=\"xs_social_sharer(this);\"\n                           data-pid=\"2761\"\n                           data-uri_hash=\"4c9eda0856007529f224d0f5e3cbb939\"\n                           data-key=\"telegram\"\n                           data-xs-href=\"https:\/\/telegram.me\/share\/url?url=https%3A%2F%2Fvelipost.com%2Findex.php%3Frest_route%3D%252Fwp%252Fv2%252Fposts%252F2761&amp;text=Massacre+%C3%A0+Cit%C3%A9+Soleil+%3A+la+communaut%C3%A9+internationale+exprime+son+indignation\">\n\n                            <div class=\"xs-social-icon\">\n                                <span class=\"met-social met-social-telegram\"><\/span>\n                            <\/div>\n\n\t\t\t\t\t\t\t\n                            <div class=\"wslu-hover-content\">\n                                <div class=\"xs-social-followers\">\n\t\t\t\t\t\t\t\t\t0                                <\/div>\n                                <div class=\"xs-social-follower-text\">\n\t\t\t\t\t\t\t\t\tShare                                <\/div>\n                                <div class=\"xs-social-follower-label\">\n\t\t\t\t\t\t\t\t\tTelegram                                <\/div>\n                            <\/div>\n                        <\/a>\n                    <\/li>\n\t\t\t\t\t                    <li class=\"xs-share-li email                        wslu-no-extra-data\">\n                        <a href=\"javascript:void(0);\"\n                           id=\"xs_feed_email\"\n                           onclick=\"xs_social_sharer(this);\"\n                           data-pid=\"2761\"\n                           data-uri_hash=\"4c9eda0856007529f224d0f5e3cbb939\"\n                           data-key=\"email\"\n                           data-xs-href=\"mailto:?body=Title%3A+Massacre+%C3%A0+Cit%C3%A9+Soleil+%3A+la+communaut%C3%A9+internationale+exprime+son+indignation+%5Cn%5Cn+URL%3A+https%3A%2F%2Fvelipost.com%2Findex.php%3Frest_route%3D%252Fwp%252Fv2%252Fposts%252F2761&amp;subject=Massacre+%C3%A0+Cit%C3%A9+Soleil+%3A+la+communaut%C3%A9+internationale+exprime+son+indignation\">\n\n                            <div class=\"xs-social-icon\">\n                                <span class=\"met-social met-social-email\"><\/span>\n                            <\/div>\n\n\t\t\t\t\t\t\t\n                            <div class=\"wslu-hover-content\">\n                                <div class=\"xs-social-followers\">\n\t\t\t\t\t\t\t\t\t0                                <\/div>\n                                <div class=\"xs-social-follower-text\">\n\t\t\t\t\t\t\t\t\tShare                                <\/div>\n                                <div class=\"xs-social-follower-label\">\n\t\t\t\t\t\t\t\t\tEmail                                <\/div>\n                            <\/div>\n                        <\/a>\n                    <\/li>\n\t\t\t\t\t        <\/ul>\n    <\/div> \n","protected":false},"excerpt":{"rendered":"<p>Une attaque d\u2019une brutalit\u00e9 rare a frapp\u00e9 le quartier de Wharf J\u00e9r\u00e9mie \u00e0 Cit\u00e9 Soleil les 6 et 7 d\u00e9cembre derniers. Plus de 184<\/p>\n","protected":false},"author":1,"featured_media":2762,"comment_status":"open","ping_status":"open","sticky":false,"template":"","format":"standard","meta":{"_uag_custom_page_level_css":"","footnotes":"","jetpack_publicize_message":"","jetpack_publicize_feature_enabled":true,"jetpack_social_post_already_shared":false,"jetpack_social_options":{"image_generator_settings":{"template":"highway","default_image_id":0,"font":"","enabled":false},"version":2}},"categories":[253],"tags":[],"class_list":["post-2761","post","type-post","status-publish","format-standard","has-post-thumbnail","hentry","category-insecurite"],"yoast_head":"<!-- This site is optimized with the Yoast SEO plugin v25.3.1 - https:\/\/yoast.com\/wordpress\/plugins\/seo\/ -->\n<title>Massacre \u00e0 Cit\u00e9 Soleil : la communaut\u00e9 internationale exprime son indignation &#8211; VeliPost<\/title>\n<meta name=\"robots\" content=\"index, follow, max-snippet:-1, max-image-preview:large, max-video-preview:-1\" \/>\n<link rel=\"canonical\" href=\"https:\/\/velipost.com\/?p=2761\" \/>\n<meta property=\"og:locale\" content=\"fr_FR\" \/>\n<meta property=\"og:type\" content=\"article\" \/>\n<meta property=\"og:title\" content=\"Massacre \u00e0 Cit\u00e9 Soleil : la communaut\u00e9 internationale exprime son indignation &#8211; VeliPost\" \/>\n<meta property=\"og:description\" content=\"Une attaque d\u2019une brutalit\u00e9 rare a frapp\u00e9 le quartier de Wharf J\u00e9r\u00e9mie \u00e0 Cit\u00e9 Soleil les 6 et 7 d\u00e9cembre derniers. Plus de 184\" \/>\n<meta property=\"og:url\" content=\"https:\/\/velipost.com\/?p=2761\" \/>\n<meta property=\"og:site_name\" content=\"VeliPost\" \/>\n<meta property=\"article:publisher\" content=\"https:\/\/www.facebook.com\/veliposthaiti\" \/>\n<meta property=\"article:published_time\" content=\"2024-12-11T05:01:51+00:00\" \/>\n<meta property=\"article:modified_time\" content=\"2024-12-11T05:01:52+00:00\" \/>\n<meta property=\"og:image\" content=\"https:\/\/velipost.com\/wp-content\/uploads\/2024\/12\/soso.jpg\" \/>\n\t<meta property=\"og:image:width\" content=\"1170\" \/>\n\t<meta property=\"og:image:height\" content=\"603\" \/>\n\t<meta property=\"og:image:type\" content=\"image\/jpeg\" \/>\n<meta name=\"author\" content=\"VeliPost\" \/>\n<meta name=\"twitter:card\" content=\"summary_large_image\" \/>\n<meta name=\"twitter:creator\" content=\"@veliposthaiti\" \/>\n<meta name=\"twitter:site\" content=\"@veliposthaiti\" \/>\n<meta name=\"twitter:label1\" content=\"\u00c9crit par\" \/>\n\t<meta name=\"twitter:data1\" content=\"VeliPost\" \/>\n\t<meta name=\"twitter:label2\" content=\"Dur\u00e9e de lecture estim\u00e9e\" \/>\n\t<meta name=\"twitter:data2\" content=\"3 minutes\" \/>\n<script type=\"application\/ld+json\" class=\"yoast-schema-graph\">{\"@context\":\"https:\/\/schema.org\",\"@graph\":[{\"@type\":\"Article\",\"@id\":\"https:\/\/velipost.com\/?p=2761#article\",\"isPartOf\":{\"@id\":\"https:\/\/velipost.com\/?p=2761\"},\"author\":{\"name\":\"VeliPost\",\"@id\":\"https:\/\/velipost.com\/#\/schema\/person\/32ff49a53c9c1bb24302ee8ece058096\"},\"headline\":\"Massacre \u00e0 Cit\u00e9 Soleil : la communaut\u00e9 internationale exprime son indignation\",\"datePublished\":\"2024-12-11T05:01:51+00:00\",\"dateModified\":\"2024-12-11T05:01:52+00:00\",\"mainEntityOfPage\":{\"@id\":\"https:\/\/velipost.com\/?p=2761\"},\"wordCount\":397,\"commentCount\":0,\"publisher\":{\"@id\":\"https:\/\/velipost.com\/#organization\"},\"image\":{\"@id\":\"https:\/\/velipost.com\/?p=2761#primaryimage\"},\"thumbnailUrl\":\"https:\/\/velipost.com\/wp-content\/uploads\/2024\/12\/soso.jpg\",\"articleSection\":[\"Ins\u00e9curit\u00e9\"],\"inLanguage\":\"fr-FR\",\"potentialAction\":[{\"@type\":\"CommentAction\",\"name\":\"Comment\",\"target\":[\"https:\/\/velipost.com\/?p=2761#respond\"]}]},{\"@type\":\"WebPage\",\"@id\":\"https:\/\/velipost.com\/?p=2761\",\"url\":\"https:\/\/velipost.com\/?p=2761\",\"name\":\"Massacre \u00e0 Cit\u00e9 Soleil : la communaut\u00e9 internationale exprime son indignation &#8211; VeliPost\",\"isPartOf\":{\"@id\":\"https:\/\/velipost.com\/#website\"},\"primaryImageOfPage\":{\"@id\":\"https:\/\/velipost.com\/?p=2761#primaryimage\"},\"image\":{\"@id\":\"https:\/\/velipost.com\/?p=2761#primaryimage\"},\"thumbnailUrl\":\"https:\/\/velipost.com\/wp-content\/uploads\/2024\/12\/soso.jpg\",\"datePublished\":\"2024-12-11T05:01:51+00:00\",\"dateModified\":\"2024-12-11T05:01:52+00:00\",\"breadcrumb\":{\"@id\":\"https:\/\/velipost.com\/?p=2761#breadcrumb\"},\"inLanguage\":\"fr-FR\",\"potentialAction\":[{\"@type\":\"ReadAction\",\"target\":[\"https:\/\/velipost.com\/?p=2761\"]}]},{\"@type\":\"ImageObject\",\"inLanguage\":\"fr-FR\",\"@id\":\"https:\/\/velipost.com\/?p=2761#primaryimage\",\"url\":\"https:\/\/velipost.com\/wp-content\/uploads\/2024\/12\/soso.jpg\",\"contentUrl\":\"https:\/\/velipost.com\/wp-content\/uploads\/2024\/12\/soso.jpg\",\"width\":1170,\"height\":603},{\"@type\":\"BreadcrumbList\",\"@id\":\"https:\/\/velipost.com\/?p=2761#breadcrumb\",\"itemListElement\":[{\"@type\":\"ListItem\",\"position\":1,\"name\":\"Accueil\",\"item\":\"https:\/\/velipost.com\/\"},{\"@type\":\"ListItem\",\"position\":2,\"name\":\"Massacre \u00e0 Cit\u00e9 Soleil : la communaut\u00e9 internationale exprime son indignation\"}]},{\"@type\":\"WebSite\",\"@id\":\"https:\/\/velipost.com\/#website\",\"url\":\"https:\/\/velipost.com\/\",\"name\":\"VeliPost\",\"description\":\"L\u2019info en un clic\",\"publisher\":{\"@id\":\"https:\/\/velipost.com\/#organization\"},\"potentialAction\":[{\"@type\":\"SearchAction\",\"target\":{\"@type\":\"EntryPoint\",\"urlTemplate\":\"https:\/\/velipost.com\/?s={search_term_string}\"},\"query-input\":{\"@type\":\"PropertyValueSpecification\",\"valueRequired\":true,\"valueName\":\"search_term_string\"}}],\"inLanguage\":\"fr-FR\"},{\"@type\":\"Organization\",\"@id\":\"https:\/\/velipost.com\/#organization\",\"name\":\"VeliPost\",\"url\":\"https:\/\/velipost.com\/\",\"logo\":{\"@type\":\"ImageObject\",\"inLanguage\":\"fr-FR\",\"@id\":\"https:\/\/velipost.com\/#\/schema\/logo\/image\/\",\"url\":\"https:\/\/velipost.com\/wp-content\/uploads\/2024\/08\/cropped-VP-logo-piti.png\",\"contentUrl\":\"https:\/\/velipost.com\/wp-content\/uploads\/2024\/08\/cropped-VP-logo-piti.png\",\"width\":201,\"height\":69,\"caption\":\"VeliPost\"},\"image\":{\"@id\":\"https:\/\/velipost.com\/#\/schema\/logo\/image\/\"},\"sameAs\":[\"https:\/\/www.facebook.com\/veliposthaiti\",\"https:\/\/x.com\/veliposthaiti\",\"https:\/\/www.instagram.com\/veliposthaiti\"]},{\"@type\":\"Person\",\"@id\":\"https:\/\/velipost.com\/#\/schema\/person\/32ff49a53c9c1bb24302ee8ece058096\",\"name\":\"VeliPost\",\"image\":{\"@type\":\"ImageObject\",\"inLanguage\":\"fr-FR\",\"@id\":\"https:\/\/velipost.com\/#\/schema\/person\/image\/\",\"url\":\"https:\/\/secure.gravatar.com\/avatar\/57c226c264de62f794185a89596d4a37b85a5ad20aca30d9d5a478b27d8c8d9d?s=96&d=mm&r=g\",\"contentUrl\":\"https:\/\/secure.gravatar.com\/avatar\/57c226c264de62f794185a89596d4a37b85a5ad20aca30d9d5a478b27d8c8d9d?s=96&d=mm&r=g\",\"caption\":\"VeliPost\"},\"sameAs\":[\"https:\/\/velipost.com\"],\"url\":\"https:\/\/velipost.com\/?author=1\"}]}<\/script>\n<!-- \/ Yoast SEO plugin. -->","yoast_head_json":{"title":"Massacre \u00e0 Cit\u00e9 Soleil : la communaut\u00e9 internationale exprime son indignation &#8211; VeliPost","robots":{"index":"index","follow":"follow","max-snippet":"max-snippet:-1","max-image-preview":"max-image-preview:large","max-video-preview":"max-video-preview:-1"},"canonical":"https:\/\/velipost.com\/?p=2761","og_locale":"fr_FR","og_type":"article","og_title":"Massacre \u00e0 Cit\u00e9 Soleil : la communaut\u00e9 internationale exprime son indignation &#8211; VeliPost","og_description":"Une attaque d\u2019une brutalit\u00e9 rare a frapp\u00e9 le quartier de Wharf J\u00e9r\u00e9mie \u00e0 Cit\u00e9 Soleil les 6 et 7 d\u00e9cembre derniers. Plus de 184","og_url":"https:\/\/velipost.com\/?p=2761","og_site_name":"VeliPost","article_publisher":"https:\/\/www.facebook.com\/veliposthaiti","article_published_time":"2024-12-11T05:01:51+00:00","article_modified_time":"2024-12-11T05:01:52+00:00","og_image":[{"width":1170,"height":603,"url":"https:\/\/velipost.com\/wp-content\/uploads\/2024\/12\/soso.jpg","type":"image\/jpeg"}],"author":"VeliPost","twitter_card":"summary_large_image","twitter_creator":"@veliposthaiti","twitter_site":"@veliposthaiti","twitter_misc":{"\u00c9crit par":"VeliPost","Dur\u00e9e de lecture estim\u00e9e":"3 minutes"},"schema":{"@context":"https:\/\/schema.org","@graph":[{"@type":"Article","@id":"https:\/\/velipost.com\/?p=2761#article","isPartOf":{"@id":"https:\/\/velipost.com\/?p=2761"},"author":{"name":"VeliPost","@id":"https:\/\/velipost.com\/#\/schema\/person\/32ff49a53c9c1bb24302ee8ece058096"},"headline":"Massacre \u00e0 Cit\u00e9 Soleil : la communaut\u00e9 internationale exprime son indignation","datePublished":"2024-12-11T05:01:51+00:00","dateModified":"2024-12-11T05:01:52+00:00","mainEntityOfPage":{"@id":"https:\/\/velipost.com\/?p=2761"},"wordCount":397,"commentCount":0,"publisher":{"@id":"https:\/\/velipost.com\/#organization"},"image":{"@id":"https:\/\/velipost.com\/?p=2761#primaryimage"},"thumbnailUrl":"https:\/\/velipost.com\/wp-content\/uploads\/2024\/12\/soso.jpg","articleSection":["Ins\u00e9curit\u00e9"],"inLanguage":"fr-FR","potentialAction":[{"@type":"CommentAction","name":"Comment","target":["https:\/\/velipost.com\/?p=2761#respond"]}]},{"@type":"WebPage","@id":"https:\/\/velipost.com\/?p=2761","url":"https:\/\/velipost.com\/?p=2761","name":"Massacre \u00e0 Cit\u00e9 Soleil : la communaut\u00e9 internationale exprime son indignation &#8211; VeliPost","isPartOf":{"@id":"https:\/\/velipost.com\/#website"},"primaryImageOfPage":{"@id":"https:\/\/velipost.com\/?p=2761#primaryimage"},"image":{"@id":"https:\/\/velipost.com\/?p=2761#primaryimage"},"thumbnailUrl":"https:\/\/velipost.com\/wp-content\/uploads\/2024\/12\/soso.jpg","datePublished":"2024-12-11T05:01:51+00:00","dateModified":"2024-12-11T05:01:52+00:00","breadcrumb":{"@id":"https:\/\/velipost.com\/?p=2761#breadcrumb"},"inLanguage":"fr-FR","potentialAction":[{"@type":"ReadAction","target":["https:\/\/velipost.com\/?p=2761"]}]},{"@type":"ImageObject","inLanguage":"fr-FR","@id":"https:\/\/velipost.com\/?p=2761#primaryimage","url":"https:\/\/velipost.com\/wp-content\/uploads\/2024\/12\/soso.jpg","contentUrl":"https:\/\/velipost.com\/wp-content\/uploads\/2024\/12\/soso.jpg","width":1170,"height":603},{"@type":"BreadcrumbList","@id":"https:\/\/velipost.com\/?p=2761#breadcrumb","itemListElement":[{"@type":"ListItem","position":1,"name":"Accueil","item":"https:\/\/velipost.com\/"},{"@type":"ListItem","position":2,"name":"Massacre \u00e0 Cit\u00e9 Soleil : la communaut\u00e9 internationale exprime son indignation"}]},{"@type":"WebSite","@id":"https:\/\/velipost.com\/#website","url":"https:\/\/velipost.com\/","name":"VeliPost","description":"L\u2019info en un clic","publisher":{"@id":"https:\/\/velipost.com\/#organization"},"potentialAction":[{"@type":"SearchAction","target":{"@type":"EntryPoint","urlTemplate":"https:\/\/velipost.com\/?s={search_term_string}"},"query-input":{"@type":"PropertyValueSpecification","valueRequired":true,"valueName":"search_term_string"}}],"inLanguage":"fr-FR"},{"@type":"Organization","@id":"https:\/\/velipost.com\/#organization","name":"VeliPost","url":"https:\/\/velipost.com\/","logo":{"@type":"ImageObject","inLanguage":"fr-FR","@id":"https:\/\/velipost.com\/#\/schema\/logo\/image\/","url":"https:\/\/velipost.com\/wp-content\/uploads\/2024\/08\/cropped-VP-logo-piti.png","contentUrl":"https:\/\/velipost.com\/wp-content\/uploads\/2024\/08\/cropped-VP-logo-piti.png","width":201,"height":69,"caption":"VeliPost"},"image":{"@id":"https:\/\/velipost.com\/#\/schema\/logo\/image\/"},"sameAs":["https:\/\/www.facebook.com\/veliposthaiti","https:\/\/x.com\/veliposthaiti","https:\/\/www.instagram.com\/veliposthaiti"]},{"@type":"Person","@id":"https:\/\/velipost.com\/#\/schema\/person\/32ff49a53c9c1bb24302ee8ece058096","name":"VeliPost","image":{"@type":"ImageObject","inLanguage":"fr-FR","@id":"https:\/\/velipost.com\/#\/schema\/person\/image\/","url":"https:\/\/secure.gravatar.com\/avatar\/57c226c264de62f794185a89596d4a37b85a5ad20aca30d9d5a478b27d8c8d9d?s=96&d=mm&r=g","contentUrl":"https:\/\/secure.gravatar.com\/avatar\/57c226c264de62f794185a89596d4a37b85a5ad20aca30d9d5a478b27d8c8d9d?s=96&d=mm&r=g","caption":"VeliPost"},"sameAs":["https:\/\/velipost.com"],"url":"https:\/\/velipost.com\/?author=1"}]}},"views":0,"jetpack_publicize_connections":[],"uagb_featured_image_src":{"full":["https:\/\/velipost.com\/wp-content\/uploads\/2024\/12\/soso.jpg",1170,603,false],"thumbnail":["https:\/\/velipost.com\/wp-content\/uploads\/2024\/12\/soso-150x150.jpg",150,150,true],"medium":["https:\/\/velipost.com\/wp-content\/uploads\/2024\/12\/soso-300x155.jpg",300,155,true],"medium_large":["https:\/\/velipost.com\/wp-content\/uploads\/2024\/12\/soso-768x396.jpg",715,369,true],"large":["https:\/\/velipost.com\/wp-content\/uploads\/2024\/12\/soso-1024x528.jpg",715,369,true],"1536x1536":["https:\/\/velipost.com\/wp-content\/uploads\/2024\/12\/soso.jpg",1170,603,false],"2048x2048":["https:\/\/velipost.com\/wp-content\/uploads\/2024\/12\/soso.jpg",1170,603,false],"colornews-big-slider":["https:\/\/velipost.com\/wp-content\/uploads\/2024\/12\/soso-1070x470.jpg",1070,470,true],"colornews-big-slider-thumb":["https:\/\/velipost.com\/wp-content\/uploads\/2024\/12\/soso-184x109.jpg",184,109,true],"colornews-featured-post-medium":["https:\/\/velipost.com\/wp-content\/uploads\/2024\/12\/soso-345x265.jpg",345,265,true],"colornews-featured-post-small":["https:\/\/velipost.com\/wp-content\/uploads\/2024\/12\/soso-115x73.jpg",115,73,true],"colornews-random-posts":["https:\/\/velipost.com\/wp-content\/uploads\/2024\/12\/soso-215x215.jpg",215,215,true],"colornews-featured-image":["https:\/\/velipost.com\/wp-content\/uploads\/2024\/12\/soso-715x400.jpg",715,400,true],"mailpoet_newsletter_max":["https:\/\/velipost.com\/wp-content\/uploads\/2024\/12\/soso.jpg",1170,603,false]},"uagb_author_info":{"display_name":"VeliPost","author_link":"https:\/\/velipost.com\/?author=1"},"uagb_comment_info":0,"uagb_excerpt":"Une attaque d\u2019une brutalit\u00e9 rare a frapp\u00e9 le quartier de Wharf J\u00e9r\u00e9mie \u00e0 Cit\u00e9 Soleil les 6 et 7 d\u00e9cembre derniers. Plus de 184","_links":{"self":[{"href":"https:\/\/velipost.com\/index.php?rest_route=\/wp\/v2\/posts\/2761","targetHints":{"allow":["GET"]}}],"collection":[{"href":"https:\/\/velipost.com\/index.php?rest_route=\/wp\/v2\/posts"}],"about":[{"href":"https:\/\/velipost.com\/index.php?rest_route=\/wp\/v2\/types\/post"}],"author":[{"embeddable":true,"href":"https:\/\/velipost.com\/index.php?rest_route=\/wp\/v2\/users\/1"}],"replies":[{"embeddable":true,"href":"https:\/\/velipost.com\/index.php?rest_route=%2Fwp%2Fv2%2Fcomments&post=2761"}],"version-history":[{"count":1,"href":"https:\/\/velipost.com\/index.php?rest_route=\/wp\/v2\/posts\/2761\/revisions"}],"predecessor-version":[{"id":2763,"href":"https:\/\/velipost.com\/index.php?rest_route=\/wp\/v2\/posts\/2761\/revisions\/2763"}],"wp:featuredmedia":[{"embeddable":true,"href":"https:\/\/velipost.com\/index.php?rest_route=\/wp\/v2\/media\/2762"}],"wp:attachment":[{"href":"https:\/\/velipost.com\/index.php?rest_route=%2Fwp%2Fv2%2Fmedia&parent=2761"}],"wp:term":[{"taxonomy":"category","embeddable":true,"href":"https:\/\/velipost.com\/index.php?rest_route=%2Fwp%2Fv2%2Fcategories&post=2761"},{"taxonomy":"post_tag","embeddable":true,"href":"https:\/\/velipost.com\/index.php?rest_route=%2Fwp%2Fv2%2Ftags&post=2761"}],"curies":[{"name":"wp","href":"https:\/\/api.w.org\/{rel}","templated":true}]}}