{"id":2665,"date":"2024-11-16T03:36:02","date_gmt":"2024-11-16T02:36:02","guid":{"rendered":"https:\/\/velipost.com\/?p=2665"},"modified":"2024-11-16T03:36:02","modified_gmt":"2024-11-16T02:36:02","slug":"alix-didier-fils-aime-devoile-son-gouvernement","status":"publish","type":"post","link":"https:\/\/velipost.com\/?p=2665","title":{"rendered":"Alix Didier Fils-Aim\u00e9 d\u00e9voile son gouvernement"},"content":{"rendered":"\n<p>Le Premier ministre Alix Didier Fils-Aim\u00e9 a officiellement annonc\u00e9 la formation de son nouveau cabinet minist\u00e9riel ce vendredi 15 novembre, un acte marquant dans la mise en place du gouvernement ha\u00eftien en pleine crise s\u00e9curitaire et \u00e9conomique. Le cabinet, qui comprend \u00e0 la fois des figures politiques issues de l\u2019ancien gouvernement et de nouveaux ministres, a pour mission de relever les d\u00e9fis majeurs du pays, notamment l\u2019ins\u00e9curit\u00e9 grandissante et l\u2019organisation des \u00e9lections \u00e0 venir.<\/p>\n\n\n\n<p>Les nominations cl\u00e9s comprennent <strong>Paul Antoine Bien-Aim\u00e9<\/strong> au minist\u00e8re de l\u2019Int\u00e9rieur et des Collectivit\u00e9s Territoriales, <strong>Patrick Pelissier<\/strong> \u00e0 la Justice et \u00e0 la S\u00e9curit\u00e9 Publique, et <strong>Jean Harvel Victor Jean-Baptiste<\/strong> aux Affaires \u00c9trang\u00e8res et aux Cultes. D\u2019autres minist\u00e8res strat\u00e9giques sont \u00e9galement pourvus, tels que celui de l\u2019\u00c9conomie et des Finances, avec <strong>Alfred Metellus<\/strong>, et du Commerce et de l\u2019Industrie, attribu\u00e9 \u00e0 <strong>James Monazard<\/strong>.<\/p>\n\n\n\n<p>De plus, des personnalit\u00e9s telles que <strong><strong>Erick Dessources<\/strong> <\/strong>, qui prend en charge le minist\u00e8re du tourisme, et <strong>Duckenson Lorthe Blema<\/strong> \u00e0 la Sant\u00e9 Publique et \u00e0 la Population, figurent parmi les nouveaux responsables du gouvernement.<\/p>\n\n\n\n<p>Dans le contexte actuel, marqu\u00e9 par une violence sans pr\u00e9c\u00e9dent de la part des gangs arm\u00e9s, ces nominations sont per\u00e7ues comme une \u00e9tape n\u00e9cessaire pour relancer le pays, malgr\u00e9 les doutes quant \u00e0 la capacit\u00e9 des autorit\u00e9s \u00e0 instaurer la s\u00e9curit\u00e9 et \u00e0 mener des r\u00e9formes structurelles urgentes. Les ministres choisis auront la lourde t\u00e2che de mettre en place des mesures concr\u00e8tes pour apaiser la situation s\u00e9curitaire et r\u00e9tablir un climat de stabilit\u00e9 propice aux \u00e9lections, tout en r\u00e9pondant aux besoins \u00e9conomiques et sociaux du peuple ha\u00eftien.<\/p>\n\n\n\n<p>En parall\u00e8le, la nomination de <strong>Patrick Sully W. Joseph<\/strong> en tant que Secr\u00e9taire d\u2019\u00c9tat aux Collectivit\u00e9s Territoriales marque un pas suppl\u00e9mentaire vers la gestion d\u00e9centralis\u00e9e des crises locales, crucial pour assurer la coordination entre l\u2019\u00c9tat central et les diff\u00e9rentes collectivit\u00e9s.<\/p>\n\n\n\n<p>Voici les principales nominations :<\/p>\n\n\n\n<p>\u2022 <strong>Paul Antoine Bien-Aim\u00e9<\/strong> : Ministre de l\u2019Int\u00e9rieur et des Collectivit\u00e9s Territoriales<\/p>\n\n\n\n<p>\u2022 <strong>Patrick Pelissier<\/strong> : Ministre de la Justice et de la S\u00e9curit\u00e9 Publique<\/p>\n\n\n\n<p>\u2022 <strong>Jean Harvel Victor Jean-Baptiste<\/strong> : Ministre des Affaires \u00c9trang\u00e8res et des Cultes<\/p>\n\n\n\n<p>\u2022 <strong>J.E Kathia Verdier<\/strong> : Ministre des Ha\u00eftiens \u00e0 l\u2019\u00c9tranger<\/p>\n\n\n\n<p>\u2022 <strong>Alfred Metellus<\/strong> : Ministre de l\u2019\u00c9conomie et des Finances<\/p>\n\n\n\n<p>\u2022 <strong>Marie Ketleen Florestal<\/strong> : Ministre de la Planification et de la Coop\u00e9ration Externe<\/p>\n\n\n\n<p>\u2022 <strong>Vernet Joseph<\/strong> : Ministre de l\u2019Agriculture, des Ressources Naturelles et du D\u00e9veloppement Rural<\/p>\n\n\n\n<p>\u2022 <strong>Rapha\u00ebl Hosty<\/strong> : Ministre des Travaux Publics, Transports et Communications<\/p>\n\n\n\n<p>\u2022 <strong>James Monazard<\/strong> : Ministre du Commerce et de l\u2019Industrie<\/p>\n\n\n\n<p>\u2022 <strong>Erick Dessources<\/strong> : Ministre du Tourisme<\/p>\n\n\n\n<p>\u2022 <strong>Mo\u00efse Jean-Pierre<\/strong> : Ministre de l\u2019Environnement<\/p>\n\n\n\n<p>\u2022 <strong>Augustin Antoine<\/strong> : Ministre de l\u2019\u00c9ducation Nationale et de la Formation Professionnelle<\/p>\n\n\n\n<p>\u2022 <strong>Patrick Delatour<\/strong> : Ministre de la Culture et de la Communication<\/p>\n\n\n\n<p>\u2022 <strong>Georges Wilbert Franck<\/strong> : Ministre des Affaires Sociales et du Travail<\/p>\n\n\n\n<p>\u2022 <strong>Duckenson Lorthe Blema<\/strong> : Ministre de la Sant\u00e9 Publique et de la Population<\/p>\n\n\n\n<p>\u2022 <strong>P\u00e9drica Saint-Jean<\/strong> : Ministre de la Condition F\u00e9minine et des Droits de la Femme<\/p>\n\n\n\n<p>\u2022 <strong>Niola Devalis Octavius<\/strong> : Ministre de la Jeunesse, des Sports et de l\u2019Action Civique<\/p>\n\n\n\n<p>\u2022 <strong>Jean Michel Mo\u00efse<\/strong> : Ministre de la D\u00e9fense<\/p>\n\n\n\n<p>La formation de ce nouveau gouvernement intervient dans un contexte de m\u00e9fiance populaire accrue, la population ha\u00eftienne \u00e9tant de plus en plus frustr\u00e9e par la lenteur des r\u00e9formes et les conflits internes qui freinent l\u2019action gouvernementale. Il reste \u00e0 voir si ce cabinet parviendra \u00e0 restaurer la confiance de la population et \u00e0 mettre en \u0153uvre les politiques n\u00e9cessaires pour un retour \u00e0 la stabilit\u00e9.<\/p>\n\n    <div class=\"xs_social_share_widget xs_share_url after_content \t\tmain_content  wslu-style-3 wslu-share-box-shaped wslu-fill-brand-hover-colored wslu-share-m-5 wslu-none wslu-share-horizontal wslu-theme-font-no wslu-main_content\">\n\n\t\t\n        <ul>\n\t\t\t                    <li class=\"xs-share-li twitter                        wslu-no-extra-data\">\n                        <a href=\"javascript:void(0);\"\n                           id=\"xs_feed_twitter\"\n                           onclick=\"xs_social_sharer(this);\"\n                           data-pid=\"2665\"\n                           data-uri_hash=\"86edb5ffbf75be81c46f22a43a1834ab\"\n                           data-key=\"twitter\"\n                           data-xs-href=\"https:\/\/twitter.com\/intent\/tweet?text=Alix+Didier+Fils-Aim%C3%A9+d%C3%A9voile+son+gouvernement+https%3A%2F%2Fvelipost.com%2Findex.php%3Frest_route%3D%252Fwp%252Fv2%252Fposts%252F2665&amp;original_referer=https%3A%2F%2Fvelipost.com%2Findex.php%3Frest_route%3D%252Fwp%252Fv2%252Fposts%252F2665&amp;related=xpeedstudio\">\n\n                            <div class=\"xs-social-icon\">\n                                <span class=\"met-social met-social-twitter\"><\/span>\n                            <\/div>\n\n\t\t\t\t\t\t\t\n                            <div class=\"wslu-hover-content\">\n                                <div class=\"xs-social-followers\">\n\t\t\t\t\t\t\t\t\t10                                <\/div>\n                                <div class=\"xs-social-follower-text\">\n\t\t\t\t\t\t\t\t\tShare                                <\/div>\n                                <div class=\"xs-social-follower-label\">\n\t\t\t\t\t\t\t\t\tTwitter                                <\/div>\n                            <\/div>\n                        <\/a>\n                    <\/li>\n\t\t\t\t\t                    <li class=\"xs-share-li telegram                        wslu-no-extra-data\">\n                        <a href=\"javascript:void(0);\"\n                           id=\"xs_feed_telegram\"\n                           onclick=\"xs_social_sharer(this);\"\n                           data-pid=\"2665\"\n                           data-uri_hash=\"86edb5ffbf75be81c46f22a43a1834ab\"\n                           data-key=\"telegram\"\n                           data-xs-href=\"https:\/\/telegram.me\/share\/url?url=https%3A%2F%2Fvelipost.com%2Findex.php%3Frest_route%3D%252Fwp%252Fv2%252Fposts%252F2665&amp;text=Alix+Didier+Fils-Aim%C3%A9+d%C3%A9voile+son+gouvernement\">\n\n                            <div class=\"xs-social-icon\">\n                                <span class=\"met-social met-social-telegram\"><\/span>\n                            <\/div>\n\n\t\t\t\t\t\t\t\n                            <div class=\"wslu-hover-content\">\n                                <div class=\"xs-social-followers\">\n\t\t\t\t\t\t\t\t\t0                                <\/div>\n                                <div class=\"xs-social-follower-text\">\n\t\t\t\t\t\t\t\t\tShare                                <\/div>\n                                <div class=\"xs-social-follower-label\">\n\t\t\t\t\t\t\t\t\tTelegram                                <\/div>\n                            <\/div>\n                        <\/a>\n                    <\/li>\n\t\t\t\t\t                    <li class=\"xs-share-li email                        wslu-no-extra-data\">\n                        <a href=\"javascript:void(0);\"\n                           id=\"xs_feed_email\"\n                           onclick=\"xs_social_sharer(this);\"\n                           data-pid=\"2665\"\n                           data-uri_hash=\"86edb5ffbf75be81c46f22a43a1834ab\"\n                           data-key=\"email\"\n                           data-xs-href=\"mailto:?body=Title%3A+Alix+Didier+Fils-Aim%C3%A9+d%C3%A9voile+son+gouvernement+%5Cn%5Cn+URL%3A+https%3A%2F%2Fvelipost.com%2Findex.php%3Frest_route%3D%252Fwp%252Fv2%252Fposts%252F2665&amp;subject=Alix+Didier+Fils-Aim%C3%A9+d%C3%A9voile+son+gouvernement\">\n\n                            <div class=\"xs-social-icon\">\n                                <span class=\"met-social met-social-email\"><\/span>\n                            <\/div>\n\n\t\t\t\t\t\t\t\n                            <div class=\"wslu-hover-content\">\n                                <div class=\"xs-social-followers\">\n\t\t\t\t\t\t\t\t\t0                                <\/div>\n                                <div class=\"xs-social-follower-text\">\n\t\t\t\t\t\t\t\t\tShare                                <\/div>\n                                <div class=\"xs-social-follower-label\">\n\t\t\t\t\t\t\t\t\tEmail                                <\/div>\n                            <\/div>\n                        <\/a>\n                    <\/li>\n\t\t\t\t\t        <\/ul>\n    <\/div> \n","protected":false},"excerpt":{"rendered":"<p>Le Premier ministre Alix Didier Fils-Aim\u00e9 a officiellement annonc\u00e9 la formation de son nouveau cabinet minist\u00e9riel ce vendredi 15 novembre, un acte marquant dans<\/p>\n","protected":false},"author":1,"featured_media":2666,"comment_status":"open","ping_status":"open","sticky":false,"template":"","format":"standard","meta":{"_uag_custom_page_level_css":"","footnotes":"","jetpack_publicize_message":"","jetpack_publicize_feature_enabled":true,"jetpack_social_post_already_shared":false,"jetpack_social_options":{"image_generator_settings":{"template":"highway","default_image_id":0,"font":"","enabled":false},"version":2}},"categories":[115],"tags":[],"class_list":["post-2665","post","type-post","status-publish","format-standard","has-post-thumbnail","hentry","category-politique"],"yoast_head":"<!-- This site is optimized with the Yoast SEO plugin v25.3.1 - https:\/\/yoast.com\/wordpress\/plugins\/seo\/ -->\n<title>Alix Didier Fils-Aim\u00e9 d\u00e9voile son gouvernement &#8211; VeliPost<\/title>\n<meta name=\"robots\" content=\"index, follow, max-snippet:-1, max-image-preview:large, max-video-preview:-1\" \/>\n<link rel=\"canonical\" href=\"https:\/\/velipost.com\/?p=2665\" \/>\n<meta property=\"og:locale\" content=\"fr_FR\" \/>\n<meta property=\"og:type\" content=\"article\" \/>\n<meta property=\"og:title\" content=\"Alix Didier Fils-Aim\u00e9 d\u00e9voile son gouvernement &#8211; VeliPost\" \/>\n<meta property=\"og:description\" content=\"Le Premier ministre Alix Didier Fils-Aim\u00e9 a officiellement annonc\u00e9 la formation de son nouveau cabinet minist\u00e9riel ce vendredi 15 novembre, un acte marquant dans\" \/>\n<meta property=\"og:url\" content=\"https:\/\/velipost.com\/?p=2665\" \/>\n<meta property=\"og:site_name\" content=\"VeliPost\" \/>\n<meta property=\"article:publisher\" content=\"https:\/\/www.facebook.com\/veliposthaiti\" \/>\n<meta property=\"article:published_time\" content=\"2024-11-16T02:36:02+00:00\" \/>\n<meta property=\"og:image\" content=\"https:\/\/velipost.com\/wp-content\/uploads\/2024\/11\/GVT.jpg\" \/>\n\t<meta property=\"og:image:width\" content=\"1170\" \/>\n\t<meta property=\"og:image:height\" content=\"603\" \/>\n\t<meta property=\"og:image:type\" content=\"image\/jpeg\" \/>\n<meta name=\"author\" content=\"VeliPost\" \/>\n<meta name=\"twitter:card\" content=\"summary_large_image\" \/>\n<meta name=\"twitter:creator\" content=\"@veliposthaiti\" \/>\n<meta name=\"twitter:site\" content=\"@veliposthaiti\" \/>\n<meta name=\"twitter:label1\" content=\"\u00c9crit par\" \/>\n\t<meta name=\"twitter:data1\" content=\"VeliPost\" \/>\n\t<meta name=\"twitter:label2\" content=\"Dur\u00e9e de lecture estim\u00e9e\" \/>\n\t<meta name=\"twitter:data2\" content=\"4 minutes\" \/>\n<script type=\"application\/ld+json\" class=\"yoast-schema-graph\">{\"@context\":\"https:\/\/schema.org\",\"@graph\":[{\"@type\":\"Article\",\"@id\":\"https:\/\/velipost.com\/?p=2665#article\",\"isPartOf\":{\"@id\":\"https:\/\/velipost.com\/?p=2665\"},\"author\":{\"name\":\"VeliPost\",\"@id\":\"https:\/\/velipost.com\/#\/schema\/person\/32ff49a53c9c1bb24302ee8ece058096\"},\"headline\":\"Alix Didier Fils-Aim\u00e9 d\u00e9voile son gouvernement\",\"datePublished\":\"2024-11-16T02:36:02+00:00\",\"mainEntityOfPage\":{\"@id\":\"https:\/\/velipost.com\/?p=2665\"},\"wordCount\":608,\"commentCount\":0,\"publisher\":{\"@id\":\"https:\/\/velipost.com\/#organization\"},\"image\":{\"@id\":\"https:\/\/velipost.com\/?p=2665#primaryimage\"},\"thumbnailUrl\":\"https:\/\/velipost.com\/wp-content\/uploads\/2024\/11\/GVT.jpg\",\"articleSection\":[\"Politique\"],\"inLanguage\":\"fr-FR\",\"potentialAction\":[{\"@type\":\"CommentAction\",\"name\":\"Comment\",\"target\":[\"https:\/\/velipost.com\/?p=2665#respond\"]}]},{\"@type\":\"WebPage\",\"@id\":\"https:\/\/velipost.com\/?p=2665\",\"url\":\"https:\/\/velipost.com\/?p=2665\",\"name\":\"Alix Didier Fils-Aim\u00e9 d\u00e9voile son gouvernement &#8211; VeliPost\",\"isPartOf\":{\"@id\":\"https:\/\/velipost.com\/#website\"},\"primaryImageOfPage\":{\"@id\":\"https:\/\/velipost.com\/?p=2665#primaryimage\"},\"image\":{\"@id\":\"https:\/\/velipost.com\/?p=2665#primaryimage\"},\"thumbnailUrl\":\"https:\/\/velipost.com\/wp-content\/uploads\/2024\/11\/GVT.jpg\",\"datePublished\":\"2024-11-16T02:36:02+00:00\",\"breadcrumb\":{\"@id\":\"https:\/\/velipost.com\/?p=2665#breadcrumb\"},\"inLanguage\":\"fr-FR\",\"potentialAction\":[{\"@type\":\"ReadAction\",\"target\":[\"https:\/\/velipost.com\/?p=2665\"]}]},{\"@type\":\"ImageObject\",\"inLanguage\":\"fr-FR\",\"@id\":\"https:\/\/velipost.com\/?p=2665#primaryimage\",\"url\":\"https:\/\/velipost.com\/wp-content\/uploads\/2024\/11\/GVT.jpg\",\"contentUrl\":\"https:\/\/velipost.com\/wp-content\/uploads\/2024\/11\/GVT.jpg\",\"width\":1170,\"height\":603},{\"@type\":\"BreadcrumbList\",\"@id\":\"https:\/\/velipost.com\/?p=2665#breadcrumb\",\"itemListElement\":[{\"@type\":\"ListItem\",\"position\":1,\"name\":\"Accueil\",\"item\":\"https:\/\/velipost.com\/\"},{\"@type\":\"ListItem\",\"position\":2,\"name\":\"Alix Didier Fils-Aim\u00e9 d\u00e9voile son gouvernement\"}]},{\"@type\":\"WebSite\",\"@id\":\"https:\/\/velipost.com\/#website\",\"url\":\"https:\/\/velipost.com\/\",\"name\":\"VeliPost\",\"description\":\"L\u2019info en un clic\",\"publisher\":{\"@id\":\"https:\/\/velipost.com\/#organization\"},\"potentialAction\":[{\"@type\":\"SearchAction\",\"target\":{\"@type\":\"EntryPoint\",\"urlTemplate\":\"https:\/\/velipost.com\/?s={search_term_string}\"},\"query-input\":{\"@type\":\"PropertyValueSpecification\",\"valueRequired\":true,\"valueName\":\"search_term_string\"}}],\"inLanguage\":\"fr-FR\"},{\"@type\":\"Organization\",\"@id\":\"https:\/\/velipost.com\/#organization\",\"name\":\"VeliPost\",\"url\":\"https:\/\/velipost.com\/\",\"logo\":{\"@type\":\"ImageObject\",\"inLanguage\":\"fr-FR\",\"@id\":\"https:\/\/velipost.com\/#\/schema\/logo\/image\/\",\"url\":\"https:\/\/velipost.com\/wp-content\/uploads\/2024\/08\/cropped-VP-logo-piti.png\",\"contentUrl\":\"https:\/\/velipost.com\/wp-content\/uploads\/2024\/08\/cropped-VP-logo-piti.png\",\"width\":201,\"height\":69,\"caption\":\"VeliPost\"},\"image\":{\"@id\":\"https:\/\/velipost.com\/#\/schema\/logo\/image\/\"},\"sameAs\":[\"https:\/\/www.facebook.com\/veliposthaiti\",\"https:\/\/x.com\/veliposthaiti\",\"https:\/\/www.instagram.com\/veliposthaiti\"]},{\"@type\":\"Person\",\"@id\":\"https:\/\/velipost.com\/#\/schema\/person\/32ff49a53c9c1bb24302ee8ece058096\",\"name\":\"VeliPost\",\"image\":{\"@type\":\"ImageObject\",\"inLanguage\":\"fr-FR\",\"@id\":\"https:\/\/velipost.com\/#\/schema\/person\/image\/\",\"url\":\"https:\/\/secure.gravatar.com\/avatar\/57c226c264de62f794185a89596d4a37b85a5ad20aca30d9d5a478b27d8c8d9d?s=96&d=mm&r=g\",\"contentUrl\":\"https:\/\/secure.gravatar.com\/avatar\/57c226c264de62f794185a89596d4a37b85a5ad20aca30d9d5a478b27d8c8d9d?s=96&d=mm&r=g\",\"caption\":\"VeliPost\"},\"sameAs\":[\"https:\/\/velipost.com\"],\"url\":\"https:\/\/velipost.com\/?author=1\"}]}<\/script>\n<!-- \/ Yoast SEO plugin. -->","yoast_head_json":{"title":"Alix Didier Fils-Aim\u00e9 d\u00e9voile son gouvernement &#8211; VeliPost","robots":{"index":"index","follow":"follow","max-snippet":"max-snippet:-1","max-image-preview":"max-image-preview:large","max-video-preview":"max-video-preview:-1"},"canonical":"https:\/\/velipost.com\/?p=2665","og_locale":"fr_FR","og_type":"article","og_title":"Alix Didier Fils-Aim\u00e9 d\u00e9voile son gouvernement &#8211; VeliPost","og_description":"Le Premier ministre Alix Didier Fils-Aim\u00e9 a officiellement annonc\u00e9 la formation de son nouveau cabinet minist\u00e9riel ce vendredi 15 novembre, un acte marquant dans","og_url":"https:\/\/velipost.com\/?p=2665","og_site_name":"VeliPost","article_publisher":"https:\/\/www.facebook.com\/veliposthaiti","article_published_time":"2024-11-16T02:36:02+00:00","og_image":[{"width":1170,"height":603,"url":"https:\/\/velipost.com\/wp-content\/uploads\/2024\/11\/GVT.jpg","type":"image\/jpeg"}],"author":"VeliPost","twitter_card":"summary_large_image","twitter_creator":"@veliposthaiti","twitter_site":"@veliposthaiti","twitter_misc":{"\u00c9crit par":"VeliPost","Dur\u00e9e de lecture estim\u00e9e":"4 minutes"},"schema":{"@context":"https:\/\/schema.org","@graph":[{"@type":"Article","@id":"https:\/\/velipost.com\/?p=2665#article","isPartOf":{"@id":"https:\/\/velipost.com\/?p=2665"},"author":{"name":"VeliPost","@id":"https:\/\/velipost.com\/#\/schema\/person\/32ff49a53c9c1bb24302ee8ece058096"},"headline":"Alix Didier Fils-Aim\u00e9 d\u00e9voile son gouvernement","datePublished":"2024-11-16T02:36:02+00:00","mainEntityOfPage":{"@id":"https:\/\/velipost.com\/?p=2665"},"wordCount":608,"commentCount":0,"publisher":{"@id":"https:\/\/velipost.com\/#organization"},"image":{"@id":"https:\/\/velipost.com\/?p=2665#primaryimage"},"thumbnailUrl":"https:\/\/velipost.com\/wp-content\/uploads\/2024\/11\/GVT.jpg","articleSection":["Politique"],"inLanguage":"fr-FR","potentialAction":[{"@type":"CommentAction","name":"Comment","target":["https:\/\/velipost.com\/?p=2665#respond"]}]},{"@type":"WebPage","@id":"https:\/\/velipost.com\/?p=2665","url":"https:\/\/velipost.com\/?p=2665","name":"Alix Didier Fils-Aim\u00e9 d\u00e9voile son gouvernement &#8211; VeliPost","isPartOf":{"@id":"https:\/\/velipost.com\/#website"},"primaryImageOfPage":{"@id":"https:\/\/velipost.com\/?p=2665#primaryimage"},"image":{"@id":"https:\/\/velipost.com\/?p=2665#primaryimage"},"thumbnailUrl":"https:\/\/velipost.com\/wp-content\/uploads\/2024\/11\/GVT.jpg","datePublished":"2024-11-16T02:36:02+00:00","breadcrumb":{"@id":"https:\/\/velipost.com\/?p=2665#breadcrumb"},"inLanguage":"fr-FR","potentialAction":[{"@type":"ReadAction","target":["https:\/\/velipost.com\/?p=2665"]}]},{"@type":"ImageObject","inLanguage":"fr-FR","@id":"https:\/\/velipost.com\/?p=2665#primaryimage","url":"https:\/\/velipost.com\/wp-content\/uploads\/2024\/11\/GVT.jpg","contentUrl":"https:\/\/velipost.com\/wp-content\/uploads\/2024\/11\/GVT.jpg","width":1170,"height":603},{"@type":"BreadcrumbList","@id":"https:\/\/velipost.com\/?p=2665#breadcrumb","itemListElement":[{"@type":"ListItem","position":1,"name":"Accueil","item":"https:\/\/velipost.com\/"},{"@type":"ListItem","position":2,"name":"Alix Didier Fils-Aim\u00e9 d\u00e9voile son gouvernement"}]},{"@type":"WebSite","@id":"https:\/\/velipost.com\/#website","url":"https:\/\/velipost.com\/","name":"VeliPost","description":"L\u2019info en un clic","publisher":{"@id":"https:\/\/velipost.com\/#organization"},"potentialAction":[{"@type":"SearchAction","target":{"@type":"EntryPoint","urlTemplate":"https:\/\/velipost.com\/?s={search_term_string}"},"query-input":{"@type":"PropertyValueSpecification","valueRequired":true,"valueName":"search_term_string"}}],"inLanguage":"fr-FR"},{"@type":"Organization","@id":"https:\/\/velipost.com\/#organization","name":"VeliPost","url":"https:\/\/velipost.com\/","logo":{"@type":"ImageObject","inLanguage":"fr-FR","@id":"https:\/\/velipost.com\/#\/schema\/logo\/image\/","url":"https:\/\/velipost.com\/wp-content\/uploads\/2024\/08\/cropped-VP-logo-piti.png","contentUrl":"https:\/\/velipost.com\/wp-content\/uploads\/2024\/08\/cropped-VP-logo-piti.png","width":201,"height":69,"caption":"VeliPost"},"image":{"@id":"https:\/\/velipost.com\/#\/schema\/logo\/image\/"},"sameAs":["https:\/\/www.facebook.com\/veliposthaiti","https:\/\/x.com\/veliposthaiti","https:\/\/www.instagram.com\/veliposthaiti"]},{"@type":"Person","@id":"https:\/\/velipost.com\/#\/schema\/person\/32ff49a53c9c1bb24302ee8ece058096","name":"VeliPost","image":{"@type":"ImageObject","inLanguage":"fr-FR","@id":"https:\/\/velipost.com\/#\/schema\/person\/image\/","url":"https:\/\/secure.gravatar.com\/avatar\/57c226c264de62f794185a89596d4a37b85a5ad20aca30d9d5a478b27d8c8d9d?s=96&d=mm&r=g","contentUrl":"https:\/\/secure.gravatar.com\/avatar\/57c226c264de62f794185a89596d4a37b85a5ad20aca30d9d5a478b27d8c8d9d?s=96&d=mm&r=g","caption":"VeliPost"},"sameAs":["https:\/\/velipost.com"],"url":"https:\/\/velipost.com\/?author=1"}]}},"views":2,"jetpack_publicize_connections":[],"uagb_featured_image_src":{"full":["https:\/\/velipost.com\/wp-content\/uploads\/2024\/11\/GVT.jpg",1170,603,false],"thumbnail":["https:\/\/velipost.com\/wp-content\/uploads\/2024\/11\/GVT-150x150.jpg",150,150,true],"medium":["https:\/\/velipost.com\/wp-content\/uploads\/2024\/11\/GVT-300x155.jpg",300,155,true],"medium_large":["https:\/\/velipost.com\/wp-content\/uploads\/2024\/11\/GVT-768x396.jpg",715,369,true],"large":["https:\/\/velipost.com\/wp-content\/uploads\/2024\/11\/GVT-1024x528.jpg",715,369,true],"1536x1536":["https:\/\/velipost.com\/wp-content\/uploads\/2024\/11\/GVT.jpg",1170,603,false],"2048x2048":["https:\/\/velipost.com\/wp-content\/uploads\/2024\/11\/GVT.jpg",1170,603,false],"colornews-big-slider":["https:\/\/velipost.com\/wp-content\/uploads\/2024\/11\/GVT-1070x470.jpg",1070,470,true],"colornews-big-slider-thumb":["https:\/\/velipost.com\/wp-content\/uploads\/2024\/11\/GVT-184x109.jpg",184,109,true],"colornews-featured-post-medium":["https:\/\/velipost.com\/wp-content\/uploads\/2024\/11\/GVT-345x265.jpg",345,265,true],"colornews-featured-post-small":["https:\/\/velipost.com\/wp-content\/uploads\/2024\/11\/GVT-115x73.jpg",115,73,true],"colornews-random-posts":["https:\/\/velipost.com\/wp-content\/uploads\/2024\/11\/GVT-215x215.jpg",215,215,true],"colornews-featured-image":["https:\/\/velipost.com\/wp-content\/uploads\/2024\/11\/GVT-715x400.jpg",715,400,true],"mailpoet_newsletter_max":["https:\/\/velipost.com\/wp-content\/uploads\/2024\/11\/GVT.jpg",1170,603,false]},"uagb_author_info":{"display_name":"VeliPost","author_link":"https:\/\/velipost.com\/?author=1"},"uagb_comment_info":0,"uagb_excerpt":"Le Premier ministre Alix Didier Fils-Aim\u00e9 a officiellement annonc\u00e9 la formation de son nouveau cabinet minist\u00e9riel ce vendredi 15 novembre, un acte marquant dans","_links":{"self":[{"href":"https:\/\/velipost.com\/index.php?rest_route=\/wp\/v2\/posts\/2665","targetHints":{"allow":["GET"]}}],"collection":[{"href":"https:\/\/velipost.com\/index.php?rest_route=\/wp\/v2\/posts"}],"about":[{"href":"https:\/\/velipost.com\/index.php?rest_route=\/wp\/v2\/types\/post"}],"author":[{"embeddable":true,"href":"https:\/\/velipost.com\/index.php?rest_route=\/wp\/v2\/users\/1"}],"replies":[{"embeddable":true,"href":"https:\/\/velipost.com\/index.php?rest_route=%2Fwp%2Fv2%2Fcomments&post=2665"}],"version-history":[{"count":1,"href":"https:\/\/velipost.com\/index.php?rest_route=\/wp\/v2\/posts\/2665\/revisions"}],"predecessor-version":[{"id":2667,"href":"https:\/\/velipost.com\/index.php?rest_route=\/wp\/v2\/posts\/2665\/revisions\/2667"}],"wp:featuredmedia":[{"embeddable":true,"href":"https:\/\/velipost.com\/index.php?rest_route=\/wp\/v2\/media\/2666"}],"wp:attachment":[{"href":"https:\/\/velipost.com\/index.php?rest_route=%2Fwp%2Fv2%2Fmedia&parent=2665"}],"wp:term":[{"taxonomy":"category","embeddable":true,"href":"https:\/\/velipost.com\/index.php?rest_route=%2Fwp%2Fv2%2Fcategories&post=2665"},{"taxonomy":"post_tag","embeddable":true,"href":"https:\/\/velipost.com\/index.php?rest_route=%2Fwp%2Fv2%2Ftags&post=2665"}],"curies":[{"name":"wp","href":"https:\/\/api.w.org\/{rel}","templated":true}]}}