{"id":2614,"date":"2024-10-29T14:35:34","date_gmt":"2024-10-29T13:35:34","guid":{"rendered":"https:\/\/velipost.com\/?p=2614"},"modified":"2024-10-29T14:35:34","modified_gmt":"2024-10-29T13:35:34","slug":"vinicius-jr-et-le-ballon-dor-le-poids-de-la-lutte-contre-le-racisme","status":"publish","type":"post","link":"https:\/\/velipost.com\/?p=2614","title":{"rendered":"Vinicius Jr. et le Ballon d\u2019Or : le poids de la lutte contre le racisme"},"content":{"rendered":"\n<p>Le 28 octobre 2024, Vinicius Jr., attaquant br\u00e9silien du Real Madrid, a r\u00e9affirm\u00e9 sa d\u00e9termination \u00e0 continuer de lutter contre le racisme, un engagement qui, selon lui, pourrait avoir influenc\u00e9 les r\u00e9sultats de la course au Ballon d\u2019Or, o\u00f9 il a termin\u00e9 en seconde position derri\u00e8re le milieu de terrain espagnol de Manchester City, Rodri. Cet \u00e9v\u00e9nement a suscit\u00e9 de vives r\u00e9actions au sein de la communaut\u00e9 footballistique, de ses co\u00e9quipiers et de ses fans.<\/p>\n\n\n\n<p>Apr\u00e8s l\u2019annonce des r\u00e9sultats, Vinicius a partag\u00e9 un message ambigu sur X (anciennement Twitter) en d\u00e9clarant : \u00ab Je le ferai dix fois si n\u00e9cessaire. Ils ne sont pas pr\u00eats. \u00bb Un message interpr\u00e9t\u00e9 par son entourage comme une r\u00e9f\u00e9rence \u00e0 sa campagne contre le racisme, qui a pris une ampleur particuli\u00e8re cette ann\u00e9e apr\u00e8s plusieurs incidents de racisme en Espagne. Le Real Madrid, dans un acte de soutien, a annul\u00e9 sa participation \u00e0 la c\u00e9r\u00e9monie de remise des prix, anticipant que Vinicius ne serait pas le laur\u00e9at du Ballon d\u2019Or masculin, malgr\u00e9 ses performances exceptionnelles.<\/p>\n\n\n\n<p>Vinicius Jr. est devenu un symbole de la lutte contre le racisme dans le football, d\u00e9non\u00e7ant sans rel\u00e2che les abus dont il est victime, notamment en Liga. En r\u00e9ponse \u00e0 sa d\u00e9faite au Ballon d\u2019Or, Eduardo Camavinga, son co\u00e9quipier au Real Madrid, a exprim\u00e9 son soutien sur les r\u00e9seaux sociaux en affirmant que Vinicius \u00e9tait le \u00ab meilleur joueur du monde \u00bb, ind\u00e9pendamment des r\u00e9compenses officielles. Marta, l\u00e9gende du football br\u00e9silien, a \u00e9galement r\u00e9agi en exprimant sa d\u00e9ception, expliquant qu\u2019elle s\u2019attendait \u00e0 voir Vinicius reconnu \u00e0 sa juste valeur.<\/p>\n\n\n\n<p>Depuis plusieurs mois, Vinicius Jr. a pris position publiquement contre le racisme, recevant le soutien de ses fans mais aussi de nombreux critiques, qui estiment que sa prise de position pourrait d\u00e9tourner l\u2019attention de ses performances sportives. Le jeune joueur a m\u00eame \u00e9t\u00e9 victime d\u2019attaques racistes de la part de supporters et a attir\u00e9 l\u2019attention des autorit\u00e9s espagnoles, qui ont men\u00e9 des enqu\u00eates et prononc\u00e9 plusieurs condamnations.<\/p>\n\n\n\n<p>La F\u00e9d\u00e9ration internationale de football (FIFA) a \u00e9galement exprim\u00e9 son soutien envers le joueur, affirmant qu\u2019elle travaille activement pour \u00e9radiquer le racisme dans les stades. Cet engagement a permis \u00e0 Vinicius de devenir un porte-parole involontaire contre les abus raciaux dans le football, mettant en lumi\u00e8re les d\u00e9fis auxquels les joueurs noirs continuent de faire face, m\u00eame au plus haut niveau du sport.<\/p>\n\n\n\n<p>Les d\u00e9clarations de Vinicius Jr. et l\u2019acte de soutien du Real Madrid en boycottant la c\u00e9r\u00e9monie du Ballon d\u2019Or soulignent le poids de la lutte contre le racisme dans le football, et les sacrifices personnels que de nombreux athl\u00e8tes doivent faire pour d\u00e9fendre leurs valeurs. Si certains estiment que cet activisme pourrait entraver sa carri\u00e8re, d\u2019autres y voient un signal fort pour faire \u00e9voluer les mentalit\u00e9s dans ce sport.<\/p>\n\n\n\n<p>Vinicius Jr. se pose aujourd\u2019hui en mod\u00e8le pour la jeune g\u00e9n\u00e9ration de footballeurs, illustrant que le combat pour l\u2019\u00e9galit\u00e9 va au-del\u00e0 des terrains et exige parfois de renoncer \u00e0 des distinctions personnelles pour d\u00e9fendre une cause plus grande. La pol\u00e9mique autour de cette \u00e9dition du Ballon d\u2019Or pourrait, \u00e0 terme, stimuler de nouvelles discussions sur les crit\u00e8res de s\u00e9lection et la mani\u00e8re dont le football r\u00e9compense ses talents, en prenant davantage en compte le r\u00f4le social des athl\u00e8tes.<\/p>\n\n    <div class=\"xs_social_share_widget xs_share_url after_content \t\tmain_content  wslu-style-3 wslu-share-box-shaped wslu-fill-brand-hover-colored wslu-share-m-5 wslu-none wslu-share-horizontal wslu-theme-font-no wslu-main_content\">\n\n\t\t\n        <ul>\n\t\t\t                    <li class=\"xs-share-li twitter                        wslu-no-extra-data\">\n                        <a href=\"javascript:void(0);\"\n                           id=\"xs_feed_twitter\"\n                           onclick=\"xs_social_sharer(this);\"\n                           data-pid=\"2614\"\n                           data-uri_hash=\"3c491815978d8866bcf5f2dc5afab891\"\n                           data-key=\"twitter\"\n                           data-xs-href=\"https:\/\/twitter.com\/intent\/tweet?text=Vinicius+Jr.+et+le+Ballon+d%E2%80%99Or+%3A+le+poids+de+la+lutte+contre+le+racisme+https%3A%2F%2Fvelipost.com%2Findex.php%3Frest_route%3D%252Fwp%252Fv2%252Fposts%252F2614&amp;original_referer=https%3A%2F%2Fvelipost.com%2Findex.php%3Frest_route%3D%252Fwp%252Fv2%252Fposts%252F2614&amp;related=xpeedstudio\">\n\n                            <div class=\"xs-social-icon\">\n                                <span class=\"met-social met-social-twitter\"><\/span>\n                            <\/div>\n\n\t\t\t\t\t\t\t\n                            <div class=\"wslu-hover-content\">\n                                <div class=\"xs-social-followers\">\n\t\t\t\t\t\t\t\t\t10                                <\/div>\n                                <div class=\"xs-social-follower-text\">\n\t\t\t\t\t\t\t\t\tShare                                <\/div>\n                                <div class=\"xs-social-follower-label\">\n\t\t\t\t\t\t\t\t\tTwitter                                <\/div>\n                            <\/div>\n                        <\/a>\n                    <\/li>\n\t\t\t\t\t                    <li class=\"xs-share-li telegram                        wslu-no-extra-data\">\n                        <a href=\"javascript:void(0);\"\n                           id=\"xs_feed_telegram\"\n                           onclick=\"xs_social_sharer(this);\"\n                           data-pid=\"2614\"\n                           data-uri_hash=\"3c491815978d8866bcf5f2dc5afab891\"\n                           data-key=\"telegram\"\n                           data-xs-href=\"https:\/\/telegram.me\/share\/url?url=https%3A%2F%2Fvelipost.com%2Findex.php%3Frest_route%3D%252Fwp%252Fv2%252Fposts%252F2614&amp;text=Vinicius+Jr.+et+le+Ballon+d%E2%80%99Or+%3A+le+poids+de+la+lutte+contre+le+racisme\">\n\n                            <div class=\"xs-social-icon\">\n                                <span class=\"met-social met-social-telegram\"><\/span>\n                            <\/div>\n\n\t\t\t\t\t\t\t\n                            <div class=\"wslu-hover-content\">\n                                <div class=\"xs-social-followers\">\n\t\t\t\t\t\t\t\t\t0                                <\/div>\n                                <div class=\"xs-social-follower-text\">\n\t\t\t\t\t\t\t\t\tShare                                <\/div>\n                                <div class=\"xs-social-follower-label\">\n\t\t\t\t\t\t\t\t\tTelegram                                <\/div>\n                            <\/div>\n                        <\/a>\n                    <\/li>\n\t\t\t\t\t                    <li class=\"xs-share-li email                        wslu-no-extra-data\">\n                        <a href=\"javascript:void(0);\"\n                           id=\"xs_feed_email\"\n                           onclick=\"xs_social_sharer(this);\"\n                           data-pid=\"2614\"\n                           data-uri_hash=\"3c491815978d8866bcf5f2dc5afab891\"\n                           data-key=\"email\"\n                           data-xs-href=\"mailto:?body=Title%3A+Vinicius+Jr.+et+le+Ballon+d%E2%80%99Or+%3A+le+poids+de+la+lutte+contre+le+racisme+%5Cn%5Cn+URL%3A+https%3A%2F%2Fvelipost.com%2Findex.php%3Frest_route%3D%252Fwp%252Fv2%252Fposts%252F2614&amp;subject=Vinicius+Jr.+et+le+Ballon+d%E2%80%99Or+%3A+le+poids+de+la+lutte+contre+le+racisme\">\n\n                            <div class=\"xs-social-icon\">\n                                <span class=\"met-social met-social-email\"><\/span>\n                            <\/div>\n\n\t\t\t\t\t\t\t\n                            <div class=\"wslu-hover-content\">\n                                <div class=\"xs-social-followers\">\n\t\t\t\t\t\t\t\t\t0                                <\/div>\n                                <div class=\"xs-social-follower-text\">\n\t\t\t\t\t\t\t\t\tShare                                <\/div>\n                                <div class=\"xs-social-follower-label\">\n\t\t\t\t\t\t\t\t\tEmail                                <\/div>\n                            <\/div>\n                        <\/a>\n                    <\/li>\n\t\t\t\t\t        <\/ul>\n    <\/div> \n","protected":false},"excerpt":{"rendered":"<p>Le 28 octobre 2024, Vinicius Jr., attaquant br\u00e9silien du Real Madrid, a r\u00e9affirm\u00e9 sa d\u00e9termination \u00e0 continuer de lutter contre le racisme, un engagement<\/p>\n","protected":false},"author":1,"featured_media":2615,"comment_status":"open","ping_status":"open","sticky":false,"template":"","format":"standard","meta":{"_uag_custom_page_level_css":"","footnotes":"","jetpack_publicize_message":"","jetpack_publicize_feature_enabled":true,"jetpack_social_post_already_shared":false,"jetpack_social_options":{"image_generator_settings":{"template":"highway","default_image_id":0,"font":"","enabled":false},"version":2}},"categories":[6],"tags":[],"class_list":["post-2614","post","type-post","status-publish","format-standard","has-post-thumbnail","hentry","category-sport"],"yoast_head":"<!-- This site is optimized with the Yoast SEO plugin v25.3.1 - https:\/\/yoast.com\/wordpress\/plugins\/seo\/ -->\n<title>Vinicius Jr. et le Ballon d\u2019Or : le poids de la lutte contre le racisme &#8211; VeliPost<\/title>\n<meta name=\"robots\" content=\"index, follow, max-snippet:-1, max-image-preview:large, max-video-preview:-1\" \/>\n<link rel=\"canonical\" href=\"https:\/\/velipost.com\/?p=2614\" \/>\n<meta property=\"og:locale\" content=\"fr_FR\" \/>\n<meta property=\"og:type\" content=\"article\" \/>\n<meta property=\"og:title\" content=\"Vinicius Jr. et le Ballon d\u2019Or : le poids de la lutte contre le racisme &#8211; VeliPost\" \/>\n<meta property=\"og:description\" content=\"Le 28 octobre 2024, Vinicius Jr., attaquant br\u00e9silien du Real Madrid, a r\u00e9affirm\u00e9 sa d\u00e9termination \u00e0 continuer de lutter contre le racisme, un engagement\" \/>\n<meta property=\"og:url\" content=\"https:\/\/velipost.com\/?p=2614\" \/>\n<meta property=\"og:site_name\" content=\"VeliPost\" \/>\n<meta property=\"article:publisher\" content=\"https:\/\/www.facebook.com\/veliposthaiti\" \/>\n<meta property=\"article:published_time\" content=\"2024-10-29T13:35:34+00:00\" \/>\n<meta property=\"og:image\" content=\"https:\/\/velipost.com\/wp-content\/uploads\/2024\/10\/vini.jpg\" \/>\n\t<meta property=\"og:image:width\" content=\"1170\" \/>\n\t<meta property=\"og:image:height\" content=\"603\" \/>\n\t<meta property=\"og:image:type\" content=\"image\/jpeg\" \/>\n<meta name=\"author\" content=\"VeliPost\" \/>\n<meta name=\"twitter:card\" content=\"summary_large_image\" \/>\n<meta name=\"twitter:creator\" content=\"@veliposthaiti\" \/>\n<meta name=\"twitter:site\" content=\"@veliposthaiti\" \/>\n<meta name=\"twitter:label1\" content=\"\u00c9crit par\" \/>\n\t<meta name=\"twitter:data1\" content=\"VeliPost\" \/>\n\t<meta name=\"twitter:label2\" content=\"Dur\u00e9e de lecture estim\u00e9e\" \/>\n\t<meta name=\"twitter:data2\" content=\"3 minutes\" \/>\n<script type=\"application\/ld+json\" class=\"yoast-schema-graph\">{\"@context\":\"https:\/\/schema.org\",\"@graph\":[{\"@type\":\"Article\",\"@id\":\"https:\/\/velipost.com\/?p=2614#article\",\"isPartOf\":{\"@id\":\"https:\/\/velipost.com\/?p=2614\"},\"author\":{\"name\":\"VeliPost\",\"@id\":\"https:\/\/velipost.com\/#\/schema\/person\/32ff49a53c9c1bb24302ee8ece058096\"},\"headline\":\"Vinicius Jr. et le Ballon d\u2019Or : le poids de la lutte contre le racisme\",\"datePublished\":\"2024-10-29T13:35:34+00:00\",\"mainEntityOfPage\":{\"@id\":\"https:\/\/velipost.com\/?p=2614\"},\"wordCount\":614,\"commentCount\":0,\"publisher\":{\"@id\":\"https:\/\/velipost.com\/#organization\"},\"image\":{\"@id\":\"https:\/\/velipost.com\/?p=2614#primaryimage\"},\"thumbnailUrl\":\"https:\/\/velipost.com\/wp-content\/uploads\/2024\/10\/vini.jpg\",\"articleSection\":[\"Sport\"],\"inLanguage\":\"fr-FR\",\"potentialAction\":[{\"@type\":\"CommentAction\",\"name\":\"Comment\",\"target\":[\"https:\/\/velipost.com\/?p=2614#respond\"]}]},{\"@type\":\"WebPage\",\"@id\":\"https:\/\/velipost.com\/?p=2614\",\"url\":\"https:\/\/velipost.com\/?p=2614\",\"name\":\"Vinicius Jr. et le Ballon d\u2019Or : le poids de la lutte contre le racisme &#8211; VeliPost\",\"isPartOf\":{\"@id\":\"https:\/\/velipost.com\/#website\"},\"primaryImageOfPage\":{\"@id\":\"https:\/\/velipost.com\/?p=2614#primaryimage\"},\"image\":{\"@id\":\"https:\/\/velipost.com\/?p=2614#primaryimage\"},\"thumbnailUrl\":\"https:\/\/velipost.com\/wp-content\/uploads\/2024\/10\/vini.jpg\",\"datePublished\":\"2024-10-29T13:35:34+00:00\",\"breadcrumb\":{\"@id\":\"https:\/\/velipost.com\/?p=2614#breadcrumb\"},\"inLanguage\":\"fr-FR\",\"potentialAction\":[{\"@type\":\"ReadAction\",\"target\":[\"https:\/\/velipost.com\/?p=2614\"]}]},{\"@type\":\"ImageObject\",\"inLanguage\":\"fr-FR\",\"@id\":\"https:\/\/velipost.com\/?p=2614#primaryimage\",\"url\":\"https:\/\/velipost.com\/wp-content\/uploads\/2024\/10\/vini.jpg\",\"contentUrl\":\"https:\/\/velipost.com\/wp-content\/uploads\/2024\/10\/vini.jpg\",\"width\":1170,\"height\":603},{\"@type\":\"BreadcrumbList\",\"@id\":\"https:\/\/velipost.com\/?p=2614#breadcrumb\",\"itemListElement\":[{\"@type\":\"ListItem\",\"position\":1,\"name\":\"Accueil\",\"item\":\"https:\/\/velipost.com\/\"},{\"@type\":\"ListItem\",\"position\":2,\"name\":\"Vinicius Jr. et le Ballon d\u2019Or : le poids de la lutte contre le racisme\"}]},{\"@type\":\"WebSite\",\"@id\":\"https:\/\/velipost.com\/#website\",\"url\":\"https:\/\/velipost.com\/\",\"name\":\"VeliPost\",\"description\":\"L\u2019info en un clic\",\"publisher\":{\"@id\":\"https:\/\/velipost.com\/#organization\"},\"potentialAction\":[{\"@type\":\"SearchAction\",\"target\":{\"@type\":\"EntryPoint\",\"urlTemplate\":\"https:\/\/velipost.com\/?s={search_term_string}\"},\"query-input\":{\"@type\":\"PropertyValueSpecification\",\"valueRequired\":true,\"valueName\":\"search_term_string\"}}],\"inLanguage\":\"fr-FR\"},{\"@type\":\"Organization\",\"@id\":\"https:\/\/velipost.com\/#organization\",\"name\":\"VeliPost\",\"url\":\"https:\/\/velipost.com\/\",\"logo\":{\"@type\":\"ImageObject\",\"inLanguage\":\"fr-FR\",\"@id\":\"https:\/\/velipost.com\/#\/schema\/logo\/image\/\",\"url\":\"https:\/\/velipost.com\/wp-content\/uploads\/2024\/08\/cropped-VP-logo-piti.png\",\"contentUrl\":\"https:\/\/velipost.com\/wp-content\/uploads\/2024\/08\/cropped-VP-logo-piti.png\",\"width\":201,\"height\":69,\"caption\":\"VeliPost\"},\"image\":{\"@id\":\"https:\/\/velipost.com\/#\/schema\/logo\/image\/\"},\"sameAs\":[\"https:\/\/www.facebook.com\/veliposthaiti\",\"https:\/\/x.com\/veliposthaiti\",\"https:\/\/www.instagram.com\/veliposthaiti\"]},{\"@type\":\"Person\",\"@id\":\"https:\/\/velipost.com\/#\/schema\/person\/32ff49a53c9c1bb24302ee8ece058096\",\"name\":\"VeliPost\",\"image\":{\"@type\":\"ImageObject\",\"inLanguage\":\"fr-FR\",\"@id\":\"https:\/\/velipost.com\/#\/schema\/person\/image\/\",\"url\":\"https:\/\/secure.gravatar.com\/avatar\/57c226c264de62f794185a89596d4a37b85a5ad20aca30d9d5a478b27d8c8d9d?s=96&d=mm&r=g\",\"contentUrl\":\"https:\/\/secure.gravatar.com\/avatar\/57c226c264de62f794185a89596d4a37b85a5ad20aca30d9d5a478b27d8c8d9d?s=96&d=mm&r=g\",\"caption\":\"VeliPost\"},\"sameAs\":[\"https:\/\/velipost.com\"],\"url\":\"https:\/\/velipost.com\/?author=1\"}]}<\/script>\n<!-- \/ Yoast SEO plugin. -->","yoast_head_json":{"title":"Vinicius Jr. et le Ballon d\u2019Or : le poids de la lutte contre le racisme &#8211; VeliPost","robots":{"index":"index","follow":"follow","max-snippet":"max-snippet:-1","max-image-preview":"max-image-preview:large","max-video-preview":"max-video-preview:-1"},"canonical":"https:\/\/velipost.com\/?p=2614","og_locale":"fr_FR","og_type":"article","og_title":"Vinicius Jr. et le Ballon d\u2019Or : le poids de la lutte contre le racisme &#8211; VeliPost","og_description":"Le 28 octobre 2024, Vinicius Jr., attaquant br\u00e9silien du Real Madrid, a r\u00e9affirm\u00e9 sa d\u00e9termination \u00e0 continuer de lutter contre le racisme, un engagement","og_url":"https:\/\/velipost.com\/?p=2614","og_site_name":"VeliPost","article_publisher":"https:\/\/www.facebook.com\/veliposthaiti","article_published_time":"2024-10-29T13:35:34+00:00","og_image":[{"width":1170,"height":603,"url":"https:\/\/velipost.com\/wp-content\/uploads\/2024\/10\/vini.jpg","type":"image\/jpeg"}],"author":"VeliPost","twitter_card":"summary_large_image","twitter_creator":"@veliposthaiti","twitter_site":"@veliposthaiti","twitter_misc":{"\u00c9crit par":"VeliPost","Dur\u00e9e de lecture estim\u00e9e":"3 minutes"},"schema":{"@context":"https:\/\/schema.org","@graph":[{"@type":"Article","@id":"https:\/\/velipost.com\/?p=2614#article","isPartOf":{"@id":"https:\/\/velipost.com\/?p=2614"},"author":{"name":"VeliPost","@id":"https:\/\/velipost.com\/#\/schema\/person\/32ff49a53c9c1bb24302ee8ece058096"},"headline":"Vinicius Jr. et le Ballon d\u2019Or : le poids de la lutte contre le racisme","datePublished":"2024-10-29T13:35:34+00:00","mainEntityOfPage":{"@id":"https:\/\/velipost.com\/?p=2614"},"wordCount":614,"commentCount":0,"publisher":{"@id":"https:\/\/velipost.com\/#organization"},"image":{"@id":"https:\/\/velipost.com\/?p=2614#primaryimage"},"thumbnailUrl":"https:\/\/velipost.com\/wp-content\/uploads\/2024\/10\/vini.jpg","articleSection":["Sport"],"inLanguage":"fr-FR","potentialAction":[{"@type":"CommentAction","name":"Comment","target":["https:\/\/velipost.com\/?p=2614#respond"]}]},{"@type":"WebPage","@id":"https:\/\/velipost.com\/?p=2614","url":"https:\/\/velipost.com\/?p=2614","name":"Vinicius Jr. et le Ballon d\u2019Or : le poids de la lutte contre le racisme &#8211; VeliPost","isPartOf":{"@id":"https:\/\/velipost.com\/#website"},"primaryImageOfPage":{"@id":"https:\/\/velipost.com\/?p=2614#primaryimage"},"image":{"@id":"https:\/\/velipost.com\/?p=2614#primaryimage"},"thumbnailUrl":"https:\/\/velipost.com\/wp-content\/uploads\/2024\/10\/vini.jpg","datePublished":"2024-10-29T13:35:34+00:00","breadcrumb":{"@id":"https:\/\/velipost.com\/?p=2614#breadcrumb"},"inLanguage":"fr-FR","potentialAction":[{"@type":"ReadAction","target":["https:\/\/velipost.com\/?p=2614"]}]},{"@type":"ImageObject","inLanguage":"fr-FR","@id":"https:\/\/velipost.com\/?p=2614#primaryimage","url":"https:\/\/velipost.com\/wp-content\/uploads\/2024\/10\/vini.jpg","contentUrl":"https:\/\/velipost.com\/wp-content\/uploads\/2024\/10\/vini.jpg","width":1170,"height":603},{"@type":"BreadcrumbList","@id":"https:\/\/velipost.com\/?p=2614#breadcrumb","itemListElement":[{"@type":"ListItem","position":1,"name":"Accueil","item":"https:\/\/velipost.com\/"},{"@type":"ListItem","position":2,"name":"Vinicius Jr. et le Ballon d\u2019Or : le poids de la lutte contre le racisme"}]},{"@type":"WebSite","@id":"https:\/\/velipost.com\/#website","url":"https:\/\/velipost.com\/","name":"VeliPost","description":"L\u2019info en un clic","publisher":{"@id":"https:\/\/velipost.com\/#organization"},"potentialAction":[{"@type":"SearchAction","target":{"@type":"EntryPoint","urlTemplate":"https:\/\/velipost.com\/?s={search_term_string}"},"query-input":{"@type":"PropertyValueSpecification","valueRequired":true,"valueName":"search_term_string"}}],"inLanguage":"fr-FR"},{"@type":"Organization","@id":"https:\/\/velipost.com\/#organization","name":"VeliPost","url":"https:\/\/velipost.com\/","logo":{"@type":"ImageObject","inLanguage":"fr-FR","@id":"https:\/\/velipost.com\/#\/schema\/logo\/image\/","url":"https:\/\/velipost.com\/wp-content\/uploads\/2024\/08\/cropped-VP-logo-piti.png","contentUrl":"https:\/\/velipost.com\/wp-content\/uploads\/2024\/08\/cropped-VP-logo-piti.png","width":201,"height":69,"caption":"VeliPost"},"image":{"@id":"https:\/\/velipost.com\/#\/schema\/logo\/image\/"},"sameAs":["https:\/\/www.facebook.com\/veliposthaiti","https:\/\/x.com\/veliposthaiti","https:\/\/www.instagram.com\/veliposthaiti"]},{"@type":"Person","@id":"https:\/\/velipost.com\/#\/schema\/person\/32ff49a53c9c1bb24302ee8ece058096","name":"VeliPost","image":{"@type":"ImageObject","inLanguage":"fr-FR","@id":"https:\/\/velipost.com\/#\/schema\/person\/image\/","url":"https:\/\/secure.gravatar.com\/avatar\/57c226c264de62f794185a89596d4a37b85a5ad20aca30d9d5a478b27d8c8d9d?s=96&d=mm&r=g","contentUrl":"https:\/\/secure.gravatar.com\/avatar\/57c226c264de62f794185a89596d4a37b85a5ad20aca30d9d5a478b27d8c8d9d?s=96&d=mm&r=g","caption":"VeliPost"},"sameAs":["https:\/\/velipost.com"],"url":"https:\/\/velipost.com\/?author=1"}]}},"views":3,"jetpack_publicize_connections":[],"uagb_featured_image_src":{"full":["https:\/\/velipost.com\/wp-content\/uploads\/2024\/10\/vini.jpg",1170,603,false],"thumbnail":["https:\/\/velipost.com\/wp-content\/uploads\/2024\/10\/vini-150x150.jpg",150,150,true],"medium":["https:\/\/velipost.com\/wp-content\/uploads\/2024\/10\/vini-300x155.jpg",300,155,true],"medium_large":["https:\/\/velipost.com\/wp-content\/uploads\/2024\/10\/vini-768x396.jpg",715,369,true],"large":["https:\/\/velipost.com\/wp-content\/uploads\/2024\/10\/vini-1024x528.jpg",715,369,true],"1536x1536":["https:\/\/velipost.com\/wp-content\/uploads\/2024\/10\/vini.jpg",1170,603,false],"2048x2048":["https:\/\/velipost.com\/wp-content\/uploads\/2024\/10\/vini.jpg",1170,603,false],"colornews-big-slider":["https:\/\/velipost.com\/wp-content\/uploads\/2024\/10\/vini-1070x470.jpg",1070,470,true],"colornews-big-slider-thumb":["https:\/\/velipost.com\/wp-content\/uploads\/2024\/10\/vini-184x109.jpg",184,109,true],"colornews-featured-post-medium":["https:\/\/velipost.com\/wp-content\/uploads\/2024\/10\/vini-345x265.jpg",345,265,true],"colornews-featured-post-small":["https:\/\/velipost.com\/wp-content\/uploads\/2024\/10\/vini-115x73.jpg",115,73,true],"colornews-random-posts":["https:\/\/velipost.com\/wp-content\/uploads\/2024\/10\/vini-215x215.jpg",215,215,true],"colornews-featured-image":["https:\/\/velipost.com\/wp-content\/uploads\/2024\/10\/vini-715x400.jpg",715,400,true],"mailpoet_newsletter_max":["https:\/\/velipost.com\/wp-content\/uploads\/2024\/10\/vini.jpg",1170,603,false]},"uagb_author_info":{"display_name":"VeliPost","author_link":"https:\/\/velipost.com\/?author=1"},"uagb_comment_info":0,"uagb_excerpt":"Le 28 octobre 2024, Vinicius Jr., attaquant br\u00e9silien du Real Madrid, a r\u00e9affirm\u00e9 sa d\u00e9termination \u00e0 continuer de lutter contre le racisme, un engagement","_links":{"self":[{"href":"https:\/\/velipost.com\/index.php?rest_route=\/wp\/v2\/posts\/2614","targetHints":{"allow":["GET"]}}],"collection":[{"href":"https:\/\/velipost.com\/index.php?rest_route=\/wp\/v2\/posts"}],"about":[{"href":"https:\/\/velipost.com\/index.php?rest_route=\/wp\/v2\/types\/post"}],"author":[{"embeddable":true,"href":"https:\/\/velipost.com\/index.php?rest_route=\/wp\/v2\/users\/1"}],"replies":[{"embeddable":true,"href":"https:\/\/velipost.com\/index.php?rest_route=%2Fwp%2Fv2%2Fcomments&post=2614"}],"version-history":[{"count":1,"href":"https:\/\/velipost.com\/index.php?rest_route=\/wp\/v2\/posts\/2614\/revisions"}],"predecessor-version":[{"id":2616,"href":"https:\/\/velipost.com\/index.php?rest_route=\/wp\/v2\/posts\/2614\/revisions\/2616"}],"wp:featuredmedia":[{"embeddable":true,"href":"https:\/\/velipost.com\/index.php?rest_route=\/wp\/v2\/media\/2615"}],"wp:attachment":[{"href":"https:\/\/velipost.com\/index.php?rest_route=%2Fwp%2Fv2%2Fmedia&parent=2614"}],"wp:term":[{"taxonomy":"category","embeddable":true,"href":"https:\/\/velipost.com\/index.php?rest_route=%2Fwp%2Fv2%2Fcategories&post=2614"},{"taxonomy":"post_tag","embeddable":true,"href":"https:\/\/velipost.com\/index.php?rest_route=%2Fwp%2Fv2%2Ftags&post=2614"}],"curies":[{"name":"wp","href":"https:\/\/api.w.org\/{rel}","templated":true}]}}