{"id":2522,"date":"2024-10-13T00:46:14","date_gmt":"2024-10-12T22:46:14","guid":{"rendered":"https:\/\/velipost.com\/?p=2522"},"modified":"2024-10-13T20:11:30","modified_gmt":"2024-10-13T18:11:30","slug":"lula-relance-le-debat-sur-la-selecao-une-equipe-100-bresilienne","status":"publish","type":"post","link":"https:\/\/velipost.com\/?p=2522","title":{"rendered":"Lula relance le d\u00e9bat sur la Sele\u00e7\u00e3o : Une \u00e9quipe 100 % br\u00e9silienne ?"},"content":{"rendered":"\n<p>Le pr\u00e9sident br\u00e9silien, Luiz In\u00e1cio Lula da Silva, a r\u00e9cemment raviv\u00e9 un d\u00e9bat qui passionne le monde du football au Br\u00e9sil : la composition de la Sele\u00e7\u00e3o. Apr\u00e8s la victoire 1-2 du Br\u00e9sil face au Chili dans le cadre des \u00e9liminatoires pour la Coupe du Monde 2026, Lula a exprim\u00e9 un point de vue surprenant. Il a propos\u00e9 que l\u2019\u00e9quipe nationale se concentre uniquement sur les joueurs \u00e9voluant dans le championnat br\u00e9silien, excluant ainsi les stars expatri\u00e9es dans les grands clubs europ\u00e9ens.<\/p>\n\n\n\n<p>Dans une interview accord\u00e9e \u00e0 <em>Mundo Deportivo<\/em>, Lula a d\u00e9clar\u00e9 : \u00ab Ceux qui sont \u00e0 l\u2019\u00e9tranger ne sont pas forc\u00e9ment meilleurs que ceux qui jouent ici \u00bb. Il a pris en exemple les deux buteurs de la victoire contre le Chili, Luiz Henrique et Igor Jesus, qui \u00e9voluent tous deux au Botafogo, renfor\u00e7ant ainsi son argument en faveur des talents locaux. Cette d\u00e9claration marque une volont\u00e9 de valoriser le championnat br\u00e9silien et de r\u00e9duire la d\u00e9pendance de la Sele\u00e7\u00e3o envers les joueurs expatri\u00e9s.<\/p>\n\n\n\n<p>Lors d\u2019une rencontre avec Alejandro Dom\u00ednguez, pr\u00e9sident de la Conf\u00e9d\u00e9ration br\u00e9silienne de football (CBF), Lula a sugg\u00e9r\u00e9 l\u2019id\u00e9e d\u2019une Sele\u00e7\u00e3o compos\u00e9e uniquement de joueurs issus du championnat national. Si cette proposition \u00e9tait adopt\u00e9e, elle \u00e9carterait des stars comme Vin\u00edcius Jr., Rodrygo, ou encore Milit\u00e3o, \u00e9voluant au Real Madrid, ainsi que Raphinha du FC Barcelone. Lula estime que les clubs \u00e9trangers ne disposent plus de l\u00e9gendes comme Garrincha ou Rom\u00e1rio, mais plut\u00f4t \u00ab d&rsquo;une bande de jeunes qui n\u2019ont pas encore atteint le niveau de cracks \u00bb.<\/p>\n\n\n\n<p>Cette prise de position de Lula intervient dans un contexte o\u00f9 la Sele\u00e7\u00e3o br\u00e9silienne a encha\u00een\u00e9 plusieurs performances en demi-teinte face \u00e0 des adversaires jug\u00e9s plus faibles. En critiquant ces r\u00e9sultats, Lula semble vouloir inciter les dirigeants du football br\u00e9silien \u00e0 revoir leur strat\u00e9gie de s\u00e9lection et \u00e0 accorder plus de chances aux joueurs \u00e9voluant au Br\u00e9sil.<\/p>\n\n\n\n<p>Alors que le Br\u00e9sil occupe d\u00e9sormais la quatri\u00e8me place des qualifications pour la Coupe du Monde 2026, gr\u00e2ce \u00e0 cette victoire contre le Chili, la suggestion de Lula relance le d\u00e9bat sur l\u2019\u00e9quilibre entre talents locaux et expatri\u00e9s. \u00c0 l\u2019approche de la comp\u00e9tition mondiale, cette question pourrait bien devenir un enjeu central dans la constitution de l\u2019\u00e9quipe nationale br\u00e9silienne.<\/p>\n\n\n\n<p>En attendant, les discussions se poursuivent, et il reste \u00e0 voir si la proposition du pr\u00e9sident br\u00e9silien trouvera un \u00e9cho favorable au sein de la f\u00e9d\u00e9ration et des supporters.<\/p>\n\n    <div class=\"xs_social_share_widget xs_share_url after_content \t\tmain_content  wslu-style-3 wslu-share-box-shaped wslu-fill-brand-hover-colored wslu-share-m-5 wslu-none wslu-share-horizontal wslu-theme-font-no wslu-main_content\">\n\n\t\t\n        <ul>\n\t\t\t                    <li class=\"xs-share-li twitter                        wslu-no-extra-data\">\n                        <a href=\"javascript:void(0);\"\n                           id=\"xs_feed_twitter\"\n                           onclick=\"xs_social_sharer(this);\"\n                           data-pid=\"2522\"\n                           data-uri_hash=\"b5abb207053e2ef78195bca970941f63\"\n                           data-key=\"twitter\"\n                           data-xs-href=\"https:\/\/twitter.com\/intent\/tweet?text=Lula+relance+le+d%C3%A9bat+sur+la+Sele%C3%A7%C3%A3o+%3A+Une+%C3%A9quipe+100+%25+br%C3%A9silienne+%3F+https%3A%2F%2Fvelipost.com%2Findex.php%3Frest_route%3D%252Fwp%252Fv2%252Fposts%252F2522&amp;original_referer=https%3A%2F%2Fvelipost.com%2Findex.php%3Frest_route%3D%252Fwp%252Fv2%252Fposts%252F2522&amp;related=xpeedstudio\">\n\n                            <div class=\"xs-social-icon\">\n                                <span class=\"met-social met-social-twitter\"><\/span>\n                            <\/div>\n\n\t\t\t\t\t\t\t\n                            <div class=\"wslu-hover-content\">\n                                <div class=\"xs-social-followers\">\n\t\t\t\t\t\t\t\t\t10                                <\/div>\n                                <div class=\"xs-social-follower-text\">\n\t\t\t\t\t\t\t\t\tShare                                <\/div>\n                                <div class=\"xs-social-follower-label\">\n\t\t\t\t\t\t\t\t\tTwitter                                <\/div>\n                            <\/div>\n                        <\/a>\n                    <\/li>\n\t\t\t\t\t                    <li class=\"xs-share-li telegram                        wslu-no-extra-data\">\n                        <a href=\"javascript:void(0);\"\n                           id=\"xs_feed_telegram\"\n                           onclick=\"xs_social_sharer(this);\"\n                           data-pid=\"2522\"\n                           data-uri_hash=\"b5abb207053e2ef78195bca970941f63\"\n                           data-key=\"telegram\"\n                           data-xs-href=\"https:\/\/telegram.me\/share\/url?url=https%3A%2F%2Fvelipost.com%2Findex.php%3Frest_route%3D%252Fwp%252Fv2%252Fposts%252F2522&amp;text=Lula+relance+le+d%C3%A9bat+sur+la+Sele%C3%A7%C3%A3o+%3A+Une+%C3%A9quipe+100+%25+br%C3%A9silienne+%3F\">\n\n                            <div class=\"xs-social-icon\">\n                                <span class=\"met-social met-social-telegram\"><\/span>\n                            <\/div>\n\n\t\t\t\t\t\t\t\n                            <div class=\"wslu-hover-content\">\n                                <div class=\"xs-social-followers\">\n\t\t\t\t\t\t\t\t\t0                                <\/div>\n                                <div class=\"xs-social-follower-text\">\n\t\t\t\t\t\t\t\t\tShare                                <\/div>\n                                <div class=\"xs-social-follower-label\">\n\t\t\t\t\t\t\t\t\tTelegram                                <\/div>\n                            <\/div>\n                        <\/a>\n                    <\/li>\n\t\t\t\t\t                    <li class=\"xs-share-li email                        wslu-no-extra-data\">\n                        <a href=\"javascript:void(0);\"\n                           id=\"xs_feed_email\"\n                           onclick=\"xs_social_sharer(this);\"\n                           data-pid=\"2522\"\n                           data-uri_hash=\"b5abb207053e2ef78195bca970941f63\"\n                           data-key=\"email\"\n                           data-xs-href=\"mailto:?body=Title%3A+Lula+relance+le+d%C3%A9bat+sur+la+Sele%C3%A7%C3%A3o+%3A+Une+%C3%A9quipe+100+%25+br%C3%A9silienne+%3F+%5Cn%5Cn+URL%3A+https%3A%2F%2Fvelipost.com%2Findex.php%3Frest_route%3D%252Fwp%252Fv2%252Fposts%252F2522&amp;subject=Lula+relance+le+d%C3%A9bat+sur+la+Sele%C3%A7%C3%A3o+%3A+Une+%C3%A9quipe+100+%25+br%C3%A9silienne+%3F\">\n\n                            <div class=\"xs-social-icon\">\n                                <span class=\"met-social met-social-email\"><\/span>\n                            <\/div>\n\n\t\t\t\t\t\t\t\n                            <div class=\"wslu-hover-content\">\n                                <div class=\"xs-social-followers\">\n\t\t\t\t\t\t\t\t\t0                                <\/div>\n                                <div class=\"xs-social-follower-text\">\n\t\t\t\t\t\t\t\t\tShare                                <\/div>\n                                <div class=\"xs-social-follower-label\">\n\t\t\t\t\t\t\t\t\tEmail                                <\/div>\n                            <\/div>\n                        <\/a>\n                    <\/li>\n\t\t\t\t\t        <\/ul>\n    <\/div> \n","protected":false},"excerpt":{"rendered":"<p>Le pr\u00e9sident br\u00e9silien, Luiz In\u00e1cio Lula da Silva, a r\u00e9cemment raviv\u00e9 un d\u00e9bat qui passionne le monde du football au Br\u00e9sil : la composition<\/p>\n","protected":false},"author":1,"featured_media":2523,"comment_status":"open","ping_status":"open","sticky":false,"template":"","format":"standard","meta":{"_uag_custom_page_level_css":"","footnotes":"","jetpack_publicize_message":"","jetpack_publicize_feature_enabled":true,"jetpack_social_post_already_shared":false,"jetpack_social_options":{"image_generator_settings":{"template":"highway","default_image_id":0,"font":"","enabled":false},"version":2}},"categories":[236,6],"tags":[],"class_list":["post-2522","post","type-post","status-publish","format-standard","has-post-thumbnail","hentry","category-game","category-sport"],"yoast_head":"<!-- This site is optimized with the Yoast SEO plugin v25.3.1 - https:\/\/yoast.com\/wordpress\/plugins\/seo\/ -->\n<title>Lula relance le d\u00e9bat sur la Sele\u00e7\u00e3o : Une \u00e9quipe 100 % br\u00e9silienne ? &#8211; VeliPost<\/title>\n<meta name=\"robots\" content=\"index, follow, max-snippet:-1, max-image-preview:large, max-video-preview:-1\" \/>\n<link rel=\"canonical\" href=\"https:\/\/velipost.com\/?p=2522\" \/>\n<meta property=\"og:locale\" content=\"fr_FR\" \/>\n<meta property=\"og:type\" content=\"article\" \/>\n<meta property=\"og:title\" content=\"Lula relance le d\u00e9bat sur la Sele\u00e7\u00e3o : Une \u00e9quipe 100 % br\u00e9silienne ? &#8211; VeliPost\" \/>\n<meta property=\"og:description\" content=\"Le pr\u00e9sident br\u00e9silien, Luiz In\u00e1cio Lula da Silva, a r\u00e9cemment raviv\u00e9 un d\u00e9bat qui passionne le monde du football au Br\u00e9sil : la composition\" \/>\n<meta property=\"og:url\" content=\"https:\/\/velipost.com\/?p=2522\" \/>\n<meta property=\"og:site_name\" content=\"VeliPost\" \/>\n<meta property=\"article:publisher\" content=\"https:\/\/www.facebook.com\/veliposthaiti\" \/>\n<meta property=\"article:published_time\" content=\"2024-10-12T22:46:14+00:00\" \/>\n<meta property=\"article:modified_time\" content=\"2024-10-13T18:11:30+00:00\" \/>\n<meta property=\"og:image\" content=\"https:\/\/velipost.com\/wp-content\/uploads\/2024\/10\/Lula.jpg\" \/>\n\t<meta property=\"og:image:width\" content=\"1170\" \/>\n\t<meta property=\"og:image:height\" content=\"603\" \/>\n\t<meta property=\"og:image:type\" content=\"image\/jpeg\" \/>\n<meta name=\"author\" content=\"VeliPost\" \/>\n<meta name=\"twitter:card\" content=\"summary_large_image\" \/>\n<meta name=\"twitter:creator\" content=\"@veliposthaiti\" \/>\n<meta name=\"twitter:site\" content=\"@veliposthaiti\" \/>\n<meta name=\"twitter:label1\" content=\"\u00c9crit par\" \/>\n\t<meta name=\"twitter:data1\" content=\"VeliPost\" \/>\n\t<meta name=\"twitter:label2\" content=\"Dur\u00e9e de lecture estim\u00e9e\" \/>\n\t<meta name=\"twitter:data2\" content=\"3 minutes\" \/>\n<script type=\"application\/ld+json\" class=\"yoast-schema-graph\">{\"@context\":\"https:\/\/schema.org\",\"@graph\":[{\"@type\":\"Article\",\"@id\":\"https:\/\/velipost.com\/?p=2522#article\",\"isPartOf\":{\"@id\":\"https:\/\/velipost.com\/?p=2522\"},\"author\":{\"name\":\"VeliPost\",\"@id\":\"https:\/\/velipost.com\/#\/schema\/person\/32ff49a53c9c1bb24302ee8ece058096\"},\"headline\":\"Lula relance le d\u00e9bat sur la Sele\u00e7\u00e3o : Une \u00e9quipe 100 % br\u00e9silienne ?\",\"datePublished\":\"2024-10-12T22:46:14+00:00\",\"dateModified\":\"2024-10-13T18:11:30+00:00\",\"mainEntityOfPage\":{\"@id\":\"https:\/\/velipost.com\/?p=2522\"},\"wordCount\":462,\"commentCount\":0,\"publisher\":{\"@id\":\"https:\/\/velipost.com\/#organization\"},\"image\":{\"@id\":\"https:\/\/velipost.com\/?p=2522#primaryimage\"},\"thumbnailUrl\":\"https:\/\/velipost.com\/wp-content\/uploads\/2024\/10\/Lula.jpg\",\"articleSection\":[\"Game\",\"Sport\"],\"inLanguage\":\"fr-FR\",\"potentialAction\":[{\"@type\":\"CommentAction\",\"name\":\"Comment\",\"target\":[\"https:\/\/velipost.com\/?p=2522#respond\"]}]},{\"@type\":\"WebPage\",\"@id\":\"https:\/\/velipost.com\/?p=2522\",\"url\":\"https:\/\/velipost.com\/?p=2522\",\"name\":\"Lula relance le d\u00e9bat sur la Sele\u00e7\u00e3o : Une \u00e9quipe 100 % br\u00e9silienne ? &#8211; VeliPost\",\"isPartOf\":{\"@id\":\"https:\/\/velipost.com\/#website\"},\"primaryImageOfPage\":{\"@id\":\"https:\/\/velipost.com\/?p=2522#primaryimage\"},\"image\":{\"@id\":\"https:\/\/velipost.com\/?p=2522#primaryimage\"},\"thumbnailUrl\":\"https:\/\/velipost.com\/wp-content\/uploads\/2024\/10\/Lula.jpg\",\"datePublished\":\"2024-10-12T22:46:14+00:00\",\"dateModified\":\"2024-10-13T18:11:30+00:00\",\"breadcrumb\":{\"@id\":\"https:\/\/velipost.com\/?p=2522#breadcrumb\"},\"inLanguage\":\"fr-FR\",\"potentialAction\":[{\"@type\":\"ReadAction\",\"target\":[\"https:\/\/velipost.com\/?p=2522\"]}]},{\"@type\":\"ImageObject\",\"inLanguage\":\"fr-FR\",\"@id\":\"https:\/\/velipost.com\/?p=2522#primaryimage\",\"url\":\"https:\/\/velipost.com\/wp-content\/uploads\/2024\/10\/Lula.jpg\",\"contentUrl\":\"https:\/\/velipost.com\/wp-content\/uploads\/2024\/10\/Lula.jpg\",\"width\":1170,\"height\":603},{\"@type\":\"BreadcrumbList\",\"@id\":\"https:\/\/velipost.com\/?p=2522#breadcrumb\",\"itemListElement\":[{\"@type\":\"ListItem\",\"position\":1,\"name\":\"Accueil\",\"item\":\"https:\/\/velipost.com\/\"},{\"@type\":\"ListItem\",\"position\":2,\"name\":\"Lula relance le d\u00e9bat sur la Sele\u00e7\u00e3o : Une \u00e9quipe 100 % br\u00e9silienne ?\"}]},{\"@type\":\"WebSite\",\"@id\":\"https:\/\/velipost.com\/#website\",\"url\":\"https:\/\/velipost.com\/\",\"name\":\"VeliPost\",\"description\":\"L\u2019info en un clic\",\"publisher\":{\"@id\":\"https:\/\/velipost.com\/#organization\"},\"potentialAction\":[{\"@type\":\"SearchAction\",\"target\":{\"@type\":\"EntryPoint\",\"urlTemplate\":\"https:\/\/velipost.com\/?s={search_term_string}\"},\"query-input\":{\"@type\":\"PropertyValueSpecification\",\"valueRequired\":true,\"valueName\":\"search_term_string\"}}],\"inLanguage\":\"fr-FR\"},{\"@type\":\"Organization\",\"@id\":\"https:\/\/velipost.com\/#organization\",\"name\":\"VeliPost\",\"url\":\"https:\/\/velipost.com\/\",\"logo\":{\"@type\":\"ImageObject\",\"inLanguage\":\"fr-FR\",\"@id\":\"https:\/\/velipost.com\/#\/schema\/logo\/image\/\",\"url\":\"https:\/\/velipost.com\/wp-content\/uploads\/2024\/08\/cropped-VP-logo-piti.png\",\"contentUrl\":\"https:\/\/velipost.com\/wp-content\/uploads\/2024\/08\/cropped-VP-logo-piti.png\",\"width\":201,\"height\":69,\"caption\":\"VeliPost\"},\"image\":{\"@id\":\"https:\/\/velipost.com\/#\/schema\/logo\/image\/\"},\"sameAs\":[\"https:\/\/www.facebook.com\/veliposthaiti\",\"https:\/\/x.com\/veliposthaiti\",\"https:\/\/www.instagram.com\/veliposthaiti\"]},{\"@type\":\"Person\",\"@id\":\"https:\/\/velipost.com\/#\/schema\/person\/32ff49a53c9c1bb24302ee8ece058096\",\"name\":\"VeliPost\",\"image\":{\"@type\":\"ImageObject\",\"inLanguage\":\"fr-FR\",\"@id\":\"https:\/\/velipost.com\/#\/schema\/person\/image\/\",\"url\":\"https:\/\/secure.gravatar.com\/avatar\/57c226c264de62f794185a89596d4a37b85a5ad20aca30d9d5a478b27d8c8d9d?s=96&d=mm&r=g\",\"contentUrl\":\"https:\/\/secure.gravatar.com\/avatar\/57c226c264de62f794185a89596d4a37b85a5ad20aca30d9d5a478b27d8c8d9d?s=96&d=mm&r=g\",\"caption\":\"VeliPost\"},\"sameAs\":[\"https:\/\/velipost.com\"],\"url\":\"https:\/\/velipost.com\/?author=1\"}]}<\/script>\n<!-- \/ Yoast SEO plugin. -->","yoast_head_json":{"title":"Lula relance le d\u00e9bat sur la Sele\u00e7\u00e3o : Une \u00e9quipe 100 % br\u00e9silienne ? &#8211; VeliPost","robots":{"index":"index","follow":"follow","max-snippet":"max-snippet:-1","max-image-preview":"max-image-preview:large","max-video-preview":"max-video-preview:-1"},"canonical":"https:\/\/velipost.com\/?p=2522","og_locale":"fr_FR","og_type":"article","og_title":"Lula relance le d\u00e9bat sur la Sele\u00e7\u00e3o : Une \u00e9quipe 100 % br\u00e9silienne ? &#8211; VeliPost","og_description":"Le pr\u00e9sident br\u00e9silien, Luiz In\u00e1cio Lula da Silva, a r\u00e9cemment raviv\u00e9 un d\u00e9bat qui passionne le monde du football au Br\u00e9sil : la composition","og_url":"https:\/\/velipost.com\/?p=2522","og_site_name":"VeliPost","article_publisher":"https:\/\/www.facebook.com\/veliposthaiti","article_published_time":"2024-10-12T22:46:14+00:00","article_modified_time":"2024-10-13T18:11:30+00:00","og_image":[{"width":1170,"height":603,"url":"https:\/\/velipost.com\/wp-content\/uploads\/2024\/10\/Lula.jpg","type":"image\/jpeg"}],"author":"VeliPost","twitter_card":"summary_large_image","twitter_creator":"@veliposthaiti","twitter_site":"@veliposthaiti","twitter_misc":{"\u00c9crit par":"VeliPost","Dur\u00e9e de lecture estim\u00e9e":"3 minutes"},"schema":{"@context":"https:\/\/schema.org","@graph":[{"@type":"Article","@id":"https:\/\/velipost.com\/?p=2522#article","isPartOf":{"@id":"https:\/\/velipost.com\/?p=2522"},"author":{"name":"VeliPost","@id":"https:\/\/velipost.com\/#\/schema\/person\/32ff49a53c9c1bb24302ee8ece058096"},"headline":"Lula relance le d\u00e9bat sur la Sele\u00e7\u00e3o : Une \u00e9quipe 100 % br\u00e9silienne ?","datePublished":"2024-10-12T22:46:14+00:00","dateModified":"2024-10-13T18:11:30+00:00","mainEntityOfPage":{"@id":"https:\/\/velipost.com\/?p=2522"},"wordCount":462,"commentCount":0,"publisher":{"@id":"https:\/\/velipost.com\/#organization"},"image":{"@id":"https:\/\/velipost.com\/?p=2522#primaryimage"},"thumbnailUrl":"https:\/\/velipost.com\/wp-content\/uploads\/2024\/10\/Lula.jpg","articleSection":["Game","Sport"],"inLanguage":"fr-FR","potentialAction":[{"@type":"CommentAction","name":"Comment","target":["https:\/\/velipost.com\/?p=2522#respond"]}]},{"@type":"WebPage","@id":"https:\/\/velipost.com\/?p=2522","url":"https:\/\/velipost.com\/?p=2522","name":"Lula relance le d\u00e9bat sur la Sele\u00e7\u00e3o : Une \u00e9quipe 100 % br\u00e9silienne ? &#8211; VeliPost","isPartOf":{"@id":"https:\/\/velipost.com\/#website"},"primaryImageOfPage":{"@id":"https:\/\/velipost.com\/?p=2522#primaryimage"},"image":{"@id":"https:\/\/velipost.com\/?p=2522#primaryimage"},"thumbnailUrl":"https:\/\/velipost.com\/wp-content\/uploads\/2024\/10\/Lula.jpg","datePublished":"2024-10-12T22:46:14+00:00","dateModified":"2024-10-13T18:11:30+00:00","breadcrumb":{"@id":"https:\/\/velipost.com\/?p=2522#breadcrumb"},"inLanguage":"fr-FR","potentialAction":[{"@type":"ReadAction","target":["https:\/\/velipost.com\/?p=2522"]}]},{"@type":"ImageObject","inLanguage":"fr-FR","@id":"https:\/\/velipost.com\/?p=2522#primaryimage","url":"https:\/\/velipost.com\/wp-content\/uploads\/2024\/10\/Lula.jpg","contentUrl":"https:\/\/velipost.com\/wp-content\/uploads\/2024\/10\/Lula.jpg","width":1170,"height":603},{"@type":"BreadcrumbList","@id":"https:\/\/velipost.com\/?p=2522#breadcrumb","itemListElement":[{"@type":"ListItem","position":1,"name":"Accueil","item":"https:\/\/velipost.com\/"},{"@type":"ListItem","position":2,"name":"Lula relance le d\u00e9bat sur la Sele\u00e7\u00e3o : Une \u00e9quipe 100 % br\u00e9silienne ?"}]},{"@type":"WebSite","@id":"https:\/\/velipost.com\/#website","url":"https:\/\/velipost.com\/","name":"VeliPost","description":"L\u2019info en un clic","publisher":{"@id":"https:\/\/velipost.com\/#organization"},"potentialAction":[{"@type":"SearchAction","target":{"@type":"EntryPoint","urlTemplate":"https:\/\/velipost.com\/?s={search_term_string}"},"query-input":{"@type":"PropertyValueSpecification","valueRequired":true,"valueName":"search_term_string"}}],"inLanguage":"fr-FR"},{"@type":"Organization","@id":"https:\/\/velipost.com\/#organization","name":"VeliPost","url":"https:\/\/velipost.com\/","logo":{"@type":"ImageObject","inLanguage":"fr-FR","@id":"https:\/\/velipost.com\/#\/schema\/logo\/image\/","url":"https:\/\/velipost.com\/wp-content\/uploads\/2024\/08\/cropped-VP-logo-piti.png","contentUrl":"https:\/\/velipost.com\/wp-content\/uploads\/2024\/08\/cropped-VP-logo-piti.png","width":201,"height":69,"caption":"VeliPost"},"image":{"@id":"https:\/\/velipost.com\/#\/schema\/logo\/image\/"},"sameAs":["https:\/\/www.facebook.com\/veliposthaiti","https:\/\/x.com\/veliposthaiti","https:\/\/www.instagram.com\/veliposthaiti"]},{"@type":"Person","@id":"https:\/\/velipost.com\/#\/schema\/person\/32ff49a53c9c1bb24302ee8ece058096","name":"VeliPost","image":{"@type":"ImageObject","inLanguage":"fr-FR","@id":"https:\/\/velipost.com\/#\/schema\/person\/image\/","url":"https:\/\/secure.gravatar.com\/avatar\/57c226c264de62f794185a89596d4a37b85a5ad20aca30d9d5a478b27d8c8d9d?s=96&d=mm&r=g","contentUrl":"https:\/\/secure.gravatar.com\/avatar\/57c226c264de62f794185a89596d4a37b85a5ad20aca30d9d5a478b27d8c8d9d?s=96&d=mm&r=g","caption":"VeliPost"},"sameAs":["https:\/\/velipost.com"],"url":"https:\/\/velipost.com\/?author=1"}]}},"views":1,"jetpack_publicize_connections":[],"uagb_featured_image_src":{"full":["https:\/\/velipost.com\/wp-content\/uploads\/2024\/10\/Lula.jpg",1170,603,false],"thumbnail":["https:\/\/velipost.com\/wp-content\/uploads\/2024\/10\/Lula-150x150.jpg",150,150,true],"medium":["https:\/\/velipost.com\/wp-content\/uploads\/2024\/10\/Lula-300x155.jpg",300,155,true],"medium_large":["https:\/\/velipost.com\/wp-content\/uploads\/2024\/10\/Lula-768x396.jpg",715,369,true],"large":["https:\/\/velipost.com\/wp-content\/uploads\/2024\/10\/Lula-1024x528.jpg",715,369,true],"1536x1536":["https:\/\/velipost.com\/wp-content\/uploads\/2024\/10\/Lula.jpg",1170,603,false],"2048x2048":["https:\/\/velipost.com\/wp-content\/uploads\/2024\/10\/Lula.jpg",1170,603,false],"colornews-big-slider":["https:\/\/velipost.com\/wp-content\/uploads\/2024\/10\/Lula-1070x470.jpg",1070,470,true],"colornews-big-slider-thumb":["https:\/\/velipost.com\/wp-content\/uploads\/2024\/10\/Lula-184x109.jpg",184,109,true],"colornews-featured-post-medium":["https:\/\/velipost.com\/wp-content\/uploads\/2024\/10\/Lula-345x265.jpg",345,265,true],"colornews-featured-post-small":["https:\/\/velipost.com\/wp-content\/uploads\/2024\/10\/Lula-115x73.jpg",115,73,true],"colornews-random-posts":["https:\/\/velipost.com\/wp-content\/uploads\/2024\/10\/Lula-215x215.jpg",215,215,true],"colornews-featured-image":["https:\/\/velipost.com\/wp-content\/uploads\/2024\/10\/Lula-715x400.jpg",715,400,true],"mailpoet_newsletter_max":["https:\/\/velipost.com\/wp-content\/uploads\/2024\/10\/Lula.jpg",1170,603,false]},"uagb_author_info":{"display_name":"VeliPost","author_link":"https:\/\/velipost.com\/?author=1"},"uagb_comment_info":0,"uagb_excerpt":"Le pr\u00e9sident br\u00e9silien, Luiz In\u00e1cio Lula da Silva, a r\u00e9cemment raviv\u00e9 un d\u00e9bat qui passionne le monde du football au Br\u00e9sil : la composition","_links":{"self":[{"href":"https:\/\/velipost.com\/index.php?rest_route=\/wp\/v2\/posts\/2522","targetHints":{"allow":["GET"]}}],"collection":[{"href":"https:\/\/velipost.com\/index.php?rest_route=\/wp\/v2\/posts"}],"about":[{"href":"https:\/\/velipost.com\/index.php?rest_route=\/wp\/v2\/types\/post"}],"author":[{"embeddable":true,"href":"https:\/\/velipost.com\/index.php?rest_route=\/wp\/v2\/users\/1"}],"replies":[{"embeddable":true,"href":"https:\/\/velipost.com\/index.php?rest_route=%2Fwp%2Fv2%2Fcomments&post=2522"}],"version-history":[{"count":1,"href":"https:\/\/velipost.com\/index.php?rest_route=\/wp\/v2\/posts\/2522\/revisions"}],"predecessor-version":[{"id":2524,"href":"https:\/\/velipost.com\/index.php?rest_route=\/wp\/v2\/posts\/2522\/revisions\/2524"}],"wp:featuredmedia":[{"embeddable":true,"href":"https:\/\/velipost.com\/index.php?rest_route=\/wp\/v2\/media\/2523"}],"wp:attachment":[{"href":"https:\/\/velipost.com\/index.php?rest_route=%2Fwp%2Fv2%2Fmedia&parent=2522"}],"wp:term":[{"taxonomy":"category","embeddable":true,"href":"https:\/\/velipost.com\/index.php?rest_route=%2Fwp%2Fv2%2Fcategories&post=2522"},{"taxonomy":"post_tag","embeddable":true,"href":"https:\/\/velipost.com\/index.php?rest_route=%2Fwp%2Fv2%2Ftags&post=2522"}],"curies":[{"name":"wp","href":"https:\/\/api.w.org\/{rel}","templated":true}]}}