{"id":2485,"date":"2024-10-10T02:48:41","date_gmt":"2024-10-10T00:48:41","guid":{"rendered":"https:\/\/velipost.com\/?p=2485"},"modified":"2024-10-10T02:48:42","modified_gmt":"2024-10-10T00:48:42","slug":"bois-caiman-inscrit-au-reseau-unesco-une-reconnaissance-mondiale-de-lhistoire-et-de-la-resistance-haitienne","status":"publish","type":"post","link":"https:\/\/velipost.com\/?p=2485","title":{"rendered":"Bois Ca\u00efman inscrit au R\u00e9seau UNESCO : Une reconnaissance mondiale de l\u2019histoire et de la r\u00e9sistance ha\u00eftienne"},"content":{"rendered":"\n<p>Le 9 octobre 2024 marque un jalon historique pour Ha\u00efti, avec l&rsquo;inscription de Bois Ca\u00efman au R\u00e9seau UNESCO des \u00ab lieux d&rsquo;histoire et de m\u00e9moire li\u00e9s \u00e0 l&rsquo;esclavage et \u00e0 la traite \u00bb. Ce site, symbole embl\u00e9matique de la lutte pour l&rsquo;abolition de l&rsquo;esclavage, devient ainsi le premier site ha\u00eftien \u00e0 figurer sur ce registre mondial, lors de la c\u00e9l\u00e9bration du 30e anniversaire du Programme des Routes des personnes mises en esclavage de l&rsquo;UNESCO.<\/p>\n\n\n\n<p>Cette inscription est le fruit d\u2019un travail collaboratif entre plusieurs institutions ha\u00eftiennes, notamment la D\u00e9l\u00e9gation permanente d&rsquo;Ha\u00efti aupr\u00e8s de l&rsquo;UNESCO, la Commission nationale ha\u00eftienne de coop\u00e9ration avec l&rsquo;UNESCO, la Chaire UNESCO en histoire et patrimoine de l&rsquo;Universit\u00e9 d&rsquo;\u00c9tat d&rsquo;Ha\u00efti, ainsi que le Comit\u00e9 scientifique ha\u00eftien de la Route des personnes mises en esclavage. Soumise en janvier 2024, cette candidature fait partie des efforts du gouvernement ha\u00eftien pour valoriser son patrimoine culturel tout en honorant la m\u00e9moire collective du peuple ha\u00eftien.<\/p>\n\n\n\n<p>Bois Ca\u00efman n&rsquo;est pas un simple site historique. C&rsquo;est un espace sacr\u00e9 o\u00f9, en ao\u00fbt 1791, une c\u00e9r\u00e9monie politique et spirituelle a \u00e9t\u00e9 organis\u00e9e par des esclaves r\u00e9volt\u00e9s, ouvrant la voie \u00e0 la R\u00e9volution ha\u00eftienne et \u00e0 l&rsquo;ind\u00e9pendance d&rsquo;Ha\u00efti en 1804. Cet \u00e9v\u00e9nement a marqu\u00e9 un tournant dans la qu\u00eate d\u2019autod\u00e9termination des peuples opprim\u00e9s du monde entier.<\/p>\n\n\n\n<p>La reconnaissance du site par l&rsquo;UNESCO met en lumi\u00e8re les valeurs universelles qu&rsquo;il incarne : libert\u00e9, \u00e9galit\u00e9, et dignit\u00e9 humaine. Ces id\u00e9aux ont inspir\u00e9 l&rsquo;Organisation \u00e0 d\u00e9signer le 23 ao\u00fbt comme Journ\u00e9e internationale du souvenir de la traite n\u00e9gri\u00e8re et de son abolition.<\/p>\n\n\n\n<p>Bois Ca\u00efman, class\u00e9 patrimoine touristique national en 1982 et d\u00e9clar\u00e9 d&rsquo;utilit\u00e9 publique en 1995, est aujourd&rsquo;hui un symbole universel de r\u00e9sistance et d&rsquo;\u00e9mancipation. L\u2019inscription au R\u00e9seau UNESCO ouvre la voie \u00e0 de nombreux projets de valorisation, y compris la construction d\u2019un mus\u00e9e de l&rsquo;Esclavage et d\u2019autres initiatives visant \u00e0 pr\u00e9server ce site pour les g\u00e9n\u00e9rations futures.<\/p>\n\n\n\n<p>Enseign\u00e9 dans les \u00e9coles et c\u00e9l\u00e9br\u00e9 \u00e0 travers l\u2019art et la recherche scientifique, Bois Ca\u00efman devient un patrimoine inestimable qui, au-del\u00e0 des fronti\u00e8res d&rsquo;Ha\u00efti, contribue \u00e0 nourrir un dialogue global sur l\u2019h\u00e9ritage de l\u2019esclavage et les luttes pour la libert\u00e9.<\/p>\n\n\n\n<p>En inscrivant Bois Ca\u00efman au R\u00e9seau des \u00ab lieux d\u2019histoire et de m\u00e9moire li\u00e9s \u00e0 l\u2019esclavage et \u00e0 la traite \u00bb, Ha\u00efti affirme son engagement \u00e0 pr\u00e9server son patrimoine et \u00e0 c\u00e9l\u00e9brer la m\u00e9moire des luttes qui ont conduit \u00e0 l&rsquo;\u00e9mancipation des peuples opprim\u00e9s. Cette inscription est une \u00e9tape majeure dans la valorisation de l&rsquo;histoire et du patrimoine ha\u00eftiens \u00e0 l&rsquo;\u00e9chelle mondiale.<\/p>\n\n    <div class=\"xs_social_share_widget xs_share_url after_content \t\tmain_content  wslu-style-3 wslu-share-box-shaped wslu-fill-brand-hover-colored wslu-share-m-5 wslu-none wslu-share-horizontal wslu-theme-font-no wslu-main_content\">\n\n\t\t\n        <ul>\n\t\t\t                    <li class=\"xs-share-li twitter                        wslu-no-extra-data\">\n                        <a href=\"javascript:void(0);\"\n                           id=\"xs_feed_twitter\"\n                           onclick=\"xs_social_sharer(this);\"\n                           data-pid=\"2485\"\n                           data-uri_hash=\"39104734d1ac70cf436b4e232c315db6\"\n                           data-key=\"twitter\"\n                           data-xs-href=\"https:\/\/twitter.com\/intent\/tweet?text=Bois+Ca%C3%AFman+inscrit+au+R%C3%A9seau+UNESCO+%3A+Une+reconnaissance+mondiale+de+l%E2%80%99histoire+et+de+la+r%C3%A9sistance+ha%C3%AFtienne+https%3A%2F%2Fvelipost.com%2Findex.php%3Frest_route%3D%252Fwp%252Fv2%252Fposts%252F2485&amp;original_referer=https%3A%2F%2Fvelipost.com%2Findex.php%3Frest_route%3D%252Fwp%252Fv2%252Fposts%252F2485&amp;related=xpeedstudio\">\n\n                            <div class=\"xs-social-icon\">\n                                <span class=\"met-social met-social-twitter\"><\/span>\n                            <\/div>\n\n\t\t\t\t\t\t\t\n                            <div class=\"wslu-hover-content\">\n                                <div class=\"xs-social-followers\">\n\t\t\t\t\t\t\t\t\t10                                <\/div>\n                                <div class=\"xs-social-follower-text\">\n\t\t\t\t\t\t\t\t\tShare                                <\/div>\n                                <div class=\"xs-social-follower-label\">\n\t\t\t\t\t\t\t\t\tTwitter                                <\/div>\n                            <\/div>\n                        <\/a>\n                    <\/li>\n\t\t\t\t\t                    <li class=\"xs-share-li telegram                        wslu-no-extra-data\">\n                        <a href=\"javascript:void(0);\"\n                           id=\"xs_feed_telegram\"\n                           onclick=\"xs_social_sharer(this);\"\n                           data-pid=\"2485\"\n                           data-uri_hash=\"39104734d1ac70cf436b4e232c315db6\"\n                           data-key=\"telegram\"\n                           data-xs-href=\"https:\/\/telegram.me\/share\/url?url=https%3A%2F%2Fvelipost.com%2Findex.php%3Frest_route%3D%252Fwp%252Fv2%252Fposts%252F2485&amp;text=Bois+Ca%C3%AFman+inscrit+au+R%C3%A9seau+UNESCO+%3A+Une+reconnaissance+mondiale+de+l%E2%80%99histoire+et+de+la+r%C3%A9sistance+ha%C3%AFtienne\">\n\n                            <div class=\"xs-social-icon\">\n                                <span class=\"met-social met-social-telegram\"><\/span>\n                            <\/div>\n\n\t\t\t\t\t\t\t\n                            <div class=\"wslu-hover-content\">\n                                <div class=\"xs-social-followers\">\n\t\t\t\t\t\t\t\t\t0                                <\/div>\n                                <div class=\"xs-social-follower-text\">\n\t\t\t\t\t\t\t\t\tShare                                <\/div>\n                                <div class=\"xs-social-follower-label\">\n\t\t\t\t\t\t\t\t\tTelegram                                <\/div>\n                            <\/div>\n                        <\/a>\n                    <\/li>\n\t\t\t\t\t                    <li class=\"xs-share-li email                        wslu-no-extra-data\">\n                        <a href=\"javascript:void(0);\"\n                           id=\"xs_feed_email\"\n                           onclick=\"xs_social_sharer(this);\"\n                           data-pid=\"2485\"\n                           data-uri_hash=\"39104734d1ac70cf436b4e232c315db6\"\n                           data-key=\"email\"\n                           data-xs-href=\"mailto:?body=Title%3A+Bois+Ca%C3%AFman+inscrit+au+R%C3%A9seau+UNESCO+%3A+Une+reconnaissance+mondiale+de+l%E2%80%99histoire+et+de+la+r%C3%A9sistance+ha%C3%AFtienne+%5Cn%5Cn+URL%3A+https%3A%2F%2Fvelipost.com%2Findex.php%3Frest_route%3D%252Fwp%252Fv2%252Fposts%252F2485&amp;subject=Bois+Ca%C3%AFman+inscrit+au+R%C3%A9seau+UNESCO+%3A+Une+reconnaissance+mondiale+de+l%E2%80%99histoire+et+de+la+r%C3%A9sistance+ha%C3%AFtienne\">\n\n                            <div class=\"xs-social-icon\">\n                                <span class=\"met-social met-social-email\"><\/span>\n                            <\/div>\n\n\t\t\t\t\t\t\t\n                            <div class=\"wslu-hover-content\">\n                                <div class=\"xs-social-followers\">\n\t\t\t\t\t\t\t\t\t0                                <\/div>\n                                <div class=\"xs-social-follower-text\">\n\t\t\t\t\t\t\t\t\tShare                                <\/div>\n                                <div class=\"xs-social-follower-label\">\n\t\t\t\t\t\t\t\t\tEmail                                <\/div>\n                            <\/div>\n                        <\/a>\n                    <\/li>\n\t\t\t\t\t        <\/ul>\n    <\/div> \n","protected":false},"excerpt":{"rendered":"<p>Le 9 octobre 2024 marque un jalon historique pour Ha\u00efti, avec l&rsquo;inscription de Bois Ca\u00efman au R\u00e9seau UNESCO des \u00ab lieux d&rsquo;histoire et de<\/p>\n","protected":false},"author":1,"featured_media":2486,"comment_status":"open","ping_status":"open","sticky":false,"template":"","format":"standard","meta":{"_uag_custom_page_level_css":"","footnotes":"","jetpack_publicize_message":"","jetpack_publicize_feature_enabled":true,"jetpack_social_post_already_shared":false,"jetpack_social_options":{"image_generator_settings":{"template":"highway","default_image_id":0,"font":"","enabled":false},"version":2}},"categories":[94],"tags":[],"class_list":["post-2485","post","type-post","status-publish","format-standard","has-post-thumbnail","hentry","category-a-la-une"],"yoast_head":"<!-- This site is optimized with the Yoast SEO plugin v25.3.1 - https:\/\/yoast.com\/wordpress\/plugins\/seo\/ -->\n<title>Bois Ca\u00efman inscrit au R\u00e9seau UNESCO : Une reconnaissance mondiale de l\u2019histoire et de la r\u00e9sistance ha\u00eftienne &#8211; VeliPost<\/title>\n<meta name=\"robots\" content=\"index, follow, max-snippet:-1, max-image-preview:large, max-video-preview:-1\" \/>\n<link rel=\"canonical\" href=\"https:\/\/velipost.com\/?p=2485\" \/>\n<meta property=\"og:locale\" content=\"fr_FR\" \/>\n<meta property=\"og:type\" content=\"article\" \/>\n<meta property=\"og:title\" content=\"Bois Ca\u00efman inscrit au R\u00e9seau UNESCO : Une reconnaissance mondiale de l\u2019histoire et de la r\u00e9sistance ha\u00eftienne &#8211; VeliPost\" \/>\n<meta property=\"og:description\" content=\"Le 9 octobre 2024 marque un jalon historique pour Ha\u00efti, avec l&rsquo;inscription de Bois Ca\u00efman au R\u00e9seau UNESCO des \u00ab lieux d&rsquo;histoire et de\" \/>\n<meta property=\"og:url\" content=\"https:\/\/velipost.com\/?p=2485\" \/>\n<meta property=\"og:site_name\" content=\"VeliPost\" \/>\n<meta property=\"article:publisher\" content=\"https:\/\/www.facebook.com\/veliposthaiti\" \/>\n<meta property=\"article:published_time\" content=\"2024-10-10T00:48:41+00:00\" \/>\n<meta property=\"article:modified_time\" content=\"2024-10-10T00:48:42+00:00\" \/>\n<meta property=\"og:image\" content=\"https:\/\/velipost.com\/wp-content\/uploads\/2024\/10\/Bois-Caiman.jpg\" \/>\n\t<meta property=\"og:image:width\" content=\"1170\" \/>\n\t<meta property=\"og:image:height\" content=\"603\" \/>\n\t<meta property=\"og:image:type\" content=\"image\/jpeg\" \/>\n<meta name=\"author\" content=\"VeliPost\" \/>\n<meta name=\"twitter:card\" content=\"summary_large_image\" \/>\n<meta name=\"twitter:creator\" content=\"@veliposthaiti\" \/>\n<meta name=\"twitter:site\" content=\"@veliposthaiti\" \/>\n<meta name=\"twitter:label1\" content=\"\u00c9crit par\" \/>\n\t<meta name=\"twitter:data1\" content=\"VeliPost\" \/>\n\t<meta name=\"twitter:label2\" content=\"Dur\u00e9e de lecture estim\u00e9e\" \/>\n\t<meta name=\"twitter:data2\" content=\"3 minutes\" \/>\n<script type=\"application\/ld+json\" class=\"yoast-schema-graph\">{\"@context\":\"https:\/\/schema.org\",\"@graph\":[{\"@type\":\"Article\",\"@id\":\"https:\/\/velipost.com\/?p=2485#article\",\"isPartOf\":{\"@id\":\"https:\/\/velipost.com\/?p=2485\"},\"author\":{\"name\":\"VeliPost\",\"@id\":\"https:\/\/velipost.com\/#\/schema\/person\/32ff49a53c9c1bb24302ee8ece058096\"},\"headline\":\"Bois Ca\u00efman inscrit au R\u00e9seau UNESCO : Une reconnaissance mondiale de l\u2019histoire et de la r\u00e9sistance ha\u00eftienne\",\"datePublished\":\"2024-10-10T00:48:41+00:00\",\"dateModified\":\"2024-10-10T00:48:42+00:00\",\"mainEntityOfPage\":{\"@id\":\"https:\/\/velipost.com\/?p=2485\"},\"wordCount\":509,\"commentCount\":0,\"publisher\":{\"@id\":\"https:\/\/velipost.com\/#organization\"},\"image\":{\"@id\":\"https:\/\/velipost.com\/?p=2485#primaryimage\"},\"thumbnailUrl\":\"https:\/\/velipost.com\/wp-content\/uploads\/2024\/10\/Bois-Caiman.jpg\",\"articleSection\":[\"A la Une\"],\"inLanguage\":\"fr-FR\",\"potentialAction\":[{\"@type\":\"CommentAction\",\"name\":\"Comment\",\"target\":[\"https:\/\/velipost.com\/?p=2485#respond\"]}]},{\"@type\":\"WebPage\",\"@id\":\"https:\/\/velipost.com\/?p=2485\",\"url\":\"https:\/\/velipost.com\/?p=2485\",\"name\":\"Bois Ca\u00efman inscrit au R\u00e9seau UNESCO : Une reconnaissance mondiale de l\u2019histoire et de la r\u00e9sistance ha\u00eftienne &#8211; VeliPost\",\"isPartOf\":{\"@id\":\"https:\/\/velipost.com\/#website\"},\"primaryImageOfPage\":{\"@id\":\"https:\/\/velipost.com\/?p=2485#primaryimage\"},\"image\":{\"@id\":\"https:\/\/velipost.com\/?p=2485#primaryimage\"},\"thumbnailUrl\":\"https:\/\/velipost.com\/wp-content\/uploads\/2024\/10\/Bois-Caiman.jpg\",\"datePublished\":\"2024-10-10T00:48:41+00:00\",\"dateModified\":\"2024-10-10T00:48:42+00:00\",\"breadcrumb\":{\"@id\":\"https:\/\/velipost.com\/?p=2485#breadcrumb\"},\"inLanguage\":\"fr-FR\",\"potentialAction\":[{\"@type\":\"ReadAction\",\"target\":[\"https:\/\/velipost.com\/?p=2485\"]}]},{\"@type\":\"ImageObject\",\"inLanguage\":\"fr-FR\",\"@id\":\"https:\/\/velipost.com\/?p=2485#primaryimage\",\"url\":\"https:\/\/velipost.com\/wp-content\/uploads\/2024\/10\/Bois-Caiman.jpg\",\"contentUrl\":\"https:\/\/velipost.com\/wp-content\/uploads\/2024\/10\/Bois-Caiman.jpg\",\"width\":1170,\"height\":603},{\"@type\":\"BreadcrumbList\",\"@id\":\"https:\/\/velipost.com\/?p=2485#breadcrumb\",\"itemListElement\":[{\"@type\":\"ListItem\",\"position\":1,\"name\":\"Accueil\",\"item\":\"https:\/\/velipost.com\/\"},{\"@type\":\"ListItem\",\"position\":2,\"name\":\"Bois Ca\u00efman inscrit au R\u00e9seau UNESCO : Une reconnaissance mondiale de l\u2019histoire et de la r\u00e9sistance ha\u00eftienne\"}]},{\"@type\":\"WebSite\",\"@id\":\"https:\/\/velipost.com\/#website\",\"url\":\"https:\/\/velipost.com\/\",\"name\":\"VeliPost\",\"description\":\"L\u2019info en un clic\",\"publisher\":{\"@id\":\"https:\/\/velipost.com\/#organization\"},\"potentialAction\":[{\"@type\":\"SearchAction\",\"target\":{\"@type\":\"EntryPoint\",\"urlTemplate\":\"https:\/\/velipost.com\/?s={search_term_string}\"},\"query-input\":{\"@type\":\"PropertyValueSpecification\",\"valueRequired\":true,\"valueName\":\"search_term_string\"}}],\"inLanguage\":\"fr-FR\"},{\"@type\":\"Organization\",\"@id\":\"https:\/\/velipost.com\/#organization\",\"name\":\"VeliPost\",\"url\":\"https:\/\/velipost.com\/\",\"logo\":{\"@type\":\"ImageObject\",\"inLanguage\":\"fr-FR\",\"@id\":\"https:\/\/velipost.com\/#\/schema\/logo\/image\/\",\"url\":\"https:\/\/velipost.com\/wp-content\/uploads\/2024\/08\/cropped-VP-logo-piti.png\",\"contentUrl\":\"https:\/\/velipost.com\/wp-content\/uploads\/2024\/08\/cropped-VP-logo-piti.png\",\"width\":201,\"height\":69,\"caption\":\"VeliPost\"},\"image\":{\"@id\":\"https:\/\/velipost.com\/#\/schema\/logo\/image\/\"},\"sameAs\":[\"https:\/\/www.facebook.com\/veliposthaiti\",\"https:\/\/x.com\/veliposthaiti\",\"https:\/\/www.instagram.com\/veliposthaiti\"]},{\"@type\":\"Person\",\"@id\":\"https:\/\/velipost.com\/#\/schema\/person\/32ff49a53c9c1bb24302ee8ece058096\",\"name\":\"VeliPost\",\"image\":{\"@type\":\"ImageObject\",\"inLanguage\":\"fr-FR\",\"@id\":\"https:\/\/velipost.com\/#\/schema\/person\/image\/\",\"url\":\"https:\/\/secure.gravatar.com\/avatar\/57c226c264de62f794185a89596d4a37b85a5ad20aca30d9d5a478b27d8c8d9d?s=96&d=mm&r=g\",\"contentUrl\":\"https:\/\/secure.gravatar.com\/avatar\/57c226c264de62f794185a89596d4a37b85a5ad20aca30d9d5a478b27d8c8d9d?s=96&d=mm&r=g\",\"caption\":\"VeliPost\"},\"sameAs\":[\"https:\/\/velipost.com\"],\"url\":\"https:\/\/velipost.com\/?author=1\"}]}<\/script>\n<!-- \/ Yoast SEO plugin. -->","yoast_head_json":{"title":"Bois Ca\u00efman inscrit au R\u00e9seau UNESCO : Une reconnaissance mondiale de l\u2019histoire et de la r\u00e9sistance ha\u00eftienne &#8211; VeliPost","robots":{"index":"index","follow":"follow","max-snippet":"max-snippet:-1","max-image-preview":"max-image-preview:large","max-video-preview":"max-video-preview:-1"},"canonical":"https:\/\/velipost.com\/?p=2485","og_locale":"fr_FR","og_type":"article","og_title":"Bois Ca\u00efman inscrit au R\u00e9seau UNESCO : Une reconnaissance mondiale de l\u2019histoire et de la r\u00e9sistance ha\u00eftienne &#8211; VeliPost","og_description":"Le 9 octobre 2024 marque un jalon historique pour Ha\u00efti, avec l&rsquo;inscription de Bois Ca\u00efman au R\u00e9seau UNESCO des \u00ab lieux d&rsquo;histoire et de","og_url":"https:\/\/velipost.com\/?p=2485","og_site_name":"VeliPost","article_publisher":"https:\/\/www.facebook.com\/veliposthaiti","article_published_time":"2024-10-10T00:48:41+00:00","article_modified_time":"2024-10-10T00:48:42+00:00","og_image":[{"width":1170,"height":603,"url":"https:\/\/velipost.com\/wp-content\/uploads\/2024\/10\/Bois-Caiman.jpg","type":"image\/jpeg"}],"author":"VeliPost","twitter_card":"summary_large_image","twitter_creator":"@veliposthaiti","twitter_site":"@veliposthaiti","twitter_misc":{"\u00c9crit par":"VeliPost","Dur\u00e9e de lecture estim\u00e9e":"3 minutes"},"schema":{"@context":"https:\/\/schema.org","@graph":[{"@type":"Article","@id":"https:\/\/velipost.com\/?p=2485#article","isPartOf":{"@id":"https:\/\/velipost.com\/?p=2485"},"author":{"name":"VeliPost","@id":"https:\/\/velipost.com\/#\/schema\/person\/32ff49a53c9c1bb24302ee8ece058096"},"headline":"Bois Ca\u00efman inscrit au R\u00e9seau UNESCO : Une reconnaissance mondiale de l\u2019histoire et de la r\u00e9sistance ha\u00eftienne","datePublished":"2024-10-10T00:48:41+00:00","dateModified":"2024-10-10T00:48:42+00:00","mainEntityOfPage":{"@id":"https:\/\/velipost.com\/?p=2485"},"wordCount":509,"commentCount":0,"publisher":{"@id":"https:\/\/velipost.com\/#organization"},"image":{"@id":"https:\/\/velipost.com\/?p=2485#primaryimage"},"thumbnailUrl":"https:\/\/velipost.com\/wp-content\/uploads\/2024\/10\/Bois-Caiman.jpg","articleSection":["A la Une"],"inLanguage":"fr-FR","potentialAction":[{"@type":"CommentAction","name":"Comment","target":["https:\/\/velipost.com\/?p=2485#respond"]}]},{"@type":"WebPage","@id":"https:\/\/velipost.com\/?p=2485","url":"https:\/\/velipost.com\/?p=2485","name":"Bois Ca\u00efman inscrit au R\u00e9seau UNESCO : Une reconnaissance mondiale de l\u2019histoire et de la r\u00e9sistance ha\u00eftienne &#8211; VeliPost","isPartOf":{"@id":"https:\/\/velipost.com\/#website"},"primaryImageOfPage":{"@id":"https:\/\/velipost.com\/?p=2485#primaryimage"},"image":{"@id":"https:\/\/velipost.com\/?p=2485#primaryimage"},"thumbnailUrl":"https:\/\/velipost.com\/wp-content\/uploads\/2024\/10\/Bois-Caiman.jpg","datePublished":"2024-10-10T00:48:41+00:00","dateModified":"2024-10-10T00:48:42+00:00","breadcrumb":{"@id":"https:\/\/velipost.com\/?p=2485#breadcrumb"},"inLanguage":"fr-FR","potentialAction":[{"@type":"ReadAction","target":["https:\/\/velipost.com\/?p=2485"]}]},{"@type":"ImageObject","inLanguage":"fr-FR","@id":"https:\/\/velipost.com\/?p=2485#primaryimage","url":"https:\/\/velipost.com\/wp-content\/uploads\/2024\/10\/Bois-Caiman.jpg","contentUrl":"https:\/\/velipost.com\/wp-content\/uploads\/2024\/10\/Bois-Caiman.jpg","width":1170,"height":603},{"@type":"BreadcrumbList","@id":"https:\/\/velipost.com\/?p=2485#breadcrumb","itemListElement":[{"@type":"ListItem","position":1,"name":"Accueil","item":"https:\/\/velipost.com\/"},{"@type":"ListItem","position":2,"name":"Bois Ca\u00efman inscrit au R\u00e9seau UNESCO : Une reconnaissance mondiale de l\u2019histoire et de la r\u00e9sistance ha\u00eftienne"}]},{"@type":"WebSite","@id":"https:\/\/velipost.com\/#website","url":"https:\/\/velipost.com\/","name":"VeliPost","description":"L\u2019info en un clic","publisher":{"@id":"https:\/\/velipost.com\/#organization"},"potentialAction":[{"@type":"SearchAction","target":{"@type":"EntryPoint","urlTemplate":"https:\/\/velipost.com\/?s={search_term_string}"},"query-input":{"@type":"PropertyValueSpecification","valueRequired":true,"valueName":"search_term_string"}}],"inLanguage":"fr-FR"},{"@type":"Organization","@id":"https:\/\/velipost.com\/#organization","name":"VeliPost","url":"https:\/\/velipost.com\/","logo":{"@type":"ImageObject","inLanguage":"fr-FR","@id":"https:\/\/velipost.com\/#\/schema\/logo\/image\/","url":"https:\/\/velipost.com\/wp-content\/uploads\/2024\/08\/cropped-VP-logo-piti.png","contentUrl":"https:\/\/velipost.com\/wp-content\/uploads\/2024\/08\/cropped-VP-logo-piti.png","width":201,"height":69,"caption":"VeliPost"},"image":{"@id":"https:\/\/velipost.com\/#\/schema\/logo\/image\/"},"sameAs":["https:\/\/www.facebook.com\/veliposthaiti","https:\/\/x.com\/veliposthaiti","https:\/\/www.instagram.com\/veliposthaiti"]},{"@type":"Person","@id":"https:\/\/velipost.com\/#\/schema\/person\/32ff49a53c9c1bb24302ee8ece058096","name":"VeliPost","image":{"@type":"ImageObject","inLanguage":"fr-FR","@id":"https:\/\/velipost.com\/#\/schema\/person\/image\/","url":"https:\/\/secure.gravatar.com\/avatar\/57c226c264de62f794185a89596d4a37b85a5ad20aca30d9d5a478b27d8c8d9d?s=96&d=mm&r=g","contentUrl":"https:\/\/secure.gravatar.com\/avatar\/57c226c264de62f794185a89596d4a37b85a5ad20aca30d9d5a478b27d8c8d9d?s=96&d=mm&r=g","caption":"VeliPost"},"sameAs":["https:\/\/velipost.com"],"url":"https:\/\/velipost.com\/?author=1"}]}},"views":0,"jetpack_publicize_connections":[],"uagb_featured_image_src":{"full":["https:\/\/velipost.com\/wp-content\/uploads\/2024\/10\/Bois-Caiman.jpg",1170,603,false],"thumbnail":["https:\/\/velipost.com\/wp-content\/uploads\/2024\/10\/Bois-Caiman-150x150.jpg",150,150,true],"medium":["https:\/\/velipost.com\/wp-content\/uploads\/2024\/10\/Bois-Caiman-300x155.jpg",300,155,true],"medium_large":["https:\/\/velipost.com\/wp-content\/uploads\/2024\/10\/Bois-Caiman-768x396.jpg",715,369,true],"large":["https:\/\/velipost.com\/wp-content\/uploads\/2024\/10\/Bois-Caiman-1024x528.jpg",715,369,true],"1536x1536":["https:\/\/velipost.com\/wp-content\/uploads\/2024\/10\/Bois-Caiman.jpg",1170,603,false],"2048x2048":["https:\/\/velipost.com\/wp-content\/uploads\/2024\/10\/Bois-Caiman.jpg",1170,603,false],"colornews-big-slider":["https:\/\/velipost.com\/wp-content\/uploads\/2024\/10\/Bois-Caiman-1070x470.jpg",1070,470,true],"colornews-big-slider-thumb":["https:\/\/velipost.com\/wp-content\/uploads\/2024\/10\/Bois-Caiman-184x109.jpg",184,109,true],"colornews-featured-post-medium":["https:\/\/velipost.com\/wp-content\/uploads\/2024\/10\/Bois-Caiman-345x265.jpg",345,265,true],"colornews-featured-post-small":["https:\/\/velipost.com\/wp-content\/uploads\/2024\/10\/Bois-Caiman-115x73.jpg",115,73,true],"colornews-random-posts":["https:\/\/velipost.com\/wp-content\/uploads\/2024\/10\/Bois-Caiman-215x215.jpg",215,215,true],"colornews-featured-image":["https:\/\/velipost.com\/wp-content\/uploads\/2024\/10\/Bois-Caiman-715x400.jpg",715,400,true],"mailpoet_newsletter_max":["https:\/\/velipost.com\/wp-content\/uploads\/2024\/10\/Bois-Caiman.jpg",1170,603,false]},"uagb_author_info":{"display_name":"VeliPost","author_link":"https:\/\/velipost.com\/?author=1"},"uagb_comment_info":0,"uagb_excerpt":"Le 9 octobre 2024 marque un jalon historique pour Ha\u00efti, avec l&rsquo;inscription de Bois Ca\u00efman au R\u00e9seau UNESCO des \u00ab lieux d&rsquo;histoire et de","_links":{"self":[{"href":"https:\/\/velipost.com\/index.php?rest_route=\/wp\/v2\/posts\/2485","targetHints":{"allow":["GET"]}}],"collection":[{"href":"https:\/\/velipost.com\/index.php?rest_route=\/wp\/v2\/posts"}],"about":[{"href":"https:\/\/velipost.com\/index.php?rest_route=\/wp\/v2\/types\/post"}],"author":[{"embeddable":true,"href":"https:\/\/velipost.com\/index.php?rest_route=\/wp\/v2\/users\/1"}],"replies":[{"embeddable":true,"href":"https:\/\/velipost.com\/index.php?rest_route=%2Fwp%2Fv2%2Fcomments&post=2485"}],"version-history":[{"count":1,"href":"https:\/\/velipost.com\/index.php?rest_route=\/wp\/v2\/posts\/2485\/revisions"}],"predecessor-version":[{"id":2487,"href":"https:\/\/velipost.com\/index.php?rest_route=\/wp\/v2\/posts\/2485\/revisions\/2487"}],"wp:featuredmedia":[{"embeddable":true,"href":"https:\/\/velipost.com\/index.php?rest_route=\/wp\/v2\/media\/2486"}],"wp:attachment":[{"href":"https:\/\/velipost.com\/index.php?rest_route=%2Fwp%2Fv2%2Fmedia&parent=2485"}],"wp:term":[{"taxonomy":"category","embeddable":true,"href":"https:\/\/velipost.com\/index.php?rest_route=%2Fwp%2Fv2%2Fcategories&post=2485"},{"taxonomy":"post_tag","embeddable":true,"href":"https:\/\/velipost.com\/index.php?rest_route=%2Fwp%2Fv2%2Ftags&post=2485"}],"curies":[{"name":"wp","href":"https:\/\/api.w.org\/{rel}","templated":true}]}}