{"id":2459,"date":"2024-10-07T19:31:17","date_gmt":"2024-10-07T17:31:17","guid":{"rendered":"https:\/\/velipost.com\/?p=2459"},"modified":"2024-10-07T19:31:19","modified_gmt":"2024-10-07T17:31:19","slug":"la-ministre-des-affaires-etrangeres-exige-le-respect-des-droits-des-ressortissants-haitiens","status":"publish","type":"post","link":"https:\/\/velipost.com\/?p=2459","title":{"rendered":"La Ministre des Affaires \u00c9trang\u00e8res Exige le Respect des Droits des Ressortissants Ha\u00eftiens"},"content":{"rendered":"\n<p>Dans une d\u00e9claration forte publi\u00e9e sur les r\u00e9seaux sociaux, la Ministre des Affaires \u00c9trang\u00e8res ha\u00eftienne, Dominique Dupuy, a condamn\u00e9 les actions r\u00e9centes du gouvernement dominicain concernant les rafles et d\u00e9portations de citoyens d&rsquo;origine ha\u00eftienne. Elle a qualifi\u00e9 ces actes de \u00ab\u00a0brutaux\u00a0\u00bb et d\u2019\u00a0\u00bbaffront \u00e0 la dignit\u00e9 humaine\u00a0\u00bb, affirmant qu&rsquo;ils contreviennent aux normes internationales en mati\u00e8re de droits humains.<\/p>\n\n\n\n<h3 class=\"wp-block-heading\">Une Politique Migratoire Inacceptable<\/h3>\n\n\n\n<p>La R\u00e9publique Dominicaine, sous le pr\u00e9texte de gestion migratoire, m\u00e8ne actuellement des op\u00e9rations de rafles ciblant les ressortissants ha\u00eftiens, y compris ceux en situation irr\u00e9guli\u00e8re ou l\u00e9gale. Ces actions, souvent accompagn\u00e9es de violence, ont choqu\u00e9 la communaut\u00e9 internationale, soulevant des pr\u00e9occupations s\u00e9rieuses concernant les violations des droits fondamentaux.<\/p>\n\n\n\n<p>Dominique Dupuy a soulign\u00e9 que ces pratiques d\u00e9shumanisantes, loin de respecter les principes universels de la dignit\u00e9 humaine, n\u00e9cessitent une r\u00e9ponse forte de la part des organisations internationales comp\u00e9tentes. Elle a d\u00e9clar\u00e9 avoir d\u00e9j\u00e0 inform\u00e9 son homologue dominicain de la position officielle d&rsquo;Ha\u00efti, et signal\u00e9 les faits aux organismes internationaux comme les Nations Unies et la Cour interam\u00e9ricaine des droits de l&rsquo;homme.<\/p>\n\n\n\n<h3 class=\"wp-block-heading\">Un Appel \u00e0 la Justice et au Respect<\/h3>\n\n\n\n<p>La Ministre Dupuy a appel\u00e9 la communaut\u00e9 internationale \u00e0 ne pas d\u00e9tourner le regard face \u00e0 ces actes injustes. Le gouvernement ha\u00eftien, selon ses propos, reste fermement engag\u00e9 \u00e0 prot\u00e9ger ses citoyens et \u00e0 offrir un accueil digne aux personnes affect\u00e9es par cette crise.<\/p>\n\n\n\n<p>Enfin, elle a r\u00e9it\u00e9r\u00e9 l&rsquo;engagement du gouvernement \u00e0 travailler en collaboration avec ses partenaires internationaux pour trouver des solutions viables, tout en exigeant le respect des droits humains pour les ressortissants ha\u00eftiens \u00e0 l&rsquo;\u00e9tranger.<\/p>\n\n\n\n<p>Depuis l\u2019annonce des autorit\u00e9s dominicaines de proc\u00e9der \u00e0 l\u2019expulsion de 10 000 Ha\u00eftiens par semaine, ces op\u00e9rations massives ne respectent gu\u00e8re les normes internationales en mati\u00e8re de droits humains. Les sc\u00e8nes brutales observ\u00e9es montrent un m\u00e9pris total pour les proc\u00e9dures l\u00e9gales et humanitaires, laissant place \u00e0 des traitements inhumains qui n\u00e9cessitent une intervention urgente de la communaut\u00e9 internationale.<\/p>\n\n    <div class=\"xs_social_share_widget xs_share_url after_content \t\tmain_content  wslu-style-3 wslu-share-box-shaped wslu-fill-brand-hover-colored wslu-share-m-5 wslu-none wslu-share-horizontal wslu-theme-font-no wslu-main_content\">\n\n\t\t\n        <ul>\n\t\t\t                    <li class=\"xs-share-li twitter                        wslu-no-extra-data\">\n                        <a href=\"javascript:void(0);\"\n                           id=\"xs_feed_twitter\"\n                           onclick=\"xs_social_sharer(this);\"\n                           data-pid=\"2459\"\n                           data-uri_hash=\"716c0481e6ae08fec4aa8aa1d2161eca\"\n                           data-key=\"twitter\"\n                           data-xs-href=\"https:\/\/twitter.com\/intent\/tweet?text=La+Ministre+des+Affaires+%C3%89trang%C3%A8res+Exige+le+Respect+des+Droits+des+Ressortissants+Ha%C3%AFtiens+https%3A%2F%2Fvelipost.com%2Findex.php%3Frest_route%3D%252Fwp%252Fv2%252Fposts%252F2459&amp;original_referer=https%3A%2F%2Fvelipost.com%2Findex.php%3Frest_route%3D%252Fwp%252Fv2%252Fposts%252F2459&amp;related=xpeedstudio\">\n\n                            <div class=\"xs-social-icon\">\n                                <span class=\"met-social met-social-twitter\"><\/span>\n                            <\/div>\n\n\t\t\t\t\t\t\t\n                            <div class=\"wslu-hover-content\">\n                                <div class=\"xs-social-followers\">\n\t\t\t\t\t\t\t\t\t10                                <\/div>\n                                <div class=\"xs-social-follower-text\">\n\t\t\t\t\t\t\t\t\tShare                                <\/div>\n                                <div class=\"xs-social-follower-label\">\n\t\t\t\t\t\t\t\t\tTwitter                                <\/div>\n                            <\/div>\n                        <\/a>\n                    <\/li>\n\t\t\t\t\t                    <li class=\"xs-share-li telegram                        wslu-no-extra-data\">\n                        <a href=\"javascript:void(0);\"\n                           id=\"xs_feed_telegram\"\n                           onclick=\"xs_social_sharer(this);\"\n                           data-pid=\"2459\"\n                           data-uri_hash=\"716c0481e6ae08fec4aa8aa1d2161eca\"\n                           data-key=\"telegram\"\n                           data-xs-href=\"https:\/\/telegram.me\/share\/url?url=https%3A%2F%2Fvelipost.com%2Findex.php%3Frest_route%3D%252Fwp%252Fv2%252Fposts%252F2459&amp;text=La+Ministre+des+Affaires+%C3%89trang%C3%A8res+Exige+le+Respect+des+Droits+des+Ressortissants+Ha%C3%AFtiens\">\n\n                            <div class=\"xs-social-icon\">\n                                <span class=\"met-social met-social-telegram\"><\/span>\n                            <\/div>\n\n\t\t\t\t\t\t\t\n                            <div class=\"wslu-hover-content\">\n                                <div class=\"xs-social-followers\">\n\t\t\t\t\t\t\t\t\t0                                <\/div>\n                                <div class=\"xs-social-follower-text\">\n\t\t\t\t\t\t\t\t\tShare                                <\/div>\n                                <div class=\"xs-social-follower-label\">\n\t\t\t\t\t\t\t\t\tTelegram                                <\/div>\n                            <\/div>\n                        <\/a>\n                    <\/li>\n\t\t\t\t\t                    <li class=\"xs-share-li email                        wslu-no-extra-data\">\n                        <a href=\"javascript:void(0);\"\n                           id=\"xs_feed_email\"\n                           onclick=\"xs_social_sharer(this);\"\n                           data-pid=\"2459\"\n                           data-uri_hash=\"716c0481e6ae08fec4aa8aa1d2161eca\"\n                           data-key=\"email\"\n                           data-xs-href=\"mailto:?body=Title%3A+La+Ministre+des+Affaires+%C3%89trang%C3%A8res+Exige+le+Respect+des+Droits+des+Ressortissants+Ha%C3%AFtiens+%5Cn%5Cn+URL%3A+https%3A%2F%2Fvelipost.com%2Findex.php%3Frest_route%3D%252Fwp%252Fv2%252Fposts%252F2459&amp;subject=La+Ministre+des+Affaires+%C3%89trang%C3%A8res+Exige+le+Respect+des+Droits+des+Ressortissants+Ha%C3%AFtiens\">\n\n                            <div class=\"xs-social-icon\">\n                                <span class=\"met-social met-social-email\"><\/span>\n                            <\/div>\n\n\t\t\t\t\t\t\t\n                            <div class=\"wslu-hover-content\">\n                                <div class=\"xs-social-followers\">\n\t\t\t\t\t\t\t\t\t0                                <\/div>\n                                <div class=\"xs-social-follower-text\">\n\t\t\t\t\t\t\t\t\tShare                                <\/div>\n                                <div class=\"xs-social-follower-label\">\n\t\t\t\t\t\t\t\t\tEmail                                <\/div>\n                            <\/div>\n                        <\/a>\n                    <\/li>\n\t\t\t\t\t        <\/ul>\n    <\/div> \n","protected":false},"excerpt":{"rendered":"<p>Dans une d\u00e9claration forte publi\u00e9e sur les r\u00e9seaux sociaux, la Ministre des Affaires \u00c9trang\u00e8res ha\u00eftienne, Dominique Dupuy, a condamn\u00e9 les actions r\u00e9centes du gouvernement<\/p>\n","protected":false},"author":1,"featured_media":2460,"comment_status":"open","ping_status":"open","sticky":false,"template":"","format":"standard","meta":{"_uag_custom_page_level_css":"","footnotes":"","jetpack_publicize_message":"","jetpack_publicize_feature_enabled":true,"jetpack_social_post_already_shared":false,"jetpack_social_options":{"image_generator_settings":{"template":"highway","default_image_id":0,"font":"","enabled":false},"version":2}},"categories":[94],"tags":[],"class_list":["post-2459","post","type-post","status-publish","format-standard","has-post-thumbnail","hentry","category-a-la-une"],"yoast_head":"<!-- This site is optimized with the Yoast SEO plugin v25.3.1 - https:\/\/yoast.com\/wordpress\/plugins\/seo\/ -->\n<title>La Ministre des Affaires \u00c9trang\u00e8res Exige le Respect des Droits des Ressortissants Ha\u00eftiens &#8211; VeliPost<\/title>\n<meta name=\"robots\" content=\"index, follow, max-snippet:-1, max-image-preview:large, max-video-preview:-1\" \/>\n<link rel=\"canonical\" href=\"https:\/\/velipost.com\/?p=2459\" \/>\n<meta property=\"og:locale\" content=\"fr_FR\" \/>\n<meta property=\"og:type\" content=\"article\" \/>\n<meta property=\"og:title\" content=\"La Ministre des Affaires \u00c9trang\u00e8res Exige le Respect des Droits des Ressortissants Ha\u00eftiens &#8211; VeliPost\" \/>\n<meta property=\"og:description\" content=\"Dans une d\u00e9claration forte publi\u00e9e sur les r\u00e9seaux sociaux, la Ministre des Affaires \u00c9trang\u00e8res ha\u00eftienne, Dominique Dupuy, a condamn\u00e9 les actions r\u00e9centes du gouvernement\" \/>\n<meta property=\"og:url\" content=\"https:\/\/velipost.com\/?p=2459\" \/>\n<meta property=\"og:site_name\" content=\"VeliPost\" \/>\n<meta property=\"article:publisher\" content=\"https:\/\/www.facebook.com\/veliposthaiti\" \/>\n<meta property=\"article:published_time\" content=\"2024-10-07T17:31:17+00:00\" \/>\n<meta property=\"article:modified_time\" content=\"2024-10-07T17:31:19+00:00\" \/>\n<meta property=\"og:image\" content=\"https:\/\/velipost.com\/wp-content\/uploads\/2024\/10\/dodo.jpg\" \/>\n\t<meta property=\"og:image:width\" content=\"1170\" \/>\n\t<meta property=\"og:image:height\" content=\"603\" \/>\n\t<meta property=\"og:image:type\" content=\"image\/jpeg\" \/>\n<meta name=\"author\" content=\"VeliPost\" \/>\n<meta name=\"twitter:card\" content=\"summary_large_image\" \/>\n<meta name=\"twitter:creator\" content=\"@veliposthaiti\" \/>\n<meta name=\"twitter:site\" content=\"@veliposthaiti\" \/>\n<meta name=\"twitter:label1\" content=\"\u00c9crit par\" \/>\n\t<meta name=\"twitter:data1\" content=\"VeliPost\" \/>\n\t<meta name=\"twitter:label2\" content=\"Dur\u00e9e de lecture estim\u00e9e\" \/>\n\t<meta name=\"twitter:data2\" content=\"2 minutes\" \/>\n<script type=\"application\/ld+json\" class=\"yoast-schema-graph\">{\"@context\":\"https:\/\/schema.org\",\"@graph\":[{\"@type\":\"Article\",\"@id\":\"https:\/\/velipost.com\/?p=2459#article\",\"isPartOf\":{\"@id\":\"https:\/\/velipost.com\/?p=2459\"},\"author\":{\"name\":\"VeliPost\",\"@id\":\"https:\/\/velipost.com\/#\/schema\/person\/32ff49a53c9c1bb24302ee8ece058096\"},\"headline\":\"La Ministre des Affaires \u00c9trang\u00e8res Exige le Respect des Droits des Ressortissants Ha\u00eftiens\",\"datePublished\":\"2024-10-07T17:31:17+00:00\",\"dateModified\":\"2024-10-07T17:31:19+00:00\",\"mainEntityOfPage\":{\"@id\":\"https:\/\/velipost.com\/?p=2459\"},\"wordCount\":375,\"commentCount\":0,\"publisher\":{\"@id\":\"https:\/\/velipost.com\/#organization\"},\"image\":{\"@id\":\"https:\/\/velipost.com\/?p=2459#primaryimage\"},\"thumbnailUrl\":\"https:\/\/velipost.com\/wp-content\/uploads\/2024\/10\/dodo.jpg\",\"articleSection\":[\"A la Une\"],\"inLanguage\":\"fr-FR\",\"potentialAction\":[{\"@type\":\"CommentAction\",\"name\":\"Comment\",\"target\":[\"https:\/\/velipost.com\/?p=2459#respond\"]}]},{\"@type\":\"WebPage\",\"@id\":\"https:\/\/velipost.com\/?p=2459\",\"url\":\"https:\/\/velipost.com\/?p=2459\",\"name\":\"La Ministre des Affaires \u00c9trang\u00e8res Exige le Respect des Droits des Ressortissants Ha\u00eftiens &#8211; VeliPost\",\"isPartOf\":{\"@id\":\"https:\/\/velipost.com\/#website\"},\"primaryImageOfPage\":{\"@id\":\"https:\/\/velipost.com\/?p=2459#primaryimage\"},\"image\":{\"@id\":\"https:\/\/velipost.com\/?p=2459#primaryimage\"},\"thumbnailUrl\":\"https:\/\/velipost.com\/wp-content\/uploads\/2024\/10\/dodo.jpg\",\"datePublished\":\"2024-10-07T17:31:17+00:00\",\"dateModified\":\"2024-10-07T17:31:19+00:00\",\"breadcrumb\":{\"@id\":\"https:\/\/velipost.com\/?p=2459#breadcrumb\"},\"inLanguage\":\"fr-FR\",\"potentialAction\":[{\"@type\":\"ReadAction\",\"target\":[\"https:\/\/velipost.com\/?p=2459\"]}]},{\"@type\":\"ImageObject\",\"inLanguage\":\"fr-FR\",\"@id\":\"https:\/\/velipost.com\/?p=2459#primaryimage\",\"url\":\"https:\/\/velipost.com\/wp-content\/uploads\/2024\/10\/dodo.jpg\",\"contentUrl\":\"https:\/\/velipost.com\/wp-content\/uploads\/2024\/10\/dodo.jpg\",\"width\":1170,\"height\":603},{\"@type\":\"BreadcrumbList\",\"@id\":\"https:\/\/velipost.com\/?p=2459#breadcrumb\",\"itemListElement\":[{\"@type\":\"ListItem\",\"position\":1,\"name\":\"Accueil\",\"item\":\"https:\/\/velipost.com\/\"},{\"@type\":\"ListItem\",\"position\":2,\"name\":\"La Ministre des Affaires \u00c9trang\u00e8res Exige le Respect des Droits des Ressortissants Ha\u00eftiens\"}]},{\"@type\":\"WebSite\",\"@id\":\"https:\/\/velipost.com\/#website\",\"url\":\"https:\/\/velipost.com\/\",\"name\":\"VeliPost\",\"description\":\"L\u2019info en un clic\",\"publisher\":{\"@id\":\"https:\/\/velipost.com\/#organization\"},\"potentialAction\":[{\"@type\":\"SearchAction\",\"target\":{\"@type\":\"EntryPoint\",\"urlTemplate\":\"https:\/\/velipost.com\/?s={search_term_string}\"},\"query-input\":{\"@type\":\"PropertyValueSpecification\",\"valueRequired\":true,\"valueName\":\"search_term_string\"}}],\"inLanguage\":\"fr-FR\"},{\"@type\":\"Organization\",\"@id\":\"https:\/\/velipost.com\/#organization\",\"name\":\"VeliPost\",\"url\":\"https:\/\/velipost.com\/\",\"logo\":{\"@type\":\"ImageObject\",\"inLanguage\":\"fr-FR\",\"@id\":\"https:\/\/velipost.com\/#\/schema\/logo\/image\/\",\"url\":\"https:\/\/velipost.com\/wp-content\/uploads\/2024\/08\/cropped-VP-logo-piti.png\",\"contentUrl\":\"https:\/\/velipost.com\/wp-content\/uploads\/2024\/08\/cropped-VP-logo-piti.png\",\"width\":201,\"height\":69,\"caption\":\"VeliPost\"},\"image\":{\"@id\":\"https:\/\/velipost.com\/#\/schema\/logo\/image\/\"},\"sameAs\":[\"https:\/\/www.facebook.com\/veliposthaiti\",\"https:\/\/x.com\/veliposthaiti\",\"https:\/\/www.instagram.com\/veliposthaiti\"]},{\"@type\":\"Person\",\"@id\":\"https:\/\/velipost.com\/#\/schema\/person\/32ff49a53c9c1bb24302ee8ece058096\",\"name\":\"VeliPost\",\"image\":{\"@type\":\"ImageObject\",\"inLanguage\":\"fr-FR\",\"@id\":\"https:\/\/velipost.com\/#\/schema\/person\/image\/\",\"url\":\"https:\/\/secure.gravatar.com\/avatar\/57c226c264de62f794185a89596d4a37b85a5ad20aca30d9d5a478b27d8c8d9d?s=96&d=mm&r=g\",\"contentUrl\":\"https:\/\/secure.gravatar.com\/avatar\/57c226c264de62f794185a89596d4a37b85a5ad20aca30d9d5a478b27d8c8d9d?s=96&d=mm&r=g\",\"caption\":\"VeliPost\"},\"sameAs\":[\"https:\/\/velipost.com\"],\"url\":\"https:\/\/velipost.com\/?author=1\"}]}<\/script>\n<!-- \/ Yoast SEO plugin. -->","yoast_head_json":{"title":"La Ministre des Affaires \u00c9trang\u00e8res Exige le Respect des Droits des Ressortissants Ha\u00eftiens &#8211; VeliPost","robots":{"index":"index","follow":"follow","max-snippet":"max-snippet:-1","max-image-preview":"max-image-preview:large","max-video-preview":"max-video-preview:-1"},"canonical":"https:\/\/velipost.com\/?p=2459","og_locale":"fr_FR","og_type":"article","og_title":"La Ministre des Affaires \u00c9trang\u00e8res Exige le Respect des Droits des Ressortissants Ha\u00eftiens &#8211; VeliPost","og_description":"Dans une d\u00e9claration forte publi\u00e9e sur les r\u00e9seaux sociaux, la Ministre des Affaires \u00c9trang\u00e8res ha\u00eftienne, Dominique Dupuy, a condamn\u00e9 les actions r\u00e9centes du gouvernement","og_url":"https:\/\/velipost.com\/?p=2459","og_site_name":"VeliPost","article_publisher":"https:\/\/www.facebook.com\/veliposthaiti","article_published_time":"2024-10-07T17:31:17+00:00","article_modified_time":"2024-10-07T17:31:19+00:00","og_image":[{"width":1170,"height":603,"url":"https:\/\/velipost.com\/wp-content\/uploads\/2024\/10\/dodo.jpg","type":"image\/jpeg"}],"author":"VeliPost","twitter_card":"summary_large_image","twitter_creator":"@veliposthaiti","twitter_site":"@veliposthaiti","twitter_misc":{"\u00c9crit par":"VeliPost","Dur\u00e9e de lecture estim\u00e9e":"2 minutes"},"schema":{"@context":"https:\/\/schema.org","@graph":[{"@type":"Article","@id":"https:\/\/velipost.com\/?p=2459#article","isPartOf":{"@id":"https:\/\/velipost.com\/?p=2459"},"author":{"name":"VeliPost","@id":"https:\/\/velipost.com\/#\/schema\/person\/32ff49a53c9c1bb24302ee8ece058096"},"headline":"La Ministre des Affaires \u00c9trang\u00e8res Exige le Respect des Droits des Ressortissants Ha\u00eftiens","datePublished":"2024-10-07T17:31:17+00:00","dateModified":"2024-10-07T17:31:19+00:00","mainEntityOfPage":{"@id":"https:\/\/velipost.com\/?p=2459"},"wordCount":375,"commentCount":0,"publisher":{"@id":"https:\/\/velipost.com\/#organization"},"image":{"@id":"https:\/\/velipost.com\/?p=2459#primaryimage"},"thumbnailUrl":"https:\/\/velipost.com\/wp-content\/uploads\/2024\/10\/dodo.jpg","articleSection":["A la Une"],"inLanguage":"fr-FR","potentialAction":[{"@type":"CommentAction","name":"Comment","target":["https:\/\/velipost.com\/?p=2459#respond"]}]},{"@type":"WebPage","@id":"https:\/\/velipost.com\/?p=2459","url":"https:\/\/velipost.com\/?p=2459","name":"La Ministre des Affaires \u00c9trang\u00e8res Exige le Respect des Droits des Ressortissants Ha\u00eftiens &#8211; VeliPost","isPartOf":{"@id":"https:\/\/velipost.com\/#website"},"primaryImageOfPage":{"@id":"https:\/\/velipost.com\/?p=2459#primaryimage"},"image":{"@id":"https:\/\/velipost.com\/?p=2459#primaryimage"},"thumbnailUrl":"https:\/\/velipost.com\/wp-content\/uploads\/2024\/10\/dodo.jpg","datePublished":"2024-10-07T17:31:17+00:00","dateModified":"2024-10-07T17:31:19+00:00","breadcrumb":{"@id":"https:\/\/velipost.com\/?p=2459#breadcrumb"},"inLanguage":"fr-FR","potentialAction":[{"@type":"ReadAction","target":["https:\/\/velipost.com\/?p=2459"]}]},{"@type":"ImageObject","inLanguage":"fr-FR","@id":"https:\/\/velipost.com\/?p=2459#primaryimage","url":"https:\/\/velipost.com\/wp-content\/uploads\/2024\/10\/dodo.jpg","contentUrl":"https:\/\/velipost.com\/wp-content\/uploads\/2024\/10\/dodo.jpg","width":1170,"height":603},{"@type":"BreadcrumbList","@id":"https:\/\/velipost.com\/?p=2459#breadcrumb","itemListElement":[{"@type":"ListItem","position":1,"name":"Accueil","item":"https:\/\/velipost.com\/"},{"@type":"ListItem","position":2,"name":"La Ministre des Affaires \u00c9trang\u00e8res Exige le Respect des Droits des Ressortissants Ha\u00eftiens"}]},{"@type":"WebSite","@id":"https:\/\/velipost.com\/#website","url":"https:\/\/velipost.com\/","name":"VeliPost","description":"L\u2019info en un clic","publisher":{"@id":"https:\/\/velipost.com\/#organization"},"potentialAction":[{"@type":"SearchAction","target":{"@type":"EntryPoint","urlTemplate":"https:\/\/velipost.com\/?s={search_term_string}"},"query-input":{"@type":"PropertyValueSpecification","valueRequired":true,"valueName":"search_term_string"}}],"inLanguage":"fr-FR"},{"@type":"Organization","@id":"https:\/\/velipost.com\/#organization","name":"VeliPost","url":"https:\/\/velipost.com\/","logo":{"@type":"ImageObject","inLanguage":"fr-FR","@id":"https:\/\/velipost.com\/#\/schema\/logo\/image\/","url":"https:\/\/velipost.com\/wp-content\/uploads\/2024\/08\/cropped-VP-logo-piti.png","contentUrl":"https:\/\/velipost.com\/wp-content\/uploads\/2024\/08\/cropped-VP-logo-piti.png","width":201,"height":69,"caption":"VeliPost"},"image":{"@id":"https:\/\/velipost.com\/#\/schema\/logo\/image\/"},"sameAs":["https:\/\/www.facebook.com\/veliposthaiti","https:\/\/x.com\/veliposthaiti","https:\/\/www.instagram.com\/veliposthaiti"]},{"@type":"Person","@id":"https:\/\/velipost.com\/#\/schema\/person\/32ff49a53c9c1bb24302ee8ece058096","name":"VeliPost","image":{"@type":"ImageObject","inLanguage":"fr-FR","@id":"https:\/\/velipost.com\/#\/schema\/person\/image\/","url":"https:\/\/secure.gravatar.com\/avatar\/57c226c264de62f794185a89596d4a37b85a5ad20aca30d9d5a478b27d8c8d9d?s=96&d=mm&r=g","contentUrl":"https:\/\/secure.gravatar.com\/avatar\/57c226c264de62f794185a89596d4a37b85a5ad20aca30d9d5a478b27d8c8d9d?s=96&d=mm&r=g","caption":"VeliPost"},"sameAs":["https:\/\/velipost.com"],"url":"https:\/\/velipost.com\/?author=1"}]}},"views":0,"jetpack_publicize_connections":[],"uagb_featured_image_src":{"full":["https:\/\/velipost.com\/wp-content\/uploads\/2024\/10\/dodo.jpg",1170,603,false],"thumbnail":["https:\/\/velipost.com\/wp-content\/uploads\/2024\/10\/dodo-150x150.jpg",150,150,true],"medium":["https:\/\/velipost.com\/wp-content\/uploads\/2024\/10\/dodo-300x155.jpg",300,155,true],"medium_large":["https:\/\/velipost.com\/wp-content\/uploads\/2024\/10\/dodo-768x396.jpg",715,369,true],"large":["https:\/\/velipost.com\/wp-content\/uploads\/2024\/10\/dodo-1024x528.jpg",715,369,true],"1536x1536":["https:\/\/velipost.com\/wp-content\/uploads\/2024\/10\/dodo.jpg",1170,603,false],"2048x2048":["https:\/\/velipost.com\/wp-content\/uploads\/2024\/10\/dodo.jpg",1170,603,false],"colornews-big-slider":["https:\/\/velipost.com\/wp-content\/uploads\/2024\/10\/dodo-1070x470.jpg",1070,470,true],"colornews-big-slider-thumb":["https:\/\/velipost.com\/wp-content\/uploads\/2024\/10\/dodo-184x109.jpg",184,109,true],"colornews-featured-post-medium":["https:\/\/velipost.com\/wp-content\/uploads\/2024\/10\/dodo-345x265.jpg",345,265,true],"colornews-featured-post-small":["https:\/\/velipost.com\/wp-content\/uploads\/2024\/10\/dodo-115x73.jpg",115,73,true],"colornews-random-posts":["https:\/\/velipost.com\/wp-content\/uploads\/2024\/10\/dodo-215x215.jpg",215,215,true],"colornews-featured-image":["https:\/\/velipost.com\/wp-content\/uploads\/2024\/10\/dodo-715x400.jpg",715,400,true],"mailpoet_newsletter_max":["https:\/\/velipost.com\/wp-content\/uploads\/2024\/10\/dodo.jpg",1170,603,false]},"uagb_author_info":{"display_name":"VeliPost","author_link":"https:\/\/velipost.com\/?author=1"},"uagb_comment_info":0,"uagb_excerpt":"Dans une d\u00e9claration forte publi\u00e9e sur les r\u00e9seaux sociaux, la Ministre des Affaires \u00c9trang\u00e8res ha\u00eftienne, Dominique Dupuy, a condamn\u00e9 les actions r\u00e9centes du gouvernement","_links":{"self":[{"href":"https:\/\/velipost.com\/index.php?rest_route=\/wp\/v2\/posts\/2459","targetHints":{"allow":["GET"]}}],"collection":[{"href":"https:\/\/velipost.com\/index.php?rest_route=\/wp\/v2\/posts"}],"about":[{"href":"https:\/\/velipost.com\/index.php?rest_route=\/wp\/v2\/types\/post"}],"author":[{"embeddable":true,"href":"https:\/\/velipost.com\/index.php?rest_route=\/wp\/v2\/users\/1"}],"replies":[{"embeddable":true,"href":"https:\/\/velipost.com\/index.php?rest_route=%2Fwp%2Fv2%2Fcomments&post=2459"}],"version-history":[{"count":1,"href":"https:\/\/velipost.com\/index.php?rest_route=\/wp\/v2\/posts\/2459\/revisions"}],"predecessor-version":[{"id":2461,"href":"https:\/\/velipost.com\/index.php?rest_route=\/wp\/v2\/posts\/2459\/revisions\/2461"}],"wp:featuredmedia":[{"embeddable":true,"href":"https:\/\/velipost.com\/index.php?rest_route=\/wp\/v2\/media\/2460"}],"wp:attachment":[{"href":"https:\/\/velipost.com\/index.php?rest_route=%2Fwp%2Fv2%2Fmedia&parent=2459"}],"wp:term":[{"taxonomy":"category","embeddable":true,"href":"https:\/\/velipost.com\/index.php?rest_route=%2Fwp%2Fv2%2Fcategories&post=2459"},{"taxonomy":"post_tag","embeddable":true,"href":"https:\/\/velipost.com\/index.php?rest_route=%2Fwp%2Fv2%2Ftags&post=2459"}],"curies":[{"name":"wp","href":"https:\/\/api.w.org\/{rel}","templated":true}]}}